{"id":7970,"date":"2022-09-23T17:27:55","date_gmt":"2022-09-23T15:27:55","guid":{"rendered":"https:\/\/www.link2fleet.com\/pleins-feux-sur-la-conduite-electrique-lors-de-lepic-electric-experience-dathlon-belgium\/"},"modified":"2024-04-17T16:46:02","modified_gmt":"2024-04-17T14:46:02","slug":"pleins-feux-sur-la-conduite-electrique-lors-de-lepic-electric-experience-dathlon-belgium","status":"publish","type":"post","link":"https:\/\/www.link2fleet.com\/fr\/pleins-feux-sur-la-conduite-electrique-lors-de-lepic-electric-experience-dathlon-belgium\/","title":{"rendered":"Pleins feux sur la conduite \u00e9lectrique lors de l\u2019Epic Electric Experience d\u2019Athlon Belgium"},"content":{"rendered":"<blockquote class=\"Quote_container__ms7KM Quote_alignLeft__1_w_9\">\n<div class=\"Quote_content__DZCla\">\u201c<em>Lors de cet \u00e9v\u00e9nement, nous avons pu voir \u00e0 quel point la gamme de EV d\u00e9j\u00e0 disponibles est importante, mais aussi ce qui reste \u00e0 venir. \u200b C\u2019est impressionnant. \u200b Notamment le Lightyear 0, qu\u2019en tant que fournisseur de mobilit\u00e9, nous avons \u00e9t\u00e9 les premiers \u00e0 montrer \u00e0 nos clients. Tout sp\u00e9cialement pour cette journ\u00e9e, nous avons \u00e9galement fait venir de l\u2019Autoworld \u00e0 Watt17, le Tesla Roadster, qui a fait d\u2019Athlon Belgium la premi\u00e8re soci\u00e9t\u00e9 de leasing \u00e0 investir dans la mobilit\u00e9 \u00e9lectrique en Belgique. Cette voiture a transform\u00e9 l\u2019industrie automobile et aura \u00e9t\u00e9 une \u00e9tape importante pour Athlon dans l\u2019ambition autour de la conduite \u00e9lectrique et une confirmation de notre r\u00f4le de pionnier.\u201d<br \/>\n\u200b<\/em>Michiel Alferink, Directeur G\u00e9n\u00e9ral d\u2019Athlon Belgium<\/div>\n<\/blockquote>\n<blockquote class=\"Quote_container__ms7KM Quote_alignLeft__1_w_9\">\n<div class=\"Quote_content__DZCla\">\u201c<em>Nous nous trouvons pour ainsi dire au centre d\u2019une temp\u00eate parfaite, dans laquelle plusieurs crises se produisent en m\u00eame temps. \u200b Peut-\u00eatre est-ce l\u00e0 le bon moment pour rendre la mobilit\u00e9 plus durable et changer les habitudes pour nos d\u00e9placements? Les voitures \u00e9lectriques peuvent-elles r\u00e9volutionner le monde? Je pense que oui. \u200b Mais ces voitures \u00e9lectriques ont d\u00e9sesp\u00e9r\u00e9ment besoin de nous, les humains. Des individus pr\u00eats \u00e0 changer leurs habitudes et \u00e0 faire preuve de leadership. \u200b Il est temps d\u2019acc\u00e9l\u00e9rer l\u2019\u00e9lectrification, mais nous ne pourrons le faire que si chacun prend ses responsabilit\u00e9s et que nous le faisons ensemble. \u200b C\u2019est pourquoi je veux inspirer les individus en mettant l\u2019accent sur les possibilit\u00e9s.\u201d \u200b<br \/>\n\u200b<\/em>Alexander Heijkamp, Sustainability and CSR director d\u2019Athlon International<\/div>\n<div><\/div>\n<\/blockquote>\n<p><iframe loading=\"lazy\" title=\"Aftermovie of Athlon&#039;s Epic Electric Experience FR\" width=\"500\" height=\"281\" src=\"https:\/\/www.youtube.com\/embed\/dTLGJe0lBAM?feature=oembed\" frameborder=\"0\" allow=\"accelerometer; autoplay; clipboard-write; encrypted-media; gyroscope; picture-in-picture; web-share\" referrerpolicy=\"strict-origin-when-cross-origin\" allowfullscreen><\/iframe><\/p>\n<p>&nbsp;<\/p>\n<p class=\"styles_paragraph__CxmiR\"><strong>\u201cTalking \u2013 Learning \u2013 Testing\u201d \u200b<br \/>\n\u200b<\/strong>L\u2019Epic Electric Experience aura \u00e9t\u00e9 une journ\u00e9e compl\u00e8te: apr\u00e8s une introduction par le Directeur G\u00e9n\u00e9ral, Michiel Alferink et la Directrice Commerciale, Marie Lejeune, l\u2019experte en climatologie, Jill Peeters, a lanc\u00e9 la journ\u00e9e avec une conf\u00e9rence sur le r\u00e9chauffement climatique et les \u00e9missions de CO2. Alexander Heijkamp, Sustainability and CSR Director, a ensuite pris le relais pour partager ses id\u00e9es sur le bon \u00e9tat d\u2019esprit en mati\u00e8re d\u2019EV. \u200b<\/p>\n<p class=\"styles_paragraph__CxmiR\">R\u00e9partis en 3 groupes, les quelque 250 participants ont ensuite \u00e9t\u00e9 compl\u00e8tement immerg\u00e9s dans le monde des EV. \u200b Pour une exp\u00e9rience grandeur nature, ils ont pu tester l\u2019une des 70 voitures \u00e9lectriques les plus r\u00e9centes, y compris bon nombre de premi\u00e8res. \u200b Lors d\u2019un talk-show, les derni\u00e8res nouveaut\u00e9s que le monde de l\u2019automobile a \u00e0 offrir aujourd\u2019hui sur le plan \u00e9lectrique ont \u00e9t\u00e9 discut\u00e9es. \u200b La plus grande primeur est la Lightyear 0, la premi\u00e8re voiture solaire au monde et, selon le constructeur, \u00e9galement le v\u00e9hicule \u00e9lectrique le plus \u00e9conomique et le plus a\u00e9rodynamique. \u200b Lors de workshops, les experts d\u2019Athlon et le sp\u00e9cialiste des pneus Qteam ont discut\u00e9 de sujets tels que les changements en fiscalit\u00e9 d\u2019ici 2031, les solutions de recharge, le budget mobilit\u00e9, la s\u00e9curit\u00e9 routi\u00e8re et les pneus adapt\u00e9s. \u200b Cerise sur le g\u00e2teau, le com\u00e9dien Bert Kruismans a cl\u00f4tur\u00e9 la journ\u00e9e avec sa propre vision ludique des faits.<\/p>\n<p>&nbsp;<\/p>\n\n","protected":false},"excerpt":{"rendered":"<p>\u201cLors de cet \u00e9v\u00e9nement, nous avons pu voir \u00e0 quel point la gamme de EV d\u00e9j\u00e0 disponibles est importante, mais aussi ce qui reste \u00e0 venir. \u200b C\u2019est impressionnant. \u200b Notamment le Lightyear 0, qu\u2019en tant que fournisseur de mobilit\u00e9, nous avons \u00e9t\u00e9 les premiers \u00e0 montrer \u00e0 nos clients. Tout sp\u00e9cialement pour cette journ\u00e9e, [&hellip;]<\/p>\n","protected":false},"author":4,"featured_media":7971,"comment_status":"closed","ping_status":"closed","sticky":false,"template":"","format":"standard","meta":{"_acf_changed":false,"footnotes":""},"categories":[91,79],"tags":[],"class_list":["post-7970","post","type-post","status-publish","format-standard","has-post-thumbnail","hentry","category-expertise-et-management","category-societes-de-leasing"],"acf":[],"yoast_head":"<!-- This site is optimized with the Yoast SEO plugin v27.3 - https:\/\/yoast.com\/product\/yoast-seo-wordpress\/ -->\n<title>Pleins feux sur la conduite \u00e9lectrique lors de l\u2019Epic Electric Experience d\u2019Athlon Belgium - link2fleet<\/title>\n<meta name=\"description\" content=\"Fleet Managers, concessionnaires et importateurs se sont r\u00e9unis un jeudi 22 septembre ensoleill\u00e9 au Watt16, ancienne centrale \u00e9lectrique de Heusden-Zolder pour une \u2018Epic Electric Experience\u2019\u2026\" \/>\n<meta name=\"robots\" content=\"index, follow, max-snippet:-1, max-image-preview:large, max-video-preview:-1\" \/>\n<meta property=\"og:locale\" content=\"fr_FR\" \/>\n<meta property=\"og:type\" content=\"article\" \/>\n<meta property=\"og:title\" content=\"Pleins feux sur la conduite \u00e9lectrique lors de l\u2019Epic Electric Experience d\u2019Athlon Belgium - link2fleet\" \/>\n<meta property=\"og:description\" content=\"Fleet Managers, concessionnaires et importateurs se sont r\u00e9unis un jeudi 22 septembre ensoleill\u00e9 au Watt16, ancienne centrale \u00e9lectrique de Heusden-Zolder pour une \u2018Epic Electric Experience\u2019\u2026\" \/>\n<meta property=\"og:url\" content=\"https:\/\/www.link2fleet.com\/fr\/pleins-feux-sur-la-conduite-electrique-lors-de-lepic-electric-experience-dathlon-belgium\/\" \/>\n<meta property=\"og:site_name\" content=\"link2fleet\" \/>\n<meta property=\"article:published_time\" content=\"2022-09-23T15:27:55+00:00\" \/>\n<meta property=\"article:modified_time\" content=\"2024-04-17T14:46:02+00:00\" \/>\n<meta property=\"og:image\" content=\"https:\/\/static.link2fleet.com\/wp-content\/uploads\/2024\/03\/athlonepicexperience5.jpeg\" \/>\n\t<meta property=\"og:image:width\" content=\"1848\" \/>\n\t<meta property=\"og:image:height\" content=\"1228\" \/>\n\t<meta property=\"og:image:type\" content=\"image\/jpeg\" \/>\n<meta name=\"author\" content=\"Damien Malvetti\" \/>\n<meta name=\"twitter:card\" content=\"summary_large_image\" \/>\n<meta name=\"twitter:description\" content=\"Fleet Managers, concessionnaires et importateurs se sont r\u00e9unis un jeudi 22 septembre ensoleill\u00e9 au Watt16, ancienne centrale \u00e9lectrique de Heusden-Zolder pour une \u2018Epic Electric Experience\u2019\u2026\" \/>\n<meta name=\"twitter:label1\" content=\"\u00c9crit par\" \/>\n\t<meta name=\"twitter:data1\" content=\"Damien Malvetti\" \/>\n\t<meta name=\"twitter:label2\" content=\"Dur\u00e9e de lecture estim\u00e9e\" \/>\n\t<meta name=\"twitter:data2\" content=\"3 minutes\" \/>\n<script type=\"application\/ld+json\" class=\"yoast-schema-graph\">{\"@context\":\"https:\\\/\\\/schema.org\",\"@graph\":[{\"@type\":\"Article\",\"@id\":\"https:\\\/\\\/www.link2fleet.com\\\/fr\\\/pleins-feux-sur-la-conduite-electrique-lors-de-lepic-electric-experience-dathlon-belgium\\\/#article\",\"isPartOf\":{\"@id\":\"https:\\\/\\\/www.link2fleet.com\\\/fr\\\/pleins-feux-sur-la-conduite-electrique-lors-de-lepic-electric-experience-dathlon-belgium\\\/\"},\"author\":{\"name\":\"Damien Malvetti\",\"@id\":\"https:\\\/\\\/www.link2fleet.com\\\/fr\\\/#\\\/schema\\\/person\\\/027cd46113c78036b3809c9a054049da\"},\"headline\":\"Pleins feux sur la conduite \u00e9lectrique lors de l\u2019Epic Electric Experience d\u2019Athlon Belgium\",\"datePublished\":\"2022-09-23T15:27:55+00:00\",\"dateModified\":\"2024-04-17T14:46:02+00:00\",\"mainEntityOfPage\":{\"@id\":\"https:\\\/\\\/www.link2fleet.com\\\/fr\\\/pleins-feux-sur-la-conduite-electrique-lors-de-lepic-electric-experience-dathlon-belgium\\\/\"},\"wordCount\":667,\"publisher\":{\"@id\":\"https:\\\/\\\/www.link2fleet.com\\\/fr\\\/#organization\"},\"image\":{\"@id\":\"https:\\\/\\\/www.link2fleet.com\\\/fr\\\/pleins-feux-sur-la-conduite-electrique-lors-de-lepic-electric-experience-dathlon-belgium\\\/#primaryimage\"},\"thumbnailUrl\":\"https:\\\/\\\/static.link2fleet.com\\\/wp-content\\\/uploads\\\/2024\\\/03\\\/athlonepicexperience5.jpeg\",\"articleSection\":[\"Gestion de flotte\",\"Location long-terme\"],\"inLanguage\":\"fr-FR\"},{\"@type\":\"WebPage\",\"@id\":\"https:\\\/\\\/www.link2fleet.com\\\/fr\\\/pleins-feux-sur-la-conduite-electrique-lors-de-lepic-electric-experience-dathlon-belgium\\\/\",\"url\":\"https:\\\/\\\/www.link2fleet.com\\\/fr\\\/pleins-feux-sur-la-conduite-electrique-lors-de-lepic-electric-experience-dathlon-belgium\\\/\",\"name\":\"Pleins feux sur la conduite \u00e9lectrique lors de l\u2019Epic Electric Experience d\u2019Athlon Belgium - link2fleet\",\"isPartOf\":{\"@id\":\"https:\\\/\\\/www.link2fleet.com\\\/fr\\\/#website\"},\"primaryImageOfPage\":{\"@id\":\"https:\\\/\\\/www.link2fleet.com\\\/fr\\\/pleins-feux-sur-la-conduite-electrique-lors-de-lepic-electric-experience-dathlon-belgium\\\/#primaryimage\"},\"image\":{\"@id\":\"https:\\\/\\\/www.link2fleet.com\\\/fr\\\/pleins-feux-sur-la-conduite-electrique-lors-de-lepic-electric-experience-dathlon-belgium\\\/#primaryimage\"},\"thumbnailUrl\":\"https:\\\/\\\/static.link2fleet.com\\\/wp-content\\\/uploads\\\/2024\\\/03\\\/athlonepicexperience5.jpeg\",\"datePublished\":\"2022-09-23T15:27:55+00:00\",\"dateModified\":\"2024-04-17T14:46:02+00:00\",\"breadcrumb\":{\"@id\":\"https:\\\/\\\/www.link2fleet.com\\\/fr\\\/pleins-feux-sur-la-conduite-electrique-lors-de-lepic-electric-experience-dathlon-belgium\\\/#breadcrumb\"},\"inLanguage\":\"fr-FR\",\"potentialAction\":[{\"@type\":\"ReadAction\",\"target\":[\"https:\\\/\\\/www.link2fleet.com\\\/fr\\\/pleins-feux-sur-la-conduite-electrique-lors-de-lepic-electric-experience-dathlon-belgium\\\/\"]}]},{\"@type\":\"ImageObject\",\"inLanguage\":\"fr-FR\",\"@id\":\"https:\\\/\\\/www.link2fleet.com\\\/fr\\\/pleins-feux-sur-la-conduite-electrique-lors-de-lepic-electric-experience-dathlon-belgium\\\/#primaryimage\",\"url\":\"https:\\\/\\\/static.link2fleet.com\\\/wp-content\\\/uploads\\\/2024\\\/03\\\/athlonepicexperience5.jpeg\",\"contentUrl\":\"https:\\\/\\\/static.link2fleet.com\\\/wp-content\\\/uploads\\\/2024\\\/03\\\/athlonepicexperience5.jpeg\",\"width\":1848,\"height\":1228,\"caption\":\"|||||\"},{\"@type\":\"BreadcrumbList\",\"@id\":\"https:\\\/\\\/www.link2fleet.com\\\/fr\\\/pleins-feux-sur-la-conduite-electrique-lors-de-lepic-electric-experience-dathlon-belgium\\\/#breadcrumb\",\"itemListElement\":[{\"@type\":\"ListItem\",\"position\":1,\"name\":\"Home\",\"item\":\"https:\\\/\\\/www.link2fleet.com\\\/fr\\\/\"},{\"@type\":\"ListItem\",\"position\":2,\"name\":\"Pleins feux sur la conduite \u00e9lectrique lors de l\u2019Epic Electric Experience d\u2019Athlon Belgium\"}]},{\"@type\":\"WebSite\",\"@id\":\"https:\\\/\\\/www.link2fleet.com\\\/fr\\\/#website\",\"url\":\"https:\\\/\\\/www.link2fleet.com\\\/fr\\\/\",\"name\":\"Link2fleet\",\"description\":\"\",\"publisher\":{\"@id\":\"https:\\\/\\\/www.link2fleet.com\\\/fr\\\/#organization\"},\"potentialAction\":[{\"@type\":\"SearchAction\",\"target\":{\"@type\":\"EntryPoint\",\"urlTemplate\":\"https:\\\/\\\/www.link2fleet.com\\\/fr\\\/?s={search_term_string}\"},\"query-input\":{\"@type\":\"PropertyValueSpecification\",\"valueRequired\":true,\"valueName\":\"search_term_string\"}}],\"inLanguage\":\"fr-FR\"},{\"@type\":\"Organization\",\"@id\":\"https:\\\/\\\/www.link2fleet.com\\\/fr\\\/#organization\",\"name\":\"Link2fleet\",\"url\":\"https:\\\/\\\/www.link2fleet.com\\\/fr\\\/\",\"logo\":{\"@type\":\"ImageObject\",\"inLanguage\":\"fr-FR\",\"@id\":\"https:\\\/\\\/www.link2fleet.com\\\/fr\\\/#\\\/schema\\\/logo\\\/image\\\/\",\"url\":\"https:\\\/\\\/static.link2fleet.com\\\/wp-content\\\/uploads\\\/2024\\\/03\\\/share-image.jpg\",\"contentUrl\":\"https:\\\/\\\/static.link2fleet.com\\\/wp-content\\\/uploads\\\/2024\\\/03\\\/share-image.jpg\",\"width\":1200,\"height\":630,\"caption\":\"Link2fleet\"},\"image\":{\"@id\":\"https:\\\/\\\/www.link2fleet.com\\\/fr\\\/#\\\/schema\\\/logo\\\/image\\\/\"},\"sameAs\":[\"https:\\\/\\\/www.linkedin.com\\\/company\\\/link2fleet-belgium\",\"https:\\\/\\\/www.youtube.com\\\/user\\\/MMMBMBE\"]},{\"@type\":\"Person\",\"@id\":\"https:\\\/\\\/www.link2fleet.com\\\/fr\\\/#\\\/schema\\\/person\\\/027cd46113c78036b3809c9a054049da\",\"name\":\"Damien Malvetti\",\"image\":{\"@type\":\"ImageObject\",\"inLanguage\":\"fr-FR\",\"@id\":\"https:\\\/\\\/secure.gravatar.com\\\/avatar\\\/dd8cc03b49466c735f753ac37f8caa371af16dfed347456ed61f02883255eebb?s=96&d=mm&r=g\",\"url\":\"https:\\\/\\\/secure.gravatar.com\\\/avatar\\\/dd8cc03b49466c735f753ac37f8caa371af16dfed347456ed61f02883255eebb?s=96&d=mm&r=g\",\"contentUrl\":\"https:\\\/\\\/secure.gravatar.com\\\/avatar\\\/dd8cc03b49466c735f753ac37f8caa371af16dfed347456ed61f02883255eebb?s=96&d=mm&r=g\",\"caption\":\"Damien Malvetti\"},\"description\":\"Damien Malvetti is opgeleid als journalist en gepassioneerd door wagens, technologie en mobiliteit. Hij is verantwoordelijk voor de redactionele inhoud van link2fleet en beschikt over een uitgebreide kennis van de fleet-sector en elektrische mobiliteit.\",\"sameAs\":[\"https:\\\/\\\/www.linkedin.com\\\/in\\\/damien-malvetti-56601142\\\/\"]}]}<\/script>\n<!-- \/ Yoast SEO plugin. -->","yoast_head_json":{"title":"Pleins feux sur la conduite \u00e9lectrique lors de l\u2019Epic Electric Experience d\u2019Athlon Belgium - link2fleet","description":"Fleet Managers, concessionnaires et importateurs se sont r\u00e9unis un jeudi 22 septembre ensoleill\u00e9 au Watt16, ancienne centrale \u00e9lectrique de Heusden-Zolder pour une \u2018Epic Electric Experience\u2019\u2026","robots":{"index":"index","follow":"follow","max-snippet":"max-snippet:-1","max-image-preview":"max-image-preview:large","max-video-preview":"max-video-preview:-1"},"og_locale":"fr_FR","og_type":"article","og_title":"Pleins feux sur la conduite \u00e9lectrique lors de l\u2019Epic Electric Experience d\u2019Athlon Belgium - link2fleet","og_description":"Fleet Managers, concessionnaires et importateurs se sont r\u00e9unis un jeudi 22 septembre ensoleill\u00e9 au Watt16, ancienne centrale \u00e9lectrique de Heusden-Zolder pour une \u2018Epic Electric Experience\u2019\u2026","og_url":"https:\/\/www.link2fleet.com\/fr\/pleins-feux-sur-la-conduite-electrique-lors-de-lepic-electric-experience-dathlon-belgium\/","og_site_name":"link2fleet","article_published_time":"2022-09-23T15:27:55+00:00","article_modified_time":"2024-04-17T14:46:02+00:00","og_image":[{"width":1848,"height":1228,"url":"https:\/\/static.link2fleet.com\/wp-content\/uploads\/2024\/03\/athlonepicexperience5.jpeg","type":"image\/jpeg"}],"author":"Damien Malvetti","twitter_card":"summary_large_image","twitter_description":"Fleet Managers, concessionnaires et importateurs se sont r\u00e9unis un jeudi 22 septembre ensoleill\u00e9 au Watt16, ancienne centrale \u00e9lectrique de Heusden-Zolder pour une \u2018Epic Electric Experience\u2019\u2026","twitter_misc":{"\u00c9crit par":"Damien Malvetti","Dur\u00e9e de lecture estim\u00e9e":"3 minutes"},"schema":{"@context":"https:\/\/schema.org","@graph":[{"@type":"Article","@id":"https:\/\/www.link2fleet.com\/fr\/pleins-feux-sur-la-conduite-electrique-lors-de-lepic-electric-experience-dathlon-belgium\/#article","isPartOf":{"@id":"https:\/\/www.link2fleet.com\/fr\/pleins-feux-sur-la-conduite-electrique-lors-de-lepic-electric-experience-dathlon-belgium\/"},"author":{"name":"Damien Malvetti","@id":"https:\/\/www.link2fleet.com\/fr\/#\/schema\/person\/027cd46113c78036b3809c9a054049da"},"headline":"Pleins feux sur la conduite \u00e9lectrique lors de l\u2019Epic Electric Experience d\u2019Athlon Belgium","datePublished":"2022-09-23T15:27:55+00:00","dateModified":"2024-04-17T14:46:02+00:00","mainEntityOfPage":{"@id":"https:\/\/www.link2fleet.com\/fr\/pleins-feux-sur-la-conduite-electrique-lors-de-lepic-electric-experience-dathlon-belgium\/"},"wordCount":667,"publisher":{"@id":"https:\/\/www.link2fleet.com\/fr\/#organization"},"image":{"@id":"https:\/\/www.link2fleet.com\/fr\/pleins-feux-sur-la-conduite-electrique-lors-de-lepic-electric-experience-dathlon-belgium\/#primaryimage"},"thumbnailUrl":"https:\/\/static.link2fleet.com\/wp-content\/uploads\/2024\/03\/athlonepicexperience5.jpeg","articleSection":["Gestion de flotte","Location long-terme"],"inLanguage":"fr-FR"},{"@type":"WebPage","@id":"https:\/\/www.link2fleet.com\/fr\/pleins-feux-sur-la-conduite-electrique-lors-de-lepic-electric-experience-dathlon-belgium\/","url":"https:\/\/www.link2fleet.com\/fr\/pleins-feux-sur-la-conduite-electrique-lors-de-lepic-electric-experience-dathlon-belgium\/","name":"Pleins feux sur la conduite \u00e9lectrique lors de l\u2019Epic Electric Experience d\u2019Athlon Belgium - link2fleet","isPartOf":{"@id":"https:\/\/www.link2fleet.com\/fr\/#website"},"primaryImageOfPage":{"@id":"https:\/\/www.link2fleet.com\/fr\/pleins-feux-sur-la-conduite-electrique-lors-de-lepic-electric-experience-dathlon-belgium\/#primaryimage"},"image":{"@id":"https:\/\/www.link2fleet.com\/fr\/pleins-feux-sur-la-conduite-electrique-lors-de-lepic-electric-experience-dathlon-belgium\/#primaryimage"},"thumbnailUrl":"https:\/\/static.link2fleet.com\/wp-content\/uploads\/2024\/03\/athlonepicexperience5.jpeg","datePublished":"2022-09-23T15:27:55+00:00","dateModified":"2024-04-17T14:46:02+00:00","breadcrumb":{"@id":"https:\/\/www.link2fleet.com\/fr\/pleins-feux-sur-la-conduite-electrique-lors-de-lepic-electric-experience-dathlon-belgium\/#breadcrumb"},"inLanguage":"fr-FR","potentialAction":[{"@type":"ReadAction","target":["https:\/\/www.link2fleet.com\/fr\/pleins-feux-sur-la-conduite-electrique-lors-de-lepic-electric-experience-dathlon-belgium\/"]}]},{"@type":"ImageObject","inLanguage":"fr-FR","@id":"https:\/\/www.link2fleet.com\/fr\/pleins-feux-sur-la-conduite-electrique-lors-de-lepic-electric-experience-dathlon-belgium\/#primaryimage","url":"https:\/\/static.link2fleet.com\/wp-content\/uploads\/2024\/03\/athlonepicexperience5.jpeg","contentUrl":"https:\/\/static.link2fleet.com\/wp-content\/uploads\/2024\/03\/athlonepicexperience5.jpeg","width":1848,"height":1228,"caption":"|||||"},{"@type":"BreadcrumbList","@id":"https:\/\/www.link2fleet.com\/fr\/pleins-feux-sur-la-conduite-electrique-lors-de-lepic-electric-experience-dathlon-belgium\/#breadcrumb","itemListElement":[{"@type":"ListItem","position":1,"name":"Home","item":"https:\/\/www.link2fleet.com\/fr\/"},{"@type":"ListItem","position":2,"name":"Pleins feux sur la conduite \u00e9lectrique lors de l\u2019Epic Electric Experience d\u2019Athlon Belgium"}]},{"@type":"WebSite","@id":"https:\/\/www.link2fleet.com\/fr\/#website","url":"https:\/\/www.link2fleet.com\/fr\/","name":"Link2fleet","description":"","publisher":{"@id":"https:\/\/www.link2fleet.com\/fr\/#organization"},"potentialAction":[{"@type":"SearchAction","target":{"@type":"EntryPoint","urlTemplate":"https:\/\/www.link2fleet.com\/fr\/?s={search_term_string}"},"query-input":{"@type":"PropertyValueSpecification","valueRequired":true,"valueName":"search_term_string"}}],"inLanguage":"fr-FR"},{"@type":"Organization","@id":"https:\/\/www.link2fleet.com\/fr\/#organization","name":"Link2fleet","url":"https:\/\/www.link2fleet.com\/fr\/","logo":{"@type":"ImageObject","inLanguage":"fr-FR","@id":"https:\/\/www.link2fleet.com\/fr\/#\/schema\/logo\/image\/","url":"https:\/\/static.link2fleet.com\/wp-content\/uploads\/2024\/03\/share-image.jpg","contentUrl":"https:\/\/static.link2fleet.com\/wp-content\/uploads\/2024\/03\/share-image.jpg","width":1200,"height":630,"caption":"Link2fleet"},"image":{"@id":"https:\/\/www.link2fleet.com\/fr\/#\/schema\/logo\/image\/"},"sameAs":["https:\/\/www.linkedin.com\/company\/link2fleet-belgium","https:\/\/www.youtube.com\/user\/MMMBMBE"]},{"@type":"Person","@id":"https:\/\/www.link2fleet.com\/fr\/#\/schema\/person\/027cd46113c78036b3809c9a054049da","name":"Damien Malvetti","image":{"@type":"ImageObject","inLanguage":"fr-FR","@id":"https:\/\/secure.gravatar.com\/avatar\/dd8cc03b49466c735f753ac37f8caa371af16dfed347456ed61f02883255eebb?s=96&d=mm&r=g","url":"https:\/\/secure.gravatar.com\/avatar\/dd8cc03b49466c735f753ac37f8caa371af16dfed347456ed61f02883255eebb?s=96&d=mm&r=g","contentUrl":"https:\/\/secure.gravatar.com\/avatar\/dd8cc03b49466c735f753ac37f8caa371af16dfed347456ed61f02883255eebb?s=96&d=mm&r=g","caption":"Damien Malvetti"},"description":"Damien Malvetti is opgeleid als journalist en gepassioneerd door wagens, technologie en mobiliteit. Hij is verantwoordelijk voor de redactionele inhoud van link2fleet en beschikt over een uitgebreide kennis van de fleet-sector en elektrische mobiliteit.","sameAs":["https:\/\/www.linkedin.com\/in\/damien-malvetti-56601142\/"]}]}},"_links":{"self":[{"href":"https:\/\/www.link2fleet.com\/fr\/wp-json\/wp\/v2\/posts\/7970","targetHints":{"allow":["GET"]}}],"collection":[{"href":"https:\/\/www.link2fleet.com\/fr\/wp-json\/wp\/v2\/posts"}],"about":[{"href":"https:\/\/www.link2fleet.com\/fr\/wp-json\/wp\/v2\/types\/post"}],"author":[{"embeddable":true,"href":"https:\/\/www.link2fleet.com\/fr\/wp-json\/wp\/v2\/users\/4"}],"replies":[{"embeddable":true,"href":"https:\/\/www.link2fleet.com\/fr\/wp-json\/wp\/v2\/comments?post=7970"}],"version-history":[{"count":0,"href":"https:\/\/www.link2fleet.com\/fr\/wp-json\/wp\/v2\/posts\/7970\/revisions"}],"wp:featuredmedia":[{"embeddable":true,"href":"https:\/\/www.link2fleet.com\/fr\/wp-json\/wp\/v2\/media\/7971"}],"wp:attachment":[{"href":"https:\/\/www.link2fleet.com\/fr\/wp-json\/wp\/v2\/media?parent=7970"}],"wp:term":[{"taxonomy":"category","embeddable":true,"href":"https:\/\/www.link2fleet.com\/fr\/wp-json\/wp\/v2\/categories?post=7970"},{"taxonomy":"post_tag","embeddable":true,"href":"https:\/\/www.link2fleet.com\/fr\/wp-json\/wp\/v2\/tags?post=7970"}],"curies":[{"name":"wp","href":"https:\/\/api.w.org\/{rel}","templated":true}]}}