{"id":8021,"date":"2022-10-26T11:39:43","date_gmt":"2022-10-26T09:39:43","guid":{"rendered":"https:\/\/www.link2fleet.com\/la-cotisation-de-co2-pour-les-vehicules-de-societe-augmente-de-1125-en-2023\/"},"modified":"2022-10-26T11:39:43","modified_gmt":"2022-10-26T09:39:43","slug":"la-cotisation-de-co2-pour-les-vehicules-de-societe-augmente-de-1125-en-2023","status":"publish","type":"post","link":"https:\/\/www.link2fleet.com\/fr\/la-cotisation-de-co2-pour-les-vehicules-de-societe-augmente-de-1125-en-2023\/","title":{"rendered":"La cotisation de CO2 pour les v\u00e9hicules de soci\u00e9t\u00e9 augmente de 11,25% en 2023"},"content":{"rendered":"<p style=\"font-weight: 400;\"><strong>Augmentation suppl\u00e9mentaire substantielle pour les commandes \u00e0 partir du 1er juillet 2023<\/strong><\/p>\n<p style=\"font-weight: 400;\">Pour les v\u00e9hicules command\u00e9s \u00e0 partir du 1er juillet 2023, \u00e0 l&rsquo;exception des mod\u00e8les z\u00e9ro \u00e9mission (= 100% \u00e9lectrique ou hydrog\u00e8ne), mais y compris les v\u00e9hicules plug-in, en plus de l&rsquo;indexation de 1,5046, la contribution CO2 sera multipli\u00e9e par un facteur de 2,25. En pratique, cela signifie une augmentation de 250% par rapport au taux de 2022. Ce facteur augmentera encore au cours des prochaines ann\u00e9es pour atteindre 5,5 en 2027 pour les v\u00e9hicules command\u00e9s \u00e0 partir du 1er juillet 2023 qui ne sont pas \u00e0 \u00e9mission z\u00e9ro.<\/p>\n<p>&nbsp;<\/p>\n<p style=\"font-weight: 400;\"><strong>Principes actuels<\/strong><\/p>\n<p style=\"font-weight: 400;\">Pour l&rsquo;utilisation d&rsquo;un v\u00e9hicule d&rsquo;entreprise \u00e0 des fins personnelles, depuis le 1er janvier 2005, une cotisation mensuelle \u00e0 l&rsquo;ONSS est calcul\u00e9e pour chaque v\u00e9hicule que l&#8217;employeur met \u00e0 la disposition de son employ\u00e9. Cette contribution forfaitaire de solidarit\u00e9 est due, que le salari\u00e9 intervienne lui-m\u00eame financi\u00e8rement et quel que soit le montant de cette intervention. Cette contribution mensuelle (avec un minimum de 31,34 euros par mois pour l&rsquo;ann\u00e9e 2023) d\u00e9pend des \u00e9missions de CO2 et du type de carburant et est fix\u00e9e de mani\u00e8re forfaitaire. La contribution CO2 est toujours d\u00e9ductible \u00e0 100 % et n&rsquo;est pas payable par les g\u00e9rants ou les directeurs d&rsquo;entreprises ayant un statut ind\u00e9pendant.<\/p>\n<p>&nbsp;<\/p>\n<p style=\"font-weight: 400;\"><strong>Formules<\/strong><\/p>\n<table style=\"font-weight: 400;\" width=\"635\">\n<tbody>\n<tr>\n<td colspan=\"3\" width=\"635\"><strong>Contribution CO2 &#8211; taux valables pour l&rsquo;ann\u00e9e 2023 pour les v\u00e9hicules command\u00e9s d&rsquo;ici au 30 juin 2023 et pour les v\u00e9hicules existants de la flotte<\/strong><\/td>\n<\/tr>\n<tr>\n<td width=\"131\"><strong>\u00a0<\/strong><\/p>\n<p><strong>Propulsion<\/strong><\/p>\n<p><strong>\u00a0<\/strong><\/td>\n<td width=\"84\"><strong>\u00a0<\/strong><\/td>\n<td width=\"420\"><strong>Formule\u00a0cotisation de solidarit\u00e9<\/strong><\/td>\n<\/tr>\n<tr>\n<td rowspan=\"2\" width=\"131\">&nbsp;<\/p>\n<p>Essence<\/p>\n<p>&nbsp;<\/td>\n<td width=\"84\">&nbsp;<\/p>\n<p>CO<sub>2<\/sub><\/p>\n<p>connu<\/td>\n<td width=\"420\">&nbsp;<\/p>\n<p>[(( Taux CO<sub>2\u00a0<\/sub>x 9 euros)-768)\/12] x 1,5046<\/td>\n<\/tr>\n<tr>\n<td width=\"84\">&nbsp;<\/p>\n<p>CO<sub>2<\/sub><\/p>\n<p>inconnu<\/td>\n<td width=\"420\">&nbsp;<\/p>\n<p>[((182 x 9 euros)- 768)\/12] x 1,5046\u00a0= 109,08 euros<\/p>\n<p>&nbsp;<\/td>\n<\/tr>\n<tr>\n<td rowspan=\"2\" width=\"131\">&nbsp;<\/p>\n<p>Diesel<\/td>\n<td width=\"84\">&nbsp;<\/p>\n<p>CO<sub>2<\/sub><\/p>\n<p>connu<\/td>\n<td width=\"420\">&nbsp;<\/p>\n<p>[(( Taux CO<sub>2<\/sub>\u00a0x 9 euros)-600)\/12] x 1,5046<\/td>\n<\/tr>\n<tr>\n<td width=\"84\">&nbsp;<\/p>\n<p>CO<sub>2<\/sub><\/p>\n<p>inconnu<\/td>\n<td width=\"420\">&nbsp;<\/p>\n<p>[((165 x 9 euros)- 600)\/12] x 1,5046\u00a0=\u00a0110,96 euros<\/p>\n<p>&nbsp;<\/td>\n<\/tr>\n<tr>\n<td width=\"131\">&nbsp;<\/p>\n<p>LPG ou CNG (2)<\/td>\n<td width=\"84\"><\/td>\n<td width=\"420\">&nbsp;<\/p>\n<p>[(( Taux CO<sub>2\u00a0<\/sub>x 9 euros)-990)\/12] x 1,5046<\/p>\n<p>&nbsp;<\/td>\n<\/tr>\n<tr>\n<td width=\"131\">&nbsp;<\/p>\n<p>100 % \u00e9lectrique (3)<\/td>\n<td width=\"84\"><\/td>\n<td width=\"420\">&nbsp;<\/p>\n<p>Toujours le montant minimum de 31,34 euros par mois<\/p>\n<p>&nbsp;<\/td>\n<\/tr>\n<tr>\n<td width=\"131\">Cotisation minimum<\/td>\n<td width=\"84\"><\/td>\n<td width=\"420\">31,34 euros par mois pour tous les v\u00e9hicules<\/td>\n<\/tr>\n<\/tbody>\n<\/table>\n<p style=\"font-weight: 400;\"><strong><em>\u00a0<\/em><\/strong><\/p>\n<blockquote>\n<p style=\"font-weight: 400;\"><strong>Exemples<\/strong><\/p>\n<p style=\"font-weight: 400;\"><strong><em>Exemple 1<\/em><\/strong>: un v\u00e9hicule diesel avec un taux de CO<sub>2<\/sub>\u00a0de 115 g\/km<\/p>\n<p style=\"font-weight: 400;\">Cotisation CO<sub>2<\/sub>\u00a0en 2022: ((115,00 x 9) &#8211; 600) \/ 12 = 36,25 euros x 1,3525 = 49,03 euros par mois<\/p>\n<p style=\"font-weight: 400;\"><em>V\u00e9hicule command\u00e9 au plus tard le 30 juin 2023 + parc actuel<\/em><\/p>\n<p style=\"font-weight: 400;\">Cotisation CO<sub>2 <\/sub>en 2023: ((115,00 x 9) &#8211; 600) \/ 12 = 36,25 euros x 1,5046 = 54,54 euros par mois<\/p>\n<p style=\"font-weight: 400;\"><em>V\u00e9hicule command\u00e9 \u00e0 partir du 1er juillet 2023<\/em><\/p>\n<p style=\"font-weight: 400;\">Cotisation CO<sub>2 <\/sub>\u00a0\u00e0 partir du 1er juillet 2023: ((115,00 x 9) &#8211; 600) \/ 12 = 36,25 euros x 1,5046 x 2,25 = 122,72 euros par mois<\/p>\n<p style=\"font-weight: 400;\"><strong><em>Exemple 2<\/em><\/strong>: un v\u00e9hicule essence avec un taux de CO<sub>2\u00a0<\/sub>de 115 g\/km<\/p>\n<p style=\"font-weight: 400;\">Cotisation CO<sub>2\u00a0<\/sub>en 2022: ((115,00 x 9) &#8211; 768) \/ 12 = 22,25 euros x 1,3525 = 30,09 euros par mois<\/p>\n<p style=\"font-weight: 400;\"><em>V\u00e9hicule command\u00e9 au plus tard le 30 juin 2023 + parc actuel<\/em><\/p>\n<p style=\"font-weight: 400;\">Cotisation CO<sub>2\u00a0<\/sub>en 2023: ((115,00 x 9) &#8211; 768) \/ 12 = 22,25 euros x 1,5046 = 33,48 euros par mois<\/p>\n<p><i style=\"font-weight: 400;\">V\u00e9hicule\u00a0<\/i><i>command\u00e9 \u00e0 partir du 1er juillet<\/i><i style=\"font-weight: 400;\">\u00a02023<\/i><\/p>\n<p style=\"font-weight: 400;\">Cotisation CO<sub>2 <\/sub>\u00a0\u00e0 partir du 1er juillet 2023: ((115,00 x 9) &#8211; 768) \/ 12 = 22,25 euros x 1,5046 x 2,25 = 75,33 euros par mois<\/p>\n<\/blockquote>\n<p>&nbsp;<\/p>\n<p style=\"font-weight: 400;\"><strong>WLTP ou NEDC 2.0<\/strong><\/p>\n<p>Le certificat de conformit\u00e9 des v\u00e9hicules en circulation \u00e0 partir du 1er septembre 2018 contient 2 valeurs en ce qui concerne les \u00e9missions de CO2: d&rsquo;une part la valeur selon la m\u00e9thode de mesure NEDC 2.0 (code 49.1) et d&rsquo;autre part selon la m\u00e9thode WLTP (code 49.4). \u00a0A dater du 1er janvier 2021, on peut choisir entre WLTP et NEDC 2.0 si les deux valeurs sont indiqu\u00e9es sur le certificat de conformit\u00e9.<\/p>\n<p>Pour les v\u00e9hicules plus anciens, on peut continuer \u00e0 utiliser la valeur NEDC 1.0. Pour les nouveaux v\u00e9hicules, les constructeurs ne mentionnent g\u00e9n\u00e9ralement plus que la valeur WLTP sur le certificat de conformit\u00e9.<\/p>\n<p>Dans ce cas, on est contraint d&rsquo;utiliser la valeur WLTP. Pour les v\u00e9hicules plug-in hybrides, les constructeurs sont oblig\u00e9s de mentionner les deux valeurs, en tout cas jusqu&rsquo;\u00e0 fin 2022.<\/p>\n<p style=\"font-weight: 400;\"><strong>\u00a0<\/strong><\/p>\n<p style=\"font-weight: 400;\"><strong>Hybride et plug-in hybride <\/strong><\/p>\n<p>Pour les v\u00e9hicules full hybrides et plug-in hybrides, on doit UNIQUEMENT tenir compte du taux de CO2 de la propulsion principale (g\u00e9n\u00e9ralement essence, parfois diesel).<\/p>\n<p style=\"font-weight: 400;\"><strong>Faux plug-in hybride <\/strong><\/p>\n<p>Pour ce qu&rsquo;on appelle les faux v\u00e9hicules plug-in hybrides,\u00a0contrairement aux r\u00e8gles valables pour l&rsquo;imp\u00f4t sur les soci\u00e9t\u00e9s, on peut continuer \u00e0 prendre en compte les \u00e9missions de CO2 NEDC 2.0 ou WLTP ou NEDC 1.0 pour les v\u00e9hicules plus anciens, comme indiqu\u00e9 sur le certificat d&rsquo;homologation. Il ne faut donc pas augmenter les \u00e9missions de CO2 de 2,5 ni les comparer avec la liste des v\u00e9hicules thermiques correspondants.<\/p>\n<p style=\"font-weight: 400; text-align: right;\"><strong>Michel Willems<\/strong><\/p>\n<p style=\"font-weight: 400; text-align: right;\"><strong>MOBILITAS<\/strong><\/p>\n","protected":false},"excerpt":{"rendered":"<p>Augmentation suppl\u00e9mentaire substantielle pour les commandes \u00e0 partir du 1er juillet 2023 Pour les v\u00e9hicules command\u00e9s \u00e0 partir du 1er juillet 2023, \u00e0 l&rsquo;exception des mod\u00e8les z\u00e9ro \u00e9mission (= 100% \u00e9lectrique ou hydrog\u00e8ne), mais y compris les v\u00e9hicules plug-in, en plus de l&rsquo;indexation de 1,5046, la contribution CO2 sera multipli\u00e9e par un facteur de 2,25. [&hellip;]<\/p>\n","protected":false},"author":11,"featured_media":8022,"comment_status":"closed","ping_status":"closed","sticky":false,"template":"","format":"standard","meta":{"_acf_changed":false,"footnotes":""},"categories":[91,101],"tags":[],"class_list":["post-8021","post","type-post","status-publish","format-standard","has-post-thumbnail","hentry","category-expertise-et-management","category-tax-legal"],"acf":[],"yoast_head":"<!-- This site is optimized with the Yoast SEO plugin v27.3 - https:\/\/yoast.com\/product\/yoast-seo-wordpress\/ -->\n<title>La cotisation de CO2 pour les v\u00e9hicules de soci\u00e9t\u00e9 augmente de 11,25% en 2023 - link2fleet<\/title>\n<meta name=\"description\" content=\"Les nouvelles formules index\u00e9es de la contribution de solidarit\u00e9, \u00e9galement appel\u00e9e contribution CO2, ont \u00e9t\u00e9 fix\u00e9es pour l&rsquo;ann\u00e9e 2023. Le coefficient valable \u00e0 partir du\u2026\" \/>\n<meta name=\"robots\" content=\"index, follow, max-snippet:-1, max-image-preview:large, max-video-preview:-1\" \/>\n<meta property=\"og:locale\" content=\"fr_FR\" \/>\n<meta property=\"og:type\" content=\"article\" \/>\n<meta property=\"og:title\" content=\"La cotisation de CO2 pour les v\u00e9hicules de soci\u00e9t\u00e9 augmente de 11,25% en 2023 - link2fleet\" \/>\n<meta property=\"og:description\" content=\"Les nouvelles formules index\u00e9es de la contribution de solidarit\u00e9, \u00e9galement appel\u00e9e contribution CO2, ont \u00e9t\u00e9 fix\u00e9es pour l&rsquo;ann\u00e9e 2023. Le coefficient valable \u00e0 partir du\u2026\" \/>\n<meta property=\"og:url\" content=\"https:\/\/www.link2fleet.com\/fr\/la-cotisation-de-co2-pour-les-vehicules-de-societe-augmente-de-1125-en-2023\/\" \/>\n<meta property=\"og:site_name\" content=\"link2fleet\" \/>\n<meta property=\"article:published_time\" content=\"2022-10-26T09:39:43+00:00\" \/>\n<meta property=\"og:image\" content=\"https:\/\/static.link2fleet.com\/wp-content\/uploads\/2024\/03\/co2.jpg\" \/>\n\t<meta property=\"og:image:width\" content=\"993\" \/>\n\t<meta property=\"og:image:height\" content=\"390\" \/>\n\t<meta property=\"og:image:type\" content=\"image\/jpeg\" \/>\n<meta name=\"author\" content=\"Michel Willems - Mobilitas\" \/>\n<meta name=\"twitter:card\" content=\"summary_large_image\" \/>\n<meta name=\"twitter:description\" content=\"Les nouvelles formules index\u00e9es de la contribution de solidarit\u00e9, \u00e9galement appel\u00e9e contribution CO2, ont \u00e9t\u00e9 fix\u00e9es pour l&rsquo;ann\u00e9e 2023. Le coefficient valable \u00e0 partir du\u2026\" \/>\n<meta name=\"twitter:label1\" content=\"\u00c9crit par\" \/>\n\t<meta name=\"twitter:data1\" content=\"Michel Willems - Mobilitas\" \/>\n\t<meta name=\"twitter:label2\" content=\"Dur\u00e9e de lecture estim\u00e9e\" \/>\n\t<meta name=\"twitter:data2\" content=\"4 minutes\" \/>\n<script type=\"application\/ld+json\" class=\"yoast-schema-graph\">{\"@context\":\"https:\\\/\\\/schema.org\",\"@graph\":[{\"@type\":\"Article\",\"@id\":\"https:\\\/\\\/www.link2fleet.com\\\/fr\\\/la-cotisation-de-co2-pour-les-vehicules-de-societe-augmente-de-1125-en-2023\\\/#article\",\"isPartOf\":{\"@id\":\"https:\\\/\\\/www.link2fleet.com\\\/fr\\\/la-cotisation-de-co2-pour-les-vehicules-de-societe-augmente-de-1125-en-2023\\\/\"},\"author\":{\"name\":\"Michel Willems - Mobilitas\",\"@id\":\"https:\\\/\\\/www.link2fleet.com\\\/fr\\\/#\\\/schema\\\/person\\\/bd29f6a2c2427e85a70d3acf17303486\"},\"headline\":\"La cotisation de CO2 pour les v\u00e9hicules de soci\u00e9t\u00e9 augmente de 11,25% en 2023\",\"datePublished\":\"2022-10-26T09:39:43+00:00\",\"mainEntityOfPage\":{\"@id\":\"https:\\\/\\\/www.link2fleet.com\\\/fr\\\/la-cotisation-de-co2-pour-les-vehicules-de-societe-augmente-de-1125-en-2023\\\/\"},\"wordCount\":732,\"publisher\":{\"@id\":\"https:\\\/\\\/www.link2fleet.com\\\/fr\\\/#organization\"},\"image\":{\"@id\":\"https:\\\/\\\/www.link2fleet.com\\\/fr\\\/la-cotisation-de-co2-pour-les-vehicules-de-societe-augmente-de-1125-en-2023\\\/#primaryimage\"},\"thumbnailUrl\":\"https:\\\/\\\/static.link2fleet.com\\\/wp-content\\\/uploads\\\/2024\\\/03\\\/co2.jpg\",\"articleSection\":[\"Gestion de flotte\",\"Tax &amp; legal\"],\"inLanguage\":\"fr-FR\"},{\"@type\":\"WebPage\",\"@id\":\"https:\\\/\\\/www.link2fleet.com\\\/fr\\\/la-cotisation-de-co2-pour-les-vehicules-de-societe-augmente-de-1125-en-2023\\\/\",\"url\":\"https:\\\/\\\/www.link2fleet.com\\\/fr\\\/la-cotisation-de-co2-pour-les-vehicules-de-societe-augmente-de-1125-en-2023\\\/\",\"name\":\"La cotisation de CO2 pour les v\u00e9hicules de soci\u00e9t\u00e9 augmente de 11,25% en 2023 - link2fleet\",\"isPartOf\":{\"@id\":\"https:\\\/\\\/www.link2fleet.com\\\/fr\\\/#website\"},\"primaryImageOfPage\":{\"@id\":\"https:\\\/\\\/www.link2fleet.com\\\/fr\\\/la-cotisation-de-co2-pour-les-vehicules-de-societe-augmente-de-1125-en-2023\\\/#primaryimage\"},\"image\":{\"@id\":\"https:\\\/\\\/www.link2fleet.com\\\/fr\\\/la-cotisation-de-co2-pour-les-vehicules-de-societe-augmente-de-1125-en-2023\\\/#primaryimage\"},\"thumbnailUrl\":\"https:\\\/\\\/static.link2fleet.com\\\/wp-content\\\/uploads\\\/2024\\\/03\\\/co2.jpg\",\"datePublished\":\"2022-10-26T09:39:43+00:00\",\"breadcrumb\":{\"@id\":\"https:\\\/\\\/www.link2fleet.com\\\/fr\\\/la-cotisation-de-co2-pour-les-vehicules-de-societe-augmente-de-1125-en-2023\\\/#breadcrumb\"},\"inLanguage\":\"fr-FR\",\"potentialAction\":[{\"@type\":\"ReadAction\",\"target\":[\"https:\\\/\\\/www.link2fleet.com\\\/fr\\\/la-cotisation-de-co2-pour-les-vehicules-de-societe-augmente-de-1125-en-2023\\\/\"]}]},{\"@type\":\"ImageObject\",\"inLanguage\":\"fr-FR\",\"@id\":\"https:\\\/\\\/www.link2fleet.com\\\/fr\\\/la-cotisation-de-co2-pour-les-vehicules-de-societe-augmente-de-1125-en-2023\\\/#primaryimage\",\"url\":\"https:\\\/\\\/static.link2fleet.com\\\/wp-content\\\/uploads\\\/2024\\\/03\\\/co2.jpg\",\"contentUrl\":\"https:\\\/\\\/static.link2fleet.com\\\/wp-content\\\/uploads\\\/2024\\\/03\\\/co2.jpg\",\"width\":993,\"height\":390},{\"@type\":\"BreadcrumbList\",\"@id\":\"https:\\\/\\\/www.link2fleet.com\\\/fr\\\/la-cotisation-de-co2-pour-les-vehicules-de-societe-augmente-de-1125-en-2023\\\/#breadcrumb\",\"itemListElement\":[{\"@type\":\"ListItem\",\"position\":1,\"name\":\"Home\",\"item\":\"https:\\\/\\\/www.link2fleet.com\\\/fr\\\/\"},{\"@type\":\"ListItem\",\"position\":2,\"name\":\"La cotisation de CO2 pour les v\u00e9hicules de soci\u00e9t\u00e9 augmente de 11,25% en 2023\"}]},{\"@type\":\"WebSite\",\"@id\":\"https:\\\/\\\/www.link2fleet.com\\\/fr\\\/#website\",\"url\":\"https:\\\/\\\/www.link2fleet.com\\\/fr\\\/\",\"name\":\"Link2fleet\",\"description\":\"\",\"publisher\":{\"@id\":\"https:\\\/\\\/www.link2fleet.com\\\/fr\\\/#organization\"},\"potentialAction\":[{\"@type\":\"SearchAction\",\"target\":{\"@type\":\"EntryPoint\",\"urlTemplate\":\"https:\\\/\\\/www.link2fleet.com\\\/fr\\\/?s={search_term_string}\"},\"query-input\":{\"@type\":\"PropertyValueSpecification\",\"valueRequired\":true,\"valueName\":\"search_term_string\"}}],\"inLanguage\":\"fr-FR\"},{\"@type\":\"Organization\",\"@id\":\"https:\\\/\\\/www.link2fleet.com\\\/fr\\\/#organization\",\"name\":\"Link2fleet\",\"url\":\"https:\\\/\\\/www.link2fleet.com\\\/fr\\\/\",\"logo\":{\"@type\":\"ImageObject\",\"inLanguage\":\"fr-FR\",\"@id\":\"https:\\\/\\\/www.link2fleet.com\\\/fr\\\/#\\\/schema\\\/logo\\\/image\\\/\",\"url\":\"https:\\\/\\\/static.link2fleet.com\\\/wp-content\\\/uploads\\\/2024\\\/03\\\/share-image.jpg\",\"contentUrl\":\"https:\\\/\\\/static.link2fleet.com\\\/wp-content\\\/uploads\\\/2024\\\/03\\\/share-image.jpg\",\"width\":1200,\"height\":630,\"caption\":\"Link2fleet\"},\"image\":{\"@id\":\"https:\\\/\\\/www.link2fleet.com\\\/fr\\\/#\\\/schema\\\/logo\\\/image\\\/\"},\"sameAs\":[\"https:\\\/\\\/www.linkedin.com\\\/company\\\/link2fleet-belgium\",\"https:\\\/\\\/www.youtube.com\\\/user\\\/MMMBMBE\"]},{\"@type\":\"Person\",\"@id\":\"https:\\\/\\\/www.link2fleet.com\\\/fr\\\/#\\\/schema\\\/person\\\/bd29f6a2c2427e85a70d3acf17303486\",\"name\":\"Michel Willems - Mobilitas\",\"image\":{\"@type\":\"ImageObject\",\"inLanguage\":\"fr-FR\",\"@id\":\"https:\\\/\\\/secure.gravatar.com\\\/avatar\\\/c937de514893d5b69b3b52ee88664fd4879b786925b6742dc7891d347f167414?s=96&d=mm&r=g\",\"url\":\"https:\\\/\\\/secure.gravatar.com\\\/avatar\\\/c937de514893d5b69b3b52ee88664fd4879b786925b6742dc7891d347f167414?s=96&d=mm&r=g\",\"contentUrl\":\"https:\\\/\\\/secure.gravatar.com\\\/avatar\\\/c937de514893d5b69b3b52ee88664fd4879b786925b6742dc7891d347f167414?s=96&d=mm&r=g\",\"caption\":\"Michel Willems - Mobilitas\"}}]}<\/script>\n<!-- \/ Yoast SEO plugin. -->","yoast_head_json":{"title":"La cotisation de CO2 pour les v\u00e9hicules de soci\u00e9t\u00e9 augmente de 11,25% en 2023 - link2fleet","description":"Les nouvelles formules index\u00e9es de la contribution de solidarit\u00e9, \u00e9galement appel\u00e9e contribution CO2, ont \u00e9t\u00e9 fix\u00e9es pour l&rsquo;ann\u00e9e 2023. Le coefficient valable \u00e0 partir du\u2026","robots":{"index":"index","follow":"follow","max-snippet":"max-snippet:-1","max-image-preview":"max-image-preview:large","max-video-preview":"max-video-preview:-1"},"og_locale":"fr_FR","og_type":"article","og_title":"La cotisation de CO2 pour les v\u00e9hicules de soci\u00e9t\u00e9 augmente de 11,25% en 2023 - link2fleet","og_description":"Les nouvelles formules index\u00e9es de la contribution de solidarit\u00e9, \u00e9galement appel\u00e9e contribution CO2, ont \u00e9t\u00e9 fix\u00e9es pour l&rsquo;ann\u00e9e 2023. Le coefficient valable \u00e0 partir du\u2026","og_url":"https:\/\/www.link2fleet.com\/fr\/la-cotisation-de-co2-pour-les-vehicules-de-societe-augmente-de-1125-en-2023\/","og_site_name":"link2fleet","article_published_time":"2022-10-26T09:39:43+00:00","og_image":[{"width":993,"height":390,"url":"https:\/\/static.link2fleet.com\/wp-content\/uploads\/2024\/03\/co2.jpg","type":"image\/jpeg"}],"author":"Michel Willems - Mobilitas","twitter_card":"summary_large_image","twitter_description":"Les nouvelles formules index\u00e9es de la contribution de solidarit\u00e9, \u00e9galement appel\u00e9e contribution CO2, ont \u00e9t\u00e9 fix\u00e9es pour l&rsquo;ann\u00e9e 2023. Le coefficient valable \u00e0 partir du\u2026","twitter_misc":{"\u00c9crit par":"Michel Willems - Mobilitas","Dur\u00e9e de lecture estim\u00e9e":"4 minutes"},"schema":{"@context":"https:\/\/schema.org","@graph":[{"@type":"Article","@id":"https:\/\/www.link2fleet.com\/fr\/la-cotisation-de-co2-pour-les-vehicules-de-societe-augmente-de-1125-en-2023\/#article","isPartOf":{"@id":"https:\/\/www.link2fleet.com\/fr\/la-cotisation-de-co2-pour-les-vehicules-de-societe-augmente-de-1125-en-2023\/"},"author":{"name":"Michel Willems - Mobilitas","@id":"https:\/\/www.link2fleet.com\/fr\/#\/schema\/person\/bd29f6a2c2427e85a70d3acf17303486"},"headline":"La cotisation de CO2 pour les v\u00e9hicules de soci\u00e9t\u00e9 augmente de 11,25% en 2023","datePublished":"2022-10-26T09:39:43+00:00","mainEntityOfPage":{"@id":"https:\/\/www.link2fleet.com\/fr\/la-cotisation-de-co2-pour-les-vehicules-de-societe-augmente-de-1125-en-2023\/"},"wordCount":732,"publisher":{"@id":"https:\/\/www.link2fleet.com\/fr\/#organization"},"image":{"@id":"https:\/\/www.link2fleet.com\/fr\/la-cotisation-de-co2-pour-les-vehicules-de-societe-augmente-de-1125-en-2023\/#primaryimage"},"thumbnailUrl":"https:\/\/static.link2fleet.com\/wp-content\/uploads\/2024\/03\/co2.jpg","articleSection":["Gestion de flotte","Tax &amp; legal"],"inLanguage":"fr-FR"},{"@type":"WebPage","@id":"https:\/\/www.link2fleet.com\/fr\/la-cotisation-de-co2-pour-les-vehicules-de-societe-augmente-de-1125-en-2023\/","url":"https:\/\/www.link2fleet.com\/fr\/la-cotisation-de-co2-pour-les-vehicules-de-societe-augmente-de-1125-en-2023\/","name":"La cotisation de CO2 pour les v\u00e9hicules de soci\u00e9t\u00e9 augmente de 11,25% en 2023 - link2fleet","isPartOf":{"@id":"https:\/\/www.link2fleet.com\/fr\/#website"},"primaryImageOfPage":{"@id":"https:\/\/www.link2fleet.com\/fr\/la-cotisation-de-co2-pour-les-vehicules-de-societe-augmente-de-1125-en-2023\/#primaryimage"},"image":{"@id":"https:\/\/www.link2fleet.com\/fr\/la-cotisation-de-co2-pour-les-vehicules-de-societe-augmente-de-1125-en-2023\/#primaryimage"},"thumbnailUrl":"https:\/\/static.link2fleet.com\/wp-content\/uploads\/2024\/03\/co2.jpg","datePublished":"2022-10-26T09:39:43+00:00","breadcrumb":{"@id":"https:\/\/www.link2fleet.com\/fr\/la-cotisation-de-co2-pour-les-vehicules-de-societe-augmente-de-1125-en-2023\/#breadcrumb"},"inLanguage":"fr-FR","potentialAction":[{"@type":"ReadAction","target":["https:\/\/www.link2fleet.com\/fr\/la-cotisation-de-co2-pour-les-vehicules-de-societe-augmente-de-1125-en-2023\/"]}]},{"@type":"ImageObject","inLanguage":"fr-FR","@id":"https:\/\/www.link2fleet.com\/fr\/la-cotisation-de-co2-pour-les-vehicules-de-societe-augmente-de-1125-en-2023\/#primaryimage","url":"https:\/\/static.link2fleet.com\/wp-content\/uploads\/2024\/03\/co2.jpg","contentUrl":"https:\/\/static.link2fleet.com\/wp-content\/uploads\/2024\/03\/co2.jpg","width":993,"height":390},{"@type":"BreadcrumbList","@id":"https:\/\/www.link2fleet.com\/fr\/la-cotisation-de-co2-pour-les-vehicules-de-societe-augmente-de-1125-en-2023\/#breadcrumb","itemListElement":[{"@type":"ListItem","position":1,"name":"Home","item":"https:\/\/www.link2fleet.com\/fr\/"},{"@type":"ListItem","position":2,"name":"La cotisation de CO2 pour les v\u00e9hicules de soci\u00e9t\u00e9 augmente de 11,25% en 2023"}]},{"@type":"WebSite","@id":"https:\/\/www.link2fleet.com\/fr\/#website","url":"https:\/\/www.link2fleet.com\/fr\/","name":"Link2fleet","description":"","publisher":{"@id":"https:\/\/www.link2fleet.com\/fr\/#organization"},"potentialAction":[{"@type":"SearchAction","target":{"@type":"EntryPoint","urlTemplate":"https:\/\/www.link2fleet.com\/fr\/?s={search_term_string}"},"query-input":{"@type":"PropertyValueSpecification","valueRequired":true,"valueName":"search_term_string"}}],"inLanguage":"fr-FR"},{"@type":"Organization","@id":"https:\/\/www.link2fleet.com\/fr\/#organization","name":"Link2fleet","url":"https:\/\/www.link2fleet.com\/fr\/","logo":{"@type":"ImageObject","inLanguage":"fr-FR","@id":"https:\/\/www.link2fleet.com\/fr\/#\/schema\/logo\/image\/","url":"https:\/\/static.link2fleet.com\/wp-content\/uploads\/2024\/03\/share-image.jpg","contentUrl":"https:\/\/static.link2fleet.com\/wp-content\/uploads\/2024\/03\/share-image.jpg","width":1200,"height":630,"caption":"Link2fleet"},"image":{"@id":"https:\/\/www.link2fleet.com\/fr\/#\/schema\/logo\/image\/"},"sameAs":["https:\/\/www.linkedin.com\/company\/link2fleet-belgium","https:\/\/www.youtube.com\/user\/MMMBMBE"]},{"@type":"Person","@id":"https:\/\/www.link2fleet.com\/fr\/#\/schema\/person\/bd29f6a2c2427e85a70d3acf17303486","name":"Michel Willems - Mobilitas","image":{"@type":"ImageObject","inLanguage":"fr-FR","@id":"https:\/\/secure.gravatar.com\/avatar\/c937de514893d5b69b3b52ee88664fd4879b786925b6742dc7891d347f167414?s=96&d=mm&r=g","url":"https:\/\/secure.gravatar.com\/avatar\/c937de514893d5b69b3b52ee88664fd4879b786925b6742dc7891d347f167414?s=96&d=mm&r=g","contentUrl":"https:\/\/secure.gravatar.com\/avatar\/c937de514893d5b69b3b52ee88664fd4879b786925b6742dc7891d347f167414?s=96&d=mm&r=g","caption":"Michel Willems - Mobilitas"}}]}},"_links":{"self":[{"href":"https:\/\/www.link2fleet.com\/fr\/wp-json\/wp\/v2\/posts\/8021","targetHints":{"allow":["GET"]}}],"collection":[{"href":"https:\/\/www.link2fleet.com\/fr\/wp-json\/wp\/v2\/posts"}],"about":[{"href":"https:\/\/www.link2fleet.com\/fr\/wp-json\/wp\/v2\/types\/post"}],"author":[{"embeddable":true,"href":"https:\/\/www.link2fleet.com\/fr\/wp-json\/wp\/v2\/users\/11"}],"replies":[{"embeddable":true,"href":"https:\/\/www.link2fleet.com\/fr\/wp-json\/wp\/v2\/comments?post=8021"}],"version-history":[{"count":0,"href":"https:\/\/www.link2fleet.com\/fr\/wp-json\/wp\/v2\/posts\/8021\/revisions"}],"wp:featuredmedia":[{"embeddable":true,"href":"https:\/\/www.link2fleet.com\/fr\/wp-json\/wp\/v2\/media\/8022"}],"wp:attachment":[{"href":"https:\/\/www.link2fleet.com\/fr\/wp-json\/wp\/v2\/media?parent=8021"}],"wp:term":[{"taxonomy":"category","embeddable":true,"href":"https:\/\/www.link2fleet.com\/fr\/wp-json\/wp\/v2\/categories?post=8021"},{"taxonomy":"post_tag","embeddable":true,"href":"https:\/\/www.link2fleet.com\/fr\/wp-json\/wp\/v2\/tags?post=8021"}],"curies":[{"name":"wp","href":"https:\/\/api.w.org\/{rel}","templated":true}]}}