{"id":8027,"date":"2022-10-27T07:56:33","date_gmt":"2022-10-27T05:56:33","guid":{"rendered":"https:\/\/www.link2fleet.com\/xev-yoyo-fait-ses-debuts-en-belgique-et-veut-revolutionner-la-mobilite-urbaine\/"},"modified":"2022-10-27T07:56:33","modified_gmt":"2022-10-27T05:56:33","slug":"xev-yoyo-fait-ses-debuts-en-belgique-et-veut-revolutionner-la-mobilite-urbaine","status":"publish","type":"post","link":"https:\/\/www.link2fleet.com\/fr\/xev-yoyo-fait-ses-debuts-en-belgique-et-veut-revolutionner-la-mobilite-urbaine\/","title":{"rendered":"XEV YOYO fait ses d\u00e9buts en Belgique et veut r\u00e9volutionner la mobilit\u00e9 urbaine"},"content":{"rendered":"<p>Pour r\u00e9aliser ces ambitions, <b>la XEV YOYO<\/b>, citadine 100% \u00e9lectrique, fait ses d\u00e9buts sur le march\u00e9 belge apr\u00e8s son lancement en Italie en mai 2021. A partir de novembre 2022, le XEV YOYO sera disponible et peut \u00eatre command\u00e9 en ligne chez <b>V.J.B. MOTORS <\/b>\u00e0 <b>HASSELT, <\/b>le <b>premier concessionnaire officiel XEV en Belgique<\/b>. La XEV YOYO est un v\u00e9hicule \u00e0 quatre roues enti\u00e8rement \u00e9lectrique (L7e) d\u00e9di\u00e9 \u00e0 la mobilit\u00e9 urbaine produit par XEV. C\u2019est un v\u00e9hicule r\u00e9volutionnaire avec une combinaison d\u2019innovation et de style italien et adapt\u00e9 aux besoins les plus divers de ceux qui doivent se d\u00e9placer dans le contexte de la ville et au-del\u00e0. En d\u00e9cembre et janvier, le XEV YOYO sera \u00e9galement expos\u00e9 dans un <b>pop-up store <\/b>du <b>Quartier Bleu<\/b>, le centre commercial branch\u00e9 et tendance de Hasselt.<span class=\"Apple-converted-space\">\u00a0<\/span><\/p>\n<p>&nbsp;<\/p>\n<p><b>Design \u00ab Made in Italie \u00bb<span class=\"Apple-converted-space\">\u00a0<\/span><\/b><\/p>\n<p><a href=\"https:\/\/www.link2fleet.com\/wp-content\/uploads\/2022\/10\/S1-xev-yoyo-une-citroen-ami-de-grand-luxe-727446.jpg\"><img loading=\"lazy\" decoding=\"async\" class=\"alignright size-medium wp-image-1285566\" src=\"https:\/\/www.link2fleet.com\/wp-content\/uploads\/2022\/10\/S1-xev-yoyo-une-citroen-ami-de-grand-luxe-727446-300x225.jpg\" alt=\"\" width=\"300\" height=\"225\" \/><\/a>Le design de la XEV YOYO, con\u00e7u par l\u2019\u00e9quipe internationale de XEV \u00e0 Turin, est fait pour \u00eatre reconnu : ses <b>couleurs captivantes et ses lignes futuristes <\/b>en font un produit vraiment original, son ext\u00e9rieur innovant et glamour est accentu\u00e9 par la <b>\u00ab blade \u00bb <\/b>qui traverse la porte. Les \u00e9l\u00e9ments de carrosserie sont con\u00e7us de mani\u00e8re \u00e0 pouvoir \u00eatre facilement remplac\u00e9s s\u2019ils sont endommag\u00e9s. \u00c0 l\u2019int\u00e9rieur, nous retrouvons les m\u00eames caract\u00e9ristiques qui distinguent les ext\u00e9rieurs: ses\u00a0formes modernes, ses couleurs saisissantes et ses lignes captivantes. La XEV YOYO est disponible en 9 combinaisons de couleurs: de l\u2019\u00e9l\u00e9gant Mochaccino au moderne Prototype Grey, avec des finitions satin\u00e9es tendance et des d\u00e9tails vert citron frais.<span class=\"Apple-converted-space\">\u00a0<\/span><\/p>\n<p>&nbsp;<\/p>\n<p><strong>Performances et fonctionnalit\u00e9s in\u00e9gal\u00e9es<\/strong><\/p>\n<p>La XEV YOYO est con\u00e7ue pour la mobilit\u00e9 urbaine, 100% \u00e9lectrique et ne consomme que 7,4 kWh\/100 km. Elle atteint une vitesse maximale de 80 km\/h, a une autonomie allant jusqu\u2019\u00e0 150 km et elle se recharge en moins de 4 heures. Aujourd\u2019hui, la troisi\u00e8me g\u00e9n\u00e9ration de la XEV YOYO est <b>fiable et performante<\/b>. Ses 4 freins \u00e0 disque avec ABS et ses 2 modes de conduite &#8211; Drive et Sport &#8211; assurent une conduite douce et s\u00fbre. En outre, le v\u00e9hicule dispose de fonctionnalit\u00e9s tr\u00e8s utiles telles que le support du t\u00e9l\u00e9phone en plus de l\u2019\u00e9cran num\u00e9rique de 7 pouces et de 3 connexions USB. Les vitres, les r\u00e9troviseurs, le contact et l\u2019ouverture du coffre &#8211; d\u2019une capacit\u00e9 de 180 litres &#8211; sont \u00e9lectroniques. La XEV YOYO est \u00e9galement \u00e9quip\u00e9e de la climatisation \/ du chauffage et de l\u2019int\u00e9gration Bluetooth pour les smartphones.<span class=\"Apple-converted-space\">\u00a0<\/span><\/p>\n<p>&nbsp;<\/p>\n<p><b>Con\u00e7u pour la ville<\/b><\/p>\n<p>La XEV YOYO est un v\u00e9hicule pour tout le monde. Elle est parfaite pour la vie urbaine moderne gr\u00e2ce \u00e0 ses dimensions compactes. Avec un rayon de braquage de seulement 8 m et une longueur d\u2019un peu plus de 2,5 m, elle est id\u00e9ale pour naviguer dans la circulation urbaine. Avec la XEV YOYO, trouver une place de parking n\u2019a jamais \u00e9t\u00e9 aussi facile. Il donne au client une libert\u00e9 totale et une fa\u00e7on plus simple et plus d\u00e9tendue de profiter de son voyage en ville.<span class=\"Apple-converted-space\">\u00a0<\/span><\/p>\n<p>&nbsp;<\/p>\n<p><b>Technologie et connectivit\u00e9<\/b><\/p>\n<p>La XEV YOYO est une solution de mobilit\u00e9 con\u00e7ue pour faciliter la vie de ses conducteurs. Afin de faire de l\u2019utilisation de la XEV YOYO une exp\u00e9rience agr\u00e9able, son syst\u00e8me d\u2019exploitation sera bient\u00f4t d\u00e9ploy\u00e9 via une <b>application sp\u00e9cialement <\/b>dedi\u00e9 \u00e0 votre voiture. Cela permettra la v\u00e9rification d\u2019un certain nombre de fonctions notamment: l\u2019\u00e9tat de charge de la batterie, la climatisation et le fonctionnement des fen\u00eatres.<span class=\"Apple-converted-space\">\u00a0<\/span><\/p>\n<p>&nbsp;<\/p>\n<p><strong>Balayage de la batterie<\/strong><\/p>\n<p><a href=\"https:\/\/www.link2fleet.com\/wp-content\/uploads\/2022\/10\/800-L-xev-yoyo-2022-cette-petite-voiture-lectrique-peut-tre-conduite-ds-16-ans-voici-son-prix-et-son-autonomie.jpg\"><img loading=\"lazy\" decoding=\"async\" class=\"alignleft size-medium wp-image-1285562\" src=\"https:\/\/www.link2fleet.com\/wp-content\/uploads\/2022\/10\/800-L-xev-yoyo-2022-cette-petite-voiture-lectrique-peut-tre-conduite-ds-16-ans-voici-son-prix-et-son-autonomie-300x160.jpg\" alt=\"\" width=\"300\" height=\"160\" \/><\/a>La XEV YOYO offre une solution de charge unique d\u00e9j\u00e0 pr\u00e9sente dans le v\u00e9hicule appel\u00e9 le \u2013 \u00ab <b>Battery Swapping \u00bb <\/b>&#8211; pour encore plus de commodit\u00e9 et de flexibilit\u00e9. Le \u00ab Battery Swapping \u00bb est l\u2019innovation la plus importante de la XEV YOYO qui permet de raccourcir les temps de charge des voitures \u00e9lectriques. La batterie vide peut \u00eatre remplac\u00e9e par une batterie charg\u00e9e en quelques minutes seulement. Gr\u00e2ce \u00e0 la coop\u00e9ration avec Eni depuis 2021, la technologie de changement de batterie sera mise en oeuvre dans les stations-service Eni s\u00e9lectionn\u00e9es. Actuellement, les stations d\u2019\u00e9change et le syst\u00e8me d\u2019\u00e9change sont largement test\u00e9s en Italie.<span class=\"Apple-converted-space\">\u00a0<\/span><\/p>\n<p>Au Mondial de l\u2019Auto \u00e0 Paris, le constructeur XEV a pr\u00e9sent\u00e9 la derni\u00e8re version de sa station de changement de batterie, plus intelligente et \u00e9conome en \u00e9nergie. La nouvelle station int\u00e8gre un syst\u00e8me intelligent de gestion de la batterie qui surveille et affiche l\u2019\u00e9tat de la batterie en temps\u00a0r\u00e9el et fournit un syst\u00e8me de gestion simple d\u2019analyse et d\u2019optimisation de la consommation d\u2019\u00e9nergie. Il am\u00e9liore \u00e9galement la s\u00e9curit\u00e9 et l\u2019efficacit\u00e9 \u00e9nerg\u00e9tique de l\u2019\u00e9changeur de batterie, m\u00eame dans des conditions m\u00e9t\u00e9orologiques extr\u00eames, jusqu\u2019\u00e0 45 \u00b0 C. Des nouvelles stations ont d\u00e9j\u00e0 \u00e9t\u00e9 install\u00e9es dans certaines stations-service Eni et seront utilis\u00e9es pour changer les batteries des v\u00e9hicules XEV YOYO qui composent la flotte Enjoy, le service d\u2019autopartage d\u2019Eni.Ces stations seront bient\u00f4t disponibles pour un usage priv\u00e9 par des clients. Le r\u00e9seau de changement de batterie sera bient\u00f4t \u00e9tendu \u00e0 d\u2019autres march\u00e9s, ce qui permettra \u00e0 d\u2019avantage de clients d\u2019en b\u00e9n\u00e9ficier.<span class=\"Apple-converted-space\">\u00a0<\/span><\/p>\n<p>&nbsp;<\/p>\n<p><b>Technologie d&rsquo;impression 3D<\/b><\/p>\n<p>La <b>technologie d\u2019impression 3D <\/b>est d\u00e9j\u00e0 utilis\u00e9e dans la production de diverses pi\u00e8ces de carrosserie et d\u2019int\u00e9rieur de la XEV YOYO. Gr\u00e2ce \u00e0 cette technologie, les temps et les co\u00fbts de d\u00e9veloppement sont r\u00e9duits (-90%) et moins de d\u00e9chets sont produits pendant la production. L\u2019engagement du constructeur XEV envers l\u2019innovation offrira prochainement la possibilit\u00e9 de personnaliser la voiture de chacun gr\u00e2ce \u00e0 leur technologie d\u2019impression 3D.<span class=\"Apple-converted-space\">\u00a0<\/span><\/p>\n<p>&nbsp;<\/p>\n<p><strong>Conduite autonome<\/strong><\/p>\n<p><a href=\"https:\/\/www.link2fleet.com\/wp-content\/uploads\/2022\/10\/yeni-xev-yoyo-turkiye-fiyati-6.jpg\"><img loading=\"lazy\" decoding=\"async\" class=\"alignright size-medium wp-image-1285568\" src=\"https:\/\/www.link2fleet.com\/wp-content\/uploads\/2022\/10\/yeni-xev-yoyo-turkiye-fiyati-6-300x184.jpg\" alt=\"\" width=\"300\" height=\"184\" \/><\/a>Surtout, XEV, en collaboration avec son partenaire technique Teoresigroup, vise un avenir plus confortable et durable gr\u00e2ce \u00e0 ses recherches avanc\u00e9es sur la <b>conduite autonome. <\/b>Bien que la XEV YOYO soit assez proche de la citadine parfaite, ne serait-il pas bon qu\u2019apr\u00e8s une longue journ\u00e9e de travail ou lorsque la circulation est trop dense, vous vous reposiez et laissiez la voiture faire le travail? Chez XEV, nous pensons que ce serait formidable. Moins de stress, plus de libert\u00e9 et pas de compromis. Notre vision du compagnon ultime de la ville se rapproche chaque jour. Rejoignez la r\u00e9volution urbaine et voyez comment notre technologie de pointe peut vous rendre la vie plus facile, plus propre et plus agr\u00e9able.<span class=\"Apple-converted-space\">\u00a0<\/span><\/p>\n<p>&nbsp;<\/p>\n<p><b>R\u00e9seau XEV<span class=\"Apple-converted-space\">\u00a0<\/span><\/b><\/p>\n<p>Depuis son lancement en 2018, XEV est d\u00e9j\u00e0 pr\u00e9sent sur 15 march\u00e9s europ\u00e9ens et s\u2019\u00e9tend rapidement au reste de l\u2019Europe, au Moyen-Orient et \u00e0 l\u2019Afrique. En Belgique <b>, V.J.B. MOTORS NV \u00e0 Hasselt <\/b>est le premier distributeur officiel XEV. A partir de novembre 2022, la XEV YOYO pourra \u00eatre d\u00e9couverte et test\u00e9e chez V.J.B. MOTORS \u00e0 Hasselt. De plus, la XEV YOYO sera expos\u00e9e dans un pop-up store du centre commercial branch\u00e9 et r\u00e9put\u00e9 du Quartier Bleu durant les mois de d\u00e9cembre et janvier. La XEV YOYO peut \u00e9galement \u00eatre command\u00e9 en ligne.<span class=\"Apple-converted-space\">\u00a0<\/span><\/p>\n","protected":false},"excerpt":{"rendered":"<p>Pour r\u00e9aliser ces ambitions, la XEV YOYO, citadine 100% \u00e9lectrique, fait ses d\u00e9buts sur le march\u00e9 belge apr\u00e8s son lancement en Italie en mai 2021. A partir de novembre 2022, le XEV YOYO sera disponible et peut \u00eatre command\u00e9 en ligne chez V.J.B. MOTORS \u00e0 HASSELT, le premier concessionnaire officiel XEV en Belgique. La XEV [&hellip;]<\/p>\n","protected":false},"author":4,"featured_media":8028,"comment_status":"closed","ping_status":"closed","sticky":false,"template":"","format":"standard","meta":{"_acf_changed":false,"footnotes":""},"categories":[77,76],"tags":[],"class_list":["post-8027","post","type-post","status-publish","format-standard","has-post-thumbnail","hentry","category-importateurs-et-constructeurs-automobiles-vp","category-car"],"acf":[],"yoast_head":"<!-- This site is optimized with the Yoast SEO plugin v27.3 - https:\/\/yoast.com\/product\/yoast-seo-wordpress\/ -->\n<title>XEV YOYO fait ses d\u00e9buts en Belgique et veut r\u00e9volutionner la mobilit\u00e9 urbaine - link2fleet<\/title>\n<meta name=\"description\" content=\"Faire de la mobilit\u00e9 urbaine un plaisir pour tous : telle est la mission de XEV, constructeur innovant de voitures enti\u00e8rement \u00e9lectriques. La vision de\u2026\" \/>\n<meta name=\"robots\" content=\"index, follow, max-snippet:-1, max-image-preview:large, max-video-preview:-1\" \/>\n<meta property=\"og:locale\" content=\"fr_FR\" \/>\n<meta property=\"og:type\" content=\"article\" \/>\n<meta property=\"og:title\" content=\"XEV YOYO fait ses d\u00e9buts en Belgique et veut r\u00e9volutionner la mobilit\u00e9 urbaine - link2fleet\" \/>\n<meta property=\"og:description\" content=\"Faire de la mobilit\u00e9 urbaine un plaisir pour tous : telle est la mission de XEV, constructeur innovant de voitures enti\u00e8rement \u00e9lectriques. La vision de\u2026\" \/>\n<meta property=\"og:url\" content=\"https:\/\/www.link2fleet.com\/fr\/xev-yoyo-fait-ses-debuts-en-belgique-et-veut-revolutionner-la-mobilite-urbaine\/\" \/>\n<meta property=\"og:site_name\" content=\"link2fleet\" \/>\n<meta property=\"article:published_time\" content=\"2022-10-27T05:56:33+00:00\" \/>\n<meta property=\"og:image\" content=\"https:\/\/static.link2fleet.com\/wp-content\/uploads\/2024\/03\/1200-l-xev-yoyo-2022-cette-petite-voiture-lectrique-peut-tre-conduite-ds-16-ans-voici-son-prix-et-son-autonomie.jpg\" \/>\n\t<meta property=\"og:image:width\" content=\"1200\" \/>\n\t<meta property=\"og:image:height\" content=\"640\" \/>\n\t<meta property=\"og:image:type\" content=\"image\/jpeg\" \/>\n<meta name=\"author\" content=\"Damien Malvetti\" \/>\n<meta name=\"twitter:card\" content=\"summary_large_image\" \/>\n<meta name=\"twitter:description\" content=\"Faire de la mobilit\u00e9 urbaine un plaisir pour tous : telle est la mission de XEV, constructeur innovant de voitures enti\u00e8rement \u00e9lectriques. La vision de\u2026\" \/>\n<meta name=\"twitter:label1\" content=\"\u00c9crit par\" \/>\n\t<meta name=\"twitter:data1\" content=\"Damien Malvetti\" \/>\n\t<meta name=\"twitter:label2\" content=\"Dur\u00e9e de lecture estim\u00e9e\" \/>\n\t<meta name=\"twitter:data2\" content=\"6 minutes\" \/>\n<script type=\"application\/ld+json\" class=\"yoast-schema-graph\">{\"@context\":\"https:\\\/\\\/schema.org\",\"@graph\":[{\"@type\":\"Article\",\"@id\":\"https:\\\/\\\/www.link2fleet.com\\\/fr\\\/xev-yoyo-fait-ses-debuts-en-belgique-et-veut-revolutionner-la-mobilite-urbaine\\\/#article\",\"isPartOf\":{\"@id\":\"https:\\\/\\\/www.link2fleet.com\\\/fr\\\/xev-yoyo-fait-ses-debuts-en-belgique-et-veut-revolutionner-la-mobilite-urbaine\\\/\"},\"author\":{\"name\":\"Damien Malvetti\",\"@id\":\"https:\\\/\\\/www.link2fleet.com\\\/fr\\\/#\\\/schema\\\/person\\\/027cd46113c78036b3809c9a054049da\"},\"headline\":\"XEV YOYO fait ses d\u00e9buts en Belgique et veut r\u00e9volutionner la mobilit\u00e9 urbaine\",\"datePublished\":\"2022-10-27T05:56:33+00:00\",\"mainEntityOfPage\":{\"@id\":\"https:\\\/\\\/www.link2fleet.com\\\/fr\\\/xev-yoyo-fait-ses-debuts-en-belgique-et-veut-revolutionner-la-mobilite-urbaine\\\/\"},\"wordCount\":1235,\"publisher\":{\"@id\":\"https:\\\/\\\/www.link2fleet.com\\\/fr\\\/#organization\"},\"image\":{\"@id\":\"https:\\\/\\\/www.link2fleet.com\\\/fr\\\/xev-yoyo-fait-ses-debuts-en-belgique-et-veut-revolutionner-la-mobilite-urbaine\\\/#primaryimage\"},\"thumbnailUrl\":\"https:\\\/\\\/static.link2fleet.com\\\/wp-content\\\/uploads\\\/2024\\\/03\\\/1200-l-xev-yoyo-2022-cette-petite-voiture-lectrique-peut-tre-conduite-ds-16-ans-voici-son-prix-et-son-autonomie.jpg\",\"articleSection\":[\"Importateurs et constructeurs\",\"V\u00e9hicules\"],\"inLanguage\":\"fr-FR\"},{\"@type\":\"WebPage\",\"@id\":\"https:\\\/\\\/www.link2fleet.com\\\/fr\\\/xev-yoyo-fait-ses-debuts-en-belgique-et-veut-revolutionner-la-mobilite-urbaine\\\/\",\"url\":\"https:\\\/\\\/www.link2fleet.com\\\/fr\\\/xev-yoyo-fait-ses-debuts-en-belgique-et-veut-revolutionner-la-mobilite-urbaine\\\/\",\"name\":\"XEV YOYO fait ses d\u00e9buts en Belgique et veut r\u00e9volutionner la mobilit\u00e9 urbaine - link2fleet\",\"isPartOf\":{\"@id\":\"https:\\\/\\\/www.link2fleet.com\\\/fr\\\/#website\"},\"primaryImageOfPage\":{\"@id\":\"https:\\\/\\\/www.link2fleet.com\\\/fr\\\/xev-yoyo-fait-ses-debuts-en-belgique-et-veut-revolutionner-la-mobilite-urbaine\\\/#primaryimage\"},\"image\":{\"@id\":\"https:\\\/\\\/www.link2fleet.com\\\/fr\\\/xev-yoyo-fait-ses-debuts-en-belgique-et-veut-revolutionner-la-mobilite-urbaine\\\/#primaryimage\"},\"thumbnailUrl\":\"https:\\\/\\\/static.link2fleet.com\\\/wp-content\\\/uploads\\\/2024\\\/03\\\/1200-l-xev-yoyo-2022-cette-petite-voiture-lectrique-peut-tre-conduite-ds-16-ans-voici-son-prix-et-son-autonomie.jpg\",\"datePublished\":\"2022-10-27T05:56:33+00:00\",\"breadcrumb\":{\"@id\":\"https:\\\/\\\/www.link2fleet.com\\\/fr\\\/xev-yoyo-fait-ses-debuts-en-belgique-et-veut-revolutionner-la-mobilite-urbaine\\\/#breadcrumb\"},\"inLanguage\":\"fr-FR\",\"potentialAction\":[{\"@type\":\"ReadAction\",\"target\":[\"https:\\\/\\\/www.link2fleet.com\\\/fr\\\/xev-yoyo-fait-ses-debuts-en-belgique-et-veut-revolutionner-la-mobilite-urbaine\\\/\"]}]},{\"@type\":\"ImageObject\",\"inLanguage\":\"fr-FR\",\"@id\":\"https:\\\/\\\/www.link2fleet.com\\\/fr\\\/xev-yoyo-fait-ses-debuts-en-belgique-et-veut-revolutionner-la-mobilite-urbaine\\\/#primaryimage\",\"url\":\"https:\\\/\\\/static.link2fleet.com\\\/wp-content\\\/uploads\\\/2024\\\/03\\\/1200-l-xev-yoyo-2022-cette-petite-voiture-lectrique-peut-tre-conduite-ds-16-ans-voici-son-prix-et-son-autonomie.jpg\",\"contentUrl\":\"https:\\\/\\\/static.link2fleet.com\\\/wp-content\\\/uploads\\\/2024\\\/03\\\/1200-l-xev-yoyo-2022-cette-petite-voiture-lectrique-peut-tre-conduite-ds-16-ans-voici-son-prix-et-son-autonomie.jpg\",\"width\":1200,\"height\":640,\"caption\":\"|||\"},{\"@type\":\"BreadcrumbList\",\"@id\":\"https:\\\/\\\/www.link2fleet.com\\\/fr\\\/xev-yoyo-fait-ses-debuts-en-belgique-et-veut-revolutionner-la-mobilite-urbaine\\\/#breadcrumb\",\"itemListElement\":[{\"@type\":\"ListItem\",\"position\":1,\"name\":\"Home\",\"item\":\"https:\\\/\\\/www.link2fleet.com\\\/fr\\\/\"},{\"@type\":\"ListItem\",\"position\":2,\"name\":\"XEV YOYO fait ses d\u00e9buts en Belgique et veut r\u00e9volutionner la mobilit\u00e9 urbaine\"}]},{\"@type\":\"WebSite\",\"@id\":\"https:\\\/\\\/www.link2fleet.com\\\/fr\\\/#website\",\"url\":\"https:\\\/\\\/www.link2fleet.com\\\/fr\\\/\",\"name\":\"Link2fleet\",\"description\":\"\",\"publisher\":{\"@id\":\"https:\\\/\\\/www.link2fleet.com\\\/fr\\\/#organization\"},\"potentialAction\":[{\"@type\":\"SearchAction\",\"target\":{\"@type\":\"EntryPoint\",\"urlTemplate\":\"https:\\\/\\\/www.link2fleet.com\\\/fr\\\/?s={search_term_string}\"},\"query-input\":{\"@type\":\"PropertyValueSpecification\",\"valueRequired\":true,\"valueName\":\"search_term_string\"}}],\"inLanguage\":\"fr-FR\"},{\"@type\":\"Organization\",\"@id\":\"https:\\\/\\\/www.link2fleet.com\\\/fr\\\/#organization\",\"name\":\"Link2fleet\",\"url\":\"https:\\\/\\\/www.link2fleet.com\\\/fr\\\/\",\"logo\":{\"@type\":\"ImageObject\",\"inLanguage\":\"fr-FR\",\"@id\":\"https:\\\/\\\/www.link2fleet.com\\\/fr\\\/#\\\/schema\\\/logo\\\/image\\\/\",\"url\":\"https:\\\/\\\/static.link2fleet.com\\\/wp-content\\\/uploads\\\/2024\\\/03\\\/share-image.jpg\",\"contentUrl\":\"https:\\\/\\\/static.link2fleet.com\\\/wp-content\\\/uploads\\\/2024\\\/03\\\/share-image.jpg\",\"width\":1200,\"height\":630,\"caption\":\"Link2fleet\"},\"image\":{\"@id\":\"https:\\\/\\\/www.link2fleet.com\\\/fr\\\/#\\\/schema\\\/logo\\\/image\\\/\"},\"sameAs\":[\"https:\\\/\\\/www.linkedin.com\\\/company\\\/link2fleet-belgium\",\"https:\\\/\\\/www.youtube.com\\\/user\\\/MMMBMBE\"]},{\"@type\":\"Person\",\"@id\":\"https:\\\/\\\/www.link2fleet.com\\\/fr\\\/#\\\/schema\\\/person\\\/027cd46113c78036b3809c9a054049da\",\"name\":\"Damien Malvetti\",\"image\":{\"@type\":\"ImageObject\",\"inLanguage\":\"fr-FR\",\"@id\":\"https:\\\/\\\/secure.gravatar.com\\\/avatar\\\/dd8cc03b49466c735f753ac37f8caa371af16dfed347456ed61f02883255eebb?s=96&d=mm&r=g\",\"url\":\"https:\\\/\\\/secure.gravatar.com\\\/avatar\\\/dd8cc03b49466c735f753ac37f8caa371af16dfed347456ed61f02883255eebb?s=96&d=mm&r=g\",\"contentUrl\":\"https:\\\/\\\/secure.gravatar.com\\\/avatar\\\/dd8cc03b49466c735f753ac37f8caa371af16dfed347456ed61f02883255eebb?s=96&d=mm&r=g\",\"caption\":\"Damien Malvetti\"},\"description\":\"Damien Malvetti is opgeleid als journalist en gepassioneerd door wagens, technologie en mobiliteit. Hij is verantwoordelijk voor de redactionele inhoud van link2fleet en beschikt over een uitgebreide kennis van de fleet-sector en elektrische mobiliteit.\",\"sameAs\":[\"https:\\\/\\\/www.linkedin.com\\\/in\\\/damien-malvetti-56601142\\\/\"]}]}<\/script>\n<!-- \/ Yoast SEO plugin. -->","yoast_head_json":{"title":"XEV YOYO fait ses d\u00e9buts en Belgique et veut r\u00e9volutionner la mobilit\u00e9 urbaine - link2fleet","description":"Faire de la mobilit\u00e9 urbaine un plaisir pour tous : telle est la mission de XEV, constructeur innovant de voitures enti\u00e8rement \u00e9lectriques. La vision de\u2026","robots":{"index":"index","follow":"follow","max-snippet":"max-snippet:-1","max-image-preview":"max-image-preview:large","max-video-preview":"max-video-preview:-1"},"og_locale":"fr_FR","og_type":"article","og_title":"XEV YOYO fait ses d\u00e9buts en Belgique et veut r\u00e9volutionner la mobilit\u00e9 urbaine - link2fleet","og_description":"Faire de la mobilit\u00e9 urbaine un plaisir pour tous : telle est la mission de XEV, constructeur innovant de voitures enti\u00e8rement \u00e9lectriques. La vision de\u2026","og_url":"https:\/\/www.link2fleet.com\/fr\/xev-yoyo-fait-ses-debuts-en-belgique-et-veut-revolutionner-la-mobilite-urbaine\/","og_site_name":"link2fleet","article_published_time":"2022-10-27T05:56:33+00:00","og_image":[{"width":1200,"height":640,"url":"https:\/\/static.link2fleet.com\/wp-content\/uploads\/2024\/03\/1200-l-xev-yoyo-2022-cette-petite-voiture-lectrique-peut-tre-conduite-ds-16-ans-voici-son-prix-et-son-autonomie.jpg","type":"image\/jpeg"}],"author":"Damien Malvetti","twitter_card":"summary_large_image","twitter_description":"Faire de la mobilit\u00e9 urbaine un plaisir pour tous : telle est la mission de XEV, constructeur innovant de voitures enti\u00e8rement \u00e9lectriques. La vision de\u2026","twitter_misc":{"\u00c9crit par":"Damien Malvetti","Dur\u00e9e de lecture estim\u00e9e":"6 minutes"},"schema":{"@context":"https:\/\/schema.org","@graph":[{"@type":"Article","@id":"https:\/\/www.link2fleet.com\/fr\/xev-yoyo-fait-ses-debuts-en-belgique-et-veut-revolutionner-la-mobilite-urbaine\/#article","isPartOf":{"@id":"https:\/\/www.link2fleet.com\/fr\/xev-yoyo-fait-ses-debuts-en-belgique-et-veut-revolutionner-la-mobilite-urbaine\/"},"author":{"name":"Damien Malvetti","@id":"https:\/\/www.link2fleet.com\/fr\/#\/schema\/person\/027cd46113c78036b3809c9a054049da"},"headline":"XEV YOYO fait ses d\u00e9buts en Belgique et veut r\u00e9volutionner la mobilit\u00e9 urbaine","datePublished":"2022-10-27T05:56:33+00:00","mainEntityOfPage":{"@id":"https:\/\/www.link2fleet.com\/fr\/xev-yoyo-fait-ses-debuts-en-belgique-et-veut-revolutionner-la-mobilite-urbaine\/"},"wordCount":1235,"publisher":{"@id":"https:\/\/www.link2fleet.com\/fr\/#organization"},"image":{"@id":"https:\/\/www.link2fleet.com\/fr\/xev-yoyo-fait-ses-debuts-en-belgique-et-veut-revolutionner-la-mobilite-urbaine\/#primaryimage"},"thumbnailUrl":"https:\/\/static.link2fleet.com\/wp-content\/uploads\/2024\/03\/1200-l-xev-yoyo-2022-cette-petite-voiture-lectrique-peut-tre-conduite-ds-16-ans-voici-son-prix-et-son-autonomie.jpg","articleSection":["Importateurs et constructeurs","V\u00e9hicules"],"inLanguage":"fr-FR"},{"@type":"WebPage","@id":"https:\/\/www.link2fleet.com\/fr\/xev-yoyo-fait-ses-debuts-en-belgique-et-veut-revolutionner-la-mobilite-urbaine\/","url":"https:\/\/www.link2fleet.com\/fr\/xev-yoyo-fait-ses-debuts-en-belgique-et-veut-revolutionner-la-mobilite-urbaine\/","name":"XEV YOYO fait ses d\u00e9buts en Belgique et veut r\u00e9volutionner la mobilit\u00e9 urbaine - link2fleet","isPartOf":{"@id":"https:\/\/www.link2fleet.com\/fr\/#website"},"primaryImageOfPage":{"@id":"https:\/\/www.link2fleet.com\/fr\/xev-yoyo-fait-ses-debuts-en-belgique-et-veut-revolutionner-la-mobilite-urbaine\/#primaryimage"},"image":{"@id":"https:\/\/www.link2fleet.com\/fr\/xev-yoyo-fait-ses-debuts-en-belgique-et-veut-revolutionner-la-mobilite-urbaine\/#primaryimage"},"thumbnailUrl":"https:\/\/static.link2fleet.com\/wp-content\/uploads\/2024\/03\/1200-l-xev-yoyo-2022-cette-petite-voiture-lectrique-peut-tre-conduite-ds-16-ans-voici-son-prix-et-son-autonomie.jpg","datePublished":"2022-10-27T05:56:33+00:00","breadcrumb":{"@id":"https:\/\/www.link2fleet.com\/fr\/xev-yoyo-fait-ses-debuts-en-belgique-et-veut-revolutionner-la-mobilite-urbaine\/#breadcrumb"},"inLanguage":"fr-FR","potentialAction":[{"@type":"ReadAction","target":["https:\/\/www.link2fleet.com\/fr\/xev-yoyo-fait-ses-debuts-en-belgique-et-veut-revolutionner-la-mobilite-urbaine\/"]}]},{"@type":"ImageObject","inLanguage":"fr-FR","@id":"https:\/\/www.link2fleet.com\/fr\/xev-yoyo-fait-ses-debuts-en-belgique-et-veut-revolutionner-la-mobilite-urbaine\/#primaryimage","url":"https:\/\/static.link2fleet.com\/wp-content\/uploads\/2024\/03\/1200-l-xev-yoyo-2022-cette-petite-voiture-lectrique-peut-tre-conduite-ds-16-ans-voici-son-prix-et-son-autonomie.jpg","contentUrl":"https:\/\/static.link2fleet.com\/wp-content\/uploads\/2024\/03\/1200-l-xev-yoyo-2022-cette-petite-voiture-lectrique-peut-tre-conduite-ds-16-ans-voici-son-prix-et-son-autonomie.jpg","width":1200,"height":640,"caption":"|||"},{"@type":"BreadcrumbList","@id":"https:\/\/www.link2fleet.com\/fr\/xev-yoyo-fait-ses-debuts-en-belgique-et-veut-revolutionner-la-mobilite-urbaine\/#breadcrumb","itemListElement":[{"@type":"ListItem","position":1,"name":"Home","item":"https:\/\/www.link2fleet.com\/fr\/"},{"@type":"ListItem","position":2,"name":"XEV YOYO fait ses d\u00e9buts en Belgique et veut r\u00e9volutionner la mobilit\u00e9 urbaine"}]},{"@type":"WebSite","@id":"https:\/\/www.link2fleet.com\/fr\/#website","url":"https:\/\/www.link2fleet.com\/fr\/","name":"Link2fleet","description":"","publisher":{"@id":"https:\/\/www.link2fleet.com\/fr\/#organization"},"potentialAction":[{"@type":"SearchAction","target":{"@type":"EntryPoint","urlTemplate":"https:\/\/www.link2fleet.com\/fr\/?s={search_term_string}"},"query-input":{"@type":"PropertyValueSpecification","valueRequired":true,"valueName":"search_term_string"}}],"inLanguage":"fr-FR"},{"@type":"Organization","@id":"https:\/\/www.link2fleet.com\/fr\/#organization","name":"Link2fleet","url":"https:\/\/www.link2fleet.com\/fr\/","logo":{"@type":"ImageObject","inLanguage":"fr-FR","@id":"https:\/\/www.link2fleet.com\/fr\/#\/schema\/logo\/image\/","url":"https:\/\/static.link2fleet.com\/wp-content\/uploads\/2024\/03\/share-image.jpg","contentUrl":"https:\/\/static.link2fleet.com\/wp-content\/uploads\/2024\/03\/share-image.jpg","width":1200,"height":630,"caption":"Link2fleet"},"image":{"@id":"https:\/\/www.link2fleet.com\/fr\/#\/schema\/logo\/image\/"},"sameAs":["https:\/\/www.linkedin.com\/company\/link2fleet-belgium","https:\/\/www.youtube.com\/user\/MMMBMBE"]},{"@type":"Person","@id":"https:\/\/www.link2fleet.com\/fr\/#\/schema\/person\/027cd46113c78036b3809c9a054049da","name":"Damien Malvetti","image":{"@type":"ImageObject","inLanguage":"fr-FR","@id":"https:\/\/secure.gravatar.com\/avatar\/dd8cc03b49466c735f753ac37f8caa371af16dfed347456ed61f02883255eebb?s=96&d=mm&r=g","url":"https:\/\/secure.gravatar.com\/avatar\/dd8cc03b49466c735f753ac37f8caa371af16dfed347456ed61f02883255eebb?s=96&d=mm&r=g","contentUrl":"https:\/\/secure.gravatar.com\/avatar\/dd8cc03b49466c735f753ac37f8caa371af16dfed347456ed61f02883255eebb?s=96&d=mm&r=g","caption":"Damien Malvetti"},"description":"Damien Malvetti is opgeleid als journalist en gepassioneerd door wagens, technologie en mobiliteit. Hij is verantwoordelijk voor de redactionele inhoud van link2fleet en beschikt over een uitgebreide kennis van de fleet-sector en elektrische mobiliteit.","sameAs":["https:\/\/www.linkedin.com\/in\/damien-malvetti-56601142\/"]}]}},"_links":{"self":[{"href":"https:\/\/www.link2fleet.com\/fr\/wp-json\/wp\/v2\/posts\/8027","targetHints":{"allow":["GET"]}}],"collection":[{"href":"https:\/\/www.link2fleet.com\/fr\/wp-json\/wp\/v2\/posts"}],"about":[{"href":"https:\/\/www.link2fleet.com\/fr\/wp-json\/wp\/v2\/types\/post"}],"author":[{"embeddable":true,"href":"https:\/\/www.link2fleet.com\/fr\/wp-json\/wp\/v2\/users\/4"}],"replies":[{"embeddable":true,"href":"https:\/\/www.link2fleet.com\/fr\/wp-json\/wp\/v2\/comments?post=8027"}],"version-history":[{"count":0,"href":"https:\/\/www.link2fleet.com\/fr\/wp-json\/wp\/v2\/posts\/8027\/revisions"}],"wp:featuredmedia":[{"embeddable":true,"href":"https:\/\/www.link2fleet.com\/fr\/wp-json\/wp\/v2\/media\/8028"}],"wp:attachment":[{"href":"https:\/\/www.link2fleet.com\/fr\/wp-json\/wp\/v2\/media?parent=8027"}],"wp:term":[{"taxonomy":"category","embeddable":true,"href":"https:\/\/www.link2fleet.com\/fr\/wp-json\/wp\/v2\/categories?post=8027"},{"taxonomy":"post_tag","embeddable":true,"href":"https:\/\/www.link2fleet.com\/fr\/wp-json\/wp\/v2\/tags?post=8027"}],"curies":[{"name":"wp","href":"https:\/\/api.w.org\/{rel}","templated":true}]}}