{"id":8058,"date":"2022-10-28T13:14:30","date_gmt":"2022-10-28T11:14:30","guid":{"rendered":"https:\/\/www.link2fleet.com\/le-parlement-europeen-et-les-etats-membres-sont-parvenus-a-un-accord-fin-des-moteurs-thermiques-en-2035\/"},"modified":"2022-10-28T13:14:30","modified_gmt":"2022-10-28T11:14:30","slug":"le-parlement-europeen-et-les-etats-membres-sont-parvenus-a-un-accord-fin-des-moteurs-thermiques-en-2035","status":"publish","type":"post","link":"https:\/\/www.link2fleet.com\/fr\/le-parlement-europeen-et-les-etats-membres-sont-parvenus-a-un-accord-fin-des-moteurs-thermiques-en-2035\/","title":{"rendered":"Le Parlement europ\u00e9en et les \u00e9tats membres sont parvenus \u00e0 un accord: fin des moteurs thermiques en 2035"},"content":{"rendered":"<p>Cette r\u00e9glementation vaut aussi pour les v\u00e9hicules plug-in hybrides. L&rsquo;accord est un prolongement du pack europ\u00e9en sur le climat \u00ab\u00a0Fit for 55\u00a0\u00bb. Celui-ci stipulait que les \u00e9missions de gaz \u00e0 effet de serre de l&rsquo;UE devaient \u00eatre r\u00e9duites d&rsquo;au moins 55 % d&rsquo;ici 2030 par rapport \u00e0 la situation de 1990. Plus pr\u00e9cis\u00e9ment, ce pack a fix\u00e9 un objectif de r\u00e9duction des \u00e9missions de CO2 pour 2030 de moins 55 pour cent pour les nouvelles voitures et moins 50 pour cent pour les nouvelles camionnettes par rapport \u00e0 2021. Une d\u00e9rogation \u00e0 ce dernier r\u00e9gime a \u00e9t\u00e9 accord\u00e9e jusqu&rsquo;en 2035 pour les marques dites \u00ab\u00a0de niche\u00a0\u00bb ou les marques dont la production est inf\u00e9rieure \u00e0 10 000 v\u00e9hicules.<\/p>\n<p style=\"font-weight: 400;\">L&rsquo;accord n\u00e9goci\u00e9 du 27 octobre 2022 mentionne bien que la d\u00e9cision actuelle sera r\u00e9\u00e9valu\u00e9e en 2026. En m\u00eame temps, il est pr\u00e9vu de demander \u00e0 nouveau \u00e0 la Commission europ\u00e9enne d&rsquo;envisager l&rsquo;utilisation de ce que l&rsquo;on appelle les e-fuels. Cela avait \u00e9t\u00e9 fortement critiqu\u00e9 car leur production n\u00e9cessite beaucoup d&rsquo;\u00e9nergie. Une \u00e9nergie qui, selon le Parlement europ\u00e9en, serait mieux utilis\u00e9e \u00e0 d&rsquo;autres fins.\u00a0En m\u00eame temps, le patron de la marque VW, Thomas Sch\u00e4fer, a annonc\u00e9 \u00e0 Berlin mercredi dernier (26 octobre) que VW voulait mettre fin \u00e0 la production pour l&rsquo;Europe de nouveaux v\u00e9hicules avec des moteurs \u00e0 combustion au plus tard en 2033.<\/p>\n<p style=\"font-weight: 400;\">\n<p style=\"font-weight: 400;\"><strong>Flandre<\/strong><\/p>\n<p>Rappelons que le 4 novembre 2021, l&rsquo;actuel gouvernement flamand a conclu un accord sur des efforts suppl\u00e9mentaires en mati\u00e8re de climat. L&rsquo;industrie, l&rsquo;agriculture, le logement et le trafic doivent r\u00e9duire leurs \u00e9missions de CO2 de 40% d&rsquo;ici 2030.<\/p>\n<p style=\"font-weight: 400;\">Dans le cadre de cet objectif, la ministre flamande de l&rsquo;\u00e9nergie Zuhal Demir a annonc\u00e9 qu&rsquo;\u00e0 partir de 2029, il ne sera plus possible d&rsquo;immatriculer de nouveaux v\u00e9hicules \u00e0 essence, diesel et plug-in en Flandre. Cependant, ce r\u00e9gime sera r\u00e9guli\u00e8rement \u00e9valu\u00e9.<\/p>\n<p style=\"font-weight: 400;\">Un report est possible s&rsquo;il s&rsquo;av\u00e8re que l&rsquo;infrastructure de recharge serait insuffisante d&rsquo;ici 2029 ou que l&rsquo;offre de v\u00e9hicules \u00e9lectriques serait trop faible ou trop ch\u00e8re par rapport aux motorisations fossiles classiques. Pour le march\u00e9 de l&rsquo;occasion, il n&rsquo;y aura pas d&rsquo;interdiction des voitures \u00e0 moteur \u00e0 combustion et des v\u00e9hicules hybrides rechargeables.<\/p>\n<p>&nbsp;<\/p>\n<p style=\"font-weight: 400;\"><strong>Norv\u00e8ge<\/strong><\/p>\n<p style=\"font-weight: 400;\">Enfin, il faut savoir que le parlement norv\u00e9gien a demand\u00e9 au gouvernement norv\u00e9gien d&rsquo;\u00e9laborer un ensemble de mesures pour permettre, \u00e0 partir de 2025, uniquement l&rsquo;immatriculation de nouvelles voitures particuli\u00e8res et de camions l\u00e9gers \u00e0 \u00e9mission z\u00e9ro. \u00a075% des bus et 25% des camions devraient \u00e9galement \u00eatre z\u00e9ro \u00e9mission d&rsquo;ici 2030. La Norv\u00e8ge est actuellement le pays qui impose les r\u00e8gles les plus strictes en la mati\u00e8re<\/p>\n<p style=\"font-weight: 400; text-align: right;\"><strong>Michel Willems<\/strong><\/p>\n<p style=\"font-weight: 400; text-align: right;\"><strong>MOBILITAS<\/strong><\/p>\n","protected":false},"excerpt":{"rendered":"<p>Cette r\u00e9glementation vaut aussi pour les v\u00e9hicules plug-in hybrides. L&rsquo;accord est un prolongement du pack europ\u00e9en sur le climat \u00ab\u00a0Fit for 55\u00a0\u00bb. Celui-ci stipulait que les \u00e9missions de gaz \u00e0 effet de serre de l&rsquo;UE devaient \u00eatre r\u00e9duites d&rsquo;au moins 55 % d&rsquo;ici 2030 par rapport \u00e0 la situation de 1990. Plus pr\u00e9cis\u00e9ment, ce pack [&hellip;]<\/p>\n","protected":false},"author":11,"featured_media":8059,"comment_status":"closed","ping_status":"closed","sticky":false,"template":"","format":"standard","meta":{"_acf_changed":false,"footnotes":""},"categories":[91,101],"tags":[],"class_list":["post-8058","post","type-post","status-publish","format-standard","has-post-thumbnail","hentry","category-expertise-et-management","category-tax-legal"],"acf":[],"yoast_head":"<!-- This site is optimized with the Yoast SEO plugin v27.3 - https:\/\/yoast.com\/product\/yoast-seo-wordpress\/ -->\n<title>Le Parlement europ\u00e9en et les \u00e9tats membres sont parvenus \u00e0 un accord: fin des moteurs thermiques en 2035 - link2fleet<\/title>\n<meta name=\"description\" content=\"Ce jeudi 27 octobre 2022, apr\u00e8s d&rsquo;intenses n\u00e9gociations, un accord a \u00e9t\u00e9 trouv\u00e9 entre le Parlement europ\u00e9en et les \u00c9tats membres de l&rsquo;UE pour ne\u2026\" \/>\n<meta name=\"robots\" content=\"index, follow, max-snippet:-1, max-image-preview:large, max-video-preview:-1\" \/>\n<meta property=\"og:locale\" content=\"fr_FR\" \/>\n<meta property=\"og:type\" content=\"article\" \/>\n<meta property=\"og:title\" content=\"Le Parlement europ\u00e9en et les \u00e9tats membres sont parvenus \u00e0 un accord: fin des moteurs thermiques en 2035 - link2fleet\" \/>\n<meta property=\"og:description\" content=\"Ce jeudi 27 octobre 2022, apr\u00e8s d&rsquo;intenses n\u00e9gociations, un accord a \u00e9t\u00e9 trouv\u00e9 entre le Parlement europ\u00e9en et les \u00c9tats membres de l&rsquo;UE pour ne\u2026\" \/>\n<meta property=\"og:url\" content=\"https:\/\/www.link2fleet.com\/fr\/le-parlement-europeen-et-les-etats-membres-sont-parvenus-a-un-accord-fin-des-moteurs-thermiques-en-2035\/\" \/>\n<meta property=\"og:site_name\" content=\"link2fleet\" \/>\n<meta property=\"article:published_time\" content=\"2022-10-28T11:14:30+00:00\" \/>\n<meta property=\"og:image\" content=\"https:\/\/static.link2fleet.com\/wp-content\/uploads\/2024\/03\/2035.png\" \/>\n\t<meta property=\"og:image:width\" content=\"1683\" \/>\n\t<meta property=\"og:image:height\" content=\"1074\" \/>\n\t<meta property=\"og:image:type\" content=\"image\/png\" \/>\n<meta name=\"author\" content=\"Michel Willems - Mobilitas\" \/>\n<meta name=\"twitter:card\" content=\"summary_large_image\" \/>\n<meta name=\"twitter:description\" content=\"Ce jeudi 27 octobre 2022, apr\u00e8s d&rsquo;intenses n\u00e9gociations, un accord a \u00e9t\u00e9 trouv\u00e9 entre le Parlement europ\u00e9en et les \u00c9tats membres de l&rsquo;UE pour ne\u2026\" \/>\n<meta name=\"twitter:label1\" content=\"\u00c9crit par\" \/>\n\t<meta name=\"twitter:data1\" content=\"Michel Willems - Mobilitas\" \/>\n\t<meta name=\"twitter:label2\" content=\"Dur\u00e9e de lecture estim\u00e9e\" \/>\n\t<meta name=\"twitter:data2\" content=\"2 minutes\" \/>\n<script type=\"application\/ld+json\" class=\"yoast-schema-graph\">{\"@context\":\"https:\\\/\\\/schema.org\",\"@graph\":[{\"@type\":\"Article\",\"@id\":\"https:\\\/\\\/www.link2fleet.com\\\/fr\\\/le-parlement-europeen-et-les-etats-membres-sont-parvenus-a-un-accord-fin-des-moteurs-thermiques-en-2035\\\/#article\",\"isPartOf\":{\"@id\":\"https:\\\/\\\/www.link2fleet.com\\\/fr\\\/le-parlement-europeen-et-les-etats-membres-sont-parvenus-a-un-accord-fin-des-moteurs-thermiques-en-2035\\\/\"},\"author\":{\"name\":\"Michel Willems - Mobilitas\",\"@id\":\"https:\\\/\\\/www.link2fleet.com\\\/fr\\\/#\\\/schema\\\/person\\\/bd29f6a2c2427e85a70d3acf17303486\"},\"headline\":\"Le Parlement europ\u00e9en et les \u00e9tats membres sont parvenus \u00e0 un accord: fin des moteurs thermiques en 2035\",\"datePublished\":\"2022-10-28T11:14:30+00:00\",\"mainEntityOfPage\":{\"@id\":\"https:\\\/\\\/www.link2fleet.com\\\/fr\\\/le-parlement-europeen-et-les-etats-membres-sont-parvenus-a-un-accord-fin-des-moteurs-thermiques-en-2035\\\/\"},\"wordCount\":477,\"publisher\":{\"@id\":\"https:\\\/\\\/www.link2fleet.com\\\/fr\\\/#organization\"},\"image\":{\"@id\":\"https:\\\/\\\/www.link2fleet.com\\\/fr\\\/le-parlement-europeen-et-les-etats-membres-sont-parvenus-a-un-accord-fin-des-moteurs-thermiques-en-2035\\\/#primaryimage\"},\"thumbnailUrl\":\"https:\\\/\\\/static.link2fleet.com\\\/wp-content\\\/uploads\\\/2024\\\/03\\\/2035.png\",\"articleSection\":[\"Gestion de flotte\",\"Tax &amp; legal\"],\"inLanguage\":\"fr-FR\"},{\"@type\":\"WebPage\",\"@id\":\"https:\\\/\\\/www.link2fleet.com\\\/fr\\\/le-parlement-europeen-et-les-etats-membres-sont-parvenus-a-un-accord-fin-des-moteurs-thermiques-en-2035\\\/\",\"url\":\"https:\\\/\\\/www.link2fleet.com\\\/fr\\\/le-parlement-europeen-et-les-etats-membres-sont-parvenus-a-un-accord-fin-des-moteurs-thermiques-en-2035\\\/\",\"name\":\"Le Parlement europ\u00e9en et les \u00e9tats membres sont parvenus \u00e0 un accord: fin des moteurs thermiques en 2035 - link2fleet\",\"isPartOf\":{\"@id\":\"https:\\\/\\\/www.link2fleet.com\\\/fr\\\/#website\"},\"primaryImageOfPage\":{\"@id\":\"https:\\\/\\\/www.link2fleet.com\\\/fr\\\/le-parlement-europeen-et-les-etats-membres-sont-parvenus-a-un-accord-fin-des-moteurs-thermiques-en-2035\\\/#primaryimage\"},\"image\":{\"@id\":\"https:\\\/\\\/www.link2fleet.com\\\/fr\\\/le-parlement-europeen-et-les-etats-membres-sont-parvenus-a-un-accord-fin-des-moteurs-thermiques-en-2035\\\/#primaryimage\"},\"thumbnailUrl\":\"https:\\\/\\\/static.link2fleet.com\\\/wp-content\\\/uploads\\\/2024\\\/03\\\/2035.png\",\"datePublished\":\"2022-10-28T11:14:30+00:00\",\"breadcrumb\":{\"@id\":\"https:\\\/\\\/www.link2fleet.com\\\/fr\\\/le-parlement-europeen-et-les-etats-membres-sont-parvenus-a-un-accord-fin-des-moteurs-thermiques-en-2035\\\/#breadcrumb\"},\"inLanguage\":\"fr-FR\",\"potentialAction\":[{\"@type\":\"ReadAction\",\"target\":[\"https:\\\/\\\/www.link2fleet.com\\\/fr\\\/le-parlement-europeen-et-les-etats-membres-sont-parvenus-a-un-accord-fin-des-moteurs-thermiques-en-2035\\\/\"]}]},{\"@type\":\"ImageObject\",\"inLanguage\":\"fr-FR\",\"@id\":\"https:\\\/\\\/www.link2fleet.com\\\/fr\\\/le-parlement-europeen-et-les-etats-membres-sont-parvenus-a-un-accord-fin-des-moteurs-thermiques-en-2035\\\/#primaryimage\",\"url\":\"https:\\\/\\\/static.link2fleet.com\\\/wp-content\\\/uploads\\\/2024\\\/03\\\/2035.png\",\"contentUrl\":\"https:\\\/\\\/static.link2fleet.com\\\/wp-content\\\/uploads\\\/2024\\\/03\\\/2035.png\",\"width\":1683,\"height\":1074},{\"@type\":\"BreadcrumbList\",\"@id\":\"https:\\\/\\\/www.link2fleet.com\\\/fr\\\/le-parlement-europeen-et-les-etats-membres-sont-parvenus-a-un-accord-fin-des-moteurs-thermiques-en-2035\\\/#breadcrumb\",\"itemListElement\":[{\"@type\":\"ListItem\",\"position\":1,\"name\":\"Home\",\"item\":\"https:\\\/\\\/www.link2fleet.com\\\/fr\\\/\"},{\"@type\":\"ListItem\",\"position\":2,\"name\":\"Le Parlement europ\u00e9en et les \u00e9tats membres sont parvenus \u00e0 un accord: fin des moteurs thermiques en 2035\"}]},{\"@type\":\"WebSite\",\"@id\":\"https:\\\/\\\/www.link2fleet.com\\\/fr\\\/#website\",\"url\":\"https:\\\/\\\/www.link2fleet.com\\\/fr\\\/\",\"name\":\"Link2fleet\",\"description\":\"\",\"publisher\":{\"@id\":\"https:\\\/\\\/www.link2fleet.com\\\/fr\\\/#organization\"},\"potentialAction\":[{\"@type\":\"SearchAction\",\"target\":{\"@type\":\"EntryPoint\",\"urlTemplate\":\"https:\\\/\\\/www.link2fleet.com\\\/fr\\\/?s={search_term_string}\"},\"query-input\":{\"@type\":\"PropertyValueSpecification\",\"valueRequired\":true,\"valueName\":\"search_term_string\"}}],\"inLanguage\":\"fr-FR\"},{\"@type\":\"Organization\",\"@id\":\"https:\\\/\\\/www.link2fleet.com\\\/fr\\\/#organization\",\"name\":\"Link2fleet\",\"url\":\"https:\\\/\\\/www.link2fleet.com\\\/fr\\\/\",\"logo\":{\"@type\":\"ImageObject\",\"inLanguage\":\"fr-FR\",\"@id\":\"https:\\\/\\\/www.link2fleet.com\\\/fr\\\/#\\\/schema\\\/logo\\\/image\\\/\",\"url\":\"https:\\\/\\\/static.link2fleet.com\\\/wp-content\\\/uploads\\\/2024\\\/03\\\/share-image.jpg\",\"contentUrl\":\"https:\\\/\\\/static.link2fleet.com\\\/wp-content\\\/uploads\\\/2024\\\/03\\\/share-image.jpg\",\"width\":1200,\"height\":630,\"caption\":\"Link2fleet\"},\"image\":{\"@id\":\"https:\\\/\\\/www.link2fleet.com\\\/fr\\\/#\\\/schema\\\/logo\\\/image\\\/\"},\"sameAs\":[\"https:\\\/\\\/www.linkedin.com\\\/company\\\/link2fleet-belgium\",\"https:\\\/\\\/www.youtube.com\\\/user\\\/MMMBMBE\"]},{\"@type\":\"Person\",\"@id\":\"https:\\\/\\\/www.link2fleet.com\\\/fr\\\/#\\\/schema\\\/person\\\/bd29f6a2c2427e85a70d3acf17303486\",\"name\":\"Michel Willems - Mobilitas\",\"image\":{\"@type\":\"ImageObject\",\"inLanguage\":\"fr-FR\",\"@id\":\"https:\\\/\\\/secure.gravatar.com\\\/avatar\\\/c937de514893d5b69b3b52ee88664fd4879b786925b6742dc7891d347f167414?s=96&d=mm&r=g\",\"url\":\"https:\\\/\\\/secure.gravatar.com\\\/avatar\\\/c937de514893d5b69b3b52ee88664fd4879b786925b6742dc7891d347f167414?s=96&d=mm&r=g\",\"contentUrl\":\"https:\\\/\\\/secure.gravatar.com\\\/avatar\\\/c937de514893d5b69b3b52ee88664fd4879b786925b6742dc7891d347f167414?s=96&d=mm&r=g\",\"caption\":\"Michel Willems - Mobilitas\"}}]}<\/script>\n<!-- \/ Yoast SEO plugin. -->","yoast_head_json":{"title":"Le Parlement europ\u00e9en et les \u00e9tats membres sont parvenus \u00e0 un accord: fin des moteurs thermiques en 2035 - link2fleet","description":"Ce jeudi 27 octobre 2022, apr\u00e8s d&rsquo;intenses n\u00e9gociations, un accord a \u00e9t\u00e9 trouv\u00e9 entre le Parlement europ\u00e9en et les \u00c9tats membres de l&rsquo;UE pour ne\u2026","robots":{"index":"index","follow":"follow","max-snippet":"max-snippet:-1","max-image-preview":"max-image-preview:large","max-video-preview":"max-video-preview:-1"},"og_locale":"fr_FR","og_type":"article","og_title":"Le Parlement europ\u00e9en et les \u00e9tats membres sont parvenus \u00e0 un accord: fin des moteurs thermiques en 2035 - link2fleet","og_description":"Ce jeudi 27 octobre 2022, apr\u00e8s d&rsquo;intenses n\u00e9gociations, un accord a \u00e9t\u00e9 trouv\u00e9 entre le Parlement europ\u00e9en et les \u00c9tats membres de l&rsquo;UE pour ne\u2026","og_url":"https:\/\/www.link2fleet.com\/fr\/le-parlement-europeen-et-les-etats-membres-sont-parvenus-a-un-accord-fin-des-moteurs-thermiques-en-2035\/","og_site_name":"link2fleet","article_published_time":"2022-10-28T11:14:30+00:00","og_image":[{"width":1683,"height":1074,"url":"https:\/\/static.link2fleet.com\/wp-content\/uploads\/2024\/03\/2035.png","type":"image\/png"}],"author":"Michel Willems - Mobilitas","twitter_card":"summary_large_image","twitter_description":"Ce jeudi 27 octobre 2022, apr\u00e8s d&rsquo;intenses n\u00e9gociations, un accord a \u00e9t\u00e9 trouv\u00e9 entre le Parlement europ\u00e9en et les \u00c9tats membres de l&rsquo;UE pour ne\u2026","twitter_misc":{"\u00c9crit par":"Michel Willems - Mobilitas","Dur\u00e9e de lecture estim\u00e9e":"2 minutes"},"schema":{"@context":"https:\/\/schema.org","@graph":[{"@type":"Article","@id":"https:\/\/www.link2fleet.com\/fr\/le-parlement-europeen-et-les-etats-membres-sont-parvenus-a-un-accord-fin-des-moteurs-thermiques-en-2035\/#article","isPartOf":{"@id":"https:\/\/www.link2fleet.com\/fr\/le-parlement-europeen-et-les-etats-membres-sont-parvenus-a-un-accord-fin-des-moteurs-thermiques-en-2035\/"},"author":{"name":"Michel Willems - Mobilitas","@id":"https:\/\/www.link2fleet.com\/fr\/#\/schema\/person\/bd29f6a2c2427e85a70d3acf17303486"},"headline":"Le Parlement europ\u00e9en et les \u00e9tats membres sont parvenus \u00e0 un accord: fin des moteurs thermiques en 2035","datePublished":"2022-10-28T11:14:30+00:00","mainEntityOfPage":{"@id":"https:\/\/www.link2fleet.com\/fr\/le-parlement-europeen-et-les-etats-membres-sont-parvenus-a-un-accord-fin-des-moteurs-thermiques-en-2035\/"},"wordCount":477,"publisher":{"@id":"https:\/\/www.link2fleet.com\/fr\/#organization"},"image":{"@id":"https:\/\/www.link2fleet.com\/fr\/le-parlement-europeen-et-les-etats-membres-sont-parvenus-a-un-accord-fin-des-moteurs-thermiques-en-2035\/#primaryimage"},"thumbnailUrl":"https:\/\/static.link2fleet.com\/wp-content\/uploads\/2024\/03\/2035.png","articleSection":["Gestion de flotte","Tax &amp; legal"],"inLanguage":"fr-FR"},{"@type":"WebPage","@id":"https:\/\/www.link2fleet.com\/fr\/le-parlement-europeen-et-les-etats-membres-sont-parvenus-a-un-accord-fin-des-moteurs-thermiques-en-2035\/","url":"https:\/\/www.link2fleet.com\/fr\/le-parlement-europeen-et-les-etats-membres-sont-parvenus-a-un-accord-fin-des-moteurs-thermiques-en-2035\/","name":"Le Parlement europ\u00e9en et les \u00e9tats membres sont parvenus \u00e0 un accord: fin des moteurs thermiques en 2035 - link2fleet","isPartOf":{"@id":"https:\/\/www.link2fleet.com\/fr\/#website"},"primaryImageOfPage":{"@id":"https:\/\/www.link2fleet.com\/fr\/le-parlement-europeen-et-les-etats-membres-sont-parvenus-a-un-accord-fin-des-moteurs-thermiques-en-2035\/#primaryimage"},"image":{"@id":"https:\/\/www.link2fleet.com\/fr\/le-parlement-europeen-et-les-etats-membres-sont-parvenus-a-un-accord-fin-des-moteurs-thermiques-en-2035\/#primaryimage"},"thumbnailUrl":"https:\/\/static.link2fleet.com\/wp-content\/uploads\/2024\/03\/2035.png","datePublished":"2022-10-28T11:14:30+00:00","breadcrumb":{"@id":"https:\/\/www.link2fleet.com\/fr\/le-parlement-europeen-et-les-etats-membres-sont-parvenus-a-un-accord-fin-des-moteurs-thermiques-en-2035\/#breadcrumb"},"inLanguage":"fr-FR","potentialAction":[{"@type":"ReadAction","target":["https:\/\/www.link2fleet.com\/fr\/le-parlement-europeen-et-les-etats-membres-sont-parvenus-a-un-accord-fin-des-moteurs-thermiques-en-2035\/"]}]},{"@type":"ImageObject","inLanguage":"fr-FR","@id":"https:\/\/www.link2fleet.com\/fr\/le-parlement-europeen-et-les-etats-membres-sont-parvenus-a-un-accord-fin-des-moteurs-thermiques-en-2035\/#primaryimage","url":"https:\/\/static.link2fleet.com\/wp-content\/uploads\/2024\/03\/2035.png","contentUrl":"https:\/\/static.link2fleet.com\/wp-content\/uploads\/2024\/03\/2035.png","width":1683,"height":1074},{"@type":"BreadcrumbList","@id":"https:\/\/www.link2fleet.com\/fr\/le-parlement-europeen-et-les-etats-membres-sont-parvenus-a-un-accord-fin-des-moteurs-thermiques-en-2035\/#breadcrumb","itemListElement":[{"@type":"ListItem","position":1,"name":"Home","item":"https:\/\/www.link2fleet.com\/fr\/"},{"@type":"ListItem","position":2,"name":"Le Parlement europ\u00e9en et les \u00e9tats membres sont parvenus \u00e0 un accord: fin des moteurs thermiques en 2035"}]},{"@type":"WebSite","@id":"https:\/\/www.link2fleet.com\/fr\/#website","url":"https:\/\/www.link2fleet.com\/fr\/","name":"Link2fleet","description":"","publisher":{"@id":"https:\/\/www.link2fleet.com\/fr\/#organization"},"potentialAction":[{"@type":"SearchAction","target":{"@type":"EntryPoint","urlTemplate":"https:\/\/www.link2fleet.com\/fr\/?s={search_term_string}"},"query-input":{"@type":"PropertyValueSpecification","valueRequired":true,"valueName":"search_term_string"}}],"inLanguage":"fr-FR"},{"@type":"Organization","@id":"https:\/\/www.link2fleet.com\/fr\/#organization","name":"Link2fleet","url":"https:\/\/www.link2fleet.com\/fr\/","logo":{"@type":"ImageObject","inLanguage":"fr-FR","@id":"https:\/\/www.link2fleet.com\/fr\/#\/schema\/logo\/image\/","url":"https:\/\/static.link2fleet.com\/wp-content\/uploads\/2024\/03\/share-image.jpg","contentUrl":"https:\/\/static.link2fleet.com\/wp-content\/uploads\/2024\/03\/share-image.jpg","width":1200,"height":630,"caption":"Link2fleet"},"image":{"@id":"https:\/\/www.link2fleet.com\/fr\/#\/schema\/logo\/image\/"},"sameAs":["https:\/\/www.linkedin.com\/company\/link2fleet-belgium","https:\/\/www.youtube.com\/user\/MMMBMBE"]},{"@type":"Person","@id":"https:\/\/www.link2fleet.com\/fr\/#\/schema\/person\/bd29f6a2c2427e85a70d3acf17303486","name":"Michel Willems - Mobilitas","image":{"@type":"ImageObject","inLanguage":"fr-FR","@id":"https:\/\/secure.gravatar.com\/avatar\/c937de514893d5b69b3b52ee88664fd4879b786925b6742dc7891d347f167414?s=96&d=mm&r=g","url":"https:\/\/secure.gravatar.com\/avatar\/c937de514893d5b69b3b52ee88664fd4879b786925b6742dc7891d347f167414?s=96&d=mm&r=g","contentUrl":"https:\/\/secure.gravatar.com\/avatar\/c937de514893d5b69b3b52ee88664fd4879b786925b6742dc7891d347f167414?s=96&d=mm&r=g","caption":"Michel Willems - Mobilitas"}}]}},"_links":{"self":[{"href":"https:\/\/www.link2fleet.com\/fr\/wp-json\/wp\/v2\/posts\/8058","targetHints":{"allow":["GET"]}}],"collection":[{"href":"https:\/\/www.link2fleet.com\/fr\/wp-json\/wp\/v2\/posts"}],"about":[{"href":"https:\/\/www.link2fleet.com\/fr\/wp-json\/wp\/v2\/types\/post"}],"author":[{"embeddable":true,"href":"https:\/\/www.link2fleet.com\/fr\/wp-json\/wp\/v2\/users\/11"}],"replies":[{"embeddable":true,"href":"https:\/\/www.link2fleet.com\/fr\/wp-json\/wp\/v2\/comments?post=8058"}],"version-history":[{"count":0,"href":"https:\/\/www.link2fleet.com\/fr\/wp-json\/wp\/v2\/posts\/8058\/revisions"}],"wp:featuredmedia":[{"embeddable":true,"href":"https:\/\/www.link2fleet.com\/fr\/wp-json\/wp\/v2\/media\/8059"}],"wp:attachment":[{"href":"https:\/\/www.link2fleet.com\/fr\/wp-json\/wp\/v2\/media?parent=8058"}],"wp:term":[{"taxonomy":"category","embeddable":true,"href":"https:\/\/www.link2fleet.com\/fr\/wp-json\/wp\/v2\/categories?post=8058"},{"taxonomy":"post_tag","embeddable":true,"href":"https:\/\/www.link2fleet.com\/fr\/wp-json\/wp\/v2\/tags?post=8058"}],"curies":[{"name":"wp","href":"https:\/\/api.w.org\/{rel}","templated":true}]}}