{"id":8111,"date":"2022-11-10T10:52:03","date_gmt":"2022-11-10T09:52:03","guid":{"rendered":"https:\/\/www.link2fleet.com\/la-mobilite-de-demain-facilitee-aujourdhui\/"},"modified":"2022-11-10T10:52:03","modified_gmt":"2022-11-10T09:52:03","slug":"la-mobilite-de-demain-facilitee-aujourdhui","status":"publish","type":"post","link":"https:\/\/www.link2fleet.com\/fr\/la-mobilite-de-demain-facilitee-aujourdhui\/","title":{"rendered":"La mobilit\u00e9 de demain, facilit\u00e9e aujourd&rsquo;hui"},"content":{"rendered":"<p style=\"font-weight: 400;\"><strong>Pr\u00e9parez l\u2019avenir, d\u00e8s maintenant\u00a0!<\/strong><\/p>\n<p style=\"font-weight: 400;\"><a href=\"https:\/\/www.link2fleet.com\/wp-content\/uploads\/2022\/11\/ALP_0110_woman_man_exchange_key.jpg\"><img loading=\"lazy\" decoding=\"async\" class=\"alignright size-medium wp-image-1286013\" src=\"https:\/\/www.link2fleet.com\/wp-content\/uploads\/2022\/11\/ALP_0110_woman_man_exchange_key-300x200.jpg\" alt=\"\" width=\"300\" height=\"200\" \/><\/a>Le secteur de la mobilit\u00e9 \u00e9volue \u00e0 un rythme effr\u00e9n\u00e9 et la fiscalit\u00e9 subit de profonds changements. Alphabet, votre partenaire de mobilit\u00e9, joue un r\u00f4le important dans cette transformation. Pionniers de la mobilit\u00e9 durable, mais \u00e9galement un r\u00f4le de conseil. Alphabet vous aide \u00e0 mieux g\u00e9rer l\u2019offre de v\u00e9hicules \u00ab\u00a0verts\u00a0\u00bb et \u00e9clairons pour vous la complexe politique du gouvernement. Depuis 2014, Alphabet regarde r\u00e9solument vers l\u2019avenir en proposant un large \u00e9ventail de solutions de mobilit\u00e9 alternative et d\u2019e-mobility. Et l\u2019avenir, c\u2019est demain. \u00c0 partir de 2023, le seul incitant f\u00e9d\u00e9ral \u00e0 l\u2019\u00e9cologisation des flottes d\u2019entreprise consistera en un avantage fiscal accord\u00e9 aux voitures de soci\u00e9t\u00e9 \u00e9lectriques. Les voitures \u00e0 essence et au diesel et les v\u00e9hicules hybrides rechargeables seront donc bien moins int\u00e9ressants.<\/p>\n<p style=\"font-weight: 400;\">\n<p style=\"font-weight: 400;\"><strong>Expertise et outils<\/strong><\/p>\n<p style=\"font-weight: 400;\"><a href=\"https:\/\/www.link2fleet.com\/wp-content\/uploads\/2022\/11\/ALP_0088_ev_mini_charging_colleagues_talking.jpg\"><img loading=\"lazy\" decoding=\"async\" class=\"alignleft size-medium wp-image-1286011\" src=\"https:\/\/www.link2fleet.com\/wp-content\/uploads\/2022\/11\/ALP_0088_ev_mini_charging_colleagues_talking-300x216.jpg\" alt=\"\" width=\"300\" height=\"216\" \/><\/a>Offrir \u00e0 vos collaborateurs la m\u00eame facilit\u00e9 d\u2019utilisation et le m\u00eame confort avec des solutions de mobilit\u00e9 alternative qu\u2019avec les voitures de soci\u00e9t\u00e9 classiques\u00a0? Alphabet vous aide \u00e0 relever le d\u00e9fi. Quelles sont les combinaisons de solutions dont ont besoin vos collaborateurs\u00a0? Sont-elles int\u00e9ressantes d\u2019un point de vue fiscal\u00a0? Et \u00e0 quoi ressemble la politique de mobilit\u00e9 id\u00e9ale pour votre entreprise\u00a0? Toutes sortes de questions auxquelles Alphabet peut apporter une r\u00e9ponse, gr\u00e2ce \u00e0 des ann\u00e9es d\u2019exp\u00e9rience et \u00e0 des outils intelligents tels que Fleet Agent et l\u2019Alphabet App.<\/p>\n<p style=\"font-weight: 400;\">\n<p style=\"font-weight: 400;\"><strong>Objectif\u00a0: facilit\u00e9. En ligne aussi.<\/strong><\/p>\n<p style=\"font-weight: 400;\">La refonte du site d\u2019Alphabet est une \u00e9tape de la mission\u00a0: rendre la mobilit\u00e9 (durable) facile et confortable. En effet, la nouvelle structure, organis\u00e9e en blocs d\u2019informations, est plus lisible et facile \u00e0 naviguer. Vous trouverez plus rapidement les solutions de mobilit\u00e9s d\u2019Alphabet et ses outils et services. Sans compter les actualit\u00e9s et tendances en mati\u00e8re de mobilit\u00e9, car Alphabet suit le paysage de la mobilit\u00e9 de tr\u00e8s pr\u00e8s et vous dit tout.<\/p>\n<p style=\"font-weight: 400;\">\n<p style=\"font-weight: 400;\">Voyez par vous-m\u00eame, sur <a href=\"http:\/\/www.alphabet.be\/\">www.alphabet.be<\/a><\/p>\n","protected":false},"excerpt":{"rendered":"<p>Pr\u00e9parez l\u2019avenir, d\u00e8s maintenant\u00a0! Le secteur de la mobilit\u00e9 \u00e9volue \u00e0 un rythme effr\u00e9n\u00e9 et la fiscalit\u00e9 subit de profonds changements. Alphabet, votre partenaire de mobilit\u00e9, joue un r\u00f4le important dans cette transformation. Pionniers de la mobilit\u00e9 durable, mais \u00e9galement un r\u00f4le de conseil. Alphabet vous aide \u00e0 mieux g\u00e9rer l\u2019offre de v\u00e9hicules \u00ab\u00a0verts\u00a0\u00bb et [&hellip;]<\/p>\n","protected":false},"author":4,"featured_media":8112,"comment_status":"closed","ping_status":"closed","sticky":false,"template":"","format":"standard","meta":{"_acf_changed":false,"footnotes":""},"categories":[91,79],"tags":[],"class_list":["post-8111","post","type-post","status-publish","format-standard","has-post-thumbnail","hentry","category-expertise-et-management","category-societes-de-leasing"],"acf":[],"yoast_head":"<!-- This site is optimized with the Yoast SEO plugin v27.3 - https:\/\/yoast.com\/product\/yoast-seo-wordpress\/ -->\n<title>La mobilit\u00e9 de demain, facilit\u00e9e aujourd&#039;hui - link2fleet<\/title>\n<meta name=\"description\" content=\"Avec un nombre record de postes vacants, la \u00ab guerre des talents \u00bb fait plus que jamais rage. Malheureusement, cela fait bien longtemps qu&rsquo;un bon\u2026\" \/>\n<meta name=\"robots\" content=\"index, follow, max-snippet:-1, max-image-preview:large, max-video-preview:-1\" \/>\n<meta property=\"og:locale\" content=\"fr_FR\" \/>\n<meta property=\"og:type\" content=\"article\" \/>\n<meta property=\"og:title\" content=\"La mobilit\u00e9 de demain, facilit\u00e9e aujourd&#039;hui - link2fleet\" \/>\n<meta property=\"og:description\" content=\"Avec un nombre record de postes vacants, la \u00ab guerre des talents \u00bb fait plus que jamais rage. Malheureusement, cela fait bien longtemps qu&rsquo;un bon\u2026\" \/>\n<meta property=\"og:url\" content=\"https:\/\/www.link2fleet.com\/fr\/la-mobilite-de-demain-facilitee-aujourdhui\/\" \/>\n<meta property=\"og:site_name\" content=\"link2fleet\" \/>\n<meta property=\"article:published_time\" content=\"2022-11-10T09:52:03+00:00\" \/>\n<meta property=\"og:image\" content=\"https:\/\/static.link2fleet.com\/wp-content\/uploads\/2024\/03\/alp-0088-ev-mini-charging-colleagues-talking.jpg\" \/>\n\t<meta property=\"og:image:width\" content=\"2316\" \/>\n\t<meta property=\"og:image:height\" content=\"1667\" \/>\n\t<meta property=\"og:image:type\" content=\"image\/jpeg\" \/>\n<meta name=\"author\" content=\"Damien Malvetti\" \/>\n<meta name=\"twitter:card\" content=\"summary_large_image\" \/>\n<meta name=\"twitter:description\" content=\"Avec un nombre record de postes vacants, la \u00ab guerre des talents \u00bb fait plus que jamais rage. Malheureusement, cela fait bien longtemps qu&rsquo;un bon\u2026\" \/>\n<meta name=\"twitter:label1\" content=\"\u00c9crit par\" \/>\n\t<meta name=\"twitter:data1\" content=\"Damien Malvetti\" \/>\n\t<meta name=\"twitter:label2\" content=\"Dur\u00e9e de lecture estim\u00e9e\" \/>\n\t<meta name=\"twitter:data2\" content=\"2 minutes\" \/>\n<script type=\"application\/ld+json\" class=\"yoast-schema-graph\">{\"@context\":\"https:\\\/\\\/schema.org\",\"@graph\":[{\"@type\":\"Article\",\"@id\":\"https:\\\/\\\/www.link2fleet.com\\\/fr\\\/la-mobilite-de-demain-facilitee-aujourdhui\\\/#article\",\"isPartOf\":{\"@id\":\"https:\\\/\\\/www.link2fleet.com\\\/fr\\\/la-mobilite-de-demain-facilitee-aujourdhui\\\/\"},\"author\":{\"name\":\"Damien Malvetti\",\"@id\":\"https:\\\/\\\/www.link2fleet.com\\\/fr\\\/#\\\/schema\\\/person\\\/027cd46113c78036b3809c9a054049da\"},\"headline\":\"La mobilit\u00e9 de demain, facilit\u00e9e aujourd&rsquo;hui\",\"datePublished\":\"2022-11-10T09:52:03+00:00\",\"mainEntityOfPage\":{\"@id\":\"https:\\\/\\\/www.link2fleet.com\\\/fr\\\/la-mobilite-de-demain-facilitee-aujourdhui\\\/\"},\"wordCount\":344,\"publisher\":{\"@id\":\"https:\\\/\\\/www.link2fleet.com\\\/fr\\\/#organization\"},\"image\":{\"@id\":\"https:\\\/\\\/www.link2fleet.com\\\/fr\\\/la-mobilite-de-demain-facilitee-aujourdhui\\\/#primaryimage\"},\"thumbnailUrl\":\"https:\\\/\\\/static.link2fleet.com\\\/wp-content\\\/uploads\\\/2024\\\/03\\\/alp-0088-ev-mini-charging-colleagues-talking.jpg\",\"articleSection\":[\"Gestion de flotte\",\"Location long-terme\"],\"inLanguage\":\"fr-FR\"},{\"@type\":\"WebPage\",\"@id\":\"https:\\\/\\\/www.link2fleet.com\\\/fr\\\/la-mobilite-de-demain-facilitee-aujourdhui\\\/\",\"url\":\"https:\\\/\\\/www.link2fleet.com\\\/fr\\\/la-mobilite-de-demain-facilitee-aujourdhui\\\/\",\"name\":\"La mobilit\u00e9 de demain, facilit\u00e9e aujourd'hui - link2fleet\",\"isPartOf\":{\"@id\":\"https:\\\/\\\/www.link2fleet.com\\\/fr\\\/#website\"},\"primaryImageOfPage\":{\"@id\":\"https:\\\/\\\/www.link2fleet.com\\\/fr\\\/la-mobilite-de-demain-facilitee-aujourdhui\\\/#primaryimage\"},\"image\":{\"@id\":\"https:\\\/\\\/www.link2fleet.com\\\/fr\\\/la-mobilite-de-demain-facilitee-aujourdhui\\\/#primaryimage\"},\"thumbnailUrl\":\"https:\\\/\\\/static.link2fleet.com\\\/wp-content\\\/uploads\\\/2024\\\/03\\\/alp-0088-ev-mini-charging-colleagues-talking.jpg\",\"datePublished\":\"2022-11-10T09:52:03+00:00\",\"breadcrumb\":{\"@id\":\"https:\\\/\\\/www.link2fleet.com\\\/fr\\\/la-mobilite-de-demain-facilitee-aujourdhui\\\/#breadcrumb\"},\"inLanguage\":\"fr-FR\",\"potentialAction\":[{\"@type\":\"ReadAction\",\"target\":[\"https:\\\/\\\/www.link2fleet.com\\\/fr\\\/la-mobilite-de-demain-facilitee-aujourdhui\\\/\"]}]},{\"@type\":\"ImageObject\",\"inLanguage\":\"fr-FR\",\"@id\":\"https:\\\/\\\/www.link2fleet.com\\\/fr\\\/la-mobilite-de-demain-facilitee-aujourdhui\\\/#primaryimage\",\"url\":\"https:\\\/\\\/static.link2fleet.com\\\/wp-content\\\/uploads\\\/2024\\\/03\\\/alp-0088-ev-mini-charging-colleagues-talking.jpg\",\"contentUrl\":\"https:\\\/\\\/static.link2fleet.com\\\/wp-content\\\/uploads\\\/2024\\\/03\\\/alp-0088-ev-mini-charging-colleagues-talking.jpg\",\"width\":2316,\"height\":1667,\"caption\":\"|\"},{\"@type\":\"BreadcrumbList\",\"@id\":\"https:\\\/\\\/www.link2fleet.com\\\/fr\\\/la-mobilite-de-demain-facilitee-aujourdhui\\\/#breadcrumb\",\"itemListElement\":[{\"@type\":\"ListItem\",\"position\":1,\"name\":\"Home\",\"item\":\"https:\\\/\\\/www.link2fleet.com\\\/fr\\\/\"},{\"@type\":\"ListItem\",\"position\":2,\"name\":\"La mobilit\u00e9 de demain, facilit\u00e9e aujourd&#8217;hui\"}]},{\"@type\":\"WebSite\",\"@id\":\"https:\\\/\\\/www.link2fleet.com\\\/fr\\\/#website\",\"url\":\"https:\\\/\\\/www.link2fleet.com\\\/fr\\\/\",\"name\":\"Link2fleet\",\"description\":\"\",\"publisher\":{\"@id\":\"https:\\\/\\\/www.link2fleet.com\\\/fr\\\/#organization\"},\"potentialAction\":[{\"@type\":\"SearchAction\",\"target\":{\"@type\":\"EntryPoint\",\"urlTemplate\":\"https:\\\/\\\/www.link2fleet.com\\\/fr\\\/?s={search_term_string}\"},\"query-input\":{\"@type\":\"PropertyValueSpecification\",\"valueRequired\":true,\"valueName\":\"search_term_string\"}}],\"inLanguage\":\"fr-FR\"},{\"@type\":\"Organization\",\"@id\":\"https:\\\/\\\/www.link2fleet.com\\\/fr\\\/#organization\",\"name\":\"Link2fleet\",\"url\":\"https:\\\/\\\/www.link2fleet.com\\\/fr\\\/\",\"logo\":{\"@type\":\"ImageObject\",\"inLanguage\":\"fr-FR\",\"@id\":\"https:\\\/\\\/www.link2fleet.com\\\/fr\\\/#\\\/schema\\\/logo\\\/image\\\/\",\"url\":\"https:\\\/\\\/static.link2fleet.com\\\/wp-content\\\/uploads\\\/2024\\\/03\\\/share-image.jpg\",\"contentUrl\":\"https:\\\/\\\/static.link2fleet.com\\\/wp-content\\\/uploads\\\/2024\\\/03\\\/share-image.jpg\",\"width\":1200,\"height\":630,\"caption\":\"Link2fleet\"},\"image\":{\"@id\":\"https:\\\/\\\/www.link2fleet.com\\\/fr\\\/#\\\/schema\\\/logo\\\/image\\\/\"},\"sameAs\":[\"https:\\\/\\\/www.linkedin.com\\\/company\\\/link2fleet-belgium\",\"https:\\\/\\\/www.youtube.com\\\/user\\\/MMMBMBE\"]},{\"@type\":\"Person\",\"@id\":\"https:\\\/\\\/www.link2fleet.com\\\/fr\\\/#\\\/schema\\\/person\\\/027cd46113c78036b3809c9a054049da\",\"name\":\"Damien Malvetti\",\"image\":{\"@type\":\"ImageObject\",\"inLanguage\":\"fr-FR\",\"@id\":\"https:\\\/\\\/secure.gravatar.com\\\/avatar\\\/dd8cc03b49466c735f753ac37f8caa371af16dfed347456ed61f02883255eebb?s=96&d=mm&r=g\",\"url\":\"https:\\\/\\\/secure.gravatar.com\\\/avatar\\\/dd8cc03b49466c735f753ac37f8caa371af16dfed347456ed61f02883255eebb?s=96&d=mm&r=g\",\"contentUrl\":\"https:\\\/\\\/secure.gravatar.com\\\/avatar\\\/dd8cc03b49466c735f753ac37f8caa371af16dfed347456ed61f02883255eebb?s=96&d=mm&r=g\",\"caption\":\"Damien Malvetti\"},\"description\":\"Damien Malvetti is opgeleid als journalist en gepassioneerd door wagens, technologie en mobiliteit. Hij is verantwoordelijk voor de redactionele inhoud van link2fleet en beschikt over een uitgebreide kennis van de fleet-sector en elektrische mobiliteit.\",\"sameAs\":[\"https:\\\/\\\/www.linkedin.com\\\/in\\\/damien-malvetti-56601142\\\/\"]}]}<\/script>\n<!-- \/ Yoast SEO plugin. -->","yoast_head_json":{"title":"La mobilit\u00e9 de demain, facilit\u00e9e aujourd'hui - link2fleet","description":"Avec un nombre record de postes vacants, la \u00ab guerre des talents \u00bb fait plus que jamais rage. Malheureusement, cela fait bien longtemps qu&rsquo;un bon\u2026","robots":{"index":"index","follow":"follow","max-snippet":"max-snippet:-1","max-image-preview":"max-image-preview:large","max-video-preview":"max-video-preview:-1"},"og_locale":"fr_FR","og_type":"article","og_title":"La mobilit\u00e9 de demain, facilit\u00e9e aujourd'hui - link2fleet","og_description":"Avec un nombre record de postes vacants, la \u00ab guerre des talents \u00bb fait plus que jamais rage. Malheureusement, cela fait bien longtemps qu&rsquo;un bon\u2026","og_url":"https:\/\/www.link2fleet.com\/fr\/la-mobilite-de-demain-facilitee-aujourdhui\/","og_site_name":"link2fleet","article_published_time":"2022-11-10T09:52:03+00:00","og_image":[{"width":2316,"height":1667,"url":"https:\/\/static.link2fleet.com\/wp-content\/uploads\/2024\/03\/alp-0088-ev-mini-charging-colleagues-talking.jpg","type":"image\/jpeg"}],"author":"Damien Malvetti","twitter_card":"summary_large_image","twitter_description":"Avec un nombre record de postes vacants, la \u00ab guerre des talents \u00bb fait plus que jamais rage. Malheureusement, cela fait bien longtemps qu&rsquo;un bon\u2026","twitter_misc":{"\u00c9crit par":"Damien Malvetti","Dur\u00e9e de lecture estim\u00e9e":"2 minutes"},"schema":{"@context":"https:\/\/schema.org","@graph":[{"@type":"Article","@id":"https:\/\/www.link2fleet.com\/fr\/la-mobilite-de-demain-facilitee-aujourdhui\/#article","isPartOf":{"@id":"https:\/\/www.link2fleet.com\/fr\/la-mobilite-de-demain-facilitee-aujourdhui\/"},"author":{"name":"Damien Malvetti","@id":"https:\/\/www.link2fleet.com\/fr\/#\/schema\/person\/027cd46113c78036b3809c9a054049da"},"headline":"La mobilit\u00e9 de demain, facilit\u00e9e aujourd&rsquo;hui","datePublished":"2022-11-10T09:52:03+00:00","mainEntityOfPage":{"@id":"https:\/\/www.link2fleet.com\/fr\/la-mobilite-de-demain-facilitee-aujourdhui\/"},"wordCount":344,"publisher":{"@id":"https:\/\/www.link2fleet.com\/fr\/#organization"},"image":{"@id":"https:\/\/www.link2fleet.com\/fr\/la-mobilite-de-demain-facilitee-aujourdhui\/#primaryimage"},"thumbnailUrl":"https:\/\/static.link2fleet.com\/wp-content\/uploads\/2024\/03\/alp-0088-ev-mini-charging-colleagues-talking.jpg","articleSection":["Gestion de flotte","Location long-terme"],"inLanguage":"fr-FR"},{"@type":"WebPage","@id":"https:\/\/www.link2fleet.com\/fr\/la-mobilite-de-demain-facilitee-aujourdhui\/","url":"https:\/\/www.link2fleet.com\/fr\/la-mobilite-de-demain-facilitee-aujourdhui\/","name":"La mobilit\u00e9 de demain, facilit\u00e9e aujourd'hui - link2fleet","isPartOf":{"@id":"https:\/\/www.link2fleet.com\/fr\/#website"},"primaryImageOfPage":{"@id":"https:\/\/www.link2fleet.com\/fr\/la-mobilite-de-demain-facilitee-aujourdhui\/#primaryimage"},"image":{"@id":"https:\/\/www.link2fleet.com\/fr\/la-mobilite-de-demain-facilitee-aujourdhui\/#primaryimage"},"thumbnailUrl":"https:\/\/static.link2fleet.com\/wp-content\/uploads\/2024\/03\/alp-0088-ev-mini-charging-colleagues-talking.jpg","datePublished":"2022-11-10T09:52:03+00:00","breadcrumb":{"@id":"https:\/\/www.link2fleet.com\/fr\/la-mobilite-de-demain-facilitee-aujourdhui\/#breadcrumb"},"inLanguage":"fr-FR","potentialAction":[{"@type":"ReadAction","target":["https:\/\/www.link2fleet.com\/fr\/la-mobilite-de-demain-facilitee-aujourdhui\/"]}]},{"@type":"ImageObject","inLanguage":"fr-FR","@id":"https:\/\/www.link2fleet.com\/fr\/la-mobilite-de-demain-facilitee-aujourdhui\/#primaryimage","url":"https:\/\/static.link2fleet.com\/wp-content\/uploads\/2024\/03\/alp-0088-ev-mini-charging-colleagues-talking.jpg","contentUrl":"https:\/\/static.link2fleet.com\/wp-content\/uploads\/2024\/03\/alp-0088-ev-mini-charging-colleagues-talking.jpg","width":2316,"height":1667,"caption":"|"},{"@type":"BreadcrumbList","@id":"https:\/\/www.link2fleet.com\/fr\/la-mobilite-de-demain-facilitee-aujourdhui\/#breadcrumb","itemListElement":[{"@type":"ListItem","position":1,"name":"Home","item":"https:\/\/www.link2fleet.com\/fr\/"},{"@type":"ListItem","position":2,"name":"La mobilit\u00e9 de demain, facilit\u00e9e aujourd&#8217;hui"}]},{"@type":"WebSite","@id":"https:\/\/www.link2fleet.com\/fr\/#website","url":"https:\/\/www.link2fleet.com\/fr\/","name":"Link2fleet","description":"","publisher":{"@id":"https:\/\/www.link2fleet.com\/fr\/#organization"},"potentialAction":[{"@type":"SearchAction","target":{"@type":"EntryPoint","urlTemplate":"https:\/\/www.link2fleet.com\/fr\/?s={search_term_string}"},"query-input":{"@type":"PropertyValueSpecification","valueRequired":true,"valueName":"search_term_string"}}],"inLanguage":"fr-FR"},{"@type":"Organization","@id":"https:\/\/www.link2fleet.com\/fr\/#organization","name":"Link2fleet","url":"https:\/\/www.link2fleet.com\/fr\/","logo":{"@type":"ImageObject","inLanguage":"fr-FR","@id":"https:\/\/www.link2fleet.com\/fr\/#\/schema\/logo\/image\/","url":"https:\/\/static.link2fleet.com\/wp-content\/uploads\/2024\/03\/share-image.jpg","contentUrl":"https:\/\/static.link2fleet.com\/wp-content\/uploads\/2024\/03\/share-image.jpg","width":1200,"height":630,"caption":"Link2fleet"},"image":{"@id":"https:\/\/www.link2fleet.com\/fr\/#\/schema\/logo\/image\/"},"sameAs":["https:\/\/www.linkedin.com\/company\/link2fleet-belgium","https:\/\/www.youtube.com\/user\/MMMBMBE"]},{"@type":"Person","@id":"https:\/\/www.link2fleet.com\/fr\/#\/schema\/person\/027cd46113c78036b3809c9a054049da","name":"Damien Malvetti","image":{"@type":"ImageObject","inLanguage":"fr-FR","@id":"https:\/\/secure.gravatar.com\/avatar\/dd8cc03b49466c735f753ac37f8caa371af16dfed347456ed61f02883255eebb?s=96&d=mm&r=g","url":"https:\/\/secure.gravatar.com\/avatar\/dd8cc03b49466c735f753ac37f8caa371af16dfed347456ed61f02883255eebb?s=96&d=mm&r=g","contentUrl":"https:\/\/secure.gravatar.com\/avatar\/dd8cc03b49466c735f753ac37f8caa371af16dfed347456ed61f02883255eebb?s=96&d=mm&r=g","caption":"Damien Malvetti"},"description":"Damien Malvetti is opgeleid als journalist en gepassioneerd door wagens, technologie en mobiliteit. Hij is verantwoordelijk voor de redactionele inhoud van link2fleet en beschikt over een uitgebreide kennis van de fleet-sector en elektrische mobiliteit.","sameAs":["https:\/\/www.linkedin.com\/in\/damien-malvetti-56601142\/"]}]}},"_links":{"self":[{"href":"https:\/\/www.link2fleet.com\/fr\/wp-json\/wp\/v2\/posts\/8111","targetHints":{"allow":["GET"]}}],"collection":[{"href":"https:\/\/www.link2fleet.com\/fr\/wp-json\/wp\/v2\/posts"}],"about":[{"href":"https:\/\/www.link2fleet.com\/fr\/wp-json\/wp\/v2\/types\/post"}],"author":[{"embeddable":true,"href":"https:\/\/www.link2fleet.com\/fr\/wp-json\/wp\/v2\/users\/4"}],"replies":[{"embeddable":true,"href":"https:\/\/www.link2fleet.com\/fr\/wp-json\/wp\/v2\/comments?post=8111"}],"version-history":[{"count":0,"href":"https:\/\/www.link2fleet.com\/fr\/wp-json\/wp\/v2\/posts\/8111\/revisions"}],"wp:featuredmedia":[{"embeddable":true,"href":"https:\/\/www.link2fleet.com\/fr\/wp-json\/wp\/v2\/media\/8112"}],"wp:attachment":[{"href":"https:\/\/www.link2fleet.com\/fr\/wp-json\/wp\/v2\/media?parent=8111"}],"wp:term":[{"taxonomy":"category","embeddable":true,"href":"https:\/\/www.link2fleet.com\/fr\/wp-json\/wp\/v2\/categories?post=8111"},{"taxonomy":"post_tag","embeddable":true,"href":"https:\/\/www.link2fleet.com\/fr\/wp-json\/wp\/v2\/tags?post=8111"}],"curies":[{"name":"wp","href":"https:\/\/api.w.org\/{rel}","templated":true}]}}