{"id":8115,"date":"2022-11-11T16:12:15","date_gmt":"2022-11-11T15:12:15","guid":{"rendered":"https:\/\/www.link2fleet.com\/ald-automotive-et-forest-fwd-plantent-1-850-arbres-en-peripherie-bruxelloise\/"},"modified":"2024-04-17T16:45:37","modified_gmt":"2024-04-17T14:45:37","slug":"ald-automotive-et-forest-fwd-plantent-1-850-arbres-en-peripherie-bruxelloise","status":"publish","type":"post","link":"https:\/\/www.link2fleet.com\/fr\/ald-automotive-et-forest-fwd-plantent-1-850-arbres-en-peripherie-bruxelloise\/","title":{"rendered":"ALD Automotive et Forest Fwd plantent 1\u202f850 arbres en p\u00e9riph\u00e9rie bruxelloise"},"content":{"rendered":"<p>Les salari\u00e9s d&rsquo;ALD Automotive, accompagn\u00e9s de leurs clients, de leur famille et de leurs amis, se sont r\u00e9unis en nombre pour planter leur nouvelle for\u00eat d\u2019entreprise. Celle-ci se situe au sein du boulevard de la Woluwe \u200b\u200b\u200b\u200b\u00e0 Zaventem afin d\u2019y d\u00e9velopper la biodiversit\u00e9 locale. En amont, ALD Automotive avait notamment sem\u00e9 <a title=\"https:\/\/www.aldautomotive.be\/fr\/mobilite\/blog\/ArticleID\/5231\" contenteditable=\"false\" href=\"https:\/\/www.aldautomotive.be\/fr\/mobilite\/blog\/ArticleID\/5231\">une prairie fleurie sur cette parcelle au printemps dernier<\/a> pour pr\u00e9parer au mieux le terrain.<\/p>\n<p>La nouvelle for\u00eat d\u2019entreprise d&rsquo;ALD Automotive s\u2019\u00e9tend sur 1,1 hectare, soit l\u2019\u00e9quivalent de deux terrains de football. ALD pr\u00e9voit \u00e9galement de prendre soin d\u2019une partie des espaces naturels d\u00e9j\u00e0 pr\u00e9sents dans les environs. L\u2019entreprise contribue ainsi \u00e0 la gestion et au d\u00e9veloppement \u00e9cologique de plus de 2,2 ha au cours des cinq prochaines ann\u00e9es.<\/p>\n<p><img decoding=\"async\" class=\"aligncenter\" src=\"https:\/\/userfiles.mailswitch.nl\/medialib\/4924171\/medialib\/ALD\/20221111-ALD-bedrijfsbos1.png\" alt=\"\" width=\"490\" \/><\/p>\n<p>&nbsp;<\/p>\n<p><strong>Employeur et partenaire responsable\u00a0<\/strong><br \/>\nLa plantation de la for\u00eat d&rsquo;entreprise fait partie des projets RSE d\u2019envergure d\u2019ALD Automotive. Ses \u00e9quipes ont d\u2019ailleurs r\u00e9ussi \u00e0 collecter 25\u202f000 euros via leurs actions.<\/p>\n<blockquote><p>\n<strong>Klaudija \u010casar Torkar, CEO d&rsquo;ALD Automotive<\/strong>, se r\u00e9jouit de la nouvelle campagne de plantation :<em> \u00ab Chez ALD Automotive, nous avons \u00e0 c\u0153ur d\u2019assumer le r\u00f4le d\u2019employeur et de partenaire responsable. Nous voulons donner l&rsquo;exemple pour un avenir durable. La plantation de cette for\u00eat est un projet de longue haleine. Notre but est de paver la voie \u00e0 un avenir o\u00f9 nous continuerons \u00e0 d\u00e9velopper les solutions les plus innovantes et durables possibles pour nos travailleurs, nos partenaires et nos clients. \u00bb\u00a0<\/em><\/p><\/blockquote>\n<p><strong>1 million d&rsquo;arbres dans le Brabant flamand\u00a0<\/strong><br \/>\nLa for\u00eat d\u2019entreprise d\u2019ALD Automative s\u2019int\u00e8gre \u00e0 un vaste programme mis en \u0153uvre par la commune de Zaventem, la Soci\u00e9t\u00e9 flamande de l&rsquo;environnement (VMM), le Paysage r\u00e9gional du \u00ab\u202fBrabantse Kouters\u202f\u00bb (RLBK), l&rsquo;Agence pour la nature et les for\u00eats, le Vlaams-Brabantse Bosgroep et Pro-Natura. Celui-ci a pour projet de cr\u00e9er des espaces verts accessibles dans la P\u00e9riph\u00e9rie Bruxelloise en Flandre, ainsi que de planter un million d&rsquo;arbres suppl\u00e9mentaires dans la province du Brabant flamand.<\/p>\n<blockquote><p><strong>Ingrid Holemans, bourgmestre de Zaventem<\/strong>, et <strong>l&rsquo;\u00e9chevin de l&rsquo;Am\u00e9nagement du territoire Bart Dewandeleer<\/strong> se sentent confiants pour l\u2019avenir : <em>\u00ab Zaventem s&rsquo;engage pleinement pour une nature plus accessible, pour ses habitants et pour un meilleur cadre de vie \u00bb.<br \/>\n<\/em><strong>Bart Nevens<\/strong>, adjoint \u00e0 l&rsquo;environnement de la province du Brabant flamand, ajoute :<em> \u00ab Cette initiative repr\u00e9sente une r\u00e9elle valeur ajout\u00e9e pour la biodiversit\u00e9 de la r\u00e9gion et pour ses habitants. \u00bb\u00a0<\/em><\/p><\/blockquote>\n<p><em><img decoding=\"async\" class=\"aligncenter\" src=\"https:\/\/userfiles.mailswitch.nl\/medialib\/4924171\/medialib\/ALD\/20221111-ALD-bedrijfsbos2.png\" alt=\"\" width=\"520\" \/><\/em><\/p>\n<p>&nbsp;<\/p>\n<p>De plus, <strong>la ministre flamande de l\u2019Environnement, Zuhal Demir<\/strong>, commente : <em>\u00ab Le gouvernement flamand souhaite planter 4 000 hectares de for\u00eat suppl\u00e9mentaire en Flandre d&rsquo;ici 2024. Le besoin de nature accessible est grand, surtout ici dans la p\u00e9riph\u00e9rie bruxelloise. Ces refuges naturels pour petits et grands sont sources d&rsquo;air sain et de fra\u00eecheur pendant les p\u00e9riodes de fortes chaleurs. C&rsquo;est pour cela que nous versons 153\u202f000 euros au projet Bordure verte (Groene Rand-prokect) \u00e0 Woluwedal, en collaboration avec l\u2019association du gouvernement flamand Agentschap voor Natuur en Bos. \u00bb\u00a0<\/em><\/p>\n<p>Forest Fwd sensibilise et accompagne les entreprises dans leurs actions pour un meilleur impact social. L\u2019association \u0153uvre \u00e0 travers plusieurs projets li\u00e9s \u00e0 la nature et aux for\u00eats dans toute la Belgique.<\/p>\n<blockquote><p><strong>Frank Missoul et Dajo Hermans, cofondateurs de Forest Fwd,<\/strong> partagent leur enthousiasme pour cette nouvelle campagne : <em>\u00ab Ce genre de prise de conscience montre que l&rsquo;on peut faire de grandes choses lorsque les entreprises et les gouvernements unissent leurs forces. Nous sommes confiants de l\u2019apport et de l\u2019impact positif de ce programme. Nous avons notamment s\u00e9lectionn\u00e9 des types d\u2019arbres intelligents capables d\u2019accro\u00eetre les efforts contre le r\u00e9chauffement climatique. \u00bb\u00a0<\/em><\/p><\/blockquote>\n","protected":false},"excerpt":{"rendered":"<p>Les salari\u00e9s d&rsquo;ALD Automotive, accompagn\u00e9s de leurs clients, de leur famille et de leurs amis, se sont r\u00e9unis en nombre pour planter leur nouvelle for\u00eat d\u2019entreprise. Celle-ci se situe au sein du boulevard de la Woluwe \u200b\u200b\u200b\u200b\u00e0 Zaventem afin d\u2019y d\u00e9velopper la biodiversit\u00e9 locale. En amont, ALD Automotive avait notamment sem\u00e9 une prairie fleurie sur [&hellip;]<\/p>\n","protected":false},"author":4,"featured_media":8116,"comment_status":"closed","ping_status":"closed","sticky":false,"template":"","format":"standard","meta":{"_acf_changed":false,"footnotes":""},"categories":[91,79],"tags":[],"class_list":["post-8115","post","type-post","status-publish","format-standard","has-post-thumbnail","hentry","category-expertise-et-management","category-societes-de-leasing"],"acf":[],"yoast_head":"<!-- This site is optimized with the Yoast SEO plugin v27.3 - https:\/\/yoast.com\/product\/yoast-seo-wordpress\/ -->\n<title>ALD Automotive et Forest Fwd plantent 1\u202f850 arbres en p\u00e9riph\u00e9rie bruxelloise - link2fleet<\/title>\n<meta name=\"description\" content=\"ALD Automotive inaugure la premi\u00e8re for\u00eat d\u2019entreprise durant cette saison de plantations. Pr\u00e8s de 2\u202f000 arbres seront ainsi plant\u00e9s dans le boulevard de la Woluwe\u2026\" \/>\n<meta name=\"robots\" content=\"index, follow, max-snippet:-1, max-image-preview:large, max-video-preview:-1\" \/>\n<meta property=\"og:locale\" content=\"fr_FR\" \/>\n<meta property=\"og:type\" content=\"article\" \/>\n<meta property=\"og:title\" content=\"ALD Automotive et Forest Fwd plantent 1\u202f850 arbres en p\u00e9riph\u00e9rie bruxelloise - link2fleet\" \/>\n<meta property=\"og:description\" content=\"ALD Automotive inaugure la premi\u00e8re for\u00eat d\u2019entreprise durant cette saison de plantations. Pr\u00e8s de 2\u202f000 arbres seront ainsi plant\u00e9s dans le boulevard de la Woluwe\u2026\" \/>\n<meta property=\"og:url\" content=\"https:\/\/www.link2fleet.com\/fr\/ald-automotive-et-forest-fwd-plantent-1-850-arbres-en-peripherie-bruxelloise\/\" \/>\n<meta property=\"og:site_name\" content=\"link2fleet\" \/>\n<meta property=\"article:published_time\" content=\"2022-11-11T15:12:15+00:00\" \/>\n<meta property=\"article:modified_time\" content=\"2024-04-17T14:45:37+00:00\" \/>\n<meta property=\"og:image\" content=\"https:\/\/static.link2fleet.com\/wp-content\/uploads\/2024\/03\/ald-foretdentreprise.png\" \/>\n\t<meta property=\"og:image:width\" content=\"850\" \/>\n\t<meta property=\"og:image:height\" content=\"637\" \/>\n\t<meta property=\"og:image:type\" content=\"image\/png\" \/>\n<meta name=\"author\" content=\"Damien Malvetti\" \/>\n<meta name=\"twitter:card\" content=\"summary_large_image\" \/>\n<meta name=\"twitter:description\" content=\"ALD Automotive inaugure la premi\u00e8re for\u00eat d\u2019entreprise durant cette saison de plantations. Pr\u00e8s de 2\u202f000 arbres seront ainsi plant\u00e9s dans le boulevard de la Woluwe\u2026\" \/>\n<meta name=\"twitter:label1\" content=\"\u00c9crit par\" \/>\n\t<meta name=\"twitter:data1\" content=\"Damien Malvetti\" \/>\n\t<meta name=\"twitter:label2\" content=\"Dur\u00e9e de lecture estim\u00e9e\" \/>\n\t<meta name=\"twitter:data2\" content=\"3 minutes\" \/>\n<script type=\"application\/ld+json\" class=\"yoast-schema-graph\">{\"@context\":\"https:\\\/\\\/schema.org\",\"@graph\":[{\"@type\":\"Article\",\"@id\":\"https:\\\/\\\/www.link2fleet.com\\\/fr\\\/ald-automotive-et-forest-fwd-plantent-1-850-arbres-en-peripherie-bruxelloise\\\/#article\",\"isPartOf\":{\"@id\":\"https:\\\/\\\/www.link2fleet.com\\\/fr\\\/ald-automotive-et-forest-fwd-plantent-1-850-arbres-en-peripherie-bruxelloise\\\/\"},\"author\":{\"name\":\"Damien Malvetti\",\"@id\":\"https:\\\/\\\/www.link2fleet.com\\\/fr\\\/#\\\/schema\\\/person\\\/027cd46113c78036b3809c9a054049da\"},\"headline\":\"ALD Automotive et Forest Fwd plantent 1\u202f850 arbres en p\u00e9riph\u00e9rie bruxelloise\",\"datePublished\":\"2022-11-11T15:12:15+00:00\",\"dateModified\":\"2024-04-17T14:45:37+00:00\",\"mainEntityOfPage\":{\"@id\":\"https:\\\/\\\/www.link2fleet.com\\\/fr\\\/ald-automotive-et-forest-fwd-plantent-1-850-arbres-en-peripherie-bruxelloise\\\/\"},\"wordCount\":638,\"publisher\":{\"@id\":\"https:\\\/\\\/www.link2fleet.com\\\/fr\\\/#organization\"},\"image\":{\"@id\":\"https:\\\/\\\/www.link2fleet.com\\\/fr\\\/ald-automotive-et-forest-fwd-plantent-1-850-arbres-en-peripherie-bruxelloise\\\/#primaryimage\"},\"thumbnailUrl\":\"https:\\\/\\\/static.link2fleet.com\\\/wp-content\\\/uploads\\\/2024\\\/03\\\/ald-foretdentreprise.png\",\"articleSection\":[\"Gestion de flotte\",\"Location long-terme\"],\"inLanguage\":\"fr-FR\"},{\"@type\":\"WebPage\",\"@id\":\"https:\\\/\\\/www.link2fleet.com\\\/fr\\\/ald-automotive-et-forest-fwd-plantent-1-850-arbres-en-peripherie-bruxelloise\\\/\",\"url\":\"https:\\\/\\\/www.link2fleet.com\\\/fr\\\/ald-automotive-et-forest-fwd-plantent-1-850-arbres-en-peripherie-bruxelloise\\\/\",\"name\":\"ALD Automotive et Forest Fwd plantent 1\u202f850 arbres en p\u00e9riph\u00e9rie bruxelloise - link2fleet\",\"isPartOf\":{\"@id\":\"https:\\\/\\\/www.link2fleet.com\\\/fr\\\/#website\"},\"primaryImageOfPage\":{\"@id\":\"https:\\\/\\\/www.link2fleet.com\\\/fr\\\/ald-automotive-et-forest-fwd-plantent-1-850-arbres-en-peripherie-bruxelloise\\\/#primaryimage\"},\"image\":{\"@id\":\"https:\\\/\\\/www.link2fleet.com\\\/fr\\\/ald-automotive-et-forest-fwd-plantent-1-850-arbres-en-peripherie-bruxelloise\\\/#primaryimage\"},\"thumbnailUrl\":\"https:\\\/\\\/static.link2fleet.com\\\/wp-content\\\/uploads\\\/2024\\\/03\\\/ald-foretdentreprise.png\",\"datePublished\":\"2022-11-11T15:12:15+00:00\",\"dateModified\":\"2024-04-17T14:45:37+00:00\",\"breadcrumb\":{\"@id\":\"https:\\\/\\\/www.link2fleet.com\\\/fr\\\/ald-automotive-et-forest-fwd-plantent-1-850-arbres-en-peripherie-bruxelloise\\\/#breadcrumb\"},\"inLanguage\":\"fr-FR\",\"potentialAction\":[{\"@type\":\"ReadAction\",\"target\":[\"https:\\\/\\\/www.link2fleet.com\\\/fr\\\/ald-automotive-et-forest-fwd-plantent-1-850-arbres-en-peripherie-bruxelloise\\\/\"]}]},{\"@type\":\"ImageObject\",\"inLanguage\":\"fr-FR\",\"@id\":\"https:\\\/\\\/www.link2fleet.com\\\/fr\\\/ald-automotive-et-forest-fwd-plantent-1-850-arbres-en-peripherie-bruxelloise\\\/#primaryimage\",\"url\":\"https:\\\/\\\/static.link2fleet.com\\\/wp-content\\\/uploads\\\/2024\\\/03\\\/ald-foretdentreprise.png\",\"contentUrl\":\"https:\\\/\\\/static.link2fleet.com\\\/wp-content\\\/uploads\\\/2024\\\/03\\\/ald-foretdentreprise.png\",\"width\":850,\"height\":637},{\"@type\":\"BreadcrumbList\",\"@id\":\"https:\\\/\\\/www.link2fleet.com\\\/fr\\\/ald-automotive-et-forest-fwd-plantent-1-850-arbres-en-peripherie-bruxelloise\\\/#breadcrumb\",\"itemListElement\":[{\"@type\":\"ListItem\",\"position\":1,\"name\":\"Home\",\"item\":\"https:\\\/\\\/www.link2fleet.com\\\/fr\\\/\"},{\"@type\":\"ListItem\",\"position\":2,\"name\":\"ALD Automotive et Forest Fwd plantent 1\u202f850 arbres en p\u00e9riph\u00e9rie bruxelloise\"}]},{\"@type\":\"WebSite\",\"@id\":\"https:\\\/\\\/www.link2fleet.com\\\/fr\\\/#website\",\"url\":\"https:\\\/\\\/www.link2fleet.com\\\/fr\\\/\",\"name\":\"Link2fleet\",\"description\":\"\",\"publisher\":{\"@id\":\"https:\\\/\\\/www.link2fleet.com\\\/fr\\\/#organization\"},\"potentialAction\":[{\"@type\":\"SearchAction\",\"target\":{\"@type\":\"EntryPoint\",\"urlTemplate\":\"https:\\\/\\\/www.link2fleet.com\\\/fr\\\/?s={search_term_string}\"},\"query-input\":{\"@type\":\"PropertyValueSpecification\",\"valueRequired\":true,\"valueName\":\"search_term_string\"}}],\"inLanguage\":\"fr-FR\"},{\"@type\":\"Organization\",\"@id\":\"https:\\\/\\\/www.link2fleet.com\\\/fr\\\/#organization\",\"name\":\"Link2fleet\",\"url\":\"https:\\\/\\\/www.link2fleet.com\\\/fr\\\/\",\"logo\":{\"@type\":\"ImageObject\",\"inLanguage\":\"fr-FR\",\"@id\":\"https:\\\/\\\/www.link2fleet.com\\\/fr\\\/#\\\/schema\\\/logo\\\/image\\\/\",\"url\":\"https:\\\/\\\/static.link2fleet.com\\\/wp-content\\\/uploads\\\/2024\\\/03\\\/share-image.jpg\",\"contentUrl\":\"https:\\\/\\\/static.link2fleet.com\\\/wp-content\\\/uploads\\\/2024\\\/03\\\/share-image.jpg\",\"width\":1200,\"height\":630,\"caption\":\"Link2fleet\"},\"image\":{\"@id\":\"https:\\\/\\\/www.link2fleet.com\\\/fr\\\/#\\\/schema\\\/logo\\\/image\\\/\"},\"sameAs\":[\"https:\\\/\\\/www.linkedin.com\\\/company\\\/link2fleet-belgium\",\"https:\\\/\\\/www.youtube.com\\\/user\\\/MMMBMBE\"]},{\"@type\":\"Person\",\"@id\":\"https:\\\/\\\/www.link2fleet.com\\\/fr\\\/#\\\/schema\\\/person\\\/027cd46113c78036b3809c9a054049da\",\"name\":\"Damien Malvetti\",\"image\":{\"@type\":\"ImageObject\",\"inLanguage\":\"fr-FR\",\"@id\":\"https:\\\/\\\/secure.gravatar.com\\\/avatar\\\/dd8cc03b49466c735f753ac37f8caa371af16dfed347456ed61f02883255eebb?s=96&d=mm&r=g\",\"url\":\"https:\\\/\\\/secure.gravatar.com\\\/avatar\\\/dd8cc03b49466c735f753ac37f8caa371af16dfed347456ed61f02883255eebb?s=96&d=mm&r=g\",\"contentUrl\":\"https:\\\/\\\/secure.gravatar.com\\\/avatar\\\/dd8cc03b49466c735f753ac37f8caa371af16dfed347456ed61f02883255eebb?s=96&d=mm&r=g\",\"caption\":\"Damien Malvetti\"},\"description\":\"Damien Malvetti is opgeleid als journalist en gepassioneerd door wagens, technologie en mobiliteit. Hij is verantwoordelijk voor de redactionele inhoud van link2fleet en beschikt over een uitgebreide kennis van de fleet-sector en elektrische mobiliteit.\",\"sameAs\":[\"https:\\\/\\\/www.linkedin.com\\\/in\\\/damien-malvetti-56601142\\\/\"]}]}<\/script>\n<!-- \/ Yoast SEO plugin. -->","yoast_head_json":{"title":"ALD Automotive et Forest Fwd plantent 1\u202f850 arbres en p\u00e9riph\u00e9rie bruxelloise - link2fleet","description":"ALD Automotive inaugure la premi\u00e8re for\u00eat d\u2019entreprise durant cette saison de plantations. Pr\u00e8s de 2\u202f000 arbres seront ainsi plant\u00e9s dans le boulevard de la Woluwe\u2026","robots":{"index":"index","follow":"follow","max-snippet":"max-snippet:-1","max-image-preview":"max-image-preview:large","max-video-preview":"max-video-preview:-1"},"og_locale":"fr_FR","og_type":"article","og_title":"ALD Automotive et Forest Fwd plantent 1\u202f850 arbres en p\u00e9riph\u00e9rie bruxelloise - link2fleet","og_description":"ALD Automotive inaugure la premi\u00e8re for\u00eat d\u2019entreprise durant cette saison de plantations. Pr\u00e8s de 2\u202f000 arbres seront ainsi plant\u00e9s dans le boulevard de la Woluwe\u2026","og_url":"https:\/\/www.link2fleet.com\/fr\/ald-automotive-et-forest-fwd-plantent-1-850-arbres-en-peripherie-bruxelloise\/","og_site_name":"link2fleet","article_published_time":"2022-11-11T15:12:15+00:00","article_modified_time":"2024-04-17T14:45:37+00:00","og_image":[{"width":850,"height":637,"url":"https:\/\/static.link2fleet.com\/wp-content\/uploads\/2024\/03\/ald-foretdentreprise.png","type":"image\/png"}],"author":"Damien Malvetti","twitter_card":"summary_large_image","twitter_description":"ALD Automotive inaugure la premi\u00e8re for\u00eat d\u2019entreprise durant cette saison de plantations. Pr\u00e8s de 2\u202f000 arbres seront ainsi plant\u00e9s dans le boulevard de la Woluwe\u2026","twitter_misc":{"\u00c9crit par":"Damien Malvetti","Dur\u00e9e de lecture estim\u00e9e":"3 minutes"},"schema":{"@context":"https:\/\/schema.org","@graph":[{"@type":"Article","@id":"https:\/\/www.link2fleet.com\/fr\/ald-automotive-et-forest-fwd-plantent-1-850-arbres-en-peripherie-bruxelloise\/#article","isPartOf":{"@id":"https:\/\/www.link2fleet.com\/fr\/ald-automotive-et-forest-fwd-plantent-1-850-arbres-en-peripherie-bruxelloise\/"},"author":{"name":"Damien Malvetti","@id":"https:\/\/www.link2fleet.com\/fr\/#\/schema\/person\/027cd46113c78036b3809c9a054049da"},"headline":"ALD Automotive et Forest Fwd plantent 1\u202f850 arbres en p\u00e9riph\u00e9rie bruxelloise","datePublished":"2022-11-11T15:12:15+00:00","dateModified":"2024-04-17T14:45:37+00:00","mainEntityOfPage":{"@id":"https:\/\/www.link2fleet.com\/fr\/ald-automotive-et-forest-fwd-plantent-1-850-arbres-en-peripherie-bruxelloise\/"},"wordCount":638,"publisher":{"@id":"https:\/\/www.link2fleet.com\/fr\/#organization"},"image":{"@id":"https:\/\/www.link2fleet.com\/fr\/ald-automotive-et-forest-fwd-plantent-1-850-arbres-en-peripherie-bruxelloise\/#primaryimage"},"thumbnailUrl":"https:\/\/static.link2fleet.com\/wp-content\/uploads\/2024\/03\/ald-foretdentreprise.png","articleSection":["Gestion de flotte","Location long-terme"],"inLanguage":"fr-FR"},{"@type":"WebPage","@id":"https:\/\/www.link2fleet.com\/fr\/ald-automotive-et-forest-fwd-plantent-1-850-arbres-en-peripherie-bruxelloise\/","url":"https:\/\/www.link2fleet.com\/fr\/ald-automotive-et-forest-fwd-plantent-1-850-arbres-en-peripherie-bruxelloise\/","name":"ALD Automotive et Forest Fwd plantent 1\u202f850 arbres en p\u00e9riph\u00e9rie bruxelloise - link2fleet","isPartOf":{"@id":"https:\/\/www.link2fleet.com\/fr\/#website"},"primaryImageOfPage":{"@id":"https:\/\/www.link2fleet.com\/fr\/ald-automotive-et-forest-fwd-plantent-1-850-arbres-en-peripherie-bruxelloise\/#primaryimage"},"image":{"@id":"https:\/\/www.link2fleet.com\/fr\/ald-automotive-et-forest-fwd-plantent-1-850-arbres-en-peripherie-bruxelloise\/#primaryimage"},"thumbnailUrl":"https:\/\/static.link2fleet.com\/wp-content\/uploads\/2024\/03\/ald-foretdentreprise.png","datePublished":"2022-11-11T15:12:15+00:00","dateModified":"2024-04-17T14:45:37+00:00","breadcrumb":{"@id":"https:\/\/www.link2fleet.com\/fr\/ald-automotive-et-forest-fwd-plantent-1-850-arbres-en-peripherie-bruxelloise\/#breadcrumb"},"inLanguage":"fr-FR","potentialAction":[{"@type":"ReadAction","target":["https:\/\/www.link2fleet.com\/fr\/ald-automotive-et-forest-fwd-plantent-1-850-arbres-en-peripherie-bruxelloise\/"]}]},{"@type":"ImageObject","inLanguage":"fr-FR","@id":"https:\/\/www.link2fleet.com\/fr\/ald-automotive-et-forest-fwd-plantent-1-850-arbres-en-peripherie-bruxelloise\/#primaryimage","url":"https:\/\/static.link2fleet.com\/wp-content\/uploads\/2024\/03\/ald-foretdentreprise.png","contentUrl":"https:\/\/static.link2fleet.com\/wp-content\/uploads\/2024\/03\/ald-foretdentreprise.png","width":850,"height":637},{"@type":"BreadcrumbList","@id":"https:\/\/www.link2fleet.com\/fr\/ald-automotive-et-forest-fwd-plantent-1-850-arbres-en-peripherie-bruxelloise\/#breadcrumb","itemListElement":[{"@type":"ListItem","position":1,"name":"Home","item":"https:\/\/www.link2fleet.com\/fr\/"},{"@type":"ListItem","position":2,"name":"ALD Automotive et Forest Fwd plantent 1\u202f850 arbres en p\u00e9riph\u00e9rie bruxelloise"}]},{"@type":"WebSite","@id":"https:\/\/www.link2fleet.com\/fr\/#website","url":"https:\/\/www.link2fleet.com\/fr\/","name":"Link2fleet","description":"","publisher":{"@id":"https:\/\/www.link2fleet.com\/fr\/#organization"},"potentialAction":[{"@type":"SearchAction","target":{"@type":"EntryPoint","urlTemplate":"https:\/\/www.link2fleet.com\/fr\/?s={search_term_string}"},"query-input":{"@type":"PropertyValueSpecification","valueRequired":true,"valueName":"search_term_string"}}],"inLanguage":"fr-FR"},{"@type":"Organization","@id":"https:\/\/www.link2fleet.com\/fr\/#organization","name":"Link2fleet","url":"https:\/\/www.link2fleet.com\/fr\/","logo":{"@type":"ImageObject","inLanguage":"fr-FR","@id":"https:\/\/www.link2fleet.com\/fr\/#\/schema\/logo\/image\/","url":"https:\/\/static.link2fleet.com\/wp-content\/uploads\/2024\/03\/share-image.jpg","contentUrl":"https:\/\/static.link2fleet.com\/wp-content\/uploads\/2024\/03\/share-image.jpg","width":1200,"height":630,"caption":"Link2fleet"},"image":{"@id":"https:\/\/www.link2fleet.com\/fr\/#\/schema\/logo\/image\/"},"sameAs":["https:\/\/www.linkedin.com\/company\/link2fleet-belgium","https:\/\/www.youtube.com\/user\/MMMBMBE"]},{"@type":"Person","@id":"https:\/\/www.link2fleet.com\/fr\/#\/schema\/person\/027cd46113c78036b3809c9a054049da","name":"Damien Malvetti","image":{"@type":"ImageObject","inLanguage":"fr-FR","@id":"https:\/\/secure.gravatar.com\/avatar\/dd8cc03b49466c735f753ac37f8caa371af16dfed347456ed61f02883255eebb?s=96&d=mm&r=g","url":"https:\/\/secure.gravatar.com\/avatar\/dd8cc03b49466c735f753ac37f8caa371af16dfed347456ed61f02883255eebb?s=96&d=mm&r=g","contentUrl":"https:\/\/secure.gravatar.com\/avatar\/dd8cc03b49466c735f753ac37f8caa371af16dfed347456ed61f02883255eebb?s=96&d=mm&r=g","caption":"Damien Malvetti"},"description":"Damien Malvetti is opgeleid als journalist en gepassioneerd door wagens, technologie en mobiliteit. Hij is verantwoordelijk voor de redactionele inhoud van link2fleet en beschikt over een uitgebreide kennis van de fleet-sector en elektrische mobiliteit.","sameAs":["https:\/\/www.linkedin.com\/in\/damien-malvetti-56601142\/"]}]}},"_links":{"self":[{"href":"https:\/\/www.link2fleet.com\/fr\/wp-json\/wp\/v2\/posts\/8115","targetHints":{"allow":["GET"]}}],"collection":[{"href":"https:\/\/www.link2fleet.com\/fr\/wp-json\/wp\/v2\/posts"}],"about":[{"href":"https:\/\/www.link2fleet.com\/fr\/wp-json\/wp\/v2\/types\/post"}],"author":[{"embeddable":true,"href":"https:\/\/www.link2fleet.com\/fr\/wp-json\/wp\/v2\/users\/4"}],"replies":[{"embeddable":true,"href":"https:\/\/www.link2fleet.com\/fr\/wp-json\/wp\/v2\/comments?post=8115"}],"version-history":[{"count":0,"href":"https:\/\/www.link2fleet.com\/fr\/wp-json\/wp\/v2\/posts\/8115\/revisions"}],"wp:featuredmedia":[{"embeddable":true,"href":"https:\/\/www.link2fleet.com\/fr\/wp-json\/wp\/v2\/media\/8116"}],"wp:attachment":[{"href":"https:\/\/www.link2fleet.com\/fr\/wp-json\/wp\/v2\/media?parent=8115"}],"wp:term":[{"taxonomy":"category","embeddable":true,"href":"https:\/\/www.link2fleet.com\/fr\/wp-json\/wp\/v2\/categories?post=8115"},{"taxonomy":"post_tag","embeddable":true,"href":"https:\/\/www.link2fleet.com\/fr\/wp-json\/wp\/v2\/tags?post=8115"}],"curies":[{"name":"wp","href":"https:\/\/api.w.org\/{rel}","templated":true}]}}