{"id":8163,"date":"2022-11-22T14:02:59","date_gmt":"2022-11-22T13:02:59","guid":{"rendered":"https:\/\/www.link2fleet.com\/arval-network-le-nouveau-reseau-darval-belgium-tourne-vers-lavenir\/"},"modified":"2022-11-22T14:02:59","modified_gmt":"2022-11-22T13:02:59","slug":"arval-network-le-nouveau-reseau-darval-belgium-tourne-vers-lavenir","status":"publish","type":"post","link":"https:\/\/www.link2fleet.com\/fr\/arval-network-le-nouveau-reseau-darval-belgium-tourne-vers-lavenir\/","title":{"rendered":"Arval Network: Le nouveau r\u00e9seau d&rsquo;Arval Belgium tourn\u00e9 vers l&rsquo;avenir"},"content":{"rendered":"<div>De son c\u00f4t\u00e9, <span class=\"searchHighlight\">Arval<\/span> Belgium constate que les \u00e9volutions se font \u00e0 un rythme de plus en plus rapide, les acteurs innovants sont de plus en plus nombreux. Les marques de voitures neuves optent de plus en plus pour un mod\u00e8le de distribution alternatif. Il y a aussi un vent neuf de start-ups et d&rsquo;initiatives technologiques qui bousculent le statu quo. Les constructeurs et distributeurs automobiles, les soci\u00e9t\u00e9s de leasing et leurs fournisseurs, partenaires et clients, se num\u00e9risent enti\u00e8rement, repensant \u00e0 la fois leurs m\u00e9thodes de travail internes et leurs mod\u00e8les commerciaux.<\/div>\n<div><\/div>\n<div>\u00ab\u00a0<em><span class=\"searchHighlight\">Arval<\/span> a lanc\u00e9 <span class=\"searchHighlight\">Arval<\/span> Beyond fin 2020, une nouvelle strat\u00e9gie qui vise notamment \u00e0 acc\u00e9l\u00e9rer l&rsquo;\u00e9lectrification de notre flotte, \u00e0 proposer des formes alternatives de mobilit\u00e9 et \u00e0 toucher un public plus large gr\u00e2ce \u00e0 des partenariats solides. Avec <span class=\"searchHighlight\">ARVAL<\/span> <span class=\"searchHighlight\">NETWORK<\/span>, nous avons d\u00e9fini une vision d&rsquo;avenir qui nous permettra de r\u00e9aliser notre ambition d&rsquo;offrir \u00e0 nos clients et \u00e0 leurs conducteurs des solutions de mobilit\u00e9 durables et innovantes, adapt\u00e9es \u00e0 leurs besoins\u00a0<\/em>\u00bb. Laurent Loncke, directeur g\u00e9n\u00e9ral d&rsquo;<span class=\"searchHighlight\">Arval<\/span> Belgium.<\/div>\n<div><\/div>\n<div>Le nouveau r\u00e9seau <span class=\"searchHighlight\">ARVAL<\/span> <span class=\"searchHighlight\">NETWORK<\/span> d&rsquo;<span class=\"searchHighlight\">Arval<\/span> Belgium r\u00e9pond \u00e0 cet environnement complexe et a un double objectif :<\/div>\n<ol>\n<li>Continuer \u00e0 <strong>offrir une excellente exp\u00e9rience client<\/strong> \u00e0 ses conducteurs dans cet environnement complexe et changeant. D&rsquo;une part, cela inclut un ensemble complet de services. D&rsquo;autre part, les conducteurs b\u00e9n\u00e9ficient d&rsquo;une plus grande autonomie, gr\u00e2ce \u00e0 de nouvelles fonctionnalit\u00e9s dans l&rsquo;application My<span class=\"searchHighlight\">Arval<\/span>.<\/li>\n<li><strong>Adapter davantage le r\u00e9seau de partenaires d&rsquo;<span class=\"searchHighlight\">Arval<\/span> Belgium<\/strong> aux r\u00e9volutions du secteur automobile, tels que les v\u00e9hicules \u00e9lectriques et les applications de mobilit\u00e9 intelligente, et s&rsquo;y pr\u00e9parer. Pour ce faire, <span class=\"searchHighlight\">Arval<\/span> Belgium travaille avec des partenaires qui connaissent parfaitement ses processus.<\/li>\n<\/ol>\n<div><strong>Une exp\u00e9rience client sans faille<\/strong><\/div>\n<div>Pour illustrer l&rsquo;am\u00e9lioration constante de l&rsquo;exp\u00e9rience client, <span class=\"searchHighlight\">Arval<\/span> Belgium soutient ses conducteurs dont les voitures doivent \u00eatre r\u00e9vis\u00e9es.<\/div>\n<div><\/div>\n<div>Dans un avenir proche, via l&rsquo;application My<span class=\"searchHighlight\">Arval<\/span>, le conducteur pourra choisir en un rien de temps parmi la liste des points de service agr\u00e9\u00e9s d&rsquo;<span class=\"searchHighlight\">Arval<\/span> Belgium. Le conducteur prend alors rendez-vous \u00e0 l&rsquo;heure qui lui convient le mieux et re\u00e7oit peu apr\u00e8s une confirmation du point de service. En effet, l&rsquo;application My<span class=\"searchHighlight\">Arval<\/span> permettra d&rsquo;effectuer une r\u00e9servation directement dans le planning du point de service <span class=\"searchHighlight\">Arval<\/span>Belgium choisi, 24h\/24 et 7j\/7.<\/div>\n<div><\/div>\n<div>Tout cela en toute confiance, car tous les partenaires d&rsquo;<span class=\"searchHighlight\">ARVAL<\/span> <span class=\"searchHighlight\">NETWORK<\/span> sont soigneusement s\u00e9lectionn\u00e9s et garantissent une excellente qualit\u00e9.<\/div>\n<div><\/div>\n<div><strong>Un r\u00e9seau optimal<\/strong><\/div>\n<div>Dans cette premi\u00e8re phase d&rsquo;<span class=\"searchHighlight\">ARVAL<\/span> <span class=\"searchHighlight\">NETWORK<\/span>, qui sera d\u00e9ploy\u00e9e d\u00e9but 2023, <span class=\"searchHighlight\">Arval<\/span> Belgium travaille principalement \u00e0 l&rsquo;optimisation et \u00e0 l&rsquo;adaptation de son r\u00e9seau. Tous les points de vente et de service du futur <span class=\"searchHighlight\">ARVAL<\/span> <span class=\"searchHighlight\">NETWORK<\/span> sont soigneusement s\u00e9lectionn\u00e9s sur base de leur int\u00e9gration parfaite dans les processus internes d&rsquo;<span class=\"searchHighlight\">Arval<\/span> Belgium afin de garantir une qualit\u00e9 absolue. Tant pour les voitures \u00e9lectriques que pour les voitures \u00e0 moteur \u00e0 combustion et les applications de mobilit\u00e9 intelligente.<\/div>\n<div><\/div>\n<div><strong>Des processus plus simples<\/strong><\/div>\n<div>En interne, <span class=\"searchHighlight\">Arval<\/span> Belgium continue de rationaliser et de num\u00e9riser les processus pour garder une longueur d&rsquo;avance sur l&rsquo;\u00e9volution des voitures \u00e9lectriques et de la mobilit\u00e9 intelligente.<\/div>\n<div><\/div>\n<div>\u00ab\u00a0<em>Pour g\u00e9rer en douceur la complexit\u00e9 de la nouvelle offre, nous allons simplifier les processus internes et renforcer la collaboration avec des partenaires de confiance ax\u00e9s sur le volume, qui connaissent parfaitement notre flux de travail. De cette mani\u00e8re, nous garantirons une exp\u00e9rience client encore meilleure.<\/em>\u00a0\u00bb Olivier Jaspers, directeur des op\u00e9rations mondiales d&rsquo;<span class=\"searchHighlight\">Arval<\/span> Belgique.<\/div>\n<div><\/div>\n<div>Le d\u00e9ploiement d&rsquo;<span class=\"searchHighlight\">ARVAL<\/span> <span class=\"searchHighlight\">NETWORK<\/span> pour <span class=\"searchHighlight\">Arval<\/span> Belgium se d\u00e9roule en plusieurs phases et s&rsquo;\u00e9talera sur plusieurs ann\u00e9es. La mise en \u0153uvre se fera en toute transparence et en collaboration avec les partenaires, les clients, les fournisseurs et les autres parties prenantes. <span class=\"searchHighlight\">Arval<\/span> Belgium informera et consultera r\u00e9guli\u00e8rement toutes les parties prenantes.<\/div>\n","protected":false},"excerpt":{"rendered":"<p>De son c\u00f4t\u00e9, Arval Belgium constate que les \u00e9volutions se font \u00e0 un rythme de plus en plus rapide, les acteurs innovants sont de plus en plus nombreux. Les marques de voitures neuves optent de plus en plus pour un mod\u00e8le de distribution alternatif. Il y a aussi un vent neuf de start-ups et d&rsquo;initiatives [&hellip;]<\/p>\n","protected":false},"author":4,"featured_media":7848,"comment_status":"closed","ping_status":"closed","sticky":false,"template":"","format":"standard","meta":{"_acf_changed":false,"footnotes":""},"categories":[91,79],"tags":[],"class_list":["post-8163","post","type-post","status-publish","format-standard","has-post-thumbnail","hentry","category-expertise-et-management","category-societes-de-leasing"],"acf":[],"yoast_head":"<!-- This site is optimized with the Yoast SEO plugin v27.3 - https:\/\/yoast.com\/product\/yoast-seo-wordpress\/ -->\n<title>Arval Network: Le nouveau r\u00e9seau d&#039;Arval Belgium tourn\u00e9 vers l&#039;avenir - link2fleet<\/title>\n<meta name=\"description\" content=\"Cet automne 2022, Arval Belgium entamera la premi\u00e8re phase du d\u00e9ploiement d&rsquo;ARVAL NETWORK, une nouvelle structure de son r\u00e9seau de ventes et d\u2019apr\u00e8s-vente qui s&rsquo;inscrit\u2026\" \/>\n<meta name=\"robots\" content=\"index, follow, max-snippet:-1, max-image-preview:large, max-video-preview:-1\" \/>\n<meta property=\"og:locale\" content=\"fr_FR\" \/>\n<meta property=\"og:type\" content=\"article\" \/>\n<meta property=\"og:title\" content=\"Arval Network: Le nouveau r\u00e9seau d&#039;Arval Belgium tourn\u00e9 vers l&#039;avenir - link2fleet\" \/>\n<meta property=\"og:description\" content=\"Cet automne 2022, Arval Belgium entamera la premi\u00e8re phase du d\u00e9ploiement d&rsquo;ARVAL NETWORK, une nouvelle structure de son r\u00e9seau de ventes et d\u2019apr\u00e8s-vente qui s&rsquo;inscrit\u2026\" \/>\n<meta property=\"og:url\" content=\"https:\/\/www.link2fleet.com\/fr\/arval-network-le-nouveau-reseau-darval-belgium-tourne-vers-lavenir\/\" \/>\n<meta property=\"og:site_name\" content=\"link2fleet\" \/>\n<meta property=\"article:published_time\" content=\"2022-11-22T13:02:59+00:00\" \/>\n<meta property=\"og:image\" content=\"https:\/\/static.link2fleet.com\/wp-content\/uploads\/2024\/03\/arval-car-jpg-scaled-1.jpg\" \/>\n\t<meta property=\"og:image:width\" content=\"2560\" \/>\n\t<meta property=\"og:image:height\" content=\"1707\" \/>\n\t<meta property=\"og:image:type\" content=\"image\/jpeg\" \/>\n<meta name=\"author\" content=\"Damien Malvetti\" \/>\n<meta name=\"twitter:card\" content=\"summary_large_image\" \/>\n<meta name=\"twitter:description\" content=\"Cet automne 2022, Arval Belgium entamera la premi\u00e8re phase du d\u00e9ploiement d&rsquo;ARVAL NETWORK, une nouvelle structure de son r\u00e9seau de ventes et d\u2019apr\u00e8s-vente qui s&rsquo;inscrit\u2026\" \/>\n<meta name=\"twitter:label1\" content=\"\u00c9crit par\" \/>\n\t<meta name=\"twitter:data1\" content=\"Damien Malvetti\" \/>\n\t<meta name=\"twitter:label2\" content=\"Dur\u00e9e de lecture estim\u00e9e\" \/>\n\t<meta name=\"twitter:data2\" content=\"3 minutes\" \/>\n<script type=\"application\/ld+json\" class=\"yoast-schema-graph\">{\"@context\":\"https:\\\/\\\/schema.org\",\"@graph\":[{\"@type\":\"Article\",\"@id\":\"https:\\\/\\\/www.link2fleet.com\\\/fr\\\/arval-network-le-nouveau-reseau-darval-belgium-tourne-vers-lavenir\\\/#article\",\"isPartOf\":{\"@id\":\"https:\\\/\\\/www.link2fleet.com\\\/fr\\\/arval-network-le-nouveau-reseau-darval-belgium-tourne-vers-lavenir\\\/\"},\"author\":{\"name\":\"Damien Malvetti\",\"@id\":\"https:\\\/\\\/www.link2fleet.com\\\/fr\\\/#\\\/schema\\\/person\\\/027cd46113c78036b3809c9a054049da\"},\"headline\":\"Arval Network: Le nouveau r\u00e9seau d&rsquo;Arval Belgium tourn\u00e9 vers l&rsquo;avenir\",\"datePublished\":\"2022-11-22T13:02:59+00:00\",\"mainEntityOfPage\":{\"@id\":\"https:\\\/\\\/www.link2fleet.com\\\/fr\\\/arval-network-le-nouveau-reseau-darval-belgium-tourne-vers-lavenir\\\/\"},\"wordCount\":677,\"publisher\":{\"@id\":\"https:\\\/\\\/www.link2fleet.com\\\/fr\\\/#organization\"},\"image\":{\"@id\":\"https:\\\/\\\/www.link2fleet.com\\\/fr\\\/arval-network-le-nouveau-reseau-darval-belgium-tourne-vers-lavenir\\\/#primaryimage\"},\"thumbnailUrl\":\"https:\\\/\\\/static.link2fleet.com\\\/wp-content\\\/uploads\\\/2024\\\/03\\\/arval-car-jpg-scaled-1.jpg\",\"articleSection\":[\"Gestion de flotte\",\"Location long-terme\"],\"inLanguage\":\"fr-FR\"},{\"@type\":\"WebPage\",\"@id\":\"https:\\\/\\\/www.link2fleet.com\\\/fr\\\/arval-network-le-nouveau-reseau-darval-belgium-tourne-vers-lavenir\\\/\",\"url\":\"https:\\\/\\\/www.link2fleet.com\\\/fr\\\/arval-network-le-nouveau-reseau-darval-belgium-tourne-vers-lavenir\\\/\",\"name\":\"Arval Network: Le nouveau r\u00e9seau d'Arval Belgium tourn\u00e9 vers l'avenir - link2fleet\",\"isPartOf\":{\"@id\":\"https:\\\/\\\/www.link2fleet.com\\\/fr\\\/#website\"},\"primaryImageOfPage\":{\"@id\":\"https:\\\/\\\/www.link2fleet.com\\\/fr\\\/arval-network-le-nouveau-reseau-darval-belgium-tourne-vers-lavenir\\\/#primaryimage\"},\"image\":{\"@id\":\"https:\\\/\\\/www.link2fleet.com\\\/fr\\\/arval-network-le-nouveau-reseau-darval-belgium-tourne-vers-lavenir\\\/#primaryimage\"},\"thumbnailUrl\":\"https:\\\/\\\/static.link2fleet.com\\\/wp-content\\\/uploads\\\/2024\\\/03\\\/arval-car-jpg-scaled-1.jpg\",\"datePublished\":\"2022-11-22T13:02:59+00:00\",\"breadcrumb\":{\"@id\":\"https:\\\/\\\/www.link2fleet.com\\\/fr\\\/arval-network-le-nouveau-reseau-darval-belgium-tourne-vers-lavenir\\\/#breadcrumb\"},\"inLanguage\":\"fr-FR\",\"potentialAction\":[{\"@type\":\"ReadAction\",\"target\":[\"https:\\\/\\\/www.link2fleet.com\\\/fr\\\/arval-network-le-nouveau-reseau-darval-belgium-tourne-vers-lavenir\\\/\"]}]},{\"@type\":\"ImageObject\",\"inLanguage\":\"fr-FR\",\"@id\":\"https:\\\/\\\/www.link2fleet.com\\\/fr\\\/arval-network-le-nouveau-reseau-darval-belgium-tourne-vers-lavenir\\\/#primaryimage\",\"url\":\"https:\\\/\\\/static.link2fleet.com\\\/wp-content\\\/uploads\\\/2024\\\/03\\\/arval-car-jpg-scaled-1.jpg\",\"contentUrl\":\"https:\\\/\\\/static.link2fleet.com\\\/wp-content\\\/uploads\\\/2024\\\/03\\\/arval-car-jpg-scaled-1.jpg\",\"width\":2560,\"height\":1707},{\"@type\":\"BreadcrumbList\",\"@id\":\"https:\\\/\\\/www.link2fleet.com\\\/fr\\\/arval-network-le-nouveau-reseau-darval-belgium-tourne-vers-lavenir\\\/#breadcrumb\",\"itemListElement\":[{\"@type\":\"ListItem\",\"position\":1,\"name\":\"Home\",\"item\":\"https:\\\/\\\/www.link2fleet.com\\\/fr\\\/\"},{\"@type\":\"ListItem\",\"position\":2,\"name\":\"Arval Network: Le nouveau r\u00e9seau d&#8217;Arval Belgium tourn\u00e9 vers l&#8217;avenir\"}]},{\"@type\":\"WebSite\",\"@id\":\"https:\\\/\\\/www.link2fleet.com\\\/fr\\\/#website\",\"url\":\"https:\\\/\\\/www.link2fleet.com\\\/fr\\\/\",\"name\":\"Link2fleet\",\"description\":\"\",\"publisher\":{\"@id\":\"https:\\\/\\\/www.link2fleet.com\\\/fr\\\/#organization\"},\"potentialAction\":[{\"@type\":\"SearchAction\",\"target\":{\"@type\":\"EntryPoint\",\"urlTemplate\":\"https:\\\/\\\/www.link2fleet.com\\\/fr\\\/?s={search_term_string}\"},\"query-input\":{\"@type\":\"PropertyValueSpecification\",\"valueRequired\":true,\"valueName\":\"search_term_string\"}}],\"inLanguage\":\"fr-FR\"},{\"@type\":\"Organization\",\"@id\":\"https:\\\/\\\/www.link2fleet.com\\\/fr\\\/#organization\",\"name\":\"Link2fleet\",\"url\":\"https:\\\/\\\/www.link2fleet.com\\\/fr\\\/\",\"logo\":{\"@type\":\"ImageObject\",\"inLanguage\":\"fr-FR\",\"@id\":\"https:\\\/\\\/www.link2fleet.com\\\/fr\\\/#\\\/schema\\\/logo\\\/image\\\/\",\"url\":\"https:\\\/\\\/static.link2fleet.com\\\/wp-content\\\/uploads\\\/2024\\\/03\\\/share-image.jpg\",\"contentUrl\":\"https:\\\/\\\/static.link2fleet.com\\\/wp-content\\\/uploads\\\/2024\\\/03\\\/share-image.jpg\",\"width\":1200,\"height\":630,\"caption\":\"Link2fleet\"},\"image\":{\"@id\":\"https:\\\/\\\/www.link2fleet.com\\\/fr\\\/#\\\/schema\\\/logo\\\/image\\\/\"},\"sameAs\":[\"https:\\\/\\\/www.linkedin.com\\\/company\\\/link2fleet-belgium\",\"https:\\\/\\\/www.youtube.com\\\/user\\\/MMMBMBE\"]},{\"@type\":\"Person\",\"@id\":\"https:\\\/\\\/www.link2fleet.com\\\/fr\\\/#\\\/schema\\\/person\\\/027cd46113c78036b3809c9a054049da\",\"name\":\"Damien Malvetti\",\"image\":{\"@type\":\"ImageObject\",\"inLanguage\":\"fr-FR\",\"@id\":\"https:\\\/\\\/secure.gravatar.com\\\/avatar\\\/dd8cc03b49466c735f753ac37f8caa371af16dfed347456ed61f02883255eebb?s=96&d=mm&r=g\",\"url\":\"https:\\\/\\\/secure.gravatar.com\\\/avatar\\\/dd8cc03b49466c735f753ac37f8caa371af16dfed347456ed61f02883255eebb?s=96&d=mm&r=g\",\"contentUrl\":\"https:\\\/\\\/secure.gravatar.com\\\/avatar\\\/dd8cc03b49466c735f753ac37f8caa371af16dfed347456ed61f02883255eebb?s=96&d=mm&r=g\",\"caption\":\"Damien Malvetti\"},\"description\":\"Damien Malvetti is opgeleid als journalist en gepassioneerd door wagens, technologie en mobiliteit. Hij is verantwoordelijk voor de redactionele inhoud van link2fleet en beschikt over een uitgebreide kennis van de fleet-sector en elektrische mobiliteit.\",\"sameAs\":[\"https:\\\/\\\/www.linkedin.com\\\/in\\\/damien-malvetti-56601142\\\/\"]}]}<\/script>\n<!-- \/ Yoast SEO plugin. -->","yoast_head_json":{"title":"Arval Network: Le nouveau r\u00e9seau d'Arval Belgium tourn\u00e9 vers l'avenir - link2fleet","description":"Cet automne 2022, Arval Belgium entamera la premi\u00e8re phase du d\u00e9ploiement d&rsquo;ARVAL NETWORK, une nouvelle structure de son r\u00e9seau de ventes et d\u2019apr\u00e8s-vente qui s&rsquo;inscrit\u2026","robots":{"index":"index","follow":"follow","max-snippet":"max-snippet:-1","max-image-preview":"max-image-preview:large","max-video-preview":"max-video-preview:-1"},"og_locale":"fr_FR","og_type":"article","og_title":"Arval Network: Le nouveau r\u00e9seau d'Arval Belgium tourn\u00e9 vers l'avenir - link2fleet","og_description":"Cet automne 2022, Arval Belgium entamera la premi\u00e8re phase du d\u00e9ploiement d&rsquo;ARVAL NETWORK, une nouvelle structure de son r\u00e9seau de ventes et d\u2019apr\u00e8s-vente qui s&rsquo;inscrit\u2026","og_url":"https:\/\/www.link2fleet.com\/fr\/arval-network-le-nouveau-reseau-darval-belgium-tourne-vers-lavenir\/","og_site_name":"link2fleet","article_published_time":"2022-11-22T13:02:59+00:00","og_image":[{"width":2560,"height":1707,"url":"https:\/\/static.link2fleet.com\/wp-content\/uploads\/2024\/03\/arval-car-jpg-scaled-1.jpg","type":"image\/jpeg"}],"author":"Damien Malvetti","twitter_card":"summary_large_image","twitter_description":"Cet automne 2022, Arval Belgium entamera la premi\u00e8re phase du d\u00e9ploiement d&rsquo;ARVAL NETWORK, une nouvelle structure de son r\u00e9seau de ventes et d\u2019apr\u00e8s-vente qui s&rsquo;inscrit\u2026","twitter_misc":{"\u00c9crit par":"Damien Malvetti","Dur\u00e9e de lecture estim\u00e9e":"3 minutes"},"schema":{"@context":"https:\/\/schema.org","@graph":[{"@type":"Article","@id":"https:\/\/www.link2fleet.com\/fr\/arval-network-le-nouveau-reseau-darval-belgium-tourne-vers-lavenir\/#article","isPartOf":{"@id":"https:\/\/www.link2fleet.com\/fr\/arval-network-le-nouveau-reseau-darval-belgium-tourne-vers-lavenir\/"},"author":{"name":"Damien Malvetti","@id":"https:\/\/www.link2fleet.com\/fr\/#\/schema\/person\/027cd46113c78036b3809c9a054049da"},"headline":"Arval Network: Le nouveau r\u00e9seau d&rsquo;Arval Belgium tourn\u00e9 vers l&rsquo;avenir","datePublished":"2022-11-22T13:02:59+00:00","mainEntityOfPage":{"@id":"https:\/\/www.link2fleet.com\/fr\/arval-network-le-nouveau-reseau-darval-belgium-tourne-vers-lavenir\/"},"wordCount":677,"publisher":{"@id":"https:\/\/www.link2fleet.com\/fr\/#organization"},"image":{"@id":"https:\/\/www.link2fleet.com\/fr\/arval-network-le-nouveau-reseau-darval-belgium-tourne-vers-lavenir\/#primaryimage"},"thumbnailUrl":"https:\/\/static.link2fleet.com\/wp-content\/uploads\/2024\/03\/arval-car-jpg-scaled-1.jpg","articleSection":["Gestion de flotte","Location long-terme"],"inLanguage":"fr-FR"},{"@type":"WebPage","@id":"https:\/\/www.link2fleet.com\/fr\/arval-network-le-nouveau-reseau-darval-belgium-tourne-vers-lavenir\/","url":"https:\/\/www.link2fleet.com\/fr\/arval-network-le-nouveau-reseau-darval-belgium-tourne-vers-lavenir\/","name":"Arval Network: Le nouveau r\u00e9seau d'Arval Belgium tourn\u00e9 vers l'avenir - link2fleet","isPartOf":{"@id":"https:\/\/www.link2fleet.com\/fr\/#website"},"primaryImageOfPage":{"@id":"https:\/\/www.link2fleet.com\/fr\/arval-network-le-nouveau-reseau-darval-belgium-tourne-vers-lavenir\/#primaryimage"},"image":{"@id":"https:\/\/www.link2fleet.com\/fr\/arval-network-le-nouveau-reseau-darval-belgium-tourne-vers-lavenir\/#primaryimage"},"thumbnailUrl":"https:\/\/static.link2fleet.com\/wp-content\/uploads\/2024\/03\/arval-car-jpg-scaled-1.jpg","datePublished":"2022-11-22T13:02:59+00:00","breadcrumb":{"@id":"https:\/\/www.link2fleet.com\/fr\/arval-network-le-nouveau-reseau-darval-belgium-tourne-vers-lavenir\/#breadcrumb"},"inLanguage":"fr-FR","potentialAction":[{"@type":"ReadAction","target":["https:\/\/www.link2fleet.com\/fr\/arval-network-le-nouveau-reseau-darval-belgium-tourne-vers-lavenir\/"]}]},{"@type":"ImageObject","inLanguage":"fr-FR","@id":"https:\/\/www.link2fleet.com\/fr\/arval-network-le-nouveau-reseau-darval-belgium-tourne-vers-lavenir\/#primaryimage","url":"https:\/\/static.link2fleet.com\/wp-content\/uploads\/2024\/03\/arval-car-jpg-scaled-1.jpg","contentUrl":"https:\/\/static.link2fleet.com\/wp-content\/uploads\/2024\/03\/arval-car-jpg-scaled-1.jpg","width":2560,"height":1707},{"@type":"BreadcrumbList","@id":"https:\/\/www.link2fleet.com\/fr\/arval-network-le-nouveau-reseau-darval-belgium-tourne-vers-lavenir\/#breadcrumb","itemListElement":[{"@type":"ListItem","position":1,"name":"Home","item":"https:\/\/www.link2fleet.com\/fr\/"},{"@type":"ListItem","position":2,"name":"Arval Network: Le nouveau r\u00e9seau d&#8217;Arval Belgium tourn\u00e9 vers l&#8217;avenir"}]},{"@type":"WebSite","@id":"https:\/\/www.link2fleet.com\/fr\/#website","url":"https:\/\/www.link2fleet.com\/fr\/","name":"Link2fleet","description":"","publisher":{"@id":"https:\/\/www.link2fleet.com\/fr\/#organization"},"potentialAction":[{"@type":"SearchAction","target":{"@type":"EntryPoint","urlTemplate":"https:\/\/www.link2fleet.com\/fr\/?s={search_term_string}"},"query-input":{"@type":"PropertyValueSpecification","valueRequired":true,"valueName":"search_term_string"}}],"inLanguage":"fr-FR"},{"@type":"Organization","@id":"https:\/\/www.link2fleet.com\/fr\/#organization","name":"Link2fleet","url":"https:\/\/www.link2fleet.com\/fr\/","logo":{"@type":"ImageObject","inLanguage":"fr-FR","@id":"https:\/\/www.link2fleet.com\/fr\/#\/schema\/logo\/image\/","url":"https:\/\/static.link2fleet.com\/wp-content\/uploads\/2024\/03\/share-image.jpg","contentUrl":"https:\/\/static.link2fleet.com\/wp-content\/uploads\/2024\/03\/share-image.jpg","width":1200,"height":630,"caption":"Link2fleet"},"image":{"@id":"https:\/\/www.link2fleet.com\/fr\/#\/schema\/logo\/image\/"},"sameAs":["https:\/\/www.linkedin.com\/company\/link2fleet-belgium","https:\/\/www.youtube.com\/user\/MMMBMBE"]},{"@type":"Person","@id":"https:\/\/www.link2fleet.com\/fr\/#\/schema\/person\/027cd46113c78036b3809c9a054049da","name":"Damien Malvetti","image":{"@type":"ImageObject","inLanguage":"fr-FR","@id":"https:\/\/secure.gravatar.com\/avatar\/dd8cc03b49466c735f753ac37f8caa371af16dfed347456ed61f02883255eebb?s=96&d=mm&r=g","url":"https:\/\/secure.gravatar.com\/avatar\/dd8cc03b49466c735f753ac37f8caa371af16dfed347456ed61f02883255eebb?s=96&d=mm&r=g","contentUrl":"https:\/\/secure.gravatar.com\/avatar\/dd8cc03b49466c735f753ac37f8caa371af16dfed347456ed61f02883255eebb?s=96&d=mm&r=g","caption":"Damien Malvetti"},"description":"Damien Malvetti is opgeleid als journalist en gepassioneerd door wagens, technologie en mobiliteit. Hij is verantwoordelijk voor de redactionele inhoud van link2fleet en beschikt over een uitgebreide kennis van de fleet-sector en elektrische mobiliteit.","sameAs":["https:\/\/www.linkedin.com\/in\/damien-malvetti-56601142\/"]}]}},"_links":{"self":[{"href":"https:\/\/www.link2fleet.com\/fr\/wp-json\/wp\/v2\/posts\/8163","targetHints":{"allow":["GET"]}}],"collection":[{"href":"https:\/\/www.link2fleet.com\/fr\/wp-json\/wp\/v2\/posts"}],"about":[{"href":"https:\/\/www.link2fleet.com\/fr\/wp-json\/wp\/v2\/types\/post"}],"author":[{"embeddable":true,"href":"https:\/\/www.link2fleet.com\/fr\/wp-json\/wp\/v2\/users\/4"}],"replies":[{"embeddable":true,"href":"https:\/\/www.link2fleet.com\/fr\/wp-json\/wp\/v2\/comments?post=8163"}],"version-history":[{"count":0,"href":"https:\/\/www.link2fleet.com\/fr\/wp-json\/wp\/v2\/posts\/8163\/revisions"}],"wp:featuredmedia":[{"embeddable":true,"href":"https:\/\/www.link2fleet.com\/fr\/wp-json\/wp\/v2\/media\/7848"}],"wp:attachment":[{"href":"https:\/\/www.link2fleet.com\/fr\/wp-json\/wp\/v2\/media?parent=8163"}],"wp:term":[{"taxonomy":"category","embeddable":true,"href":"https:\/\/www.link2fleet.com\/fr\/wp-json\/wp\/v2\/categories?post=8163"},{"taxonomy":"post_tag","embeddable":true,"href":"https:\/\/www.link2fleet.com\/fr\/wp-json\/wp\/v2\/tags?post=8163"}],"curies":[{"name":"wp","href":"https:\/\/api.w.org\/{rel}","templated":true}]}}