{"id":8165,"date":"2022-11-22T14:06:17","date_gmt":"2022-11-22T13:06:17","guid":{"rendered":"https:\/\/www.link2fleet.com\/ev-belgium-le-tarif-capacitaire-nest-quune-premiere-etape\/"},"modified":"2022-11-22T14:06:17","modified_gmt":"2022-11-22T13:06:17","slug":"ev-belgium-le-tarif-capacitaire-nest-quune-premiere-etape","status":"publish","type":"post","link":"https:\/\/www.link2fleet.com\/fr\/ev-belgium-le-tarif-capacitaire-nest-quune-premiere-etape\/","title":{"rendered":"EV Belgium: \u00ab\u00a0le tarif capacitaire n&rsquo;est qu&rsquo;une premi\u00e8re \u00e9tape\u00a0\u00bb"},"content":{"rendered":"<p><strong>Que fait le tarif capacitaire?<\/strong><\/p>\n<p>Cela semble \u00e9vident, mais chaque foyer a une consommation diff\u00e9rente tout au long de la journ\u00e9e en fonction du comportement au sein de ce foyer. Le tarif capacitaire encouragera les utilisateurs \u00e0 r\u00e9partir leur consommation pour \u00e9viter les moments de pointe. L&rsquo;objectif de cet \u00e9chelonnement est de r\u00e9partir et de r\u00e9duire les pics de la \u00ab\u00a0Duck curve\u00a0\u00bb, une repr\u00e9sentation de la charge typique du r\u00e9seau avec un petit pic le matin et un pic tr\u00e8s prononc\u00e9 le soir. En enregistrant les moments de pointe de chaque m\u00e9nage sur une base mensuelle, les m\u00e9nages qui \u00e9vitent les pics n&rsquo;auront pas de frais de r\u00e9seau suppl\u00e9mentaires.<\/p>\n<p>&nbsp;<\/p>\n<p><strong>Impact sur la charge du r\u00e9seau<\/strong><\/p>\n<p>Bien que le tarif capacitaire encourage les m\u00e9nages \u00e0 r\u00e9partir leur consommation, le tarif capacitaire n&rsquo;est pas suffisant. Il encourage les gens \u00e0 charger leur voiture relativement lentement sur une longue p\u00e9riode, et donc \u00e0 commencer \u00e0 charger imm\u00e9diatement lorsqu&rsquo;ils rentrent chez eux. Malheureusement, cela signifie aussi amplifier le pic du soir, le moment o\u00f9 les pompes \u00e0 chaleur commencent aussi \u00e0 fonctionner \u00e0 plein r\u00e9gime et o\u00f9 les familles consomment d\u00e9j\u00e0 plus aujourd&rsquo;hui.<\/p>\n<p>EV Belgium souligne donc que le tarif capacitaire n&rsquo;est pas une solution \u00e0 la forte croissance des v\u00e9hicules \u00e0 \u00e9mission z\u00e9ro en Belgique. On estime que plus de 70 000 VE circulent d\u00e9j\u00e0 aujourd&rsquo;hui et qu&rsquo;entre 60 000 et 100 000 v\u00e9hicules \u00e9lectriques s&rsquo;ajouteront d&rsquo;ici 2023. D&rsquo;ici 2023, selon EV Belgium, le pic du soir ne fera qu&rsquo;augmenter en raison de la croissance rapide des v\u00e9hicules. Si le gouvernement flamand s&rsquo;en tient \u00e0 son ambition de n&rsquo;immatriculer que des v\u00e9hicules \u00e0 \u00e9mission z\u00e9ro d&rsquo;ici 2029 et que les ventes de voitures particuli\u00e8res repartent \u00e0 la hausse, il y aura plus de 1,8 million de voitures enti\u00e8rement \u00e9lectriques circulant en Flandre d&rsquo;ici 2030. L&rsquo;ajustement n&rsquo;est pas aussi rapide mais il est donc urgent.<\/p>\n<p>&nbsp;<\/p>\n<p><strong>Temps d&rsquo;utilisation et flexibilit\u00e9<\/strong><\/p>\n<p>Pour vraiment lisser le pic, EV Belgium dit qu&rsquo;il faudra mettre en place des tarifs dynamiques dits \u00ab\u00a0d&rsquo;heure d&rsquo;utilisation\u00a0\u00bb. Les tarifs du r\u00e9seau varieront en fonction de la charge du r\u00e9seau tout au long de la journ\u00e9e. Gr\u00e2ce \u00e0 une commande intelligente, le processus de charge peut \u00eatre lanc\u00e9 au moment le plus opportun, en fonction des tarifs mais aussi des pr\u00e9f\u00e9rences personnelles de l&rsquo;utilisateur.<\/p>\n<blockquote><p>\u00ab\u00a0Cela cr\u00e9e \u00e9galement un pic, mais qui tombe \u00e0 un moment appropri\u00e9 pour le gestionnaire de r\u00e9seau, \u00e0 savoir lorsque la demande est la plus faible pour l&rsquo;ensemble du r\u00e9seau\u00a0\u00bb pr\u00e9cise encore Jochen De Smet.<\/p><\/blockquote>\n<p>Il faut aussi travailler sur ce qu&rsquo;on appelle la flexibilit\u00e9 commerciale. Ici, le gestionnaire de r\u00e9seau mettra sur le march\u00e9 des produits qui aident \u00e0 g\u00e9rer la demande, par exemple en cas de surcharge imminente. Moyennant une petite redevance, les consommateurs peuvent modifier leur comportement de charge en fonction de la charge du r\u00e9seau. Cela permet aux op\u00e9rateurs de r\u00e9seau d&rsquo;\u00e9quilibrer l&rsquo;offre et la demande sur le r\u00e9seau et de lutter contre la congestion locale du r\u00e9seau.<\/p>\n<blockquote><p>\u00ab\u00a0Avec le d\u00e9ploiement massif des voitures \u00e9lectriques, il sera absolument n\u00e9cessaire de concr\u00e9tiser ces solutions. Le tarif capacitaire \u00a0est un premier pas, mais les ambitions de durabilit\u00e9 visant \u00e0 acc\u00e9l\u00e9rer l&rsquo;\u00e9limination progressive des voitures fossiles n\u00e9cessitent des mesures suppl\u00e9mentaires\u00a0\u00bb, conclut Jochen De Smet.<\/p><\/blockquote>\n<p>&nbsp;<\/p>\n<table>\n<tbody>\n<tr>\n<td><a href=\"https:\/\/www.shop.link2fleet.com\/\"><img loading=\"lazy\" decoding=\"async\" class=\"aligncenter wp-image-1286562 size-large\" src=\"https:\/\/www.link2fleet.com\/wp-content\/uploads\/2022\/11\/energyguide-768x1024.jpeg\" alt=\"\" width=\"640\" height=\"853\" \/><\/a><\/td>\n<td>\n<h3><strong><a href=\"https:\/\/www.shop.link2fleet.com\/\">Des questions concernant votre transition \u00e9nerg\u00e9tique? Trouvez toutes les r\u00e9ponses aux questions que vous vous posez dans notre Energy Guide. Commandez votre exemplaire d\u00e8s maintenant.<\/a><\/strong><\/h3>\n<\/td>\n<\/tr>\n<\/tbody>\n<\/table>\n<h3><\/h3>\n","protected":false},"excerpt":{"rendered":"<p>Que fait le tarif capacitaire? Cela semble \u00e9vident, mais chaque foyer a une consommation diff\u00e9rente tout au long de la journ\u00e9e en fonction du comportement au sein de ce foyer. Le tarif capacitaire encouragera les utilisateurs \u00e0 r\u00e9partir leur consommation pour \u00e9viter les moments de pointe. L&rsquo;objectif de cet \u00e9chelonnement est de r\u00e9partir et de [&hellip;]<\/p>\n","protected":false},"author":4,"featured_media":6284,"comment_status":"closed","ping_status":"closed","sticky":false,"template":"","format":"standard","meta":{"_acf_changed":false,"footnotes":""},"categories":[95,91],"tags":[],"class_list":["post-8165","post","type-post","status-publish","format-standard","has-post-thumbnail","hentry","category-organisations-professionnelles-federations-experts","category-expertise-et-management"],"acf":[],"yoast_head":"<!-- This site is optimized with the Yoast SEO plugin v27.3 - https:\/\/yoast.com\/product\/yoast-seo-wordpress\/ -->\n<title>EV Belgium: &quot;le tarif capacitaire n&#039;est qu&#039;une premi\u00e8re \u00e9tape&quot; - link2fleet<\/title>\n<meta name=\"description\" content=\"Avec l&rsquo;introduction du tarif capacitaire, la Flandre fait un pas n\u00e9cessaire dans la transition \u00e9nerg\u00e9tique. Le tarif capacitaire r\u00e9compensera les m\u00e9nages qui g\u00e8rent intelligemment leur\u2026\" \/>\n<meta name=\"robots\" content=\"index, follow, max-snippet:-1, max-image-preview:large, max-video-preview:-1\" \/>\n<meta property=\"og:locale\" content=\"fr_FR\" \/>\n<meta property=\"og:type\" content=\"article\" \/>\n<meta property=\"og:title\" content=\"EV Belgium: &quot;le tarif capacitaire n&#039;est qu&#039;une premi\u00e8re \u00e9tape&quot; - link2fleet\" \/>\n<meta property=\"og:description\" content=\"Avec l&rsquo;introduction du tarif capacitaire, la Flandre fait un pas n\u00e9cessaire dans la transition \u00e9nerg\u00e9tique. Le tarif capacitaire r\u00e9compensera les m\u00e9nages qui g\u00e8rent intelligemment leur\u2026\" \/>\n<meta property=\"og:url\" content=\"https:\/\/www.link2fleet.com\/fr\/ev-belgium-le-tarif-capacitaire-nest-quune-premiere-etape\/\" \/>\n<meta property=\"og:site_name\" content=\"link2fleet\" \/>\n<meta property=\"article:published_time\" content=\"2022-11-22T13:06:17+00:00\" \/>\n<meta property=\"og:image\" content=\"https:\/\/static.link2fleet.com\/wp-content\/uploads\/2024\/03\/fournisseur-electricite-voiture-electrique.jpg\" \/>\n\t<meta property=\"og:image:width\" content=\"1200\" \/>\n\t<meta property=\"og:image:height\" content=\"675\" \/>\n\t<meta property=\"og:image:type\" content=\"image\/jpeg\" \/>\n<meta name=\"author\" content=\"Damien Malvetti\" \/>\n<meta name=\"twitter:card\" content=\"summary_large_image\" \/>\n<meta name=\"twitter:description\" content=\"Avec l&rsquo;introduction du tarif capacitaire, la Flandre fait un pas n\u00e9cessaire dans la transition \u00e9nerg\u00e9tique. Le tarif capacitaire r\u00e9compensera les m\u00e9nages qui g\u00e8rent intelligemment leur\u2026\" \/>\n<meta name=\"twitter:label1\" content=\"\u00c9crit par\" \/>\n\t<meta name=\"twitter:data1\" content=\"Damien Malvetti\" \/>\n\t<meta name=\"twitter:label2\" content=\"Dur\u00e9e de lecture estim\u00e9e\" \/>\n\t<meta name=\"twitter:data2\" content=\"3 minutes\" \/>\n<script type=\"application\/ld+json\" class=\"yoast-schema-graph\">{\"@context\":\"https:\\\/\\\/schema.org\",\"@graph\":[{\"@type\":\"Article\",\"@id\":\"https:\\\/\\\/www.link2fleet.com\\\/fr\\\/ev-belgium-le-tarif-capacitaire-nest-quune-premiere-etape\\\/#article\",\"isPartOf\":{\"@id\":\"https:\\\/\\\/www.link2fleet.com\\\/fr\\\/ev-belgium-le-tarif-capacitaire-nest-quune-premiere-etape\\\/\"},\"author\":{\"name\":\"Damien Malvetti\",\"@id\":\"https:\\\/\\\/www.link2fleet.com\\\/fr\\\/#\\\/schema\\\/person\\\/027cd46113c78036b3809c9a054049da\"},\"headline\":\"EV Belgium: \u00ab\u00a0le tarif capacitaire n&rsquo;est qu&rsquo;une premi\u00e8re \u00e9tape\u00a0\u00bb\",\"datePublished\":\"2022-11-22T13:06:17+00:00\",\"mainEntityOfPage\":{\"@id\":\"https:\\\/\\\/www.link2fleet.com\\\/fr\\\/ev-belgium-le-tarif-capacitaire-nest-quune-premiere-etape\\\/\"},\"wordCount\":629,\"publisher\":{\"@id\":\"https:\\\/\\\/www.link2fleet.com\\\/fr\\\/#organization\"},\"image\":{\"@id\":\"https:\\\/\\\/www.link2fleet.com\\\/fr\\\/ev-belgium-le-tarif-capacitaire-nest-quune-premiere-etape\\\/#primaryimage\"},\"thumbnailUrl\":\"https:\\\/\\\/static.link2fleet.com\\\/wp-content\\\/uploads\\\/2024\\\/03\\\/fournisseur-electricite-voiture-electrique.jpg\",\"articleSection\":[\"Expertise et f\u00e9d\u00e9rations\",\"Gestion de flotte\"],\"inLanguage\":\"fr-FR\"},{\"@type\":\"WebPage\",\"@id\":\"https:\\\/\\\/www.link2fleet.com\\\/fr\\\/ev-belgium-le-tarif-capacitaire-nest-quune-premiere-etape\\\/\",\"url\":\"https:\\\/\\\/www.link2fleet.com\\\/fr\\\/ev-belgium-le-tarif-capacitaire-nest-quune-premiere-etape\\\/\",\"name\":\"EV Belgium: \\\"le tarif capacitaire n'est qu'une premi\u00e8re \u00e9tape\\\" - link2fleet\",\"isPartOf\":{\"@id\":\"https:\\\/\\\/www.link2fleet.com\\\/fr\\\/#website\"},\"primaryImageOfPage\":{\"@id\":\"https:\\\/\\\/www.link2fleet.com\\\/fr\\\/ev-belgium-le-tarif-capacitaire-nest-quune-premiere-etape\\\/#primaryimage\"},\"image\":{\"@id\":\"https:\\\/\\\/www.link2fleet.com\\\/fr\\\/ev-belgium-le-tarif-capacitaire-nest-quune-premiere-etape\\\/#primaryimage\"},\"thumbnailUrl\":\"https:\\\/\\\/static.link2fleet.com\\\/wp-content\\\/uploads\\\/2024\\\/03\\\/fournisseur-electricite-voiture-electrique.jpg\",\"datePublished\":\"2022-11-22T13:06:17+00:00\",\"breadcrumb\":{\"@id\":\"https:\\\/\\\/www.link2fleet.com\\\/fr\\\/ev-belgium-le-tarif-capacitaire-nest-quune-premiere-etape\\\/#breadcrumb\"},\"inLanguage\":\"fr-FR\",\"potentialAction\":[{\"@type\":\"ReadAction\",\"target\":[\"https:\\\/\\\/www.link2fleet.com\\\/fr\\\/ev-belgium-le-tarif-capacitaire-nest-quune-premiere-etape\\\/\"]}]},{\"@type\":\"ImageObject\",\"inLanguage\":\"fr-FR\",\"@id\":\"https:\\\/\\\/www.link2fleet.com\\\/fr\\\/ev-belgium-le-tarif-capacitaire-nest-quune-premiere-etape\\\/#primaryimage\",\"url\":\"https:\\\/\\\/static.link2fleet.com\\\/wp-content\\\/uploads\\\/2024\\\/03\\\/fournisseur-electricite-voiture-electrique.jpg\",\"contentUrl\":\"https:\\\/\\\/static.link2fleet.com\\\/wp-content\\\/uploads\\\/2024\\\/03\\\/fournisseur-electricite-voiture-electrique.jpg\",\"width\":1200,\"height\":675,\"caption\":\"|\"},{\"@type\":\"BreadcrumbList\",\"@id\":\"https:\\\/\\\/www.link2fleet.com\\\/fr\\\/ev-belgium-le-tarif-capacitaire-nest-quune-premiere-etape\\\/#breadcrumb\",\"itemListElement\":[{\"@type\":\"ListItem\",\"position\":1,\"name\":\"Home\",\"item\":\"https:\\\/\\\/www.link2fleet.com\\\/fr\\\/\"},{\"@type\":\"ListItem\",\"position\":2,\"name\":\"EV Belgium: &#8220;le tarif capacitaire n&#8217;est qu&#8217;une premi\u00e8re \u00e9tape&#8221;\"}]},{\"@type\":\"WebSite\",\"@id\":\"https:\\\/\\\/www.link2fleet.com\\\/fr\\\/#website\",\"url\":\"https:\\\/\\\/www.link2fleet.com\\\/fr\\\/\",\"name\":\"Link2fleet\",\"description\":\"\",\"publisher\":{\"@id\":\"https:\\\/\\\/www.link2fleet.com\\\/fr\\\/#organization\"},\"potentialAction\":[{\"@type\":\"SearchAction\",\"target\":{\"@type\":\"EntryPoint\",\"urlTemplate\":\"https:\\\/\\\/www.link2fleet.com\\\/fr\\\/?s={search_term_string}\"},\"query-input\":{\"@type\":\"PropertyValueSpecification\",\"valueRequired\":true,\"valueName\":\"search_term_string\"}}],\"inLanguage\":\"fr-FR\"},{\"@type\":\"Organization\",\"@id\":\"https:\\\/\\\/www.link2fleet.com\\\/fr\\\/#organization\",\"name\":\"Link2fleet\",\"url\":\"https:\\\/\\\/www.link2fleet.com\\\/fr\\\/\",\"logo\":{\"@type\":\"ImageObject\",\"inLanguage\":\"fr-FR\",\"@id\":\"https:\\\/\\\/www.link2fleet.com\\\/fr\\\/#\\\/schema\\\/logo\\\/image\\\/\",\"url\":\"https:\\\/\\\/static.link2fleet.com\\\/wp-content\\\/uploads\\\/2024\\\/03\\\/share-image.jpg\",\"contentUrl\":\"https:\\\/\\\/static.link2fleet.com\\\/wp-content\\\/uploads\\\/2024\\\/03\\\/share-image.jpg\",\"width\":1200,\"height\":630,\"caption\":\"Link2fleet\"},\"image\":{\"@id\":\"https:\\\/\\\/www.link2fleet.com\\\/fr\\\/#\\\/schema\\\/logo\\\/image\\\/\"},\"sameAs\":[\"https:\\\/\\\/www.linkedin.com\\\/company\\\/link2fleet-belgium\",\"https:\\\/\\\/www.youtube.com\\\/user\\\/MMMBMBE\"]},{\"@type\":\"Person\",\"@id\":\"https:\\\/\\\/www.link2fleet.com\\\/fr\\\/#\\\/schema\\\/person\\\/027cd46113c78036b3809c9a054049da\",\"name\":\"Damien Malvetti\",\"image\":{\"@type\":\"ImageObject\",\"inLanguage\":\"fr-FR\",\"@id\":\"https:\\\/\\\/secure.gravatar.com\\\/avatar\\\/dd8cc03b49466c735f753ac37f8caa371af16dfed347456ed61f02883255eebb?s=96&d=mm&r=g\",\"url\":\"https:\\\/\\\/secure.gravatar.com\\\/avatar\\\/dd8cc03b49466c735f753ac37f8caa371af16dfed347456ed61f02883255eebb?s=96&d=mm&r=g\",\"contentUrl\":\"https:\\\/\\\/secure.gravatar.com\\\/avatar\\\/dd8cc03b49466c735f753ac37f8caa371af16dfed347456ed61f02883255eebb?s=96&d=mm&r=g\",\"caption\":\"Damien Malvetti\"},\"description\":\"Damien Malvetti is opgeleid als journalist en gepassioneerd door wagens, technologie en mobiliteit. Hij is verantwoordelijk voor de redactionele inhoud van link2fleet en beschikt over een uitgebreide kennis van de fleet-sector en elektrische mobiliteit.\",\"sameAs\":[\"https:\\\/\\\/www.linkedin.com\\\/in\\\/damien-malvetti-56601142\\\/\"]}]}<\/script>\n<!-- \/ Yoast SEO plugin. -->","yoast_head_json":{"title":"EV Belgium: \"le tarif capacitaire n'est qu'une premi\u00e8re \u00e9tape\" - link2fleet","description":"Avec l&rsquo;introduction du tarif capacitaire, la Flandre fait un pas n\u00e9cessaire dans la transition \u00e9nerg\u00e9tique. Le tarif capacitaire r\u00e9compensera les m\u00e9nages qui g\u00e8rent intelligemment leur\u2026","robots":{"index":"index","follow":"follow","max-snippet":"max-snippet:-1","max-image-preview":"max-image-preview:large","max-video-preview":"max-video-preview:-1"},"og_locale":"fr_FR","og_type":"article","og_title":"EV Belgium: \"le tarif capacitaire n'est qu'une premi\u00e8re \u00e9tape\" - link2fleet","og_description":"Avec l&rsquo;introduction du tarif capacitaire, la Flandre fait un pas n\u00e9cessaire dans la transition \u00e9nerg\u00e9tique. Le tarif capacitaire r\u00e9compensera les m\u00e9nages qui g\u00e8rent intelligemment leur\u2026","og_url":"https:\/\/www.link2fleet.com\/fr\/ev-belgium-le-tarif-capacitaire-nest-quune-premiere-etape\/","og_site_name":"link2fleet","article_published_time":"2022-11-22T13:06:17+00:00","og_image":[{"width":1200,"height":675,"url":"https:\/\/static.link2fleet.com\/wp-content\/uploads\/2024\/03\/fournisseur-electricite-voiture-electrique.jpg","type":"image\/jpeg"}],"author":"Damien Malvetti","twitter_card":"summary_large_image","twitter_description":"Avec l&rsquo;introduction du tarif capacitaire, la Flandre fait un pas n\u00e9cessaire dans la transition \u00e9nerg\u00e9tique. Le tarif capacitaire r\u00e9compensera les m\u00e9nages qui g\u00e8rent intelligemment leur\u2026","twitter_misc":{"\u00c9crit par":"Damien Malvetti","Dur\u00e9e de lecture estim\u00e9e":"3 minutes"},"schema":{"@context":"https:\/\/schema.org","@graph":[{"@type":"Article","@id":"https:\/\/www.link2fleet.com\/fr\/ev-belgium-le-tarif-capacitaire-nest-quune-premiere-etape\/#article","isPartOf":{"@id":"https:\/\/www.link2fleet.com\/fr\/ev-belgium-le-tarif-capacitaire-nest-quune-premiere-etape\/"},"author":{"name":"Damien Malvetti","@id":"https:\/\/www.link2fleet.com\/fr\/#\/schema\/person\/027cd46113c78036b3809c9a054049da"},"headline":"EV Belgium: \u00ab\u00a0le tarif capacitaire n&rsquo;est qu&rsquo;une premi\u00e8re \u00e9tape\u00a0\u00bb","datePublished":"2022-11-22T13:06:17+00:00","mainEntityOfPage":{"@id":"https:\/\/www.link2fleet.com\/fr\/ev-belgium-le-tarif-capacitaire-nest-quune-premiere-etape\/"},"wordCount":629,"publisher":{"@id":"https:\/\/www.link2fleet.com\/fr\/#organization"},"image":{"@id":"https:\/\/www.link2fleet.com\/fr\/ev-belgium-le-tarif-capacitaire-nest-quune-premiere-etape\/#primaryimage"},"thumbnailUrl":"https:\/\/static.link2fleet.com\/wp-content\/uploads\/2024\/03\/fournisseur-electricite-voiture-electrique.jpg","articleSection":["Expertise et f\u00e9d\u00e9rations","Gestion de flotte"],"inLanguage":"fr-FR"},{"@type":"WebPage","@id":"https:\/\/www.link2fleet.com\/fr\/ev-belgium-le-tarif-capacitaire-nest-quune-premiere-etape\/","url":"https:\/\/www.link2fleet.com\/fr\/ev-belgium-le-tarif-capacitaire-nest-quune-premiere-etape\/","name":"EV Belgium: \"le tarif capacitaire n'est qu'une premi\u00e8re \u00e9tape\" - link2fleet","isPartOf":{"@id":"https:\/\/www.link2fleet.com\/fr\/#website"},"primaryImageOfPage":{"@id":"https:\/\/www.link2fleet.com\/fr\/ev-belgium-le-tarif-capacitaire-nest-quune-premiere-etape\/#primaryimage"},"image":{"@id":"https:\/\/www.link2fleet.com\/fr\/ev-belgium-le-tarif-capacitaire-nest-quune-premiere-etape\/#primaryimage"},"thumbnailUrl":"https:\/\/static.link2fleet.com\/wp-content\/uploads\/2024\/03\/fournisseur-electricite-voiture-electrique.jpg","datePublished":"2022-11-22T13:06:17+00:00","breadcrumb":{"@id":"https:\/\/www.link2fleet.com\/fr\/ev-belgium-le-tarif-capacitaire-nest-quune-premiere-etape\/#breadcrumb"},"inLanguage":"fr-FR","potentialAction":[{"@type":"ReadAction","target":["https:\/\/www.link2fleet.com\/fr\/ev-belgium-le-tarif-capacitaire-nest-quune-premiere-etape\/"]}]},{"@type":"ImageObject","inLanguage":"fr-FR","@id":"https:\/\/www.link2fleet.com\/fr\/ev-belgium-le-tarif-capacitaire-nest-quune-premiere-etape\/#primaryimage","url":"https:\/\/static.link2fleet.com\/wp-content\/uploads\/2024\/03\/fournisseur-electricite-voiture-electrique.jpg","contentUrl":"https:\/\/static.link2fleet.com\/wp-content\/uploads\/2024\/03\/fournisseur-electricite-voiture-electrique.jpg","width":1200,"height":675,"caption":"|"},{"@type":"BreadcrumbList","@id":"https:\/\/www.link2fleet.com\/fr\/ev-belgium-le-tarif-capacitaire-nest-quune-premiere-etape\/#breadcrumb","itemListElement":[{"@type":"ListItem","position":1,"name":"Home","item":"https:\/\/www.link2fleet.com\/fr\/"},{"@type":"ListItem","position":2,"name":"EV Belgium: &#8220;le tarif capacitaire n&#8217;est qu&#8217;une premi\u00e8re \u00e9tape&#8221;"}]},{"@type":"WebSite","@id":"https:\/\/www.link2fleet.com\/fr\/#website","url":"https:\/\/www.link2fleet.com\/fr\/","name":"Link2fleet","description":"","publisher":{"@id":"https:\/\/www.link2fleet.com\/fr\/#organization"},"potentialAction":[{"@type":"SearchAction","target":{"@type":"EntryPoint","urlTemplate":"https:\/\/www.link2fleet.com\/fr\/?s={search_term_string}"},"query-input":{"@type":"PropertyValueSpecification","valueRequired":true,"valueName":"search_term_string"}}],"inLanguage":"fr-FR"},{"@type":"Organization","@id":"https:\/\/www.link2fleet.com\/fr\/#organization","name":"Link2fleet","url":"https:\/\/www.link2fleet.com\/fr\/","logo":{"@type":"ImageObject","inLanguage":"fr-FR","@id":"https:\/\/www.link2fleet.com\/fr\/#\/schema\/logo\/image\/","url":"https:\/\/static.link2fleet.com\/wp-content\/uploads\/2024\/03\/share-image.jpg","contentUrl":"https:\/\/static.link2fleet.com\/wp-content\/uploads\/2024\/03\/share-image.jpg","width":1200,"height":630,"caption":"Link2fleet"},"image":{"@id":"https:\/\/www.link2fleet.com\/fr\/#\/schema\/logo\/image\/"},"sameAs":["https:\/\/www.linkedin.com\/company\/link2fleet-belgium","https:\/\/www.youtube.com\/user\/MMMBMBE"]},{"@type":"Person","@id":"https:\/\/www.link2fleet.com\/fr\/#\/schema\/person\/027cd46113c78036b3809c9a054049da","name":"Damien Malvetti","image":{"@type":"ImageObject","inLanguage":"fr-FR","@id":"https:\/\/secure.gravatar.com\/avatar\/dd8cc03b49466c735f753ac37f8caa371af16dfed347456ed61f02883255eebb?s=96&d=mm&r=g","url":"https:\/\/secure.gravatar.com\/avatar\/dd8cc03b49466c735f753ac37f8caa371af16dfed347456ed61f02883255eebb?s=96&d=mm&r=g","contentUrl":"https:\/\/secure.gravatar.com\/avatar\/dd8cc03b49466c735f753ac37f8caa371af16dfed347456ed61f02883255eebb?s=96&d=mm&r=g","caption":"Damien Malvetti"},"description":"Damien Malvetti is opgeleid als journalist en gepassioneerd door wagens, technologie en mobiliteit. Hij is verantwoordelijk voor de redactionele inhoud van link2fleet en beschikt over een uitgebreide kennis van de fleet-sector en elektrische mobiliteit.","sameAs":["https:\/\/www.linkedin.com\/in\/damien-malvetti-56601142\/"]}]}},"_links":{"self":[{"href":"https:\/\/www.link2fleet.com\/fr\/wp-json\/wp\/v2\/posts\/8165","targetHints":{"allow":["GET"]}}],"collection":[{"href":"https:\/\/www.link2fleet.com\/fr\/wp-json\/wp\/v2\/posts"}],"about":[{"href":"https:\/\/www.link2fleet.com\/fr\/wp-json\/wp\/v2\/types\/post"}],"author":[{"embeddable":true,"href":"https:\/\/www.link2fleet.com\/fr\/wp-json\/wp\/v2\/users\/4"}],"replies":[{"embeddable":true,"href":"https:\/\/www.link2fleet.com\/fr\/wp-json\/wp\/v2\/comments?post=8165"}],"version-history":[{"count":0,"href":"https:\/\/www.link2fleet.com\/fr\/wp-json\/wp\/v2\/posts\/8165\/revisions"}],"wp:featuredmedia":[{"embeddable":true,"href":"https:\/\/www.link2fleet.com\/fr\/wp-json\/wp\/v2\/media\/6284"}],"wp:attachment":[{"href":"https:\/\/www.link2fleet.com\/fr\/wp-json\/wp\/v2\/media?parent=8165"}],"wp:term":[{"taxonomy":"category","embeddable":true,"href":"https:\/\/www.link2fleet.com\/fr\/wp-json\/wp\/v2\/categories?post=8165"},{"taxonomy":"post_tag","embeddable":true,"href":"https:\/\/www.link2fleet.com\/fr\/wp-json\/wp\/v2\/tags?post=8165"}],"curies":[{"name":"wp","href":"https:\/\/api.w.org\/{rel}","templated":true}]}}