{"id":8196,"date":"2022-11-24T08:16:05","date_gmt":"2022-11-24T07:16:05","guid":{"rendered":"https:\/\/www.link2fleet.com\/michael-de-meyer-umicore-le-budget-de-mobilite-est-encore-trop-complexe\/"},"modified":"2022-11-24T08:16:05","modified_gmt":"2022-11-24T07:16:05","slug":"michael-de-meyer-umicore-le-budget-de-mobilite-est-encore-trop-complexe","status":"publish","type":"post","link":"https:\/\/www.link2fleet.com\/fr\/michael-de-meyer-umicore-le-budget-de-mobilite-est-encore-trop-complexe\/","title":{"rendered":"Michael De Meyer (Umicore): \u00ab Le budget de mobilit\u00e9 est encore trop complexe \u00bb"},"content":{"rendered":"<p style=\"font-weight: 400;\"><strong>link2fleet\u00a0: la voiture de soci\u00e9t\u00e9 a-t-elle encore une avenir\u00a0?<\/strong><\/p>\n<p style=\"font-weight: 400;\"><strong>Micha\u00ebl De Meyer\u00a0:<\/strong> \u00ab\u00a0En Belgique, je pense que la voiture de soci\u00e9t\u00e9 aura toujours un avenir tant que la fiscalit\u00e9 fera qu\u2019il est int\u00e9ressant d\u2019en mettre une \u00e0 disposition de ses collaborateurs.\u00a0\u00bb<\/p>\n<p>&nbsp;<\/p>\n<p style=\"font-weight: 400;\"><strong>l2f\u00a0: Le fleet 100% \u00e9lectrique en 2026, vous y croyez\u00a0?<\/strong><\/p>\n<p style=\"font-weight: 400;\"><strong>M.D.M.<\/strong>\u00a0: \u00ab\u00a0Chez nous, ce sera bien le cas, mais je pense qu\u2019en g\u00e9n\u00e9ral, sur le march\u00e9 belge, ce ne sera pas le cas. Parce que chaque entreprise a ses propres d\u00e9fis et ses propres profils de conducteurs. Donc je suppose que certains vont encore avoir un mix entre full \u00e9lectrique et d\u2019autres types de carburants en 2026.\u00a0\u00bb<\/p>\n<p><iframe loading=\"lazy\" title=\"link2fleet 250e edition - Micha\u00ebl De Meyer (Umicore)\" width=\"500\" height=\"281\" src=\"https:\/\/www.youtube.com\/embed\/Gcz8En0a6ws?feature=oembed\" frameborder=\"0\" allow=\"accelerometer; autoplay; clipboard-write; encrypted-media; gyroscope; picture-in-picture; web-share\" referrerpolicy=\"strict-origin-when-cross-origin\" allowfullscreen><\/iframe><\/p>\n<p>&nbsp;<\/p>\n<p style=\"font-weight: 400;\"><strong>l2f\u00a0: Les carburants fossiles ont-ils encore un avenir\u00a0?<\/strong><\/p>\n<p style=\"font-weight: 400;\"><strong>M.D.M.\u00a0:<\/strong> C\u2019est mon avis personnel, mais je pense que les carburants fossiles n\u2019ont plus beaucoup d\u2019avenir pour les v\u00e9hicules personnels \u00e0 long-terme. Pour des solutions comme l\u2019hydrog\u00e8ne, je crois par contre qu\u2019il y a bien un avenir, notamment pour certains types de v\u00e9hicules, notamment dans le transport lourd.\u00a0\u00bb<\/p>\n<p>&nbsp;<\/p>\n<p style=\"font-weight: 400;\"><strong>l2f\u00a0: comment voyez-vous \u00e9voluer la mobilit\u00e9 des travailleurs \u00e0 l\u2019avenir\u00a0?<\/strong><\/p>\n<p style=\"font-weight: 400;\"><strong>M.D.M.\u00a0:\u00a0<\/strong>\u00ab\u00a0Je pense que le t\u00e9l\u00e9travail est devenu un aspect tr\u00e8s important de notre mobilit\u00e9 depuis la pand\u00e9mie de COVID-19. Car la meilleure mobilit\u00e9 n\u2019est-elle finalement pas celle o\u00f9 ne nous devons pas nous d\u00e9placer\u00a0? A c\u00f4t\u00e9 de cela, il est tr\u00e8s important qu\u2019on puisse donner \u00e0 chaque collaborateurs les meilleures solutions individuelles sur sa fa\u00e7on de se d\u00e9placer.\u00a0\u00bb<\/p>\n<p>&nbsp;<\/p>\n<p style=\"font-weight: 400;\"><strong>l2f\u00a0: Quel regard portez-vous sur le budget de mobilit\u00e9 et comment l\u2019imaginez-vous encore \u00e9voluer\u00a0?<\/strong><\/p>\n<p style=\"font-weight: 400;\"><strong>M.D.M.\u00a0:<\/strong> \u00ab\u00a0Tel qu\u2019il est aujourd\u2019hui, je trouve que le budget de mobilit\u00e9 reste tr\u00e8s complexe \u00e0 mettre en place. C\u2019est un syst\u00e8me tr\u00e8s peu optimal pour les employeurs, justement \u00e0 cause de cette complexit\u00e9.\u00a0\u00bb<\/p>\n<p>&nbsp;<\/p>\n<p style=\"font-weight: 400;\"><strong>l2f\u00a0: La voiture autonome, mythe ou r\u00e9alit\u00e9\u00a0?<\/strong><\/p>\n<p style=\"font-weight: 400;\"><strong>M.D.M.\u00a0: <\/strong>\u00ab\u00a0Personnellement, je suis assez r\u00e9ticent au concept de la voiture autonome. Peut-\u00eatre parce que je ne l\u2019ai pas encore vue en vrai. Mais aussi peut-\u00eatre parce qu\u2019il y a encore beaucoup de variables et de risques li\u00e9s \u00e0 la voiture autonome. En tout cas, \u00e0 l\u2019heure actuelle, je ne pourrais pas me sentir \u00e0 l\u2019aise dans une voiture autonome.\u00a0\u00bb<\/p>\n<p style=\"font-weight: 400;\">\n","protected":false},"excerpt":{"rendered":"<p>link2fleet\u00a0: la voiture de soci\u00e9t\u00e9 a-t-elle encore une avenir\u00a0? Micha\u00ebl De Meyer\u00a0: \u00ab\u00a0En Belgique, je pense que la voiture de soci\u00e9t\u00e9 aura toujours un avenir tant que la fiscalit\u00e9 fera qu\u2019il est int\u00e9ressant d\u2019en mettre une \u00e0 disposition de ses collaborateurs.\u00a0\u00bb &nbsp; l2f\u00a0: Le fleet 100% \u00e9lectrique en 2026, vous y croyez\u00a0? M.D.M.\u00a0: \u00ab\u00a0Chez nous, [&hellip;]<\/p>\n","protected":false},"author":43,"featured_media":7917,"comment_status":"closed","ping_status":"closed","sticky":false,"template":"","format":"standard","meta":{"_acf_changed":false,"footnotes":""},"categories":[95,91],"tags":[],"class_list":["post-8196","post","type-post","status-publish","format-standard","has-post-thumbnail","hentry","category-organisations-professionnelles-federations-experts","category-expertise-et-management"],"acf":[],"yoast_head":"<!-- This site is optimized with the Yoast SEO plugin v27.3 - https:\/\/yoast.com\/product\/yoast-seo-wordpress\/ -->\n<title>Michael De Meyer (Umicore): \u00ab Le budget de mobilit\u00e9 est encore trop complexe \u00bb - link2fleet<\/title>\n<meta name=\"description\" content=\"A l\u2019occasion de la 250e \u00e9dition de notre magazine link2fleet, nous avons d\u00e9cid\u00e9 de donner la parole \u00e0 quelques grands acteurs du secteur afin de\u2026\" \/>\n<meta name=\"robots\" content=\"index, follow, max-snippet:-1, max-image-preview:large, max-video-preview:-1\" \/>\n<meta property=\"og:locale\" content=\"fr_FR\" \/>\n<meta property=\"og:type\" content=\"article\" \/>\n<meta property=\"og:title\" content=\"Michael De Meyer (Umicore): \u00ab Le budget de mobilit\u00e9 est encore trop complexe \u00bb - link2fleet\" \/>\n<meta property=\"og:description\" content=\"A l\u2019occasion de la 250e \u00e9dition de notre magazine link2fleet, nous avons d\u00e9cid\u00e9 de donner la parole \u00e0 quelques grands acteurs du secteur afin de\u2026\" \/>\n<meta property=\"og:url\" content=\"https:\/\/www.link2fleet.com\/fr\/michael-de-meyer-umicore-le-budget-de-mobilite-est-encore-trop-complexe\/\" \/>\n<meta property=\"og:site_name\" content=\"link2fleet\" \/>\n<meta property=\"article:published_time\" content=\"2022-11-24T07:16:05+00:00\" \/>\n<meta property=\"og:image\" content=\"https:\/\/static.link2fleet.com\/wp-content\/uploads\/2024\/03\/kandidaat-awards-2022-umicore-michael-de-meyer-scaled-e1677767215137.jpg\" \/>\n\t<meta property=\"og:image:width\" content=\"1593\" \/>\n\t<meta property=\"og:image:height\" content=\"1401\" \/>\n\t<meta property=\"og:image:type\" content=\"image\/jpeg\" \/>\n<meta name=\"author\" content=\"Jeroen Evens\" \/>\n<meta name=\"twitter:card\" content=\"summary_large_image\" \/>\n<meta name=\"twitter:description\" content=\"A l\u2019occasion de la 250e \u00e9dition de notre magazine link2fleet, nous avons d\u00e9cid\u00e9 de donner la parole \u00e0 quelques grands acteurs du secteur afin de\u2026\" \/>\n<meta name=\"twitter:label1\" content=\"\u00c9crit par\" \/>\n\t<meta name=\"twitter:data1\" content=\"Jeroen Evens\" \/>\n\t<meta name=\"twitter:label2\" content=\"Dur\u00e9e de lecture estim\u00e9e\" \/>\n\t<meta name=\"twitter:data2\" content=\"2 minutes\" \/>\n<script type=\"application\/ld+json\" class=\"yoast-schema-graph\">{\"@context\":\"https:\\\/\\\/schema.org\",\"@graph\":[{\"@type\":\"Article\",\"@id\":\"https:\\\/\\\/www.link2fleet.com\\\/fr\\\/michael-de-meyer-umicore-le-budget-de-mobilite-est-encore-trop-complexe\\\/#article\",\"isPartOf\":{\"@id\":\"https:\\\/\\\/www.link2fleet.com\\\/fr\\\/michael-de-meyer-umicore-le-budget-de-mobilite-est-encore-trop-complexe\\\/\"},\"author\":{\"name\":\"Jeroen Evens\",\"@id\":\"https:\\\/\\\/www.link2fleet.com\\\/fr\\\/#\\\/schema\\\/person\\\/3f23fa5cf039e25761156c930f6bf38f\"},\"headline\":\"Michael De Meyer (Umicore): \u00ab Le budget de mobilit\u00e9 est encore trop complexe \u00bb\",\"datePublished\":\"2022-11-24T07:16:05+00:00\",\"mainEntityOfPage\":{\"@id\":\"https:\\\/\\\/www.link2fleet.com\\\/fr\\\/michael-de-meyer-umicore-le-budget-de-mobilite-est-encore-trop-complexe\\\/\"},\"wordCount\":426,\"publisher\":{\"@id\":\"https:\\\/\\\/www.link2fleet.com\\\/fr\\\/#organization\"},\"image\":{\"@id\":\"https:\\\/\\\/www.link2fleet.com\\\/fr\\\/michael-de-meyer-umicore-le-budget-de-mobilite-est-encore-trop-complexe\\\/#primaryimage\"},\"thumbnailUrl\":\"https:\\\/\\\/static.link2fleet.com\\\/wp-content\\\/uploads\\\/2024\\\/03\\\/kandidaat-awards-2022-umicore-michael-de-meyer-scaled-e1677767215137.jpg\",\"articleSection\":[\"Expertise et f\u00e9d\u00e9rations\",\"Gestion de flotte\"],\"inLanguage\":\"fr-FR\"},{\"@type\":\"WebPage\",\"@id\":\"https:\\\/\\\/www.link2fleet.com\\\/fr\\\/michael-de-meyer-umicore-le-budget-de-mobilite-est-encore-trop-complexe\\\/\",\"url\":\"https:\\\/\\\/www.link2fleet.com\\\/fr\\\/michael-de-meyer-umicore-le-budget-de-mobilite-est-encore-trop-complexe\\\/\",\"name\":\"Michael De Meyer (Umicore): \u00ab Le budget de mobilit\u00e9 est encore trop complexe \u00bb - link2fleet\",\"isPartOf\":{\"@id\":\"https:\\\/\\\/www.link2fleet.com\\\/fr\\\/#website\"},\"primaryImageOfPage\":{\"@id\":\"https:\\\/\\\/www.link2fleet.com\\\/fr\\\/michael-de-meyer-umicore-le-budget-de-mobilite-est-encore-trop-complexe\\\/#primaryimage\"},\"image\":{\"@id\":\"https:\\\/\\\/www.link2fleet.com\\\/fr\\\/michael-de-meyer-umicore-le-budget-de-mobilite-est-encore-trop-complexe\\\/#primaryimage\"},\"thumbnailUrl\":\"https:\\\/\\\/static.link2fleet.com\\\/wp-content\\\/uploads\\\/2024\\\/03\\\/kandidaat-awards-2022-umicore-michael-de-meyer-scaled-e1677767215137.jpg\",\"datePublished\":\"2022-11-24T07:16:05+00:00\",\"breadcrumb\":{\"@id\":\"https:\\\/\\\/www.link2fleet.com\\\/fr\\\/michael-de-meyer-umicore-le-budget-de-mobilite-est-encore-trop-complexe\\\/#breadcrumb\"},\"inLanguage\":\"fr-FR\",\"potentialAction\":[{\"@type\":\"ReadAction\",\"target\":[\"https:\\\/\\\/www.link2fleet.com\\\/fr\\\/michael-de-meyer-umicore-le-budget-de-mobilite-est-encore-trop-complexe\\\/\"]}]},{\"@type\":\"ImageObject\",\"inLanguage\":\"fr-FR\",\"@id\":\"https:\\\/\\\/www.link2fleet.com\\\/fr\\\/michael-de-meyer-umicore-le-budget-de-mobilite-est-encore-trop-complexe\\\/#primaryimage\",\"url\":\"https:\\\/\\\/static.link2fleet.com\\\/wp-content\\\/uploads\\\/2024\\\/03\\\/kandidaat-awards-2022-umicore-michael-de-meyer-scaled-e1677767215137.jpg\",\"contentUrl\":\"https:\\\/\\\/static.link2fleet.com\\\/wp-content\\\/uploads\\\/2024\\\/03\\\/kandidaat-awards-2022-umicore-michael-de-meyer-scaled-e1677767215137.jpg\",\"width\":1593,\"height\":1401,\"caption\":\"|||||||\"},{\"@type\":\"BreadcrumbList\",\"@id\":\"https:\\\/\\\/www.link2fleet.com\\\/fr\\\/michael-de-meyer-umicore-le-budget-de-mobilite-est-encore-trop-complexe\\\/#breadcrumb\",\"itemListElement\":[{\"@type\":\"ListItem\",\"position\":1,\"name\":\"Home\",\"item\":\"https:\\\/\\\/www.link2fleet.com\\\/fr\\\/\"},{\"@type\":\"ListItem\",\"position\":2,\"name\":\"Michael De Meyer (Umicore): \u00ab Le budget de mobilit\u00e9 est encore trop complexe \u00bb\"}]},{\"@type\":\"WebSite\",\"@id\":\"https:\\\/\\\/www.link2fleet.com\\\/fr\\\/#website\",\"url\":\"https:\\\/\\\/www.link2fleet.com\\\/fr\\\/\",\"name\":\"Link2fleet\",\"description\":\"\",\"publisher\":{\"@id\":\"https:\\\/\\\/www.link2fleet.com\\\/fr\\\/#organization\"},\"potentialAction\":[{\"@type\":\"SearchAction\",\"target\":{\"@type\":\"EntryPoint\",\"urlTemplate\":\"https:\\\/\\\/www.link2fleet.com\\\/fr\\\/?s={search_term_string}\"},\"query-input\":{\"@type\":\"PropertyValueSpecification\",\"valueRequired\":true,\"valueName\":\"search_term_string\"}}],\"inLanguage\":\"fr-FR\"},{\"@type\":\"Organization\",\"@id\":\"https:\\\/\\\/www.link2fleet.com\\\/fr\\\/#organization\",\"name\":\"Link2fleet\",\"url\":\"https:\\\/\\\/www.link2fleet.com\\\/fr\\\/\",\"logo\":{\"@type\":\"ImageObject\",\"inLanguage\":\"fr-FR\",\"@id\":\"https:\\\/\\\/www.link2fleet.com\\\/fr\\\/#\\\/schema\\\/logo\\\/image\\\/\",\"url\":\"https:\\\/\\\/static.link2fleet.com\\\/wp-content\\\/uploads\\\/2024\\\/03\\\/share-image.jpg\",\"contentUrl\":\"https:\\\/\\\/static.link2fleet.com\\\/wp-content\\\/uploads\\\/2024\\\/03\\\/share-image.jpg\",\"width\":1200,\"height\":630,\"caption\":\"Link2fleet\"},\"image\":{\"@id\":\"https:\\\/\\\/www.link2fleet.com\\\/fr\\\/#\\\/schema\\\/logo\\\/image\\\/\"},\"sameAs\":[\"https:\\\/\\\/www.linkedin.com\\\/company\\\/link2fleet-belgium\",\"https:\\\/\\\/www.youtube.com\\\/user\\\/MMMBMBE\"]},{\"@type\":\"Person\",\"@id\":\"https:\\\/\\\/www.link2fleet.com\\\/fr\\\/#\\\/schema\\\/person\\\/3f23fa5cf039e25761156c930f6bf38f\",\"name\":\"Jeroen Evens\",\"image\":{\"@type\":\"ImageObject\",\"inLanguage\":\"fr-FR\",\"@id\":\"https:\\\/\\\/secure.gravatar.com\\\/avatar\\\/6e059523a84fbec54e5ec5d0f3fb4322b7b077be22b323085f823d1d7f00f32e?s=96&d=mm&r=g\",\"url\":\"https:\\\/\\\/secure.gravatar.com\\\/avatar\\\/6e059523a84fbec54e5ec5d0f3fb4322b7b077be22b323085f823d1d7f00f32e?s=96&d=mm&r=g\",\"contentUrl\":\"https:\\\/\\\/secure.gravatar.com\\\/avatar\\\/6e059523a84fbec54e5ec5d0f3fb4322b7b077be22b323085f823d1d7f00f32e?s=96&d=mm&r=g\",\"caption\":\"Jeroen Evens\"},\"description\":\"Jeroen Evens is opgeleid in de Communicatiewetenschappen (KULeuven) en is een enthousiaste volger van alles wat met mobiliteit en bedrijfswagens te maken heeft. Als freelance journalist gespecialiseerd in de fleetsector houdt hij al drie jaar lang de vinger aan de pols van de laatste ontwikkelingen in onze sector.\"}]}<\/script>\n<!-- \/ Yoast SEO plugin. -->","yoast_head_json":{"title":"Michael De Meyer (Umicore): \u00ab Le budget de mobilit\u00e9 est encore trop complexe \u00bb - link2fleet","description":"A l\u2019occasion de la 250e \u00e9dition de notre magazine link2fleet, nous avons d\u00e9cid\u00e9 de donner la parole \u00e0 quelques grands acteurs du secteur afin de\u2026","robots":{"index":"index","follow":"follow","max-snippet":"max-snippet:-1","max-image-preview":"max-image-preview:large","max-video-preview":"max-video-preview:-1"},"og_locale":"fr_FR","og_type":"article","og_title":"Michael De Meyer (Umicore): \u00ab Le budget de mobilit\u00e9 est encore trop complexe \u00bb - link2fleet","og_description":"A l\u2019occasion de la 250e \u00e9dition de notre magazine link2fleet, nous avons d\u00e9cid\u00e9 de donner la parole \u00e0 quelques grands acteurs du secteur afin de\u2026","og_url":"https:\/\/www.link2fleet.com\/fr\/michael-de-meyer-umicore-le-budget-de-mobilite-est-encore-trop-complexe\/","og_site_name":"link2fleet","article_published_time":"2022-11-24T07:16:05+00:00","og_image":[{"width":1593,"height":1401,"url":"https:\/\/static.link2fleet.com\/wp-content\/uploads\/2024\/03\/kandidaat-awards-2022-umicore-michael-de-meyer-scaled-e1677767215137.jpg","type":"image\/jpeg"}],"author":"Jeroen Evens","twitter_card":"summary_large_image","twitter_description":"A l\u2019occasion de la 250e \u00e9dition de notre magazine link2fleet, nous avons d\u00e9cid\u00e9 de donner la parole \u00e0 quelques grands acteurs du secteur afin de\u2026","twitter_misc":{"\u00c9crit par":"Jeroen Evens","Dur\u00e9e de lecture estim\u00e9e":"2 minutes"},"schema":{"@context":"https:\/\/schema.org","@graph":[{"@type":"Article","@id":"https:\/\/www.link2fleet.com\/fr\/michael-de-meyer-umicore-le-budget-de-mobilite-est-encore-trop-complexe\/#article","isPartOf":{"@id":"https:\/\/www.link2fleet.com\/fr\/michael-de-meyer-umicore-le-budget-de-mobilite-est-encore-trop-complexe\/"},"author":{"name":"Jeroen Evens","@id":"https:\/\/www.link2fleet.com\/fr\/#\/schema\/person\/3f23fa5cf039e25761156c930f6bf38f"},"headline":"Michael De Meyer (Umicore): \u00ab Le budget de mobilit\u00e9 est encore trop complexe \u00bb","datePublished":"2022-11-24T07:16:05+00:00","mainEntityOfPage":{"@id":"https:\/\/www.link2fleet.com\/fr\/michael-de-meyer-umicore-le-budget-de-mobilite-est-encore-trop-complexe\/"},"wordCount":426,"publisher":{"@id":"https:\/\/www.link2fleet.com\/fr\/#organization"},"image":{"@id":"https:\/\/www.link2fleet.com\/fr\/michael-de-meyer-umicore-le-budget-de-mobilite-est-encore-trop-complexe\/#primaryimage"},"thumbnailUrl":"https:\/\/static.link2fleet.com\/wp-content\/uploads\/2024\/03\/kandidaat-awards-2022-umicore-michael-de-meyer-scaled-e1677767215137.jpg","articleSection":["Expertise et f\u00e9d\u00e9rations","Gestion de flotte"],"inLanguage":"fr-FR"},{"@type":"WebPage","@id":"https:\/\/www.link2fleet.com\/fr\/michael-de-meyer-umicore-le-budget-de-mobilite-est-encore-trop-complexe\/","url":"https:\/\/www.link2fleet.com\/fr\/michael-de-meyer-umicore-le-budget-de-mobilite-est-encore-trop-complexe\/","name":"Michael De Meyer (Umicore): \u00ab Le budget de mobilit\u00e9 est encore trop complexe \u00bb - link2fleet","isPartOf":{"@id":"https:\/\/www.link2fleet.com\/fr\/#website"},"primaryImageOfPage":{"@id":"https:\/\/www.link2fleet.com\/fr\/michael-de-meyer-umicore-le-budget-de-mobilite-est-encore-trop-complexe\/#primaryimage"},"image":{"@id":"https:\/\/www.link2fleet.com\/fr\/michael-de-meyer-umicore-le-budget-de-mobilite-est-encore-trop-complexe\/#primaryimage"},"thumbnailUrl":"https:\/\/static.link2fleet.com\/wp-content\/uploads\/2024\/03\/kandidaat-awards-2022-umicore-michael-de-meyer-scaled-e1677767215137.jpg","datePublished":"2022-11-24T07:16:05+00:00","breadcrumb":{"@id":"https:\/\/www.link2fleet.com\/fr\/michael-de-meyer-umicore-le-budget-de-mobilite-est-encore-trop-complexe\/#breadcrumb"},"inLanguage":"fr-FR","potentialAction":[{"@type":"ReadAction","target":["https:\/\/www.link2fleet.com\/fr\/michael-de-meyer-umicore-le-budget-de-mobilite-est-encore-trop-complexe\/"]}]},{"@type":"ImageObject","inLanguage":"fr-FR","@id":"https:\/\/www.link2fleet.com\/fr\/michael-de-meyer-umicore-le-budget-de-mobilite-est-encore-trop-complexe\/#primaryimage","url":"https:\/\/static.link2fleet.com\/wp-content\/uploads\/2024\/03\/kandidaat-awards-2022-umicore-michael-de-meyer-scaled-e1677767215137.jpg","contentUrl":"https:\/\/static.link2fleet.com\/wp-content\/uploads\/2024\/03\/kandidaat-awards-2022-umicore-michael-de-meyer-scaled-e1677767215137.jpg","width":1593,"height":1401,"caption":"|||||||"},{"@type":"BreadcrumbList","@id":"https:\/\/www.link2fleet.com\/fr\/michael-de-meyer-umicore-le-budget-de-mobilite-est-encore-trop-complexe\/#breadcrumb","itemListElement":[{"@type":"ListItem","position":1,"name":"Home","item":"https:\/\/www.link2fleet.com\/fr\/"},{"@type":"ListItem","position":2,"name":"Michael De Meyer (Umicore): \u00ab Le budget de mobilit\u00e9 est encore trop complexe \u00bb"}]},{"@type":"WebSite","@id":"https:\/\/www.link2fleet.com\/fr\/#website","url":"https:\/\/www.link2fleet.com\/fr\/","name":"Link2fleet","description":"","publisher":{"@id":"https:\/\/www.link2fleet.com\/fr\/#organization"},"potentialAction":[{"@type":"SearchAction","target":{"@type":"EntryPoint","urlTemplate":"https:\/\/www.link2fleet.com\/fr\/?s={search_term_string}"},"query-input":{"@type":"PropertyValueSpecification","valueRequired":true,"valueName":"search_term_string"}}],"inLanguage":"fr-FR"},{"@type":"Organization","@id":"https:\/\/www.link2fleet.com\/fr\/#organization","name":"Link2fleet","url":"https:\/\/www.link2fleet.com\/fr\/","logo":{"@type":"ImageObject","inLanguage":"fr-FR","@id":"https:\/\/www.link2fleet.com\/fr\/#\/schema\/logo\/image\/","url":"https:\/\/static.link2fleet.com\/wp-content\/uploads\/2024\/03\/share-image.jpg","contentUrl":"https:\/\/static.link2fleet.com\/wp-content\/uploads\/2024\/03\/share-image.jpg","width":1200,"height":630,"caption":"Link2fleet"},"image":{"@id":"https:\/\/www.link2fleet.com\/fr\/#\/schema\/logo\/image\/"},"sameAs":["https:\/\/www.linkedin.com\/company\/link2fleet-belgium","https:\/\/www.youtube.com\/user\/MMMBMBE"]},{"@type":"Person","@id":"https:\/\/www.link2fleet.com\/fr\/#\/schema\/person\/3f23fa5cf039e25761156c930f6bf38f","name":"Jeroen Evens","image":{"@type":"ImageObject","inLanguage":"fr-FR","@id":"https:\/\/secure.gravatar.com\/avatar\/6e059523a84fbec54e5ec5d0f3fb4322b7b077be22b323085f823d1d7f00f32e?s=96&d=mm&r=g","url":"https:\/\/secure.gravatar.com\/avatar\/6e059523a84fbec54e5ec5d0f3fb4322b7b077be22b323085f823d1d7f00f32e?s=96&d=mm&r=g","contentUrl":"https:\/\/secure.gravatar.com\/avatar\/6e059523a84fbec54e5ec5d0f3fb4322b7b077be22b323085f823d1d7f00f32e?s=96&d=mm&r=g","caption":"Jeroen Evens"},"description":"Jeroen Evens is opgeleid in de Communicatiewetenschappen (KULeuven) en is een enthousiaste volger van alles wat met mobiliteit en bedrijfswagens te maken heeft. Als freelance journalist gespecialiseerd in de fleetsector houdt hij al drie jaar lang de vinger aan de pols van de laatste ontwikkelingen in onze sector."}]}},"_links":{"self":[{"href":"https:\/\/www.link2fleet.com\/fr\/wp-json\/wp\/v2\/posts\/8196","targetHints":{"allow":["GET"]}}],"collection":[{"href":"https:\/\/www.link2fleet.com\/fr\/wp-json\/wp\/v2\/posts"}],"about":[{"href":"https:\/\/www.link2fleet.com\/fr\/wp-json\/wp\/v2\/types\/post"}],"author":[{"embeddable":true,"href":"https:\/\/www.link2fleet.com\/fr\/wp-json\/wp\/v2\/users\/43"}],"replies":[{"embeddable":true,"href":"https:\/\/www.link2fleet.com\/fr\/wp-json\/wp\/v2\/comments?post=8196"}],"version-history":[{"count":0,"href":"https:\/\/www.link2fleet.com\/fr\/wp-json\/wp\/v2\/posts\/8196\/revisions"}],"wp:featuredmedia":[{"embeddable":true,"href":"https:\/\/www.link2fleet.com\/fr\/wp-json\/wp\/v2\/media\/7917"}],"wp:attachment":[{"href":"https:\/\/www.link2fleet.com\/fr\/wp-json\/wp\/v2\/media?parent=8196"}],"wp:term":[{"taxonomy":"category","embeddable":true,"href":"https:\/\/www.link2fleet.com\/fr\/wp-json\/wp\/v2\/categories?post=8196"},{"taxonomy":"post_tag","embeddable":true,"href":"https:\/\/www.link2fleet.com\/fr\/wp-json\/wp\/v2\/tags?post=8196"}],"curies":[{"name":"wp","href":"https:\/\/api.w.org\/{rel}","templated":true}]}}