{"id":8201,"date":"2022-11-24T08:35:50","date_gmt":"2022-11-24T07:35:50","guid":{"rendered":"https:\/\/www.link2fleet.com\/klaudija-casar-torkar-ald-automotive-la-complexite-autour-de-lelectrification-et-de-la-mobilite-alternative-reste-un-defi\/"},"modified":"2024-04-17T16:45:24","modified_gmt":"2024-04-17T14:45:24","slug":"klaudija-casar-torkar-ald-automotive-la-complexite-autour-de-lelectrification-et-de-la-mobilite-alternative-reste-un-defi","status":"publish","type":"post","link":"https:\/\/www.link2fleet.com\/fr\/klaudija-casar-torkar-ald-automotive-la-complexite-autour-de-lelectrification-et-de-la-mobilite-alternative-reste-un-defi\/","title":{"rendered":"Klaudija Casar Torkar (ALD Automotive): \u201cLa complexit\u00e9 autour de l\u2019\u00e9lectrification et de la mobilit\u00e9 alternative reste un d\u00e9fi\u201d"},"content":{"rendered":"<p style=\"font-weight: 400;\"><strong>link2fleet: L&rsquo;\u00e9lectrification et l&rsquo;\u00e9volution des besoins de mobilit\u00e9 ont-elles d\u00e9j\u00e0 eu un impact majeur sur votre strat\u00e9gie \u00e0 ce stade ?<\/strong><\/p>\n<p style=\"font-weight: 400;\"><strong>Klaudija Casar Torkar:<\/strong> \u201c Il y a plus de six ans, nous avons re\u00e7u les premi\u00e8res questions de nos clients concernant l&rsquo;\u00e9lectrification et les besoins de mobilit\u00e9. Nous avons trouv\u00e9 cela int\u00e9ressant et avons imm\u00e9diatement d\u00e9cid\u00e9 d&rsquo;aborder ce sujet et avons commenc\u00e9 \u00e0 travailler sur un ensemble de solutions flexibles avec nos clients. Aujourd&rsquo;hui, l&rsquo;\u00e9cosyst\u00e8me de la mobilit\u00e9 est tr\u00e8s diff\u00e9rent, et depuis quelques ann\u00e9es d\u00e9j\u00e0, nous fournissons \u00e0 nos clients des solutions de mobilit\u00e9 enti\u00e8rement int\u00e9gr\u00e9es qui vont bien au-del\u00e0 de l&rsquo;\u00e9lectrification elle-m\u00eame.\u00a0\u00bb<\/p>\n<p>&nbsp;<\/p>\n<p style=\"font-weight: 400;\"><strong>l2f: En gardant cette \u00e9volution \u00e0 l&rsquo;esprit, quels sont les plus grands d\u00e9fis \u00e0 venir pour le secteur du leasing ?<\/strong><\/p>\n<p style=\"font-weight: 400;\"><strong>K.C.T.:<\/strong> \u201c Au cours des derni\u00e8res ann\u00e9es, notre monde a chang\u00e9 rapidement. L&rsquo;impact du Covid et l&rsquo;importance croissante du t\u00e9l\u00e9travail, les d\u00e9fis de la cha\u00eene d&rsquo;approvisionnement, la pouss\u00e9e vers l&rsquo;\u00e9lectrification des flottes, le passage de la propri\u00e9t\u00e9 \u00e0 l&rsquo;utilisation, l&rsquo;\u00e9volution vers un mod\u00e8le d&rsquo;agence chez les \u00e9quipementiers, la mobilit\u00e9 partag\u00e9e, un march\u00e9 du travail tr\u00e8s actif, la volont\u00e9 d&rsquo;une \u00e9conomie durable et circulaire et le d\u00e9sir de plus de flexibilit\u00e9 ont \u00e9galement un impact sur notre vie quotidienne. Nous sommes heureux de voir les objectifs ambitieux du gouvernement en mati\u00e8re de mobilit\u00e9 verte et les encouragements fiscaux correspondants mis en place, soulignant l&rsquo;importance de l&rsquo;\u00e9lectrification et de la strat\u00e9gie de mobilit\u00e9 flexible pour tous leurs employ\u00e9s, mais la complexit\u00e9 reste un d\u00e9fi.\u00a0\u00bb<\/p>\n<p>&nbsp;<\/p>\n<p style=\"font-weight: 400;\"><strong>l2f: Comment les changements de fiscalit\u00e9 vont-ils impacter votre politique dans les ann\u00e9es \u00e0 venir\u00a0?<\/strong><\/p>\n<p style=\"font-weight: 400;\"><strong>K.C.T.:<\/strong> \u201cNous pensons que l&rsquo;\u00e9volution de la fiscalit\u00e9 ne fera qu&rsquo;acc\u00e9l\u00e9rer la transition vers des solutions de mobilit\u00e9 multimodales et flexibles.\u201d<\/p>\n<p>&nbsp;<\/p>\n<p style=\"font-weight: 400;\"><strong>l2f: Allez-vous mettre davantage le focus \u00e0 l\u2019avenir sur de nouvelles formes de mobilit\u00e9, comme le leasing de v\u00e9los par exemple\u00a0?<\/strong><\/p>\n<p style=\"font-weight: 400;\"><strong>K.C.T.:<\/strong> \u201cChez ALD, nous proposons d\u00e9j\u00e0 des solutions de mobilit\u00e9 multimodales flexibles, y compris la location de v\u00e9los, et au vu des tendances dans le monde et dans notre pays, nous avons l&rsquo;intention de continuer \u00e0 les promouvoir. Pour en venir aux v\u00e9los eux-m\u00eames, conform\u00e9ment \u00e0 notre strat\u00e9gie visant \u00e0 offrir une exp\u00e9rience num\u00e9rique sans faille \u00e0 nos clients, nous avons d\u00e9velopp\u00e9 une solution digitale permettant aux clients et aux employ\u00e9s de configurer leur v\u00e9lo id\u00e9al dans un magasin de v\u00e9los et de vivre une exp\u00e9rience digitale compl\u00e8te tout au long du cycle de vie du v\u00e9lo. En outre, en coop\u00e9ration avec Skipr, nous avons lanc\u00e9 en septembre \u2018ALD Move\u2019 en Belgique, la solution MaaS (Mobility as a Service) permettant aux clients d&rsquo;acc\u00e9der au transport multimodal et de g\u00e9rer le budget de mobilit\u00e9. Nous prenons les solutions num\u00e9riques flexibles au s\u00e9rieux.\u00a0\u00bb<\/p>\n<p>&nbsp;<\/p>\n<p style=\"font-weight: 400;\"><strong>l2f: La Belgique est connue comme un pays o\u00f9 la voiture de soci\u00e9t\u00e9 est reine. Comment voyez-vous le secteur \u00e9voluer au cours des 20 prochaines ann\u00e9es, et comment cela affectera-t-il votre approche ?<\/strong><\/p>\n<p style=\"font-weight: 400;\"><strong>K.C.T.:<\/strong> \u201cLa voiture de soci\u00e9t\u00e9 a toujours \u00e9t\u00e9 consid\u00e9r\u00e9e comme faisant partie des avantages des employ\u00e9s et elle constitue une excellente motivation pour attirer et retenir les talents, surtout si l&rsquo;on consid\u00e8re la lourdeur de la fiscalit\u00e9 sur la main-d&rsquo;\u0153uvre. Compte tenu du d\u00e9veloppement de l&rsquo;infrastructure, des encombrements dans les villes, de l&rsquo;\u00e9volution vers des zones \u00e0 z\u00e9ro \u00e9mission, de l&rsquo;impact de l&rsquo;augmentation du travail \u00e0 domicile et des d\u00e9fis pos\u00e9s par les d\u00e9placements quotidiens, en particulier en dehors des grandes villes, nous pr\u00e9voyons que l&rsquo;accent restera mis sur la voiture de soci\u00e9t\u00e9 pendant un certain temps, mais qu&rsquo;il sera combin\u00e9 \u00e0 diff\u00e9rentes solutions de mobilit\u00e9 flexible au cours des prochaines ann\u00e9es.\u00a0\u00bb<\/p>\n<p>&nbsp;<\/p>\n<p style=\"font-weight: 400;\"><strong>l2f: Quel regard portez-vous sur l\u2019\u00e9volution du secteur fleet ces 20 derni\u00e8res ann\u00e9es?<\/strong><\/p>\n<p style=\"font-weight: 400;\"><strong>K.C.T.:<\/strong> \u201cAu cours des 10 derni\u00e8res ann\u00e9es, les exigences des clients ont \u00e9volu\u00e9 de la gestion pure de la flotte de voitures vers des demandes et un int\u00e9r\u00eat pour des solutions de mobilit\u00e9 multimodales. La flotte s&rsquo;\u00e9lectrise intens\u00e9ment, le covoiturage gagne en importance, la flexibilit\u00e9 devient un must, l&rsquo;abonnement est \u00e0 l&rsquo;ordre du jour, MaaS devient une r\u00e9alit\u00e9 et la mobilit\u00e9 est num\u00e9rique. L&rsquo;\u00e9cosyst\u00e8me de la mobilit\u00e9 s&rsquo;est beaucoup d\u00e9velopp\u00e9, introduisant de nombreux nouveaux acteurs, applications et solutions. Je suis fi\u00e8re que chez ALD, avec nos solutions innovantes, nos partenariats durables et nouveaux et notre approche num\u00e9rique, nous co-cr\u00e9ons un \u00e9cosyst\u00e8me de la mobilit\u00e9 et nous sommes impatients d&rsquo;\u00e9voluer davantage dans un secteur complexe mais passionnant.\u00a0\u00bb<\/p>\n<p>&nbsp;<\/p>\n<p style=\"font-weight: 400;\"><strong>l2f: Qui roulera encore avec une voiture de soci\u00e9t\u00e9 \u00e0 l\u2019avenir ?<\/strong><\/p>\n<p style=\"font-weight: 400;\"><strong>K.C.T.:<\/strong> \u201cDans notre pays, \u00e9tant donn\u00e9 la complexit\u00e9 et l&rsquo;importance de la voiture de fonction dans le syst\u00e8me de r\u00e9mun\u00e9ration, la fiscalit\u00e9, l&rsquo;\u00e9cologisation des villes, le d\u00e9veloppement des infrastructures&#8230;, les voitures de soci\u00e9t\u00e9 \u00e9lectrifi\u00e9es resteront \u00e0 l&rsquo;ordre du jour pendant un certain nombre d&rsquo;ann\u00e9es, toutefois combin\u00e9es \u00e0 d&rsquo;autres solutions de mobilit\u00e9 multimodales. L&rsquo;avenir de la mobilit\u00e9 est \u00e9lectrifi\u00e9, num\u00e9rique, multimodal, flexible, partag\u00e9, et je suis convaincu que des temps passionnants nous attendent.\u00a0\u00bb<\/p>\n","protected":false},"excerpt":{"rendered":"<p>link2fleet: L&rsquo;\u00e9lectrification et l&rsquo;\u00e9volution des besoins de mobilit\u00e9 ont-elles d\u00e9j\u00e0 eu un impact majeur sur votre strat\u00e9gie \u00e0 ce stade ? Klaudija Casar Torkar: \u201c Il y a plus de six ans, nous avons re\u00e7u les premi\u00e8res questions de nos clients concernant l&rsquo;\u00e9lectrification et les besoins de mobilit\u00e9. Nous avons trouv\u00e9 cela int\u00e9ressant et avons [&hellip;]<\/p>\n","protected":false},"author":43,"featured_media":2415,"comment_status":"closed","ping_status":"closed","sticky":false,"template":"","format":"standard","meta":{"_acf_changed":false,"footnotes":""},"categories":[91,79],"tags":[],"class_list":["post-8201","post","type-post","status-publish","format-standard","has-post-thumbnail","hentry","category-expertise-et-management","category-societes-de-leasing"],"acf":[],"yoast_head":"<!-- This site is optimized with the Yoast SEO plugin v27.3 - https:\/\/yoast.com\/product\/yoast-seo-wordpress\/ -->\n<title>Klaudija Casar Torkar (ALD Automotive): \u201cLa complexit\u00e9 autour de l\u2019\u00e9lectrification et de la mobilit\u00e9 alternative reste un d\u00e9fi\u201d - link2fleet<\/title>\n<meta name=\"description\" content=\"A l\u2019occasion de la 250e \u00e9dition de notre magazine link2fleet, nous avons d\u00e9cid\u00e9 de donner la parole \u00e0 quelques grands acteurs du secteur afin de\u2026\" \/>\n<meta name=\"robots\" content=\"index, follow, max-snippet:-1, max-image-preview:large, max-video-preview:-1\" \/>\n<meta property=\"og:locale\" content=\"fr_FR\" \/>\n<meta property=\"og:type\" content=\"article\" \/>\n<meta property=\"og:title\" content=\"Klaudija Casar Torkar (ALD Automotive): \u201cLa complexit\u00e9 autour de l\u2019\u00e9lectrification et de la mobilit\u00e9 alternative reste un d\u00e9fi\u201d - link2fleet\" \/>\n<meta property=\"og:description\" content=\"A l\u2019occasion de la 250e \u00e9dition de notre magazine link2fleet, nous avons d\u00e9cid\u00e9 de donner la parole \u00e0 quelques grands acteurs du secteur afin de\u2026\" \/>\n<meta property=\"og:url\" content=\"https:\/\/www.link2fleet.com\/fr\/klaudija-casar-torkar-ald-automotive-la-complexite-autour-de-lelectrification-et-de-la-mobilite-alternative-reste-un-defi\/\" \/>\n<meta property=\"og:site_name\" content=\"link2fleet\" \/>\n<meta property=\"article:published_time\" content=\"2022-11-24T07:35:50+00:00\" \/>\n<meta property=\"article:modified_time\" content=\"2024-04-17T14:45:24+00:00\" \/>\n<meta property=\"og:image\" content=\"https:\/\/static.link2fleet.com\/wp-content\/uploads\/2024\/03\/ald-klaudija-1.jpg\" \/>\n\t<meta property=\"og:image:width\" content=\"1024\" \/>\n\t<meta property=\"og:image:height\" content=\"605\" \/>\n\t<meta property=\"og:image:type\" content=\"image\/jpeg\" \/>\n<meta name=\"author\" content=\"Jeroen Evens\" \/>\n<meta name=\"twitter:card\" content=\"summary_large_image\" \/>\n<meta name=\"twitter:description\" content=\"A l\u2019occasion de la 250e \u00e9dition de notre magazine link2fleet, nous avons d\u00e9cid\u00e9 de donner la parole \u00e0 quelques grands acteurs du secteur afin de\u2026\" \/>\n<meta name=\"twitter:label1\" content=\"\u00c9crit par\" \/>\n\t<meta name=\"twitter:data1\" content=\"Jeroen Evens\" \/>\n\t<meta name=\"twitter:label2\" content=\"Dur\u00e9e de lecture estim\u00e9e\" \/>\n\t<meta name=\"twitter:data2\" content=\"5 minutes\" \/>\n<script type=\"application\/ld+json\" class=\"yoast-schema-graph\">{\"@context\":\"https:\\\/\\\/schema.org\",\"@graph\":[{\"@type\":\"Article\",\"@id\":\"https:\\\/\\\/www.link2fleet.com\\\/fr\\\/klaudija-casar-torkar-ald-automotive-la-complexite-autour-de-lelectrification-et-de-la-mobilite-alternative-reste-un-defi\\\/#article\",\"isPartOf\":{\"@id\":\"https:\\\/\\\/www.link2fleet.com\\\/fr\\\/klaudija-casar-torkar-ald-automotive-la-complexite-autour-de-lelectrification-et-de-la-mobilite-alternative-reste-un-defi\\\/\"},\"author\":{\"name\":\"Jeroen Evens\",\"@id\":\"https:\\\/\\\/www.link2fleet.com\\\/fr\\\/#\\\/schema\\\/person\\\/3f23fa5cf039e25761156c930f6bf38f\"},\"headline\":\"Klaudija Casar Torkar (ALD Automotive): \u201cLa complexit\u00e9 autour de l\u2019\u00e9lectrification et de la mobilit\u00e9 alternative reste un d\u00e9fi\u201d\",\"datePublished\":\"2022-11-24T07:35:50+00:00\",\"dateModified\":\"2024-04-17T14:45:24+00:00\",\"mainEntityOfPage\":{\"@id\":\"https:\\\/\\\/www.link2fleet.com\\\/fr\\\/klaudija-casar-torkar-ald-automotive-la-complexite-autour-de-lelectrification-et-de-la-mobilite-alternative-reste-un-defi\\\/\"},\"wordCount\":965,\"publisher\":{\"@id\":\"https:\\\/\\\/www.link2fleet.com\\\/fr\\\/#organization\"},\"image\":{\"@id\":\"https:\\\/\\\/www.link2fleet.com\\\/fr\\\/klaudija-casar-torkar-ald-automotive-la-complexite-autour-de-lelectrification-et-de-la-mobilite-alternative-reste-un-defi\\\/#primaryimage\"},\"thumbnailUrl\":\"https:\\\/\\\/static.link2fleet.com\\\/wp-content\\\/uploads\\\/2024\\\/03\\\/ald-klaudija-1.jpg\",\"articleSection\":[\"Gestion de flotte\",\"Location long-terme\"],\"inLanguage\":\"fr-FR\"},{\"@type\":\"WebPage\",\"@id\":\"https:\\\/\\\/www.link2fleet.com\\\/fr\\\/klaudija-casar-torkar-ald-automotive-la-complexite-autour-de-lelectrification-et-de-la-mobilite-alternative-reste-un-defi\\\/\",\"url\":\"https:\\\/\\\/www.link2fleet.com\\\/fr\\\/klaudija-casar-torkar-ald-automotive-la-complexite-autour-de-lelectrification-et-de-la-mobilite-alternative-reste-un-defi\\\/\",\"name\":\"Klaudija Casar Torkar (ALD Automotive): \u201cLa complexit\u00e9 autour de l\u2019\u00e9lectrification et de la mobilit\u00e9 alternative reste un d\u00e9fi\u201d - link2fleet\",\"isPartOf\":{\"@id\":\"https:\\\/\\\/www.link2fleet.com\\\/fr\\\/#website\"},\"primaryImageOfPage\":{\"@id\":\"https:\\\/\\\/www.link2fleet.com\\\/fr\\\/klaudija-casar-torkar-ald-automotive-la-complexite-autour-de-lelectrification-et-de-la-mobilite-alternative-reste-un-defi\\\/#primaryimage\"},\"image\":{\"@id\":\"https:\\\/\\\/www.link2fleet.com\\\/fr\\\/klaudija-casar-torkar-ald-automotive-la-complexite-autour-de-lelectrification-et-de-la-mobilite-alternative-reste-un-defi\\\/#primaryimage\"},\"thumbnailUrl\":\"https:\\\/\\\/static.link2fleet.com\\\/wp-content\\\/uploads\\\/2024\\\/03\\\/ald-klaudija-1.jpg\",\"datePublished\":\"2022-11-24T07:35:50+00:00\",\"dateModified\":\"2024-04-17T14:45:24+00:00\",\"breadcrumb\":{\"@id\":\"https:\\\/\\\/www.link2fleet.com\\\/fr\\\/klaudija-casar-torkar-ald-automotive-la-complexite-autour-de-lelectrification-et-de-la-mobilite-alternative-reste-un-defi\\\/#breadcrumb\"},\"inLanguage\":\"fr-FR\",\"potentialAction\":[{\"@type\":\"ReadAction\",\"target\":[\"https:\\\/\\\/www.link2fleet.com\\\/fr\\\/klaudija-casar-torkar-ald-automotive-la-complexite-autour-de-lelectrification-et-de-la-mobilite-alternative-reste-un-defi\\\/\"]}]},{\"@type\":\"ImageObject\",\"inLanguage\":\"fr-FR\",\"@id\":\"https:\\\/\\\/www.link2fleet.com\\\/fr\\\/klaudija-casar-torkar-ald-automotive-la-complexite-autour-de-lelectrification-et-de-la-mobilite-alternative-reste-un-defi\\\/#primaryimage\",\"url\":\"https:\\\/\\\/static.link2fleet.com\\\/wp-content\\\/uploads\\\/2024\\\/03\\\/ald-klaudija-1.jpg\",\"contentUrl\":\"https:\\\/\\\/static.link2fleet.com\\\/wp-content\\\/uploads\\\/2024\\\/03\\\/ald-klaudija-1.jpg\",\"width\":3694,\"height\":2183},{\"@type\":\"BreadcrumbList\",\"@id\":\"https:\\\/\\\/www.link2fleet.com\\\/fr\\\/klaudija-casar-torkar-ald-automotive-la-complexite-autour-de-lelectrification-et-de-la-mobilite-alternative-reste-un-defi\\\/#breadcrumb\",\"itemListElement\":[{\"@type\":\"ListItem\",\"position\":1,\"name\":\"Home\",\"item\":\"https:\\\/\\\/www.link2fleet.com\\\/fr\\\/\"},{\"@type\":\"ListItem\",\"position\":2,\"name\":\"Klaudija Casar Torkar (ALD Automotive): \u201cLa complexit\u00e9 autour de l\u2019\u00e9lectrification et de la mobilit\u00e9 alternative reste un d\u00e9fi\u201d\"}]},{\"@type\":\"WebSite\",\"@id\":\"https:\\\/\\\/www.link2fleet.com\\\/fr\\\/#website\",\"url\":\"https:\\\/\\\/www.link2fleet.com\\\/fr\\\/\",\"name\":\"Link2fleet\",\"description\":\"\",\"publisher\":{\"@id\":\"https:\\\/\\\/www.link2fleet.com\\\/fr\\\/#organization\"},\"potentialAction\":[{\"@type\":\"SearchAction\",\"target\":{\"@type\":\"EntryPoint\",\"urlTemplate\":\"https:\\\/\\\/www.link2fleet.com\\\/fr\\\/?s={search_term_string}\"},\"query-input\":{\"@type\":\"PropertyValueSpecification\",\"valueRequired\":true,\"valueName\":\"search_term_string\"}}],\"inLanguage\":\"fr-FR\"},{\"@type\":\"Organization\",\"@id\":\"https:\\\/\\\/www.link2fleet.com\\\/fr\\\/#organization\",\"name\":\"Link2fleet\",\"url\":\"https:\\\/\\\/www.link2fleet.com\\\/fr\\\/\",\"logo\":{\"@type\":\"ImageObject\",\"inLanguage\":\"fr-FR\",\"@id\":\"https:\\\/\\\/www.link2fleet.com\\\/fr\\\/#\\\/schema\\\/logo\\\/image\\\/\",\"url\":\"https:\\\/\\\/static.link2fleet.com\\\/wp-content\\\/uploads\\\/2024\\\/03\\\/share-image.jpg\",\"contentUrl\":\"https:\\\/\\\/static.link2fleet.com\\\/wp-content\\\/uploads\\\/2024\\\/03\\\/share-image.jpg\",\"width\":1200,\"height\":630,\"caption\":\"Link2fleet\"},\"image\":{\"@id\":\"https:\\\/\\\/www.link2fleet.com\\\/fr\\\/#\\\/schema\\\/logo\\\/image\\\/\"},\"sameAs\":[\"https:\\\/\\\/www.linkedin.com\\\/company\\\/link2fleet-belgium\",\"https:\\\/\\\/www.youtube.com\\\/user\\\/MMMBMBE\"]},{\"@type\":\"Person\",\"@id\":\"https:\\\/\\\/www.link2fleet.com\\\/fr\\\/#\\\/schema\\\/person\\\/3f23fa5cf039e25761156c930f6bf38f\",\"name\":\"Jeroen Evens\",\"image\":{\"@type\":\"ImageObject\",\"inLanguage\":\"fr-FR\",\"@id\":\"https:\\\/\\\/secure.gravatar.com\\\/avatar\\\/6e059523a84fbec54e5ec5d0f3fb4322b7b077be22b323085f823d1d7f00f32e?s=96&d=mm&r=g\",\"url\":\"https:\\\/\\\/secure.gravatar.com\\\/avatar\\\/6e059523a84fbec54e5ec5d0f3fb4322b7b077be22b323085f823d1d7f00f32e?s=96&d=mm&r=g\",\"contentUrl\":\"https:\\\/\\\/secure.gravatar.com\\\/avatar\\\/6e059523a84fbec54e5ec5d0f3fb4322b7b077be22b323085f823d1d7f00f32e?s=96&d=mm&r=g\",\"caption\":\"Jeroen Evens\"},\"description\":\"Jeroen Evens is opgeleid in de Communicatiewetenschappen (KULeuven) en is een enthousiaste volger van alles wat met mobiliteit en bedrijfswagens te maken heeft. Als freelance journalist gespecialiseerd in de fleetsector houdt hij al drie jaar lang de vinger aan de pols van de laatste ontwikkelingen in onze sector.\"}]}<\/script>\n<!-- \/ Yoast SEO plugin. -->","yoast_head_json":{"title":"Klaudija Casar Torkar (ALD Automotive): \u201cLa complexit\u00e9 autour de l\u2019\u00e9lectrification et de la mobilit\u00e9 alternative reste un d\u00e9fi\u201d - link2fleet","description":"A l\u2019occasion de la 250e \u00e9dition de notre magazine link2fleet, nous avons d\u00e9cid\u00e9 de donner la parole \u00e0 quelques grands acteurs du secteur afin de\u2026","robots":{"index":"index","follow":"follow","max-snippet":"max-snippet:-1","max-image-preview":"max-image-preview:large","max-video-preview":"max-video-preview:-1"},"og_locale":"fr_FR","og_type":"article","og_title":"Klaudija Casar Torkar (ALD Automotive): \u201cLa complexit\u00e9 autour de l\u2019\u00e9lectrification et de la mobilit\u00e9 alternative reste un d\u00e9fi\u201d - link2fleet","og_description":"A l\u2019occasion de la 250e \u00e9dition de notre magazine link2fleet, nous avons d\u00e9cid\u00e9 de donner la parole \u00e0 quelques grands acteurs du secteur afin de\u2026","og_url":"https:\/\/www.link2fleet.com\/fr\/klaudija-casar-torkar-ald-automotive-la-complexite-autour-de-lelectrification-et-de-la-mobilite-alternative-reste-un-defi\/","og_site_name":"link2fleet","article_published_time":"2022-11-24T07:35:50+00:00","article_modified_time":"2024-04-17T14:45:24+00:00","og_image":[{"url":"https:\/\/static.link2fleet.com\/wp-content\/uploads\/2024\/03\/ald-klaudija-1.jpg","width":1024,"height":605,"type":"image\/jpeg"}],"author":"Jeroen Evens","twitter_card":"summary_large_image","twitter_description":"A l\u2019occasion de la 250e \u00e9dition de notre magazine link2fleet, nous avons d\u00e9cid\u00e9 de donner la parole \u00e0 quelques grands acteurs du secteur afin de\u2026","twitter_misc":{"\u00c9crit par":"Jeroen Evens","Dur\u00e9e de lecture estim\u00e9e":"5 minutes"},"schema":{"@context":"https:\/\/schema.org","@graph":[{"@type":"Article","@id":"https:\/\/www.link2fleet.com\/fr\/klaudija-casar-torkar-ald-automotive-la-complexite-autour-de-lelectrification-et-de-la-mobilite-alternative-reste-un-defi\/#article","isPartOf":{"@id":"https:\/\/www.link2fleet.com\/fr\/klaudija-casar-torkar-ald-automotive-la-complexite-autour-de-lelectrification-et-de-la-mobilite-alternative-reste-un-defi\/"},"author":{"name":"Jeroen Evens","@id":"https:\/\/www.link2fleet.com\/fr\/#\/schema\/person\/3f23fa5cf039e25761156c930f6bf38f"},"headline":"Klaudija Casar Torkar (ALD Automotive): \u201cLa complexit\u00e9 autour de l\u2019\u00e9lectrification et de la mobilit\u00e9 alternative reste un d\u00e9fi\u201d","datePublished":"2022-11-24T07:35:50+00:00","dateModified":"2024-04-17T14:45:24+00:00","mainEntityOfPage":{"@id":"https:\/\/www.link2fleet.com\/fr\/klaudija-casar-torkar-ald-automotive-la-complexite-autour-de-lelectrification-et-de-la-mobilite-alternative-reste-un-defi\/"},"wordCount":965,"publisher":{"@id":"https:\/\/www.link2fleet.com\/fr\/#organization"},"image":{"@id":"https:\/\/www.link2fleet.com\/fr\/klaudija-casar-torkar-ald-automotive-la-complexite-autour-de-lelectrification-et-de-la-mobilite-alternative-reste-un-defi\/#primaryimage"},"thumbnailUrl":"https:\/\/static.link2fleet.com\/wp-content\/uploads\/2024\/03\/ald-klaudija-1.jpg","articleSection":["Gestion de flotte","Location long-terme"],"inLanguage":"fr-FR"},{"@type":"WebPage","@id":"https:\/\/www.link2fleet.com\/fr\/klaudija-casar-torkar-ald-automotive-la-complexite-autour-de-lelectrification-et-de-la-mobilite-alternative-reste-un-defi\/","url":"https:\/\/www.link2fleet.com\/fr\/klaudija-casar-torkar-ald-automotive-la-complexite-autour-de-lelectrification-et-de-la-mobilite-alternative-reste-un-defi\/","name":"Klaudija Casar Torkar (ALD Automotive): \u201cLa complexit\u00e9 autour de l\u2019\u00e9lectrification et de la mobilit\u00e9 alternative reste un d\u00e9fi\u201d - link2fleet","isPartOf":{"@id":"https:\/\/www.link2fleet.com\/fr\/#website"},"primaryImageOfPage":{"@id":"https:\/\/www.link2fleet.com\/fr\/klaudija-casar-torkar-ald-automotive-la-complexite-autour-de-lelectrification-et-de-la-mobilite-alternative-reste-un-defi\/#primaryimage"},"image":{"@id":"https:\/\/www.link2fleet.com\/fr\/klaudija-casar-torkar-ald-automotive-la-complexite-autour-de-lelectrification-et-de-la-mobilite-alternative-reste-un-defi\/#primaryimage"},"thumbnailUrl":"https:\/\/static.link2fleet.com\/wp-content\/uploads\/2024\/03\/ald-klaudija-1.jpg","datePublished":"2022-11-24T07:35:50+00:00","dateModified":"2024-04-17T14:45:24+00:00","breadcrumb":{"@id":"https:\/\/www.link2fleet.com\/fr\/klaudija-casar-torkar-ald-automotive-la-complexite-autour-de-lelectrification-et-de-la-mobilite-alternative-reste-un-defi\/#breadcrumb"},"inLanguage":"fr-FR","potentialAction":[{"@type":"ReadAction","target":["https:\/\/www.link2fleet.com\/fr\/klaudija-casar-torkar-ald-automotive-la-complexite-autour-de-lelectrification-et-de-la-mobilite-alternative-reste-un-defi\/"]}]},{"@type":"ImageObject","inLanguage":"fr-FR","@id":"https:\/\/www.link2fleet.com\/fr\/klaudija-casar-torkar-ald-automotive-la-complexite-autour-de-lelectrification-et-de-la-mobilite-alternative-reste-un-defi\/#primaryimage","url":"https:\/\/static.link2fleet.com\/wp-content\/uploads\/2024\/03\/ald-klaudija-1.jpg","contentUrl":"https:\/\/static.link2fleet.com\/wp-content\/uploads\/2024\/03\/ald-klaudija-1.jpg","width":3694,"height":2183},{"@type":"BreadcrumbList","@id":"https:\/\/www.link2fleet.com\/fr\/klaudija-casar-torkar-ald-automotive-la-complexite-autour-de-lelectrification-et-de-la-mobilite-alternative-reste-un-defi\/#breadcrumb","itemListElement":[{"@type":"ListItem","position":1,"name":"Home","item":"https:\/\/www.link2fleet.com\/fr\/"},{"@type":"ListItem","position":2,"name":"Klaudija Casar Torkar (ALD Automotive): \u201cLa complexit\u00e9 autour de l\u2019\u00e9lectrification et de la mobilit\u00e9 alternative reste un d\u00e9fi\u201d"}]},{"@type":"WebSite","@id":"https:\/\/www.link2fleet.com\/fr\/#website","url":"https:\/\/www.link2fleet.com\/fr\/","name":"Link2fleet","description":"","publisher":{"@id":"https:\/\/www.link2fleet.com\/fr\/#organization"},"potentialAction":[{"@type":"SearchAction","target":{"@type":"EntryPoint","urlTemplate":"https:\/\/www.link2fleet.com\/fr\/?s={search_term_string}"},"query-input":{"@type":"PropertyValueSpecification","valueRequired":true,"valueName":"search_term_string"}}],"inLanguage":"fr-FR"},{"@type":"Organization","@id":"https:\/\/www.link2fleet.com\/fr\/#organization","name":"Link2fleet","url":"https:\/\/www.link2fleet.com\/fr\/","logo":{"@type":"ImageObject","inLanguage":"fr-FR","@id":"https:\/\/www.link2fleet.com\/fr\/#\/schema\/logo\/image\/","url":"https:\/\/static.link2fleet.com\/wp-content\/uploads\/2024\/03\/share-image.jpg","contentUrl":"https:\/\/static.link2fleet.com\/wp-content\/uploads\/2024\/03\/share-image.jpg","width":1200,"height":630,"caption":"Link2fleet"},"image":{"@id":"https:\/\/www.link2fleet.com\/fr\/#\/schema\/logo\/image\/"},"sameAs":["https:\/\/www.linkedin.com\/company\/link2fleet-belgium","https:\/\/www.youtube.com\/user\/MMMBMBE"]},{"@type":"Person","@id":"https:\/\/www.link2fleet.com\/fr\/#\/schema\/person\/3f23fa5cf039e25761156c930f6bf38f","name":"Jeroen Evens","image":{"@type":"ImageObject","inLanguage":"fr-FR","@id":"https:\/\/secure.gravatar.com\/avatar\/6e059523a84fbec54e5ec5d0f3fb4322b7b077be22b323085f823d1d7f00f32e?s=96&d=mm&r=g","url":"https:\/\/secure.gravatar.com\/avatar\/6e059523a84fbec54e5ec5d0f3fb4322b7b077be22b323085f823d1d7f00f32e?s=96&d=mm&r=g","contentUrl":"https:\/\/secure.gravatar.com\/avatar\/6e059523a84fbec54e5ec5d0f3fb4322b7b077be22b323085f823d1d7f00f32e?s=96&d=mm&r=g","caption":"Jeroen Evens"},"description":"Jeroen Evens is opgeleid in de Communicatiewetenschappen (KULeuven) en is een enthousiaste volger van alles wat met mobiliteit en bedrijfswagens te maken heeft. Als freelance journalist gespecialiseerd in de fleetsector houdt hij al drie jaar lang de vinger aan de pols van de laatste ontwikkelingen in onze sector."}]}},"_links":{"self":[{"href":"https:\/\/www.link2fleet.com\/fr\/wp-json\/wp\/v2\/posts\/8201","targetHints":{"allow":["GET"]}}],"collection":[{"href":"https:\/\/www.link2fleet.com\/fr\/wp-json\/wp\/v2\/posts"}],"about":[{"href":"https:\/\/www.link2fleet.com\/fr\/wp-json\/wp\/v2\/types\/post"}],"author":[{"embeddable":true,"href":"https:\/\/www.link2fleet.com\/fr\/wp-json\/wp\/v2\/users\/43"}],"replies":[{"embeddable":true,"href":"https:\/\/www.link2fleet.com\/fr\/wp-json\/wp\/v2\/comments?post=8201"}],"version-history":[{"count":0,"href":"https:\/\/www.link2fleet.com\/fr\/wp-json\/wp\/v2\/posts\/8201\/revisions"}],"wp:featuredmedia":[{"embeddable":true,"href":"https:\/\/www.link2fleet.com\/fr\/wp-json\/wp\/v2\/media\/2415"}],"wp:attachment":[{"href":"https:\/\/www.link2fleet.com\/fr\/wp-json\/wp\/v2\/media?parent=8201"}],"wp:term":[{"taxonomy":"category","embeddable":true,"href":"https:\/\/www.link2fleet.com\/fr\/wp-json\/wp\/v2\/categories?post=8201"},{"taxonomy":"post_tag","embeddable":true,"href":"https:\/\/www.link2fleet.com\/fr\/wp-json\/wp\/v2\/tags?post=8201"}],"curies":[{"name":"wp","href":"https:\/\/api.w.org\/{rel}","templated":true}]}}