{"id":8267,"date":"2022-11-29T17:11:01","date_gmt":"2022-11-29T16:11:01","guid":{"rendered":"https:\/\/www.link2fleet.com\/rachat-de-leaseplan-par-ald-cest-oui-mais-a-certaines-conditions\/"},"modified":"2024-04-17T16:45:10","modified_gmt":"2024-04-17T14:45:10","slug":"rachat-de-leaseplan-par-ald-cest-oui-mais-a-certaines-conditions","status":"publish","type":"post","link":"https:\/\/www.link2fleet.com\/fr\/rachat-de-leaseplan-par-ald-cest-oui-mais-a-certaines-conditions\/","title":{"rendered":"Rachat de LeasePlan par ALD: C\u2019est oui, mais \u00e0 certaines conditions"},"content":{"rendered":"<p style=\"font-weight: 400;\">La Commission europ\u00e9enne avait \u00e9mis quelques r\u00e9serves sur ce rachat, craignant notamment que le rapprochement entre ces deux g\u00e9ants du leasing r\u00e9duise consid\u00e9rablement la concurrence sur le march\u00e9 dans certains pays o\u00f9 les deux entit\u00e9s sont pr\u00e9sentes. Sur certains march\u00e9s o\u00f9 le nombre et la taille des autres acteurs de leasing est plut\u00f4t r\u00e9duite par rapport \u00e0 la Belgique notamment, le regroupement de LeasePlan et ALD allait cr\u00e9er un mastodonte face aux plus petits joueurs.<\/p>\n<p style=\"font-weight: 400;\">Ainsi, la Commission a subordonn\u00e9 le rachat \u00ab\u00a0au respect int\u00e9gral des engagements propos\u00e9s par ALD\u00a0\u00bb. Le loueur se voit en effet contraint de revendre ses activit\u00e9s de leasing op\u00e9rationnel en Norv\u00e8ge, Irlande et Portugal, tandis qu\u2019il devra c\u00e9der les activit\u00e9s de LeasePlan en Finlande, au Luxembourg et en Tch\u00e9quie.<\/p>\n<p style=\"font-weight: 400;\">Par cet accord, ALD accepte aussi de fournir des \u00ab\u00a0services de transition\u00a0\u00bb d\u2019une dur\u00e9e de 2 ans, autrement dit de laisser du temps pour l\u2019\u00e9volution vers la nouvelle entit\u00e9, de continuer \u00e0 accorder les acc\u00e8s aux services informatiques ainsi qu\u2019\u00e0 la plateforme de leasing d\u2019occasion de LeasePlan. La nouvelle entit\u00e9, dont le nom n\u2019est toujours pas connu, ne devrait pas voir le jour avant 2025.<\/p>\n","protected":false},"excerpt":{"rendered":"<p>La Commission europ\u00e9enne avait \u00e9mis quelques r\u00e9serves sur ce rachat, craignant notamment que le rapprochement entre ces deux g\u00e9ants du leasing r\u00e9duise consid\u00e9rablement la concurrence sur le march\u00e9 dans certains pays o\u00f9 les deux entit\u00e9s sont pr\u00e9sentes. Sur certains march\u00e9s o\u00f9 le nombre et la taille des autres acteurs de leasing est plut\u00f4t r\u00e9duite par [&hellip;]<\/p>\n","protected":false},"author":4,"featured_media":2968,"comment_status":"closed","ping_status":"closed","sticky":false,"template":"","format":"standard","meta":{"_acf_changed":false,"footnotes":""},"categories":[91,79],"tags":[],"class_list":["post-8267","post","type-post","status-publish","format-standard","has-post-thumbnail","hentry","category-expertise-et-management","category-societes-de-leasing"],"acf":[],"yoast_head":"<!-- This site is optimized with the Yoast SEO plugin v27.3 - https:\/\/yoast.com\/product\/yoast-seo-wordpress\/ -->\n<title>Rachat de LeasePlan par ALD: C\u2019est oui, mais \u00e0 certaines conditions - link2fleet<\/title>\n<meta name=\"description\" content=\"La commission europ\u00e9enne a statu\u00e9 le 25 novembre dernier sur la proposition de rachat de LeasePlan par ALD Automotive. Elle a donn\u00e9 son feu vert,\u2026\" \/>\n<meta name=\"robots\" content=\"index, follow, max-snippet:-1, max-image-preview:large, max-video-preview:-1\" \/>\n<meta property=\"og:locale\" content=\"fr_FR\" \/>\n<meta property=\"og:type\" content=\"article\" \/>\n<meta property=\"og:title\" content=\"Rachat de LeasePlan par ALD: C\u2019est oui, mais \u00e0 certaines conditions - link2fleet\" \/>\n<meta property=\"og:description\" content=\"La commission europ\u00e9enne a statu\u00e9 le 25 novembre dernier sur la proposition de rachat de LeasePlan par ALD Automotive. Elle a donn\u00e9 son feu vert,\u2026\" \/>\n<meta property=\"og:url\" content=\"https:\/\/www.link2fleet.com\/fr\/rachat-de-leaseplan-par-ald-cest-oui-mais-a-certaines-conditions\/\" \/>\n<meta property=\"og:site_name\" content=\"link2fleet\" \/>\n<meta property=\"article:published_time\" content=\"2022-11-29T16:11:01+00:00\" \/>\n<meta property=\"article:modified_time\" content=\"2024-04-17T14:45:10+00:00\" \/>\n<meta property=\"og:image\" content=\"https:\/\/static.link2fleet.com\/wp-content\/uploads\/2024\/03\/ald-automotive3.jpg\" \/>\n\t<meta property=\"og:image:width\" content=\"949\" \/>\n\t<meta property=\"og:image:height\" content=\"552\" \/>\n\t<meta property=\"og:image:type\" content=\"image\/jpeg\" \/>\n<meta name=\"author\" content=\"Damien Malvetti\" \/>\n<meta name=\"twitter:card\" content=\"summary_large_image\" \/>\n<meta name=\"twitter:description\" content=\"La commission europ\u00e9enne a statu\u00e9 le 25 novembre dernier sur la proposition de rachat de LeasePlan par ALD Automotive. Elle a donn\u00e9 son feu vert,\u2026\" \/>\n<meta name=\"twitter:label1\" content=\"\u00c9crit par\" \/>\n\t<meta name=\"twitter:data1\" content=\"Damien Malvetti\" \/>\n\t<meta name=\"twitter:label2\" content=\"Dur\u00e9e de lecture estim\u00e9e\" \/>\n\t<meta name=\"twitter:data2\" content=\"1 minute\" \/>\n<script type=\"application\/ld+json\" class=\"yoast-schema-graph\">{\"@context\":\"https:\\\/\\\/schema.org\",\"@graph\":[{\"@type\":\"Article\",\"@id\":\"https:\\\/\\\/www.link2fleet.com\\\/fr\\\/rachat-de-leaseplan-par-ald-cest-oui-mais-a-certaines-conditions\\\/#article\",\"isPartOf\":{\"@id\":\"https:\\\/\\\/www.link2fleet.com\\\/fr\\\/rachat-de-leaseplan-par-ald-cest-oui-mais-a-certaines-conditions\\\/\"},\"author\":{\"name\":\"Damien Malvetti\",\"@id\":\"https:\\\/\\\/www.link2fleet.com\\\/fr\\\/#\\\/schema\\\/person\\\/027cd46113c78036b3809c9a054049da\"},\"headline\":\"Rachat de LeasePlan par ALD: C\u2019est oui, mais \u00e0 certaines conditions\",\"datePublished\":\"2022-11-29T16:11:01+00:00\",\"dateModified\":\"2024-04-17T14:45:10+00:00\",\"mainEntityOfPage\":{\"@id\":\"https:\\\/\\\/www.link2fleet.com\\\/fr\\\/rachat-de-leaseplan-par-ald-cest-oui-mais-a-certaines-conditions\\\/\"},\"wordCount\":222,\"publisher\":{\"@id\":\"https:\\\/\\\/www.link2fleet.com\\\/fr\\\/#organization\"},\"image\":{\"@id\":\"https:\\\/\\\/www.link2fleet.com\\\/fr\\\/rachat-de-leaseplan-par-ald-cest-oui-mais-a-certaines-conditions\\\/#primaryimage\"},\"thumbnailUrl\":\"https:\\\/\\\/static.link2fleet.com\\\/wp-content\\\/uploads\\\/2024\\\/03\\\/ald-automotive3.jpg\",\"articleSection\":[\"Gestion de flotte\",\"Location long-terme\"],\"inLanguage\":\"fr-FR\"},{\"@type\":\"WebPage\",\"@id\":\"https:\\\/\\\/www.link2fleet.com\\\/fr\\\/rachat-de-leaseplan-par-ald-cest-oui-mais-a-certaines-conditions\\\/\",\"url\":\"https:\\\/\\\/www.link2fleet.com\\\/fr\\\/rachat-de-leaseplan-par-ald-cest-oui-mais-a-certaines-conditions\\\/\",\"name\":\"Rachat de LeasePlan par ALD: C\u2019est oui, mais \u00e0 certaines conditions - link2fleet\",\"isPartOf\":{\"@id\":\"https:\\\/\\\/www.link2fleet.com\\\/fr\\\/#website\"},\"primaryImageOfPage\":{\"@id\":\"https:\\\/\\\/www.link2fleet.com\\\/fr\\\/rachat-de-leaseplan-par-ald-cest-oui-mais-a-certaines-conditions\\\/#primaryimage\"},\"image\":{\"@id\":\"https:\\\/\\\/www.link2fleet.com\\\/fr\\\/rachat-de-leaseplan-par-ald-cest-oui-mais-a-certaines-conditions\\\/#primaryimage\"},\"thumbnailUrl\":\"https:\\\/\\\/static.link2fleet.com\\\/wp-content\\\/uploads\\\/2024\\\/03\\\/ald-automotive3.jpg\",\"datePublished\":\"2022-11-29T16:11:01+00:00\",\"dateModified\":\"2024-04-17T14:45:10+00:00\",\"breadcrumb\":{\"@id\":\"https:\\\/\\\/www.link2fleet.com\\\/fr\\\/rachat-de-leaseplan-par-ald-cest-oui-mais-a-certaines-conditions\\\/#breadcrumb\"},\"inLanguage\":\"fr-FR\",\"potentialAction\":[{\"@type\":\"ReadAction\",\"target\":[\"https:\\\/\\\/www.link2fleet.com\\\/fr\\\/rachat-de-leaseplan-par-ald-cest-oui-mais-a-certaines-conditions\\\/\"]}]},{\"@type\":\"ImageObject\",\"inLanguage\":\"fr-FR\",\"@id\":\"https:\\\/\\\/www.link2fleet.com\\\/fr\\\/rachat-de-leaseplan-par-ald-cest-oui-mais-a-certaines-conditions\\\/#primaryimage\",\"url\":\"https:\\\/\\\/static.link2fleet.com\\\/wp-content\\\/uploads\\\/2024\\\/03\\\/ald-automotive3.jpg\",\"contentUrl\":\"https:\\\/\\\/static.link2fleet.com\\\/wp-content\\\/uploads\\\/2024\\\/03\\\/ald-automotive3.jpg\",\"width\":949,\"height\":552,\"caption\":\"||\"},{\"@type\":\"BreadcrumbList\",\"@id\":\"https:\\\/\\\/www.link2fleet.com\\\/fr\\\/rachat-de-leaseplan-par-ald-cest-oui-mais-a-certaines-conditions\\\/#breadcrumb\",\"itemListElement\":[{\"@type\":\"ListItem\",\"position\":1,\"name\":\"Home\",\"item\":\"https:\\\/\\\/www.link2fleet.com\\\/fr\\\/\"},{\"@type\":\"ListItem\",\"position\":2,\"name\":\"Rachat de LeasePlan par ALD: C\u2019est oui, mais \u00e0 certaines conditions\"}]},{\"@type\":\"WebSite\",\"@id\":\"https:\\\/\\\/www.link2fleet.com\\\/fr\\\/#website\",\"url\":\"https:\\\/\\\/www.link2fleet.com\\\/fr\\\/\",\"name\":\"Link2fleet\",\"description\":\"\",\"publisher\":{\"@id\":\"https:\\\/\\\/www.link2fleet.com\\\/fr\\\/#organization\"},\"potentialAction\":[{\"@type\":\"SearchAction\",\"target\":{\"@type\":\"EntryPoint\",\"urlTemplate\":\"https:\\\/\\\/www.link2fleet.com\\\/fr\\\/?s={search_term_string}\"},\"query-input\":{\"@type\":\"PropertyValueSpecification\",\"valueRequired\":true,\"valueName\":\"search_term_string\"}}],\"inLanguage\":\"fr-FR\"},{\"@type\":\"Organization\",\"@id\":\"https:\\\/\\\/www.link2fleet.com\\\/fr\\\/#organization\",\"name\":\"Link2fleet\",\"url\":\"https:\\\/\\\/www.link2fleet.com\\\/fr\\\/\",\"logo\":{\"@type\":\"ImageObject\",\"inLanguage\":\"fr-FR\",\"@id\":\"https:\\\/\\\/www.link2fleet.com\\\/fr\\\/#\\\/schema\\\/logo\\\/image\\\/\",\"url\":\"https:\\\/\\\/static.link2fleet.com\\\/wp-content\\\/uploads\\\/2024\\\/03\\\/share-image.jpg\",\"contentUrl\":\"https:\\\/\\\/static.link2fleet.com\\\/wp-content\\\/uploads\\\/2024\\\/03\\\/share-image.jpg\",\"width\":1200,\"height\":630,\"caption\":\"Link2fleet\"},\"image\":{\"@id\":\"https:\\\/\\\/www.link2fleet.com\\\/fr\\\/#\\\/schema\\\/logo\\\/image\\\/\"},\"sameAs\":[\"https:\\\/\\\/www.linkedin.com\\\/company\\\/link2fleet-belgium\",\"https:\\\/\\\/www.youtube.com\\\/user\\\/MMMBMBE\"]},{\"@type\":\"Person\",\"@id\":\"https:\\\/\\\/www.link2fleet.com\\\/fr\\\/#\\\/schema\\\/person\\\/027cd46113c78036b3809c9a054049da\",\"name\":\"Damien Malvetti\",\"image\":{\"@type\":\"ImageObject\",\"inLanguage\":\"fr-FR\",\"@id\":\"https:\\\/\\\/secure.gravatar.com\\\/avatar\\\/dd8cc03b49466c735f753ac37f8caa371af16dfed347456ed61f02883255eebb?s=96&d=mm&r=g\",\"url\":\"https:\\\/\\\/secure.gravatar.com\\\/avatar\\\/dd8cc03b49466c735f753ac37f8caa371af16dfed347456ed61f02883255eebb?s=96&d=mm&r=g\",\"contentUrl\":\"https:\\\/\\\/secure.gravatar.com\\\/avatar\\\/dd8cc03b49466c735f753ac37f8caa371af16dfed347456ed61f02883255eebb?s=96&d=mm&r=g\",\"caption\":\"Damien Malvetti\"},\"description\":\"Damien Malvetti is opgeleid als journalist en gepassioneerd door wagens, technologie en mobiliteit. Hij is verantwoordelijk voor de redactionele inhoud van link2fleet en beschikt over een uitgebreide kennis van de fleet-sector en elektrische mobiliteit.\",\"sameAs\":[\"https:\\\/\\\/www.linkedin.com\\\/in\\\/damien-malvetti-56601142\\\/\"]}]}<\/script>\n<!-- \/ Yoast SEO plugin. -->","yoast_head_json":{"title":"Rachat de LeasePlan par ALD: C\u2019est oui, mais \u00e0 certaines conditions - link2fleet","description":"La commission europ\u00e9enne a statu\u00e9 le 25 novembre dernier sur la proposition de rachat de LeasePlan par ALD Automotive. Elle a donn\u00e9 son feu vert,\u2026","robots":{"index":"index","follow":"follow","max-snippet":"max-snippet:-1","max-image-preview":"max-image-preview:large","max-video-preview":"max-video-preview:-1"},"og_locale":"fr_FR","og_type":"article","og_title":"Rachat de LeasePlan par ALD: C\u2019est oui, mais \u00e0 certaines conditions - link2fleet","og_description":"La commission europ\u00e9enne a statu\u00e9 le 25 novembre dernier sur la proposition de rachat de LeasePlan par ALD Automotive. Elle a donn\u00e9 son feu vert,\u2026","og_url":"https:\/\/www.link2fleet.com\/fr\/rachat-de-leaseplan-par-ald-cest-oui-mais-a-certaines-conditions\/","og_site_name":"link2fleet","article_published_time":"2022-11-29T16:11:01+00:00","article_modified_time":"2024-04-17T14:45:10+00:00","og_image":[{"width":949,"height":552,"url":"https:\/\/static.link2fleet.com\/wp-content\/uploads\/2024\/03\/ald-automotive3.jpg","type":"image\/jpeg"}],"author":"Damien Malvetti","twitter_card":"summary_large_image","twitter_description":"La commission europ\u00e9enne a statu\u00e9 le 25 novembre dernier sur la proposition de rachat de LeasePlan par ALD Automotive. Elle a donn\u00e9 son feu vert,\u2026","twitter_misc":{"\u00c9crit par":"Damien Malvetti","Dur\u00e9e de lecture estim\u00e9e":"1 minute"},"schema":{"@context":"https:\/\/schema.org","@graph":[{"@type":"Article","@id":"https:\/\/www.link2fleet.com\/fr\/rachat-de-leaseplan-par-ald-cest-oui-mais-a-certaines-conditions\/#article","isPartOf":{"@id":"https:\/\/www.link2fleet.com\/fr\/rachat-de-leaseplan-par-ald-cest-oui-mais-a-certaines-conditions\/"},"author":{"name":"Damien Malvetti","@id":"https:\/\/www.link2fleet.com\/fr\/#\/schema\/person\/027cd46113c78036b3809c9a054049da"},"headline":"Rachat de LeasePlan par ALD: C\u2019est oui, mais \u00e0 certaines conditions","datePublished":"2022-11-29T16:11:01+00:00","dateModified":"2024-04-17T14:45:10+00:00","mainEntityOfPage":{"@id":"https:\/\/www.link2fleet.com\/fr\/rachat-de-leaseplan-par-ald-cest-oui-mais-a-certaines-conditions\/"},"wordCount":222,"publisher":{"@id":"https:\/\/www.link2fleet.com\/fr\/#organization"},"image":{"@id":"https:\/\/www.link2fleet.com\/fr\/rachat-de-leaseplan-par-ald-cest-oui-mais-a-certaines-conditions\/#primaryimage"},"thumbnailUrl":"https:\/\/static.link2fleet.com\/wp-content\/uploads\/2024\/03\/ald-automotive3.jpg","articleSection":["Gestion de flotte","Location long-terme"],"inLanguage":"fr-FR"},{"@type":"WebPage","@id":"https:\/\/www.link2fleet.com\/fr\/rachat-de-leaseplan-par-ald-cest-oui-mais-a-certaines-conditions\/","url":"https:\/\/www.link2fleet.com\/fr\/rachat-de-leaseplan-par-ald-cest-oui-mais-a-certaines-conditions\/","name":"Rachat de LeasePlan par ALD: C\u2019est oui, mais \u00e0 certaines conditions - link2fleet","isPartOf":{"@id":"https:\/\/www.link2fleet.com\/fr\/#website"},"primaryImageOfPage":{"@id":"https:\/\/www.link2fleet.com\/fr\/rachat-de-leaseplan-par-ald-cest-oui-mais-a-certaines-conditions\/#primaryimage"},"image":{"@id":"https:\/\/www.link2fleet.com\/fr\/rachat-de-leaseplan-par-ald-cest-oui-mais-a-certaines-conditions\/#primaryimage"},"thumbnailUrl":"https:\/\/static.link2fleet.com\/wp-content\/uploads\/2024\/03\/ald-automotive3.jpg","datePublished":"2022-11-29T16:11:01+00:00","dateModified":"2024-04-17T14:45:10+00:00","breadcrumb":{"@id":"https:\/\/www.link2fleet.com\/fr\/rachat-de-leaseplan-par-ald-cest-oui-mais-a-certaines-conditions\/#breadcrumb"},"inLanguage":"fr-FR","potentialAction":[{"@type":"ReadAction","target":["https:\/\/www.link2fleet.com\/fr\/rachat-de-leaseplan-par-ald-cest-oui-mais-a-certaines-conditions\/"]}]},{"@type":"ImageObject","inLanguage":"fr-FR","@id":"https:\/\/www.link2fleet.com\/fr\/rachat-de-leaseplan-par-ald-cest-oui-mais-a-certaines-conditions\/#primaryimage","url":"https:\/\/static.link2fleet.com\/wp-content\/uploads\/2024\/03\/ald-automotive3.jpg","contentUrl":"https:\/\/static.link2fleet.com\/wp-content\/uploads\/2024\/03\/ald-automotive3.jpg","width":949,"height":552,"caption":"||"},{"@type":"BreadcrumbList","@id":"https:\/\/www.link2fleet.com\/fr\/rachat-de-leaseplan-par-ald-cest-oui-mais-a-certaines-conditions\/#breadcrumb","itemListElement":[{"@type":"ListItem","position":1,"name":"Home","item":"https:\/\/www.link2fleet.com\/fr\/"},{"@type":"ListItem","position":2,"name":"Rachat de LeasePlan par ALD: C\u2019est oui, mais \u00e0 certaines conditions"}]},{"@type":"WebSite","@id":"https:\/\/www.link2fleet.com\/fr\/#website","url":"https:\/\/www.link2fleet.com\/fr\/","name":"Link2fleet","description":"","publisher":{"@id":"https:\/\/www.link2fleet.com\/fr\/#organization"},"potentialAction":[{"@type":"SearchAction","target":{"@type":"EntryPoint","urlTemplate":"https:\/\/www.link2fleet.com\/fr\/?s={search_term_string}"},"query-input":{"@type":"PropertyValueSpecification","valueRequired":true,"valueName":"search_term_string"}}],"inLanguage":"fr-FR"},{"@type":"Organization","@id":"https:\/\/www.link2fleet.com\/fr\/#organization","name":"Link2fleet","url":"https:\/\/www.link2fleet.com\/fr\/","logo":{"@type":"ImageObject","inLanguage":"fr-FR","@id":"https:\/\/www.link2fleet.com\/fr\/#\/schema\/logo\/image\/","url":"https:\/\/static.link2fleet.com\/wp-content\/uploads\/2024\/03\/share-image.jpg","contentUrl":"https:\/\/static.link2fleet.com\/wp-content\/uploads\/2024\/03\/share-image.jpg","width":1200,"height":630,"caption":"Link2fleet"},"image":{"@id":"https:\/\/www.link2fleet.com\/fr\/#\/schema\/logo\/image\/"},"sameAs":["https:\/\/www.linkedin.com\/company\/link2fleet-belgium","https:\/\/www.youtube.com\/user\/MMMBMBE"]},{"@type":"Person","@id":"https:\/\/www.link2fleet.com\/fr\/#\/schema\/person\/027cd46113c78036b3809c9a054049da","name":"Damien Malvetti","image":{"@type":"ImageObject","inLanguage":"fr-FR","@id":"https:\/\/secure.gravatar.com\/avatar\/dd8cc03b49466c735f753ac37f8caa371af16dfed347456ed61f02883255eebb?s=96&d=mm&r=g","url":"https:\/\/secure.gravatar.com\/avatar\/dd8cc03b49466c735f753ac37f8caa371af16dfed347456ed61f02883255eebb?s=96&d=mm&r=g","contentUrl":"https:\/\/secure.gravatar.com\/avatar\/dd8cc03b49466c735f753ac37f8caa371af16dfed347456ed61f02883255eebb?s=96&d=mm&r=g","caption":"Damien Malvetti"},"description":"Damien Malvetti is opgeleid als journalist en gepassioneerd door wagens, technologie en mobiliteit. Hij is verantwoordelijk voor de redactionele inhoud van link2fleet en beschikt over een uitgebreide kennis van de fleet-sector en elektrische mobiliteit.","sameAs":["https:\/\/www.linkedin.com\/in\/damien-malvetti-56601142\/"]}]}},"_links":{"self":[{"href":"https:\/\/www.link2fleet.com\/fr\/wp-json\/wp\/v2\/posts\/8267","targetHints":{"allow":["GET"]}}],"collection":[{"href":"https:\/\/www.link2fleet.com\/fr\/wp-json\/wp\/v2\/posts"}],"about":[{"href":"https:\/\/www.link2fleet.com\/fr\/wp-json\/wp\/v2\/types\/post"}],"author":[{"embeddable":true,"href":"https:\/\/www.link2fleet.com\/fr\/wp-json\/wp\/v2\/users\/4"}],"replies":[{"embeddable":true,"href":"https:\/\/www.link2fleet.com\/fr\/wp-json\/wp\/v2\/comments?post=8267"}],"version-history":[{"count":0,"href":"https:\/\/www.link2fleet.com\/fr\/wp-json\/wp\/v2\/posts\/8267\/revisions"}],"wp:featuredmedia":[{"embeddable":true,"href":"https:\/\/www.link2fleet.com\/fr\/wp-json\/wp\/v2\/media\/2968"}],"wp:attachment":[{"href":"https:\/\/www.link2fleet.com\/fr\/wp-json\/wp\/v2\/media?parent=8267"}],"wp:term":[{"taxonomy":"category","embeddable":true,"href":"https:\/\/www.link2fleet.com\/fr\/wp-json\/wp\/v2\/categories?post=8267"},{"taxonomy":"post_tag","embeddable":true,"href":"https:\/\/www.link2fleet.com\/fr\/wp-json\/wp\/v2\/tags?post=8267"}],"curies":[{"name":"wp","href":"https:\/\/api.w.org\/{rel}","templated":true}]}}