{"id":8284,"date":"2022-12-01T13:42:07","date_gmt":"2022-12-01T12:42:07","guid":{"rendered":"https:\/\/www.link2fleet.com\/astara-et-silence-sassocient-pour-distribuer-les-produits-silence-en-belgique-et-au-luxembourg\/"},"modified":"2022-12-01T13:42:07","modified_gmt":"2022-12-01T12:42:07","slug":"astara-et-silence-sassocient-pour-distribuer-les-produits-silence-en-belgique-et-au-luxembourg","status":"publish","type":"post","link":"https:\/\/www.link2fleet.com\/fr\/astara-et-silence-sassocient-pour-distribuer-les-produits-silence-en-belgique-et-au-luxembourg\/","title":{"rendered":"Astara et Silence s&rsquo;associent pour distribuer les produits Silence en Belgique et au Luxembourg"},"content":{"rendered":"<p class=\"styles_paragraph__CxmiR\">En raison de l&rsquo;\u00e9volution rapide des besoins et des nouvelles visions de la mobilit\u00e9 urbaine, les segments des v\u00e9hicules et scooters \u00e9lectriques, ainsi que les solutions de mobilit\u00e9 intelligente telles que le partage de v\u00e9hicules et l&rsquo;abonnement, connaissent une croissance importante.<\/p>\n<p class=\"styles_paragraph__CxmiR\"><a href=\"https:\/\/www.link2fleet.com\/wp-content\/uploads\/2022\/12\/silence-astara_1.jpg\"><img loading=\"lazy\" decoding=\"async\" class=\"alignright size-medium wp-image-1287095\" src=\"https:\/\/www.link2fleet.com\/wp-content\/uploads\/2022\/12\/silence-astara_1-300x201.jpg\" alt=\"\" width=\"300\" height=\"201\" \/><\/a>Les produits Silence offrent des caract\u00e9ristiques uniques et innovantes. Le scooter S01\/S02 et la \u00ab\u00a0nanocar\u00a0\u00bb S04 partagent tous deux le m\u00eame syst\u00e8me de batterie r\u00e9tractable ; un battery pack en forme de trolley avec des roues et une poign\u00e9e permettant de le transporter de mani\u00e8re pratique et s\u00fbre. La batterie peut facilement \u00eatre recharg\u00e9e sur une prise de courant normale sans d\u00e9pendre d&rsquo;un point de charge sp\u00e9cifique et peut \u00e9galement \u00eatre utilis\u00e9e comme source d&rsquo;\u00e9nergie pour fournir de l&rsquo;\u00e9nergie.<\/p>\n<p class=\"styles_paragraph__CxmiR\">Le S04 \u00e0 deux places dispose de deux batteries amovibles et interchangeables, situ\u00e9es sous les si\u00e8ges. Le scooter, quant \u00e0 lui, utilise un seul pack. Il faut en moyenne 6 heures pour charger une batterie sur une prise normale, et l&rsquo;autonomie varie de +130 km pour le scooter \u00e0 pr\u00e8s de 150 km pour la voiture S04. Deux versions de la voiture sont attendues, avec une vitesse maximale de 45 km\/h (pas besoin de permis de conduire) et 85 km\/h.<\/p>\n<p class=\"styles_paragraph__CxmiR\">En outre, la S04 offre des caract\u00e9ristiques propres au segment, telles que la climatisation, le verrouillage central \u00e9lectrique, les r\u00e9troviseurs \u00e9lectriques, le support pour t\u00e9l\u00e9phone intelligent, la connexion audio Bluetooth, le volant multifonction et les vitres \u00e9lectriques, ainsi qu&rsquo;un coffre pratique de 247 litres.<\/p>\n<p>&nbsp;<\/p>\n<h2 class=\"styles_headingOne__nTX3S\"><strong>Solutions de mobilit\u00e9<\/strong><\/h2>\n<p class=\"styles_paragraph__CxmiR\">Astara propose aux clients un \u00e9cosyst\u00e8me complet de produits et de services num\u00e9riques et de mobilit\u00e9, associ\u00e9 \u00e0 de solides capacit\u00e9s de vente et de services. Ces solutions permettent au client de choisir entre l&rsquo;achat d&rsquo;un v\u00e9hicule, l&rsquo;acc\u00e8s \u00e0 un syst\u00e8me d&rsquo;abonnement flexible ou l&rsquo;utilisation du v\u00e9hicule dans une plateforme d&rsquo;autopartage. \u200b \u200b<\/p>\n<blockquote class=\"Quote_container__ms7KM Quote_alignLeft__1_w_9\">\n<div class=\"Quote_content__DZCla\"><em>\u00ab\u00a0Astara Western Europe est ravie d&rsquo;accueillir la marque Silence dans son portefeuille pour le march\u00e9 du Belux. Le concept de batterie r\u00e9volutionnaire et les produits innovants de Silence correspondent non seulement parfaitement \u00e0 nos plans ambitieux en mati\u00e8re de solutions de mobilit\u00e9, mais ils s\u00e9duiront \u00e9galement un large \u00e9ventail d&rsquo;utilisateurs de mobilit\u00e9 et de flottes. En outre, c&rsquo;est la premi\u00e8re fois qu&rsquo;Astara Western Europe propose une solution \u00e9lectrique \u00e0 deux roues, ce qui cr\u00e9e de nouvelles possibilit\u00e9s et nous permet d&rsquo;atteindre de nouveaux clients\u00a0\u00bb<\/em>, d\u00e9clare <strong>Olivier Sermeus<\/strong>, directeur g\u00e9n\u00e9ral d&rsquo;<strong>Astara Western Europe<\/strong>.<\/div>\n<\/blockquote>\n<blockquote class=\"Quote_container__ms7KM Quote_alignLeft__1_w_9\">\n<div class=\"Quote_content__DZCla\"><em>\u00ab\u00a0Nous sommes fiers que notre partenaire belge et luxembourgeois soit une entreprise leader comme Astara Western Europe. Nous sommes convaincus que les produits de Silence, qui sont leaders sur le march\u00e9 europ\u00e9en depuis quatre ans, ainsi que l&rsquo;exp\u00e9rience d&rsquo;Astara en mati\u00e8re de distribution, formeront l&rsquo;\u00e9quipe parfaite pour atteindre nos objectifs. Cette ann\u00e9e sera cruciale pour nous : avec le soutien d&rsquo;Astara, nous lancerons le premier v\u00e9hicule \u00e0 quatre roues de Silence, le S04. Nous lancerons \u00e9galement des services tels que notre Battery Station et le Motosharing dans les principales villes europ\u00e9ennes\u00a0\u00bb<\/em>, d\u00e9clare <strong>Carlos Sotelo<\/strong>, PDG de <strong>Silence Urban Ecomobility<\/strong><\/div>\n<\/blockquote>\n","protected":false},"excerpt":{"rendered":"<p>En raison de l&rsquo;\u00e9volution rapide des besoins et des nouvelles visions de la mobilit\u00e9 urbaine, les segments des v\u00e9hicules et scooters \u00e9lectriques, ainsi que les solutions de mobilit\u00e9 intelligente telles que le partage de v\u00e9hicules et l&rsquo;abonnement, connaissent une croissance importante. Les produits Silence offrent des caract\u00e9ristiques uniques et innovantes. Le scooter S01\/S02 et la [&hellip;]<\/p>\n","protected":false},"author":4,"featured_media":8285,"comment_status":"closed","ping_status":"closed","sticky":false,"template":"","format":"standard","meta":{"_acf_changed":false,"footnotes":""},"categories":[77,76],"tags":[],"class_list":["post-8284","post","type-post","status-publish","format-standard","has-post-thumbnail","hentry","category-importateurs-et-constructeurs-automobiles-vp","category-car"],"acf":[],"yoast_head":"<!-- This site is optimized with the Yoast SEO plugin v27.3 - https:\/\/yoast.com\/product\/yoast-seo-wordpress\/ -->\n<title>Astara et Silence s&#039;associent pour distribuer les produits Silence en Belgique et au Luxembourg - link2fleet<\/title>\n<meta name=\"description\" content=\"Astara, leader mondial de la mobilit\u00e9 et de la distribution automobile, a sign\u00e9 un partenariat strat\u00e9gique avec Silence Urban Ecomobility pour distribuer leurs scooters \u00e9lectriques\u2026\" \/>\n<meta name=\"robots\" content=\"index, follow, max-snippet:-1, max-image-preview:large, max-video-preview:-1\" \/>\n<meta property=\"og:locale\" content=\"fr_FR\" \/>\n<meta property=\"og:type\" content=\"article\" \/>\n<meta property=\"og:title\" content=\"Astara et Silence s&#039;associent pour distribuer les produits Silence en Belgique et au Luxembourg - link2fleet\" \/>\n<meta property=\"og:description\" content=\"Astara, leader mondial de la mobilit\u00e9 et de la distribution automobile, a sign\u00e9 un partenariat strat\u00e9gique avec Silence Urban Ecomobility pour distribuer leurs scooters \u00e9lectriques\u2026\" \/>\n<meta property=\"og:url\" content=\"https:\/\/www.link2fleet.com\/fr\/astara-et-silence-sassocient-pour-distribuer-les-produits-silence-en-belgique-et-au-luxembourg\/\" \/>\n<meta property=\"og:site_name\" content=\"link2fleet\" \/>\n<meta property=\"article:published_time\" content=\"2022-12-01T12:42:07+00:00\" \/>\n<meta property=\"og:image\" content=\"https:\/\/static.link2fleet.com\/wp-content\/uploads\/2024\/03\/silence-astara-2.jpg\" \/>\n\t<meta property=\"og:image:width\" content=\"781\" \/>\n\t<meta property=\"og:image:height\" content=\"525\" \/>\n\t<meta property=\"og:image:type\" content=\"image\/jpeg\" \/>\n<meta name=\"author\" content=\"Damien Malvetti\" \/>\n<meta name=\"twitter:card\" content=\"summary_large_image\" \/>\n<meta name=\"twitter:description\" content=\"Astara, leader mondial de la mobilit\u00e9 et de la distribution automobile, a sign\u00e9 un partenariat strat\u00e9gique avec Silence Urban Ecomobility pour distribuer leurs scooters \u00e9lectriques\u2026\" \/>\n<meta name=\"twitter:label1\" content=\"\u00c9crit par\" \/>\n\t<meta name=\"twitter:data1\" content=\"Damien Malvetti\" \/>\n\t<meta name=\"twitter:label2\" content=\"Dur\u00e9e de lecture estim\u00e9e\" \/>\n\t<meta name=\"twitter:data2\" content=\"3 minutes\" \/>\n<script type=\"application\/ld+json\" class=\"yoast-schema-graph\">{\"@context\":\"https:\\\/\\\/schema.org\",\"@graph\":[{\"@type\":\"Article\",\"@id\":\"https:\\\/\\\/www.link2fleet.com\\\/fr\\\/astara-et-silence-sassocient-pour-distribuer-les-produits-silence-en-belgique-et-au-luxembourg\\\/#article\",\"isPartOf\":{\"@id\":\"https:\\\/\\\/www.link2fleet.com\\\/fr\\\/astara-et-silence-sassocient-pour-distribuer-les-produits-silence-en-belgique-et-au-luxembourg\\\/\"},\"author\":{\"name\":\"Damien Malvetti\",\"@id\":\"https:\\\/\\\/www.link2fleet.com\\\/fr\\\/#\\\/schema\\\/person\\\/027cd46113c78036b3809c9a054049da\"},\"headline\":\"Astara et Silence s&rsquo;associent pour distribuer les produits Silence en Belgique et au Luxembourg\",\"datePublished\":\"2022-12-01T12:42:07+00:00\",\"mainEntityOfPage\":{\"@id\":\"https:\\\/\\\/www.link2fleet.com\\\/fr\\\/astara-et-silence-sassocient-pour-distribuer-les-produits-silence-en-belgique-et-au-luxembourg\\\/\"},\"wordCount\":558,\"publisher\":{\"@id\":\"https:\\\/\\\/www.link2fleet.com\\\/fr\\\/#organization\"},\"image\":{\"@id\":\"https:\\\/\\\/www.link2fleet.com\\\/fr\\\/astara-et-silence-sassocient-pour-distribuer-les-produits-silence-en-belgique-et-au-luxembourg\\\/#primaryimage\"},\"thumbnailUrl\":\"https:\\\/\\\/static.link2fleet.com\\\/wp-content\\\/uploads\\\/2024\\\/03\\\/silence-astara-2.jpg\",\"articleSection\":[\"Importateurs et constructeurs\",\"V\u00e9hicules\"],\"inLanguage\":\"fr-FR\"},{\"@type\":\"WebPage\",\"@id\":\"https:\\\/\\\/www.link2fleet.com\\\/fr\\\/astara-et-silence-sassocient-pour-distribuer-les-produits-silence-en-belgique-et-au-luxembourg\\\/\",\"url\":\"https:\\\/\\\/www.link2fleet.com\\\/fr\\\/astara-et-silence-sassocient-pour-distribuer-les-produits-silence-en-belgique-et-au-luxembourg\\\/\",\"name\":\"Astara et Silence s'associent pour distribuer les produits Silence en Belgique et au Luxembourg - link2fleet\",\"isPartOf\":{\"@id\":\"https:\\\/\\\/www.link2fleet.com\\\/fr\\\/#website\"},\"primaryImageOfPage\":{\"@id\":\"https:\\\/\\\/www.link2fleet.com\\\/fr\\\/astara-et-silence-sassocient-pour-distribuer-les-produits-silence-en-belgique-et-au-luxembourg\\\/#primaryimage\"},\"image\":{\"@id\":\"https:\\\/\\\/www.link2fleet.com\\\/fr\\\/astara-et-silence-sassocient-pour-distribuer-les-produits-silence-en-belgique-et-au-luxembourg\\\/#primaryimage\"},\"thumbnailUrl\":\"https:\\\/\\\/static.link2fleet.com\\\/wp-content\\\/uploads\\\/2024\\\/03\\\/silence-astara-2.jpg\",\"datePublished\":\"2022-12-01T12:42:07+00:00\",\"breadcrumb\":{\"@id\":\"https:\\\/\\\/www.link2fleet.com\\\/fr\\\/astara-et-silence-sassocient-pour-distribuer-les-produits-silence-en-belgique-et-au-luxembourg\\\/#breadcrumb\"},\"inLanguage\":\"fr-FR\",\"potentialAction\":[{\"@type\":\"ReadAction\",\"target\":[\"https:\\\/\\\/www.link2fleet.com\\\/fr\\\/astara-et-silence-sassocient-pour-distribuer-les-produits-silence-en-belgique-et-au-luxembourg\\\/\"]}]},{\"@type\":\"ImageObject\",\"inLanguage\":\"fr-FR\",\"@id\":\"https:\\\/\\\/www.link2fleet.com\\\/fr\\\/astara-et-silence-sassocient-pour-distribuer-les-produits-silence-en-belgique-et-au-luxembourg\\\/#primaryimage\",\"url\":\"https:\\\/\\\/static.link2fleet.com\\\/wp-content\\\/uploads\\\/2024\\\/03\\\/silence-astara-2.jpg\",\"contentUrl\":\"https:\\\/\\\/static.link2fleet.com\\\/wp-content\\\/uploads\\\/2024\\\/03\\\/silence-astara-2.jpg\",\"width\":781,\"height\":525,\"caption\":\"|\"},{\"@type\":\"BreadcrumbList\",\"@id\":\"https:\\\/\\\/www.link2fleet.com\\\/fr\\\/astara-et-silence-sassocient-pour-distribuer-les-produits-silence-en-belgique-et-au-luxembourg\\\/#breadcrumb\",\"itemListElement\":[{\"@type\":\"ListItem\",\"position\":1,\"name\":\"Home\",\"item\":\"https:\\\/\\\/www.link2fleet.com\\\/fr\\\/\"},{\"@type\":\"ListItem\",\"position\":2,\"name\":\"Astara et Silence s&#8217;associent pour distribuer les produits Silence en Belgique et au Luxembourg\"}]},{\"@type\":\"WebSite\",\"@id\":\"https:\\\/\\\/www.link2fleet.com\\\/fr\\\/#website\",\"url\":\"https:\\\/\\\/www.link2fleet.com\\\/fr\\\/\",\"name\":\"Link2fleet\",\"description\":\"\",\"publisher\":{\"@id\":\"https:\\\/\\\/www.link2fleet.com\\\/fr\\\/#organization\"},\"potentialAction\":[{\"@type\":\"SearchAction\",\"target\":{\"@type\":\"EntryPoint\",\"urlTemplate\":\"https:\\\/\\\/www.link2fleet.com\\\/fr\\\/?s={search_term_string}\"},\"query-input\":{\"@type\":\"PropertyValueSpecification\",\"valueRequired\":true,\"valueName\":\"search_term_string\"}}],\"inLanguage\":\"fr-FR\"},{\"@type\":\"Organization\",\"@id\":\"https:\\\/\\\/www.link2fleet.com\\\/fr\\\/#organization\",\"name\":\"Link2fleet\",\"url\":\"https:\\\/\\\/www.link2fleet.com\\\/fr\\\/\",\"logo\":{\"@type\":\"ImageObject\",\"inLanguage\":\"fr-FR\",\"@id\":\"https:\\\/\\\/www.link2fleet.com\\\/fr\\\/#\\\/schema\\\/logo\\\/image\\\/\",\"url\":\"https:\\\/\\\/static.link2fleet.com\\\/wp-content\\\/uploads\\\/2024\\\/03\\\/share-image.jpg\",\"contentUrl\":\"https:\\\/\\\/static.link2fleet.com\\\/wp-content\\\/uploads\\\/2024\\\/03\\\/share-image.jpg\",\"width\":1200,\"height\":630,\"caption\":\"Link2fleet\"},\"image\":{\"@id\":\"https:\\\/\\\/www.link2fleet.com\\\/fr\\\/#\\\/schema\\\/logo\\\/image\\\/\"},\"sameAs\":[\"https:\\\/\\\/www.linkedin.com\\\/company\\\/link2fleet-belgium\",\"https:\\\/\\\/www.youtube.com\\\/user\\\/MMMBMBE\"]},{\"@type\":\"Person\",\"@id\":\"https:\\\/\\\/www.link2fleet.com\\\/fr\\\/#\\\/schema\\\/person\\\/027cd46113c78036b3809c9a054049da\",\"name\":\"Damien Malvetti\",\"image\":{\"@type\":\"ImageObject\",\"inLanguage\":\"fr-FR\",\"@id\":\"https:\\\/\\\/secure.gravatar.com\\\/avatar\\\/dd8cc03b49466c735f753ac37f8caa371af16dfed347456ed61f02883255eebb?s=96&d=mm&r=g\",\"url\":\"https:\\\/\\\/secure.gravatar.com\\\/avatar\\\/dd8cc03b49466c735f753ac37f8caa371af16dfed347456ed61f02883255eebb?s=96&d=mm&r=g\",\"contentUrl\":\"https:\\\/\\\/secure.gravatar.com\\\/avatar\\\/dd8cc03b49466c735f753ac37f8caa371af16dfed347456ed61f02883255eebb?s=96&d=mm&r=g\",\"caption\":\"Damien Malvetti\"},\"description\":\"Damien Malvetti is opgeleid als journalist en gepassioneerd door wagens, technologie en mobiliteit. Hij is verantwoordelijk voor de redactionele inhoud van link2fleet en beschikt over een uitgebreide kennis van de fleet-sector en elektrische mobiliteit.\",\"sameAs\":[\"https:\\\/\\\/www.linkedin.com\\\/in\\\/damien-malvetti-56601142\\\/\"]}]}<\/script>\n<!-- \/ Yoast SEO plugin. -->","yoast_head_json":{"title":"Astara et Silence s'associent pour distribuer les produits Silence en Belgique et au Luxembourg - link2fleet","description":"Astara, leader mondial de la mobilit\u00e9 et de la distribution automobile, a sign\u00e9 un partenariat strat\u00e9gique avec Silence Urban Ecomobility pour distribuer leurs scooters \u00e9lectriques\u2026","robots":{"index":"index","follow":"follow","max-snippet":"max-snippet:-1","max-image-preview":"max-image-preview:large","max-video-preview":"max-video-preview:-1"},"og_locale":"fr_FR","og_type":"article","og_title":"Astara et Silence s'associent pour distribuer les produits Silence en Belgique et au Luxembourg - link2fleet","og_description":"Astara, leader mondial de la mobilit\u00e9 et de la distribution automobile, a sign\u00e9 un partenariat strat\u00e9gique avec Silence Urban Ecomobility pour distribuer leurs scooters \u00e9lectriques\u2026","og_url":"https:\/\/www.link2fleet.com\/fr\/astara-et-silence-sassocient-pour-distribuer-les-produits-silence-en-belgique-et-au-luxembourg\/","og_site_name":"link2fleet","article_published_time":"2022-12-01T12:42:07+00:00","og_image":[{"width":781,"height":525,"url":"https:\/\/static.link2fleet.com\/wp-content\/uploads\/2024\/03\/silence-astara-2.jpg","type":"image\/jpeg"}],"author":"Damien Malvetti","twitter_card":"summary_large_image","twitter_description":"Astara, leader mondial de la mobilit\u00e9 et de la distribution automobile, a sign\u00e9 un partenariat strat\u00e9gique avec Silence Urban Ecomobility pour distribuer leurs scooters \u00e9lectriques\u2026","twitter_misc":{"\u00c9crit par":"Damien Malvetti","Dur\u00e9e de lecture estim\u00e9e":"3 minutes"},"schema":{"@context":"https:\/\/schema.org","@graph":[{"@type":"Article","@id":"https:\/\/www.link2fleet.com\/fr\/astara-et-silence-sassocient-pour-distribuer-les-produits-silence-en-belgique-et-au-luxembourg\/#article","isPartOf":{"@id":"https:\/\/www.link2fleet.com\/fr\/astara-et-silence-sassocient-pour-distribuer-les-produits-silence-en-belgique-et-au-luxembourg\/"},"author":{"name":"Damien Malvetti","@id":"https:\/\/www.link2fleet.com\/fr\/#\/schema\/person\/027cd46113c78036b3809c9a054049da"},"headline":"Astara et Silence s&rsquo;associent pour distribuer les produits Silence en Belgique et au Luxembourg","datePublished":"2022-12-01T12:42:07+00:00","mainEntityOfPage":{"@id":"https:\/\/www.link2fleet.com\/fr\/astara-et-silence-sassocient-pour-distribuer-les-produits-silence-en-belgique-et-au-luxembourg\/"},"wordCount":558,"publisher":{"@id":"https:\/\/www.link2fleet.com\/fr\/#organization"},"image":{"@id":"https:\/\/www.link2fleet.com\/fr\/astara-et-silence-sassocient-pour-distribuer-les-produits-silence-en-belgique-et-au-luxembourg\/#primaryimage"},"thumbnailUrl":"https:\/\/static.link2fleet.com\/wp-content\/uploads\/2024\/03\/silence-astara-2.jpg","articleSection":["Importateurs et constructeurs","V\u00e9hicules"],"inLanguage":"fr-FR"},{"@type":"WebPage","@id":"https:\/\/www.link2fleet.com\/fr\/astara-et-silence-sassocient-pour-distribuer-les-produits-silence-en-belgique-et-au-luxembourg\/","url":"https:\/\/www.link2fleet.com\/fr\/astara-et-silence-sassocient-pour-distribuer-les-produits-silence-en-belgique-et-au-luxembourg\/","name":"Astara et Silence s'associent pour distribuer les produits Silence en Belgique et au Luxembourg - link2fleet","isPartOf":{"@id":"https:\/\/www.link2fleet.com\/fr\/#website"},"primaryImageOfPage":{"@id":"https:\/\/www.link2fleet.com\/fr\/astara-et-silence-sassocient-pour-distribuer-les-produits-silence-en-belgique-et-au-luxembourg\/#primaryimage"},"image":{"@id":"https:\/\/www.link2fleet.com\/fr\/astara-et-silence-sassocient-pour-distribuer-les-produits-silence-en-belgique-et-au-luxembourg\/#primaryimage"},"thumbnailUrl":"https:\/\/static.link2fleet.com\/wp-content\/uploads\/2024\/03\/silence-astara-2.jpg","datePublished":"2022-12-01T12:42:07+00:00","breadcrumb":{"@id":"https:\/\/www.link2fleet.com\/fr\/astara-et-silence-sassocient-pour-distribuer-les-produits-silence-en-belgique-et-au-luxembourg\/#breadcrumb"},"inLanguage":"fr-FR","potentialAction":[{"@type":"ReadAction","target":["https:\/\/www.link2fleet.com\/fr\/astara-et-silence-sassocient-pour-distribuer-les-produits-silence-en-belgique-et-au-luxembourg\/"]}]},{"@type":"ImageObject","inLanguage":"fr-FR","@id":"https:\/\/www.link2fleet.com\/fr\/astara-et-silence-sassocient-pour-distribuer-les-produits-silence-en-belgique-et-au-luxembourg\/#primaryimage","url":"https:\/\/static.link2fleet.com\/wp-content\/uploads\/2024\/03\/silence-astara-2.jpg","contentUrl":"https:\/\/static.link2fleet.com\/wp-content\/uploads\/2024\/03\/silence-astara-2.jpg","width":781,"height":525,"caption":"|"},{"@type":"BreadcrumbList","@id":"https:\/\/www.link2fleet.com\/fr\/astara-et-silence-sassocient-pour-distribuer-les-produits-silence-en-belgique-et-au-luxembourg\/#breadcrumb","itemListElement":[{"@type":"ListItem","position":1,"name":"Home","item":"https:\/\/www.link2fleet.com\/fr\/"},{"@type":"ListItem","position":2,"name":"Astara et Silence s&#8217;associent pour distribuer les produits Silence en Belgique et au Luxembourg"}]},{"@type":"WebSite","@id":"https:\/\/www.link2fleet.com\/fr\/#website","url":"https:\/\/www.link2fleet.com\/fr\/","name":"Link2fleet","description":"","publisher":{"@id":"https:\/\/www.link2fleet.com\/fr\/#organization"},"potentialAction":[{"@type":"SearchAction","target":{"@type":"EntryPoint","urlTemplate":"https:\/\/www.link2fleet.com\/fr\/?s={search_term_string}"},"query-input":{"@type":"PropertyValueSpecification","valueRequired":true,"valueName":"search_term_string"}}],"inLanguage":"fr-FR"},{"@type":"Organization","@id":"https:\/\/www.link2fleet.com\/fr\/#organization","name":"Link2fleet","url":"https:\/\/www.link2fleet.com\/fr\/","logo":{"@type":"ImageObject","inLanguage":"fr-FR","@id":"https:\/\/www.link2fleet.com\/fr\/#\/schema\/logo\/image\/","url":"https:\/\/static.link2fleet.com\/wp-content\/uploads\/2024\/03\/share-image.jpg","contentUrl":"https:\/\/static.link2fleet.com\/wp-content\/uploads\/2024\/03\/share-image.jpg","width":1200,"height":630,"caption":"Link2fleet"},"image":{"@id":"https:\/\/www.link2fleet.com\/fr\/#\/schema\/logo\/image\/"},"sameAs":["https:\/\/www.linkedin.com\/company\/link2fleet-belgium","https:\/\/www.youtube.com\/user\/MMMBMBE"]},{"@type":"Person","@id":"https:\/\/www.link2fleet.com\/fr\/#\/schema\/person\/027cd46113c78036b3809c9a054049da","name":"Damien Malvetti","image":{"@type":"ImageObject","inLanguage":"fr-FR","@id":"https:\/\/secure.gravatar.com\/avatar\/dd8cc03b49466c735f753ac37f8caa371af16dfed347456ed61f02883255eebb?s=96&d=mm&r=g","url":"https:\/\/secure.gravatar.com\/avatar\/dd8cc03b49466c735f753ac37f8caa371af16dfed347456ed61f02883255eebb?s=96&d=mm&r=g","contentUrl":"https:\/\/secure.gravatar.com\/avatar\/dd8cc03b49466c735f753ac37f8caa371af16dfed347456ed61f02883255eebb?s=96&d=mm&r=g","caption":"Damien Malvetti"},"description":"Damien Malvetti is opgeleid als journalist en gepassioneerd door wagens, technologie en mobiliteit. Hij is verantwoordelijk voor de redactionele inhoud van link2fleet en beschikt over een uitgebreide kennis van de fleet-sector en elektrische mobiliteit.","sameAs":["https:\/\/www.linkedin.com\/in\/damien-malvetti-56601142\/"]}]}},"_links":{"self":[{"href":"https:\/\/www.link2fleet.com\/fr\/wp-json\/wp\/v2\/posts\/8284","targetHints":{"allow":["GET"]}}],"collection":[{"href":"https:\/\/www.link2fleet.com\/fr\/wp-json\/wp\/v2\/posts"}],"about":[{"href":"https:\/\/www.link2fleet.com\/fr\/wp-json\/wp\/v2\/types\/post"}],"author":[{"embeddable":true,"href":"https:\/\/www.link2fleet.com\/fr\/wp-json\/wp\/v2\/users\/4"}],"replies":[{"embeddable":true,"href":"https:\/\/www.link2fleet.com\/fr\/wp-json\/wp\/v2\/comments?post=8284"}],"version-history":[{"count":0,"href":"https:\/\/www.link2fleet.com\/fr\/wp-json\/wp\/v2\/posts\/8284\/revisions"}],"wp:featuredmedia":[{"embeddable":true,"href":"https:\/\/www.link2fleet.com\/fr\/wp-json\/wp\/v2\/media\/8285"}],"wp:attachment":[{"href":"https:\/\/www.link2fleet.com\/fr\/wp-json\/wp\/v2\/media?parent=8284"}],"wp:term":[{"taxonomy":"category","embeddable":true,"href":"https:\/\/www.link2fleet.com\/fr\/wp-json\/wp\/v2\/categories?post=8284"},{"taxonomy":"post_tag","embeddable":true,"href":"https:\/\/www.link2fleet.com\/fr\/wp-json\/wp\/v2\/tags?post=8284"}],"curies":[{"name":"wp","href":"https:\/\/api.w.org\/{rel}","templated":true}]}}