{"id":8304,"date":"2022-12-06T08:53:48","date_gmt":"2022-12-06T07:53:48","guid":{"rendered":"https:\/\/www.link2fleet.com\/athlon-belgium-et-toyota-livrent-120-hybrides-a-adecco\/"},"modified":"2024-04-17T16:45:08","modified_gmt":"2024-04-17T14:45:08","slug":"athlon-belgium-et-toyota-livrent-120-hybrides-a-adecco","status":"publish","type":"post","link":"https:\/\/www.link2fleet.com\/fr\/athlon-belgium-et-toyota-livrent-120-hybrides-a-adecco\/","title":{"rendered":"Athlon Belgium et Toyota livrent 120 hybrides \u00e0 Adecco"},"content":{"rendered":"<p class=\"styles_paragraph__CxmiR\">Samedi dernier se tenait le \u2018<em>Yaris car event\u2019<\/em> organis\u00e9 par Adecco. \u200b Quelque 80 des 120 Toyota Yaris rouges command\u00e9es ont \u00e9t\u00e9 livr\u00e9es aux nouveaux collaborateurs qui, pour la plupart, ne b\u00e9n\u00e9ficiaient pas encore de v\u00e9hicule de soci\u00e9t\u00e9. Dans le cadre de l\u2019\u00e9cologisation de sa flotte, Adecco a opt\u00e9 pour une voiture hybride auto-rechargeable. \u200b Cette motorisation garantit moins d\u2019\u00e9missions de CO<sub>2<\/sub> et, lorsqu\u2019elle est utilis\u00e9e correctement, a m\u00eame un effet positif sur le TCO (total cost of ownership). \u200b La livraison a eu lieu \u00e0 Machelen chez Athlon Belgium, o\u00f9 les 40 v\u00e9hicules restants seront \u00e9galement livr\u00e9s sous peu. \u200b<\/p>\n<figure id=\"attachment_1287275\" aria-describedby=\"caption-attachment-1287275\" style=\"width: 640px\" class=\"wp-caption aligncenter\"><a href=\"https:\/\/www.link2fleet.com\/wp-content\/uploads\/2022\/12\/221203-CAR-EVENT-BenBrolet-0173.jpg\"><img loading=\"lazy\" decoding=\"async\" class=\"size-large wp-image-1287275\" src=\"https:\/\/www.link2fleet.com\/wp-content\/uploads\/2022\/12\/221203-CAR-EVENT-BenBrolet-0173-1024x683.jpg\" alt=\"\" width=\"640\" height=\"427\" \/><\/a><figcaption id=\"caption-attachment-1287275\" class=\"wp-caption-text\">Steve Nys, Fleet manager (Toyota Bel.), Jan Dekeyser, Country Head Adecco Belgium &amp; Luxembourg, Marie Lejeune, Commercial Director (Athlon Belgium)<\/figcaption><\/figure>\n<blockquote class=\"Quote_container__ms7KM Quote_alignLeft__1_w_9\">\n<div class=\"Quote_content__DZCla\"><em>\u201cLa coop\u00e9ration avec Athlon est excellente. \u200b Ils nous d\u00e9chargent compl\u00e8tement et sont un v\u00e9ritable partenaire de mobilit\u00e9. \u200b Un exemple parlant : les nouveaux conducteurs ont imm\u00e9diatement re\u00e7u des conseils sur l\u2019utilisation correcte d\u2019un v\u00e9hicule hybride, tel que le style de conduite adapt\u00e9, afin de pouvoir utiliser au maximum les avantages et les b\u00e9n\u00e9fices environnementaux de la Toyota Yaris.\u201d<br \/>\n\u200b<\/em>Jan Dekeyser, Country Head Adecco Belgium &amp; Luxembourg<\/div>\n<\/blockquote>\n<blockquote class=\"Quote_container__ms7KM Quote_alignLeft__1_w_9\">\n<div class=\"Quote_content__DZCla\"><em>\u201cL\u2019\u00e9cologisation des parcs automobiles est au coeur de notre approche. \u200b Nous sommes tr\u00e8s heureux qu\u2019Adecco fasse confiance \u00e0 notre expertise et \u00e0 notre flexibilit\u00e9 pour le leasing op\u00e9rationnel de ces hybrides. Dans les circonstances actuelles, avec des d\u00e9lais de livraison encore relativement longs, cette flexibilit\u00e9 est essentielle pour pouvoir soulager nos clients. \u200b Pour Adecco, nous avons \u00e9t\u00e9 en mesure de livrer temporairement un grand nombre de v\u00e9hicules d\u2019attente via notre flotte rental, jusqu\u2019\u00e0 la livraison des voitures leasing d\u00e9finitives.\u00a0\u00bb<br \/>\n\u200b<\/em>Marie Lejeune, Commercial Director d\u2019Athlon Belgium<\/div>\n<\/blockquote>\n<blockquote class=\"Quote_container__ms7KM Quote_alignLeft__1_w_9\">\n<div class=\"Quote_content__DZCla\">\u201c<em>Nous sommes fiers que Toyota ait \u00e9t\u00e9 choisi comme partenaire par Adecco pour le renouvellement et la durabilit\u00e9 de sa flotte de v\u00e9hicules de soci\u00e9t\u00e9. Gr\u00e2ce \u00e0 notre Toyota Yaris hybride, les employ\u00e9s d\u2019Adecco peuvent compter sur une voiture fiable, \u00e9conomique et s\u00fbre pour leurs d\u00e9placements. \u200b En outre, pour la plupart, il s\u2019agit d\u2019une premi\u00e8re exp\u00e9rience avec une voiture \u00e9lectrifi\u00e9e, un avantage suppl\u00e9mentaire compte tenu de l\u2019\u00e9volution rapide du march\u00e9 automobile.\u00a0\u00bb<br \/>\n\u200b<\/em>Steve Nys, Fleet Manager chez Toyota Belgique<\/div>\n<\/blockquote>\n<div>\n\n<\/div>\n","protected":false},"excerpt":{"rendered":"<p>Samedi dernier se tenait le \u2018Yaris car event\u2019 organis\u00e9 par Adecco. \u200b Quelque 80 des 120 Toyota Yaris rouges command\u00e9es ont \u00e9t\u00e9 livr\u00e9es aux nouveaux collaborateurs qui, pour la plupart, ne b\u00e9n\u00e9ficiaient pas encore de v\u00e9hicule de soci\u00e9t\u00e9. Dans le cadre de l\u2019\u00e9cologisation de sa flotte, Adecco a opt\u00e9 pour une voiture hybride auto-rechargeable. \u200b [&hellip;]<\/p>\n","protected":false},"author":4,"featured_media":8305,"comment_status":"closed","ping_status":"closed","sticky":false,"template":"","format":"standard","meta":{"_acf_changed":false,"footnotes":""},"categories":[91,79],"tags":[],"class_list":["post-8304","post","type-post","status-publish","format-standard","has-post-thumbnail","hentry","category-expertise-et-management","category-societes-de-leasing"],"acf":[],"yoast_head":"<!-- This site is optimized with the Yoast SEO plugin v27.3 - https:\/\/yoast.com\/product\/yoast-seo-wordpress\/ -->\n<title>Athlon Belgium et Toyota livrent 120 hybrides \u00e0 Adecco - link2fleet<\/title>\n<meta name=\"description\" content=\"Bient\u00f4t, 120 nouveaux collaborateurs Adecco conduiront une voiture hybride. \u200b Samedi dernier, une grande partie de ces collaborateurs ont pu r\u00e9ceptionner leur Toyota Yaris hybride\u2026\" \/>\n<meta name=\"robots\" content=\"index, follow, max-snippet:-1, max-image-preview:large, max-video-preview:-1\" \/>\n<meta property=\"og:locale\" content=\"fr_FR\" \/>\n<meta property=\"og:type\" content=\"article\" \/>\n<meta property=\"og:title\" content=\"Athlon Belgium et Toyota livrent 120 hybrides \u00e0 Adecco - link2fleet\" \/>\n<meta property=\"og:description\" content=\"Bient\u00f4t, 120 nouveaux collaborateurs Adecco conduiront une voiture hybride. \u200b Samedi dernier, une grande partie de ces collaborateurs ont pu r\u00e9ceptionner leur Toyota Yaris hybride\u2026\" \/>\n<meta property=\"og:url\" content=\"https:\/\/www.link2fleet.com\/fr\/athlon-belgium-et-toyota-livrent-120-hybrides-a-adecco\/\" \/>\n<meta property=\"og:site_name\" content=\"link2fleet\" \/>\n<meta property=\"article:published_time\" content=\"2022-12-06T07:53:48+00:00\" \/>\n<meta property=\"article:modified_time\" content=\"2024-04-17T14:45:08+00:00\" \/>\n<meta property=\"og:image\" content=\"https:\/\/static.link2fleet.com\/wp-content\/uploads\/2024\/03\/221203-car-event-benbrolet-0075.jpg\" \/>\n\t<meta property=\"og:image:width\" content=\"1651\" \/>\n\t<meta property=\"og:image:height\" content=\"1100\" \/>\n\t<meta property=\"og:image:type\" content=\"image\/jpeg\" \/>\n<meta name=\"author\" content=\"Damien Malvetti\" \/>\n<meta name=\"twitter:card\" content=\"summary_large_image\" \/>\n<meta name=\"twitter:description\" content=\"Bient\u00f4t, 120 nouveaux collaborateurs Adecco conduiront une voiture hybride. \u200b Samedi dernier, une grande partie de ces collaborateurs ont pu r\u00e9ceptionner leur Toyota Yaris hybride\u2026\" \/>\n<meta name=\"twitter:label1\" content=\"\u00c9crit par\" \/>\n\t<meta name=\"twitter:data1\" content=\"Damien Malvetti\" \/>\n\t<meta name=\"twitter:label2\" content=\"Dur\u00e9e de lecture estim\u00e9e\" \/>\n\t<meta name=\"twitter:data2\" content=\"3 minutes\" \/>\n<script type=\"application\/ld+json\" class=\"yoast-schema-graph\">{\"@context\":\"https:\\\/\\\/schema.org\",\"@graph\":[{\"@type\":\"Article\",\"@id\":\"https:\\\/\\\/www.link2fleet.com\\\/fr\\\/athlon-belgium-et-toyota-livrent-120-hybrides-a-adecco\\\/#article\",\"isPartOf\":{\"@id\":\"https:\\\/\\\/www.link2fleet.com\\\/fr\\\/athlon-belgium-et-toyota-livrent-120-hybrides-a-adecco\\\/\"},\"author\":{\"name\":\"Damien Malvetti\",\"@id\":\"https:\\\/\\\/www.link2fleet.com\\\/fr\\\/#\\\/schema\\\/person\\\/027cd46113c78036b3809c9a054049da\"},\"headline\":\"Athlon Belgium et Toyota livrent 120 hybrides \u00e0 Adecco\",\"datePublished\":\"2022-12-06T07:53:48+00:00\",\"dateModified\":\"2024-04-17T14:45:08+00:00\",\"mainEntityOfPage\":{\"@id\":\"https:\\\/\\\/www.link2fleet.com\\\/fr\\\/athlon-belgium-et-toyota-livrent-120-hybrides-a-adecco\\\/\"},\"wordCount\":521,\"publisher\":{\"@id\":\"https:\\\/\\\/www.link2fleet.com\\\/fr\\\/#organization\"},\"image\":{\"@id\":\"https:\\\/\\\/www.link2fleet.com\\\/fr\\\/athlon-belgium-et-toyota-livrent-120-hybrides-a-adecco\\\/#primaryimage\"},\"thumbnailUrl\":\"https:\\\/\\\/static.link2fleet.com\\\/wp-content\\\/uploads\\\/2024\\\/03\\\/221203-car-event-benbrolet-0075.jpg\",\"articleSection\":[\"Gestion de flotte\",\"Location long-terme\"],\"inLanguage\":\"fr-FR\"},{\"@type\":\"WebPage\",\"@id\":\"https:\\\/\\\/www.link2fleet.com\\\/fr\\\/athlon-belgium-et-toyota-livrent-120-hybrides-a-adecco\\\/\",\"url\":\"https:\\\/\\\/www.link2fleet.com\\\/fr\\\/athlon-belgium-et-toyota-livrent-120-hybrides-a-adecco\\\/\",\"name\":\"Athlon Belgium et Toyota livrent 120 hybrides \u00e0 Adecco - link2fleet\",\"isPartOf\":{\"@id\":\"https:\\\/\\\/www.link2fleet.com\\\/fr\\\/#website\"},\"primaryImageOfPage\":{\"@id\":\"https:\\\/\\\/www.link2fleet.com\\\/fr\\\/athlon-belgium-et-toyota-livrent-120-hybrides-a-adecco\\\/#primaryimage\"},\"image\":{\"@id\":\"https:\\\/\\\/www.link2fleet.com\\\/fr\\\/athlon-belgium-et-toyota-livrent-120-hybrides-a-adecco\\\/#primaryimage\"},\"thumbnailUrl\":\"https:\\\/\\\/static.link2fleet.com\\\/wp-content\\\/uploads\\\/2024\\\/03\\\/221203-car-event-benbrolet-0075.jpg\",\"datePublished\":\"2022-12-06T07:53:48+00:00\",\"dateModified\":\"2024-04-17T14:45:08+00:00\",\"breadcrumb\":{\"@id\":\"https:\\\/\\\/www.link2fleet.com\\\/fr\\\/athlon-belgium-et-toyota-livrent-120-hybrides-a-adecco\\\/#breadcrumb\"},\"inLanguage\":\"fr-FR\",\"potentialAction\":[{\"@type\":\"ReadAction\",\"target\":[\"https:\\\/\\\/www.link2fleet.com\\\/fr\\\/athlon-belgium-et-toyota-livrent-120-hybrides-a-adecco\\\/\"]}]},{\"@type\":\"ImageObject\",\"inLanguage\":\"fr-FR\",\"@id\":\"https:\\\/\\\/www.link2fleet.com\\\/fr\\\/athlon-belgium-et-toyota-livrent-120-hybrides-a-adecco\\\/#primaryimage\",\"url\":\"https:\\\/\\\/static.link2fleet.com\\\/wp-content\\\/uploads\\\/2024\\\/03\\\/221203-car-event-benbrolet-0075.jpg\",\"contentUrl\":\"https:\\\/\\\/static.link2fleet.com\\\/wp-content\\\/uploads\\\/2024\\\/03\\\/221203-car-event-benbrolet-0075.jpg\",\"width\":1651,\"height\":1100,\"caption\":\"||||Steve Nys\"},{\"@type\":\"BreadcrumbList\",\"@id\":\"https:\\\/\\\/www.link2fleet.com\\\/fr\\\/athlon-belgium-et-toyota-livrent-120-hybrides-a-adecco\\\/#breadcrumb\",\"itemListElement\":[{\"@type\":\"ListItem\",\"position\":1,\"name\":\"Home\",\"item\":\"https:\\\/\\\/www.link2fleet.com\\\/fr\\\/\"},{\"@type\":\"ListItem\",\"position\":2,\"name\":\"Athlon Belgium et Toyota livrent 120 hybrides \u00e0 Adecco\"}]},{\"@type\":\"WebSite\",\"@id\":\"https:\\\/\\\/www.link2fleet.com\\\/fr\\\/#website\",\"url\":\"https:\\\/\\\/www.link2fleet.com\\\/fr\\\/\",\"name\":\"Link2fleet\",\"description\":\"\",\"publisher\":{\"@id\":\"https:\\\/\\\/www.link2fleet.com\\\/fr\\\/#organization\"},\"potentialAction\":[{\"@type\":\"SearchAction\",\"target\":{\"@type\":\"EntryPoint\",\"urlTemplate\":\"https:\\\/\\\/www.link2fleet.com\\\/fr\\\/?s={search_term_string}\"},\"query-input\":{\"@type\":\"PropertyValueSpecification\",\"valueRequired\":true,\"valueName\":\"search_term_string\"}}],\"inLanguage\":\"fr-FR\"},{\"@type\":\"Organization\",\"@id\":\"https:\\\/\\\/www.link2fleet.com\\\/fr\\\/#organization\",\"name\":\"Link2fleet\",\"url\":\"https:\\\/\\\/www.link2fleet.com\\\/fr\\\/\",\"logo\":{\"@type\":\"ImageObject\",\"inLanguage\":\"fr-FR\",\"@id\":\"https:\\\/\\\/www.link2fleet.com\\\/fr\\\/#\\\/schema\\\/logo\\\/image\\\/\",\"url\":\"https:\\\/\\\/static.link2fleet.com\\\/wp-content\\\/uploads\\\/2024\\\/03\\\/share-image.jpg\",\"contentUrl\":\"https:\\\/\\\/static.link2fleet.com\\\/wp-content\\\/uploads\\\/2024\\\/03\\\/share-image.jpg\",\"width\":1200,\"height\":630,\"caption\":\"Link2fleet\"},\"image\":{\"@id\":\"https:\\\/\\\/www.link2fleet.com\\\/fr\\\/#\\\/schema\\\/logo\\\/image\\\/\"},\"sameAs\":[\"https:\\\/\\\/www.linkedin.com\\\/company\\\/link2fleet-belgium\",\"https:\\\/\\\/www.youtube.com\\\/user\\\/MMMBMBE\"]},{\"@type\":\"Person\",\"@id\":\"https:\\\/\\\/www.link2fleet.com\\\/fr\\\/#\\\/schema\\\/person\\\/027cd46113c78036b3809c9a054049da\",\"name\":\"Damien Malvetti\",\"image\":{\"@type\":\"ImageObject\",\"inLanguage\":\"fr-FR\",\"@id\":\"https:\\\/\\\/secure.gravatar.com\\\/avatar\\\/dd8cc03b49466c735f753ac37f8caa371af16dfed347456ed61f02883255eebb?s=96&d=mm&r=g\",\"url\":\"https:\\\/\\\/secure.gravatar.com\\\/avatar\\\/dd8cc03b49466c735f753ac37f8caa371af16dfed347456ed61f02883255eebb?s=96&d=mm&r=g\",\"contentUrl\":\"https:\\\/\\\/secure.gravatar.com\\\/avatar\\\/dd8cc03b49466c735f753ac37f8caa371af16dfed347456ed61f02883255eebb?s=96&d=mm&r=g\",\"caption\":\"Damien Malvetti\"},\"description\":\"Damien Malvetti is opgeleid als journalist en gepassioneerd door wagens, technologie en mobiliteit. Hij is verantwoordelijk voor de redactionele inhoud van link2fleet en beschikt over een uitgebreide kennis van de fleet-sector en elektrische mobiliteit.\",\"sameAs\":[\"https:\\\/\\\/www.linkedin.com\\\/in\\\/damien-malvetti-56601142\\\/\"]}]}<\/script>\n<!-- \/ Yoast SEO plugin. -->","yoast_head_json":{"title":"Athlon Belgium et Toyota livrent 120 hybrides \u00e0 Adecco - link2fleet","description":"Bient\u00f4t, 120 nouveaux collaborateurs Adecco conduiront une voiture hybride. \u200b Samedi dernier, une grande partie de ces collaborateurs ont pu r\u00e9ceptionner leur Toyota Yaris hybride\u2026","robots":{"index":"index","follow":"follow","max-snippet":"max-snippet:-1","max-image-preview":"max-image-preview:large","max-video-preview":"max-video-preview:-1"},"og_locale":"fr_FR","og_type":"article","og_title":"Athlon Belgium et Toyota livrent 120 hybrides \u00e0 Adecco - link2fleet","og_description":"Bient\u00f4t, 120 nouveaux collaborateurs Adecco conduiront une voiture hybride. \u200b Samedi dernier, une grande partie de ces collaborateurs ont pu r\u00e9ceptionner leur Toyota Yaris hybride\u2026","og_url":"https:\/\/www.link2fleet.com\/fr\/athlon-belgium-et-toyota-livrent-120-hybrides-a-adecco\/","og_site_name":"link2fleet","article_published_time":"2022-12-06T07:53:48+00:00","article_modified_time":"2024-04-17T14:45:08+00:00","og_image":[{"width":1651,"height":1100,"url":"https:\/\/static.link2fleet.com\/wp-content\/uploads\/2024\/03\/221203-car-event-benbrolet-0075.jpg","type":"image\/jpeg"}],"author":"Damien Malvetti","twitter_card":"summary_large_image","twitter_description":"Bient\u00f4t, 120 nouveaux collaborateurs Adecco conduiront une voiture hybride. \u200b Samedi dernier, une grande partie de ces collaborateurs ont pu r\u00e9ceptionner leur Toyota Yaris hybride\u2026","twitter_misc":{"\u00c9crit par":"Damien Malvetti","Dur\u00e9e de lecture estim\u00e9e":"3 minutes"},"schema":{"@context":"https:\/\/schema.org","@graph":[{"@type":"Article","@id":"https:\/\/www.link2fleet.com\/fr\/athlon-belgium-et-toyota-livrent-120-hybrides-a-adecco\/#article","isPartOf":{"@id":"https:\/\/www.link2fleet.com\/fr\/athlon-belgium-et-toyota-livrent-120-hybrides-a-adecco\/"},"author":{"name":"Damien Malvetti","@id":"https:\/\/www.link2fleet.com\/fr\/#\/schema\/person\/027cd46113c78036b3809c9a054049da"},"headline":"Athlon Belgium et Toyota livrent 120 hybrides \u00e0 Adecco","datePublished":"2022-12-06T07:53:48+00:00","dateModified":"2024-04-17T14:45:08+00:00","mainEntityOfPage":{"@id":"https:\/\/www.link2fleet.com\/fr\/athlon-belgium-et-toyota-livrent-120-hybrides-a-adecco\/"},"wordCount":521,"publisher":{"@id":"https:\/\/www.link2fleet.com\/fr\/#organization"},"image":{"@id":"https:\/\/www.link2fleet.com\/fr\/athlon-belgium-et-toyota-livrent-120-hybrides-a-adecco\/#primaryimage"},"thumbnailUrl":"https:\/\/static.link2fleet.com\/wp-content\/uploads\/2024\/03\/221203-car-event-benbrolet-0075.jpg","articleSection":["Gestion de flotte","Location long-terme"],"inLanguage":"fr-FR"},{"@type":"WebPage","@id":"https:\/\/www.link2fleet.com\/fr\/athlon-belgium-et-toyota-livrent-120-hybrides-a-adecco\/","url":"https:\/\/www.link2fleet.com\/fr\/athlon-belgium-et-toyota-livrent-120-hybrides-a-adecco\/","name":"Athlon Belgium et Toyota livrent 120 hybrides \u00e0 Adecco - link2fleet","isPartOf":{"@id":"https:\/\/www.link2fleet.com\/fr\/#website"},"primaryImageOfPage":{"@id":"https:\/\/www.link2fleet.com\/fr\/athlon-belgium-et-toyota-livrent-120-hybrides-a-adecco\/#primaryimage"},"image":{"@id":"https:\/\/www.link2fleet.com\/fr\/athlon-belgium-et-toyota-livrent-120-hybrides-a-adecco\/#primaryimage"},"thumbnailUrl":"https:\/\/static.link2fleet.com\/wp-content\/uploads\/2024\/03\/221203-car-event-benbrolet-0075.jpg","datePublished":"2022-12-06T07:53:48+00:00","dateModified":"2024-04-17T14:45:08+00:00","breadcrumb":{"@id":"https:\/\/www.link2fleet.com\/fr\/athlon-belgium-et-toyota-livrent-120-hybrides-a-adecco\/#breadcrumb"},"inLanguage":"fr-FR","potentialAction":[{"@type":"ReadAction","target":["https:\/\/www.link2fleet.com\/fr\/athlon-belgium-et-toyota-livrent-120-hybrides-a-adecco\/"]}]},{"@type":"ImageObject","inLanguage":"fr-FR","@id":"https:\/\/www.link2fleet.com\/fr\/athlon-belgium-et-toyota-livrent-120-hybrides-a-adecco\/#primaryimage","url":"https:\/\/static.link2fleet.com\/wp-content\/uploads\/2024\/03\/221203-car-event-benbrolet-0075.jpg","contentUrl":"https:\/\/static.link2fleet.com\/wp-content\/uploads\/2024\/03\/221203-car-event-benbrolet-0075.jpg","width":1651,"height":1100,"caption":"||||Steve Nys"},{"@type":"BreadcrumbList","@id":"https:\/\/www.link2fleet.com\/fr\/athlon-belgium-et-toyota-livrent-120-hybrides-a-adecco\/#breadcrumb","itemListElement":[{"@type":"ListItem","position":1,"name":"Home","item":"https:\/\/www.link2fleet.com\/fr\/"},{"@type":"ListItem","position":2,"name":"Athlon Belgium et Toyota livrent 120 hybrides \u00e0 Adecco"}]},{"@type":"WebSite","@id":"https:\/\/www.link2fleet.com\/fr\/#website","url":"https:\/\/www.link2fleet.com\/fr\/","name":"Link2fleet","description":"","publisher":{"@id":"https:\/\/www.link2fleet.com\/fr\/#organization"},"potentialAction":[{"@type":"SearchAction","target":{"@type":"EntryPoint","urlTemplate":"https:\/\/www.link2fleet.com\/fr\/?s={search_term_string}"},"query-input":{"@type":"PropertyValueSpecification","valueRequired":true,"valueName":"search_term_string"}}],"inLanguage":"fr-FR"},{"@type":"Organization","@id":"https:\/\/www.link2fleet.com\/fr\/#organization","name":"Link2fleet","url":"https:\/\/www.link2fleet.com\/fr\/","logo":{"@type":"ImageObject","inLanguage":"fr-FR","@id":"https:\/\/www.link2fleet.com\/fr\/#\/schema\/logo\/image\/","url":"https:\/\/static.link2fleet.com\/wp-content\/uploads\/2024\/03\/share-image.jpg","contentUrl":"https:\/\/static.link2fleet.com\/wp-content\/uploads\/2024\/03\/share-image.jpg","width":1200,"height":630,"caption":"Link2fleet"},"image":{"@id":"https:\/\/www.link2fleet.com\/fr\/#\/schema\/logo\/image\/"},"sameAs":["https:\/\/www.linkedin.com\/company\/link2fleet-belgium","https:\/\/www.youtube.com\/user\/MMMBMBE"]},{"@type":"Person","@id":"https:\/\/www.link2fleet.com\/fr\/#\/schema\/person\/027cd46113c78036b3809c9a054049da","name":"Damien Malvetti","image":{"@type":"ImageObject","inLanguage":"fr-FR","@id":"https:\/\/secure.gravatar.com\/avatar\/dd8cc03b49466c735f753ac37f8caa371af16dfed347456ed61f02883255eebb?s=96&d=mm&r=g","url":"https:\/\/secure.gravatar.com\/avatar\/dd8cc03b49466c735f753ac37f8caa371af16dfed347456ed61f02883255eebb?s=96&d=mm&r=g","contentUrl":"https:\/\/secure.gravatar.com\/avatar\/dd8cc03b49466c735f753ac37f8caa371af16dfed347456ed61f02883255eebb?s=96&d=mm&r=g","caption":"Damien Malvetti"},"description":"Damien Malvetti is opgeleid als journalist en gepassioneerd door wagens, technologie en mobiliteit. Hij is verantwoordelijk voor de redactionele inhoud van link2fleet en beschikt over een uitgebreide kennis van de fleet-sector en elektrische mobiliteit.","sameAs":["https:\/\/www.linkedin.com\/in\/damien-malvetti-56601142\/"]}]}},"_links":{"self":[{"href":"https:\/\/www.link2fleet.com\/fr\/wp-json\/wp\/v2\/posts\/8304","targetHints":{"allow":["GET"]}}],"collection":[{"href":"https:\/\/www.link2fleet.com\/fr\/wp-json\/wp\/v2\/posts"}],"about":[{"href":"https:\/\/www.link2fleet.com\/fr\/wp-json\/wp\/v2\/types\/post"}],"author":[{"embeddable":true,"href":"https:\/\/www.link2fleet.com\/fr\/wp-json\/wp\/v2\/users\/4"}],"replies":[{"embeddable":true,"href":"https:\/\/www.link2fleet.com\/fr\/wp-json\/wp\/v2\/comments?post=8304"}],"version-history":[{"count":0,"href":"https:\/\/www.link2fleet.com\/fr\/wp-json\/wp\/v2\/posts\/8304\/revisions"}],"wp:featuredmedia":[{"embeddable":true,"href":"https:\/\/www.link2fleet.com\/fr\/wp-json\/wp\/v2\/media\/8305"}],"wp:attachment":[{"href":"https:\/\/www.link2fleet.com\/fr\/wp-json\/wp\/v2\/media?parent=8304"}],"wp:term":[{"taxonomy":"category","embeddable":true,"href":"https:\/\/www.link2fleet.com\/fr\/wp-json\/wp\/v2\/categories?post=8304"},{"taxonomy":"post_tag","embeddable":true,"href":"https:\/\/www.link2fleet.com\/fr\/wp-json\/wp\/v2\/tags?post=8304"}],"curies":[{"name":"wp","href":"https:\/\/api.w.org\/{rel}","templated":true}]}}