{"id":8315,"date":"2022-12-06T09:05:05","date_gmt":"2022-12-06T08:05:05","guid":{"rendered":"https:\/\/www.link2fleet.com\/arval-consulting-les-entreprises-doivent-se-mefier-des-tco-dapparence-allechante\/"},"modified":"2024-04-17T16:45:08","modified_gmt":"2024-04-17T14:45:08","slug":"arval-consulting-les-entreprises-doivent-se-mefier-des-tco-dapparence-allechante","status":"publish","type":"post","link":"https:\/\/www.link2fleet.com\/fr\/arval-consulting-les-entreprises-doivent-se-mefier-des-tco-dapparence-allechante\/","title":{"rendered":"Arval Consulting : \u00ab Les entreprises doivent se m\u00e9fier des TCO d\u2019apparence all\u00e9chante \u00bb"},"content":{"rendered":"<p>Quel co\u00fbt repr\u00e9sentent une ou plusieurs voitures de soci\u00e9t\u00e9 pour une entreprise\u2009? Pour le savoir, les dirigeants d\u2019entreprise et les gestionnaires de flotte recourent d\u00e9sormais de plus en plus au co\u00fbt total de possession ou TCO. Ce co\u00fbt total repr\u00e9sente les frais li\u00e9s \u00e0 l\u2019acquisition et \u00e0 l\u2019utilisation du v\u00e9hicule tout au long de son cycle d\u2019utilisation. Mais il semblerait qu\u2019un TCO n\u2019est pas l\u2019autre, selon Yves Ceurstemont d\u2019Arval Consulting.<\/p>\n<blockquote><p><em>\u00ab\u2009Le probl\u00e8me se situe au niveau de la formulation et de l\u2019interpr\u00e9tation de la \u201cd\u00e9duction fiscale\u201d. En principe, chaque co\u00fbt enregistr\u00e9 par une entreprise pour atteindre ses objectifs, comme la location d\u2019un bureau ou le paiement de salaires, est d\u00e9ductible \u00e0 100\u00a0%. L\u2019exc\u00e9dent, \u00e0 savoir le b\u00e9n\u00e9fice, est soumis \u00e0 un imp\u00f4t sur les soci\u00e9t\u00e9s de 25\u00a0%. Mais un v\u00e9hicule utilis\u00e9 \u00e9galement \u00e0 des fins priv\u00e9es par un membre du personnel \u00e9chappe \u00e0 cette r\u00e8gle. Il est effectivement d\u00e9ductible \u201cdans une certaine mesure\u201d, et il faut tenir compte des frais suppl\u00e9mentaires li\u00e9s \u00e0 l\u2019imp\u00f4t sur les soci\u00e9t\u00e9s sur ces d\u00e9penses non admises.\u2009\u00bb<\/em><br \/>\n\u200bYves Ceurstemont, Arval Consulting<\/p><\/blockquote>\n<figure class=\"release-content-image release-content-image--contained release-content-image--align-center\" data-component=\"image-zoom-popup\" data-image-zoom-popup-selector=\".release-content-image__image\" data-image-zoom-popup-i18n=\"data:application\/json;base64,eyJEb3dubG9hZCI6IkRvd25sb2FkIn0=\" data-image-zoom-popup-tracking-views-event=\"Story Image View\" data-image-zoom-popup-tracking-download-event=\"Story Image Download\" data-image-zoom-popup-placement=\"content\">\n<div class=\"image-thumbnail-rollover\"><img decoding=\"async\" id=\"image-3199130a-f03c-4947-a407-f4eaac3944e0\" class=\"release-content-image__image image-thumbnail-rollover__image\" src=\"https:\/\/cdn.uc.assets.prezly.com\/3199130a-f03c-4947-a407-f4eaac3944e0\/-\/format\/auto\/\" alt=\"Exemple de calcul Arval de l'influence d'une voiture de soci\u00e9t\u00e9 sur l'imp\u00f4t sur les soci\u00e9t\u00e9s\" data-description=\"Exemple de calcul Arval de l'influence d'une voiture de soci&amp;eacute;t&amp;eacute; sur l'imp&amp;ocirc;t sur les soci&amp;eacute;t&amp;eacute;s\" data-id=\"3199130a-f03c-4947-a407-f4eaac3944e0\" data-original=\"https:\/\/cdn.uc.assets.prezly.com\/3199130a-f03c-4947-a407-f4eaac3944e0\/-\/inline\/no\/tabel+1+FR.JPG\" data-mfp-src=\"https:\/\/cdn.uc.assets.prezly.com\/3199130a-f03c-4947-a407-f4eaac3944e0\/-\/format\/auto\/\" \/><\/p>\n<div class=\"image-thumbnail-rollover__caption\"><\/div>\n<\/div><figcaption class=\"release-content-image__caption\">Exemple de calcul Arval de l&rsquo;influence d&rsquo;une voiture de soci\u00e9t\u00e9 sur l&rsquo;imp\u00f4t sur les soci\u00e9t\u00e9s<\/figcaption><\/figure>\n<p><strong>Une estimation de budget correcte et \u00e0 l\u2019\u00e9preuve du temps<br \/>\n\u200b<\/strong>Lors du calcul du TCO commercial (TCO\u00a03), la d\u00e9duction fiscale est int\u00e9gr\u00e9e \u00e0 titre d\u2019avantage. Bien que ce calcul permette de faire le bon choix lors de la comparaison des v\u00e9hicules entre eux, on sous-estime consid\u00e9rablement le vrai co\u00fbt total du v\u00e9hicule pour l\u2019entreprise, \u00e0 cause de ce TCO commercial. Pour une estimation correcte et fid\u00e8le \u00e0 la r\u00e9alit\u00e9, il faut donc ajouter l\u2019imp\u00f4t sur les soci\u00e9t\u00e9s li\u00e9 aux d\u00e9penses non admises (la partie non d\u00e9ductible) au \u00ab\u2009cash-out TCO\u2009\u00bb (TCO\u00a01).<\/p>\n<blockquote><p><em>\u00ab\u2009En optant pour une approche Full TCO, l\u2019estimation du co\u00fbt total du v\u00e9hicule apr\u00e8s imp\u00f4t est la meilleure qui soit. Par ailleurs, celle-ci peut \u00e9galement \u00eatre utilis\u00e9e pour effectuer une comparaison correcte des frais de voiture et des co\u00fbts salariaux ou pour d\u00e9terminer le budget mobilit\u00e9 f\u00e9d\u00e9ral du collaborateur en question. Quels que soient vos projets futurs, avec l\u2019approche Full TCO, vous \u00eates couvert.\u2009\u00bb<br \/>\n\u200b<\/em>Yves Ceurstemont, Arval Consulting<\/p><\/blockquote>\n<figure class=\"release-content-image release-content-image--contained release-content-image--align-center\" data-component=\"image-zoom-popup\" data-image-zoom-popup-selector=\".release-content-image__image\" data-image-zoom-popup-i18n=\"data:application\/json;base64,eyJEb3dubG9hZCI6IkRvd25sb2FkIn0=\" data-image-zoom-popup-tracking-views-event=\"Story Image View\" data-image-zoom-popup-tracking-download-event=\"Story Image Download\" data-image-zoom-popup-placement=\"content\">\n<div class=\"image-thumbnail-rollover\"><img decoding=\"async\" id=\"image-b7303472-21c8-4522-8a98-3cfeeb622873\" class=\"release-content-image__image image-thumbnail-rollover__image\" src=\"https:\/\/cdn.uc.assets.prezly.com\/b7303472-21c8-4522-8a98-3cfeeb622873\/-\/format\/auto\/\" alt=\"Story image\" data-description=\"\" data-id=\"b7303472-21c8-4522-8a98-3cfeeb622873\" data-original=\"https:\/\/cdn.uc.assets.prezly.com\/b7303472-21c8-4522-8a98-3cfeeb622873\/-\/inline\/no\/tabel+2+FR.JPG\" data-mfp-src=\"https:\/\/cdn.uc.assets.prezly.com\/b7303472-21c8-4522-8a98-3cfeeb622873\/-\/format\/auto\/\" \/><\/p>\n<div class=\"image-thumbnail-rollover__caption\"><\/div>\n<\/div><figcaption class=\"release-content-image__caption\"><\/figcaption><\/figure>\n<p>Ainsi, une Volvo\u00a0XC40 essence qui semble de prime abord meilleur march\u00e9 s\u2019av\u00e8re plus co\u00fbteuse lorsque l\u2019on calcule le full TCO et g\u00e9n\u00e8re plus de d\u00e9penses non admises pour l\u2019entreprise, entrainant aussi une hausse de l\u2019imp\u00f4t sur les soci\u00e9t\u00e9s et une baisse du b\u00e9n\u00e9fice net.<\/p>\n<p><strong>Projections pour l\u2019avenir<br \/>\n\u200b<\/strong>Afin de conseiller correctement ses clients Fleet en mati\u00e8re de politique et de strat\u00e9gie de flotte automobile, Arval Consulting \u00e9labore des projections concernant l\u2019\u00e9volution des TCO des mod\u00e8les de v\u00e9hicules souvent choisis sur le march\u00e9 des voitures de soci\u00e9t\u00e9. Il en ressort que les restrictions fiscales pour les v\u00e9hicules Plug-In Hybrid (PHEV) achet\u00e9s \u00e0 partir de 2023 (diminution de la d\u00e9ductibilit\u00e9 des frais de carburant d\u00e8s le 1\/1\/2023 \u2013 diminution de la d\u00e9ductibilit\u00e9 du v\u00e9hicule d\u00e8s le 1\/7\/2023) n\u2019auront un impact significatif sur le TCO de ces v\u00e9hicules qu\u2019\u00e0 partir de 2025. Et ce d\u2019autant plus pour les v\u00e9hicules thermiques sans possibilit\u00e9 de recharge. Par ailleurs, d\u2019un point de vue fiscal, le calcul de l\u2019avantage de toute nature sur lequel les salari\u00e9s sont impos\u00e9s pourrait aussi r\u00e9server quelques mauvaises surprises.<\/p>\n<blockquote><p><em>\u00ab\u2009Pour les v\u00e9hicules \u00e0 propulsion thermique, \u00e0 savoir ceux \u00e9quip\u00e9s d\u2019un moteur classique, un HEV ou un PHEV, l\u2019avantage de toute nature va consid\u00e9rablement augmenter au cours des prochaines ann\u00e9es. En cause, la baisse spectaculaire de la moyenne des \u00e9missions de CO<\/em><sub><em>2<\/em><\/sub><em> des nouvelles voitures immatricul\u00e9es, qui est int\u00e9gr\u00e9e dans le calcul de l\u2019avantage de toute nature. C\u2019est pourquoi de plus en plus d\u2019entreprises incitent leurs collaborateurs \u00e0 basculer imm\u00e9diatement d\u2019un moteur essence ou diesel \u00e0 un v\u00e9hicule \u00e9lectrique avec batterie (BEV) pour \u00e9viter l\u2019augmentation future de l\u2019ATN.\u2009\u00bb<\/em><br \/>\n\u200bYves Ceurstemont, Arval Consulting<\/p><\/blockquote>\n<p>Outre la complexit\u00e9 fiscale pour l\u2019entreprise et les effets pour le collaborateur, le profil de celui-ci joue \u00e9galement un r\u00f4le important. La possibilit\u00e9 de recharger le v\u00e9hicule \u00e0 domicile ou au bureau, le type de trajets effectu\u00e9s au quotidien, le nombre moyen de kilom\u00e8tres par an, etc. sont autant de param\u00e8tres suppl\u00e9mentaires dont il faut tenir compte. Comme le montrent les comparaisons, le kilom\u00e9trage annuel d\u00e9termine dans chaque segment automobile, voire au sein d\u2019une gamme de mod\u00e8les de la m\u00eame marque, quelle technologie offre le meilleur TCO.<\/p>\n<blockquote><p><em>\u00ab\u2009\u00c0 partir d\u2019un certain kilom\u00e9trage annuel, un PHEV peut paraitre plus avantageux sur papier, compte tenu de la fiscalit\u00e9 actuelle, mais la discipline de recharge du collaborateur va d\u00e9terminer si c\u2019est vraiment le cas dans la r\u00e9alit\u00e9. C\u2019est pourquoi nous conseillons aux entreprises d\u2019\u00eatre tr\u00e8s s\u00e9lectives quant \u00e0 l\u2019inclusion d\u2019un PHEV dans leur flotte automobile. Pour permettre la transition vers les v\u00e9hicules enti\u00e8rement \u00e9lectriques, nous recommandons aux gestionnaires de flotte et aux dirigeants d\u2019entreprise de ne pas se limiter aux marques allemandes habituelles et d\u2019envisager les mod\u00e8les asiatiques. Pour le budget qui leur est allou\u00e9, compte tenu du TCO, les collaborateurs trouvent de plus en plus souvent un v\u00e9hicule \u00e9lectrique de qualit\u00e9, bien \u00e9quip\u00e9, dans ces mod\u00e8les, qui ne g\u00e9n\u00e8rera en outre pas d\u2019avantage de toute nature \u00e9lev\u00e9 au cours des prochaines ann\u00e9es\u2009\u00bb.<br \/>\n\u200b<\/em>Yves Ceurstemont, Arval Consulting<\/p><\/blockquote>\n","protected":false},"excerpt":{"rendered":"<p>Quel co\u00fbt repr\u00e9sentent une ou plusieurs voitures de soci\u00e9t\u00e9 pour une entreprise\u2009? Pour le savoir, les dirigeants d\u2019entreprise et les gestionnaires de flotte recourent d\u00e9sormais de plus en plus au co\u00fbt total de possession ou TCO. Ce co\u00fbt total repr\u00e9sente les frais li\u00e9s \u00e0 l\u2019acquisition et \u00e0 l\u2019utilisation du v\u00e9hicule tout au long de son [&hellip;]<\/p>\n","protected":false},"author":4,"featured_media":8316,"comment_status":"closed","ping_status":"closed","sticky":false,"template":"","format":"standard","meta":{"_acf_changed":false,"footnotes":""},"categories":[94,91],"tags":[],"class_list":["post-8315","post","type-post","status-publish","format-standard","has-post-thumbnail","hentry","category-consultancy-tax-legal","category-expertise-et-management"],"acf":[],"yoast_head":"<!-- This site is optimized with the Yoast SEO plugin v27.3 - https:\/\/yoast.com\/product\/yoast-seo-wordpress\/ -->\n<title>Arval Consulting : \u00ab Les entreprises doivent se m\u00e9fier des TCO d\u2019apparence all\u00e9chante \u00bb - link2fleet<\/title>\n<meta name=\"description\" content=\"Les gestionnaires de flotte et les dirigeants d\u2019entreprise doivent oublier les formules classiques de budget de leasing au profit du TCO ou co\u00fbt total de\u2026\" \/>\n<meta name=\"robots\" content=\"index, follow, max-snippet:-1, max-image-preview:large, max-video-preview:-1\" \/>\n<meta property=\"og:locale\" content=\"fr_FR\" \/>\n<meta property=\"og:type\" content=\"article\" \/>\n<meta property=\"og:title\" content=\"Arval Consulting : \u00ab Les entreprises doivent se m\u00e9fier des TCO d\u2019apparence all\u00e9chante \u00bb - link2fleet\" \/>\n<meta property=\"og:description\" content=\"Les gestionnaires de flotte et les dirigeants d\u2019entreprise doivent oublier les formules classiques de budget de leasing au profit du TCO ou co\u00fbt total de\u2026\" \/>\n<meta property=\"og:url\" content=\"https:\/\/www.link2fleet.com\/fr\/arval-consulting-les-entreprises-doivent-se-mefier-des-tco-dapparence-allechante\/\" \/>\n<meta property=\"og:site_name\" content=\"link2fleet\" \/>\n<meta property=\"article:published_time\" content=\"2022-12-06T08:05:05+00:00\" \/>\n<meta property=\"article:modified_time\" content=\"2024-04-17T14:45:08+00:00\" \/>\n<meta property=\"og:image\" content=\"https:\/\/static.link2fleet.com\/wp-content\/uploads\/2024\/03\/tco-1.jpg\" \/>\n\t<meta property=\"og:image:width\" content=\"1158\" \/>\n\t<meta property=\"og:image:height\" content=\"906\" \/>\n\t<meta property=\"og:image:type\" content=\"image\/jpeg\" \/>\n<meta name=\"author\" content=\"Damien Malvetti\" \/>\n<meta name=\"twitter:card\" content=\"summary_large_image\" \/>\n<meta name=\"twitter:description\" content=\"Les gestionnaires de flotte et les dirigeants d\u2019entreprise doivent oublier les formules classiques de budget de leasing au profit du TCO ou co\u00fbt total de\u2026\" \/>\n<meta name=\"twitter:label1\" content=\"\u00c9crit par\" \/>\n\t<meta name=\"twitter:data1\" content=\"Damien Malvetti\" \/>\n\t<meta name=\"twitter:label2\" content=\"Dur\u00e9e de lecture estim\u00e9e\" \/>\n\t<meta name=\"twitter:data2\" content=\"5 minutes\" \/>\n<script type=\"application\/ld+json\" class=\"yoast-schema-graph\">{\"@context\":\"https:\\\/\\\/schema.org\",\"@graph\":[{\"@type\":\"Article\",\"@id\":\"https:\\\/\\\/www.link2fleet.com\\\/fr\\\/arval-consulting-les-entreprises-doivent-se-mefier-des-tco-dapparence-allechante\\\/#article\",\"isPartOf\":{\"@id\":\"https:\\\/\\\/www.link2fleet.com\\\/fr\\\/arval-consulting-les-entreprises-doivent-se-mefier-des-tco-dapparence-allechante\\\/\"},\"author\":{\"name\":\"Damien Malvetti\",\"@id\":\"https:\\\/\\\/www.link2fleet.com\\\/fr\\\/#\\\/schema\\\/person\\\/027cd46113c78036b3809c9a054049da\"},\"headline\":\"Arval Consulting : \u00ab Les entreprises doivent se m\u00e9fier des TCO d\u2019apparence all\u00e9chante \u00bb\",\"datePublished\":\"2022-12-06T08:05:05+00:00\",\"dateModified\":\"2024-04-17T14:45:08+00:00\",\"mainEntityOfPage\":{\"@id\":\"https:\\\/\\\/www.link2fleet.com\\\/fr\\\/arval-consulting-les-entreprises-doivent-se-mefier-des-tco-dapparence-allechante\\\/\"},\"wordCount\":996,\"publisher\":{\"@id\":\"https:\\\/\\\/www.link2fleet.com\\\/fr\\\/#organization\"},\"image\":{\"@id\":\"https:\\\/\\\/www.link2fleet.com\\\/fr\\\/arval-consulting-les-entreprises-doivent-se-mefier-des-tco-dapparence-allechante\\\/#primaryimage\"},\"thumbnailUrl\":\"https:\\\/\\\/static.link2fleet.com\\\/wp-content\\\/uploads\\\/2024\\\/03\\\/tco-1.jpg\",\"articleSection\":[\"Consultance et fleet management\",\"Gestion de flotte\"],\"inLanguage\":\"fr-FR\"},{\"@type\":\"WebPage\",\"@id\":\"https:\\\/\\\/www.link2fleet.com\\\/fr\\\/arval-consulting-les-entreprises-doivent-se-mefier-des-tco-dapparence-allechante\\\/\",\"url\":\"https:\\\/\\\/www.link2fleet.com\\\/fr\\\/arval-consulting-les-entreprises-doivent-se-mefier-des-tco-dapparence-allechante\\\/\",\"name\":\"Arval Consulting : \u00ab Les entreprises doivent se m\u00e9fier des TCO d\u2019apparence all\u00e9chante \u00bb - link2fleet\",\"isPartOf\":{\"@id\":\"https:\\\/\\\/www.link2fleet.com\\\/fr\\\/#website\"},\"primaryImageOfPage\":{\"@id\":\"https:\\\/\\\/www.link2fleet.com\\\/fr\\\/arval-consulting-les-entreprises-doivent-se-mefier-des-tco-dapparence-allechante\\\/#primaryimage\"},\"image\":{\"@id\":\"https:\\\/\\\/www.link2fleet.com\\\/fr\\\/arval-consulting-les-entreprises-doivent-se-mefier-des-tco-dapparence-allechante\\\/#primaryimage\"},\"thumbnailUrl\":\"https:\\\/\\\/static.link2fleet.com\\\/wp-content\\\/uploads\\\/2024\\\/03\\\/tco-1.jpg\",\"datePublished\":\"2022-12-06T08:05:05+00:00\",\"dateModified\":\"2024-04-17T14:45:08+00:00\",\"breadcrumb\":{\"@id\":\"https:\\\/\\\/www.link2fleet.com\\\/fr\\\/arval-consulting-les-entreprises-doivent-se-mefier-des-tco-dapparence-allechante\\\/#breadcrumb\"},\"inLanguage\":\"fr-FR\",\"potentialAction\":[{\"@type\":\"ReadAction\",\"target\":[\"https:\\\/\\\/www.link2fleet.com\\\/fr\\\/arval-consulting-les-entreprises-doivent-se-mefier-des-tco-dapparence-allechante\\\/\"]}]},{\"@type\":\"ImageObject\",\"inLanguage\":\"fr-FR\",\"@id\":\"https:\\\/\\\/www.link2fleet.com\\\/fr\\\/arval-consulting-les-entreprises-doivent-se-mefier-des-tco-dapparence-allechante\\\/#primaryimage\",\"url\":\"https:\\\/\\\/static.link2fleet.com\\\/wp-content\\\/uploads\\\/2024\\\/03\\\/tco-1.jpg\",\"contentUrl\":\"https:\\\/\\\/static.link2fleet.com\\\/wp-content\\\/uploads\\\/2024\\\/03\\\/tco-1.jpg\",\"width\":1158,\"height\":906},{\"@type\":\"BreadcrumbList\",\"@id\":\"https:\\\/\\\/www.link2fleet.com\\\/fr\\\/arval-consulting-les-entreprises-doivent-se-mefier-des-tco-dapparence-allechante\\\/#breadcrumb\",\"itemListElement\":[{\"@type\":\"ListItem\",\"position\":1,\"name\":\"Home\",\"item\":\"https:\\\/\\\/www.link2fleet.com\\\/fr\\\/\"},{\"@type\":\"ListItem\",\"position\":2,\"name\":\"Arval Consulting : \u00ab Les entreprises doivent se m\u00e9fier des TCO d\u2019apparence all\u00e9chante \u00bb\"}]},{\"@type\":\"WebSite\",\"@id\":\"https:\\\/\\\/www.link2fleet.com\\\/fr\\\/#website\",\"url\":\"https:\\\/\\\/www.link2fleet.com\\\/fr\\\/\",\"name\":\"Link2fleet\",\"description\":\"\",\"publisher\":{\"@id\":\"https:\\\/\\\/www.link2fleet.com\\\/fr\\\/#organization\"},\"potentialAction\":[{\"@type\":\"SearchAction\",\"target\":{\"@type\":\"EntryPoint\",\"urlTemplate\":\"https:\\\/\\\/www.link2fleet.com\\\/fr\\\/?s={search_term_string}\"},\"query-input\":{\"@type\":\"PropertyValueSpecification\",\"valueRequired\":true,\"valueName\":\"search_term_string\"}}],\"inLanguage\":\"fr-FR\"},{\"@type\":\"Organization\",\"@id\":\"https:\\\/\\\/www.link2fleet.com\\\/fr\\\/#organization\",\"name\":\"Link2fleet\",\"url\":\"https:\\\/\\\/www.link2fleet.com\\\/fr\\\/\",\"logo\":{\"@type\":\"ImageObject\",\"inLanguage\":\"fr-FR\",\"@id\":\"https:\\\/\\\/www.link2fleet.com\\\/fr\\\/#\\\/schema\\\/logo\\\/image\\\/\",\"url\":\"https:\\\/\\\/static.link2fleet.com\\\/wp-content\\\/uploads\\\/2024\\\/03\\\/share-image.jpg\",\"contentUrl\":\"https:\\\/\\\/static.link2fleet.com\\\/wp-content\\\/uploads\\\/2024\\\/03\\\/share-image.jpg\",\"width\":1200,\"height\":630,\"caption\":\"Link2fleet\"},\"image\":{\"@id\":\"https:\\\/\\\/www.link2fleet.com\\\/fr\\\/#\\\/schema\\\/logo\\\/image\\\/\"},\"sameAs\":[\"https:\\\/\\\/www.linkedin.com\\\/company\\\/link2fleet-belgium\",\"https:\\\/\\\/www.youtube.com\\\/user\\\/MMMBMBE\"]},{\"@type\":\"Person\",\"@id\":\"https:\\\/\\\/www.link2fleet.com\\\/fr\\\/#\\\/schema\\\/person\\\/027cd46113c78036b3809c9a054049da\",\"name\":\"Damien Malvetti\",\"image\":{\"@type\":\"ImageObject\",\"inLanguage\":\"fr-FR\",\"@id\":\"https:\\\/\\\/secure.gravatar.com\\\/avatar\\\/dd8cc03b49466c735f753ac37f8caa371af16dfed347456ed61f02883255eebb?s=96&d=mm&r=g\",\"url\":\"https:\\\/\\\/secure.gravatar.com\\\/avatar\\\/dd8cc03b49466c735f753ac37f8caa371af16dfed347456ed61f02883255eebb?s=96&d=mm&r=g\",\"contentUrl\":\"https:\\\/\\\/secure.gravatar.com\\\/avatar\\\/dd8cc03b49466c735f753ac37f8caa371af16dfed347456ed61f02883255eebb?s=96&d=mm&r=g\",\"caption\":\"Damien Malvetti\"},\"description\":\"Damien Malvetti is opgeleid als journalist en gepassioneerd door wagens, technologie en mobiliteit. Hij is verantwoordelijk voor de redactionele inhoud van link2fleet en beschikt over een uitgebreide kennis van de fleet-sector en elektrische mobiliteit.\",\"sameAs\":[\"https:\\\/\\\/www.linkedin.com\\\/in\\\/damien-malvetti-56601142\\\/\"]}]}<\/script>\n<!-- \/ Yoast SEO plugin. -->","yoast_head_json":{"title":"Arval Consulting : \u00ab Les entreprises doivent se m\u00e9fier des TCO d\u2019apparence all\u00e9chante \u00bb - link2fleet","description":"Les gestionnaires de flotte et les dirigeants d\u2019entreprise doivent oublier les formules classiques de budget de leasing au profit du TCO ou co\u00fbt total de\u2026","robots":{"index":"index","follow":"follow","max-snippet":"max-snippet:-1","max-image-preview":"max-image-preview:large","max-video-preview":"max-video-preview:-1"},"og_locale":"fr_FR","og_type":"article","og_title":"Arval Consulting : \u00ab Les entreprises doivent se m\u00e9fier des TCO d\u2019apparence all\u00e9chante \u00bb - link2fleet","og_description":"Les gestionnaires de flotte et les dirigeants d\u2019entreprise doivent oublier les formules classiques de budget de leasing au profit du TCO ou co\u00fbt total de\u2026","og_url":"https:\/\/www.link2fleet.com\/fr\/arval-consulting-les-entreprises-doivent-se-mefier-des-tco-dapparence-allechante\/","og_site_name":"link2fleet","article_published_time":"2022-12-06T08:05:05+00:00","article_modified_time":"2024-04-17T14:45:08+00:00","og_image":[{"width":1158,"height":906,"url":"https:\/\/static.link2fleet.com\/wp-content\/uploads\/2024\/03\/tco-1.jpg","type":"image\/jpeg"}],"author":"Damien Malvetti","twitter_card":"summary_large_image","twitter_description":"Les gestionnaires de flotte et les dirigeants d\u2019entreprise doivent oublier les formules classiques de budget de leasing au profit du TCO ou co\u00fbt total de\u2026","twitter_misc":{"\u00c9crit par":"Damien Malvetti","Dur\u00e9e de lecture estim\u00e9e":"5 minutes"},"schema":{"@context":"https:\/\/schema.org","@graph":[{"@type":"Article","@id":"https:\/\/www.link2fleet.com\/fr\/arval-consulting-les-entreprises-doivent-se-mefier-des-tco-dapparence-allechante\/#article","isPartOf":{"@id":"https:\/\/www.link2fleet.com\/fr\/arval-consulting-les-entreprises-doivent-se-mefier-des-tco-dapparence-allechante\/"},"author":{"name":"Damien Malvetti","@id":"https:\/\/www.link2fleet.com\/fr\/#\/schema\/person\/027cd46113c78036b3809c9a054049da"},"headline":"Arval Consulting : \u00ab Les entreprises doivent se m\u00e9fier des TCO d\u2019apparence all\u00e9chante \u00bb","datePublished":"2022-12-06T08:05:05+00:00","dateModified":"2024-04-17T14:45:08+00:00","mainEntityOfPage":{"@id":"https:\/\/www.link2fleet.com\/fr\/arval-consulting-les-entreprises-doivent-se-mefier-des-tco-dapparence-allechante\/"},"wordCount":996,"publisher":{"@id":"https:\/\/www.link2fleet.com\/fr\/#organization"},"image":{"@id":"https:\/\/www.link2fleet.com\/fr\/arval-consulting-les-entreprises-doivent-se-mefier-des-tco-dapparence-allechante\/#primaryimage"},"thumbnailUrl":"https:\/\/static.link2fleet.com\/wp-content\/uploads\/2024\/03\/tco-1.jpg","articleSection":["Consultance et fleet management","Gestion de flotte"],"inLanguage":"fr-FR"},{"@type":"WebPage","@id":"https:\/\/www.link2fleet.com\/fr\/arval-consulting-les-entreprises-doivent-se-mefier-des-tco-dapparence-allechante\/","url":"https:\/\/www.link2fleet.com\/fr\/arval-consulting-les-entreprises-doivent-se-mefier-des-tco-dapparence-allechante\/","name":"Arval Consulting : \u00ab Les entreprises doivent se m\u00e9fier des TCO d\u2019apparence all\u00e9chante \u00bb - link2fleet","isPartOf":{"@id":"https:\/\/www.link2fleet.com\/fr\/#website"},"primaryImageOfPage":{"@id":"https:\/\/www.link2fleet.com\/fr\/arval-consulting-les-entreprises-doivent-se-mefier-des-tco-dapparence-allechante\/#primaryimage"},"image":{"@id":"https:\/\/www.link2fleet.com\/fr\/arval-consulting-les-entreprises-doivent-se-mefier-des-tco-dapparence-allechante\/#primaryimage"},"thumbnailUrl":"https:\/\/static.link2fleet.com\/wp-content\/uploads\/2024\/03\/tco-1.jpg","datePublished":"2022-12-06T08:05:05+00:00","dateModified":"2024-04-17T14:45:08+00:00","breadcrumb":{"@id":"https:\/\/www.link2fleet.com\/fr\/arval-consulting-les-entreprises-doivent-se-mefier-des-tco-dapparence-allechante\/#breadcrumb"},"inLanguage":"fr-FR","potentialAction":[{"@type":"ReadAction","target":["https:\/\/www.link2fleet.com\/fr\/arval-consulting-les-entreprises-doivent-se-mefier-des-tco-dapparence-allechante\/"]}]},{"@type":"ImageObject","inLanguage":"fr-FR","@id":"https:\/\/www.link2fleet.com\/fr\/arval-consulting-les-entreprises-doivent-se-mefier-des-tco-dapparence-allechante\/#primaryimage","url":"https:\/\/static.link2fleet.com\/wp-content\/uploads\/2024\/03\/tco-1.jpg","contentUrl":"https:\/\/static.link2fleet.com\/wp-content\/uploads\/2024\/03\/tco-1.jpg","width":1158,"height":906},{"@type":"BreadcrumbList","@id":"https:\/\/www.link2fleet.com\/fr\/arval-consulting-les-entreprises-doivent-se-mefier-des-tco-dapparence-allechante\/#breadcrumb","itemListElement":[{"@type":"ListItem","position":1,"name":"Home","item":"https:\/\/www.link2fleet.com\/fr\/"},{"@type":"ListItem","position":2,"name":"Arval Consulting : \u00ab Les entreprises doivent se m\u00e9fier des TCO d\u2019apparence all\u00e9chante \u00bb"}]},{"@type":"WebSite","@id":"https:\/\/www.link2fleet.com\/fr\/#website","url":"https:\/\/www.link2fleet.com\/fr\/","name":"Link2fleet","description":"","publisher":{"@id":"https:\/\/www.link2fleet.com\/fr\/#organization"},"potentialAction":[{"@type":"SearchAction","target":{"@type":"EntryPoint","urlTemplate":"https:\/\/www.link2fleet.com\/fr\/?s={search_term_string}"},"query-input":{"@type":"PropertyValueSpecification","valueRequired":true,"valueName":"search_term_string"}}],"inLanguage":"fr-FR"},{"@type":"Organization","@id":"https:\/\/www.link2fleet.com\/fr\/#organization","name":"Link2fleet","url":"https:\/\/www.link2fleet.com\/fr\/","logo":{"@type":"ImageObject","inLanguage":"fr-FR","@id":"https:\/\/www.link2fleet.com\/fr\/#\/schema\/logo\/image\/","url":"https:\/\/static.link2fleet.com\/wp-content\/uploads\/2024\/03\/share-image.jpg","contentUrl":"https:\/\/static.link2fleet.com\/wp-content\/uploads\/2024\/03\/share-image.jpg","width":1200,"height":630,"caption":"Link2fleet"},"image":{"@id":"https:\/\/www.link2fleet.com\/fr\/#\/schema\/logo\/image\/"},"sameAs":["https:\/\/www.linkedin.com\/company\/link2fleet-belgium","https:\/\/www.youtube.com\/user\/MMMBMBE"]},{"@type":"Person","@id":"https:\/\/www.link2fleet.com\/fr\/#\/schema\/person\/027cd46113c78036b3809c9a054049da","name":"Damien Malvetti","image":{"@type":"ImageObject","inLanguage":"fr-FR","@id":"https:\/\/secure.gravatar.com\/avatar\/dd8cc03b49466c735f753ac37f8caa371af16dfed347456ed61f02883255eebb?s=96&d=mm&r=g","url":"https:\/\/secure.gravatar.com\/avatar\/dd8cc03b49466c735f753ac37f8caa371af16dfed347456ed61f02883255eebb?s=96&d=mm&r=g","contentUrl":"https:\/\/secure.gravatar.com\/avatar\/dd8cc03b49466c735f753ac37f8caa371af16dfed347456ed61f02883255eebb?s=96&d=mm&r=g","caption":"Damien Malvetti"},"description":"Damien Malvetti is opgeleid als journalist en gepassioneerd door wagens, technologie en mobiliteit. Hij is verantwoordelijk voor de redactionele inhoud van link2fleet en beschikt over een uitgebreide kennis van de fleet-sector en elektrische mobiliteit.","sameAs":["https:\/\/www.linkedin.com\/in\/damien-malvetti-56601142\/"]}]}},"_links":{"self":[{"href":"https:\/\/www.link2fleet.com\/fr\/wp-json\/wp\/v2\/posts\/8315","targetHints":{"allow":["GET"]}}],"collection":[{"href":"https:\/\/www.link2fleet.com\/fr\/wp-json\/wp\/v2\/posts"}],"about":[{"href":"https:\/\/www.link2fleet.com\/fr\/wp-json\/wp\/v2\/types\/post"}],"author":[{"embeddable":true,"href":"https:\/\/www.link2fleet.com\/fr\/wp-json\/wp\/v2\/users\/4"}],"replies":[{"embeddable":true,"href":"https:\/\/www.link2fleet.com\/fr\/wp-json\/wp\/v2\/comments?post=8315"}],"version-history":[{"count":0,"href":"https:\/\/www.link2fleet.com\/fr\/wp-json\/wp\/v2\/posts\/8315\/revisions"}],"wp:featuredmedia":[{"embeddable":true,"href":"https:\/\/www.link2fleet.com\/fr\/wp-json\/wp\/v2\/media\/8316"}],"wp:attachment":[{"href":"https:\/\/www.link2fleet.com\/fr\/wp-json\/wp\/v2\/media?parent=8315"}],"wp:term":[{"taxonomy":"category","embeddable":true,"href":"https:\/\/www.link2fleet.com\/fr\/wp-json\/wp\/v2\/categories?post=8315"},{"taxonomy":"post_tag","embeddable":true,"href":"https:\/\/www.link2fleet.com\/fr\/wp-json\/wp\/v2\/tags?post=8315"}],"curies":[{"name":"wp","href":"https:\/\/api.w.org\/{rel}","templated":true}]}}