{"id":8353,"date":"2022-12-09T16:35:09","date_gmt":"2022-12-09T15:35:09","guid":{"rendered":"https:\/\/www.link2fleet.com\/polestar-leasing-sengage-pour-les-clients-professionnels\/"},"modified":"2024-04-17T16:45:06","modified_gmt":"2024-04-17T14:45:06","slug":"polestar-leasing-sengage-pour-les-clients-professionnels","status":"publish","type":"post","link":"https:\/\/www.link2fleet.com\/fr\/polestar-leasing-sengage-pour-les-clients-professionnels\/","title":{"rendered":"Polestar Leasing s\u2019engage pour les clients professionnels"},"content":{"rendered":"<p>Avec son design \u00e9pur\u00e9 et sa conduite sereine, la Polestar 2 est le choix des professionnels qui ne veulent pas faire de compromis. Et Polestar va encore plus loin, avec un leasing qui vous soulage du d\u00e9but \u00e0 la fin. Ainsi, vous aurez l\u2019esprit tranquille au volant et plus de temps dans votre agenda. Polestar Leasing s\u2019engage pour vous. Afin que vous puissiez vous concentrer sur votre travail.<\/p>\n<p><img loading=\"lazy\" decoding=\"async\" class=\"aligncenter wp-image-1287671 size-full\" src=\"https:\/\/www.link2fleet.com\/wp-content\/uploads\/2022\/12\/9795-Polestar-Leasing_580X250_Admail-visual-\u2013-type-2.jpg\" alt=\"\" width=\"580\" height=\"250\" \/><\/p>\n<p><strong>Pas de tracas administratifs.<\/strong><\/p>\n<p>Prendre une Polestar 2 en leasing est aussi facile que de la configurer. Vous surfez sur notre site web, vous faites vos choix et un interlocuteur d\u00e9di\u00e9 s\u2019occupe de tout pour vous. Vous ne devez pas perdre de temps avec une administration compliqu\u00e9e. Vous savez o\u00f9 vous en \u00eates \u00e0 tout moment \u2013 pour un prix mensuel fixe (sans acompte), tous les services sont inclus. De la taxe de circulation aux frais d\u2019immatriculation, des assurances aux entretiens, des pneus \u00e0 Polestar Assistance. Vous gardez ainsi le contr\u00f4le total de votre budget.<\/p>\n<p><strong>Pas de souci de revente.<\/strong><\/p>\n<p>Vous d\u00e9cidez vous-m\u00eame du kilom\u00e9trage et de la dur\u00e9e du leasing de votre Polestar 2. Votre contrat de leasing arrive \u00e0 son terme ? Il vous suffit de rendre la voiture \u00e0 Polestar. Et donc, pas de probl\u00e8me pour la revente. C\u2019est ainsi que Polestar rend une voiture \u00e9lectrique encore plus attrayante pour les clients professionnels.<\/p>\n<p><a href=\"https:\/\/ad.doubleclick.net\/ddm\/clk\/546399679;355527553;h\"><strong>Int\u00e9ress\u00e9 ? Configurez maintenant votre Polestar 2 et calculez votre prix mensuel.<\/strong><\/a><\/p>\n<p>&nbsp;<\/p>\n","protected":false},"excerpt":{"rendered":"<p>Avec son design \u00e9pur\u00e9 et sa conduite sereine, la Polestar 2 est le choix des professionnels qui ne veulent pas faire de compromis. Et Polestar va encore plus loin, avec un leasing qui vous soulage du d\u00e9but \u00e0 la fin. Ainsi, vous aurez l\u2019esprit tranquille au volant et plus de temps dans votre agenda. Polestar [&hellip;]<\/p>\n","protected":false},"author":43,"featured_media":8354,"comment_status":"closed","ping_status":"closed","sticky":false,"template":"","format":"standard","meta":{"_acf_changed":false,"footnotes":""},"categories":[91,79],"tags":[],"class_list":["post-8353","post","type-post","status-publish","format-standard","has-post-thumbnail","hentry","category-expertise-et-management","category-societes-de-leasing"],"acf":[],"yoast_head":"<!-- This site is optimized with the Yoast SEO plugin v27.3 - https:\/\/yoast.com\/product\/yoast-seo-wordpress\/ -->\n<title>Polestar Leasing s\u2019engage pour les clients professionnels - link2fleet<\/title>\n<meta name=\"description\" content=\"De plus en plus de clients professionnels veulent rouler \u00e0 l\u2019\u00e9lectricit\u00e9. Ils connaissent les avantages et ne veulent pas attendre plus longtemps. Polestar leur simplifie\u2026\" \/>\n<meta name=\"robots\" content=\"index, follow, max-snippet:-1, max-image-preview:large, max-video-preview:-1\" \/>\n<meta property=\"og:locale\" content=\"fr_FR\" \/>\n<meta property=\"og:type\" content=\"article\" \/>\n<meta property=\"og:title\" content=\"Polestar Leasing s\u2019engage pour les clients professionnels - link2fleet\" \/>\n<meta property=\"og:description\" content=\"De plus en plus de clients professionnels veulent rouler \u00e0 l\u2019\u00e9lectricit\u00e9. Ils connaissent les avantages et ne veulent pas attendre plus longtemps. Polestar leur simplifie\u2026\" \/>\n<meta property=\"og:url\" content=\"https:\/\/www.link2fleet.com\/fr\/polestar-leasing-sengage-pour-les-clients-professionnels\/\" \/>\n<meta property=\"og:site_name\" content=\"link2fleet\" \/>\n<meta property=\"article:published_time\" content=\"2022-12-09T15:35:09+00:00\" \/>\n<meta property=\"article:modified_time\" content=\"2024-04-17T14:45:06+00:00\" \/>\n<meta property=\"og:image\" content=\"https:\/\/static.link2fleet.com\/wp-content\/uploads\/2024\/03\/9795-polestar-leasing-580x250-admail-visual-type-22.jpg\" \/>\n\t<meta property=\"og:image:width\" content=\"580\" \/>\n\t<meta property=\"og:image:height\" content=\"250\" \/>\n\t<meta property=\"og:image:type\" content=\"image\/jpeg\" \/>\n<meta name=\"author\" content=\"Jeroen Evens\" \/>\n<meta name=\"twitter:card\" content=\"summary_large_image\" \/>\n<meta name=\"twitter:description\" content=\"De plus en plus de clients professionnels veulent rouler \u00e0 l\u2019\u00e9lectricit\u00e9. Ils connaissent les avantages et ne veulent pas attendre plus longtemps. Polestar leur simplifie\u2026\" \/>\n<meta name=\"twitter:label1\" content=\"\u00c9crit par\" \/>\n\t<meta name=\"twitter:data1\" content=\"Jeroen Evens\" \/>\n\t<meta name=\"twitter:label2\" content=\"Dur\u00e9e de lecture estim\u00e9e\" \/>\n\t<meta name=\"twitter:data2\" content=\"1 minute\" \/>\n<script type=\"application\/ld+json\" class=\"yoast-schema-graph\">{\"@context\":\"https:\\\/\\\/schema.org\",\"@graph\":[{\"@type\":\"Article\",\"@id\":\"https:\\\/\\\/www.link2fleet.com\\\/fr\\\/polestar-leasing-sengage-pour-les-clients-professionnels\\\/#article\",\"isPartOf\":{\"@id\":\"https:\\\/\\\/www.link2fleet.com\\\/fr\\\/polestar-leasing-sengage-pour-les-clients-professionnels\\\/\"},\"author\":{\"name\":\"Jeroen Evens\",\"@id\":\"https:\\\/\\\/www.link2fleet.com\\\/fr\\\/#\\\/schema\\\/person\\\/3f23fa5cf039e25761156c930f6bf38f\"},\"headline\":\"Polestar Leasing s\u2019engage pour les clients professionnels\",\"datePublished\":\"2022-12-09T15:35:09+00:00\",\"dateModified\":\"2024-04-17T14:45:06+00:00\",\"mainEntityOfPage\":{\"@id\":\"https:\\\/\\\/www.link2fleet.com\\\/fr\\\/polestar-leasing-sengage-pour-les-clients-professionnels\\\/\"},\"wordCount\":248,\"publisher\":{\"@id\":\"https:\\\/\\\/www.link2fleet.com\\\/fr\\\/#organization\"},\"image\":{\"@id\":\"https:\\\/\\\/www.link2fleet.com\\\/fr\\\/polestar-leasing-sengage-pour-les-clients-professionnels\\\/#primaryimage\"},\"thumbnailUrl\":\"https:\\\/\\\/static.link2fleet.com\\\/wp-content\\\/uploads\\\/2024\\\/03\\\/9795-polestar-leasing-580x250-admail-visual-type-22.jpg\",\"articleSection\":[\"Gestion de flotte\",\"Location long-terme\"],\"inLanguage\":\"fr-FR\"},{\"@type\":\"WebPage\",\"@id\":\"https:\\\/\\\/www.link2fleet.com\\\/fr\\\/polestar-leasing-sengage-pour-les-clients-professionnels\\\/\",\"url\":\"https:\\\/\\\/www.link2fleet.com\\\/fr\\\/polestar-leasing-sengage-pour-les-clients-professionnels\\\/\",\"name\":\"Polestar Leasing s\u2019engage pour les clients professionnels - link2fleet\",\"isPartOf\":{\"@id\":\"https:\\\/\\\/www.link2fleet.com\\\/fr\\\/#website\"},\"primaryImageOfPage\":{\"@id\":\"https:\\\/\\\/www.link2fleet.com\\\/fr\\\/polestar-leasing-sengage-pour-les-clients-professionnels\\\/#primaryimage\"},\"image\":{\"@id\":\"https:\\\/\\\/www.link2fleet.com\\\/fr\\\/polestar-leasing-sengage-pour-les-clients-professionnels\\\/#primaryimage\"},\"thumbnailUrl\":\"https:\\\/\\\/static.link2fleet.com\\\/wp-content\\\/uploads\\\/2024\\\/03\\\/9795-polestar-leasing-580x250-admail-visual-type-22.jpg\",\"datePublished\":\"2022-12-09T15:35:09+00:00\",\"dateModified\":\"2024-04-17T14:45:06+00:00\",\"breadcrumb\":{\"@id\":\"https:\\\/\\\/www.link2fleet.com\\\/fr\\\/polestar-leasing-sengage-pour-les-clients-professionnels\\\/#breadcrumb\"},\"inLanguage\":\"fr-FR\",\"potentialAction\":[{\"@type\":\"ReadAction\",\"target\":[\"https:\\\/\\\/www.link2fleet.com\\\/fr\\\/polestar-leasing-sengage-pour-les-clients-professionnels\\\/\"]}]},{\"@type\":\"ImageObject\",\"inLanguage\":\"fr-FR\",\"@id\":\"https:\\\/\\\/www.link2fleet.com\\\/fr\\\/polestar-leasing-sengage-pour-les-clients-professionnels\\\/#primaryimage\",\"url\":\"https:\\\/\\\/static.link2fleet.com\\\/wp-content\\\/uploads\\\/2024\\\/03\\\/9795-polestar-leasing-580x250-admail-visual-type-22.jpg\",\"contentUrl\":\"https:\\\/\\\/static.link2fleet.com\\\/wp-content\\\/uploads\\\/2024\\\/03\\\/9795-polestar-leasing-580x250-admail-visual-type-22.jpg\",\"width\":580,\"height\":250,\"caption\":\"|\"},{\"@type\":\"BreadcrumbList\",\"@id\":\"https:\\\/\\\/www.link2fleet.com\\\/fr\\\/polestar-leasing-sengage-pour-les-clients-professionnels\\\/#breadcrumb\",\"itemListElement\":[{\"@type\":\"ListItem\",\"position\":1,\"name\":\"Home\",\"item\":\"https:\\\/\\\/www.link2fleet.com\\\/fr\\\/\"},{\"@type\":\"ListItem\",\"position\":2,\"name\":\"Polestar Leasing s\u2019engage pour les clients professionnels\"}]},{\"@type\":\"WebSite\",\"@id\":\"https:\\\/\\\/www.link2fleet.com\\\/fr\\\/#website\",\"url\":\"https:\\\/\\\/www.link2fleet.com\\\/fr\\\/\",\"name\":\"Link2fleet\",\"description\":\"\",\"publisher\":{\"@id\":\"https:\\\/\\\/www.link2fleet.com\\\/fr\\\/#organization\"},\"potentialAction\":[{\"@type\":\"SearchAction\",\"target\":{\"@type\":\"EntryPoint\",\"urlTemplate\":\"https:\\\/\\\/www.link2fleet.com\\\/fr\\\/?s={search_term_string}\"},\"query-input\":{\"@type\":\"PropertyValueSpecification\",\"valueRequired\":true,\"valueName\":\"search_term_string\"}}],\"inLanguage\":\"fr-FR\"},{\"@type\":\"Organization\",\"@id\":\"https:\\\/\\\/www.link2fleet.com\\\/fr\\\/#organization\",\"name\":\"Link2fleet\",\"url\":\"https:\\\/\\\/www.link2fleet.com\\\/fr\\\/\",\"logo\":{\"@type\":\"ImageObject\",\"inLanguage\":\"fr-FR\",\"@id\":\"https:\\\/\\\/www.link2fleet.com\\\/fr\\\/#\\\/schema\\\/logo\\\/image\\\/\",\"url\":\"https:\\\/\\\/static.link2fleet.com\\\/wp-content\\\/uploads\\\/2024\\\/03\\\/share-image.jpg\",\"contentUrl\":\"https:\\\/\\\/static.link2fleet.com\\\/wp-content\\\/uploads\\\/2024\\\/03\\\/share-image.jpg\",\"width\":1200,\"height\":630,\"caption\":\"Link2fleet\"},\"image\":{\"@id\":\"https:\\\/\\\/www.link2fleet.com\\\/fr\\\/#\\\/schema\\\/logo\\\/image\\\/\"},\"sameAs\":[\"https:\\\/\\\/www.linkedin.com\\\/company\\\/link2fleet-belgium\",\"https:\\\/\\\/www.youtube.com\\\/user\\\/MMMBMBE\"]},{\"@type\":\"Person\",\"@id\":\"https:\\\/\\\/www.link2fleet.com\\\/fr\\\/#\\\/schema\\\/person\\\/3f23fa5cf039e25761156c930f6bf38f\",\"name\":\"Jeroen Evens\",\"image\":{\"@type\":\"ImageObject\",\"inLanguage\":\"fr-FR\",\"@id\":\"https:\\\/\\\/secure.gravatar.com\\\/avatar\\\/6e059523a84fbec54e5ec5d0f3fb4322b7b077be22b323085f823d1d7f00f32e?s=96&d=mm&r=g\",\"url\":\"https:\\\/\\\/secure.gravatar.com\\\/avatar\\\/6e059523a84fbec54e5ec5d0f3fb4322b7b077be22b323085f823d1d7f00f32e?s=96&d=mm&r=g\",\"contentUrl\":\"https:\\\/\\\/secure.gravatar.com\\\/avatar\\\/6e059523a84fbec54e5ec5d0f3fb4322b7b077be22b323085f823d1d7f00f32e?s=96&d=mm&r=g\",\"caption\":\"Jeroen Evens\"},\"description\":\"Jeroen Evens is opgeleid in de Communicatiewetenschappen (KULeuven) en is een enthousiaste volger van alles wat met mobiliteit en bedrijfswagens te maken heeft. Als freelance journalist gespecialiseerd in de fleetsector houdt hij al drie jaar lang de vinger aan de pols van de laatste ontwikkelingen in onze sector.\"}]}<\/script>\n<!-- \/ Yoast SEO plugin. -->","yoast_head_json":{"title":"Polestar Leasing s\u2019engage pour les clients professionnels - link2fleet","description":"De plus en plus de clients professionnels veulent rouler \u00e0 l\u2019\u00e9lectricit\u00e9. Ils connaissent les avantages et ne veulent pas attendre plus longtemps. Polestar leur simplifie\u2026","robots":{"index":"index","follow":"follow","max-snippet":"max-snippet:-1","max-image-preview":"max-image-preview:large","max-video-preview":"max-video-preview:-1"},"og_locale":"fr_FR","og_type":"article","og_title":"Polestar Leasing s\u2019engage pour les clients professionnels - link2fleet","og_description":"De plus en plus de clients professionnels veulent rouler \u00e0 l\u2019\u00e9lectricit\u00e9. Ils connaissent les avantages et ne veulent pas attendre plus longtemps. Polestar leur simplifie\u2026","og_url":"https:\/\/www.link2fleet.com\/fr\/polestar-leasing-sengage-pour-les-clients-professionnels\/","og_site_name":"link2fleet","article_published_time":"2022-12-09T15:35:09+00:00","article_modified_time":"2024-04-17T14:45:06+00:00","og_image":[{"width":580,"height":250,"url":"https:\/\/static.link2fleet.com\/wp-content\/uploads\/2024\/03\/9795-polestar-leasing-580x250-admail-visual-type-22.jpg","type":"image\/jpeg"}],"author":"Jeroen Evens","twitter_card":"summary_large_image","twitter_description":"De plus en plus de clients professionnels veulent rouler \u00e0 l\u2019\u00e9lectricit\u00e9. Ils connaissent les avantages et ne veulent pas attendre plus longtemps. Polestar leur simplifie\u2026","twitter_misc":{"\u00c9crit par":"Jeroen Evens","Dur\u00e9e de lecture estim\u00e9e":"1 minute"},"schema":{"@context":"https:\/\/schema.org","@graph":[{"@type":"Article","@id":"https:\/\/www.link2fleet.com\/fr\/polestar-leasing-sengage-pour-les-clients-professionnels\/#article","isPartOf":{"@id":"https:\/\/www.link2fleet.com\/fr\/polestar-leasing-sengage-pour-les-clients-professionnels\/"},"author":{"name":"Jeroen Evens","@id":"https:\/\/www.link2fleet.com\/fr\/#\/schema\/person\/3f23fa5cf039e25761156c930f6bf38f"},"headline":"Polestar Leasing s\u2019engage pour les clients professionnels","datePublished":"2022-12-09T15:35:09+00:00","dateModified":"2024-04-17T14:45:06+00:00","mainEntityOfPage":{"@id":"https:\/\/www.link2fleet.com\/fr\/polestar-leasing-sengage-pour-les-clients-professionnels\/"},"wordCount":248,"publisher":{"@id":"https:\/\/www.link2fleet.com\/fr\/#organization"},"image":{"@id":"https:\/\/www.link2fleet.com\/fr\/polestar-leasing-sengage-pour-les-clients-professionnels\/#primaryimage"},"thumbnailUrl":"https:\/\/static.link2fleet.com\/wp-content\/uploads\/2024\/03\/9795-polestar-leasing-580x250-admail-visual-type-22.jpg","articleSection":["Gestion de flotte","Location long-terme"],"inLanguage":"fr-FR"},{"@type":"WebPage","@id":"https:\/\/www.link2fleet.com\/fr\/polestar-leasing-sengage-pour-les-clients-professionnels\/","url":"https:\/\/www.link2fleet.com\/fr\/polestar-leasing-sengage-pour-les-clients-professionnels\/","name":"Polestar Leasing s\u2019engage pour les clients professionnels - link2fleet","isPartOf":{"@id":"https:\/\/www.link2fleet.com\/fr\/#website"},"primaryImageOfPage":{"@id":"https:\/\/www.link2fleet.com\/fr\/polestar-leasing-sengage-pour-les-clients-professionnels\/#primaryimage"},"image":{"@id":"https:\/\/www.link2fleet.com\/fr\/polestar-leasing-sengage-pour-les-clients-professionnels\/#primaryimage"},"thumbnailUrl":"https:\/\/static.link2fleet.com\/wp-content\/uploads\/2024\/03\/9795-polestar-leasing-580x250-admail-visual-type-22.jpg","datePublished":"2022-12-09T15:35:09+00:00","dateModified":"2024-04-17T14:45:06+00:00","breadcrumb":{"@id":"https:\/\/www.link2fleet.com\/fr\/polestar-leasing-sengage-pour-les-clients-professionnels\/#breadcrumb"},"inLanguage":"fr-FR","potentialAction":[{"@type":"ReadAction","target":["https:\/\/www.link2fleet.com\/fr\/polestar-leasing-sengage-pour-les-clients-professionnels\/"]}]},{"@type":"ImageObject","inLanguage":"fr-FR","@id":"https:\/\/www.link2fleet.com\/fr\/polestar-leasing-sengage-pour-les-clients-professionnels\/#primaryimage","url":"https:\/\/static.link2fleet.com\/wp-content\/uploads\/2024\/03\/9795-polestar-leasing-580x250-admail-visual-type-22.jpg","contentUrl":"https:\/\/static.link2fleet.com\/wp-content\/uploads\/2024\/03\/9795-polestar-leasing-580x250-admail-visual-type-22.jpg","width":580,"height":250,"caption":"|"},{"@type":"BreadcrumbList","@id":"https:\/\/www.link2fleet.com\/fr\/polestar-leasing-sengage-pour-les-clients-professionnels\/#breadcrumb","itemListElement":[{"@type":"ListItem","position":1,"name":"Home","item":"https:\/\/www.link2fleet.com\/fr\/"},{"@type":"ListItem","position":2,"name":"Polestar Leasing s\u2019engage pour les clients professionnels"}]},{"@type":"WebSite","@id":"https:\/\/www.link2fleet.com\/fr\/#website","url":"https:\/\/www.link2fleet.com\/fr\/","name":"Link2fleet","description":"","publisher":{"@id":"https:\/\/www.link2fleet.com\/fr\/#organization"},"potentialAction":[{"@type":"SearchAction","target":{"@type":"EntryPoint","urlTemplate":"https:\/\/www.link2fleet.com\/fr\/?s={search_term_string}"},"query-input":{"@type":"PropertyValueSpecification","valueRequired":true,"valueName":"search_term_string"}}],"inLanguage":"fr-FR"},{"@type":"Organization","@id":"https:\/\/www.link2fleet.com\/fr\/#organization","name":"Link2fleet","url":"https:\/\/www.link2fleet.com\/fr\/","logo":{"@type":"ImageObject","inLanguage":"fr-FR","@id":"https:\/\/www.link2fleet.com\/fr\/#\/schema\/logo\/image\/","url":"https:\/\/static.link2fleet.com\/wp-content\/uploads\/2024\/03\/share-image.jpg","contentUrl":"https:\/\/static.link2fleet.com\/wp-content\/uploads\/2024\/03\/share-image.jpg","width":1200,"height":630,"caption":"Link2fleet"},"image":{"@id":"https:\/\/www.link2fleet.com\/fr\/#\/schema\/logo\/image\/"},"sameAs":["https:\/\/www.linkedin.com\/company\/link2fleet-belgium","https:\/\/www.youtube.com\/user\/MMMBMBE"]},{"@type":"Person","@id":"https:\/\/www.link2fleet.com\/fr\/#\/schema\/person\/3f23fa5cf039e25761156c930f6bf38f","name":"Jeroen Evens","image":{"@type":"ImageObject","inLanguage":"fr-FR","@id":"https:\/\/secure.gravatar.com\/avatar\/6e059523a84fbec54e5ec5d0f3fb4322b7b077be22b323085f823d1d7f00f32e?s=96&d=mm&r=g","url":"https:\/\/secure.gravatar.com\/avatar\/6e059523a84fbec54e5ec5d0f3fb4322b7b077be22b323085f823d1d7f00f32e?s=96&d=mm&r=g","contentUrl":"https:\/\/secure.gravatar.com\/avatar\/6e059523a84fbec54e5ec5d0f3fb4322b7b077be22b323085f823d1d7f00f32e?s=96&d=mm&r=g","caption":"Jeroen Evens"},"description":"Jeroen Evens is opgeleid in de Communicatiewetenschappen (KULeuven) en is een enthousiaste volger van alles wat met mobiliteit en bedrijfswagens te maken heeft. Als freelance journalist gespecialiseerd in de fleetsector houdt hij al drie jaar lang de vinger aan de pols van de laatste ontwikkelingen in onze sector."}]}},"_links":{"self":[{"href":"https:\/\/www.link2fleet.com\/fr\/wp-json\/wp\/v2\/posts\/8353","targetHints":{"allow":["GET"]}}],"collection":[{"href":"https:\/\/www.link2fleet.com\/fr\/wp-json\/wp\/v2\/posts"}],"about":[{"href":"https:\/\/www.link2fleet.com\/fr\/wp-json\/wp\/v2\/types\/post"}],"author":[{"embeddable":true,"href":"https:\/\/www.link2fleet.com\/fr\/wp-json\/wp\/v2\/users\/43"}],"replies":[{"embeddable":true,"href":"https:\/\/www.link2fleet.com\/fr\/wp-json\/wp\/v2\/comments?post=8353"}],"version-history":[{"count":0,"href":"https:\/\/www.link2fleet.com\/fr\/wp-json\/wp\/v2\/posts\/8353\/revisions"}],"wp:featuredmedia":[{"embeddable":true,"href":"https:\/\/www.link2fleet.com\/fr\/wp-json\/wp\/v2\/media\/8354"}],"wp:attachment":[{"href":"https:\/\/www.link2fleet.com\/fr\/wp-json\/wp\/v2\/media?parent=8353"}],"wp:term":[{"taxonomy":"category","embeddable":true,"href":"https:\/\/www.link2fleet.com\/fr\/wp-json\/wp\/v2\/categories?post=8353"},{"taxonomy":"post_tag","embeddable":true,"href":"https:\/\/www.link2fleet.com\/fr\/wp-json\/wp\/v2\/tags?post=8353"}],"curies":[{"name":"wp","href":"https:\/\/api.w.org\/{rel}","templated":true}]}}