{"id":8367,"date":"2022-12-14T10:20:56","date_gmt":"2022-12-14T09:20:56","guid":{"rendered":"https:\/\/www.link2fleet.com\/des-conseils-pour-vous-rendre-en-voiture-electrique-dans-votre-station-de-ski-preferee\/"},"modified":"2024-04-17T16:45:05","modified_gmt":"2024-04-17T14:45:05","slug":"des-conseils-pour-vous-rendre-en-voiture-electrique-dans-votre-station-de-ski-preferee","status":"publish","type":"post","link":"https:\/\/www.link2fleet.com\/fr\/des-conseils-pour-vous-rendre-en-voiture-electrique-dans-votre-station-de-ski-preferee\/","title":{"rendered":"Des conseils pour vous rendre en voiture \u00e9l\u00e9ctrique dans votre station de ski pr\u00e9f\u00e9r\u00e9e"},"content":{"rendered":"<p>Il est \u00e9videmment important de toujours bien se pr\u00e9parer avant de partir, que ce soit pour se d\u00e9placer sur nos routes ou pour aller prochainement \u00e0 la montagne en voiture \u00e9lectrique. Arval Belgique, soci\u00e9t\u00e9 sp\u00e9cialis\u00e9e dans les solutions de mobilit\u00e9, vous donne quelques conseils pour vous rendre en toute s\u00e9curit\u00e9 et avec une autonomie maximale dans votre station de ski pr\u00e9f\u00e9r\u00e9e\u00a0:<\/p>\n<p class=\"spacer\">\n<p><strong>1. \u00c9vitez le gel du c\u00e2ble de recharge<\/strong><\/p>\n<p>Tout commence par le c\u00e2ble de recharge. Sans lui, vous n\u2019irez pas tr\u00e8s loin. En rechargeant votre v\u00e9hicule \u00e0 l\u2019int\u00e9rieur, vous \u00e9viterez le risque de gel. Mais en route vers votre station de ski ou sur place, vous n\u2019aurez pas toujours la possibilit\u00e9 de recharger votre voiture \u00e0 l\u2019int\u00e9rieur. C\u2019est pourquoi nous vous conseillons de bien veiller \u00e0 ce que la prise de la voiture reste bien au sec. Si celle-ci est quand m\u00eame humide et qu\u2019elle g\u00e8le, utilisez le vieux truc de la bouillotte ou du coussin \u00e0 noyaux de cerises pour la d\u00e9geler. Ne versez surtout pas d\u2019eau (chaude) sur celle-ci\u2009!<\/p>\n<p class=\"spacer\">\n<p><strong>2. Chauffez votre voiture pendant qu\u2019elle charge<\/strong><\/p>\n<p>Vous ne le saviez peut-\u00eatre pas, mais les temp\u00e9ratures glaciales influencent non seulement l\u2019autonomie d\u2019une voiture \u00e9lectrique, mais \u00e9galement sa recharge. Recharger un v\u00e9hicule froid demande beaucoup plus d\u2019\u00e9nergie qu\u2019un v\u00e9hicule chaud. Donc, si possible, chauffez votre v\u00e9hicule pendant que la batterie se recharge.<\/p>\n<p class=\"spacer\">\n<p><strong>3. R\u00e9glez la temp\u00e9rature int\u00e9rieure de votre voiture<\/strong><\/p>\n<p>Nous le savons tous\u00a0: rien de plus agr\u00e9able qu\u2019une voiture bien chaude. Dans ce domaine, nous sommes m\u00eame g\u00e2t\u00e9s avec tous les nouveaux gadgets comme le volant et\/ou les si\u00e8ges chauffants. Si vous les activez, le syst\u00e8me de chauffage va alors utiliser 10 \u00e0 30\u00a0fois plus d\u2019\u00e9lectricit\u00e9. Mieux vaut donc les d\u00e9sactiver pour \u00e9conomiser de l\u2019\u00e9lectricit\u00e9. Prenez aussi l\u2019habitude de laisser votre veste et votre \u00e9charpe quand vous conduisez pour pouvoir opter pour le r\u00e9glage le moins \u00e9nergivore des si\u00e8ges chauffants et, si vous en avez un, du volant chauffant.<\/p>\n<p class=\"spacer\">\n<p><strong>4. Emportez toujours un c\u00e2ble de recharge<\/strong><\/p>\n<p>Laisser le c\u00e2ble de recharge dans le coffre de sa voiture devrait aller de soi, mais nous devons tous encore nous habituer \u00e0 ce nouveau type de conduite (\u00e9lectrique). Au moment du dernier contr\u00f4le des bagages, assurez-vous que personne n\u2019a retir\u00e9 le c\u00e2ble de recharge du coffre.<\/p>\n<p class=\"spacer\">\n<p><strong>5. Optez pour des pneus hiver<\/strong><\/p>\n<p>Dans de nombreux pays de sports d\u2019hiver ou que nous traversons pour aller skier, les pneus hiver sont obligatoires. Nous vous les recommandons aussi tr\u00e8s vivement. Saviez-vous d\u2019ailleurs qu\u2019outre le fait d\u2019offrir une meilleure adh\u00e9rence, ils permettent aussi aux v\u00e9hicules \u00e9lectriques de perdre moins d\u2019\u00e9nergie\u2009?<\/p>\n<p class=\"spacer\">\n<p><strong>6. \u00c9vitez tous les gadgets \u00e9lectroniques<\/strong><\/p>\n<p>Et oui\u2026 tous les gadgets \u00e9lectroniques des v\u00e9hicules modernes rendent la conduite plus agr\u00e9able, non seulement pour le conducteur, mais aussi pour les passagers. N\u00e9anmoins, leur utilisation influence grandement l\u2019autonomie de la batterie en obligeant le conducteur \u00e0 la recharger plus souvent. Veillez donc \u00e0 recharger enti\u00e8rement vos smartphones et tablettes avant de partir pour un long voyage. Emportez aussi une batterie ext\u00e9rieure pour vos appareils \u00e9lectriques pour \u00e9viter de devoir vous brancher sur la voiture.<\/p>\n<p class=\"spacer\">\n<p><strong>7. Adaptez votre style de conduite<\/strong><\/p>\n<p>L\u2019autonomie de la batterie est importante, mais votre s\u00e9curit\u00e9 l\u2019est encore plus\u2009! Chaque fois que vous rel\u00e2chez la p\u00e9dale d\u2019acc\u00e9l\u00e9rateur, de l\u2019\u00e9nergie est r\u00e9g\u00e9n\u00e9r\u00e9e, mais vous perdez aussi plus de vitesse qu\u2019avec un v\u00e9hicule classique. Rel\u00e2chez donc votre p\u00e9dale d\u2019acc\u00e9l\u00e9rateur prudemment afin de ne pas d\u00e9raper sur les routes glissantes.<\/p>\n<p class=\"spacer\">\n<p><strong>8. Contr\u00f4lez l\u2019\u00e9tat g\u00e9n\u00e9ral de votre v\u00e9hicule<\/strong><\/p>\n<p>Enfin, tout comme pour une voiture thermique, il est essentiel de contr\u00f4ler \u00e0 temps l\u2019\u00e9tat g\u00e9n\u00e9ral de votre v\u00e9hicule en cas de temp\u00e9ratures glaciales ou de d\u00e9part aux sports d\u2019hiver. Pensez notamment aux essuie-glace, \u00e0 la pression de vos pneus hiver, au lave-glace avec de l\u2019antigel (\u00e9videmment), au r\u00e9glage des r\u00e9troviseurs ainsi qu\u2019au fonctionnement des phares (y compris des gros phares) et des feux clignotants.<\/p>\n","protected":false},"excerpt":{"rendered":"<p>Il est \u00e9videmment important de toujours bien se pr\u00e9parer avant de partir, que ce soit pour se d\u00e9placer sur nos routes ou pour aller prochainement \u00e0 la montagne en voiture \u00e9lectrique. Arval Belgique, soci\u00e9t\u00e9 sp\u00e9cialis\u00e9e dans les solutions de mobilit\u00e9, vous donne quelques conseils pour vous rendre en toute s\u00e9curit\u00e9 et avec une autonomie maximale [&hellip;]<\/p>\n","protected":false},"author":4,"featured_media":8368,"comment_status":"closed","ping_status":"closed","sticky":false,"template":"","format":"standard","meta":{"_acf_changed":false,"footnotes":""},"categories":[91,79],"tags":[],"class_list":["post-8367","post","type-post","status-publish","format-standard","has-post-thumbnail","hentry","category-expertise-et-management","category-societes-de-leasing"],"acf":[],"yoast_head":"<!-- This site is optimized with the Yoast SEO plugin v27.3 - https:\/\/yoast.com\/product\/yoast-seo-wordpress\/ -->\n<title>Des conseils pour vous rendre en voiture \u00e9l\u00e9ctrique dans votre station de ski pr\u00e9f\u00e9r\u00e9e - link2fleet<\/title>\n<meta name=\"description\" content=\"L\u2019hiver s\u2019est install\u00e9 chez nous depuis quelques jours, comme ont pu le constater notamment les conducteurs de voitures \u00e9lectriques. Des messages alarmants concernant l\u2019autonomie de\u2026\" \/>\n<meta name=\"robots\" content=\"index, follow, max-snippet:-1, max-image-preview:large, max-video-preview:-1\" \/>\n<meta property=\"og:locale\" content=\"fr_FR\" \/>\n<meta property=\"og:type\" content=\"article\" \/>\n<meta property=\"og:title\" content=\"Des conseils pour vous rendre en voiture \u00e9l\u00e9ctrique dans votre station de ski pr\u00e9f\u00e9r\u00e9e - link2fleet\" \/>\n<meta property=\"og:description\" content=\"L\u2019hiver s\u2019est install\u00e9 chez nous depuis quelques jours, comme ont pu le constater notamment les conducteurs de voitures \u00e9lectriques. Des messages alarmants concernant l\u2019autonomie de\u2026\" \/>\n<meta property=\"og:url\" content=\"https:\/\/www.link2fleet.com\/fr\/des-conseils-pour-vous-rendre-en-voiture-electrique-dans-votre-station-de-ski-preferee\/\" \/>\n<meta property=\"og:site_name\" content=\"link2fleet\" \/>\n<meta property=\"article:published_time\" content=\"2022-12-14T09:20:56+00:00\" \/>\n<meta property=\"article:modified_time\" content=\"2024-04-17T14:45:05+00:00\" \/>\n<meta property=\"og:image\" content=\"https:\/\/static.link2fleet.com\/wp-content\/uploads\/2024\/03\/neige-voiture-scaled-1.jpg\" \/>\n\t<meta property=\"og:image:width\" content=\"2560\" \/>\n\t<meta property=\"og:image:height\" content=\"1884\" \/>\n\t<meta property=\"og:image:type\" content=\"image\/jpeg\" \/>\n<meta name=\"author\" content=\"Damien Malvetti\" \/>\n<meta name=\"twitter:card\" content=\"summary_large_image\" \/>\n<meta name=\"twitter:description\" content=\"L\u2019hiver s\u2019est install\u00e9 chez nous depuis quelques jours, comme ont pu le constater notamment les conducteurs de voitures \u00e9lectriques. Des messages alarmants concernant l\u2019autonomie de\u2026\" \/>\n<meta name=\"twitter:label1\" content=\"\u00c9crit par\" \/>\n\t<meta name=\"twitter:data1\" content=\"Damien Malvetti\" \/>\n\t<meta name=\"twitter:label2\" content=\"Dur\u00e9e de lecture estim\u00e9e\" \/>\n\t<meta name=\"twitter:data2\" content=\"4 minutes\" \/>\n<script type=\"application\/ld+json\" class=\"yoast-schema-graph\">{\"@context\":\"https:\\\/\\\/schema.org\",\"@graph\":[{\"@type\":\"Article\",\"@id\":\"https:\\\/\\\/www.link2fleet.com\\\/fr\\\/des-conseils-pour-vous-rendre-en-voiture-electrique-dans-votre-station-de-ski-preferee\\\/#article\",\"isPartOf\":{\"@id\":\"https:\\\/\\\/www.link2fleet.com\\\/fr\\\/des-conseils-pour-vous-rendre-en-voiture-electrique-dans-votre-station-de-ski-preferee\\\/\"},\"author\":{\"name\":\"Damien Malvetti\",\"@id\":\"https:\\\/\\\/www.link2fleet.com\\\/fr\\\/#\\\/schema\\\/person\\\/027cd46113c78036b3809c9a054049da\"},\"headline\":\"Des conseils pour vous rendre en voiture \u00e9l\u00e9ctrique dans votre station de ski pr\u00e9f\u00e9r\u00e9e\",\"datePublished\":\"2022-12-14T09:20:56+00:00\",\"dateModified\":\"2024-04-17T14:45:05+00:00\",\"mainEntityOfPage\":{\"@id\":\"https:\\\/\\\/www.link2fleet.com\\\/fr\\\/des-conseils-pour-vous-rendre-en-voiture-electrique-dans-votre-station-de-ski-preferee\\\/\"},\"wordCount\":743,\"publisher\":{\"@id\":\"https:\\\/\\\/www.link2fleet.com\\\/fr\\\/#organization\"},\"image\":{\"@id\":\"https:\\\/\\\/www.link2fleet.com\\\/fr\\\/des-conseils-pour-vous-rendre-en-voiture-electrique-dans-votre-station-de-ski-preferee\\\/#primaryimage\"},\"thumbnailUrl\":\"https:\\\/\\\/static.link2fleet.com\\\/wp-content\\\/uploads\\\/2024\\\/03\\\/neige-voiture-scaled-1.jpg\",\"articleSection\":[\"Gestion de flotte\",\"Location long-terme\"],\"inLanguage\":\"fr-FR\"},{\"@type\":\"WebPage\",\"@id\":\"https:\\\/\\\/www.link2fleet.com\\\/fr\\\/des-conseils-pour-vous-rendre-en-voiture-electrique-dans-votre-station-de-ski-preferee\\\/\",\"url\":\"https:\\\/\\\/www.link2fleet.com\\\/fr\\\/des-conseils-pour-vous-rendre-en-voiture-electrique-dans-votre-station-de-ski-preferee\\\/\",\"name\":\"Des conseils pour vous rendre en voiture \u00e9l\u00e9ctrique dans votre station de ski pr\u00e9f\u00e9r\u00e9e - link2fleet\",\"isPartOf\":{\"@id\":\"https:\\\/\\\/www.link2fleet.com\\\/fr\\\/#website\"},\"primaryImageOfPage\":{\"@id\":\"https:\\\/\\\/www.link2fleet.com\\\/fr\\\/des-conseils-pour-vous-rendre-en-voiture-electrique-dans-votre-station-de-ski-preferee\\\/#primaryimage\"},\"image\":{\"@id\":\"https:\\\/\\\/www.link2fleet.com\\\/fr\\\/des-conseils-pour-vous-rendre-en-voiture-electrique-dans-votre-station-de-ski-preferee\\\/#primaryimage\"},\"thumbnailUrl\":\"https:\\\/\\\/static.link2fleet.com\\\/wp-content\\\/uploads\\\/2024\\\/03\\\/neige-voiture-scaled-1.jpg\",\"datePublished\":\"2022-12-14T09:20:56+00:00\",\"dateModified\":\"2024-04-17T14:45:05+00:00\",\"breadcrumb\":{\"@id\":\"https:\\\/\\\/www.link2fleet.com\\\/fr\\\/des-conseils-pour-vous-rendre-en-voiture-electrique-dans-votre-station-de-ski-preferee\\\/#breadcrumb\"},\"inLanguage\":\"fr-FR\",\"potentialAction\":[{\"@type\":\"ReadAction\",\"target\":[\"https:\\\/\\\/www.link2fleet.com\\\/fr\\\/des-conseils-pour-vous-rendre-en-voiture-electrique-dans-votre-station-de-ski-preferee\\\/\"]}]},{\"@type\":\"ImageObject\",\"inLanguage\":\"fr-FR\",\"@id\":\"https:\\\/\\\/www.link2fleet.com\\\/fr\\\/des-conseils-pour-vous-rendre-en-voiture-electrique-dans-votre-station-de-ski-preferee\\\/#primaryimage\",\"url\":\"https:\\\/\\\/static.link2fleet.com\\\/wp-content\\\/uploads\\\/2024\\\/03\\\/neige-voiture-scaled-1.jpg\",\"contentUrl\":\"https:\\\/\\\/static.link2fleet.com\\\/wp-content\\\/uploads\\\/2024\\\/03\\\/neige-voiture-scaled-1.jpg\",\"width\":2560,\"height\":1884,\"caption\":\"Electric car plug charging in the winter. Amsterdam\"},{\"@type\":\"BreadcrumbList\",\"@id\":\"https:\\\/\\\/www.link2fleet.com\\\/fr\\\/des-conseils-pour-vous-rendre-en-voiture-electrique-dans-votre-station-de-ski-preferee\\\/#breadcrumb\",\"itemListElement\":[{\"@type\":\"ListItem\",\"position\":1,\"name\":\"Home\",\"item\":\"https:\\\/\\\/www.link2fleet.com\\\/fr\\\/\"},{\"@type\":\"ListItem\",\"position\":2,\"name\":\"Des conseils pour vous rendre en voiture \u00e9l\u00e9ctrique dans votre station de ski pr\u00e9f\u00e9r\u00e9e\"}]},{\"@type\":\"WebSite\",\"@id\":\"https:\\\/\\\/www.link2fleet.com\\\/fr\\\/#website\",\"url\":\"https:\\\/\\\/www.link2fleet.com\\\/fr\\\/\",\"name\":\"Link2fleet\",\"description\":\"\",\"publisher\":{\"@id\":\"https:\\\/\\\/www.link2fleet.com\\\/fr\\\/#organization\"},\"potentialAction\":[{\"@type\":\"SearchAction\",\"target\":{\"@type\":\"EntryPoint\",\"urlTemplate\":\"https:\\\/\\\/www.link2fleet.com\\\/fr\\\/?s={search_term_string}\"},\"query-input\":{\"@type\":\"PropertyValueSpecification\",\"valueRequired\":true,\"valueName\":\"search_term_string\"}}],\"inLanguage\":\"fr-FR\"},{\"@type\":\"Organization\",\"@id\":\"https:\\\/\\\/www.link2fleet.com\\\/fr\\\/#organization\",\"name\":\"Link2fleet\",\"url\":\"https:\\\/\\\/www.link2fleet.com\\\/fr\\\/\",\"logo\":{\"@type\":\"ImageObject\",\"inLanguage\":\"fr-FR\",\"@id\":\"https:\\\/\\\/www.link2fleet.com\\\/fr\\\/#\\\/schema\\\/logo\\\/image\\\/\",\"url\":\"https:\\\/\\\/static.link2fleet.com\\\/wp-content\\\/uploads\\\/2024\\\/03\\\/share-image.jpg\",\"contentUrl\":\"https:\\\/\\\/static.link2fleet.com\\\/wp-content\\\/uploads\\\/2024\\\/03\\\/share-image.jpg\",\"width\":1200,\"height\":630,\"caption\":\"Link2fleet\"},\"image\":{\"@id\":\"https:\\\/\\\/www.link2fleet.com\\\/fr\\\/#\\\/schema\\\/logo\\\/image\\\/\"},\"sameAs\":[\"https:\\\/\\\/www.linkedin.com\\\/company\\\/link2fleet-belgium\",\"https:\\\/\\\/www.youtube.com\\\/user\\\/MMMBMBE\"]},{\"@type\":\"Person\",\"@id\":\"https:\\\/\\\/www.link2fleet.com\\\/fr\\\/#\\\/schema\\\/person\\\/027cd46113c78036b3809c9a054049da\",\"name\":\"Damien Malvetti\",\"image\":{\"@type\":\"ImageObject\",\"inLanguage\":\"fr-FR\",\"@id\":\"https:\\\/\\\/secure.gravatar.com\\\/avatar\\\/dd8cc03b49466c735f753ac37f8caa371af16dfed347456ed61f02883255eebb?s=96&d=mm&r=g\",\"url\":\"https:\\\/\\\/secure.gravatar.com\\\/avatar\\\/dd8cc03b49466c735f753ac37f8caa371af16dfed347456ed61f02883255eebb?s=96&d=mm&r=g\",\"contentUrl\":\"https:\\\/\\\/secure.gravatar.com\\\/avatar\\\/dd8cc03b49466c735f753ac37f8caa371af16dfed347456ed61f02883255eebb?s=96&d=mm&r=g\",\"caption\":\"Damien Malvetti\"},\"description\":\"Damien Malvetti is opgeleid als journalist en gepassioneerd door wagens, technologie en mobiliteit. Hij is verantwoordelijk voor de redactionele inhoud van link2fleet en beschikt over een uitgebreide kennis van de fleet-sector en elektrische mobiliteit.\",\"sameAs\":[\"https:\\\/\\\/www.linkedin.com\\\/in\\\/damien-malvetti-56601142\\\/\"]}]}<\/script>\n<!-- \/ Yoast SEO plugin. -->","yoast_head_json":{"title":"Des conseils pour vous rendre en voiture \u00e9l\u00e9ctrique dans votre station de ski pr\u00e9f\u00e9r\u00e9e - link2fleet","description":"L\u2019hiver s\u2019est install\u00e9 chez nous depuis quelques jours, comme ont pu le constater notamment les conducteurs de voitures \u00e9lectriques. Des messages alarmants concernant l\u2019autonomie de\u2026","robots":{"index":"index","follow":"follow","max-snippet":"max-snippet:-1","max-image-preview":"max-image-preview:large","max-video-preview":"max-video-preview:-1"},"og_locale":"fr_FR","og_type":"article","og_title":"Des conseils pour vous rendre en voiture \u00e9l\u00e9ctrique dans votre station de ski pr\u00e9f\u00e9r\u00e9e - link2fleet","og_description":"L\u2019hiver s\u2019est install\u00e9 chez nous depuis quelques jours, comme ont pu le constater notamment les conducteurs de voitures \u00e9lectriques. Des messages alarmants concernant l\u2019autonomie de\u2026","og_url":"https:\/\/www.link2fleet.com\/fr\/des-conseils-pour-vous-rendre-en-voiture-electrique-dans-votre-station-de-ski-preferee\/","og_site_name":"link2fleet","article_published_time":"2022-12-14T09:20:56+00:00","article_modified_time":"2024-04-17T14:45:05+00:00","og_image":[{"width":2560,"height":1884,"url":"https:\/\/static.link2fleet.com\/wp-content\/uploads\/2024\/03\/neige-voiture-scaled-1.jpg","type":"image\/jpeg"}],"author":"Damien Malvetti","twitter_card":"summary_large_image","twitter_description":"L\u2019hiver s\u2019est install\u00e9 chez nous depuis quelques jours, comme ont pu le constater notamment les conducteurs de voitures \u00e9lectriques. Des messages alarmants concernant l\u2019autonomie de\u2026","twitter_misc":{"\u00c9crit par":"Damien Malvetti","Dur\u00e9e de lecture estim\u00e9e":"4 minutes"},"schema":{"@context":"https:\/\/schema.org","@graph":[{"@type":"Article","@id":"https:\/\/www.link2fleet.com\/fr\/des-conseils-pour-vous-rendre-en-voiture-electrique-dans-votre-station-de-ski-preferee\/#article","isPartOf":{"@id":"https:\/\/www.link2fleet.com\/fr\/des-conseils-pour-vous-rendre-en-voiture-electrique-dans-votre-station-de-ski-preferee\/"},"author":{"name":"Damien Malvetti","@id":"https:\/\/www.link2fleet.com\/fr\/#\/schema\/person\/027cd46113c78036b3809c9a054049da"},"headline":"Des conseils pour vous rendre en voiture \u00e9l\u00e9ctrique dans votre station de ski pr\u00e9f\u00e9r\u00e9e","datePublished":"2022-12-14T09:20:56+00:00","dateModified":"2024-04-17T14:45:05+00:00","mainEntityOfPage":{"@id":"https:\/\/www.link2fleet.com\/fr\/des-conseils-pour-vous-rendre-en-voiture-electrique-dans-votre-station-de-ski-preferee\/"},"wordCount":743,"publisher":{"@id":"https:\/\/www.link2fleet.com\/fr\/#organization"},"image":{"@id":"https:\/\/www.link2fleet.com\/fr\/des-conseils-pour-vous-rendre-en-voiture-electrique-dans-votre-station-de-ski-preferee\/#primaryimage"},"thumbnailUrl":"https:\/\/static.link2fleet.com\/wp-content\/uploads\/2024\/03\/neige-voiture-scaled-1.jpg","articleSection":["Gestion de flotte","Location long-terme"],"inLanguage":"fr-FR"},{"@type":"WebPage","@id":"https:\/\/www.link2fleet.com\/fr\/des-conseils-pour-vous-rendre-en-voiture-electrique-dans-votre-station-de-ski-preferee\/","url":"https:\/\/www.link2fleet.com\/fr\/des-conseils-pour-vous-rendre-en-voiture-electrique-dans-votre-station-de-ski-preferee\/","name":"Des conseils pour vous rendre en voiture \u00e9l\u00e9ctrique dans votre station de ski pr\u00e9f\u00e9r\u00e9e - link2fleet","isPartOf":{"@id":"https:\/\/www.link2fleet.com\/fr\/#website"},"primaryImageOfPage":{"@id":"https:\/\/www.link2fleet.com\/fr\/des-conseils-pour-vous-rendre-en-voiture-electrique-dans-votre-station-de-ski-preferee\/#primaryimage"},"image":{"@id":"https:\/\/www.link2fleet.com\/fr\/des-conseils-pour-vous-rendre-en-voiture-electrique-dans-votre-station-de-ski-preferee\/#primaryimage"},"thumbnailUrl":"https:\/\/static.link2fleet.com\/wp-content\/uploads\/2024\/03\/neige-voiture-scaled-1.jpg","datePublished":"2022-12-14T09:20:56+00:00","dateModified":"2024-04-17T14:45:05+00:00","breadcrumb":{"@id":"https:\/\/www.link2fleet.com\/fr\/des-conseils-pour-vous-rendre-en-voiture-electrique-dans-votre-station-de-ski-preferee\/#breadcrumb"},"inLanguage":"fr-FR","potentialAction":[{"@type":"ReadAction","target":["https:\/\/www.link2fleet.com\/fr\/des-conseils-pour-vous-rendre-en-voiture-electrique-dans-votre-station-de-ski-preferee\/"]}]},{"@type":"ImageObject","inLanguage":"fr-FR","@id":"https:\/\/www.link2fleet.com\/fr\/des-conseils-pour-vous-rendre-en-voiture-electrique-dans-votre-station-de-ski-preferee\/#primaryimage","url":"https:\/\/static.link2fleet.com\/wp-content\/uploads\/2024\/03\/neige-voiture-scaled-1.jpg","contentUrl":"https:\/\/static.link2fleet.com\/wp-content\/uploads\/2024\/03\/neige-voiture-scaled-1.jpg","width":2560,"height":1884,"caption":"Electric car plug charging in the winter. Amsterdam"},{"@type":"BreadcrumbList","@id":"https:\/\/www.link2fleet.com\/fr\/des-conseils-pour-vous-rendre-en-voiture-electrique-dans-votre-station-de-ski-preferee\/#breadcrumb","itemListElement":[{"@type":"ListItem","position":1,"name":"Home","item":"https:\/\/www.link2fleet.com\/fr\/"},{"@type":"ListItem","position":2,"name":"Des conseils pour vous rendre en voiture \u00e9l\u00e9ctrique dans votre station de ski pr\u00e9f\u00e9r\u00e9e"}]},{"@type":"WebSite","@id":"https:\/\/www.link2fleet.com\/fr\/#website","url":"https:\/\/www.link2fleet.com\/fr\/","name":"Link2fleet","description":"","publisher":{"@id":"https:\/\/www.link2fleet.com\/fr\/#organization"},"potentialAction":[{"@type":"SearchAction","target":{"@type":"EntryPoint","urlTemplate":"https:\/\/www.link2fleet.com\/fr\/?s={search_term_string}"},"query-input":{"@type":"PropertyValueSpecification","valueRequired":true,"valueName":"search_term_string"}}],"inLanguage":"fr-FR"},{"@type":"Organization","@id":"https:\/\/www.link2fleet.com\/fr\/#organization","name":"Link2fleet","url":"https:\/\/www.link2fleet.com\/fr\/","logo":{"@type":"ImageObject","inLanguage":"fr-FR","@id":"https:\/\/www.link2fleet.com\/fr\/#\/schema\/logo\/image\/","url":"https:\/\/static.link2fleet.com\/wp-content\/uploads\/2024\/03\/share-image.jpg","contentUrl":"https:\/\/static.link2fleet.com\/wp-content\/uploads\/2024\/03\/share-image.jpg","width":1200,"height":630,"caption":"Link2fleet"},"image":{"@id":"https:\/\/www.link2fleet.com\/fr\/#\/schema\/logo\/image\/"},"sameAs":["https:\/\/www.linkedin.com\/company\/link2fleet-belgium","https:\/\/www.youtube.com\/user\/MMMBMBE"]},{"@type":"Person","@id":"https:\/\/www.link2fleet.com\/fr\/#\/schema\/person\/027cd46113c78036b3809c9a054049da","name":"Damien Malvetti","image":{"@type":"ImageObject","inLanguage":"fr-FR","@id":"https:\/\/secure.gravatar.com\/avatar\/dd8cc03b49466c735f753ac37f8caa371af16dfed347456ed61f02883255eebb?s=96&d=mm&r=g","url":"https:\/\/secure.gravatar.com\/avatar\/dd8cc03b49466c735f753ac37f8caa371af16dfed347456ed61f02883255eebb?s=96&d=mm&r=g","contentUrl":"https:\/\/secure.gravatar.com\/avatar\/dd8cc03b49466c735f753ac37f8caa371af16dfed347456ed61f02883255eebb?s=96&d=mm&r=g","caption":"Damien Malvetti"},"description":"Damien Malvetti is opgeleid als journalist en gepassioneerd door wagens, technologie en mobiliteit. Hij is verantwoordelijk voor de redactionele inhoud van link2fleet en beschikt over een uitgebreide kennis van de fleet-sector en elektrische mobiliteit.","sameAs":["https:\/\/www.linkedin.com\/in\/damien-malvetti-56601142\/"]}]}},"_links":{"self":[{"href":"https:\/\/www.link2fleet.com\/fr\/wp-json\/wp\/v2\/posts\/8367","targetHints":{"allow":["GET"]}}],"collection":[{"href":"https:\/\/www.link2fleet.com\/fr\/wp-json\/wp\/v2\/posts"}],"about":[{"href":"https:\/\/www.link2fleet.com\/fr\/wp-json\/wp\/v2\/types\/post"}],"author":[{"embeddable":true,"href":"https:\/\/www.link2fleet.com\/fr\/wp-json\/wp\/v2\/users\/4"}],"replies":[{"embeddable":true,"href":"https:\/\/www.link2fleet.com\/fr\/wp-json\/wp\/v2\/comments?post=8367"}],"version-history":[{"count":0,"href":"https:\/\/www.link2fleet.com\/fr\/wp-json\/wp\/v2\/posts\/8367\/revisions"}],"wp:featuredmedia":[{"embeddable":true,"href":"https:\/\/www.link2fleet.com\/fr\/wp-json\/wp\/v2\/media\/8368"}],"wp:attachment":[{"href":"https:\/\/www.link2fleet.com\/fr\/wp-json\/wp\/v2\/media?parent=8367"}],"wp:term":[{"taxonomy":"category","embeddable":true,"href":"https:\/\/www.link2fleet.com\/fr\/wp-json\/wp\/v2\/categories?post=8367"},{"taxonomy":"post_tag","embeddable":true,"href":"https:\/\/www.link2fleet.com\/fr\/wp-json\/wp\/v2\/tags?post=8367"}],"curies":[{"name":"wp","href":"https:\/\/api.w.org\/{rel}","templated":true}]}}