{"id":8495,"date":"2023-01-06T15:47:52","date_gmt":"2023-01-06T14:47:52","guid":{"rendered":"https:\/\/www.link2fleet.com\/trajet-en-electrique-quand-le-voyage-au-pays-du-reve-se-transforme-en-cauchemar\/"},"modified":"2023-01-06T15:47:52","modified_gmt":"2023-01-06T14:47:52","slug":"trajet-en-electrique-quand-le-voyage-au-pays-du-reve-se-transforme-en-cauchemar","status":"publish","type":"post","link":"https:\/\/www.link2fleet.com\/fr\/trajet-en-electrique-quand-le-voyage-au-pays-du-reve-se-transforme-en-cauchemar\/","title":{"rendered":"Trajet en \u00e9lectrique: quand le voyage au pays du r\u00eave se transforme en cauchemar !"},"content":{"rendered":"<p style=\"font-weight: 400;\">Il est 16h ce 1<sup>er<\/sup> janvier 2023. Les bagages sont dans le coffre de notre voiture \u00e9lectrique d\u2019essai \u2013 une BYD Tang -, la batterie est enti\u00e8rement recharg\u00e9e et annonce 400 km d\u2019autonomie. C\u2019est exactement la distance qui nous s\u00e9pare du royaume de la plus c\u00e9l\u00e8bre souris au monde. Nous ne sommes toutefois pas na\u00effs\u00a0: il nous sera impossible de rejoindre notre destination sans faire au moins un petit arr\u00eat pour recharger.<\/p>\n<p style=\"font-weight: 400;\">Apr\u00e8s les quelques 140 premiers kilom\u00e8tres, je suis agr\u00e9ablement surpris de constater que j\u2019ai parcouru davantage de kilom\u00e8tres que ce que mon autonomie a diminu\u00e9.<\/p>\n<p style=\"font-weight: 400;\">Habitu\u00e9s de ce trajet, je sais qu\u2019il y a des bornes rapides Ionity sur le parking autoroutier du Roeulx, juste avant la fronti\u00e8re fran\u00e7aise. Le lieu serait id\u00e9al pour un petit coup de boost, mais la m\u00e9t\u00e9o est ex\u00e9crable en ce premier jour de l\u2019an. Il fait moins de 10 degr\u00e9s, il pleut et vente. Il me reste encore plus de 250 km d\u2019autonomie \u00e0 ce stade et je n\u2019ai absolument pas envie de m\u2019arr\u00eater par cette m\u00e9t\u00e9o, d\u2019autant que les bornes de ce parking ne sont pas couvertes. De plus, il n\u2019est pas encore 18h, il est donc encore un peu t\u00f4t pour un arr\u00eat repas. On d\u00e9cide donc de poursuivre notre route et de reporter notre arr\u00eat \u00e0 plus tard.<\/p>\n<p style=\"font-weight: 400;\">Entre-temps, la m\u00e9t\u00e9o se d\u00e9grade. La temp\u00e9rature chute \u00e0 5\u00b0, des trombes d\u2019eau s\u2019abattent la chauss\u00e9e, la rendant tr\u00e8s glissante. R\u00e9sultat\u00a0: nous sommes contraints d\u2019utiliser constamment la climatisation pour r\u00e9chauffer l\u2019habitacle et le syst\u00e8me de d\u00e9sembuage pour assurer la visibilit\u00e9 du pare-brise.<\/p>\n<p style=\"font-weight: 400;\">Une heure et 60 km plus tard \u2013 il nous reste alors un peu plus de 100 km d\u2019autonomie -, nous d\u00e9cidons enfin de nous arr\u00eater pour recharger la voiture et manger un bout. Le syst\u00e8me de navigation annonce alors une zone de Superchargers Tesla \u00e0 proximit\u00e9. Une borne est justement libre, mais il faut d\u2019abord t\u00e9l\u00e9charger l\u2019application Tesla, s\u2019inscrire et y introduire ses coordonn\u00e9es bancaires avant de pouvoir lancer une recharge. Et pendant que je m\u2019y att\u00e8le, un autre automobiliste vient se garer \u00e0 ma droite et se branche\u2026sur la seule borne encore libre.<\/p>\n<p style=\"font-weight: 400;\"><strong>Des bornes bien cach\u00e9es\u00a0!<\/strong><\/p>\n<p style=\"font-weight: 400;\">Qu\u2019\u00e0 cela ne tienne, d\u2019autres bornes sont disponibles \u00e0 proximit\u00e9. Nous d\u00e9cidons donc de nous rendre \u00e0 la suivante, situ\u00e9e \u00e0 une cinquantaine de kilom\u00e8tres de l\u00e0, dans le village de Combles. Pour trouver la borne, il faut bien chercher. N\u2019esp\u00e9rez pas qu\u2019elle se trouve sur la place du village ou sur le parking d\u2019un commerce\u2026 la station de charge se trouve dans une petite rue \u00e0 sens unique o\u00f9 il n\u2019y a\u2026 absolument rien\u00a0! Comme dans le reste du village d\u2019ailleurs. Une fois la borne d\u00e9nich\u00e9e, nous nous aventurons \u00e0 pied dans le village et sommes accost\u00e9s par un riverain un peu \u00e9tonn\u00e9 de voir deux belges d\u00e9barquer dans son patelin.\u00a0Nous lui demandons s\u2019il y a un restaurant dans les environs, mais il nous r\u00e9pond en riant que Combles est un petit village ou il n\u2019y a absolument rien \u00e0 faire.<\/p>\n<p style=\"font-weight: 400;\">Nous d\u00e9cidons donc d\u2019attendre dans la voiture et d\u00e9couvrons alors avec stupeur que la borne, pourtant raccord\u00e9e avec notre c\u00e2ble de Type 2 qui devrait fournir 22 kW n\u2019en fournit en fait que\u2026 2\u00a0! Les 10 minutes de charge ont \u00e0 peine suffit \u00e0 r\u00e9cup\u00e9rer 1 km d\u2019autonomie\u2026<\/p>\n<figure id=\"attachment_1289229\" aria-describedby=\"caption-attachment-1289229\" style=\"width: 640px\" class=\"wp-caption aligncenter\"><a href=\"https:\/\/www.link2fleet.com\/wp-content\/uploads\/2023\/01\/borne-combles.png\"><img loading=\"lazy\" decoding=\"async\" class=\"wp-image-1289229 size-large\" src=\"https:\/\/www.link2fleet.com\/wp-content\/uploads\/2023\/01\/borne-combles-1024x342.png\" alt=\"\" width=\"640\" height=\"214\" \/><\/a><figcaption id=\"caption-attachment-1289229\" class=\"wp-caption-text\">Une borne perdue&#8230; au milieu de nulle part!<\/figcaption><\/figure>\n<p style=\"font-weight: 400;\">Pensant cette borne d\u00e9fectueuse, nous d\u00e9cidons donc de stopper la charge et de nous rendre \u00e0 la suivante, situ\u00e9e \u00e0 moins de 10 km de l\u00e0, dans le village de Flers. La borne se situe Place des Britanniques, ce qui nous laisse penser qu\u2019il y aura un peu plus de vie dans ce village. Mais l\u00e0 aussi, c\u2019est la d\u00e9sillusion\u00a0: il n\u2019y a absolument rien \u00e0 faire dans les environs. La borne se trouve effectivement sur une place o\u00f9 la seule attraction est un monument\u2026 Nous branchons tout de m\u00eame la voiture et entamons une marche \u2013 sous la pluie \u2013, estimant qu\u2019apr\u00e8s une dizaine de minutes, nous aurons r\u00e9cup\u00e9rer suffisamment d\u2019autonomie pour nous rendre \u00e0 la prochaine station rapide. Apr\u00e8s 10 minutes de marche, nous retournons \u00e0 la voiture et\u2026 m\u00eame constat\u00a0: la borne ne fournit pas davantage que 2 kW, alors qu\u2019elle en annonce 22\u00a0!<\/p>\n<figure id=\"attachment_1289231\" aria-describedby=\"caption-attachment-1289231\" style=\"width: 640px\" class=\"wp-caption aligncenter\"><a href=\"https:\/\/www.link2fleet.com\/wp-content\/uploads\/2023\/01\/borne-flers.jpg\"><img loading=\"lazy\" decoding=\"async\" class=\"wp-image-1289231 size-large\" src=\"https:\/\/www.link2fleet.com\/wp-content\/uploads\/2023\/01\/borne-flers-1024x352.jpg\" alt=\"\" width=\"640\" height=\"220\" \/><\/a><figcaption id=\"caption-attachment-1289231\" class=\"wp-caption-text\">A Flers, la borne 22 kW n&rsquo;en d\u00e9livrait que&#8230;2<\/figcaption><\/figure>\n<p>&nbsp;<\/p>\n<p style=\"font-weight: 400;\"><strong>Un d\u00e9fi \u00e0 relever<\/strong><\/p>\n<figure id=\"attachment_1289233\" aria-describedby=\"caption-attachment-1289233\" style=\"width: 300px\" class=\"wp-caption alignleft\"><a href=\"https:\/\/www.link2fleet.com\/wp-content\/uploads\/2023\/01\/borne-intermarche-peronne.jpg\"><img loading=\"lazy\" decoding=\"async\" class=\"size-medium wp-image-1289233\" src=\"https:\/\/www.link2fleet.com\/wp-content\/uploads\/2023\/01\/borne-intermarche-peronne-300x225.jpg\" alt=\"\" width=\"300\" height=\"225\" \/><\/a><figcaption id=\"caption-attachment-1289233\" class=\"wp-caption-text\">Dans la p\u00e9nombre, cette borne est quasi introuvable!<\/figcaption><\/figure>\n<p style=\"font-weight: 400;\">Un peu d\u00e9sempar\u00e9s, nous reprenons la route vers une autre borne, annonc\u00e9e sur le parking d\u2019un hypermarch\u00e9 \u00e0 P\u00e9ronne. La distance est de 20 km, la voiture annonce une autonomie restante de 24 km. Le d\u00e9fi est de taille\u2026 Afin de r\u00e9duire au maximum la consommation d\u2019\u00e9nergie, j\u2019adopte une conduite tr\u00e8s souple et tr\u00e8s douce, appuyant \u00e0 peine sur l\u2019acc\u00e9l\u00e9rateur et circulant \u00e0 une vitesse maximale de 40 km\/h. Apr\u00e8s 20 minutes d\u2019intense concentration \u2013 et de transpiration -, nous arrivons enfin \u00e0 P\u00e9ronne peu apr\u00e8s 20 heures. Je p\u00e9n\u00e8tre sur le parking de la grande surface qui est plong\u00e9 dans le noir total. Pour distinguer la borne, je suis contraint de tourner en rond et d\u2019enclencher les feux de route. Et finalement, elle apparait dans un coin du parking. Bonne nouvelle, il s\u2019agit d\u2019une borne gratuite\u00a0! Mais revers de la m\u00e9daille\u00a0: la grande surface est ferm\u00e9e et il n\u2019y a, une nouvelle fois, rien aux abords. Le centre-ville se trouve \u00e0 plus d\u20191,5 km \u00e0 pied. Puisque nous avons faim, nous d\u00e9cidons de nous y rendre co\u00fbte que co\u00fbte et malgr\u00e9 la m\u00e9t\u00e9o.<\/p>\n<p style=\"font-weight: 400;\">Si les restaurants belges font souvent salle comble un soir de 1<sup>er<\/sup> janvier, il en est autrement en France et tous les \u00e9tablissements de la ville de P\u00e9ronne sont ferm\u00e9s \u00e0 l\u2019exception d\u2019une Pizzeria \u00e0 emporter o\u00f9 une table et 2 chaises permettent tout de m\u00eame de consommer exceptionnellement sur place. Le lieu id\u00e9al pour un repas de 1<sup>er<\/sup> janvier\u2026hum\u00a0!<\/p>\n<p style=\"font-weight: 400;\"><strong>Encore un petit effort\u2026<\/strong><\/p>\n<figure id=\"attachment_1289235\" aria-describedby=\"caption-attachment-1289235\" style=\"width: 225px\" class=\"wp-caption alignright\"><a href=\"https:\/\/www.link2fleet.com\/wp-content\/uploads\/2023\/01\/borne-roye.jpg\"><img loading=\"lazy\" decoding=\"async\" class=\"wp-image-1289235 size-medium\" src=\"https:\/\/www.link2fleet.com\/wp-content\/uploads\/2023\/01\/borne-roye-225x300.jpg\" alt=\"\" width=\"225\" height=\"300\" \/><\/a><figcaption id=\"caption-attachment-1289235\" class=\"wp-caption-text\">Enfin une borne 50 kW \u00e0 Roye<\/figcaption><\/figure>\n<p style=\"font-weight: 400;\">22H30, nous revenons \u00e0 pied \u00e0 la voiture. La borne d\u00e9livre ici effectivement 22 kW, mais les trajets effectu\u00e9s pour atteindre les pr\u00e9c\u00e9dentes bornes ont r\u00e9duit \u00e0 n\u00e9ant notre autonomie. Apr\u00e8s 2 heures, nous avons r\u00e9cup\u00e9r\u00e9 quelques 50 km d\u2019autonomie. La prochaine station rapide se trouve \u00e0 68 km. Nous d\u00e9cidons donc d\u2019attendre encore 30 minutes dans la voiture avant de reprendre la route. Une fois ce d\u00e9lai pass\u00e9, le compteur annonce 59 km d\u2019autonomie. Il fait si froid que nous d\u00e9cidons de reprendre la route et de tenter le d\u00e9fi de faire 10 km de plus qu\u2019annonc\u00e9 par la voiture. Mais c\u2019\u00e9tait \u00e9videmment \u00eatre trop optimiste, d\u2019autant qu\u2019il s\u2019agissait d\u2019un trajet quasi exclusivement autoroutier.<\/p>\n<p style=\"font-weight: 400;\">Apr\u00e8s 40 km, je d\u00e9cide donc de faire une courte \u00e9tape \u00e0 Roye, o\u00f9 une borne 50 KW est annonc\u00e9e. En 10 minutes, je r\u00e9cup\u00e8re suffisamment d\u2019autonomie pour terminer mon trajet jusqu\u2019\u00e0 la prochaine borne rapide sur autoroute.<\/p>\n<p style=\"font-weight: 400;\"><strong>Le bout du tunnel\u2026 ou pas<\/strong><\/p>\n<p style=\"font-weight: 400;\">Il est pr\u00e8s de minuit quand nous arrivons sur l\u2019aire d\u2019autoroute de Ressons-Ouest, \u00e0 seulement 1 heure de notre destination finale, Marne-la-Vall\u00e9e. L\u00e0, 8 bornes (16 points de charge) de 300 kW sont \u00e0 notre disposition. Enfin, on entrevoit le bout du tunnel. En 30 minutes, on devrait avoir recharg\u00e9 suffisamment pour arriver \u00e0 notre destination finale.<a href=\"https:\/\/www.link2fleet.com\/wp-content\/uploads\/2023\/01\/ressonsouest.jpeg\"><br \/>\n<\/a>Quoique\u2026 Apr\u00e8s avoir badg\u00e9 sur la premi\u00e8re borne, celle-ci indique qu\u2019il est impossible de lancer la charge. Nous tentons donc notre chance avec la seconde prise. Idem. La troisi\u00e8me nous donne le m\u00eame r\u00e9sultat\u2026 La quatri\u00e8me ne fait pas mieux. Nous d\u00e9cidons de nous rendre dans le shop de la station pour demander de l\u2019aide. \u00ab\u00a0La borne \u00e0 l\u2019entr\u00e9e ne fonctionne pas\u00a0\u00bb, nous avoue la jeune femme \u00e0 la caisse. \u00ab\u00a0Mais du c\u00f4t\u00e9 o\u00f9 vous vous trouvez, il y a souvent des voitures gar\u00e9es, donc j\u2019en d\u00e9duis que les bornes fonctionnent parfaitement\u00a0\u00bb.<\/p>\n<p style=\"font-weight: 400;\">Nous retournons donc sur le parking et tentons notre chance sur 2 autres bornes\u2026 pour un r\u00e9sultat toujours identique. Nous prenons donc l\u2019initiative d\u2019appeler le num\u00e9ro d\u2019assistance indiqu\u00e9 sur les bornes. Apr\u00e8s quelques minutes d\u2019attente, nous sommes mis en relation avec un correspondant qui nous assure d\u2019abord que les bornes fonctionnent. Il nous assiste \u00e0 distance dans une nouvelle tentative. Et toujours ce m\u00eame message d\u2019erreur. Il d\u00e9cide donc de r\u00e9initialiser les bornes \u00e0 distance et nous demande d\u2019attendre. Pendant ce temps, un autre v\u00e9hicule vient tenter sa chance, mais n\u2019obtient pas de meilleur r\u00e9sultat.<\/p>\n<p style=\"font-weight: 400;\">Au bout de longues minutes d\u2019attente, le pr\u00e9pos\u00e9 t\u00e9l\u00e9phonique nous indique que \u00ab\u00a0toutes les bornes sont d\u00e9rang\u00e9es et qu\u2019il va falloir que nous nous rendions \u00e0 une autre station\u00a0\u00bb.<\/p>\n<figure id=\"attachment_1289237\" aria-describedby=\"caption-attachment-1289237\" style=\"width: 648px\" class=\"wp-caption aligncenter\"><a href=\"https:\/\/www.link2fleet.com\/wp-content\/uploads\/2023\/01\/ressonsouest.jpeg\"><img loading=\"lazy\" decoding=\"async\" class=\"wp-image-1289237 \" src=\"https:\/\/www.link2fleet.com\/wp-content\/uploads\/2023\/01\/ressonsouest.jpeg\" alt=\"\" width=\"648\" height=\"486\" \/><\/a><figcaption id=\"caption-attachment-1289237\" class=\"wp-caption-text\">8 bornes, et pas une qui fonctionne<\/figcaption><\/figure>\n<p style=\"font-weight: 400;\">Probl\u00e8me\u00a0: avec les d\u00e9tours effectu\u00e9s pour arriver jusque-l\u00e0, notre voiture ne dispose plus que de 4 km d\u2019autonomie. Les bornes rapides les plus proches se trouvant \u00e0 60 km de l\u00e0, sur l\u2019aire de V\u00e9mars, \u00e0 c\u00f4t\u00e9 de l\u2019a\u00e9roport Charles de Gaule.<\/p>\n<p style=\"font-weight: 400;\">A bien y r\u00e9fl\u00e9chir, on aurait d\u00fb se douter qu\u2019il y avait un souci quand on a remarqu\u00e9 que le panneau qui indique les tarifs de recharge annon\u00e7ait le m\u00eame tarif pour toutes les puissances (0,55\u20ac\/kW).<\/p>\n<p style=\"font-weight: 400;\"><strong>La solution de la derni\u00e8re chance<\/strong><\/p>\n<p style=\"font-weight: 400;\">Il ne nous reste alors plus qu\u2019une solution\u00a0: appeler un service de d\u00e9pannage. Je vous \u00e9vite ici les complications li\u00e9es au fait qu\u2019il est 2h du matin, que la voiture est un v\u00e9hicule de pr\u00eat, que nous sommes en France et que nous sommes sur une portion d\u2019autoroute payante\u2026 Finalement, 45 minutes plus tard arrive un camion plateau qui ne s\u2019\u00e9tonne absolument pas de notre situation. \u00ab\u00a0C\u2019est toujours la m\u00eame chose\u00a0: ces bornes tombent tout le temps en panne et je suis toujours appel\u00e9 pour rien\u00a0\u00bb, d\u00e9plore-t-il. \u00ab\u00a0Car je suppose que l\u2019assistance ne vous a pas signal\u00e9 qu\u2019il y avait d\u2019autres bornes rapides de l\u2019autre c\u00f4t\u00e9 de l\u2019autoroute\u00a0?\u00a0\u00bb<\/p>\n<p style=\"font-weight: 400;\">Eh bien non, notre correspondant s\u2019\u00e9tait bien gard\u00e9 de nous le dire\u2026 certainement parce que ces autres bornes appartiennent \u00e0 un autre fournisseur.<\/p>\n<p style=\"font-weight: 400;\">Bref, notre d\u00e9panneur nous y emm\u00e8ne en nous escortant dans des voies \u00e0 contre-sens \u00e9tant donn\u00e9 le peu d\u2019autonomie dont dispose encore notre voiture. Pour les atteindre par les voies traditionnelles, il aurait fallu reprendre l\u2019autoroute vers Paris, sortir \u00e0 la sortie suivante et revenir sur nos pas, ce qui aurait engendr\u00e9 un trajet de 44 km, soit 10 fois plus que ce notre voiture \u00e9tait encore capable de parcourir.<\/p>\n<p style=\"font-weight: 400;\">Arriv\u00e9s de l\u2019autre c\u00f4t\u00e9 de l\u2019autoroute, nous trouvons effectivement 6 bornes , mais seules 2 sont en \u00e9tat de fonctionnement. Heureusement, l\u2019une des deux est une borne 190 kW qui fournit effectivement cette puissance.<\/p>\n<figure id=\"attachment_1289239\" aria-describedby=\"caption-attachment-1289239\" style=\"width: 562px\" class=\"wp-caption aligncenter\"><a href=\"https:\/\/www.link2fleet.com\/wp-content\/uploads\/2023\/01\/ressons2.jpg\"><img loading=\"lazy\" decoding=\"async\" class=\"wp-image-1289239\" src=\"https:\/\/www.link2fleet.com\/wp-content\/uploads\/2023\/01\/ressons2.jpg\" alt=\"\" width=\"562\" height=\"421\" \/><\/a><figcaption id=\"caption-attachment-1289239\" class=\"wp-caption-text\">Seules 2 bornes \u00e9taient en \u00e9tat de marche<\/figcaption><\/figure>\n<p>&nbsp;<\/p>\n<p style=\"font-weight: 400;\"><strong>12h de trajet au lieu de 4h<\/strong><\/p>\n<p style=\"font-weight: 400;\">Apr\u00e8s 40 minutes de charge, nous sommes enfin en mesure de reprendre la route pour notre destination finale, Disneyland Paris, o\u00f9 nous sommes finalement arriv\u00e9s \u00e0 4 heures du matin, apr\u00e8s un p\u00e9riple de 12 heures qui aurait logiquement d\u00fb durer seulement 4 heures\u00a0!<\/p>\n<p style=\"font-weight: 400;\">Mais ce n\u2019\u00e9tait pas la fin de nos surprises\u2026 Notre h\u00f4tel, situ\u00e9 en dehors des parcs \u00e0 th\u00e8me ne disposait pas de borne de recharge. Nous n\u2019avons donc pas pu y mettre charger notre v\u00e9hicule \u00e0 notre arriv\u00e9e. Heureusement, nous avions encore suffisamment d\u2019autonomie pour nous rendre au parc Disneyland le lendemain.<\/p>\n<p style=\"font-weight: 400;\"><strong>4 bornes pour 11.000 places de parking<\/strong><\/p>\n<p style=\"font-weight: 400;\">Disneyland Paris, premi\u00e8re destination touristique de France avec une capacit\u00e9 maximale de 28.000 visiteurs quotidiens. Un parking de plus de 12.000 places recouvert de 82.000 panneaux solaires, soit la plus grande installation photovolta\u00efque d\u2019\u00cele-de-France. Et pourtant\u2026 seulement 2 bornes de recharge (4 points de charge) d\u2019une puissance max de 7 kW\u00a0!<\/p>\n<figure id=\"attachment_1289241\" aria-describedby=\"caption-attachment-1289241\" style=\"width: 506px\" class=\"wp-caption aligncenter\"><a href=\"https:\/\/www.link2fleet.com\/wp-content\/uploads\/2023\/01\/bornedisney.jpg\"><img loading=\"lazy\" decoding=\"async\" class=\"wp-image-1289241\" src=\"https:\/\/www.link2fleet.com\/wp-content\/uploads\/2023\/01\/bornedisney.jpg\" alt=\"\" width=\"506\" height=\"379\" \/><\/a><figcaption id=\"caption-attachment-1289241\" class=\"wp-caption-text\">2 bornes pour 12.000 places de parking!<\/figcaption><\/figure>\n<p>&nbsp;<\/p>\n<p style=\"font-weight: 400;\">Vous l\u2019aurez compris\u00a0: il faut \u00e9norm\u00e9ment de chance pour que ces bornes soient disponibles\u2026 et la chance est un peu ce qui nous manquait durant ce voyage\u2026 Nous garons la voiture et allons profiter de notre journ\u00e9e, reportant ainsi ce probl\u00e8me \u00e0 plus tard.<\/p>\n<p style=\"font-weight: 400;\">Sauf que le lendemain, nous n\u2019avons eu d\u2019autre choix que de chercher une solution. En pleine journ\u00e9e, nous d\u00e9cidons donc de quitter Disneyland Paris pour nous rendre \u00e0 une station de charge. \u00a0Et l\u00e0 encore, ce fut le d\u00e9but d\u2019une\u2026 exp\u00e9rience.<\/p>\n<p style=\"font-weight: 400;\"><strong>Publiques, mais pas tout \u00e0 fait\u2026<\/strong><\/p>\n<p style=\"font-weight: 400;\">Nous nous rendons d\u2019abord sur l\u2019aire d\u2019autoroute de Ferri\u00e8res, o\u00f9 des bornes 175 kW sont annonc\u00e9es. Mais toutes sont en fait hors d\u2019usage dans les deux sens de circulation\u2026 Direction ensuite une zone de Superchargers Tesla \u00e0 proximit\u00e9, propos\u00e9e par le syst\u00e8me de navigation de notre v\u00e9hicule. Mais il s\u2019est av\u00e9r\u00e9 que ces Superchargers n\u2019\u00e9taient pas accessibles aux v\u00e9hicules non-Tesla\u2026 Nous nous rendons donc \u00e0 une autre borne \u00e0 proximit\u00e9, sur le site d\u2019un garage d\u2019une marque concurrente. L\u00e0, une borne 350 kW est annonc\u00e9e, mais le propri\u00e9taire a gentiment d\u00e9cid\u00e9 d\u2019en interdire l\u2019acc\u00e8s aux utilisateurs externes. Un panneau \u2018Cette borne est uniquement destin\u00e9e au personnel\u2019 est coll\u00e9 sur le dispositif permettant de badger. A travers les vitres de la concession, on aper\u00e7oit le personnel curieux qui nous regarde comme des animaux dans un zoo et n\u2019h\u00e9site pas \u00e0 nous montrer du doigt\u2026 Deux autres bornes (150 kW) sont toutefois disponibles. Nous nous rabattons donc sur l\u2019une d\u2019elles, mais apr\u00e8s seulement 5 minutes de charge, un \u00ab\u00a0clic\u00a0\u00bb se fait entendre dans la voiture. Je sors pour d\u00e9couvrir qu\u2019un message est apparu annon\u00e7ant que \u00ab\u00a0cette borne a \u00e9t\u00e9 d\u00e9sactiv\u00e9e \u00e0 distance\u00a0\u00bb. La borne voisine est \u00e9galement pass\u00e9e en rouge\u2026 Nous n\u2019\u00e9tions donc visiblement pas les bienvenus sur ces bornes, pourtant payantes\u00a0!<\/p>\n<p style=\"font-weight: 400;\">Direction un autre espace de chargement Superchargers o\u00f9 les bornes sont bien accessibles aux v\u00e9hicules non-Tesla. Mais il s\u2019est av\u00e9r\u00e9 que notre v\u00e9hicule n\u2019\u00e9tait, lui, pas compatible\u00a0!<\/p>\n<p style=\"font-weight: 400;\">D\u00e9sesp\u00e9r\u00e9s, nous nous sommes donc rendus sur le parking d\u2019un h\u00f4tel du complexe Disneyland dans lequel nous n\u2019\u00e9tions pas client et avons demand\u00e9 \u00e0 pouvoir entrer pour recharger notre v\u00e9hicule. Et l\u00e0 enfin, la chance nous a souri puisque le garde \u00e0 l\u2019entr\u00e9e a parfaitement compris notre situation et nous a laiss\u00e9 entrer. Nous avons pu y charger notre v\u00e9hicule pendant 5 heures pour r\u00e9cup\u00e9rer de quoi rentrer \u00e0 l\u2019h\u00f4tel le soir-m\u00eame. Et ce soir-l\u00e0, nous avons gar\u00e9 la voiture sur le parking d\u2019un concessionnaire automobile situ\u00e9 \u00e0 1,3 km de notre h\u00f4tel et avons rejoint celui-ci \u00e0 pied \u00e0 23h, histoire d\u2019avoir suffisamment de charge pour le trajet retour.<\/p>\n<p style=\"font-weight: 400;\"><strong>Retour comme sur des roulettes\u00a0!<\/strong><\/p>\n<p style=\"font-weight: 400;\">Trajet qui aura \u00e9t\u00e9, il faut le dire, plus simple que l\u2019aller. Nous avons d\u00e9marr\u00e9 \u00e0 9h30 et pris un caf\u00e9 1 heure plus tard sur l\u2019air de Ressons ou nous avions d\u00e9j\u00e0 pu charger \u00e0 l\u2019aller. Notons cependant que les 4 bornes d\u00e9j\u00e0 en panne le dimanche soir l\u2019\u00e9taient toujours 3 jours plus tard\u2026 Un second arr\u00eat de 30 minutes pour recharger et manger au Roeulx nous aura finalement permis de rentrer \u00e0 la maison avec plus de 250 km d\u2019autonomie restante.<\/p>\n<p style=\"font-weight: 400;\"><strong>Moralit\u00e9\u2026<\/strong><\/p>\n<p style=\"font-weight: 400;\">Contrairement aux messages des \u00e9lus fran\u00e7ais, le territoire du nord de la France n\u2019est pas encore suffisamment desservi en mati\u00e8re d\u2019infrastructure de recharge. Beaucoup de bornes se situent sur des espaces \u00e9loign\u00e9s de tout, dans des petits villages o\u00f9 elles n\u2019ont donc finalement d\u2019int\u00e9r\u00eat que pour les habitants locaux. D\u2019autant que ces bornes ne fournissent pas du tout la puissance qu\u2019elles annoncent sur les applications de recharge. Certaines ne fournissent pas davantage de puissance qu\u2019une simple prise domestique.<\/p>\n<p style=\"font-weight: 400;\">Bien qu\u2019annonc\u00e9es sur la applications, d\u2019autres bornes ne sont pas en \u00e9tat de marche ou sont d\u00e9fectueuses. D\u2019autres encore, \u00e9galement annonc\u00e9es sur les applications comme \u2018publiques\u2019, sont en r\u00e9alit\u00e9 limit\u00e9es \u00e0 l\u2019usage des clients ou du personnel d\u2019un commerce.<\/p>\n<p style=\"font-weight: 400;\">Des lieux de grand passage, comme le plus grand parc d\u2019attraction d\u2019Europe, n\u2019ont pas encore compris non plus la n\u00e9cessit\u00e9 d\u2019investir dans une infrastructure digne de ce nom\u2026<\/p>\n<p style=\"font-weight: 400;\">Si vous devez vous rendre en r\u00e9gion parisienne en voiture \u00e9lectrique, privil\u00e9giez donc les recharges sur des r\u00e9seaux internationaux comme Ionity ou Fastned, ce dernier \u00e9tant encore tr\u00e8s peu repr\u00e9sent\u00e9 sur le territoire fran\u00e7ais. Et surtout\u00a0: pr\u00e9voyez votre trajet \u00e0 l\u2019avance. V\u00e9rifier bien la distance entre les bornes et pr\u00e9voyez suffisamment d\u2019autonomie avant chaque arr\u00eat pour \u00e9ventuellement pouvoir vous rendre \u00e0 la station suivante sur votre plan car vous ne serez jamais \u00e0 l\u2019abri d\u2019une mauvaise surprise\u2026<\/p>\n<p style=\"font-weight: 400;\">\n","protected":false},"excerpt":{"rendered":"<p>Il est 16h ce 1er janvier 2023. Les bagages sont dans le coffre de notre voiture \u00e9lectrique d\u2019essai \u2013 une BYD Tang -, la batterie est enti\u00e8rement recharg\u00e9e et annonce 400 km d\u2019autonomie. C\u2019est exactement la distance qui nous s\u00e9pare du royaume de la plus c\u00e9l\u00e8bre souris au monde. Nous ne sommes toutefois pas na\u00effs\u00a0: [&hellip;]<\/p>\n","protected":false},"author":4,"featured_media":8496,"comment_status":"closed","ping_status":"closed","sticky":false,"template":"","format":"standard","meta":{"_acf_changed":false,"footnotes":""},"categories":[81,91],"tags":[],"class_list":["post-8495","post","type-post","status-publish","format-standard","has-post-thumbnail","hentry","category-gestion-de-carburant-et-energie","category-expertise-et-management"],"acf":[],"yoast_head":"<!-- This site is optimized with the Yoast SEO plugin v27.3 - https:\/\/yoast.com\/product\/yoast-seo-wordpress\/ -->\n<title>Trajet en \u00e9lectrique: quand le voyage au pays du r\u00eave se transforme en cauchemar ! - link2fleet<\/title>\n<meta name=\"description\" content=\"Quoi de mieux que de commencer l\u2019ann\u00e9e par quelques jours \u2018off\u2019, histoire de bien recharger ses batteries ?! C\u2019\u00e9tait ce que nous avions pr\u00e9vu en\u2026\" \/>\n<meta name=\"robots\" content=\"index, follow, max-snippet:-1, max-image-preview:large, max-video-preview:-1\" \/>\n<meta property=\"og:locale\" content=\"fr_FR\" \/>\n<meta property=\"og:type\" content=\"article\" \/>\n<meta property=\"og:title\" content=\"Trajet en \u00e9lectrique: quand le voyage au pays du r\u00eave se transforme en cauchemar ! - link2fleet\" \/>\n<meta property=\"og:description\" content=\"Quoi de mieux que de commencer l\u2019ann\u00e9e par quelques jours \u2018off\u2019, histoire de bien recharger ses batteries ?! C\u2019\u00e9tait ce que nous avions pr\u00e9vu en\u2026\" \/>\n<meta property=\"og:url\" content=\"https:\/\/www.link2fleet.com\/fr\/trajet-en-electrique-quand-le-voyage-au-pays-du-reve-se-transforme-en-cauchemar\/\" \/>\n<meta property=\"og:site_name\" content=\"link2fleet\" \/>\n<meta property=\"article:published_time\" content=\"2023-01-06T14:47:52+00:00\" \/>\n<meta property=\"og:image\" content=\"https:\/\/static.link2fleet.com\/wp-content\/uploads\/2024\/03\/trajet-en-ev.png\" \/>\n\t<meta property=\"og:image:width\" content=\"747\" \/>\n\t<meta property=\"og:image:height\" content=\"560\" \/>\n\t<meta property=\"og:image:type\" content=\"image\/png\" \/>\n<meta name=\"author\" content=\"Damien Malvetti\" \/>\n<meta name=\"twitter:card\" content=\"summary_large_image\" \/>\n<meta name=\"twitter:description\" content=\"Quoi de mieux que de commencer l\u2019ann\u00e9e par quelques jours \u2018off\u2019, histoire de bien recharger ses batteries ?! C\u2019\u00e9tait ce que nous avions pr\u00e9vu en\u2026\" \/>\n<meta name=\"twitter:label1\" content=\"\u00c9crit par\" \/>\n\t<meta name=\"twitter:data1\" content=\"Damien Malvetti\" \/>\n\t<meta name=\"twitter:label2\" content=\"Dur\u00e9e de lecture estim\u00e9e\" \/>\n\t<meta name=\"twitter:data2\" content=\"15 minutes\" \/>\n<script type=\"application\/ld+json\" class=\"yoast-schema-graph\">{\"@context\":\"https:\\\/\\\/schema.org\",\"@graph\":[{\"@type\":\"Article\",\"@id\":\"https:\\\/\\\/www.link2fleet.com\\\/fr\\\/trajet-en-electrique-quand-le-voyage-au-pays-du-reve-se-transforme-en-cauchemar\\\/#article\",\"isPartOf\":{\"@id\":\"https:\\\/\\\/www.link2fleet.com\\\/fr\\\/trajet-en-electrique-quand-le-voyage-au-pays-du-reve-se-transforme-en-cauchemar\\\/\"},\"author\":{\"name\":\"Damien Malvetti\",\"@id\":\"https:\\\/\\\/www.link2fleet.com\\\/fr\\\/#\\\/schema\\\/person\\\/027cd46113c78036b3809c9a054049da\"},\"headline\":\"Trajet en \u00e9lectrique: quand le voyage au pays du r\u00eave se transforme en cauchemar !\",\"datePublished\":\"2023-01-06T14:47:52+00:00\",\"mainEntityOfPage\":{\"@id\":\"https:\\\/\\\/www.link2fleet.com\\\/fr\\\/trajet-en-electrique-quand-le-voyage-au-pays-du-reve-se-transforme-en-cauchemar\\\/\"},\"wordCount\":2976,\"publisher\":{\"@id\":\"https:\\\/\\\/www.link2fleet.com\\\/fr\\\/#organization\"},\"image\":{\"@id\":\"https:\\\/\\\/www.link2fleet.com\\\/fr\\\/trajet-en-electrique-quand-le-voyage-au-pays-du-reve-se-transforme-en-cauchemar\\\/#primaryimage\"},\"thumbnailUrl\":\"https:\\\/\\\/static.link2fleet.com\\\/wp-content\\\/uploads\\\/2024\\\/03\\\/trajet-en-ev.png\",\"articleSection\":[\"Gestion carburant et de l'\u00e9nergie\",\"Gestion de flotte\"],\"inLanguage\":\"fr-FR\"},{\"@type\":\"WebPage\",\"@id\":\"https:\\\/\\\/www.link2fleet.com\\\/fr\\\/trajet-en-electrique-quand-le-voyage-au-pays-du-reve-se-transforme-en-cauchemar\\\/\",\"url\":\"https:\\\/\\\/www.link2fleet.com\\\/fr\\\/trajet-en-electrique-quand-le-voyage-au-pays-du-reve-se-transforme-en-cauchemar\\\/\",\"name\":\"Trajet en \u00e9lectrique: quand le voyage au pays du r\u00eave se transforme en cauchemar ! - link2fleet\",\"isPartOf\":{\"@id\":\"https:\\\/\\\/www.link2fleet.com\\\/fr\\\/#website\"},\"primaryImageOfPage\":{\"@id\":\"https:\\\/\\\/www.link2fleet.com\\\/fr\\\/trajet-en-electrique-quand-le-voyage-au-pays-du-reve-se-transforme-en-cauchemar\\\/#primaryimage\"},\"image\":{\"@id\":\"https:\\\/\\\/www.link2fleet.com\\\/fr\\\/trajet-en-electrique-quand-le-voyage-au-pays-du-reve-se-transforme-en-cauchemar\\\/#primaryimage\"},\"thumbnailUrl\":\"https:\\\/\\\/static.link2fleet.com\\\/wp-content\\\/uploads\\\/2024\\\/03\\\/trajet-en-ev.png\",\"datePublished\":\"2023-01-06T14:47:52+00:00\",\"breadcrumb\":{\"@id\":\"https:\\\/\\\/www.link2fleet.com\\\/fr\\\/trajet-en-electrique-quand-le-voyage-au-pays-du-reve-se-transforme-en-cauchemar\\\/#breadcrumb\"},\"inLanguage\":\"fr-FR\",\"potentialAction\":[{\"@type\":\"ReadAction\",\"target\":[\"https:\\\/\\\/www.link2fleet.com\\\/fr\\\/trajet-en-electrique-quand-le-voyage-au-pays-du-reve-se-transforme-en-cauchemar\\\/\"]}]},{\"@type\":\"ImageObject\",\"inLanguage\":\"fr-FR\",\"@id\":\"https:\\\/\\\/www.link2fleet.com\\\/fr\\\/trajet-en-electrique-quand-le-voyage-au-pays-du-reve-se-transforme-en-cauchemar\\\/#primaryimage\",\"url\":\"https:\\\/\\\/static.link2fleet.com\\\/wp-content\\\/uploads\\\/2024\\\/03\\\/trajet-en-ev.png\",\"contentUrl\":\"https:\\\/\\\/static.link2fleet.com\\\/wp-content\\\/uploads\\\/2024\\\/03\\\/trajet-en-ev.png\",\"width\":747,\"height\":560,\"caption\":\"|||In het donker is deze terminal bijna onmogelijk te vinden!||||\"},{\"@type\":\"BreadcrumbList\",\"@id\":\"https:\\\/\\\/www.link2fleet.com\\\/fr\\\/trajet-en-electrique-quand-le-voyage-au-pays-du-reve-se-transforme-en-cauchemar\\\/#breadcrumb\",\"itemListElement\":[{\"@type\":\"ListItem\",\"position\":1,\"name\":\"Home\",\"item\":\"https:\\\/\\\/www.link2fleet.com\\\/fr\\\/\"},{\"@type\":\"ListItem\",\"position\":2,\"name\":\"Trajet en \u00e9lectrique: quand le voyage au pays du r\u00eave se transforme en cauchemar !\"}]},{\"@type\":\"WebSite\",\"@id\":\"https:\\\/\\\/www.link2fleet.com\\\/fr\\\/#website\",\"url\":\"https:\\\/\\\/www.link2fleet.com\\\/fr\\\/\",\"name\":\"Link2fleet\",\"description\":\"\",\"publisher\":{\"@id\":\"https:\\\/\\\/www.link2fleet.com\\\/fr\\\/#organization\"},\"potentialAction\":[{\"@type\":\"SearchAction\",\"target\":{\"@type\":\"EntryPoint\",\"urlTemplate\":\"https:\\\/\\\/www.link2fleet.com\\\/fr\\\/?s={search_term_string}\"},\"query-input\":{\"@type\":\"PropertyValueSpecification\",\"valueRequired\":true,\"valueName\":\"search_term_string\"}}],\"inLanguage\":\"fr-FR\"},{\"@type\":\"Organization\",\"@id\":\"https:\\\/\\\/www.link2fleet.com\\\/fr\\\/#organization\",\"name\":\"Link2fleet\",\"url\":\"https:\\\/\\\/www.link2fleet.com\\\/fr\\\/\",\"logo\":{\"@type\":\"ImageObject\",\"inLanguage\":\"fr-FR\",\"@id\":\"https:\\\/\\\/www.link2fleet.com\\\/fr\\\/#\\\/schema\\\/logo\\\/image\\\/\",\"url\":\"https:\\\/\\\/static.link2fleet.com\\\/wp-content\\\/uploads\\\/2024\\\/03\\\/share-image.jpg\",\"contentUrl\":\"https:\\\/\\\/static.link2fleet.com\\\/wp-content\\\/uploads\\\/2024\\\/03\\\/share-image.jpg\",\"width\":1200,\"height\":630,\"caption\":\"Link2fleet\"},\"image\":{\"@id\":\"https:\\\/\\\/www.link2fleet.com\\\/fr\\\/#\\\/schema\\\/logo\\\/image\\\/\"},\"sameAs\":[\"https:\\\/\\\/www.linkedin.com\\\/company\\\/link2fleet-belgium\",\"https:\\\/\\\/www.youtube.com\\\/user\\\/MMMBMBE\"]},{\"@type\":\"Person\",\"@id\":\"https:\\\/\\\/www.link2fleet.com\\\/fr\\\/#\\\/schema\\\/person\\\/027cd46113c78036b3809c9a054049da\",\"name\":\"Damien Malvetti\",\"image\":{\"@type\":\"ImageObject\",\"inLanguage\":\"fr-FR\",\"@id\":\"https:\\\/\\\/secure.gravatar.com\\\/avatar\\\/dd8cc03b49466c735f753ac37f8caa371af16dfed347456ed61f02883255eebb?s=96&d=mm&r=g\",\"url\":\"https:\\\/\\\/secure.gravatar.com\\\/avatar\\\/dd8cc03b49466c735f753ac37f8caa371af16dfed347456ed61f02883255eebb?s=96&d=mm&r=g\",\"contentUrl\":\"https:\\\/\\\/secure.gravatar.com\\\/avatar\\\/dd8cc03b49466c735f753ac37f8caa371af16dfed347456ed61f02883255eebb?s=96&d=mm&r=g\",\"caption\":\"Damien Malvetti\"},\"description\":\"Damien Malvetti is opgeleid als journalist en gepassioneerd door wagens, technologie en mobiliteit. Hij is verantwoordelijk voor de redactionele inhoud van link2fleet en beschikt over een uitgebreide kennis van de fleet-sector en elektrische mobiliteit.\",\"sameAs\":[\"https:\\\/\\\/www.linkedin.com\\\/in\\\/damien-malvetti-56601142\\\/\"]}]}<\/script>\n<!-- \/ Yoast SEO plugin. -->","yoast_head_json":{"title":"Trajet en \u00e9lectrique: quand le voyage au pays du r\u00eave se transforme en cauchemar ! - link2fleet","description":"Quoi de mieux que de commencer l\u2019ann\u00e9e par quelques jours \u2018off\u2019, histoire de bien recharger ses batteries ?! C\u2019\u00e9tait ce que nous avions pr\u00e9vu en\u2026","robots":{"index":"index","follow":"follow","max-snippet":"max-snippet:-1","max-image-preview":"max-image-preview:large","max-video-preview":"max-video-preview:-1"},"og_locale":"fr_FR","og_type":"article","og_title":"Trajet en \u00e9lectrique: quand le voyage au pays du r\u00eave se transforme en cauchemar ! - link2fleet","og_description":"Quoi de mieux que de commencer l\u2019ann\u00e9e par quelques jours \u2018off\u2019, histoire de bien recharger ses batteries ?! C\u2019\u00e9tait ce que nous avions pr\u00e9vu en\u2026","og_url":"https:\/\/www.link2fleet.com\/fr\/trajet-en-electrique-quand-le-voyage-au-pays-du-reve-se-transforme-en-cauchemar\/","og_site_name":"link2fleet","article_published_time":"2023-01-06T14:47:52+00:00","og_image":[{"width":747,"height":560,"url":"https:\/\/static.link2fleet.com\/wp-content\/uploads\/2024\/03\/trajet-en-ev.png","type":"image\/png"}],"author":"Damien Malvetti","twitter_card":"summary_large_image","twitter_description":"Quoi de mieux que de commencer l\u2019ann\u00e9e par quelques jours \u2018off\u2019, histoire de bien recharger ses batteries ?! C\u2019\u00e9tait ce que nous avions pr\u00e9vu en\u2026","twitter_misc":{"\u00c9crit par":"Damien Malvetti","Dur\u00e9e de lecture estim\u00e9e":"15 minutes"},"schema":{"@context":"https:\/\/schema.org","@graph":[{"@type":"Article","@id":"https:\/\/www.link2fleet.com\/fr\/trajet-en-electrique-quand-le-voyage-au-pays-du-reve-se-transforme-en-cauchemar\/#article","isPartOf":{"@id":"https:\/\/www.link2fleet.com\/fr\/trajet-en-electrique-quand-le-voyage-au-pays-du-reve-se-transforme-en-cauchemar\/"},"author":{"name":"Damien Malvetti","@id":"https:\/\/www.link2fleet.com\/fr\/#\/schema\/person\/027cd46113c78036b3809c9a054049da"},"headline":"Trajet en \u00e9lectrique: quand le voyage au pays du r\u00eave se transforme en cauchemar !","datePublished":"2023-01-06T14:47:52+00:00","mainEntityOfPage":{"@id":"https:\/\/www.link2fleet.com\/fr\/trajet-en-electrique-quand-le-voyage-au-pays-du-reve-se-transforme-en-cauchemar\/"},"wordCount":2976,"publisher":{"@id":"https:\/\/www.link2fleet.com\/fr\/#organization"},"image":{"@id":"https:\/\/www.link2fleet.com\/fr\/trajet-en-electrique-quand-le-voyage-au-pays-du-reve-se-transforme-en-cauchemar\/#primaryimage"},"thumbnailUrl":"https:\/\/static.link2fleet.com\/wp-content\/uploads\/2024\/03\/trajet-en-ev.png","articleSection":["Gestion carburant et de l'\u00e9nergie","Gestion de flotte"],"inLanguage":"fr-FR"},{"@type":"WebPage","@id":"https:\/\/www.link2fleet.com\/fr\/trajet-en-electrique-quand-le-voyage-au-pays-du-reve-se-transforme-en-cauchemar\/","url":"https:\/\/www.link2fleet.com\/fr\/trajet-en-electrique-quand-le-voyage-au-pays-du-reve-se-transforme-en-cauchemar\/","name":"Trajet en \u00e9lectrique: quand le voyage au pays du r\u00eave se transforme en cauchemar ! - link2fleet","isPartOf":{"@id":"https:\/\/www.link2fleet.com\/fr\/#website"},"primaryImageOfPage":{"@id":"https:\/\/www.link2fleet.com\/fr\/trajet-en-electrique-quand-le-voyage-au-pays-du-reve-se-transforme-en-cauchemar\/#primaryimage"},"image":{"@id":"https:\/\/www.link2fleet.com\/fr\/trajet-en-electrique-quand-le-voyage-au-pays-du-reve-se-transforme-en-cauchemar\/#primaryimage"},"thumbnailUrl":"https:\/\/static.link2fleet.com\/wp-content\/uploads\/2024\/03\/trajet-en-ev.png","datePublished":"2023-01-06T14:47:52+00:00","breadcrumb":{"@id":"https:\/\/www.link2fleet.com\/fr\/trajet-en-electrique-quand-le-voyage-au-pays-du-reve-se-transforme-en-cauchemar\/#breadcrumb"},"inLanguage":"fr-FR","potentialAction":[{"@type":"ReadAction","target":["https:\/\/www.link2fleet.com\/fr\/trajet-en-electrique-quand-le-voyage-au-pays-du-reve-se-transforme-en-cauchemar\/"]}]},{"@type":"ImageObject","inLanguage":"fr-FR","@id":"https:\/\/www.link2fleet.com\/fr\/trajet-en-electrique-quand-le-voyage-au-pays-du-reve-se-transforme-en-cauchemar\/#primaryimage","url":"https:\/\/static.link2fleet.com\/wp-content\/uploads\/2024\/03\/trajet-en-ev.png","contentUrl":"https:\/\/static.link2fleet.com\/wp-content\/uploads\/2024\/03\/trajet-en-ev.png","width":747,"height":560,"caption":"|||In het donker is deze terminal bijna onmogelijk te vinden!||||"},{"@type":"BreadcrumbList","@id":"https:\/\/www.link2fleet.com\/fr\/trajet-en-electrique-quand-le-voyage-au-pays-du-reve-se-transforme-en-cauchemar\/#breadcrumb","itemListElement":[{"@type":"ListItem","position":1,"name":"Home","item":"https:\/\/www.link2fleet.com\/fr\/"},{"@type":"ListItem","position":2,"name":"Trajet en \u00e9lectrique: quand le voyage au pays du r\u00eave se transforme en cauchemar !"}]},{"@type":"WebSite","@id":"https:\/\/www.link2fleet.com\/fr\/#website","url":"https:\/\/www.link2fleet.com\/fr\/","name":"Link2fleet","description":"","publisher":{"@id":"https:\/\/www.link2fleet.com\/fr\/#organization"},"potentialAction":[{"@type":"SearchAction","target":{"@type":"EntryPoint","urlTemplate":"https:\/\/www.link2fleet.com\/fr\/?s={search_term_string}"},"query-input":{"@type":"PropertyValueSpecification","valueRequired":true,"valueName":"search_term_string"}}],"inLanguage":"fr-FR"},{"@type":"Organization","@id":"https:\/\/www.link2fleet.com\/fr\/#organization","name":"Link2fleet","url":"https:\/\/www.link2fleet.com\/fr\/","logo":{"@type":"ImageObject","inLanguage":"fr-FR","@id":"https:\/\/www.link2fleet.com\/fr\/#\/schema\/logo\/image\/","url":"https:\/\/static.link2fleet.com\/wp-content\/uploads\/2024\/03\/share-image.jpg","contentUrl":"https:\/\/static.link2fleet.com\/wp-content\/uploads\/2024\/03\/share-image.jpg","width":1200,"height":630,"caption":"Link2fleet"},"image":{"@id":"https:\/\/www.link2fleet.com\/fr\/#\/schema\/logo\/image\/"},"sameAs":["https:\/\/www.linkedin.com\/company\/link2fleet-belgium","https:\/\/www.youtube.com\/user\/MMMBMBE"]},{"@type":"Person","@id":"https:\/\/www.link2fleet.com\/fr\/#\/schema\/person\/027cd46113c78036b3809c9a054049da","name":"Damien Malvetti","image":{"@type":"ImageObject","inLanguage":"fr-FR","@id":"https:\/\/secure.gravatar.com\/avatar\/dd8cc03b49466c735f753ac37f8caa371af16dfed347456ed61f02883255eebb?s=96&d=mm&r=g","url":"https:\/\/secure.gravatar.com\/avatar\/dd8cc03b49466c735f753ac37f8caa371af16dfed347456ed61f02883255eebb?s=96&d=mm&r=g","contentUrl":"https:\/\/secure.gravatar.com\/avatar\/dd8cc03b49466c735f753ac37f8caa371af16dfed347456ed61f02883255eebb?s=96&d=mm&r=g","caption":"Damien Malvetti"},"description":"Damien Malvetti is opgeleid als journalist en gepassioneerd door wagens, technologie en mobiliteit. Hij is verantwoordelijk voor de redactionele inhoud van link2fleet en beschikt over een uitgebreide kennis van de fleet-sector en elektrische mobiliteit.","sameAs":["https:\/\/www.linkedin.com\/in\/damien-malvetti-56601142\/"]}]}},"_links":{"self":[{"href":"https:\/\/www.link2fleet.com\/fr\/wp-json\/wp\/v2\/posts\/8495","targetHints":{"allow":["GET"]}}],"collection":[{"href":"https:\/\/www.link2fleet.com\/fr\/wp-json\/wp\/v2\/posts"}],"about":[{"href":"https:\/\/www.link2fleet.com\/fr\/wp-json\/wp\/v2\/types\/post"}],"author":[{"embeddable":true,"href":"https:\/\/www.link2fleet.com\/fr\/wp-json\/wp\/v2\/users\/4"}],"replies":[{"embeddable":true,"href":"https:\/\/www.link2fleet.com\/fr\/wp-json\/wp\/v2\/comments?post=8495"}],"version-history":[{"count":0,"href":"https:\/\/www.link2fleet.com\/fr\/wp-json\/wp\/v2\/posts\/8495\/revisions"}],"wp:featuredmedia":[{"embeddable":true,"href":"https:\/\/www.link2fleet.com\/fr\/wp-json\/wp\/v2\/media\/8496"}],"wp:attachment":[{"href":"https:\/\/www.link2fleet.com\/fr\/wp-json\/wp\/v2\/media?parent=8495"}],"wp:term":[{"taxonomy":"category","embeddable":true,"href":"https:\/\/www.link2fleet.com\/fr\/wp-json\/wp\/v2\/categories?post=8495"},{"taxonomy":"post_tag","embeddable":true,"href":"https:\/\/www.link2fleet.com\/fr\/wp-json\/wp\/v2\/tags?post=8495"}],"curies":[{"name":"wp","href":"https:\/\/api.w.org\/{rel}","templated":true}]}}