{"id":8510,"date":"2023-01-10T10:53:15","date_gmt":"2023-01-10T09:53:15","guid":{"rendered":"https:\/\/www.link2fleet.com\/etude-webfleet-un-ev-connecte-peut-faire-economiser-plus-de-3500-e-par-an-aux-entreprises\/"},"modified":"2024-04-17T16:44:52","modified_gmt":"2024-04-17T14:44:52","slug":"etude-webfleet-un-ev-connecte-peut-faire-economiser-plus-de-3500-e-par-an-aux-entreprises","status":"publish","type":"post","link":"https:\/\/www.link2fleet.com\/fr\/etude-webfleet-un-ev-connecte-peut-faire-economiser-plus-de-3500-e-par-an-aux-entreprises\/","title":{"rendered":"Etude Webfleet: un EV connect\u00e9 peut faire \u00e9conomiser plus de 3500 \u20ac par an aux entreprises"},"content":{"rendered":"<p class=\"styles_paragraph__CxmiR\">Ces informations sont publi\u00e9es dans le premier opus de <a class=\"styles_link__UQc5p\" href=\"https:\/\/www.webfleet.com\/fr_fr\/webfleet\/blog\/lelectrification-par-la-donnee-1\/\" target=\"_self\" rel=\"noopener noreferrer\"><u><em>L\u2019Electrification par la donn\u00e9e<\/em><\/u><\/a><em>, <\/em>une s\u00e9rie de bilans dress\u00e9s au sujet des opportunit\u00e9s que repr\u00e9sentent les v\u00e9hicules \u00e9lectriques commerciaux, au moyen de donn\u00e9es t\u00e9l\u00e9matiques exclusives. Ce premier \u00e9tat des lieux livre des enseignements pr\u00e9cis sur la baisse potentielle en termes de co\u00fbts, de carburant consomm\u00e9 et d\u2019\u00e9missions de carbone \u00e9vit\u00e9es gr\u00e2ce \u00e0 l\u2019\u00e9lectrification d\u2019une flotte.<\/p>\n<p class=\"styles_paragraph__CxmiR\">Cette \u00e9tude pr\u00e9sente \u00e9galement les disparit\u00e9s d\u2019un pays \u00e0 l\u2019autre. Au Royaume-Uni et aux Pays-Bas, par exemple, le montant des \u00e9conomies r\u00e9alis\u00e9es d\u00e9passe les 3000\u00a0\u20ac, respectivement 3800 \u20ac et 3500\u00a0\u20ac par an, lors du passage \u00e0 un v\u00e9hicule \u00e9lectrique. En Belgique, au Danemark, en France et en Espagne, ce montant se situe entre 2000 et 3000 \u20ac, tandis qu&rsquo;en Allemagne, en Italie et en Pologne, il avoisine les 2000 \u20ac.<\/p>\n<blockquote class=\"Quote_container__ms7KM Quote_alignLeft__1_w_9\">\n<div class=\"Quote_content__DZCla\">\u00ab\u00a0Les \u00e9conomies significatives mises en exergue dans l\u2019\u00e9tude L\u2019Electrification par la donn\u00e9e montrent la pertinence d\u2019une strat\u00e9gie de passage d\u2019une flotte \u00e0 l\u2019\u00e9lectrique\u00a0\u00bb, souligne <strong>Taco van der Leij, vice-pr\u00e9sident de Webfleet Europe<\/strong>. \u00ab\u00a0Avec Webfleet, vous avez acc\u00e8s au diagnostic d\u2019\u00e9lectrification de flotte, une fonctionnalit\u00e9 qui indique clairement lequel de vos v\u00e9hicules traditionnels devrait \u00eatre remplac\u00e9 par un v\u00e9hicule \u00e9lectrique. Apr\u00e8s la hausse des prix du carburant en mars dernier, nous avons enregistr\u00e9 une hausse de 300% du taux d\u2019utilisation de cet outil. Cela prouve que l\u2019\u00e9lectrification des flottes est l\u2019une des pr\u00e9occupations majeures d\u2019un grand nombre d\u2019entreprises.\u00a0\u00bb<\/div>\n<\/blockquote>\n<blockquote class=\"Quote_container__ms7KM Quote_alignLeft__1_w_9\">\n<div class=\"Quote_content__DZCla\">\u00ab\u00a0Nous voulons montrer \u00e0 toutes les flottes qu\u2019un passage \u00e0 l\u2019\u00e9lectrique est bon pour la plan\u00e8te, mais aussi pour l\u2019entreprise et son activit\u00e9. Et plus la transition se fait t\u00f4t, mieux c\u2019est pour tout le monde\u00a0\u00bb.<\/div>\n<\/blockquote>\n<p class=\"styles_paragraph__CxmiR\">La solution de gestion de flottes \u00e9lectriques de Webfleet a \u00e9t\u00e9 con\u00e7ue pour aider les entreprises \u00e0 chaque \u00e9tape de leur transition, de la planification de l\u2019\u00e9lectrification au d\u00e9ploiement des nouveaux v\u00e9hicules verts, avec en bonus le suivi de leur utilisation, la gestion des op\u00e9rations de charge, la r\u00e9duction des co\u00fbts d\u2019exploitation et tout ce qui permet de tirer le meilleur parti d\u2019un passage au tout \u00e9lectrique.<\/p>\n<p><img loading=\"lazy\" decoding=\"async\" class=\"prezly-slate-media prezly-slate-image__media prezly-slate-media--image aligncenter\" title=\"\u00a0\" src=\"https:\/\/cdn.uc.assets.prezly.com\/7e49292a-14c4-41da-9de3-0ea1f11fe80f\/-\/format\/auto\/wf_1022_EV_infographic_FR.jpg\" srcset=\"\" alt=\"\u00a0\" width=\"562\" height=\"1613\" \/><\/p>\n","protected":false},"excerpt":{"rendered":"<p>Ces informations sont publi\u00e9es dans le premier opus de L\u2019Electrification par la donn\u00e9e, une s\u00e9rie de bilans dress\u00e9s au sujet des opportunit\u00e9s que repr\u00e9sentent les v\u00e9hicules \u00e9lectriques commerciaux, au moyen de donn\u00e9es t\u00e9l\u00e9matiques exclusives. Ce premier \u00e9tat des lieux livre des enseignements pr\u00e9cis sur la baisse potentielle en termes de co\u00fbts, de carburant consomm\u00e9 et [&hellip;]<\/p>\n","protected":false},"author":4,"featured_media":7397,"comment_status":"closed","ping_status":"closed","sticky":false,"template":"","format":"standard","meta":{"_acf_changed":false,"footnotes":""},"categories":[91,82],"tags":[],"class_list":["post-8510","post","type-post","status-publish","format-standard","has-post-thumbnail","hentry","category-expertise-et-management","category-connected-car-devices"],"acf":[],"yoast_head":"<!-- This site is optimized with the Yoast SEO plugin v27.3 - https:\/\/yoast.com\/product\/yoast-seo-wordpress\/ -->\n<title>Etude Webfleet: un EV connect\u00e9 peut faire \u00e9conomiser plus de 3500 \u20ac par an aux entreprises - link2fleet<\/title>\n<meta name=\"description\" content=\"Des donn\u00e9es publi\u00e9es par Webfleet, \u00e9diteur de la solution de gestion de flotte mondialement reconnue de Bridgestone, montrent que les flottes europ\u00e9ennes utilisatrices de v\u00e9hicules\u2026\" \/>\n<meta name=\"robots\" content=\"index, follow, max-snippet:-1, max-image-preview:large, max-video-preview:-1\" \/>\n<meta property=\"og:locale\" content=\"fr_FR\" \/>\n<meta property=\"og:type\" content=\"article\" \/>\n<meta property=\"og:title\" content=\"Etude Webfleet: un EV connect\u00e9 peut faire \u00e9conomiser plus de 3500 \u20ac par an aux entreprises - link2fleet\" \/>\n<meta property=\"og:description\" content=\"Des donn\u00e9es publi\u00e9es par Webfleet, \u00e9diteur de la solution de gestion de flotte mondialement reconnue de Bridgestone, montrent que les flottes europ\u00e9ennes utilisatrices de v\u00e9hicules\u2026\" \/>\n<meta property=\"og:url\" content=\"https:\/\/www.link2fleet.com\/fr\/etude-webfleet-un-ev-connecte-peut-faire-economiser-plus-de-3500-e-par-an-aux-entreprises\/\" \/>\n<meta property=\"og:site_name\" content=\"link2fleet\" \/>\n<meta property=\"article:published_time\" content=\"2023-01-10T09:53:15+00:00\" \/>\n<meta property=\"article:modified_time\" content=\"2024-04-17T14:44:52+00:00\" \/>\n<meta property=\"og:image\" content=\"https:\/\/static.link2fleet.com\/wp-content\/uploads\/2024\/03\/2022-01-electra-photo-42tif.jpg\" \/>\n\t<meta property=\"og:image:width\" content=\"2000\" \/>\n\t<meta property=\"og:image:height\" content=\"1333\" \/>\n\t<meta property=\"og:image:type\" content=\"image\/jpeg\" \/>\n<meta name=\"author\" content=\"Damien Malvetti\" \/>\n<meta name=\"twitter:card\" content=\"summary_large_image\" \/>\n<meta name=\"twitter:description\" content=\"Des donn\u00e9es publi\u00e9es par Webfleet, \u00e9diteur de la solution de gestion de flotte mondialement reconnue de Bridgestone, montrent que les flottes europ\u00e9ennes utilisatrices de v\u00e9hicules\u2026\" \/>\n<meta name=\"twitter:label1\" content=\"\u00c9crit par\" \/>\n\t<meta name=\"twitter:data1\" content=\"Damien Malvetti\" \/>\n\t<meta name=\"twitter:label2\" content=\"Dur\u00e9e de lecture estim\u00e9e\" \/>\n\t<meta name=\"twitter:data2\" content=\"2 minutes\" \/>\n<script type=\"application\/ld+json\" class=\"yoast-schema-graph\">{\"@context\":\"https:\\\/\\\/schema.org\",\"@graph\":[{\"@type\":\"Article\",\"@id\":\"https:\\\/\\\/www.link2fleet.com\\\/fr\\\/etude-webfleet-un-ev-connecte-peut-faire-economiser-plus-de-3500-e-par-an-aux-entreprises\\\/#article\",\"isPartOf\":{\"@id\":\"https:\\\/\\\/www.link2fleet.com\\\/fr\\\/etude-webfleet-un-ev-connecte-peut-faire-economiser-plus-de-3500-e-par-an-aux-entreprises\\\/\"},\"author\":{\"name\":\"Damien Malvetti\",\"@id\":\"https:\\\/\\\/www.link2fleet.com\\\/fr\\\/#\\\/schema\\\/person\\\/027cd46113c78036b3809c9a054049da\"},\"headline\":\"Etude Webfleet: un EV connect\u00e9 peut faire \u00e9conomiser plus de 3500 \u20ac par an aux entreprises\",\"datePublished\":\"2023-01-10T09:53:15+00:00\",\"dateModified\":\"2024-04-17T14:44:52+00:00\",\"mainEntityOfPage\":{\"@id\":\"https:\\\/\\\/www.link2fleet.com\\\/fr\\\/etude-webfleet-un-ev-connecte-peut-faire-economiser-plus-de-3500-e-par-an-aux-entreprises\\\/\"},\"wordCount\":392,\"publisher\":{\"@id\":\"https:\\\/\\\/www.link2fleet.com\\\/fr\\\/#organization\"},\"image\":{\"@id\":\"https:\\\/\\\/www.link2fleet.com\\\/fr\\\/etude-webfleet-un-ev-connecte-peut-faire-economiser-plus-de-3500-e-par-an-aux-entreprises\\\/#primaryimage\"},\"thumbnailUrl\":\"https:\\\/\\\/static.link2fleet.com\\\/wp-content\\\/uploads\\\/2024\\\/03\\\/2022-01-electra-photo-42tif.jpg\",\"articleSection\":[\"Gestion de flotte\",\"IT management et Connected cars\"],\"inLanguage\":\"fr-FR\"},{\"@type\":\"WebPage\",\"@id\":\"https:\\\/\\\/www.link2fleet.com\\\/fr\\\/etude-webfleet-un-ev-connecte-peut-faire-economiser-plus-de-3500-e-par-an-aux-entreprises\\\/\",\"url\":\"https:\\\/\\\/www.link2fleet.com\\\/fr\\\/etude-webfleet-un-ev-connecte-peut-faire-economiser-plus-de-3500-e-par-an-aux-entreprises\\\/\",\"name\":\"Etude Webfleet: un EV connect\u00e9 peut faire \u00e9conomiser plus de 3500 \u20ac par an aux entreprises - link2fleet\",\"isPartOf\":{\"@id\":\"https:\\\/\\\/www.link2fleet.com\\\/fr\\\/#website\"},\"primaryImageOfPage\":{\"@id\":\"https:\\\/\\\/www.link2fleet.com\\\/fr\\\/etude-webfleet-un-ev-connecte-peut-faire-economiser-plus-de-3500-e-par-an-aux-entreprises\\\/#primaryimage\"},\"image\":{\"@id\":\"https:\\\/\\\/www.link2fleet.com\\\/fr\\\/etude-webfleet-un-ev-connecte-peut-faire-economiser-plus-de-3500-e-par-an-aux-entreprises\\\/#primaryimage\"},\"thumbnailUrl\":\"https:\\\/\\\/static.link2fleet.com\\\/wp-content\\\/uploads\\\/2024\\\/03\\\/2022-01-electra-photo-42tif.jpg\",\"datePublished\":\"2023-01-10T09:53:15+00:00\",\"dateModified\":\"2024-04-17T14:44:52+00:00\",\"breadcrumb\":{\"@id\":\"https:\\\/\\\/www.link2fleet.com\\\/fr\\\/etude-webfleet-un-ev-connecte-peut-faire-economiser-plus-de-3500-e-par-an-aux-entreprises\\\/#breadcrumb\"},\"inLanguage\":\"fr-FR\",\"potentialAction\":[{\"@type\":\"ReadAction\",\"target\":[\"https:\\\/\\\/www.link2fleet.com\\\/fr\\\/etude-webfleet-un-ev-connecte-peut-faire-economiser-plus-de-3500-e-par-an-aux-entreprises\\\/\"]}]},{\"@type\":\"ImageObject\",\"inLanguage\":\"fr-FR\",\"@id\":\"https:\\\/\\\/www.link2fleet.com\\\/fr\\\/etude-webfleet-un-ev-connecte-peut-faire-economiser-plus-de-3500-e-par-an-aux-entreprises\\\/#primaryimage\",\"url\":\"https:\\\/\\\/static.link2fleet.com\\\/wp-content\\\/uploads\\\/2024\\\/03\\\/2022-01-electra-photo-42tif.jpg\",\"contentUrl\":\"https:\\\/\\\/static.link2fleet.com\\\/wp-content\\\/uploads\\\/2024\\\/03\\\/2022-01-electra-photo-42tif.jpg\",\"width\":2000,\"height\":1333,\"caption\":\"ELECTRA - Reportage sur bornes de recharge de voiture\"},{\"@type\":\"BreadcrumbList\",\"@id\":\"https:\\\/\\\/www.link2fleet.com\\\/fr\\\/etude-webfleet-un-ev-connecte-peut-faire-economiser-plus-de-3500-e-par-an-aux-entreprises\\\/#breadcrumb\",\"itemListElement\":[{\"@type\":\"ListItem\",\"position\":1,\"name\":\"Home\",\"item\":\"https:\\\/\\\/www.link2fleet.com\\\/fr\\\/\"},{\"@type\":\"ListItem\",\"position\":2,\"name\":\"Etude Webfleet: un EV connect\u00e9 peut faire \u00e9conomiser plus de 3500 \u20ac par an aux entreprises\"}]},{\"@type\":\"WebSite\",\"@id\":\"https:\\\/\\\/www.link2fleet.com\\\/fr\\\/#website\",\"url\":\"https:\\\/\\\/www.link2fleet.com\\\/fr\\\/\",\"name\":\"Link2fleet\",\"description\":\"\",\"publisher\":{\"@id\":\"https:\\\/\\\/www.link2fleet.com\\\/fr\\\/#organization\"},\"potentialAction\":[{\"@type\":\"SearchAction\",\"target\":{\"@type\":\"EntryPoint\",\"urlTemplate\":\"https:\\\/\\\/www.link2fleet.com\\\/fr\\\/?s={search_term_string}\"},\"query-input\":{\"@type\":\"PropertyValueSpecification\",\"valueRequired\":true,\"valueName\":\"search_term_string\"}}],\"inLanguage\":\"fr-FR\"},{\"@type\":\"Organization\",\"@id\":\"https:\\\/\\\/www.link2fleet.com\\\/fr\\\/#organization\",\"name\":\"Link2fleet\",\"url\":\"https:\\\/\\\/www.link2fleet.com\\\/fr\\\/\",\"logo\":{\"@type\":\"ImageObject\",\"inLanguage\":\"fr-FR\",\"@id\":\"https:\\\/\\\/www.link2fleet.com\\\/fr\\\/#\\\/schema\\\/logo\\\/image\\\/\",\"url\":\"https:\\\/\\\/static.link2fleet.com\\\/wp-content\\\/uploads\\\/2024\\\/03\\\/share-image.jpg\",\"contentUrl\":\"https:\\\/\\\/static.link2fleet.com\\\/wp-content\\\/uploads\\\/2024\\\/03\\\/share-image.jpg\",\"width\":1200,\"height\":630,\"caption\":\"Link2fleet\"},\"image\":{\"@id\":\"https:\\\/\\\/www.link2fleet.com\\\/fr\\\/#\\\/schema\\\/logo\\\/image\\\/\"},\"sameAs\":[\"https:\\\/\\\/www.linkedin.com\\\/company\\\/link2fleet-belgium\",\"https:\\\/\\\/www.youtube.com\\\/user\\\/MMMBMBE\"]},{\"@type\":\"Person\",\"@id\":\"https:\\\/\\\/www.link2fleet.com\\\/fr\\\/#\\\/schema\\\/person\\\/027cd46113c78036b3809c9a054049da\",\"name\":\"Damien Malvetti\",\"image\":{\"@type\":\"ImageObject\",\"inLanguage\":\"fr-FR\",\"@id\":\"https:\\\/\\\/secure.gravatar.com\\\/avatar\\\/dd8cc03b49466c735f753ac37f8caa371af16dfed347456ed61f02883255eebb?s=96&d=mm&r=g\",\"url\":\"https:\\\/\\\/secure.gravatar.com\\\/avatar\\\/dd8cc03b49466c735f753ac37f8caa371af16dfed347456ed61f02883255eebb?s=96&d=mm&r=g\",\"contentUrl\":\"https:\\\/\\\/secure.gravatar.com\\\/avatar\\\/dd8cc03b49466c735f753ac37f8caa371af16dfed347456ed61f02883255eebb?s=96&d=mm&r=g\",\"caption\":\"Damien Malvetti\"},\"description\":\"Damien Malvetti is opgeleid als journalist en gepassioneerd door wagens, technologie en mobiliteit. Hij is verantwoordelijk voor de redactionele inhoud van link2fleet en beschikt over een uitgebreide kennis van de fleet-sector en elektrische mobiliteit.\",\"sameAs\":[\"https:\\\/\\\/www.linkedin.com\\\/in\\\/damien-malvetti-56601142\\\/\"]}]}<\/script>\n<!-- \/ Yoast SEO plugin. -->","yoast_head_json":{"title":"Etude Webfleet: un EV connect\u00e9 peut faire \u00e9conomiser plus de 3500 \u20ac par an aux entreprises - link2fleet","description":"Des donn\u00e9es publi\u00e9es par Webfleet, \u00e9diteur de la solution de gestion de flotte mondialement reconnue de Bridgestone, montrent que les flottes europ\u00e9ennes utilisatrices de v\u00e9hicules\u2026","robots":{"index":"index","follow":"follow","max-snippet":"max-snippet:-1","max-image-preview":"max-image-preview:large","max-video-preview":"max-video-preview:-1"},"og_locale":"fr_FR","og_type":"article","og_title":"Etude Webfleet: un EV connect\u00e9 peut faire \u00e9conomiser plus de 3500 \u20ac par an aux entreprises - link2fleet","og_description":"Des donn\u00e9es publi\u00e9es par Webfleet, \u00e9diteur de la solution de gestion de flotte mondialement reconnue de Bridgestone, montrent que les flottes europ\u00e9ennes utilisatrices de v\u00e9hicules\u2026","og_url":"https:\/\/www.link2fleet.com\/fr\/etude-webfleet-un-ev-connecte-peut-faire-economiser-plus-de-3500-e-par-an-aux-entreprises\/","og_site_name":"link2fleet","article_published_time":"2023-01-10T09:53:15+00:00","article_modified_time":"2024-04-17T14:44:52+00:00","og_image":[{"width":2000,"height":1333,"url":"https:\/\/static.link2fleet.com\/wp-content\/uploads\/2024\/03\/2022-01-electra-photo-42tif.jpg","type":"image\/jpeg"}],"author":"Damien Malvetti","twitter_card":"summary_large_image","twitter_description":"Des donn\u00e9es publi\u00e9es par Webfleet, \u00e9diteur de la solution de gestion de flotte mondialement reconnue de Bridgestone, montrent que les flottes europ\u00e9ennes utilisatrices de v\u00e9hicules\u2026","twitter_misc":{"\u00c9crit par":"Damien Malvetti","Dur\u00e9e de lecture estim\u00e9e":"2 minutes"},"schema":{"@context":"https:\/\/schema.org","@graph":[{"@type":"Article","@id":"https:\/\/www.link2fleet.com\/fr\/etude-webfleet-un-ev-connecte-peut-faire-economiser-plus-de-3500-e-par-an-aux-entreprises\/#article","isPartOf":{"@id":"https:\/\/www.link2fleet.com\/fr\/etude-webfleet-un-ev-connecte-peut-faire-economiser-plus-de-3500-e-par-an-aux-entreprises\/"},"author":{"name":"Damien Malvetti","@id":"https:\/\/www.link2fleet.com\/fr\/#\/schema\/person\/027cd46113c78036b3809c9a054049da"},"headline":"Etude Webfleet: un EV connect\u00e9 peut faire \u00e9conomiser plus de 3500 \u20ac par an aux entreprises","datePublished":"2023-01-10T09:53:15+00:00","dateModified":"2024-04-17T14:44:52+00:00","mainEntityOfPage":{"@id":"https:\/\/www.link2fleet.com\/fr\/etude-webfleet-un-ev-connecte-peut-faire-economiser-plus-de-3500-e-par-an-aux-entreprises\/"},"wordCount":392,"publisher":{"@id":"https:\/\/www.link2fleet.com\/fr\/#organization"},"image":{"@id":"https:\/\/www.link2fleet.com\/fr\/etude-webfleet-un-ev-connecte-peut-faire-economiser-plus-de-3500-e-par-an-aux-entreprises\/#primaryimage"},"thumbnailUrl":"https:\/\/static.link2fleet.com\/wp-content\/uploads\/2024\/03\/2022-01-electra-photo-42tif.jpg","articleSection":["Gestion de flotte","IT management et Connected cars"],"inLanguage":"fr-FR"},{"@type":"WebPage","@id":"https:\/\/www.link2fleet.com\/fr\/etude-webfleet-un-ev-connecte-peut-faire-economiser-plus-de-3500-e-par-an-aux-entreprises\/","url":"https:\/\/www.link2fleet.com\/fr\/etude-webfleet-un-ev-connecte-peut-faire-economiser-plus-de-3500-e-par-an-aux-entreprises\/","name":"Etude Webfleet: un EV connect\u00e9 peut faire \u00e9conomiser plus de 3500 \u20ac par an aux entreprises - link2fleet","isPartOf":{"@id":"https:\/\/www.link2fleet.com\/fr\/#website"},"primaryImageOfPage":{"@id":"https:\/\/www.link2fleet.com\/fr\/etude-webfleet-un-ev-connecte-peut-faire-economiser-plus-de-3500-e-par-an-aux-entreprises\/#primaryimage"},"image":{"@id":"https:\/\/www.link2fleet.com\/fr\/etude-webfleet-un-ev-connecte-peut-faire-economiser-plus-de-3500-e-par-an-aux-entreprises\/#primaryimage"},"thumbnailUrl":"https:\/\/static.link2fleet.com\/wp-content\/uploads\/2024\/03\/2022-01-electra-photo-42tif.jpg","datePublished":"2023-01-10T09:53:15+00:00","dateModified":"2024-04-17T14:44:52+00:00","breadcrumb":{"@id":"https:\/\/www.link2fleet.com\/fr\/etude-webfleet-un-ev-connecte-peut-faire-economiser-plus-de-3500-e-par-an-aux-entreprises\/#breadcrumb"},"inLanguage":"fr-FR","potentialAction":[{"@type":"ReadAction","target":["https:\/\/www.link2fleet.com\/fr\/etude-webfleet-un-ev-connecte-peut-faire-economiser-plus-de-3500-e-par-an-aux-entreprises\/"]}]},{"@type":"ImageObject","inLanguage":"fr-FR","@id":"https:\/\/www.link2fleet.com\/fr\/etude-webfleet-un-ev-connecte-peut-faire-economiser-plus-de-3500-e-par-an-aux-entreprises\/#primaryimage","url":"https:\/\/static.link2fleet.com\/wp-content\/uploads\/2024\/03\/2022-01-electra-photo-42tif.jpg","contentUrl":"https:\/\/static.link2fleet.com\/wp-content\/uploads\/2024\/03\/2022-01-electra-photo-42tif.jpg","width":2000,"height":1333,"caption":"ELECTRA - Reportage sur bornes de recharge de voiture"},{"@type":"BreadcrumbList","@id":"https:\/\/www.link2fleet.com\/fr\/etude-webfleet-un-ev-connecte-peut-faire-economiser-plus-de-3500-e-par-an-aux-entreprises\/#breadcrumb","itemListElement":[{"@type":"ListItem","position":1,"name":"Home","item":"https:\/\/www.link2fleet.com\/fr\/"},{"@type":"ListItem","position":2,"name":"Etude Webfleet: un EV connect\u00e9 peut faire \u00e9conomiser plus de 3500 \u20ac par an aux entreprises"}]},{"@type":"WebSite","@id":"https:\/\/www.link2fleet.com\/fr\/#website","url":"https:\/\/www.link2fleet.com\/fr\/","name":"Link2fleet","description":"","publisher":{"@id":"https:\/\/www.link2fleet.com\/fr\/#organization"},"potentialAction":[{"@type":"SearchAction","target":{"@type":"EntryPoint","urlTemplate":"https:\/\/www.link2fleet.com\/fr\/?s={search_term_string}"},"query-input":{"@type":"PropertyValueSpecification","valueRequired":true,"valueName":"search_term_string"}}],"inLanguage":"fr-FR"},{"@type":"Organization","@id":"https:\/\/www.link2fleet.com\/fr\/#organization","name":"Link2fleet","url":"https:\/\/www.link2fleet.com\/fr\/","logo":{"@type":"ImageObject","inLanguage":"fr-FR","@id":"https:\/\/www.link2fleet.com\/fr\/#\/schema\/logo\/image\/","url":"https:\/\/static.link2fleet.com\/wp-content\/uploads\/2024\/03\/share-image.jpg","contentUrl":"https:\/\/static.link2fleet.com\/wp-content\/uploads\/2024\/03\/share-image.jpg","width":1200,"height":630,"caption":"Link2fleet"},"image":{"@id":"https:\/\/www.link2fleet.com\/fr\/#\/schema\/logo\/image\/"},"sameAs":["https:\/\/www.linkedin.com\/company\/link2fleet-belgium","https:\/\/www.youtube.com\/user\/MMMBMBE"]},{"@type":"Person","@id":"https:\/\/www.link2fleet.com\/fr\/#\/schema\/person\/027cd46113c78036b3809c9a054049da","name":"Damien Malvetti","image":{"@type":"ImageObject","inLanguage":"fr-FR","@id":"https:\/\/secure.gravatar.com\/avatar\/dd8cc03b49466c735f753ac37f8caa371af16dfed347456ed61f02883255eebb?s=96&d=mm&r=g","url":"https:\/\/secure.gravatar.com\/avatar\/dd8cc03b49466c735f753ac37f8caa371af16dfed347456ed61f02883255eebb?s=96&d=mm&r=g","contentUrl":"https:\/\/secure.gravatar.com\/avatar\/dd8cc03b49466c735f753ac37f8caa371af16dfed347456ed61f02883255eebb?s=96&d=mm&r=g","caption":"Damien Malvetti"},"description":"Damien Malvetti is opgeleid als journalist en gepassioneerd door wagens, technologie en mobiliteit. Hij is verantwoordelijk voor de redactionele inhoud van link2fleet en beschikt over een uitgebreide kennis van de fleet-sector en elektrische mobiliteit.","sameAs":["https:\/\/www.linkedin.com\/in\/damien-malvetti-56601142\/"]}]}},"_links":{"self":[{"href":"https:\/\/www.link2fleet.com\/fr\/wp-json\/wp\/v2\/posts\/8510","targetHints":{"allow":["GET"]}}],"collection":[{"href":"https:\/\/www.link2fleet.com\/fr\/wp-json\/wp\/v2\/posts"}],"about":[{"href":"https:\/\/www.link2fleet.com\/fr\/wp-json\/wp\/v2\/types\/post"}],"author":[{"embeddable":true,"href":"https:\/\/www.link2fleet.com\/fr\/wp-json\/wp\/v2\/users\/4"}],"replies":[{"embeddable":true,"href":"https:\/\/www.link2fleet.com\/fr\/wp-json\/wp\/v2\/comments?post=8510"}],"version-history":[{"count":0,"href":"https:\/\/www.link2fleet.com\/fr\/wp-json\/wp\/v2\/posts\/8510\/revisions"}],"wp:featuredmedia":[{"embeddable":true,"href":"https:\/\/www.link2fleet.com\/fr\/wp-json\/wp\/v2\/media\/7397"}],"wp:attachment":[{"href":"https:\/\/www.link2fleet.com\/fr\/wp-json\/wp\/v2\/media?parent=8510"}],"wp:term":[{"taxonomy":"category","embeddable":true,"href":"https:\/\/www.link2fleet.com\/fr\/wp-json\/wp\/v2\/categories?post=8510"},{"taxonomy":"post_tag","embeddable":true,"href":"https:\/\/www.link2fleet.com\/fr\/wp-json\/wp\/v2\/tags?post=8510"}],"curies":[{"name":"wp","href":"https:\/\/api.w.org\/{rel}","templated":true}]}}