{"id":8511,"date":"2023-01-12T07:25:04","date_gmt":"2023-01-12T06:25:04","guid":{"rendered":"https:\/\/www.link2fleet.com\/top-10-des-voitures-de-societe-les-plus-commandees-en-2022\/"},"modified":"2024-04-17T16:44:51","modified_gmt":"2024-04-17T14:44:51","slug":"top-10-des-voitures-de-societe-les-plus-commandees-en-2022","status":"publish","type":"post","link":"https:\/\/www.link2fleet.com\/fr\/top-10-des-voitures-de-societe-les-plus-commandees-en-2022\/","title":{"rendered":"Top 10 des voitures de soci\u00e9t\u00e9 les plus command\u00e9es en 2022"},"content":{"rendered":"<p>Sept SUV \u00e9lectriques, deux SUV hybrides plug-in et une voiture compacte \u00e0 moteur thermique. <a href=\"https:\/\/news.bepublic.be\/top-10-vaakst-bestelde-bedrijfswagens-tijdens-eerste-helft-2022-7-elektrische-suvs-2-plug-inhybride-suvs-en--de-volkswagen-golf-met-benzinemotor\">Voil\u00e0 \u00e0 quoi ressemble le top\u00a010 des voitures de soci\u00e9t\u00e9 les plus command\u00e9es au cours du premier semestre de l\u2019ann\u00e9e derni\u00e8re, <\/a>tel qu\u2019\u00e9tabli par le leader du march\u00e9 Arval. Mais un dernier sprint men\u00e9 par plusieurs hybrides plug-in et mod\u00e8les \u00e0 moteur hybride ou classique a emp\u00each\u00e9 que le bilan final de 2022 ne soit enti\u00e8rement \u00e9lectrique. N\u00e9anmoins, la majorit\u00e9 des voitures de soci\u00e9t\u00e9 command\u00e9es l\u2019ann\u00e9e derni\u00e8re, mais immatricul\u00e9es cette ann\u00e9e en raison des longs d\u00e9lais de livraison, sont rechargeables. Les motorisations classiques (essence et diesel) repr\u00e9sentaient au second semestre de 2022 un tiers des commandes pass\u00e9es chez le leader du march\u00e9 Arval, avec 30\u00a0% de voitures enti\u00e8rement \u00e9lectriques et quelque 35\u00a0% de voitures hybrides plug-in \u00e0 l\u2019issue du sprint final de fin d\u2019ann\u00e9e.<\/p>\n<p><strong>Le top\u00a03 domin\u00e9 par des voitures rechargeables<br \/>\n\u200b<\/strong>De nombreux conducteurs de voitures de soci\u00e9t\u00e9 ont opt\u00e9 d\u00e8s la mi-2022 pour la derni\u00e8re version de la BMW\u00a0X1 PHEV, avec seulement 23\u00a0gr d\u2019\u00e9missions de CO2\u2009; d\u2019autres ont choisi tr\u00e8s souvent tout au long de l\u2019ann\u00e9e le SUV enti\u00e8rement \u00e9lectrique ID.4 de Volkswagen ou l\u2019EQA de Mercedes.<\/p>\n<blockquote><p><em>\u00ab\u2009La X1 figurait d\u00e9j\u00e0 parmi les v\u00e9hicules favoris de soci\u00e9t\u00e9, mais dans cette nouvelle version \u00e0 faible \u00e9mission de CO2, ce SUV hybride plug-in qui, sur le plan fiscal, est aussi avantageux pour les entreprises en termes de d\u00e9ductibilit\u00e9 que pour les travailleurs en termes d\u2019avantages toute nature, s\u2019en sort quasiment aussi bien qu\u2019une voiture enti\u00e8rement \u00e9lectrique. Il faut n\u00e9anmoins avoir la bonne discipline de recharge n\u00e9cessaire et \u00e9viter de trop souvent compter uniquement sur le moteur thermique. Il n\u2019est pas surprenant non plus que les deux autres v\u00e9hicules sur le podium soient des SUV, vu que ce sont des mod\u00e8les qui au niveau mondial demeurent tr\u00e8s populaires.\u2009\u00bb<br \/>\n\u200b<\/em>Yves Ceurstemont, Head of Arval Mobility Observatory Belgium<\/p><\/blockquote>\n<figure class=\"release-content-image release-content-image--contained release-content-image--align-center\" data-component=\"image-zoom-popup\" data-image-zoom-popup-selector=\".release-content-image__image\" data-image-zoom-popup-i18n=\"data:application\/json;base64,eyJEb3dubG9hZCI6IkRvd25sb2FkIn0=\" data-image-zoom-popup-tracking-views-event=\"Story Image View\" data-image-zoom-popup-tracking-download-event=\"Story Image Download\" data-image-zoom-popup-placement=\"content\">\n<div class=\"image-thumbnail-rollover\">\n<p><img decoding=\"async\" id=\"image-3b90a226-75c6-4751-9fc2-e71021079e1a\" class=\"release-content-image__image image-thumbnail-rollover__image\" src=\"https:\/\/cdn.uc.assets.prezly.com\/3b90a226-75c6-4751-9fc2-e71021079e1a\/-\/format\/auto\/\" alt=\"Story image\" data-description=\"\" data-id=\"3b90a226-75c6-4751-9fc2-e71021079e1a\" data-original=\"https:\/\/cdn.uc.assets.prezly.com\/3b90a226-75c6-4751-9fc2-e71021079e1a\/-\/inline\/no\/image.png\" data-mfp-src=\"https:\/\/cdn.uc.assets.prezly.com\/3b90a226-75c6-4751-9fc2-e71021079e1a\/-\/format\/auto\/\" \/><\/p>\n<div class=\"image-thumbnail-rollover__caption\"><\/div>\n<\/div><figcaption class=\"release-content-image__caption\"><\/figcaption><\/figure>\n<p><strong>Des classiques de niche<br \/>\n\u200b<\/strong>Deux voitures \u00e9quip\u00e9es d\u2019un moteur thermique classique se sont class\u00e9es dans le top\u00a010 au cours du premier semestre de 2022\u00a0: la Peugeot\u00a0308, le seul break, et la s\u00e9rie\u00a01 de BMW, la seule compacte du classement.<br \/>\n\u200b<\/p>\n<blockquote><p><em>\u00ab\u2009L\u2019engouement pour la 308\u00a0SW et la s\u00e9rie\u00a01 s\u2019explique par le fait que, dans leur segment de march\u00e9, il n\u2019existait que tr\u00e8s peu d\u2019alternatives \u00e9lectriques, bien que plusieurs marques commencent progressivement \u00e0 proposer un mod\u00e8le break \u00e9lectrique dans leur gamme. Au cours du second semestre de 2022, nous avons vu par exemple certains types de berlines enti\u00e8rement \u00e9lectriques gagner en popularit\u00e9. Une fois que l\u2019\u00e9lectrification aura gagn\u00e9 d\u2019autres mod\u00e8les de voiture, les constructeurs se concentrant aujourd\u2019hui prioritairement sur les fameux SUV, cela se refl\u00e8tera \u00e0 terme aussi bien dans les chiffres que sur les routes.\u2009\u00bb<\/em><br \/>\n\u200bYves Ceurstemont, Head of Arval Mobility Observatory Belgium<\/p><\/blockquote>\n<figure class=\"release-content-image release-content-image--contained release-content-image--align-center\" data-component=\"image-zoom-popup\" data-image-zoom-popup-selector=\".release-content-image__image\" data-image-zoom-popup-i18n=\"data:application\/json;base64,eyJEb3dubG9hZCI6IkRvd25sb2FkIn0=\" data-image-zoom-popup-tracking-views-event=\"Story Image View\" data-image-zoom-popup-tracking-download-event=\"Story Image Download\" data-image-zoom-popup-placement=\"content\">\n<div class=\"image-thumbnail-rollover\">\n<p><img decoding=\"async\" id=\"image-3831bf79-3714-4a16-b1ee-55347344adcd\" class=\"release-content-image__image image-thumbnail-rollover__image\" src=\"https:\/\/cdn.uc.assets.prezly.com\/3831bf79-3714-4a16-b1ee-55347344adcd\/-\/format\/auto\/\" alt=\"Story image\" data-description=\"\" data-id=\"3831bf79-3714-4a16-b1ee-55347344adcd\" data-original=\"https:\/\/cdn.uc.assets.prezly.com\/3831bf79-3714-4a16-b1ee-55347344adcd\/-\/inline\/no\/image.png\" data-mfp-src=\"https:\/\/cdn.uc.assets.prezly.com\/3831bf79-3714-4a16-b1ee-55347344adcd\/-\/format\/auto\/\" \/><\/p>\n<div class=\"image-thumbnail-rollover__caption\"><\/div>\n<\/div><figcaption class=\"release-content-image__caption\"><\/figcaption><\/figure>\n<p><strong>Une ann\u00e9e\u00a02023 scind\u00e9e<br \/>\n\u200b<\/strong>Une premi\u00e8re modification de la l\u00e9gislation fiscale est entr\u00e9e en vigueur au 1er\u00a0janvier, r\u00e9duisant la d\u00e9ductibilit\u00e9 des frais de carburant pour une voiture hybride plug-in, command\u00e9e \u00e0 partir de cette date, \u00e0 50\u00a0% contre 100\u00a0% auparavant. Mais la modification la plus importante aura lieu le 1<sup>er<\/sup>\u00a0juillet 2023. Les employeurs devront payer la taxe CO2, multipli\u00e9e par un certain facteur, pour toute nouvelle voiture \u00e0 \u00e9mission de CO2. Par ailleurs, la d\u00e9ductibilit\u00e9 fiscale sera d\u00e9gressive pour ce type de voitures d\u00e8s 2025 pour arriver \u00e0 0\u00a0% en 2028. \u200b<\/p>\n<p>Arval s\u2019attend donc \u00e0 une ann\u00e9e\u00a02023 scind\u00e9e en ce qui concerne les commandes de voitures, avec un premier semestre assez similaire au second semestre de 2022 et un glissement net et \u00e9vident d\u00e8s l\u2019\u00e9t\u00e9\u00a02023 vers les BEV en raison de la fiscalit\u00e9.<\/p>\n<blockquote><p><em>\u00ab\u2009Pour autant que le PHEV soit utilis\u00e9 \u00e0 bon escient, il peut encore s\u2019av\u00e9rer int\u00e9ressant de le commander jusqu\u2019au 31\u00a0juin 2023. En raison de leurs faibles \u00e9missions de CO2, leur d\u00e9duction est fiscalement avantageuse et le calcul de l\u2019avantage tout nature reste attrayant. Mais d\u00e8s le 1er\u00a0juillet, toutes les voitures de soci\u00e9t\u00e9 \u00e0 \u00e9missions de C02 seront sanctionn\u00e9es fiscalement. L\u2019augmentation du nombre de voitures rechargeables command\u00e9es au cours des 12\u00a0prochains mois ne fait par cons\u00e9quent aucun doute.\u2009\u00bb<br \/>\n\u200b<\/em>Yves Ceurstemont, Head of Arval Mobility Observatory Belgium<\/p><\/blockquote>\n","protected":false},"excerpt":{"rendered":"<p>Sept SUV \u00e9lectriques, deux SUV hybrides plug-in et une voiture compacte \u00e0 moteur thermique. Voil\u00e0 \u00e0 quoi ressemble le top\u00a010 des voitures de soci\u00e9t\u00e9 les plus command\u00e9es au cours du premier semestre de l\u2019ann\u00e9e derni\u00e8re, tel qu\u2019\u00e9tabli par le leader du march\u00e9 Arval. Mais un dernier sprint men\u00e9 par plusieurs hybrides plug-in et mod\u00e8les \u00e0 [&hellip;]<\/p>\n","protected":false},"author":4,"featured_media":7793,"comment_status":"closed","ping_status":"closed","sticky":false,"template":"","format":"standard","meta":{"_acf_changed":false,"footnotes":""},"categories":[91,79],"tags":[],"class_list":["post-8511","post","type-post","status-publish","format-standard","has-post-thumbnail","hentry","category-expertise-et-management","category-societes-de-leasing"],"acf":[],"yoast_head":"<!-- This site is optimized with the Yoast SEO plugin v27.3 - https:\/\/yoast.com\/product\/yoast-seo-wordpress\/ -->\n<title>Top 10 des voitures de soci\u00e9t\u00e9 les plus command\u00e9es en 2022 - link2fleet<\/title>\n<meta name=\"description\" content=\"Avec cinq voitures enti\u00e8rement \u00e9lectriques et trois hybrides plug-in, le classement des dix voitures les plus command\u00e9es en 2022 est domin\u00e9 par les voitures \u00e9lectriques,\u2026\" \/>\n<meta name=\"robots\" content=\"index, follow, max-snippet:-1, max-image-preview:large, max-video-preview:-1\" \/>\n<meta property=\"og:locale\" content=\"fr_FR\" \/>\n<meta property=\"og:type\" content=\"article\" \/>\n<meta property=\"og:title\" content=\"Top 10 des voitures de soci\u00e9t\u00e9 les plus command\u00e9es en 2022 - link2fleet\" \/>\n<meta property=\"og:description\" content=\"Avec cinq voitures enti\u00e8rement \u00e9lectriques et trois hybrides plug-in, le classement des dix voitures les plus command\u00e9es en 2022 est domin\u00e9 par les voitures \u00e9lectriques,\u2026\" \/>\n<meta property=\"og:url\" content=\"https:\/\/www.link2fleet.com\/fr\/top-10-des-voitures-de-societe-les-plus-commandees-en-2022\/\" \/>\n<meta property=\"og:site_name\" content=\"link2fleet\" \/>\n<meta property=\"article:published_time\" content=\"2023-01-12T06:25:04+00:00\" \/>\n<meta property=\"article:modified_time\" content=\"2024-04-17T14:44:51+00:00\" \/>\n<meta property=\"og:image\" content=\"https:\/\/static.link2fleet.com\/wp-content\/uploads\/2024\/03\/bmw-ix1-xdrive30-44.jpg\" \/>\n\t<meta property=\"og:image:width\" content=\"1200\" \/>\n\t<meta property=\"og:image:height\" content=\"800\" \/>\n\t<meta property=\"og:image:type\" content=\"image\/jpeg\" \/>\n<meta name=\"author\" content=\"Damien Malvetti\" \/>\n<meta name=\"twitter:card\" content=\"summary_large_image\" \/>\n<meta name=\"twitter:description\" content=\"Avec cinq voitures enti\u00e8rement \u00e9lectriques et trois hybrides plug-in, le classement des dix voitures les plus command\u00e9es en 2022 est domin\u00e9 par les voitures \u00e9lectriques,\u2026\" \/>\n<meta name=\"twitter:label1\" content=\"\u00c9crit par\" \/>\n\t<meta name=\"twitter:data1\" content=\"Damien Malvetti\" \/>\n\t<meta name=\"twitter:label2\" content=\"Dur\u00e9e de lecture estim\u00e9e\" \/>\n\t<meta name=\"twitter:data2\" content=\"4 minutes\" \/>\n<script type=\"application\/ld+json\" class=\"yoast-schema-graph\">{\"@context\":\"https:\\\/\\\/schema.org\",\"@graph\":[{\"@type\":\"Article\",\"@id\":\"https:\\\/\\\/www.link2fleet.com\\\/fr\\\/top-10-des-voitures-de-societe-les-plus-commandees-en-2022\\\/#article\",\"isPartOf\":{\"@id\":\"https:\\\/\\\/www.link2fleet.com\\\/fr\\\/top-10-des-voitures-de-societe-les-plus-commandees-en-2022\\\/\"},\"author\":{\"name\":\"Damien Malvetti\",\"@id\":\"https:\\\/\\\/www.link2fleet.com\\\/fr\\\/#\\\/schema\\\/person\\\/027cd46113c78036b3809c9a054049da\"},\"headline\":\"Top 10 des voitures de soci\u00e9t\u00e9 les plus command\u00e9es en 2022\",\"datePublished\":\"2023-01-12T06:25:04+00:00\",\"dateModified\":\"2024-04-17T14:44:51+00:00\",\"mainEntityOfPage\":{\"@id\":\"https:\\\/\\\/www.link2fleet.com\\\/fr\\\/top-10-des-voitures-de-societe-les-plus-commandees-en-2022\\\/\"},\"wordCount\":747,\"publisher\":{\"@id\":\"https:\\\/\\\/www.link2fleet.com\\\/fr\\\/#organization\"},\"image\":{\"@id\":\"https:\\\/\\\/www.link2fleet.com\\\/fr\\\/top-10-des-voitures-de-societe-les-plus-commandees-en-2022\\\/#primaryimage\"},\"thumbnailUrl\":\"https:\\\/\\\/static.link2fleet.com\\\/wp-content\\\/uploads\\\/2024\\\/03\\\/bmw-ix1-xdrive30-44.jpg\",\"articleSection\":[\"Gestion de flotte\",\"Location long-terme\"],\"inLanguage\":\"fr-FR\"},{\"@type\":\"WebPage\",\"@id\":\"https:\\\/\\\/www.link2fleet.com\\\/fr\\\/top-10-des-voitures-de-societe-les-plus-commandees-en-2022\\\/\",\"url\":\"https:\\\/\\\/www.link2fleet.com\\\/fr\\\/top-10-des-voitures-de-societe-les-plus-commandees-en-2022\\\/\",\"name\":\"Top 10 des voitures de soci\u00e9t\u00e9 les plus command\u00e9es en 2022 - link2fleet\",\"isPartOf\":{\"@id\":\"https:\\\/\\\/www.link2fleet.com\\\/fr\\\/#website\"},\"primaryImageOfPage\":{\"@id\":\"https:\\\/\\\/www.link2fleet.com\\\/fr\\\/top-10-des-voitures-de-societe-les-plus-commandees-en-2022\\\/#primaryimage\"},\"image\":{\"@id\":\"https:\\\/\\\/www.link2fleet.com\\\/fr\\\/top-10-des-voitures-de-societe-les-plus-commandees-en-2022\\\/#primaryimage\"},\"thumbnailUrl\":\"https:\\\/\\\/static.link2fleet.com\\\/wp-content\\\/uploads\\\/2024\\\/03\\\/bmw-ix1-xdrive30-44.jpg\",\"datePublished\":\"2023-01-12T06:25:04+00:00\",\"dateModified\":\"2024-04-17T14:44:51+00:00\",\"breadcrumb\":{\"@id\":\"https:\\\/\\\/www.link2fleet.com\\\/fr\\\/top-10-des-voitures-de-societe-les-plus-commandees-en-2022\\\/#breadcrumb\"},\"inLanguage\":\"fr-FR\",\"potentialAction\":[{\"@type\":\"ReadAction\",\"target\":[\"https:\\\/\\\/www.link2fleet.com\\\/fr\\\/top-10-des-voitures-de-societe-les-plus-commandees-en-2022\\\/\"]}]},{\"@type\":\"ImageObject\",\"inLanguage\":\"fr-FR\",\"@id\":\"https:\\\/\\\/www.link2fleet.com\\\/fr\\\/top-10-des-voitures-de-societe-les-plus-commandees-en-2022\\\/#primaryimage\",\"url\":\"https:\\\/\\\/static.link2fleet.com\\\/wp-content\\\/uploads\\\/2024\\\/03\\\/bmw-ix1-xdrive30-44.jpg\",\"contentUrl\":\"https:\\\/\\\/static.link2fleet.com\\\/wp-content\\\/uploads\\\/2024\\\/03\\\/bmw-ix1-xdrive30-44.jpg\",\"width\":1200,\"height\":800,\"caption\":\"BMW iX1 xDrive30\"},{\"@type\":\"BreadcrumbList\",\"@id\":\"https:\\\/\\\/www.link2fleet.com\\\/fr\\\/top-10-des-voitures-de-societe-les-plus-commandees-en-2022\\\/#breadcrumb\",\"itemListElement\":[{\"@type\":\"ListItem\",\"position\":1,\"name\":\"Home\",\"item\":\"https:\\\/\\\/www.link2fleet.com\\\/fr\\\/\"},{\"@type\":\"ListItem\",\"position\":2,\"name\":\"Top 10 des voitures de soci\u00e9t\u00e9 les plus command\u00e9es en 2022\"}]},{\"@type\":\"WebSite\",\"@id\":\"https:\\\/\\\/www.link2fleet.com\\\/fr\\\/#website\",\"url\":\"https:\\\/\\\/www.link2fleet.com\\\/fr\\\/\",\"name\":\"Link2fleet\",\"description\":\"\",\"publisher\":{\"@id\":\"https:\\\/\\\/www.link2fleet.com\\\/fr\\\/#organization\"},\"potentialAction\":[{\"@type\":\"SearchAction\",\"target\":{\"@type\":\"EntryPoint\",\"urlTemplate\":\"https:\\\/\\\/www.link2fleet.com\\\/fr\\\/?s={search_term_string}\"},\"query-input\":{\"@type\":\"PropertyValueSpecification\",\"valueRequired\":true,\"valueName\":\"search_term_string\"}}],\"inLanguage\":\"fr-FR\"},{\"@type\":\"Organization\",\"@id\":\"https:\\\/\\\/www.link2fleet.com\\\/fr\\\/#organization\",\"name\":\"Link2fleet\",\"url\":\"https:\\\/\\\/www.link2fleet.com\\\/fr\\\/\",\"logo\":{\"@type\":\"ImageObject\",\"inLanguage\":\"fr-FR\",\"@id\":\"https:\\\/\\\/www.link2fleet.com\\\/fr\\\/#\\\/schema\\\/logo\\\/image\\\/\",\"url\":\"https:\\\/\\\/static.link2fleet.com\\\/wp-content\\\/uploads\\\/2024\\\/03\\\/share-image.jpg\",\"contentUrl\":\"https:\\\/\\\/static.link2fleet.com\\\/wp-content\\\/uploads\\\/2024\\\/03\\\/share-image.jpg\",\"width\":1200,\"height\":630,\"caption\":\"Link2fleet\"},\"image\":{\"@id\":\"https:\\\/\\\/www.link2fleet.com\\\/fr\\\/#\\\/schema\\\/logo\\\/image\\\/\"},\"sameAs\":[\"https:\\\/\\\/www.linkedin.com\\\/company\\\/link2fleet-belgium\",\"https:\\\/\\\/www.youtube.com\\\/user\\\/MMMBMBE\"]},{\"@type\":\"Person\",\"@id\":\"https:\\\/\\\/www.link2fleet.com\\\/fr\\\/#\\\/schema\\\/person\\\/027cd46113c78036b3809c9a054049da\",\"name\":\"Damien Malvetti\",\"image\":{\"@type\":\"ImageObject\",\"inLanguage\":\"fr-FR\",\"@id\":\"https:\\\/\\\/secure.gravatar.com\\\/avatar\\\/dd8cc03b49466c735f753ac37f8caa371af16dfed347456ed61f02883255eebb?s=96&d=mm&r=g\",\"url\":\"https:\\\/\\\/secure.gravatar.com\\\/avatar\\\/dd8cc03b49466c735f753ac37f8caa371af16dfed347456ed61f02883255eebb?s=96&d=mm&r=g\",\"contentUrl\":\"https:\\\/\\\/secure.gravatar.com\\\/avatar\\\/dd8cc03b49466c735f753ac37f8caa371af16dfed347456ed61f02883255eebb?s=96&d=mm&r=g\",\"caption\":\"Damien Malvetti\"},\"description\":\"Damien Malvetti is opgeleid als journalist en gepassioneerd door wagens, technologie en mobiliteit. Hij is verantwoordelijk voor de redactionele inhoud van link2fleet en beschikt over een uitgebreide kennis van de fleet-sector en elektrische mobiliteit.\",\"sameAs\":[\"https:\\\/\\\/www.linkedin.com\\\/in\\\/damien-malvetti-56601142\\\/\"]}]}<\/script>\n<!-- \/ Yoast SEO plugin. -->","yoast_head_json":{"title":"Top 10 des voitures de soci\u00e9t\u00e9 les plus command\u00e9es en 2022 - link2fleet","description":"Avec cinq voitures enti\u00e8rement \u00e9lectriques et trois hybrides plug-in, le classement des dix voitures les plus command\u00e9es en 2022 est domin\u00e9 par les voitures \u00e9lectriques,\u2026","robots":{"index":"index","follow":"follow","max-snippet":"max-snippet:-1","max-image-preview":"max-image-preview:large","max-video-preview":"max-video-preview:-1"},"og_locale":"fr_FR","og_type":"article","og_title":"Top 10 des voitures de soci\u00e9t\u00e9 les plus command\u00e9es en 2022 - link2fleet","og_description":"Avec cinq voitures enti\u00e8rement \u00e9lectriques et trois hybrides plug-in, le classement des dix voitures les plus command\u00e9es en 2022 est domin\u00e9 par les voitures \u00e9lectriques,\u2026","og_url":"https:\/\/www.link2fleet.com\/fr\/top-10-des-voitures-de-societe-les-plus-commandees-en-2022\/","og_site_name":"link2fleet","article_published_time":"2023-01-12T06:25:04+00:00","article_modified_time":"2024-04-17T14:44:51+00:00","og_image":[{"width":1200,"height":800,"url":"https:\/\/static.link2fleet.com\/wp-content\/uploads\/2024\/03\/bmw-ix1-xdrive30-44.jpg","type":"image\/jpeg"}],"author":"Damien Malvetti","twitter_card":"summary_large_image","twitter_description":"Avec cinq voitures enti\u00e8rement \u00e9lectriques et trois hybrides plug-in, le classement des dix voitures les plus command\u00e9es en 2022 est domin\u00e9 par les voitures \u00e9lectriques,\u2026","twitter_misc":{"\u00c9crit par":"Damien Malvetti","Dur\u00e9e de lecture estim\u00e9e":"4 minutes"},"schema":{"@context":"https:\/\/schema.org","@graph":[{"@type":"Article","@id":"https:\/\/www.link2fleet.com\/fr\/top-10-des-voitures-de-societe-les-plus-commandees-en-2022\/#article","isPartOf":{"@id":"https:\/\/www.link2fleet.com\/fr\/top-10-des-voitures-de-societe-les-plus-commandees-en-2022\/"},"author":{"name":"Damien Malvetti","@id":"https:\/\/www.link2fleet.com\/fr\/#\/schema\/person\/027cd46113c78036b3809c9a054049da"},"headline":"Top 10 des voitures de soci\u00e9t\u00e9 les plus command\u00e9es en 2022","datePublished":"2023-01-12T06:25:04+00:00","dateModified":"2024-04-17T14:44:51+00:00","mainEntityOfPage":{"@id":"https:\/\/www.link2fleet.com\/fr\/top-10-des-voitures-de-societe-les-plus-commandees-en-2022\/"},"wordCount":747,"publisher":{"@id":"https:\/\/www.link2fleet.com\/fr\/#organization"},"image":{"@id":"https:\/\/www.link2fleet.com\/fr\/top-10-des-voitures-de-societe-les-plus-commandees-en-2022\/#primaryimage"},"thumbnailUrl":"https:\/\/static.link2fleet.com\/wp-content\/uploads\/2024\/03\/bmw-ix1-xdrive30-44.jpg","articleSection":["Gestion de flotte","Location long-terme"],"inLanguage":"fr-FR"},{"@type":"WebPage","@id":"https:\/\/www.link2fleet.com\/fr\/top-10-des-voitures-de-societe-les-plus-commandees-en-2022\/","url":"https:\/\/www.link2fleet.com\/fr\/top-10-des-voitures-de-societe-les-plus-commandees-en-2022\/","name":"Top 10 des voitures de soci\u00e9t\u00e9 les plus command\u00e9es en 2022 - link2fleet","isPartOf":{"@id":"https:\/\/www.link2fleet.com\/fr\/#website"},"primaryImageOfPage":{"@id":"https:\/\/www.link2fleet.com\/fr\/top-10-des-voitures-de-societe-les-plus-commandees-en-2022\/#primaryimage"},"image":{"@id":"https:\/\/www.link2fleet.com\/fr\/top-10-des-voitures-de-societe-les-plus-commandees-en-2022\/#primaryimage"},"thumbnailUrl":"https:\/\/static.link2fleet.com\/wp-content\/uploads\/2024\/03\/bmw-ix1-xdrive30-44.jpg","datePublished":"2023-01-12T06:25:04+00:00","dateModified":"2024-04-17T14:44:51+00:00","breadcrumb":{"@id":"https:\/\/www.link2fleet.com\/fr\/top-10-des-voitures-de-societe-les-plus-commandees-en-2022\/#breadcrumb"},"inLanguage":"fr-FR","potentialAction":[{"@type":"ReadAction","target":["https:\/\/www.link2fleet.com\/fr\/top-10-des-voitures-de-societe-les-plus-commandees-en-2022\/"]}]},{"@type":"ImageObject","inLanguage":"fr-FR","@id":"https:\/\/www.link2fleet.com\/fr\/top-10-des-voitures-de-societe-les-plus-commandees-en-2022\/#primaryimage","url":"https:\/\/static.link2fleet.com\/wp-content\/uploads\/2024\/03\/bmw-ix1-xdrive30-44.jpg","contentUrl":"https:\/\/static.link2fleet.com\/wp-content\/uploads\/2024\/03\/bmw-ix1-xdrive30-44.jpg","width":1200,"height":800,"caption":"BMW iX1 xDrive30"},{"@type":"BreadcrumbList","@id":"https:\/\/www.link2fleet.com\/fr\/top-10-des-voitures-de-societe-les-plus-commandees-en-2022\/#breadcrumb","itemListElement":[{"@type":"ListItem","position":1,"name":"Home","item":"https:\/\/www.link2fleet.com\/fr\/"},{"@type":"ListItem","position":2,"name":"Top 10 des voitures de soci\u00e9t\u00e9 les plus command\u00e9es en 2022"}]},{"@type":"WebSite","@id":"https:\/\/www.link2fleet.com\/fr\/#website","url":"https:\/\/www.link2fleet.com\/fr\/","name":"Link2fleet","description":"","publisher":{"@id":"https:\/\/www.link2fleet.com\/fr\/#organization"},"potentialAction":[{"@type":"SearchAction","target":{"@type":"EntryPoint","urlTemplate":"https:\/\/www.link2fleet.com\/fr\/?s={search_term_string}"},"query-input":{"@type":"PropertyValueSpecification","valueRequired":true,"valueName":"search_term_string"}}],"inLanguage":"fr-FR"},{"@type":"Organization","@id":"https:\/\/www.link2fleet.com\/fr\/#organization","name":"Link2fleet","url":"https:\/\/www.link2fleet.com\/fr\/","logo":{"@type":"ImageObject","inLanguage":"fr-FR","@id":"https:\/\/www.link2fleet.com\/fr\/#\/schema\/logo\/image\/","url":"https:\/\/static.link2fleet.com\/wp-content\/uploads\/2024\/03\/share-image.jpg","contentUrl":"https:\/\/static.link2fleet.com\/wp-content\/uploads\/2024\/03\/share-image.jpg","width":1200,"height":630,"caption":"Link2fleet"},"image":{"@id":"https:\/\/www.link2fleet.com\/fr\/#\/schema\/logo\/image\/"},"sameAs":["https:\/\/www.linkedin.com\/company\/link2fleet-belgium","https:\/\/www.youtube.com\/user\/MMMBMBE"]},{"@type":"Person","@id":"https:\/\/www.link2fleet.com\/fr\/#\/schema\/person\/027cd46113c78036b3809c9a054049da","name":"Damien Malvetti","image":{"@type":"ImageObject","inLanguage":"fr-FR","@id":"https:\/\/secure.gravatar.com\/avatar\/dd8cc03b49466c735f753ac37f8caa371af16dfed347456ed61f02883255eebb?s=96&d=mm&r=g","url":"https:\/\/secure.gravatar.com\/avatar\/dd8cc03b49466c735f753ac37f8caa371af16dfed347456ed61f02883255eebb?s=96&d=mm&r=g","contentUrl":"https:\/\/secure.gravatar.com\/avatar\/dd8cc03b49466c735f753ac37f8caa371af16dfed347456ed61f02883255eebb?s=96&d=mm&r=g","caption":"Damien Malvetti"},"description":"Damien Malvetti is opgeleid als journalist en gepassioneerd door wagens, technologie en mobiliteit. Hij is verantwoordelijk voor de redactionele inhoud van link2fleet en beschikt over een uitgebreide kennis van de fleet-sector en elektrische mobiliteit.","sameAs":["https:\/\/www.linkedin.com\/in\/damien-malvetti-56601142\/"]}]}},"_links":{"self":[{"href":"https:\/\/www.link2fleet.com\/fr\/wp-json\/wp\/v2\/posts\/8511","targetHints":{"allow":["GET"]}}],"collection":[{"href":"https:\/\/www.link2fleet.com\/fr\/wp-json\/wp\/v2\/posts"}],"about":[{"href":"https:\/\/www.link2fleet.com\/fr\/wp-json\/wp\/v2\/types\/post"}],"author":[{"embeddable":true,"href":"https:\/\/www.link2fleet.com\/fr\/wp-json\/wp\/v2\/users\/4"}],"replies":[{"embeddable":true,"href":"https:\/\/www.link2fleet.com\/fr\/wp-json\/wp\/v2\/comments?post=8511"}],"version-history":[{"count":0,"href":"https:\/\/www.link2fleet.com\/fr\/wp-json\/wp\/v2\/posts\/8511\/revisions"}],"wp:featuredmedia":[{"embeddable":true,"href":"https:\/\/www.link2fleet.com\/fr\/wp-json\/wp\/v2\/media\/7793"}],"wp:attachment":[{"href":"https:\/\/www.link2fleet.com\/fr\/wp-json\/wp\/v2\/media?parent=8511"}],"wp:term":[{"taxonomy":"category","embeddable":true,"href":"https:\/\/www.link2fleet.com\/fr\/wp-json\/wp\/v2\/categories?post=8511"},{"taxonomy":"post_tag","embeddable":true,"href":"https:\/\/www.link2fleet.com\/fr\/wp-json\/wp\/v2\/tags?post=8511"}],"curies":[{"name":"wp","href":"https:\/\/api.w.org\/{rel}","templated":true}]}}