{"id":8513,"date":"2023-01-10T23:12:31","date_gmt":"2023-01-10T22:12:31","guid":{"rendered":"https:\/\/www.link2fleet.com\/tout-ce-quil-faut-savoir-pour-bien-gerer-votre-flotte-en-2023\/"},"modified":"2023-01-10T23:12:31","modified_gmt":"2023-01-10T22:12:31","slug":"tout-ce-quil-faut-savoir-pour-bien-gerer-votre-flotte-en-2023","status":"publish","type":"post","link":"https:\/\/www.link2fleet.com\/fr\/tout-ce-quil-faut-savoir-pour-bien-gerer-votre-flotte-en-2023\/","title":{"rendered":"Tout ce qu&rsquo;il faut savoir pour bien g\u00e9rer votre flotte en 2023"},"content":{"rendered":"<p>Le mois de janvier \u00e0 peine d\u00e9but\u00e9, nous avions d\u00e9j\u00e0 donn\u00e9 notre premier rendez-vous incontournable de l&rsquo;ann\u00e9e aux gestionnaires de flotte: notre <strong>Virtual Motor Show 2023<\/strong>, bas\u00e9 sur le succ\u00e8s des \u00e9ditions de deux ann\u00e9es pr\u00e9c\u00e9dentes.<\/p>\n<p><a href=\"https:\/\/www.link2fleet.com\/fr\/dating\/events-page\/virtual-motor-show\/\">Le Virtual Motor Show<\/a>, ce sont deux sessions digitales et un magazine enti\u00e8rement interactif avec des vid\u00e9os et des contenus digitaux via lequel nos sp\u00e9cialistes et experts vous donnent les cl\u00e9s pour vous pr\u00e9parer \u00e0 cette ann\u00e9e 2023. Une ann\u00e9e plac\u00e9e sous le signe des \u00e9volutions fiscales, des nouvelles tendances en mati\u00e8re de modes de financement et surtout de&#8230; l&rsquo;\u00e9lectrification! Voici tout ce que vous devez retenir de ce premier webinaire Virtual Motor Show.<\/p>\n<p>Vous n&rsquo;avez pas envie de tout lire? <strong>Vous pouvez aussi <a href=\"https:\/\/mailchi.mp\/link2fleet.com\/j0lfjrl3if\">revoir l&rsquo;int\u00e9gralit\u00e9 de cette premi\u00e8re session via ce lien<\/a>.<\/strong><\/p>\n<h2><strong>Les nouveaut\u00e9s fleet de 2023 <\/strong><\/h2>\n<p><strong>Dieter Quartier<\/strong>, journaliste et sp\u00e9cialiste automobile, nous a pr\u00e9sent\u00e9 un aper\u00e7u des nouveaut\u00e9s fleet \u00e0 attendre en 2023. Il nous serait impossible de r\u00e9sumer ici la totalit\u00e9 de cette pr\u00e9sentation, mais vous pouvez retrouver un aper\u00e7u d\u00e9taill\u00e9 de toutes les nouveaut\u00e9s dans notre<a href=\"https:\/\/www.link2fleet.com\/fr\/magazines\/link2fleet-251-experts-guide-2023\/\"> link2fleet Experts Guide<\/a>.<\/p>\n<p><strong>Kaat Van Severen<\/strong> a mis le focus sur les nouveaut\u00e9s \u00e0 attendre au sein du groupe Astara. Chez Maxus, le tr\u00e8s spacieux Mifa 9 avec 7 places va faire son arriv\u00e9e sur le march\u00e9, tandis que MG proposera sa MG4, petite soeur de la MG5. Hyundai arrive aussi avec de nouveaux EV&rsquo;s. L&rsquo;Ioniq 6, qui annonce jusqu&rsquo;\u00e0 614 km d&rsquo;autonomie et la Kona, attendue pour le second trimestre. Kaat s&rsquo;est aussi attard\u00e9e sur la nouvelle marque du groupe Astara: Silence, des scooters et nano cars avec un pack de batteries interchangeables.<\/p>\n<p><strong>Bart Van Rossen\u00a0<\/strong>a quant \u00e0 lui fait le point des nouveaut\u00e9s au sein de la gamme Ford. Il a notamment point\u00e9 la KUGO tr\u00e8s bien \u00e9quip\u00e9e, la MUSTANG MACH-E, la FOCUS mise \u00e0 jour, mais aussi la PUMA, bient\u00f4t \u00e9galement disponible en full \u00e9lectrique. Mais Ford va aussi lancer pas moins de 5 mod\u00e8les commerciaux enti\u00e8rement \u00e9lectrifi\u00e9s sur le march\u00e9 sous des noms tr\u00e8s connus comme Transit ou Tourner.<\/p>\n<p>Pour notre partenaire Kia, c&rsquo;est\u00a0<strong>Virginie Geuskens<\/strong> et\u00a0<strong>Jean-Fran\u00e7ois Mailleux <\/strong>qui ont pu venir nous pr\u00e9senter les nouveaut\u00e9s \u00e0 venir au sein de la marque du constructeur cor\u00e9en. Il y a bien s\u00fbr la famille Ceed tr\u00e8s populaire en fleet, mais aussi la Niro, finaliste de l&rsquo;\u00e9lection Car of the Year, disponible aussi bien en HEV, PHEV que full \u00e9lectrique. Autre mod\u00e8le tr\u00e8s populaire, le Sportage est aussi disponible en version HEV et PHEV et l&rsquo;EV6, Car of the Year 2022 ainsi que l&rsquo;EV9, un SUV 7 places qui sera bient\u00f4t disponible en EV.<\/p>\n<p>Que doit-on attendre de Volvo? Les mod\u00e8les fabriqu\u00e9s en Belgique XC40 et C40 ont re\u00e7u un update et sont d\u00e9sormais \u00e9quip\u00e9s d&rsquo;un nouveau moteur qui augmente leur autonomie. <strong>Steven Trentin<\/strong> a aussi parl\u00e9 de la toute nouvelle EX90, un 7 places \u00e0 la pointe de la s\u00e9curit\u00e9 qui compte pas moins de 16 radars et 8 cam\u00e9ras.<\/p>\n<h2>Nouveaut\u00e9s fiscales en mati\u00e8re de voitures et bornes de recharge<\/h2>\n<p>Apr\u00e8s avoir pu admirer les images de tous ces futurs mod\u00e8les, il \u00e9tait temps d&rsquo;informer nos participants sur la fiscalit\u00e9 changeante de cette ann\u00e9e. C&rsquo;est ce qu&rsquo;a expliqu\u00e9 <strong>Michel Willems<\/strong>, expert fiscal de la soci\u00e9t\u00e9 de conseil Mobilitas.<\/p>\n<p><img loading=\"lazy\" decoding=\"async\" class=\"alignleft wp-image-1289281\" src=\"https:\/\/www.link2fleet.com\/wp-content\/uploads\/2023\/01\/pexels-pixabay-248747-300x200.jpg\" alt=\"\" width=\"375\" height=\"250\" \/><\/p>\n<p>En ce qui concerne la TMC et la taxe de roulage, peu de choses vont changer, \u00e0 part l&rsquo;indexation annuelle. Il en va autrement pour la contribution CO2, qui pour les nouvelles commandes augmentera progressivement \u00e0 partir du 1er juillet pour les non-ZEV, et sera multipli\u00e9e par un facteur 5,5 d\u00e8s 2027. Bonne nouvelle pour les EV&rsquo;s, car ils ne seront pas soumis au multiplicateur.<\/p>\n<p>L&rsquo;avantage de toute nature (VAA) ne subira pas non plus trop de changements, \u00e0 l&rsquo;exception de l&rsquo;indexation annuelle. Cependant, le minimum absolu augmentera d&rsquo;environ 10 % pour atteindre 1 540 \u20ac.<\/p>\n<p>Comme on le sait, 2023 est non seulement une ann\u00e9e avec de nombreux nouveaux mod\u00e8les \u00e9lectrifi\u00e9s, mais aussi une ann\u00e9e charni\u00e8re pour la fiscalit\u00e9, avec le d\u00e9but de la mise en \u0153uvre de la \u00a0\u00bb loi Peteghem \u00ab\u00a0. C&rsquo;est-\u00e0-dire que pour les commandes jusqu&rsquo;au 30 juin 2023, le r\u00e9gime fiscal favorable actuel continuera de s&rsquo;appliquer. Cependant, \u00e0 partir du 1er juillet, la d\u00e9ductibilit\u00e9 fiscale des v\u00e9hicules non-ZEV diminuera progressivement \u00e0 partir de 2025. Notez que la d\u00e9ductibilit\u00e9 fiscale des carburants (diesel\/essence) est plafonn\u00e9e \u00e0 50 % depuis le d\u00e9but de l&rsquo;ann\u00e9e pour les PHEV.<\/p>\n<p>&nbsp;<\/p>\n<h2><strong>Nouvelle tendance en mati\u00e8re de m\u00e9thodes de\u00a0<\/strong>financement<\/h2>\n<p>Apr\u00e8s cette pr\u00e9sentation fiscale, <strong>Sam Heymans<\/strong>, CEO de Lizy, a rejoint notre table virtuelle pour exposer les derni\u00e8res tendances en mati\u00e8re de m\u00e9thodes de financement. Il a commenc\u00e9 par la tendance du \u00ab\u00a0leasing de voitures d&rsquo;occasion\u00a0\u00bb. Ce type de leasing est promis \u00e0 un grand avenir. Ses grandes forces ? Le prix plus bas, bien s\u00fbr, mais aussi le d\u00e9lai de livraison rapide.<\/p>\n<p><img loading=\"lazy\" decoding=\"async\" class=\"wp-image-1289277 alignright\" src=\"https:\/\/www.link2fleet.com\/wp-content\/uploads\/2023\/01\/Schermafbeelding-2023-01-11-om-00.00.00-300x201.png\" alt=\"\" width=\"385\" height=\"258\" \/><\/p>\n<p>Il y a aussi le \u00ab\u00a0digital car leasing\u00a0\u00bb. La digitalisation se poursuit \u00e9galement dans le secteur automobile de nos jours. Une tendance qui rend la location d&rsquo;une voiture de soci\u00e9t\u00e9 beaucoup plus rapide. Aujourd&rsquo;hui, on peut commander une voiture en quelques clics, tout comme des v\u00eatements ou des appareils \u00e9lectroniques. Avec cette tendance, l&rsquo;importance des concessionnaires se d\u00e9place aussi de plus en plus vers les plateformes qui proposent le leasing. Une tendance \u00e0 garder \u00e0 l&rsquo;\u0153il.<\/p>\n<p>Sam a aussi abord\u00e9 la question de la durabilit\u00e9. Un sujet complexe mais incontournable dans notre soci\u00e9t\u00e9, et donc aussi dans le secteur automobile. Mais la durabilit\u00e9 ne se limite pas \u00e0 l&rsquo;\u00e9lectrification. Regardez l&rsquo;int\u00e9r\u00eat accru pour les moyens de transport alternatifs, par exemple. Mais aussi \u00e0 l&rsquo;infrastructure, aux services comme MaaS, et \u00e0 la popularit\u00e9 croissante du budget de mobilit\u00e9.<\/p>\n<h2><\/h2>\n<h2><strong>Rendez-vous \u00e0 la prochaine session?<\/strong><\/h2>\n<h4>La prochaine session de notre Virtual Motor Show a pour th\u00e8me central &lsquo;l&rsquo;\u00e9lectrification des v\u00e9hicules utilitaires l\u00e9gers&rsquo; et aura lieu le mardi 31\/01\/23 \u00e0 11h30. Int\u00e9ress\u00e9? <a href=\"https:\/\/www.link2fleet.com\/fr\/dating\/events-page\/virtual-motor-show\/\">Inscrivez-vous gratuitement sans plus attendre via ce lien<\/a>.<\/h4>\n<p>Au travers d&rsquo;un magazine interactif qui sera disponible \u00e0 partir du 21 f\u00e9vrier, link2fleet vous proposera un aper\u00e7u de tout ce qu&rsquo;il faut retenir du Salon de l&rsquo;Auto de Bruxelles, ainsi qu&rsquo;un r\u00e9sum\u00e9 complet de nos deux webinaires. Nous y r\u00e9pondrons notamment \u00e0 toutes les questions concernant l&rsquo;\u00e9lectrification. <a href=\"https:\/\/www.link2fleet.us15.list-manage.com\/subscribe\/post?u=250aed26a646610e74a420366&amp;id=7bbfb8fec1\">Vous pouvez vous inscrire gratuitement \u00e0 notre newsletter bimensuelle ici<\/a>.<\/p>\n<p>Nous remercions \u00e9videmment nos partenaires et experts de cette sessions:<\/p>\n<ul>\n<li>Dieter Quartier, Journaliste<\/li>\n<li>Michel Willems, Fiscal Expert Automotive Taxation , Mobilitas<\/li>\n<li>Sam Heymans, CEO, LIZY<\/li>\n<li>Jean-Fran\u00e7ois Mailleux, Fleet &amp; Remarketing Manager, KIA<\/li>\n<li>Virginie Geuskens, Fleet Key Account Manager, KIA<\/li>\n<li>Steven Trentin, Fleet &amp; Leasing Manager, Volvo<\/li>\n<li>Kaat Van Severen, Head of Fleet, Astara<\/li>\n<li>Bart Van Rossen, Fleet &amp; Remarketing Director, Ford<\/li>\n<\/ul>\n<p>&nbsp;<\/p>\n","protected":false},"excerpt":{"rendered":"<p>Le mois de janvier \u00e0 peine d\u00e9but\u00e9, nous avions d\u00e9j\u00e0 donn\u00e9 notre premier rendez-vous incontournable de l&rsquo;ann\u00e9e aux gestionnaires de flotte: notre Virtual Motor Show 2023, bas\u00e9 sur le succ\u00e8s des \u00e9ditions de deux ann\u00e9es pr\u00e9c\u00e9dentes. Le Virtual Motor Show, ce sont deux sessions digitales et un magazine enti\u00e8rement interactif avec des vid\u00e9os et des [&hellip;]<\/p>\n","protected":false},"author":43,"featured_media":8514,"comment_status":"closed","ping_status":"closed","sticky":false,"template":"","format":"standard","meta":{"_acf_changed":false,"footnotes":""},"categories":[91],"tags":[],"class_list":["post-8513","post","type-post","status-publish","format-standard","has-post-thumbnail","hentry","category-expertise-et-management"],"acf":[],"yoast_head":"<!-- This site is optimized with the Yoast SEO plugin v27.3 - https:\/\/yoast.com\/product\/yoast-seo-wordpress\/ -->\n<title>Tout ce qu&#039;il faut savoir pour bien g\u00e9rer votre flotte en 2023 - link2fleet<\/title>\n<meta name=\"description\" content=\"Nous voil\u00e0 d\u00e9j\u00e0 plong\u00e9s de plein pied dans une nouvelle ann\u00e9e. Apr\u00e8s deux ann\u00e9es rythm\u00e9es en grande partie par la pand\u00e9mie, 2023 s&rsquo;annonce enfin une\u2026\" \/>\n<meta name=\"robots\" content=\"index, follow, max-snippet:-1, max-image-preview:large, max-video-preview:-1\" \/>\n<meta property=\"og:locale\" content=\"fr_FR\" \/>\n<meta property=\"og:type\" content=\"article\" \/>\n<meta property=\"og:title\" content=\"Tout ce qu&#039;il faut savoir pour bien g\u00e9rer votre flotte en 2023 - link2fleet\" \/>\n<meta property=\"og:description\" content=\"Nous voil\u00e0 d\u00e9j\u00e0 plong\u00e9s de plein pied dans une nouvelle ann\u00e9e. Apr\u00e8s deux ann\u00e9es rythm\u00e9es en grande partie par la pand\u00e9mie, 2023 s&rsquo;annonce enfin une\u2026\" \/>\n<meta property=\"og:url\" content=\"https:\/\/www.link2fleet.com\/fr\/tout-ce-quil-faut-savoir-pour-bien-gerer-votre-flotte-en-2023\/\" \/>\n<meta property=\"og:site_name\" content=\"link2fleet\" \/>\n<meta property=\"article:published_time\" content=\"2023-01-10T22:12:31+00:00\" \/>\n<meta property=\"og:image\" content=\"https:\/\/static.link2fleet.com\/wp-content\/uploads\/2024\/03\/nick-ter-haar-axhuvkko4iu-unsplash-scaled-1.jpg\" \/>\n\t<meta property=\"og:image:width\" content=\"2560\" \/>\n\t<meta property=\"og:image:height\" content=\"1707\" \/>\n\t<meta property=\"og:image:type\" content=\"image\/jpeg\" \/>\n<meta name=\"author\" content=\"Jeroen Evens\" \/>\n<meta name=\"twitter:card\" content=\"summary_large_image\" \/>\n<meta name=\"twitter:description\" content=\"Nous voil\u00e0 d\u00e9j\u00e0 plong\u00e9s de plein pied dans une nouvelle ann\u00e9e. Apr\u00e8s deux ann\u00e9es rythm\u00e9es en grande partie par la pand\u00e9mie, 2023 s&rsquo;annonce enfin une\u2026\" \/>\n<meta name=\"twitter:label1\" content=\"\u00c9crit par\" \/>\n\t<meta name=\"twitter:data1\" content=\"Jeroen Evens\" \/>\n\t<meta name=\"twitter:label2\" content=\"Dur\u00e9e de lecture estim\u00e9e\" \/>\n\t<meta name=\"twitter:data2\" content=\"6 minutes\" \/>\n<script type=\"application\/ld+json\" class=\"yoast-schema-graph\">{\"@context\":\"https:\\\/\\\/schema.org\",\"@graph\":[{\"@type\":\"Article\",\"@id\":\"https:\\\/\\\/www.link2fleet.com\\\/fr\\\/tout-ce-quil-faut-savoir-pour-bien-gerer-votre-flotte-en-2023\\\/#article\",\"isPartOf\":{\"@id\":\"https:\\\/\\\/www.link2fleet.com\\\/fr\\\/tout-ce-quil-faut-savoir-pour-bien-gerer-votre-flotte-en-2023\\\/\"},\"author\":{\"name\":\"Jeroen Evens\",\"@id\":\"https:\\\/\\\/www.link2fleet.com\\\/fr\\\/#\\\/schema\\\/person\\\/3f23fa5cf039e25761156c930f6bf38f\"},\"headline\":\"Tout ce qu&rsquo;il faut savoir pour bien g\u00e9rer votre flotte en 2023\",\"datePublished\":\"2023-01-10T22:12:31+00:00\",\"mainEntityOfPage\":{\"@id\":\"https:\\\/\\\/www.link2fleet.com\\\/fr\\\/tout-ce-quil-faut-savoir-pour-bien-gerer-votre-flotte-en-2023\\\/\"},\"wordCount\":1198,\"publisher\":{\"@id\":\"https:\\\/\\\/www.link2fleet.com\\\/fr\\\/#organization\"},\"image\":{\"@id\":\"https:\\\/\\\/www.link2fleet.com\\\/fr\\\/tout-ce-quil-faut-savoir-pour-bien-gerer-votre-flotte-en-2023\\\/#primaryimage\"},\"thumbnailUrl\":\"https:\\\/\\\/static.link2fleet.com\\\/wp-content\\\/uploads\\\/2024\\\/03\\\/nick-ter-haar-axhuvkko4iu-unsplash-scaled-1.jpg\",\"articleSection\":[\"Gestion de flotte\"],\"inLanguage\":\"fr-FR\"},{\"@type\":\"WebPage\",\"@id\":\"https:\\\/\\\/www.link2fleet.com\\\/fr\\\/tout-ce-quil-faut-savoir-pour-bien-gerer-votre-flotte-en-2023\\\/\",\"url\":\"https:\\\/\\\/www.link2fleet.com\\\/fr\\\/tout-ce-quil-faut-savoir-pour-bien-gerer-votre-flotte-en-2023\\\/\",\"name\":\"Tout ce qu'il faut savoir pour bien g\u00e9rer votre flotte en 2023 - link2fleet\",\"isPartOf\":{\"@id\":\"https:\\\/\\\/www.link2fleet.com\\\/fr\\\/#website\"},\"primaryImageOfPage\":{\"@id\":\"https:\\\/\\\/www.link2fleet.com\\\/fr\\\/tout-ce-quil-faut-savoir-pour-bien-gerer-votre-flotte-en-2023\\\/#primaryimage\"},\"image\":{\"@id\":\"https:\\\/\\\/www.link2fleet.com\\\/fr\\\/tout-ce-quil-faut-savoir-pour-bien-gerer-votre-flotte-en-2023\\\/#primaryimage\"},\"thumbnailUrl\":\"https:\\\/\\\/static.link2fleet.com\\\/wp-content\\\/uploads\\\/2024\\\/03\\\/nick-ter-haar-axhuvkko4iu-unsplash-scaled-1.jpg\",\"datePublished\":\"2023-01-10T22:12:31+00:00\",\"breadcrumb\":{\"@id\":\"https:\\\/\\\/www.link2fleet.com\\\/fr\\\/tout-ce-quil-faut-savoir-pour-bien-gerer-votre-flotte-en-2023\\\/#breadcrumb\"},\"inLanguage\":\"fr-FR\",\"potentialAction\":[{\"@type\":\"ReadAction\",\"target\":[\"https:\\\/\\\/www.link2fleet.com\\\/fr\\\/tout-ce-quil-faut-savoir-pour-bien-gerer-votre-flotte-en-2023\\\/\"]}]},{\"@type\":\"ImageObject\",\"inLanguage\":\"fr-FR\",\"@id\":\"https:\\\/\\\/www.link2fleet.com\\\/fr\\\/tout-ce-quil-faut-savoir-pour-bien-gerer-votre-flotte-en-2023\\\/#primaryimage\",\"url\":\"https:\\\/\\\/static.link2fleet.com\\\/wp-content\\\/uploads\\\/2024\\\/03\\\/nick-ter-haar-axhuvkko4iu-unsplash-scaled-1.jpg\",\"contentUrl\":\"https:\\\/\\\/static.link2fleet.com\\\/wp-content\\\/uploads\\\/2024\\\/03\\\/nick-ter-haar-axhuvkko4iu-unsplash-scaled-1.jpg\",\"width\":2560,\"height\":1707,\"caption\":\"|||\"},{\"@type\":\"BreadcrumbList\",\"@id\":\"https:\\\/\\\/www.link2fleet.com\\\/fr\\\/tout-ce-quil-faut-savoir-pour-bien-gerer-votre-flotte-en-2023\\\/#breadcrumb\",\"itemListElement\":[{\"@type\":\"ListItem\",\"position\":1,\"name\":\"Home\",\"item\":\"https:\\\/\\\/www.link2fleet.com\\\/fr\\\/\"},{\"@type\":\"ListItem\",\"position\":2,\"name\":\"Tout ce qu&#8217;il faut savoir pour bien g\u00e9rer votre flotte en 2023\"}]},{\"@type\":\"WebSite\",\"@id\":\"https:\\\/\\\/www.link2fleet.com\\\/fr\\\/#website\",\"url\":\"https:\\\/\\\/www.link2fleet.com\\\/fr\\\/\",\"name\":\"Link2fleet\",\"description\":\"\",\"publisher\":{\"@id\":\"https:\\\/\\\/www.link2fleet.com\\\/fr\\\/#organization\"},\"potentialAction\":[{\"@type\":\"SearchAction\",\"target\":{\"@type\":\"EntryPoint\",\"urlTemplate\":\"https:\\\/\\\/www.link2fleet.com\\\/fr\\\/?s={search_term_string}\"},\"query-input\":{\"@type\":\"PropertyValueSpecification\",\"valueRequired\":true,\"valueName\":\"search_term_string\"}}],\"inLanguage\":\"fr-FR\"},{\"@type\":\"Organization\",\"@id\":\"https:\\\/\\\/www.link2fleet.com\\\/fr\\\/#organization\",\"name\":\"Link2fleet\",\"url\":\"https:\\\/\\\/www.link2fleet.com\\\/fr\\\/\",\"logo\":{\"@type\":\"ImageObject\",\"inLanguage\":\"fr-FR\",\"@id\":\"https:\\\/\\\/www.link2fleet.com\\\/fr\\\/#\\\/schema\\\/logo\\\/image\\\/\",\"url\":\"https:\\\/\\\/static.link2fleet.com\\\/wp-content\\\/uploads\\\/2024\\\/03\\\/share-image.jpg\",\"contentUrl\":\"https:\\\/\\\/static.link2fleet.com\\\/wp-content\\\/uploads\\\/2024\\\/03\\\/share-image.jpg\",\"width\":1200,\"height\":630,\"caption\":\"Link2fleet\"},\"image\":{\"@id\":\"https:\\\/\\\/www.link2fleet.com\\\/fr\\\/#\\\/schema\\\/logo\\\/image\\\/\"},\"sameAs\":[\"https:\\\/\\\/www.linkedin.com\\\/company\\\/link2fleet-belgium\",\"https:\\\/\\\/www.youtube.com\\\/user\\\/MMMBMBE\"]},{\"@type\":\"Person\",\"@id\":\"https:\\\/\\\/www.link2fleet.com\\\/fr\\\/#\\\/schema\\\/person\\\/3f23fa5cf039e25761156c930f6bf38f\",\"name\":\"Jeroen Evens\",\"image\":{\"@type\":\"ImageObject\",\"inLanguage\":\"fr-FR\",\"@id\":\"https:\\\/\\\/secure.gravatar.com\\\/avatar\\\/6e059523a84fbec54e5ec5d0f3fb4322b7b077be22b323085f823d1d7f00f32e?s=96&d=mm&r=g\",\"url\":\"https:\\\/\\\/secure.gravatar.com\\\/avatar\\\/6e059523a84fbec54e5ec5d0f3fb4322b7b077be22b323085f823d1d7f00f32e?s=96&d=mm&r=g\",\"contentUrl\":\"https:\\\/\\\/secure.gravatar.com\\\/avatar\\\/6e059523a84fbec54e5ec5d0f3fb4322b7b077be22b323085f823d1d7f00f32e?s=96&d=mm&r=g\",\"caption\":\"Jeroen Evens\"},\"description\":\"Jeroen Evens is opgeleid in de Communicatiewetenschappen (KULeuven) en is een enthousiaste volger van alles wat met mobiliteit en bedrijfswagens te maken heeft. Als freelance journalist gespecialiseerd in de fleetsector houdt hij al drie jaar lang de vinger aan de pols van de laatste ontwikkelingen in onze sector.\"}]}<\/script>\n<!-- \/ Yoast SEO plugin. -->","yoast_head_json":{"title":"Tout ce qu'il faut savoir pour bien g\u00e9rer votre flotte en 2023 - link2fleet","description":"Nous voil\u00e0 d\u00e9j\u00e0 plong\u00e9s de plein pied dans une nouvelle ann\u00e9e. Apr\u00e8s deux ann\u00e9es rythm\u00e9es en grande partie par la pand\u00e9mie, 2023 s&rsquo;annonce enfin une\u2026","robots":{"index":"index","follow":"follow","max-snippet":"max-snippet:-1","max-image-preview":"max-image-preview:large","max-video-preview":"max-video-preview:-1"},"og_locale":"fr_FR","og_type":"article","og_title":"Tout ce qu'il faut savoir pour bien g\u00e9rer votre flotte en 2023 - link2fleet","og_description":"Nous voil\u00e0 d\u00e9j\u00e0 plong\u00e9s de plein pied dans une nouvelle ann\u00e9e. Apr\u00e8s deux ann\u00e9es rythm\u00e9es en grande partie par la pand\u00e9mie, 2023 s&rsquo;annonce enfin une\u2026","og_url":"https:\/\/www.link2fleet.com\/fr\/tout-ce-quil-faut-savoir-pour-bien-gerer-votre-flotte-en-2023\/","og_site_name":"link2fleet","article_published_time":"2023-01-10T22:12:31+00:00","og_image":[{"width":2560,"height":1707,"url":"https:\/\/static.link2fleet.com\/wp-content\/uploads\/2024\/03\/nick-ter-haar-axhuvkko4iu-unsplash-scaled-1.jpg","type":"image\/jpeg"}],"author":"Jeroen Evens","twitter_card":"summary_large_image","twitter_description":"Nous voil\u00e0 d\u00e9j\u00e0 plong\u00e9s de plein pied dans une nouvelle ann\u00e9e. Apr\u00e8s deux ann\u00e9es rythm\u00e9es en grande partie par la pand\u00e9mie, 2023 s&rsquo;annonce enfin une\u2026","twitter_misc":{"\u00c9crit par":"Jeroen Evens","Dur\u00e9e de lecture estim\u00e9e":"6 minutes"},"schema":{"@context":"https:\/\/schema.org","@graph":[{"@type":"Article","@id":"https:\/\/www.link2fleet.com\/fr\/tout-ce-quil-faut-savoir-pour-bien-gerer-votre-flotte-en-2023\/#article","isPartOf":{"@id":"https:\/\/www.link2fleet.com\/fr\/tout-ce-quil-faut-savoir-pour-bien-gerer-votre-flotte-en-2023\/"},"author":{"name":"Jeroen Evens","@id":"https:\/\/www.link2fleet.com\/fr\/#\/schema\/person\/3f23fa5cf039e25761156c930f6bf38f"},"headline":"Tout ce qu&rsquo;il faut savoir pour bien g\u00e9rer votre flotte en 2023","datePublished":"2023-01-10T22:12:31+00:00","mainEntityOfPage":{"@id":"https:\/\/www.link2fleet.com\/fr\/tout-ce-quil-faut-savoir-pour-bien-gerer-votre-flotte-en-2023\/"},"wordCount":1198,"publisher":{"@id":"https:\/\/www.link2fleet.com\/fr\/#organization"},"image":{"@id":"https:\/\/www.link2fleet.com\/fr\/tout-ce-quil-faut-savoir-pour-bien-gerer-votre-flotte-en-2023\/#primaryimage"},"thumbnailUrl":"https:\/\/static.link2fleet.com\/wp-content\/uploads\/2024\/03\/nick-ter-haar-axhuvkko4iu-unsplash-scaled-1.jpg","articleSection":["Gestion de flotte"],"inLanguage":"fr-FR"},{"@type":"WebPage","@id":"https:\/\/www.link2fleet.com\/fr\/tout-ce-quil-faut-savoir-pour-bien-gerer-votre-flotte-en-2023\/","url":"https:\/\/www.link2fleet.com\/fr\/tout-ce-quil-faut-savoir-pour-bien-gerer-votre-flotte-en-2023\/","name":"Tout ce qu'il faut savoir pour bien g\u00e9rer votre flotte en 2023 - link2fleet","isPartOf":{"@id":"https:\/\/www.link2fleet.com\/fr\/#website"},"primaryImageOfPage":{"@id":"https:\/\/www.link2fleet.com\/fr\/tout-ce-quil-faut-savoir-pour-bien-gerer-votre-flotte-en-2023\/#primaryimage"},"image":{"@id":"https:\/\/www.link2fleet.com\/fr\/tout-ce-quil-faut-savoir-pour-bien-gerer-votre-flotte-en-2023\/#primaryimage"},"thumbnailUrl":"https:\/\/static.link2fleet.com\/wp-content\/uploads\/2024\/03\/nick-ter-haar-axhuvkko4iu-unsplash-scaled-1.jpg","datePublished":"2023-01-10T22:12:31+00:00","breadcrumb":{"@id":"https:\/\/www.link2fleet.com\/fr\/tout-ce-quil-faut-savoir-pour-bien-gerer-votre-flotte-en-2023\/#breadcrumb"},"inLanguage":"fr-FR","potentialAction":[{"@type":"ReadAction","target":["https:\/\/www.link2fleet.com\/fr\/tout-ce-quil-faut-savoir-pour-bien-gerer-votre-flotte-en-2023\/"]}]},{"@type":"ImageObject","inLanguage":"fr-FR","@id":"https:\/\/www.link2fleet.com\/fr\/tout-ce-quil-faut-savoir-pour-bien-gerer-votre-flotte-en-2023\/#primaryimage","url":"https:\/\/static.link2fleet.com\/wp-content\/uploads\/2024\/03\/nick-ter-haar-axhuvkko4iu-unsplash-scaled-1.jpg","contentUrl":"https:\/\/static.link2fleet.com\/wp-content\/uploads\/2024\/03\/nick-ter-haar-axhuvkko4iu-unsplash-scaled-1.jpg","width":2560,"height":1707,"caption":"|||"},{"@type":"BreadcrumbList","@id":"https:\/\/www.link2fleet.com\/fr\/tout-ce-quil-faut-savoir-pour-bien-gerer-votre-flotte-en-2023\/#breadcrumb","itemListElement":[{"@type":"ListItem","position":1,"name":"Home","item":"https:\/\/www.link2fleet.com\/fr\/"},{"@type":"ListItem","position":2,"name":"Tout ce qu&#8217;il faut savoir pour bien g\u00e9rer votre flotte en 2023"}]},{"@type":"WebSite","@id":"https:\/\/www.link2fleet.com\/fr\/#website","url":"https:\/\/www.link2fleet.com\/fr\/","name":"Link2fleet","description":"","publisher":{"@id":"https:\/\/www.link2fleet.com\/fr\/#organization"},"potentialAction":[{"@type":"SearchAction","target":{"@type":"EntryPoint","urlTemplate":"https:\/\/www.link2fleet.com\/fr\/?s={search_term_string}"},"query-input":{"@type":"PropertyValueSpecification","valueRequired":true,"valueName":"search_term_string"}}],"inLanguage":"fr-FR"},{"@type":"Organization","@id":"https:\/\/www.link2fleet.com\/fr\/#organization","name":"Link2fleet","url":"https:\/\/www.link2fleet.com\/fr\/","logo":{"@type":"ImageObject","inLanguage":"fr-FR","@id":"https:\/\/www.link2fleet.com\/fr\/#\/schema\/logo\/image\/","url":"https:\/\/static.link2fleet.com\/wp-content\/uploads\/2024\/03\/share-image.jpg","contentUrl":"https:\/\/static.link2fleet.com\/wp-content\/uploads\/2024\/03\/share-image.jpg","width":1200,"height":630,"caption":"Link2fleet"},"image":{"@id":"https:\/\/www.link2fleet.com\/fr\/#\/schema\/logo\/image\/"},"sameAs":["https:\/\/www.linkedin.com\/company\/link2fleet-belgium","https:\/\/www.youtube.com\/user\/MMMBMBE"]},{"@type":"Person","@id":"https:\/\/www.link2fleet.com\/fr\/#\/schema\/person\/3f23fa5cf039e25761156c930f6bf38f","name":"Jeroen Evens","image":{"@type":"ImageObject","inLanguage":"fr-FR","@id":"https:\/\/secure.gravatar.com\/avatar\/6e059523a84fbec54e5ec5d0f3fb4322b7b077be22b323085f823d1d7f00f32e?s=96&d=mm&r=g","url":"https:\/\/secure.gravatar.com\/avatar\/6e059523a84fbec54e5ec5d0f3fb4322b7b077be22b323085f823d1d7f00f32e?s=96&d=mm&r=g","contentUrl":"https:\/\/secure.gravatar.com\/avatar\/6e059523a84fbec54e5ec5d0f3fb4322b7b077be22b323085f823d1d7f00f32e?s=96&d=mm&r=g","caption":"Jeroen Evens"},"description":"Jeroen Evens is opgeleid in de Communicatiewetenschappen (KULeuven) en is een enthousiaste volger van alles wat met mobiliteit en bedrijfswagens te maken heeft. Als freelance journalist gespecialiseerd in de fleetsector houdt hij al drie jaar lang de vinger aan de pols van de laatste ontwikkelingen in onze sector."}]}},"_links":{"self":[{"href":"https:\/\/www.link2fleet.com\/fr\/wp-json\/wp\/v2\/posts\/8513","targetHints":{"allow":["GET"]}}],"collection":[{"href":"https:\/\/www.link2fleet.com\/fr\/wp-json\/wp\/v2\/posts"}],"about":[{"href":"https:\/\/www.link2fleet.com\/fr\/wp-json\/wp\/v2\/types\/post"}],"author":[{"embeddable":true,"href":"https:\/\/www.link2fleet.com\/fr\/wp-json\/wp\/v2\/users\/43"}],"replies":[{"embeddable":true,"href":"https:\/\/www.link2fleet.com\/fr\/wp-json\/wp\/v2\/comments?post=8513"}],"version-history":[{"count":0,"href":"https:\/\/www.link2fleet.com\/fr\/wp-json\/wp\/v2\/posts\/8513\/revisions"}],"wp:featuredmedia":[{"embeddable":true,"href":"https:\/\/www.link2fleet.com\/fr\/wp-json\/wp\/v2\/media\/8514"}],"wp:attachment":[{"href":"https:\/\/www.link2fleet.com\/fr\/wp-json\/wp\/v2\/media?parent=8513"}],"wp:term":[{"taxonomy":"category","embeddable":true,"href":"https:\/\/www.link2fleet.com\/fr\/wp-json\/wp\/v2\/categories?post=8513"},{"taxonomy":"post_tag","embeddable":true,"href":"https:\/\/www.link2fleet.com\/fr\/wp-json\/wp\/v2\/tags?post=8513"}],"curies":[{"name":"wp","href":"https:\/\/api.w.org\/{rel}","templated":true}]}}