{"id":8520,"date":"2023-01-12T10:34:35","date_gmt":"2023-01-12T09:34:35","guid":{"rendered":"https:\/\/www.link2fleet.com\/barometre-de-mobilite-acerta-les-belges-utilisent-davantage-de-solutions-alternative-a-la-voiture-pour-se-rendre-au-travail\/"},"modified":"2024-04-17T16:44:51","modified_gmt":"2024-04-17T14:44:51","slug":"barometre-de-mobilite-acerta-les-belges-utilisent-davantage-de-solutions-alternative-a-la-voiture-pour-se-rendre-au-travail","status":"publish","type":"post","link":"https:\/\/www.link2fleet.com\/fr\/barometre-de-mobilite-acerta-les-belges-utilisent-davantage-de-solutions-alternative-a-la-voiture-pour-se-rendre-au-travail\/","title":{"rendered":"Barom\u00e8tre de mobilit\u00e9 Acerta: les Belges utilisent davantage de solutions alternative \u00e0 la voiture pour se rendre au travail"},"content":{"rendered":"<h5 id=\"la-voiture-ne-constitue-plus-un-choix-automatique-pour-les-deplacements-domicile-lieu-de-travail\">La voiture ne constitue plus un choix automatique pour les d\u00e9placements domicile-lieu de travail<\/h5>\n<p>23\u00a0% des employ\u00e9s belges poss\u00e8dent une voiture de soci\u00e9t\u00e9, \u00e9galement connue sous le nom de voiture salariale. Il s\u2019agit d\u2019une autre petite augmentation (cf. 2021\u00a0: 22,3\u00a0%). Ainsi, bien que la voiture continue de r\u00e9gner en ma\u00eetre sur les moyens de transport pour se rendre au travail, elle est loin d\u2019\u00eatre le seul moyen de transport qu\u2019utilisent les travailleurs. Le barom\u00e8tre de la mobilit\u00e9 d\u2019Acerta r\u00e9v\u00e8le que le pouvoir de la voiture commence d\u2019ailleurs \u00e0 d\u00e9cliner en mati\u00e8re de d\u00e9placements domicile-lieu de travail. Si 78,4\u00a0% des travailleurs d\u00e9pendaient au moins partiellement\/occasionnellement de la voiture pour se rendre au travail en 2021, ils ne sont plus que 77,9\u00a0% en 2022. L\u2019ind\u00e9tr\u00f4nable voiture perd donc un peu de terrain, et ce, \u00e0 nouveau au profit du v\u00e9lo, dont la part continue d\u2019augmenter pour atteindre 35,8\u00a0%. Cette fois, elle d\u00e9cline \u00e9galement au profit des transports en commun, auxquels ont d\u00e9sormais recours 8,3\u00a0% des travailleurs, contre 7,8\u00a0% en 2021.<\/p>\n<div class=\"image\"><img loading=\"lazy\" decoding=\"async\" class=\"img-fluid aligncenter\" src=\"https:\/\/www.acerta.be\/media\/cache\/strip\/uploads\/media\/63be503f70647\/mobiliteitsbarometer-2022-algemeen-fr2.png\" alt=\"Illustration 1 : d\u00e9placements domicile-lieu de travail en 2022 par rapport \u00e0 2021 \u2013 combinaisons comprises\" width=\"557\" height=\"506\" \/><\/div>\n<p style=\"text-align: right;\"><sup>Illustration\u00a01\u00a0: d\u00e9placements domicile-lieu de travail\u00a0en\u00a02022 par rapport \u00e0\u00a02021\u00a0\u2013 combinaisons comprises<\/sup><\/p>\n<p>Olivier Marcq, expert en mobilit\u00e9 pour Acerta Consult, explique\u00a0:\u00a0<em>\u00ab\u2009Depuis quelque temps d\u00e9j\u00e0, les gens se montrent de plus en plus conscients quant \u00e0 leurs d\u00e9placements. La prise de conscience g\u00e9n\u00e9rale en mati\u00e8re d\u2019environnement, la diversification de l\u2019offre de moyens de transport (avec par exemple la trottinette), le v\u00e9lo (\u00e9lectrique) qui a redor\u00e9 son blason, etc. Ces exemples illustrent parfaitement cette conscientisation croissante. L\u2019augmentation des prix de l\u2019\u00e9nergie n\u2019y est d\u2019ailleurs pas \u00e9trang\u00e8re. Elle semble faire en sorte que les travailleurs n\u2019optent plus automatiquement pour la voiture et que son r\u00e8gne, qui dure depuis des d\u00e9cennies, soit sur le d\u00e9clin.\u2009\u00bb<\/em><\/p>\n<h5><\/h5>\n<h5 id=\"le-velo-compte-de-plus-en-plus-dadeptes-et-les-transports-en-commun-remontent-la-pente\">Le v\u00e9lo compte de plus en plus d\u2019adeptes et les transports en commun remontent la pente<\/h5>\n<p>Le barom\u00e8tre de la mobilit\u00e9 d\u2019Acerta a \u00e9galement permis de recenser les chiffres concernant la combinaison des moyens de transport. La combinaison la plus populaire est celle de la voiture et du v\u00e9lo\u00a0: 19\u00a0% optent pour ces deux moyens pour leurs d\u00e9placements\u2009; 15\u00a0% optent exclusivement pour le v\u00e9lo. Ceux qui choisissent plut\u00f4t les transports en commun ne les combinent g\u00e9n\u00e9ralement pas avec un autre moyen de transport (5,8\u00a0%) ou le font avec le v\u00e9lo (1,2\u00a0%).<\/p>\n<div class=\"image\"><img loading=\"lazy\" decoding=\"async\" class=\"img-fluid aligncenter\" src=\"https:\/\/www.acerta.be\/media\/cache\/strip\/uploads\/media\/63be503ebebdc\/mobiliteitsbarometer-2022-algemeen-fr1.png\" alt=\"Illustration 2 : R\u00e9partition des diff\u00e9rentes solutions de mobilit\u00e9 (2022)\" width=\"585\" height=\"435\" \/><\/div>\n<p style=\"text-align: right;\"><sup>Illustration\u00a02\u00a0: R\u00e9partition des diff\u00e9rentes solutions de mobilit\u00e9 (2022)<\/sup><\/p>\n<p>Olivier Marcq poursuit\u00a0: \u00ab\u2009<em>La popularit\u00e9 constante du v\u00e9lo pour les d\u00e9placements domicile-lieu de travail n\u2019a rien de surprenant. Nous constatons par exemple qu\u2019un plus grand nombre d\u2019employeurs proposent des leasing v\u00e9lo et que davantage de collaborateurs se voient octroyer des indemnit\u00e9s v\u00e9lo. Les transports en commun semblent conna\u00eetre une l\u00e9g\u00e8re recrudescence, mais des syst\u00e8mes d\u2019abonnement plus flexibles qui r\u00e9pondraient mieux \u00e0 l\u2019augmentation du t\u00e9l\u00e9travail, par exemple, pourraient certainement constituer une piste d\u2019am\u00e9lioration.<\/em>\u2009\u00bb<\/p>\n<h5><\/h5>\n<h5 id=\"voiture-de-societe-lextinction-des-combustibles-fossiles-se-confirme-au-detriment-de-la-voiture-de-societe-a-moteur-diesel\">Voiture de soci\u00e9t\u00e9 : l\u2019extinction des combustibles fossiles se confirme au d\u00e9triment de la voiture de soci\u00e9t\u00e9 \u00e0 moteur diesel<\/h5>\n<p>Le parc de v\u00e9hicules de soci\u00e9t\u00e9 a beau continuer \u00e0 cro\u00eetre d\u2019ann\u00e9e en ann\u00e9e, il est positif que son \u00e9lectrification soit d\u00e9sormais r\u00e9ellement en marche. Cette transition est une cons\u00e9quence de la disparition progressive, puis d\u00e9finitive, des avantages fiscaux accord\u00e9s aux voitures de soci\u00e9t\u00e9 \u00e0 moteur thermique. Son impact commence d\u00e9j\u00e0 \u00e0 se faire sentir. Par ailleurs, 10\u00a0% des voitures de soci\u00e9t\u00e9 sont d\u00e9sormais hybrides, les plus populaires \u00e9tant celles dot\u00e9es d\u2019un moteur \u00e0 combustion \u00e0 essence en plus du moteur \u00e9lectrique (8,8\u00a0%). Les voitures de soci\u00e9t\u00e9 enti\u00e8rement \u00e9lectriques, vers lesquelles les parcs de voitures de soci\u00e9t\u00e9 vont finalement \u00e9voluer, repr\u00e9sentent aujourd\u2019hui 3,2\u00a0% de plus. Ce chiffre n\u2019est certes pas tr\u00e8s \u00e9lev\u00e9, mais il a plus que doubl\u00e9 par rapport \u00e0 2021. La grande perdante n\u2019est autre que la voiture de soci\u00e9t\u00e9 \u00e0 moteur diesel. Elle, qui r\u00e9gnait autrefois en ma\u00eetre, est maintenant tomb\u00e9e \u00e0 57,8\u00a0%, un pourcentage qui ne fera d\u00e9sormais plus que diminuer.<\/p>\n<div class=\"image\"><img loading=\"lazy\" decoding=\"async\" class=\"img-fluid aligncenter\" src=\"https:\/\/www.acerta.be\/media\/cache\/strip\/uploads\/media\/63be504088c2c\/mobiliteitsbarometer-2022-algemeen-fr3.png\" alt=\"Illustration 3 : pourcentage de voitures de soci\u00e9t\u00e9 par type de carburant en 2022 par rapport \u00e0 2021\" width=\"658\" height=\"274\" \/><\/div>\n<p style=\"text-align: right;\"><sup>Illustration\u00a03\u00a0: pourcentage de voitures de soci\u00e9t\u00e9 par type de carburant en 2022 par rapport \u00e0 2021<\/sup><\/p>\n<p>Olivier Marcq conclut\u00a0:<em>\u00a0\u00ab\u2009La voiture de soci\u00e9t\u00e9 demeure un atout pour les entreprises, et plus le march\u00e9 de l\u2019emploi est tendu, plus les entreprises doivent jouer sur leurs atouts. En ce qui concerne ces voitures de soci\u00e9t\u00e9, nous sommes \u00e9galement certains que l\u2019extinction des combustibles fossiles n\u2019est qu\u2019une question de temps. \u00c0 partir du 1<sup>er<\/sup>\u00a0janvier\u00a02023, la fiscalit\u00e9 en mati\u00e8re de voitures de soci\u00e9t\u00e9 hybrides fera l\u2019objet d\u2019un nouveau durcissement. De plus, le 1<sup>er<\/sup>\u00a0juillet\u00a02023, jour du passage au parc de v\u00e9hicules de soci\u00e9t\u00e9 \u00e9lectriques, approche \u00e0 grands pas. Les voitures de soci\u00e9t\u00e9 \u00e9lectriques ne seront toutefois pas les seules sur les routes \u00e0 partir du 1<sup>er<\/sup>\u00a0juillet. En effet, les contrats de leasing actuels peuvent encore durer jusqu\u2019\u00e0 leur date d\u2019expiration. Vu que ces contrats n\u2019ont une dur\u00e9e que de quatre \u00e0 cinq\u00a0ans, nous verrons les v\u00e9hicules de soci\u00e9t\u00e9 \u00e0 moteur thermique parcourir leurs derniers kilom\u00e8tres en 2028.\u2009\u00bb<\/em><\/p>\n<p>Deux autres chiffres qui ressortent du barom\u00e8tre de la mobilit\u00e9 d\u2019Acerta\u00a0:<\/p>\n<ul>\n<li>Face \u00e0 la hausse de la valeur catalogue des voitures de soci\u00e9t\u00e9, Acerta indique qu\u2019il est pr\u00e9f\u00e9rable d\u2019examiner le co\u00fbt total de possession, connu \u00e9galement sous le nom de\u00a0<em>total cost of ownership<\/em>\u00a0(TOC).<\/li>\n<li>La distance moyenne parcourue par le travailleur belge pour se rendre au travail s\u2019allonge d\u2019un demi-kilom\u00e8tre pour la premi\u00e8re fois en l\u2019espace d\u2019un an et atteint d\u00e9sormais 20,5\u00a0kilom\u00e8tres. Le t\u00e9l\u00e9travail n\u2019y est sans doute pas \u00e9tranger.<\/li>\n<\/ul>\n","protected":false},"excerpt":{"rendered":"<p>La voiture ne constitue plus un choix automatique pour les d\u00e9placements domicile-lieu de travail 23\u00a0% des employ\u00e9s belges poss\u00e8dent une voiture de soci\u00e9t\u00e9, \u00e9galement connue sous le nom de voiture salariale. Il s\u2019agit d\u2019une autre petite augmentation (cf. 2021\u00a0: 22,3\u00a0%). Ainsi, bien que la voiture continue de r\u00e9gner en ma\u00eetre sur les moyens de transport [&hellip;]<\/p>\n","protected":false},"author":4,"featured_media":538,"comment_status":"closed","ping_status":"closed","sticky":false,"template":"","format":"standard","meta":{"_acf_changed":false,"footnotes":""},"categories":[95,91],"tags":[],"class_list":["post-8520","post","type-post","status-publish","format-standard","has-post-thumbnail","hentry","category-organisations-professionnelles-federations-experts","category-expertise-et-management"],"acf":[],"yoast_head":"<!-- This site is optimized with the Yoast SEO plugin v27.3 - https:\/\/yoast.com\/product\/yoast-seo-wordpress\/ -->\n<title>Barom\u00e8tre de mobilit\u00e9 Acerta: les Belges utilisent davantage de solutions alternative \u00e0 la voiture pour se rendre au travail - link2fleet<\/title>\n<meta name=\"description\" content=\"Les voitures de soci\u00e9t\u00e9 sont \u00e0 nouveau plus nombreuses qu\u2019il y a un an sur les routes belges. Aujourd\u2019hui, 23 % des employ\u00e9s de notre\u2026\" \/>\n<meta name=\"robots\" content=\"index, follow, max-snippet:-1, max-image-preview:large, max-video-preview:-1\" \/>\n<meta property=\"og:locale\" content=\"fr_FR\" \/>\n<meta property=\"og:type\" content=\"article\" \/>\n<meta property=\"og:title\" content=\"Barom\u00e8tre de mobilit\u00e9 Acerta: les Belges utilisent davantage de solutions alternative \u00e0 la voiture pour se rendre au travail - link2fleet\" \/>\n<meta property=\"og:description\" content=\"Les voitures de soci\u00e9t\u00e9 sont \u00e0 nouveau plus nombreuses qu\u2019il y a un an sur les routes belges. Aujourd\u2019hui, 23 % des employ\u00e9s de notre\u2026\" \/>\n<meta property=\"og:url\" content=\"https:\/\/www.link2fleet.com\/fr\/barometre-de-mobilite-acerta-les-belges-utilisent-davantage-de-solutions-alternative-a-la-voiture-pour-se-rendre-au-travail\/\" \/>\n<meta property=\"og:site_name\" content=\"link2fleet\" \/>\n<meta property=\"article:published_time\" content=\"2023-01-12T09:34:35+00:00\" \/>\n<meta property=\"article:modified_time\" content=\"2024-04-17T14:44:51+00:00\" \/>\n<meta property=\"og:image\" content=\"https:\/\/static.link2fleet.com\/wp-content\/uploads\/2024\/01\/velo-travail.jpeg\" \/>\n\t<meta property=\"og:image:width\" content=\"802\" \/>\n\t<meta property=\"og:image:height\" content=\"422\" \/>\n\t<meta property=\"og:image:type\" content=\"image\/jpeg\" \/>\n<meta name=\"author\" content=\"Damien Malvetti\" \/>\n<meta name=\"twitter:card\" content=\"summary_large_image\" \/>\n<meta name=\"twitter:description\" content=\"Les voitures de soci\u00e9t\u00e9 sont \u00e0 nouveau plus nombreuses qu\u2019il y a un an sur les routes belges. Aujourd\u2019hui, 23 % des employ\u00e9s de notre\u2026\" \/>\n<meta name=\"twitter:label1\" content=\"\u00c9crit par\" \/>\n\t<meta name=\"twitter:data1\" content=\"Damien Malvetti\" \/>\n\t<meta name=\"twitter:label2\" content=\"Dur\u00e9e de lecture estim\u00e9e\" \/>\n\t<meta name=\"twitter:data2\" content=\"5 minutes\" \/>\n<script type=\"application\/ld+json\" class=\"yoast-schema-graph\">{\"@context\":\"https:\\\/\\\/schema.org\",\"@graph\":[{\"@type\":\"Article\",\"@id\":\"https:\\\/\\\/www.link2fleet.com\\\/fr\\\/barometre-de-mobilite-acerta-les-belges-utilisent-davantage-de-solutions-alternative-a-la-voiture-pour-se-rendre-au-travail\\\/#article\",\"isPartOf\":{\"@id\":\"https:\\\/\\\/www.link2fleet.com\\\/fr\\\/barometre-de-mobilite-acerta-les-belges-utilisent-davantage-de-solutions-alternative-a-la-voiture-pour-se-rendre-au-travail\\\/\"},\"author\":{\"name\":\"Damien Malvetti\",\"@id\":\"https:\\\/\\\/www.link2fleet.com\\\/fr\\\/#\\\/schema\\\/person\\\/027cd46113c78036b3809c9a054049da\"},\"headline\":\"Barom\u00e8tre de mobilit\u00e9 Acerta: les Belges utilisent davantage de solutions alternative \u00e0 la voiture pour se rendre au travail\",\"datePublished\":\"2023-01-12T09:34:35+00:00\",\"dateModified\":\"2024-04-17T14:44:51+00:00\",\"mainEntityOfPage\":{\"@id\":\"https:\\\/\\\/www.link2fleet.com\\\/fr\\\/barometre-de-mobilite-acerta-les-belges-utilisent-davantage-de-solutions-alternative-a-la-voiture-pour-se-rendre-au-travail\\\/\"},\"wordCount\":995,\"publisher\":{\"@id\":\"https:\\\/\\\/www.link2fleet.com\\\/fr\\\/#organization\"},\"image\":{\"@id\":\"https:\\\/\\\/www.link2fleet.com\\\/fr\\\/barometre-de-mobilite-acerta-les-belges-utilisent-davantage-de-solutions-alternative-a-la-voiture-pour-se-rendre-au-travail\\\/#primaryimage\"},\"thumbnailUrl\":\"https:\\\/\\\/static.link2fleet.com\\\/wp-content\\\/uploads\\\/2024\\\/01\\\/velo-travail.jpeg\",\"articleSection\":[\"Expertise et f\u00e9d\u00e9rations\",\"Gestion de flotte\"],\"inLanguage\":\"fr-FR\"},{\"@type\":\"WebPage\",\"@id\":\"https:\\\/\\\/www.link2fleet.com\\\/fr\\\/barometre-de-mobilite-acerta-les-belges-utilisent-davantage-de-solutions-alternative-a-la-voiture-pour-se-rendre-au-travail\\\/\",\"url\":\"https:\\\/\\\/www.link2fleet.com\\\/fr\\\/barometre-de-mobilite-acerta-les-belges-utilisent-davantage-de-solutions-alternative-a-la-voiture-pour-se-rendre-au-travail\\\/\",\"name\":\"Barom\u00e8tre de mobilit\u00e9 Acerta: les Belges utilisent davantage de solutions alternative \u00e0 la voiture pour se rendre au travail - link2fleet\",\"isPartOf\":{\"@id\":\"https:\\\/\\\/www.link2fleet.com\\\/fr\\\/#website\"},\"primaryImageOfPage\":{\"@id\":\"https:\\\/\\\/www.link2fleet.com\\\/fr\\\/barometre-de-mobilite-acerta-les-belges-utilisent-davantage-de-solutions-alternative-a-la-voiture-pour-se-rendre-au-travail\\\/#primaryimage\"},\"image\":{\"@id\":\"https:\\\/\\\/www.link2fleet.com\\\/fr\\\/barometre-de-mobilite-acerta-les-belges-utilisent-davantage-de-solutions-alternative-a-la-voiture-pour-se-rendre-au-travail\\\/#primaryimage\"},\"thumbnailUrl\":\"https:\\\/\\\/static.link2fleet.com\\\/wp-content\\\/uploads\\\/2024\\\/01\\\/velo-travail.jpeg\",\"datePublished\":\"2023-01-12T09:34:35+00:00\",\"dateModified\":\"2024-04-17T14:44:51+00:00\",\"breadcrumb\":{\"@id\":\"https:\\\/\\\/www.link2fleet.com\\\/fr\\\/barometre-de-mobilite-acerta-les-belges-utilisent-davantage-de-solutions-alternative-a-la-voiture-pour-se-rendre-au-travail\\\/#breadcrumb\"},\"inLanguage\":\"fr-FR\",\"potentialAction\":[{\"@type\":\"ReadAction\",\"target\":[\"https:\\\/\\\/www.link2fleet.com\\\/fr\\\/barometre-de-mobilite-acerta-les-belges-utilisent-davantage-de-solutions-alternative-a-la-voiture-pour-se-rendre-au-travail\\\/\"]}]},{\"@type\":\"ImageObject\",\"inLanguage\":\"fr-FR\",\"@id\":\"https:\\\/\\\/www.link2fleet.com\\\/fr\\\/barometre-de-mobilite-acerta-les-belges-utilisent-davantage-de-solutions-alternative-a-la-voiture-pour-se-rendre-au-travail\\\/#primaryimage\",\"url\":\"https:\\\/\\\/static.link2fleet.com\\\/wp-content\\\/uploads\\\/2024\\\/01\\\/velo-travail.jpeg\",\"contentUrl\":\"https:\\\/\\\/static.link2fleet.com\\\/wp-content\\\/uploads\\\/2024\\\/01\\\/velo-travail.jpeg\",\"width\":802,\"height\":422},{\"@type\":\"BreadcrumbList\",\"@id\":\"https:\\\/\\\/www.link2fleet.com\\\/fr\\\/barometre-de-mobilite-acerta-les-belges-utilisent-davantage-de-solutions-alternative-a-la-voiture-pour-se-rendre-au-travail\\\/#breadcrumb\",\"itemListElement\":[{\"@type\":\"ListItem\",\"position\":1,\"name\":\"Home\",\"item\":\"https:\\\/\\\/www.link2fleet.com\\\/fr\\\/\"},{\"@type\":\"ListItem\",\"position\":2,\"name\":\"Barom\u00e8tre de mobilit\u00e9 Acerta: les Belges utilisent davantage de solutions alternative \u00e0 la voiture pour se rendre au travail\"}]},{\"@type\":\"WebSite\",\"@id\":\"https:\\\/\\\/www.link2fleet.com\\\/fr\\\/#website\",\"url\":\"https:\\\/\\\/www.link2fleet.com\\\/fr\\\/\",\"name\":\"Link2fleet\",\"description\":\"\",\"publisher\":{\"@id\":\"https:\\\/\\\/www.link2fleet.com\\\/fr\\\/#organization\"},\"potentialAction\":[{\"@type\":\"SearchAction\",\"target\":{\"@type\":\"EntryPoint\",\"urlTemplate\":\"https:\\\/\\\/www.link2fleet.com\\\/fr\\\/?s={search_term_string}\"},\"query-input\":{\"@type\":\"PropertyValueSpecification\",\"valueRequired\":true,\"valueName\":\"search_term_string\"}}],\"inLanguage\":\"fr-FR\"},{\"@type\":\"Organization\",\"@id\":\"https:\\\/\\\/www.link2fleet.com\\\/fr\\\/#organization\",\"name\":\"Link2fleet\",\"url\":\"https:\\\/\\\/www.link2fleet.com\\\/fr\\\/\",\"logo\":{\"@type\":\"ImageObject\",\"inLanguage\":\"fr-FR\",\"@id\":\"https:\\\/\\\/www.link2fleet.com\\\/fr\\\/#\\\/schema\\\/logo\\\/image\\\/\",\"url\":\"https:\\\/\\\/static.link2fleet.com\\\/wp-content\\\/uploads\\\/2024\\\/03\\\/share-image.jpg\",\"contentUrl\":\"https:\\\/\\\/static.link2fleet.com\\\/wp-content\\\/uploads\\\/2024\\\/03\\\/share-image.jpg\",\"width\":1200,\"height\":630,\"caption\":\"Link2fleet\"},\"image\":{\"@id\":\"https:\\\/\\\/www.link2fleet.com\\\/fr\\\/#\\\/schema\\\/logo\\\/image\\\/\"},\"sameAs\":[\"https:\\\/\\\/www.linkedin.com\\\/company\\\/link2fleet-belgium\",\"https:\\\/\\\/www.youtube.com\\\/user\\\/MMMBMBE\"]},{\"@type\":\"Person\",\"@id\":\"https:\\\/\\\/www.link2fleet.com\\\/fr\\\/#\\\/schema\\\/person\\\/027cd46113c78036b3809c9a054049da\",\"name\":\"Damien Malvetti\",\"image\":{\"@type\":\"ImageObject\",\"inLanguage\":\"fr-FR\",\"@id\":\"https:\\\/\\\/secure.gravatar.com\\\/avatar\\\/dd8cc03b49466c735f753ac37f8caa371af16dfed347456ed61f02883255eebb?s=96&d=mm&r=g\",\"url\":\"https:\\\/\\\/secure.gravatar.com\\\/avatar\\\/dd8cc03b49466c735f753ac37f8caa371af16dfed347456ed61f02883255eebb?s=96&d=mm&r=g\",\"contentUrl\":\"https:\\\/\\\/secure.gravatar.com\\\/avatar\\\/dd8cc03b49466c735f753ac37f8caa371af16dfed347456ed61f02883255eebb?s=96&d=mm&r=g\",\"caption\":\"Damien Malvetti\"},\"description\":\"Damien Malvetti is opgeleid als journalist en gepassioneerd door wagens, technologie en mobiliteit. Hij is verantwoordelijk voor de redactionele inhoud van link2fleet en beschikt over een uitgebreide kennis van de fleet-sector en elektrische mobiliteit.\",\"sameAs\":[\"https:\\\/\\\/www.linkedin.com\\\/in\\\/damien-malvetti-56601142\\\/\"]}]}<\/script>\n<!-- \/ Yoast SEO plugin. -->","yoast_head_json":{"title":"Barom\u00e8tre de mobilit\u00e9 Acerta: les Belges utilisent davantage de solutions alternative \u00e0 la voiture pour se rendre au travail - link2fleet","description":"Les voitures de soci\u00e9t\u00e9 sont \u00e0 nouveau plus nombreuses qu\u2019il y a un an sur les routes belges. Aujourd\u2019hui, 23 % des employ\u00e9s de notre\u2026","robots":{"index":"index","follow":"follow","max-snippet":"max-snippet:-1","max-image-preview":"max-image-preview:large","max-video-preview":"max-video-preview:-1"},"og_locale":"fr_FR","og_type":"article","og_title":"Barom\u00e8tre de mobilit\u00e9 Acerta: les Belges utilisent davantage de solutions alternative \u00e0 la voiture pour se rendre au travail - link2fleet","og_description":"Les voitures de soci\u00e9t\u00e9 sont \u00e0 nouveau plus nombreuses qu\u2019il y a un an sur les routes belges. Aujourd\u2019hui, 23 % des employ\u00e9s de notre\u2026","og_url":"https:\/\/www.link2fleet.com\/fr\/barometre-de-mobilite-acerta-les-belges-utilisent-davantage-de-solutions-alternative-a-la-voiture-pour-se-rendre-au-travail\/","og_site_name":"link2fleet","article_published_time":"2023-01-12T09:34:35+00:00","article_modified_time":"2024-04-17T14:44:51+00:00","og_image":[{"width":802,"height":422,"url":"https:\/\/static.link2fleet.com\/wp-content\/uploads\/2024\/01\/velo-travail.jpeg","type":"image\/jpeg"}],"author":"Damien Malvetti","twitter_card":"summary_large_image","twitter_description":"Les voitures de soci\u00e9t\u00e9 sont \u00e0 nouveau plus nombreuses qu\u2019il y a un an sur les routes belges. Aujourd\u2019hui, 23 % des employ\u00e9s de notre\u2026","twitter_misc":{"\u00c9crit par":"Damien Malvetti","Dur\u00e9e de lecture estim\u00e9e":"5 minutes"},"schema":{"@context":"https:\/\/schema.org","@graph":[{"@type":"Article","@id":"https:\/\/www.link2fleet.com\/fr\/barometre-de-mobilite-acerta-les-belges-utilisent-davantage-de-solutions-alternative-a-la-voiture-pour-se-rendre-au-travail\/#article","isPartOf":{"@id":"https:\/\/www.link2fleet.com\/fr\/barometre-de-mobilite-acerta-les-belges-utilisent-davantage-de-solutions-alternative-a-la-voiture-pour-se-rendre-au-travail\/"},"author":{"name":"Damien Malvetti","@id":"https:\/\/www.link2fleet.com\/fr\/#\/schema\/person\/027cd46113c78036b3809c9a054049da"},"headline":"Barom\u00e8tre de mobilit\u00e9 Acerta: les Belges utilisent davantage de solutions alternative \u00e0 la voiture pour se rendre au travail","datePublished":"2023-01-12T09:34:35+00:00","dateModified":"2024-04-17T14:44:51+00:00","mainEntityOfPage":{"@id":"https:\/\/www.link2fleet.com\/fr\/barometre-de-mobilite-acerta-les-belges-utilisent-davantage-de-solutions-alternative-a-la-voiture-pour-se-rendre-au-travail\/"},"wordCount":995,"publisher":{"@id":"https:\/\/www.link2fleet.com\/fr\/#organization"},"image":{"@id":"https:\/\/www.link2fleet.com\/fr\/barometre-de-mobilite-acerta-les-belges-utilisent-davantage-de-solutions-alternative-a-la-voiture-pour-se-rendre-au-travail\/#primaryimage"},"thumbnailUrl":"https:\/\/static.link2fleet.com\/wp-content\/uploads\/2024\/01\/velo-travail.jpeg","articleSection":["Expertise et f\u00e9d\u00e9rations","Gestion de flotte"],"inLanguage":"fr-FR"},{"@type":"WebPage","@id":"https:\/\/www.link2fleet.com\/fr\/barometre-de-mobilite-acerta-les-belges-utilisent-davantage-de-solutions-alternative-a-la-voiture-pour-se-rendre-au-travail\/","url":"https:\/\/www.link2fleet.com\/fr\/barometre-de-mobilite-acerta-les-belges-utilisent-davantage-de-solutions-alternative-a-la-voiture-pour-se-rendre-au-travail\/","name":"Barom\u00e8tre de mobilit\u00e9 Acerta: les Belges utilisent davantage de solutions alternative \u00e0 la voiture pour se rendre au travail - link2fleet","isPartOf":{"@id":"https:\/\/www.link2fleet.com\/fr\/#website"},"primaryImageOfPage":{"@id":"https:\/\/www.link2fleet.com\/fr\/barometre-de-mobilite-acerta-les-belges-utilisent-davantage-de-solutions-alternative-a-la-voiture-pour-se-rendre-au-travail\/#primaryimage"},"image":{"@id":"https:\/\/www.link2fleet.com\/fr\/barometre-de-mobilite-acerta-les-belges-utilisent-davantage-de-solutions-alternative-a-la-voiture-pour-se-rendre-au-travail\/#primaryimage"},"thumbnailUrl":"https:\/\/static.link2fleet.com\/wp-content\/uploads\/2024\/01\/velo-travail.jpeg","datePublished":"2023-01-12T09:34:35+00:00","dateModified":"2024-04-17T14:44:51+00:00","breadcrumb":{"@id":"https:\/\/www.link2fleet.com\/fr\/barometre-de-mobilite-acerta-les-belges-utilisent-davantage-de-solutions-alternative-a-la-voiture-pour-se-rendre-au-travail\/#breadcrumb"},"inLanguage":"fr-FR","potentialAction":[{"@type":"ReadAction","target":["https:\/\/www.link2fleet.com\/fr\/barometre-de-mobilite-acerta-les-belges-utilisent-davantage-de-solutions-alternative-a-la-voiture-pour-se-rendre-au-travail\/"]}]},{"@type":"ImageObject","inLanguage":"fr-FR","@id":"https:\/\/www.link2fleet.com\/fr\/barometre-de-mobilite-acerta-les-belges-utilisent-davantage-de-solutions-alternative-a-la-voiture-pour-se-rendre-au-travail\/#primaryimage","url":"https:\/\/static.link2fleet.com\/wp-content\/uploads\/2024\/01\/velo-travail.jpeg","contentUrl":"https:\/\/static.link2fleet.com\/wp-content\/uploads\/2024\/01\/velo-travail.jpeg","width":802,"height":422},{"@type":"BreadcrumbList","@id":"https:\/\/www.link2fleet.com\/fr\/barometre-de-mobilite-acerta-les-belges-utilisent-davantage-de-solutions-alternative-a-la-voiture-pour-se-rendre-au-travail\/#breadcrumb","itemListElement":[{"@type":"ListItem","position":1,"name":"Home","item":"https:\/\/www.link2fleet.com\/fr\/"},{"@type":"ListItem","position":2,"name":"Barom\u00e8tre de mobilit\u00e9 Acerta: les Belges utilisent davantage de solutions alternative \u00e0 la voiture pour se rendre au travail"}]},{"@type":"WebSite","@id":"https:\/\/www.link2fleet.com\/fr\/#website","url":"https:\/\/www.link2fleet.com\/fr\/","name":"Link2fleet","description":"","publisher":{"@id":"https:\/\/www.link2fleet.com\/fr\/#organization"},"potentialAction":[{"@type":"SearchAction","target":{"@type":"EntryPoint","urlTemplate":"https:\/\/www.link2fleet.com\/fr\/?s={search_term_string}"},"query-input":{"@type":"PropertyValueSpecification","valueRequired":true,"valueName":"search_term_string"}}],"inLanguage":"fr-FR"},{"@type":"Organization","@id":"https:\/\/www.link2fleet.com\/fr\/#organization","name":"Link2fleet","url":"https:\/\/www.link2fleet.com\/fr\/","logo":{"@type":"ImageObject","inLanguage":"fr-FR","@id":"https:\/\/www.link2fleet.com\/fr\/#\/schema\/logo\/image\/","url":"https:\/\/static.link2fleet.com\/wp-content\/uploads\/2024\/03\/share-image.jpg","contentUrl":"https:\/\/static.link2fleet.com\/wp-content\/uploads\/2024\/03\/share-image.jpg","width":1200,"height":630,"caption":"Link2fleet"},"image":{"@id":"https:\/\/www.link2fleet.com\/fr\/#\/schema\/logo\/image\/"},"sameAs":["https:\/\/www.linkedin.com\/company\/link2fleet-belgium","https:\/\/www.youtube.com\/user\/MMMBMBE"]},{"@type":"Person","@id":"https:\/\/www.link2fleet.com\/fr\/#\/schema\/person\/027cd46113c78036b3809c9a054049da","name":"Damien Malvetti","image":{"@type":"ImageObject","inLanguage":"fr-FR","@id":"https:\/\/secure.gravatar.com\/avatar\/dd8cc03b49466c735f753ac37f8caa371af16dfed347456ed61f02883255eebb?s=96&d=mm&r=g","url":"https:\/\/secure.gravatar.com\/avatar\/dd8cc03b49466c735f753ac37f8caa371af16dfed347456ed61f02883255eebb?s=96&d=mm&r=g","contentUrl":"https:\/\/secure.gravatar.com\/avatar\/dd8cc03b49466c735f753ac37f8caa371af16dfed347456ed61f02883255eebb?s=96&d=mm&r=g","caption":"Damien Malvetti"},"description":"Damien Malvetti is opgeleid als journalist en gepassioneerd door wagens, technologie en mobiliteit. Hij is verantwoordelijk voor de redactionele inhoud van link2fleet en beschikt over een uitgebreide kennis van de fleet-sector en elektrische mobiliteit.","sameAs":["https:\/\/www.linkedin.com\/in\/damien-malvetti-56601142\/"]}]}},"_links":{"self":[{"href":"https:\/\/www.link2fleet.com\/fr\/wp-json\/wp\/v2\/posts\/8520","targetHints":{"allow":["GET"]}}],"collection":[{"href":"https:\/\/www.link2fleet.com\/fr\/wp-json\/wp\/v2\/posts"}],"about":[{"href":"https:\/\/www.link2fleet.com\/fr\/wp-json\/wp\/v2\/types\/post"}],"author":[{"embeddable":true,"href":"https:\/\/www.link2fleet.com\/fr\/wp-json\/wp\/v2\/users\/4"}],"replies":[{"embeddable":true,"href":"https:\/\/www.link2fleet.com\/fr\/wp-json\/wp\/v2\/comments?post=8520"}],"version-history":[{"count":0,"href":"https:\/\/www.link2fleet.com\/fr\/wp-json\/wp\/v2\/posts\/8520\/revisions"}],"wp:featuredmedia":[{"embeddable":true,"href":"https:\/\/www.link2fleet.com\/fr\/wp-json\/wp\/v2\/media\/538"}],"wp:attachment":[{"href":"https:\/\/www.link2fleet.com\/fr\/wp-json\/wp\/v2\/media?parent=8520"}],"wp:term":[{"taxonomy":"category","embeddable":true,"href":"https:\/\/www.link2fleet.com\/fr\/wp-json\/wp\/v2\/categories?post=8520"},{"taxonomy":"post_tag","embeddable":true,"href":"https:\/\/www.link2fleet.com\/fr\/wp-json\/wp\/v2\/tags?post=8520"}],"curies":[{"name":"wp","href":"https:\/\/api.w.org\/{rel}","templated":true}]}}