{"id":8575,"date":"2023-02-04T09:15:48","date_gmt":"2023-02-04T08:15:48","guid":{"rendered":"https:\/\/www.link2fleet.com\/les-voitures-de-societe-electriques-une-suite-logique-pour-oleon\/"},"modified":"2024-04-17T16:44:15","modified_gmt":"2024-04-17T14:44:15","slug":"les-voitures-de-societe-electriques-une-suite-logique-pour-oleon","status":"publish","type":"post","link":"https:\/\/www.link2fleet.com\/fr\/les-voitures-de-societe-electriques-une-suite-logique-pour-oleon\/","title":{"rendered":"Les voitures de soci\u00e9t\u00e9 \u00e9lectriques : une suite logique pour Oleon"},"content":{"rendered":"<p style=\"font-weight: 400;\"><strong>Une mission \u00e9cologique pour l\u2019entreprise<\/strong><\/p>\n<p style=\"font-weight: 400;\">\u00ab\u00a0<a href=\"https:\/\/www.oleon.com\/\">Oleon<\/a> transforme des graisses et des huiles naturelles en produits ol\u00e9ochimiques destin\u00e9s \u00e0 de multiples applications\u00a0\u00bb, explique Ann. \u00ab\u00a0Nous fournissons de <a href=\"https:\/\/www.oleon.com\/market\">tr\u00e8s nombreux secteurs industriels<\/a>, de l\u2019alimentaire \u00e0 l\u2019exploration p\u00e9troli\u00e8re en passant par le phytosanitaire, le rev\u00eatement ou le cosm\u00e9tique. Chaque march\u00e9 sp\u00e9cifique profite donc de notre chimie naturelle.\u00a0\u00bb<\/p>\n<p style=\"font-weight: 400;\">Cet <a href=\"https:\/\/www.oleon.com\/sustainable-development\/our-commitment\">engagement \u00e9cologique<\/a> a aussi rapidement conduit Oleon \u00e0 envisager de verdir son parc automobile. \u00ab\u00a0Oleon oriente ses activit\u00e9s pour respecter un plan de durabilit\u00e9 qui est r\u00e9\u00e9valu\u00e9 chaque ann\u00e9e. Lorsque de nouvelles opportunit\u00e9s se pr\u00e9sentent sur le march\u00e9 pour nous permettre de poursuivre nos activit\u00e9s de fa\u00e7on encore plus respectueuse de l\u2019environnement, nous les saisissons avec plaisir\u00a0\u00bb, ajoute Ann. \u00ab\u00a0Actuellement, notre objectif consiste \u00e0 r\u00e9duire notre empreinte \u00e9cologique de 30\u00a0% d\u2019ici\u00a02030. Disposer de voitures de soci\u00e9t\u00e9 neutres en carbone est l\u2019un des moyens d\u2019y parvenir.\u00a0\u00bb<\/p>\n<blockquote>\n<p style=\"font-weight: 400;\"><em><a href=\"https:\/\/www.link2fleet.com\/wp-content\/uploads\/2023\/01\/AnnDemaegdtFull.jpg\"><img loading=\"lazy\" decoding=\"async\" class=\"alignleft wp-image-1289459\" src=\"https:\/\/www.link2fleet.com\/wp-content\/uploads\/2023\/01\/AnnDemaegdtFull-225x300.jpg\" alt=\"\" width=\"131\" height=\"175\" \/><\/a>\u00ab\u00a0La durabilit\u00e9 constitue l\u2019une des valeurs les plus importantes de notre mission d\u2019entreprise. Disposer d\u2019un parc automobile \u00e9lectrique cadre donc parfaitement avec notre strat\u00e9gie.\u00a0\u00bb<\/em><\/p>\n<p style=\"font-weight: 400;\"><strong>&#8211; Ann Demaegdt, Purchase Manager Oleon<\/strong><\/p>\n<\/blockquote>\n<p>&nbsp;<\/p>\n<p>&nbsp;<\/p>\n<p style=\"font-weight: 400;\"><strong>Avec Luminus comme copilote<\/strong><\/p>\n<p style=\"font-weight: 400;\"><a href=\"https:\/\/www.link2fleet.com\/wp-content\/uploads\/2023\/01\/Luminus-2-rotated.jpg\"><img loading=\"lazy\" decoding=\"async\" class=\"alignright size-medium wp-image-1289463\" src=\"https:\/\/www.link2fleet.com\/wp-content\/uploads\/2023\/01\/Luminus-2-169x300.jpg\" alt=\"\" width=\"169\" height=\"300\" \/><\/a>Notre gouvernement a lui aussi pris conscience des avantages que repr\u00e9sentent les voitures \u00e9lectriques. \u00ab\u00a0Cela nous ravit\u00a0\u00bb, d\u00e9clare Cindy,\u00a0\u00ab car c\u2019est ensemble que nous devons faire le choix de la durabilit\u00e9. Les avantages fiscaux li\u00e9s aux v\u00e9hicules \u00e9lectriques repr\u00e9sentent aussi un plus non n\u00e9gligeable.\u00a0\u00bb Pour une entreprise multinationale comme Oleon, il n&rsquo;a cependant pas \u00e9t\u00e9 simple d\u2019examiner ces m\u00eames avantages \u00e0 l\u2019\u00e9tranger. \u00ab\u00a0Oleon est aussi install\u00e9e en France, en Allemagne et en Malaisie\u00a0\u00bb, ajoute Ann. \u00ab\u00a0Il a donc \u00e9t\u00e9 compliqu\u00e9 d\u2019examiner en d\u00e9tail les diff\u00e9rentes possibilit\u00e9s offertes selon les l\u00e9gislations de chaque \u00c9tat.\u00a0\u00bb<\/p>\n<p style=\"font-weight: 400;\">Lorsque Ann et Cindy ont d\u00e9cid\u00e9 d\u2019effectuer la transition vers une flotte de v\u00e9hicules \u00e9lectriques pour leur entreprise, elles ont encore d\u00fb surmonter quelques difficult\u00e9s. \u00ab\u00a0Nous avons d\u00fb \u00e9tudier les solutions de recharge possibles avec l\u2019infrastructure dont nous disposions et identifier les am\u00e9nagements n\u00e9cessaires. Notre car policy a \u00e9galement d\u00fb \u00eatre fondamentalement modifi\u00e9e, sans parler des longs d\u00e9lais de livraison des v\u00e9hicules et des pr\u00e9occupations de nos coll\u00e8gues dont nous avons d\u00fb aussi tenir compte. Heureusement, Luminus \u00e9tait l\u00e0 pour nous aider.\u00a0\u00bb<\/p>\n<blockquote>\n<p style=\"font-weight: 400;\"><em>\u00ab\u00a0La mobilit\u00e9 \u00e9lectrique repr\u00e9sentait pour nous un monde nouveau \u2013 les mod\u00e8les que nous connaissons depuis des ann\u00e9es n\u2019\u00e9taient subitement plus adapt\u00e9s \u00e0 nos besoins \u2013 mais gr\u00e2ce \u00e0 Luminus, nous avons b\u00e9n\u00e9fici\u00e9 d\u2019une bonne pr\u00e9paration pour relever ce d\u00e9fi.\u00a0\u00bb<\/em><\/p>\n<p style=\"font-weight: 400;\"><strong>&#8211; Ann Demaegdt, Purchase Manager Oleon<\/strong><\/p>\n<\/blockquote>\n<p>&nbsp;<\/p>\n<p style=\"font-weight: 400;\"><a href=\"https:\/\/www.link2fleet.com\/wp-content\/uploads\/2023\/02\/LUMINUS-Stock-scaled.jpg\"><img loading=\"lazy\" decoding=\"async\" class=\"alignright size-medium wp-image-1289477\" src=\"https:\/\/www.link2fleet.com\/wp-content\/uploads\/2023\/02\/LUMINUS-Stock-300x200.jpg\" alt=\"\" width=\"300\" height=\"200\" \/><\/a>\u00ab<em>\u00a0<\/em>Notre communication avec Luminus se caract\u00e9rise principalement par la transparence et la confiance\u00a0\u00bb, explique Cindy. \u00ab\u00a0Avec Jules Nuyttens, notre personne de contact, nous avons pu parler de tout. Nous avons \u00e9tudi\u00e9 toutes les options avec lui. Et aujourd\u2019hui encore, il continue de nous informer au sujet des nouvelles applications. Et en cas de probl\u00e8me, nous savons que nous pouvons toujours l\u2019appeler. Il repr\u00e9sente un soutien pr\u00e9cieux.\u00a0\u00bb Par ailleurs, Luminus propose aussi \u00e0 ses clients un portail qui leur permet de suivre en d\u00e9tail la flotte de leur entreprise. \u00ab\u00a0Cette plateforme garantit un suivi id\u00e9al. Elle reprend toutes les informations\u00a0: des cartes de paiement aux factures en passant par les livraisons. C\u2019est tr\u00e8s pratique\u00a0\u00bb, estime Cindy.<\/p>\n<p>&nbsp;<\/p>\n<p style=\"font-weight: 400;\"><strong>Le choix de l\u2019insouciance<\/strong><\/p>\n<p style=\"font-weight: 400;\">Quand Oleon a annonc\u00e9 son choix de privil\u00e9gier les voitures de soci\u00e9t\u00e9 vertes, certains coll\u00e8gues doutaient de sa pertinence. \u00ab\u00a0C\u2019est assez logique\u00a0\u00bb, explique Cindy. \u00ab\u00a0En tant que collaborateur, vous ne savez pas imm\u00e9diatement quoi penser d\u2019une d\u00e9cision d\u2019une telle importance \u00e0 l\u2019\u00e9chelle de l\u2019entreprise. Mais nous avons rapidement pu apaiser les craintes. La promesse de n\u2019opter que pour des mod\u00e8les offrant une autonomie d\u2019au moins\u00a0350\u00a0kilom\u00e8tres \u00e9tait d\u00e9j\u00e0 rassurante. Par ailleurs, chaque conducteur a b\u00e9n\u00e9fici\u00e9 de l\u2019installation d\u2019une borne de recharge \u00e0 domicile, aux frais de l\u2019entreprise. Enfin, l\u2019octroi d\u2019un badge de recharge permettant d\u2019utiliser les bornes de recharge publiques a permis de lever les derniers doutes.\u00a0\u00bb<\/p>\n<blockquote>\n<p style=\"font-weight: 400;\"><em><a href=\"https:\/\/www.link2fleet.com\/wp-content\/uploads\/2023\/01\/Cindy-002.jpeg\"><img loading=\"lazy\" decoding=\"async\" class=\"alignleft wp-image-1289461\" src=\"https:\/\/www.link2fleet.com\/wp-content\/uploads\/2023\/01\/Cindy-002-200x300.jpeg\" alt=\"\" width=\"115\" height=\"173\" \/><\/a>\u00ab Pour de nombreux collaborateurs, la possibilit\u00e9 d\u2019installer une borne de recharge \u00e0 domicile a \u00e9t\u00e9 un \u00e9l\u00e9ment d\u00e9cisif. Ils n\u2019avaient plus aucune raison de douter.\u00a0\u00bb<\/em><\/p>\n<p style=\"font-weight: 400;\"><strong>&#8211; Cindy Desmet, Fleet Manager<\/strong><\/p>\n<\/blockquote>\n<p>&nbsp;<\/p>\n<p style=\"font-weight: 400;\">Lorsque tout le monde a compris comment cela fonctionnerait, le scepticisme a vite fait place \u00e0 l\u2019enthousiasme. \u00ab\u00a0La plupart de nos collaborateurs devront encore patienter un peu avant de prendre le volant de leur voiture \u00e9lectrique, mais ceux qui ont d\u00e9j\u00e0 la chance d\u2019en profiter se disent agr\u00e9ablement surpris. Une voiture \u00e9lectrique pr\u00e9sente par exemple une capacit\u00e9 d\u2019acc\u00e9l\u00e9ration plus importante qu\u2019un mod\u00e8le \u00e0 moteur thermique. Cela les effraie m\u00eame parfois\u00a0\u00bb, s\u2019amuse Cindy. \u00ab\u00a0Les coll\u00e8gues s\u2019invitent pour faire un petit tour d\u2019essai et se donnent des conseils. La publicit\u00e9 par le bouche-\u00e0-oreille fonctionne \u00e0 merveille.\u00a0\u00bb<\/p>\n<p>&nbsp;<\/p>\n<p style=\"font-weight: 400;\"><strong>Aujourd\u2019hui et demain<\/strong><\/p>\n<p style=\"font-weight: 400;\">\u00ab La transition vers des voitures de soci\u00e9t\u00e9 z\u00e9ro \u00e9mission a d\u00e9but\u00e9 en\u00a02021\u00a0\u00bb, explique Cindy.\u00a0\u00ab\u00a0\u00c0 l\u2019\u00e9poque, nos coll\u00e8gues avaient encore le choix entre une voiture \u00e0 moteur thermique et une voiture \u00e9lectrique. Mais nous avons imm\u00e9diatement constat\u00e9 \u00e9norm\u00e9ment d\u2019enthousiasme pour les voitures z\u00e9ro \u00e9mission. Aujourd\u2019hui, il s\u2019agit de la seule option propos\u00e9e.\u00a0\u00bb<\/p>\n<blockquote>\n<p style=\"font-weight: 400;\"><em>\u00ab Par rapport \u00e0 beaucoup d\u2019autres entreprises, nous avons choisi de ne pas proposer de voitures hybrides et de privil\u00e9gier les mod\u00e8les\u00a0100\u00a0% \u00e9lectriques. L\u2019avantage fiscal li\u00e9 aux voitures hybrides sera bient\u00f4t supprim\u00e9 et elles demeurent en fin de compte relativement polluantes.\u00a0\u00bb<\/em><\/p>\n<p style=\"font-weight: 400;\"><strong>&#8211; Cindy Desmet, Fleet Manager<\/strong><\/p>\n<\/blockquote>\n<p>&nbsp;<\/p>\n<p style=\"font-weight: 400;\"><a href=\"https:\/\/www.link2fleet.com\/wp-content\/uploads\/2023\/02\/BEB85738.jpg\"><img loading=\"lazy\" decoding=\"async\" class=\"alignright size-medium wp-image-1289475\" src=\"https:\/\/www.link2fleet.com\/wp-content\/uploads\/2023\/02\/BEB85738-300x169.jpg\" alt=\"\" width=\"300\" height=\"169\" \/><\/a>\u00ab Notre flotte d\u2019entreprise compte \u00e0 ce jour\u00a0125\u00a0v\u00e9hicules. Cinq\u00a0d\u2019entre eux sont d\u00e9j\u00e0 \u00e9lectriques, mais d\u00e8s que les d\u00e9lais de livraison auront diminu\u00e9, il y en aura beaucoup plus\u00a0\u00bb, explique Ann. \u00ab\u00a0De plus, nous avons r\u00e9cemment mis en place un nouveau plan caf\u00e9t\u00e9ria qui rend le choix d\u2019une voiture \u00e9lectrique encore plus populaire. Vingt\u00a0v\u00e9hicules sont en commande dans ce cadre. En\u00a02027, nous esp\u00e9rons que notre flotte sera\u00a0100\u00a0% \u00e9lectrique.\u00a0\u00bb \u00ab\u00a0Nous constatons aussi que sur le plan priv\u00e9, de plus en plus de nos collaborateurs optent pour une voiture \u00e9lectrique\u00a0\u00bb, ajoute Cindy. \u00ab\u00a0Pour eux aussi, la pr\u00e9sence de bornes de recharge sur nos parkings repr\u00e9sente une bonne affaire. La transition vers un parc automobile \u00e9lectrique profite donc \u00e0 l\u2019ensemble de l\u2019entreprise Oleon et aux clients de passage dans nos bureaux.\u00a0\u00bb<\/p>\n<p style=\"font-weight: 400; text-align: center;\"><strong>Vous d\u00e9sirez effectuer la transition vers un parc automobile \u00e9lectrique\u00a0?<\/strong><\/p>\n<p style=\"font-weight: 400; text-align: center;\"><strong>Lisez tout ce qu\u2019il faut savoir \u00e0 ce sujet dans notre <\/strong><a href=\"https:\/\/luminus-business-blog.be\/fr\/e-books\/tout-ce-que-vous-devez-savoir-sur-lelectrification-de-votre-flotte-dentreprise\/?utm_source=DVO&amp;utm_medium=referral&amp;utm_campaign=%5BP%3Aev%3BO%3Aaw%3BF%3Asus%3BR%3Arec%3BL%3Anl%3BS%3Ab2b%3B%5D\"><strong>e-book<\/strong><\/a><strong> et <\/strong><a href=\"https:\/\/www.luminus.be\/fr\/entreprises\/mobilite-electrique\/\"><strong>d\u00e9couvrez toutes les possibilit\u00e9s qui existent<\/strong><\/a><strong>.<\/strong><\/p>\n<p style=\"font-weight: 400;\">\n","protected":false},"excerpt":{"rendered":"<p>Une mission \u00e9cologique pour l\u2019entreprise \u00ab\u00a0Oleon transforme des graisses et des huiles naturelles en produits ol\u00e9ochimiques destin\u00e9s \u00e0 de multiples applications\u00a0\u00bb, explique Ann. \u00ab\u00a0Nous fournissons de tr\u00e8s nombreux secteurs industriels, de l\u2019alimentaire \u00e0 l\u2019exploration p\u00e9troli\u00e8re en passant par le phytosanitaire, le rev\u00eatement ou le cosm\u00e9tique. Chaque march\u00e9 sp\u00e9cifique profite donc de notre chimie naturelle.\u00a0\u00bb Cet [&hellip;]<\/p>\n","protected":false},"author":4,"featured_media":8576,"comment_status":"closed","ping_status":"closed","sticky":false,"template":"","format":"standard","meta":{"_acf_changed":false,"footnotes":""},"categories":[81,91],"tags":[],"class_list":["post-8575","post","type-post","status-publish","format-standard","has-post-thumbnail","hentry","category-gestion-de-carburant-et-energie","category-expertise-et-management"],"acf":[],"yoast_head":"<!-- This site is optimized with the Yoast SEO plugin v27.3 - https:\/\/yoast.com\/product\/yoast-seo-wordpress\/ -->\n<title>Les voitures de soci\u00e9t\u00e9 \u00e9lectriques : une suite logique pour Oleon - link2fleet<\/title>\n<meta name=\"description\" content=\"L\u2019\u00e9cologie et l\u2019utilisation de produits naturels figurent au premier rang des priorit\u00e9s fix\u00e9es par Oleon depuis de nombreuses ann\u00e9es. Cela concerne bien entendu aussi la\u2026\" \/>\n<meta name=\"robots\" content=\"index, follow, max-snippet:-1, max-image-preview:large, max-video-preview:-1\" \/>\n<meta property=\"og:locale\" content=\"fr_FR\" \/>\n<meta property=\"og:type\" content=\"article\" \/>\n<meta property=\"og:title\" content=\"Les voitures de soci\u00e9t\u00e9 \u00e9lectriques : une suite logique pour Oleon - link2fleet\" \/>\n<meta property=\"og:description\" content=\"L\u2019\u00e9cologie et l\u2019utilisation de produits naturels figurent au premier rang des priorit\u00e9s fix\u00e9es par Oleon depuis de nombreuses ann\u00e9es. Cela concerne bien entendu aussi la\u2026\" \/>\n<meta property=\"og:url\" content=\"https:\/\/www.link2fleet.com\/fr\/les-voitures-de-societe-electriques-une-suite-logique-pour-oleon\/\" \/>\n<meta property=\"og:site_name\" content=\"link2fleet\" \/>\n<meta property=\"article:published_time\" content=\"2023-02-04T08:15:48+00:00\" \/>\n<meta property=\"article:modified_time\" content=\"2024-04-17T14:44:15+00:00\" \/>\n<meta property=\"og:image\" content=\"https:\/\/static.link2fleet.com\/wp-content\/uploads\/2024\/03\/beb85738.jpg\" \/>\n\t<meta property=\"og:image:width\" content=\"1209\" \/>\n\t<meta property=\"og:image:height\" content=\"680\" \/>\n\t<meta property=\"og:image:type\" content=\"image\/jpeg\" \/>\n<meta name=\"author\" content=\"Damien Malvetti\" \/>\n<meta name=\"twitter:card\" content=\"summary_large_image\" \/>\n<meta name=\"twitter:description\" content=\"L\u2019\u00e9cologie et l\u2019utilisation de produits naturels figurent au premier rang des priorit\u00e9s fix\u00e9es par Oleon depuis de nombreuses ann\u00e9es. Cela concerne bien entendu aussi la\u2026\" \/>\n<meta name=\"twitter:label1\" content=\"\u00c9crit par\" \/>\n\t<meta name=\"twitter:data1\" content=\"Damien Malvetti\" \/>\n\t<meta name=\"twitter:label2\" content=\"Dur\u00e9e de lecture estim\u00e9e\" \/>\n\t<meta name=\"twitter:data2\" content=\"6 minutes\" \/>\n<script type=\"application\/ld+json\" class=\"yoast-schema-graph\">{\"@context\":\"https:\\\/\\\/schema.org\",\"@graph\":[{\"@type\":\"Article\",\"@id\":\"https:\\\/\\\/www.link2fleet.com\\\/fr\\\/les-voitures-de-societe-electriques-une-suite-logique-pour-oleon\\\/#article\",\"isPartOf\":{\"@id\":\"https:\\\/\\\/www.link2fleet.com\\\/fr\\\/les-voitures-de-societe-electriques-une-suite-logique-pour-oleon\\\/\"},\"author\":{\"name\":\"Damien Malvetti\",\"@id\":\"https:\\\/\\\/www.link2fleet.com\\\/fr\\\/#\\\/schema\\\/person\\\/027cd46113c78036b3809c9a054049da\"},\"headline\":\"Les voitures de soci\u00e9t\u00e9 \u00e9lectriques : une suite logique pour Oleon\",\"datePublished\":\"2023-02-04T08:15:48+00:00\",\"dateModified\":\"2024-04-17T14:44:15+00:00\",\"mainEntityOfPage\":{\"@id\":\"https:\\\/\\\/www.link2fleet.com\\\/fr\\\/les-voitures-de-societe-electriques-une-suite-logique-pour-oleon\\\/\"},\"wordCount\":1158,\"publisher\":{\"@id\":\"https:\\\/\\\/www.link2fleet.com\\\/fr\\\/#organization\"},\"image\":{\"@id\":\"https:\\\/\\\/www.link2fleet.com\\\/fr\\\/les-voitures-de-societe-electriques-une-suite-logique-pour-oleon\\\/#primaryimage\"},\"thumbnailUrl\":\"https:\\\/\\\/static.link2fleet.com\\\/wp-content\\\/uploads\\\/2024\\\/03\\\/beb85738.jpg\",\"articleSection\":[\"Gestion carburant et de l'\u00e9nergie\",\"Gestion de flotte\"],\"inLanguage\":\"fr-FR\"},{\"@type\":\"WebPage\",\"@id\":\"https:\\\/\\\/www.link2fleet.com\\\/fr\\\/les-voitures-de-societe-electriques-une-suite-logique-pour-oleon\\\/\",\"url\":\"https:\\\/\\\/www.link2fleet.com\\\/fr\\\/les-voitures-de-societe-electriques-une-suite-logique-pour-oleon\\\/\",\"name\":\"Les voitures de soci\u00e9t\u00e9 \u00e9lectriques : une suite logique pour Oleon - link2fleet\",\"isPartOf\":{\"@id\":\"https:\\\/\\\/www.link2fleet.com\\\/fr\\\/#website\"},\"primaryImageOfPage\":{\"@id\":\"https:\\\/\\\/www.link2fleet.com\\\/fr\\\/les-voitures-de-societe-electriques-une-suite-logique-pour-oleon\\\/#primaryimage\"},\"image\":{\"@id\":\"https:\\\/\\\/www.link2fleet.com\\\/fr\\\/les-voitures-de-societe-electriques-une-suite-logique-pour-oleon\\\/#primaryimage\"},\"thumbnailUrl\":\"https:\\\/\\\/static.link2fleet.com\\\/wp-content\\\/uploads\\\/2024\\\/03\\\/beb85738.jpg\",\"datePublished\":\"2023-02-04T08:15:48+00:00\",\"dateModified\":\"2024-04-17T14:44:15+00:00\",\"breadcrumb\":{\"@id\":\"https:\\\/\\\/www.link2fleet.com\\\/fr\\\/les-voitures-de-societe-electriques-une-suite-logique-pour-oleon\\\/#breadcrumb\"},\"inLanguage\":\"fr-FR\",\"potentialAction\":[{\"@type\":\"ReadAction\",\"target\":[\"https:\\\/\\\/www.link2fleet.com\\\/fr\\\/les-voitures-de-societe-electriques-une-suite-logique-pour-oleon\\\/\"]}]},{\"@type\":\"ImageObject\",\"inLanguage\":\"fr-FR\",\"@id\":\"https:\\\/\\\/www.link2fleet.com\\\/fr\\\/les-voitures-de-societe-electriques-une-suite-logique-pour-oleon\\\/#primaryimage\",\"url\":\"https:\\\/\\\/static.link2fleet.com\\\/wp-content\\\/uploads\\\/2024\\\/03\\\/beb85738.jpg\",\"contentUrl\":\"https:\\\/\\\/static.link2fleet.com\\\/wp-content\\\/uploads\\\/2024\\\/03\\\/beb85738.jpg\",\"width\":1209,\"height\":680,\"caption\":\"|||||||\"},{\"@type\":\"BreadcrumbList\",\"@id\":\"https:\\\/\\\/www.link2fleet.com\\\/fr\\\/les-voitures-de-societe-electriques-une-suite-logique-pour-oleon\\\/#breadcrumb\",\"itemListElement\":[{\"@type\":\"ListItem\",\"position\":1,\"name\":\"Home\",\"item\":\"https:\\\/\\\/www.link2fleet.com\\\/fr\\\/\"},{\"@type\":\"ListItem\",\"position\":2,\"name\":\"Les voitures de soci\u00e9t\u00e9 \u00e9lectriques : une suite logique pour Oleon\"}]},{\"@type\":\"WebSite\",\"@id\":\"https:\\\/\\\/www.link2fleet.com\\\/fr\\\/#website\",\"url\":\"https:\\\/\\\/www.link2fleet.com\\\/fr\\\/\",\"name\":\"Link2fleet\",\"description\":\"\",\"publisher\":{\"@id\":\"https:\\\/\\\/www.link2fleet.com\\\/fr\\\/#organization\"},\"potentialAction\":[{\"@type\":\"SearchAction\",\"target\":{\"@type\":\"EntryPoint\",\"urlTemplate\":\"https:\\\/\\\/www.link2fleet.com\\\/fr\\\/?s={search_term_string}\"},\"query-input\":{\"@type\":\"PropertyValueSpecification\",\"valueRequired\":true,\"valueName\":\"search_term_string\"}}],\"inLanguage\":\"fr-FR\"},{\"@type\":\"Organization\",\"@id\":\"https:\\\/\\\/www.link2fleet.com\\\/fr\\\/#organization\",\"name\":\"Link2fleet\",\"url\":\"https:\\\/\\\/www.link2fleet.com\\\/fr\\\/\",\"logo\":{\"@type\":\"ImageObject\",\"inLanguage\":\"fr-FR\",\"@id\":\"https:\\\/\\\/www.link2fleet.com\\\/fr\\\/#\\\/schema\\\/logo\\\/image\\\/\",\"url\":\"https:\\\/\\\/static.link2fleet.com\\\/wp-content\\\/uploads\\\/2024\\\/03\\\/share-image.jpg\",\"contentUrl\":\"https:\\\/\\\/static.link2fleet.com\\\/wp-content\\\/uploads\\\/2024\\\/03\\\/share-image.jpg\",\"width\":1200,\"height\":630,\"caption\":\"Link2fleet\"},\"image\":{\"@id\":\"https:\\\/\\\/www.link2fleet.com\\\/fr\\\/#\\\/schema\\\/logo\\\/image\\\/\"},\"sameAs\":[\"https:\\\/\\\/www.linkedin.com\\\/company\\\/link2fleet-belgium\",\"https:\\\/\\\/www.youtube.com\\\/user\\\/MMMBMBE\"]},{\"@type\":\"Person\",\"@id\":\"https:\\\/\\\/www.link2fleet.com\\\/fr\\\/#\\\/schema\\\/person\\\/027cd46113c78036b3809c9a054049da\",\"name\":\"Damien Malvetti\",\"image\":{\"@type\":\"ImageObject\",\"inLanguage\":\"fr-FR\",\"@id\":\"https:\\\/\\\/secure.gravatar.com\\\/avatar\\\/dd8cc03b49466c735f753ac37f8caa371af16dfed347456ed61f02883255eebb?s=96&d=mm&r=g\",\"url\":\"https:\\\/\\\/secure.gravatar.com\\\/avatar\\\/dd8cc03b49466c735f753ac37f8caa371af16dfed347456ed61f02883255eebb?s=96&d=mm&r=g\",\"contentUrl\":\"https:\\\/\\\/secure.gravatar.com\\\/avatar\\\/dd8cc03b49466c735f753ac37f8caa371af16dfed347456ed61f02883255eebb?s=96&d=mm&r=g\",\"caption\":\"Damien Malvetti\"},\"description\":\"Damien Malvetti is opgeleid als journalist en gepassioneerd door wagens, technologie en mobiliteit. Hij is verantwoordelijk voor de redactionele inhoud van link2fleet en beschikt over een uitgebreide kennis van de fleet-sector en elektrische mobiliteit.\",\"sameAs\":[\"https:\\\/\\\/www.linkedin.com\\\/in\\\/damien-malvetti-56601142\\\/\"]}]}<\/script>\n<!-- \/ Yoast SEO plugin. -->","yoast_head_json":{"title":"Les voitures de soci\u00e9t\u00e9 \u00e9lectriques : une suite logique pour Oleon - link2fleet","description":"L\u2019\u00e9cologie et l\u2019utilisation de produits naturels figurent au premier rang des priorit\u00e9s fix\u00e9es par Oleon depuis de nombreuses ann\u00e9es. Cela concerne bien entendu aussi la\u2026","robots":{"index":"index","follow":"follow","max-snippet":"max-snippet:-1","max-image-preview":"max-image-preview:large","max-video-preview":"max-video-preview:-1"},"og_locale":"fr_FR","og_type":"article","og_title":"Les voitures de soci\u00e9t\u00e9 \u00e9lectriques : une suite logique pour Oleon - link2fleet","og_description":"L\u2019\u00e9cologie et l\u2019utilisation de produits naturels figurent au premier rang des priorit\u00e9s fix\u00e9es par Oleon depuis de nombreuses ann\u00e9es. Cela concerne bien entendu aussi la\u2026","og_url":"https:\/\/www.link2fleet.com\/fr\/les-voitures-de-societe-electriques-une-suite-logique-pour-oleon\/","og_site_name":"link2fleet","article_published_time":"2023-02-04T08:15:48+00:00","article_modified_time":"2024-04-17T14:44:15+00:00","og_image":[{"width":1209,"height":680,"url":"https:\/\/static.link2fleet.com\/wp-content\/uploads\/2024\/03\/beb85738.jpg","type":"image\/jpeg"}],"author":"Damien Malvetti","twitter_card":"summary_large_image","twitter_description":"L\u2019\u00e9cologie et l\u2019utilisation de produits naturels figurent au premier rang des priorit\u00e9s fix\u00e9es par Oleon depuis de nombreuses ann\u00e9es. Cela concerne bien entendu aussi la\u2026","twitter_misc":{"\u00c9crit par":"Damien Malvetti","Dur\u00e9e de lecture estim\u00e9e":"6 minutes"},"schema":{"@context":"https:\/\/schema.org","@graph":[{"@type":"Article","@id":"https:\/\/www.link2fleet.com\/fr\/les-voitures-de-societe-electriques-une-suite-logique-pour-oleon\/#article","isPartOf":{"@id":"https:\/\/www.link2fleet.com\/fr\/les-voitures-de-societe-electriques-une-suite-logique-pour-oleon\/"},"author":{"name":"Damien Malvetti","@id":"https:\/\/www.link2fleet.com\/fr\/#\/schema\/person\/027cd46113c78036b3809c9a054049da"},"headline":"Les voitures de soci\u00e9t\u00e9 \u00e9lectriques : une suite logique pour Oleon","datePublished":"2023-02-04T08:15:48+00:00","dateModified":"2024-04-17T14:44:15+00:00","mainEntityOfPage":{"@id":"https:\/\/www.link2fleet.com\/fr\/les-voitures-de-societe-electriques-une-suite-logique-pour-oleon\/"},"wordCount":1158,"publisher":{"@id":"https:\/\/www.link2fleet.com\/fr\/#organization"},"image":{"@id":"https:\/\/www.link2fleet.com\/fr\/les-voitures-de-societe-electriques-une-suite-logique-pour-oleon\/#primaryimage"},"thumbnailUrl":"https:\/\/static.link2fleet.com\/wp-content\/uploads\/2024\/03\/beb85738.jpg","articleSection":["Gestion carburant et de l'\u00e9nergie","Gestion de flotte"],"inLanguage":"fr-FR"},{"@type":"WebPage","@id":"https:\/\/www.link2fleet.com\/fr\/les-voitures-de-societe-electriques-une-suite-logique-pour-oleon\/","url":"https:\/\/www.link2fleet.com\/fr\/les-voitures-de-societe-electriques-une-suite-logique-pour-oleon\/","name":"Les voitures de soci\u00e9t\u00e9 \u00e9lectriques : une suite logique pour Oleon - link2fleet","isPartOf":{"@id":"https:\/\/www.link2fleet.com\/fr\/#website"},"primaryImageOfPage":{"@id":"https:\/\/www.link2fleet.com\/fr\/les-voitures-de-societe-electriques-une-suite-logique-pour-oleon\/#primaryimage"},"image":{"@id":"https:\/\/www.link2fleet.com\/fr\/les-voitures-de-societe-electriques-une-suite-logique-pour-oleon\/#primaryimage"},"thumbnailUrl":"https:\/\/static.link2fleet.com\/wp-content\/uploads\/2024\/03\/beb85738.jpg","datePublished":"2023-02-04T08:15:48+00:00","dateModified":"2024-04-17T14:44:15+00:00","breadcrumb":{"@id":"https:\/\/www.link2fleet.com\/fr\/les-voitures-de-societe-electriques-une-suite-logique-pour-oleon\/#breadcrumb"},"inLanguage":"fr-FR","potentialAction":[{"@type":"ReadAction","target":["https:\/\/www.link2fleet.com\/fr\/les-voitures-de-societe-electriques-une-suite-logique-pour-oleon\/"]}]},{"@type":"ImageObject","inLanguage":"fr-FR","@id":"https:\/\/www.link2fleet.com\/fr\/les-voitures-de-societe-electriques-une-suite-logique-pour-oleon\/#primaryimage","url":"https:\/\/static.link2fleet.com\/wp-content\/uploads\/2024\/03\/beb85738.jpg","contentUrl":"https:\/\/static.link2fleet.com\/wp-content\/uploads\/2024\/03\/beb85738.jpg","width":1209,"height":680,"caption":"|||||||"},{"@type":"BreadcrumbList","@id":"https:\/\/www.link2fleet.com\/fr\/les-voitures-de-societe-electriques-une-suite-logique-pour-oleon\/#breadcrumb","itemListElement":[{"@type":"ListItem","position":1,"name":"Home","item":"https:\/\/www.link2fleet.com\/fr\/"},{"@type":"ListItem","position":2,"name":"Les voitures de soci\u00e9t\u00e9 \u00e9lectriques : une suite logique pour Oleon"}]},{"@type":"WebSite","@id":"https:\/\/www.link2fleet.com\/fr\/#website","url":"https:\/\/www.link2fleet.com\/fr\/","name":"Link2fleet","description":"","publisher":{"@id":"https:\/\/www.link2fleet.com\/fr\/#organization"},"potentialAction":[{"@type":"SearchAction","target":{"@type":"EntryPoint","urlTemplate":"https:\/\/www.link2fleet.com\/fr\/?s={search_term_string}"},"query-input":{"@type":"PropertyValueSpecification","valueRequired":true,"valueName":"search_term_string"}}],"inLanguage":"fr-FR"},{"@type":"Organization","@id":"https:\/\/www.link2fleet.com\/fr\/#organization","name":"Link2fleet","url":"https:\/\/www.link2fleet.com\/fr\/","logo":{"@type":"ImageObject","inLanguage":"fr-FR","@id":"https:\/\/www.link2fleet.com\/fr\/#\/schema\/logo\/image\/","url":"https:\/\/static.link2fleet.com\/wp-content\/uploads\/2024\/03\/share-image.jpg","contentUrl":"https:\/\/static.link2fleet.com\/wp-content\/uploads\/2024\/03\/share-image.jpg","width":1200,"height":630,"caption":"Link2fleet"},"image":{"@id":"https:\/\/www.link2fleet.com\/fr\/#\/schema\/logo\/image\/"},"sameAs":["https:\/\/www.linkedin.com\/company\/link2fleet-belgium","https:\/\/www.youtube.com\/user\/MMMBMBE"]},{"@type":"Person","@id":"https:\/\/www.link2fleet.com\/fr\/#\/schema\/person\/027cd46113c78036b3809c9a054049da","name":"Damien Malvetti","image":{"@type":"ImageObject","inLanguage":"fr-FR","@id":"https:\/\/secure.gravatar.com\/avatar\/dd8cc03b49466c735f753ac37f8caa371af16dfed347456ed61f02883255eebb?s=96&d=mm&r=g","url":"https:\/\/secure.gravatar.com\/avatar\/dd8cc03b49466c735f753ac37f8caa371af16dfed347456ed61f02883255eebb?s=96&d=mm&r=g","contentUrl":"https:\/\/secure.gravatar.com\/avatar\/dd8cc03b49466c735f753ac37f8caa371af16dfed347456ed61f02883255eebb?s=96&d=mm&r=g","caption":"Damien Malvetti"},"description":"Damien Malvetti is opgeleid als journalist en gepassioneerd door wagens, technologie en mobiliteit. Hij is verantwoordelijk voor de redactionele inhoud van link2fleet en beschikt over een uitgebreide kennis van de fleet-sector en elektrische mobiliteit.","sameAs":["https:\/\/www.linkedin.com\/in\/damien-malvetti-56601142\/"]}]}},"_links":{"self":[{"href":"https:\/\/www.link2fleet.com\/fr\/wp-json\/wp\/v2\/posts\/8575","targetHints":{"allow":["GET"]}}],"collection":[{"href":"https:\/\/www.link2fleet.com\/fr\/wp-json\/wp\/v2\/posts"}],"about":[{"href":"https:\/\/www.link2fleet.com\/fr\/wp-json\/wp\/v2\/types\/post"}],"author":[{"embeddable":true,"href":"https:\/\/www.link2fleet.com\/fr\/wp-json\/wp\/v2\/users\/4"}],"replies":[{"embeddable":true,"href":"https:\/\/www.link2fleet.com\/fr\/wp-json\/wp\/v2\/comments?post=8575"}],"version-history":[{"count":0,"href":"https:\/\/www.link2fleet.com\/fr\/wp-json\/wp\/v2\/posts\/8575\/revisions"}],"wp:featuredmedia":[{"embeddable":true,"href":"https:\/\/www.link2fleet.com\/fr\/wp-json\/wp\/v2\/media\/8576"}],"wp:attachment":[{"href":"https:\/\/www.link2fleet.com\/fr\/wp-json\/wp\/v2\/media?parent=8575"}],"wp:term":[{"taxonomy":"category","embeddable":true,"href":"https:\/\/www.link2fleet.com\/fr\/wp-json\/wp\/v2\/categories?post=8575"},{"taxonomy":"post_tag","embeddable":true,"href":"https:\/\/www.link2fleet.com\/fr\/wp-json\/wp\/v2\/tags?post=8575"}],"curies":[{"name":"wp","href":"https:\/\/api.w.org\/{rel}","templated":true}]}}