{"id":8682,"date":"2023-01-25T13:29:51","date_gmt":"2023-01-25T12:29:51","guid":{"rendered":"https:\/\/www.link2fleet.com\/kbc-autolease-guide-les-gestionnaires-de-flottes-vers-lere-electrique\/"},"modified":"2023-01-25T13:29:51","modified_gmt":"2023-01-25T12:29:51","slug":"kbc-autolease-guide-les-gestionnaires-de-flottes-vers-lere-electrique","status":"publish","type":"post","link":"https:\/\/www.link2fleet.com\/fr\/kbc-autolease-guide-les-gestionnaires-de-flottes-vers-lere-electrique\/","title":{"rendered":"KBC Autolease guide les gestionnaires de flottes vers l&rsquo;\u00e8re \u00e9lectrique"},"content":{"rendered":"<p>Le passage \u00e0 la voiture \u00e9lectrique est un d\u00e9fi pour beaucoup d\u2019entre nous et cela est compr\u00e9hensible. Pendant des d\u00e9cennies, les voitures de leasing roulant aux combustibles fossiles ont en effet occup\u00e9 le terrain. Or, avec l&rsquo;arriv\u00e9e des voitures \u00e9lectriques dans les flottes d\u2019entreprises, tant les gestionnaires de flottes que les conducteurs se voient contraints de repenser leur mobilit\u00e9. KBC Autolease les aide \u00e0 franchir le pas gr\u00e2ce au \u2018Guide de la conduite \u00e9lectrique\u2019.<span class=\"Apple-converted-space\">\u00a0<\/span><\/p>\n<p>&nbsp;<\/p>\n<p><b>Des r\u00e9ponses compl\u00e8tes<span class=\"Apple-converted-space\">\u00a0<\/span><\/b><\/p>\n<p>Sur la page en ligne <a href=\"http:\/\/www.kbc.be\/guide\">www.kbc.be\/guide<\/a>, les gestionnaires de flottes trouveront un recueil d\u2019informations, des vid\u00e9os tr\u00e8s claires et une liste de FAQ qui r\u00e9pondront en d\u00e9tail \u00e0 toutes leurs questions relatives \u00e0 la conduite \u00e9lectrique.<span class=\"Apple-converted-space\">\u00a0<\/span><\/p>\n<p>Les termes techniques tels que la puissance, la vitesse et la capacit\u00e9 de recharge n&rsquo;auront plus de secret pour les gestionnaires de flottes et les conducteurs: ils y apprendront tout sur l&rsquo;autonomie, la consommation et les possibilit\u00e9s de recharge \u00e9lectrique, la carte de recharge ainsi que les nouvelles r\u00e8gles fiscales en la mati\u00e8re.<span class=\"Apple-converted-space\">\u00a0<\/span><\/p>\n<p>Lorsqu\u2019une entreprise d\u00e9cide de passer \u00e0 l\u2019\u00e9lectrique, KBC Autolease lui propose trois proc\u00e9dures pratiques, facilitant le processus, de l&rsquo;offre \u00e0 la conduite \u00e9lectrique en passant par la commande.<span class=\"Apple-converted-space\">\u00a0<\/span><\/p>\n<p>En bref, le \u2018Guide de la conduite \u00e9lectrique&rsquo; est l\u2019accompagnement incontournable des entreprises et des conducteurs dans leur entr\u00e9e dans l&rsquo;\u00e8re \u00e9lectrique.<span class=\"Apple-converted-space\">\u00a0<\/span><\/p>\n<p>De plus amples informations sur les solutions de mobilit\u00e9 de KBC Autolease sont disponibles sur le site <a href=\"http:\/\/www.kbc.be\/autolease\">www.kbc.be\/autolease<\/a>.<span class=\"Apple-converted-space\">\u00a0<\/span><\/p>\n","protected":false},"excerpt":{"rendered":"<p>Le passage \u00e0 la voiture \u00e9lectrique est un d\u00e9fi pour beaucoup d\u2019entre nous et cela est compr\u00e9hensible. Pendant des d\u00e9cennies, les voitures de leasing roulant aux combustibles fossiles ont en effet occup\u00e9 le terrain. Or, avec l&rsquo;arriv\u00e9e des voitures \u00e9lectriques dans les flottes d\u2019entreprises, tant les gestionnaires de flottes que les conducteurs se voient contraints [&hellip;]<\/p>\n","protected":false},"author":4,"featured_media":8683,"comment_status":"closed","ping_status":"closed","sticky":false,"template":"","format":"standard","meta":{"_acf_changed":false,"footnotes":""},"categories":[91,79],"tags":[],"class_list":["post-8682","post","type-post","status-publish","format-standard","has-post-thumbnail","hentry","category-expertise-et-management","category-societes-de-leasing"],"acf":[],"yoast_head":"<!-- This site is optimized with the Yoast SEO plugin v27.3 - https:\/\/yoast.com\/product\/yoast-seo-wordpress\/ -->\n<title>KBC Autolease guide les gestionnaires de flottes vers l&#039;\u00e8re \u00e9lectrique - link2fleet<\/title>\n<meta name=\"description\" content=\"L&rsquo;\u00e9lectrification des flottes d&rsquo;entreprises n&rsquo;est pas un objectif lointain: elle est une r\u00e9alit\u00e9! Cette mutation pourrait confronter les gestionnaires de flotte et les conducteurs \u00e0\u2026\" \/>\n<meta name=\"robots\" content=\"index, follow, max-snippet:-1, max-image-preview:large, max-video-preview:-1\" \/>\n<meta property=\"og:locale\" content=\"fr_FR\" \/>\n<meta property=\"og:type\" content=\"article\" \/>\n<meta property=\"og:title\" content=\"KBC Autolease guide les gestionnaires de flottes vers l&#039;\u00e8re \u00e9lectrique - link2fleet\" \/>\n<meta property=\"og:description\" content=\"L&rsquo;\u00e9lectrification des flottes d&rsquo;entreprises n&rsquo;est pas un objectif lointain: elle est une r\u00e9alit\u00e9! Cette mutation pourrait confronter les gestionnaires de flotte et les conducteurs \u00e0\u2026\" \/>\n<meta property=\"og:url\" content=\"https:\/\/www.link2fleet.com\/fr\/kbc-autolease-guide-les-gestionnaires-de-flottes-vers-lere-electrique\/\" \/>\n<meta property=\"og:site_name\" content=\"link2fleet\" \/>\n<meta property=\"article:published_time\" content=\"2023-01-25T12:29:51+00:00\" \/>\n<meta property=\"og:image\" content=\"https:\/\/static.link2fleet.com\/wp-content\/uploads\/2024\/03\/kbc-guide-2.jpeg\" \/>\n\t<meta property=\"og:image:width\" content=\"781\" \/>\n\t<meta property=\"og:image:height\" content=\"483\" \/>\n\t<meta property=\"og:image:type\" content=\"image\/jpeg\" \/>\n<meta name=\"author\" content=\"Damien Malvetti\" \/>\n<meta name=\"twitter:card\" content=\"summary_large_image\" \/>\n<meta name=\"twitter:description\" content=\"L&rsquo;\u00e9lectrification des flottes d&rsquo;entreprises n&rsquo;est pas un objectif lointain: elle est une r\u00e9alit\u00e9! Cette mutation pourrait confronter les gestionnaires de flotte et les conducteurs \u00e0\u2026\" \/>\n<meta name=\"twitter:label1\" content=\"\u00c9crit par\" \/>\n\t<meta name=\"twitter:data1\" content=\"Damien Malvetti\" \/>\n\t<meta name=\"twitter:label2\" content=\"Dur\u00e9e de lecture estim\u00e9e\" \/>\n\t<meta name=\"twitter:data2\" content=\"1 minute\" \/>\n<script type=\"application\/ld+json\" class=\"yoast-schema-graph\">{\"@context\":\"https:\\\/\\\/schema.org\",\"@graph\":[{\"@type\":\"Article\",\"@id\":\"https:\\\/\\\/www.link2fleet.com\\\/fr\\\/kbc-autolease-guide-les-gestionnaires-de-flottes-vers-lere-electrique\\\/#article\",\"isPartOf\":{\"@id\":\"https:\\\/\\\/www.link2fleet.com\\\/fr\\\/kbc-autolease-guide-les-gestionnaires-de-flottes-vers-lere-electrique\\\/\"},\"author\":{\"name\":\"Damien Malvetti\",\"@id\":\"https:\\\/\\\/www.link2fleet.com\\\/fr\\\/#\\\/schema\\\/person\\\/027cd46113c78036b3809c9a054049da\"},\"headline\":\"KBC Autolease guide les gestionnaires de flottes vers l&rsquo;\u00e8re \u00e9lectrique\",\"datePublished\":\"2023-01-25T12:29:51+00:00\",\"mainEntityOfPage\":{\"@id\":\"https:\\\/\\\/www.link2fleet.com\\\/fr\\\/kbc-autolease-guide-les-gestionnaires-de-flottes-vers-lere-electrique\\\/\"},\"wordCount\":274,\"publisher\":{\"@id\":\"https:\\\/\\\/www.link2fleet.com\\\/fr\\\/#organization\"},\"image\":{\"@id\":\"https:\\\/\\\/www.link2fleet.com\\\/fr\\\/kbc-autolease-guide-les-gestionnaires-de-flottes-vers-lere-electrique\\\/#primaryimage\"},\"thumbnailUrl\":\"https:\\\/\\\/static.link2fleet.com\\\/wp-content\\\/uploads\\\/2024\\\/03\\\/kbc-guide-2.jpeg\",\"articleSection\":[\"Gestion de flotte\",\"Location long-terme\"],\"inLanguage\":\"fr-FR\"},{\"@type\":\"WebPage\",\"@id\":\"https:\\\/\\\/www.link2fleet.com\\\/fr\\\/kbc-autolease-guide-les-gestionnaires-de-flottes-vers-lere-electrique\\\/\",\"url\":\"https:\\\/\\\/www.link2fleet.com\\\/fr\\\/kbc-autolease-guide-les-gestionnaires-de-flottes-vers-lere-electrique\\\/\",\"name\":\"KBC Autolease guide les gestionnaires de flottes vers l'\u00e8re \u00e9lectrique - link2fleet\",\"isPartOf\":{\"@id\":\"https:\\\/\\\/www.link2fleet.com\\\/fr\\\/#website\"},\"primaryImageOfPage\":{\"@id\":\"https:\\\/\\\/www.link2fleet.com\\\/fr\\\/kbc-autolease-guide-les-gestionnaires-de-flottes-vers-lere-electrique\\\/#primaryimage\"},\"image\":{\"@id\":\"https:\\\/\\\/www.link2fleet.com\\\/fr\\\/kbc-autolease-guide-les-gestionnaires-de-flottes-vers-lere-electrique\\\/#primaryimage\"},\"thumbnailUrl\":\"https:\\\/\\\/static.link2fleet.com\\\/wp-content\\\/uploads\\\/2024\\\/03\\\/kbc-guide-2.jpeg\",\"datePublished\":\"2023-01-25T12:29:51+00:00\",\"breadcrumb\":{\"@id\":\"https:\\\/\\\/www.link2fleet.com\\\/fr\\\/kbc-autolease-guide-les-gestionnaires-de-flottes-vers-lere-electrique\\\/#breadcrumb\"},\"inLanguage\":\"fr-FR\",\"potentialAction\":[{\"@type\":\"ReadAction\",\"target\":[\"https:\\\/\\\/www.link2fleet.com\\\/fr\\\/kbc-autolease-guide-les-gestionnaires-de-flottes-vers-lere-electrique\\\/\"]}]},{\"@type\":\"ImageObject\",\"inLanguage\":\"fr-FR\",\"@id\":\"https:\\\/\\\/www.link2fleet.com\\\/fr\\\/kbc-autolease-guide-les-gestionnaires-de-flottes-vers-lere-electrique\\\/#primaryimage\",\"url\":\"https:\\\/\\\/static.link2fleet.com\\\/wp-content\\\/uploads\\\/2024\\\/03\\\/kbc-guide-2.jpeg\",\"contentUrl\":\"https:\\\/\\\/static.link2fleet.com\\\/wp-content\\\/uploads\\\/2024\\\/03\\\/kbc-guide-2.jpeg\",\"width\":781,\"height\":483},{\"@type\":\"BreadcrumbList\",\"@id\":\"https:\\\/\\\/www.link2fleet.com\\\/fr\\\/kbc-autolease-guide-les-gestionnaires-de-flottes-vers-lere-electrique\\\/#breadcrumb\",\"itemListElement\":[{\"@type\":\"ListItem\",\"position\":1,\"name\":\"Home\",\"item\":\"https:\\\/\\\/www.link2fleet.com\\\/fr\\\/\"},{\"@type\":\"ListItem\",\"position\":2,\"name\":\"KBC Autolease guide les gestionnaires de flottes vers l&#8217;\u00e8re \u00e9lectrique\"}]},{\"@type\":\"WebSite\",\"@id\":\"https:\\\/\\\/www.link2fleet.com\\\/fr\\\/#website\",\"url\":\"https:\\\/\\\/www.link2fleet.com\\\/fr\\\/\",\"name\":\"Link2fleet\",\"description\":\"\",\"publisher\":{\"@id\":\"https:\\\/\\\/www.link2fleet.com\\\/fr\\\/#organization\"},\"potentialAction\":[{\"@type\":\"SearchAction\",\"target\":{\"@type\":\"EntryPoint\",\"urlTemplate\":\"https:\\\/\\\/www.link2fleet.com\\\/fr\\\/?s={search_term_string}\"},\"query-input\":{\"@type\":\"PropertyValueSpecification\",\"valueRequired\":true,\"valueName\":\"search_term_string\"}}],\"inLanguage\":\"fr-FR\"},{\"@type\":\"Organization\",\"@id\":\"https:\\\/\\\/www.link2fleet.com\\\/fr\\\/#organization\",\"name\":\"Link2fleet\",\"url\":\"https:\\\/\\\/www.link2fleet.com\\\/fr\\\/\",\"logo\":{\"@type\":\"ImageObject\",\"inLanguage\":\"fr-FR\",\"@id\":\"https:\\\/\\\/www.link2fleet.com\\\/fr\\\/#\\\/schema\\\/logo\\\/image\\\/\",\"url\":\"https:\\\/\\\/static.link2fleet.com\\\/wp-content\\\/uploads\\\/2024\\\/03\\\/share-image.jpg\",\"contentUrl\":\"https:\\\/\\\/static.link2fleet.com\\\/wp-content\\\/uploads\\\/2024\\\/03\\\/share-image.jpg\",\"width\":1200,\"height\":630,\"caption\":\"Link2fleet\"},\"image\":{\"@id\":\"https:\\\/\\\/www.link2fleet.com\\\/fr\\\/#\\\/schema\\\/logo\\\/image\\\/\"},\"sameAs\":[\"https:\\\/\\\/www.linkedin.com\\\/company\\\/link2fleet-belgium\",\"https:\\\/\\\/www.youtube.com\\\/user\\\/MMMBMBE\"]},{\"@type\":\"Person\",\"@id\":\"https:\\\/\\\/www.link2fleet.com\\\/fr\\\/#\\\/schema\\\/person\\\/027cd46113c78036b3809c9a054049da\",\"name\":\"Damien Malvetti\",\"image\":{\"@type\":\"ImageObject\",\"inLanguage\":\"fr-FR\",\"@id\":\"https:\\\/\\\/secure.gravatar.com\\\/avatar\\\/dd8cc03b49466c735f753ac37f8caa371af16dfed347456ed61f02883255eebb?s=96&d=mm&r=g\",\"url\":\"https:\\\/\\\/secure.gravatar.com\\\/avatar\\\/dd8cc03b49466c735f753ac37f8caa371af16dfed347456ed61f02883255eebb?s=96&d=mm&r=g\",\"contentUrl\":\"https:\\\/\\\/secure.gravatar.com\\\/avatar\\\/dd8cc03b49466c735f753ac37f8caa371af16dfed347456ed61f02883255eebb?s=96&d=mm&r=g\",\"caption\":\"Damien Malvetti\"},\"description\":\"Damien Malvetti is opgeleid als journalist en gepassioneerd door wagens, technologie en mobiliteit. Hij is verantwoordelijk voor de redactionele inhoud van link2fleet en beschikt over een uitgebreide kennis van de fleet-sector en elektrische mobiliteit.\",\"sameAs\":[\"https:\\\/\\\/www.linkedin.com\\\/in\\\/damien-malvetti-56601142\\\/\"]}]}<\/script>\n<!-- \/ Yoast SEO plugin. -->","yoast_head_json":{"title":"KBC Autolease guide les gestionnaires de flottes vers l'\u00e8re \u00e9lectrique - link2fleet","description":"L&rsquo;\u00e9lectrification des flottes d&rsquo;entreprises n&rsquo;est pas un objectif lointain: elle est une r\u00e9alit\u00e9! Cette mutation pourrait confronter les gestionnaires de flotte et les conducteurs \u00e0\u2026","robots":{"index":"index","follow":"follow","max-snippet":"max-snippet:-1","max-image-preview":"max-image-preview:large","max-video-preview":"max-video-preview:-1"},"og_locale":"fr_FR","og_type":"article","og_title":"KBC Autolease guide les gestionnaires de flottes vers l'\u00e8re \u00e9lectrique - link2fleet","og_description":"L&rsquo;\u00e9lectrification des flottes d&rsquo;entreprises n&rsquo;est pas un objectif lointain: elle est une r\u00e9alit\u00e9! Cette mutation pourrait confronter les gestionnaires de flotte et les conducteurs \u00e0\u2026","og_url":"https:\/\/www.link2fleet.com\/fr\/kbc-autolease-guide-les-gestionnaires-de-flottes-vers-lere-electrique\/","og_site_name":"link2fleet","article_published_time":"2023-01-25T12:29:51+00:00","og_image":[{"width":781,"height":483,"url":"https:\/\/static.link2fleet.com\/wp-content\/uploads\/2024\/03\/kbc-guide-2.jpeg","type":"image\/jpeg"}],"author":"Damien Malvetti","twitter_card":"summary_large_image","twitter_description":"L&rsquo;\u00e9lectrification des flottes d&rsquo;entreprises n&rsquo;est pas un objectif lointain: elle est une r\u00e9alit\u00e9! Cette mutation pourrait confronter les gestionnaires de flotte et les conducteurs \u00e0\u2026","twitter_misc":{"\u00c9crit par":"Damien Malvetti","Dur\u00e9e de lecture estim\u00e9e":"1 minute"},"schema":{"@context":"https:\/\/schema.org","@graph":[{"@type":"Article","@id":"https:\/\/www.link2fleet.com\/fr\/kbc-autolease-guide-les-gestionnaires-de-flottes-vers-lere-electrique\/#article","isPartOf":{"@id":"https:\/\/www.link2fleet.com\/fr\/kbc-autolease-guide-les-gestionnaires-de-flottes-vers-lere-electrique\/"},"author":{"name":"Damien Malvetti","@id":"https:\/\/www.link2fleet.com\/fr\/#\/schema\/person\/027cd46113c78036b3809c9a054049da"},"headline":"KBC Autolease guide les gestionnaires de flottes vers l&rsquo;\u00e8re \u00e9lectrique","datePublished":"2023-01-25T12:29:51+00:00","mainEntityOfPage":{"@id":"https:\/\/www.link2fleet.com\/fr\/kbc-autolease-guide-les-gestionnaires-de-flottes-vers-lere-electrique\/"},"wordCount":274,"publisher":{"@id":"https:\/\/www.link2fleet.com\/fr\/#organization"},"image":{"@id":"https:\/\/www.link2fleet.com\/fr\/kbc-autolease-guide-les-gestionnaires-de-flottes-vers-lere-electrique\/#primaryimage"},"thumbnailUrl":"https:\/\/static.link2fleet.com\/wp-content\/uploads\/2024\/03\/kbc-guide-2.jpeg","articleSection":["Gestion de flotte","Location long-terme"],"inLanguage":"fr-FR"},{"@type":"WebPage","@id":"https:\/\/www.link2fleet.com\/fr\/kbc-autolease-guide-les-gestionnaires-de-flottes-vers-lere-electrique\/","url":"https:\/\/www.link2fleet.com\/fr\/kbc-autolease-guide-les-gestionnaires-de-flottes-vers-lere-electrique\/","name":"KBC Autolease guide les gestionnaires de flottes vers l'\u00e8re \u00e9lectrique - link2fleet","isPartOf":{"@id":"https:\/\/www.link2fleet.com\/fr\/#website"},"primaryImageOfPage":{"@id":"https:\/\/www.link2fleet.com\/fr\/kbc-autolease-guide-les-gestionnaires-de-flottes-vers-lere-electrique\/#primaryimage"},"image":{"@id":"https:\/\/www.link2fleet.com\/fr\/kbc-autolease-guide-les-gestionnaires-de-flottes-vers-lere-electrique\/#primaryimage"},"thumbnailUrl":"https:\/\/static.link2fleet.com\/wp-content\/uploads\/2024\/03\/kbc-guide-2.jpeg","datePublished":"2023-01-25T12:29:51+00:00","breadcrumb":{"@id":"https:\/\/www.link2fleet.com\/fr\/kbc-autolease-guide-les-gestionnaires-de-flottes-vers-lere-electrique\/#breadcrumb"},"inLanguage":"fr-FR","potentialAction":[{"@type":"ReadAction","target":["https:\/\/www.link2fleet.com\/fr\/kbc-autolease-guide-les-gestionnaires-de-flottes-vers-lere-electrique\/"]}]},{"@type":"ImageObject","inLanguage":"fr-FR","@id":"https:\/\/www.link2fleet.com\/fr\/kbc-autolease-guide-les-gestionnaires-de-flottes-vers-lere-electrique\/#primaryimage","url":"https:\/\/static.link2fleet.com\/wp-content\/uploads\/2024\/03\/kbc-guide-2.jpeg","contentUrl":"https:\/\/static.link2fleet.com\/wp-content\/uploads\/2024\/03\/kbc-guide-2.jpeg","width":781,"height":483},{"@type":"BreadcrumbList","@id":"https:\/\/www.link2fleet.com\/fr\/kbc-autolease-guide-les-gestionnaires-de-flottes-vers-lere-electrique\/#breadcrumb","itemListElement":[{"@type":"ListItem","position":1,"name":"Home","item":"https:\/\/www.link2fleet.com\/fr\/"},{"@type":"ListItem","position":2,"name":"KBC Autolease guide les gestionnaires de flottes vers l&#8217;\u00e8re \u00e9lectrique"}]},{"@type":"WebSite","@id":"https:\/\/www.link2fleet.com\/fr\/#website","url":"https:\/\/www.link2fleet.com\/fr\/","name":"Link2fleet","description":"","publisher":{"@id":"https:\/\/www.link2fleet.com\/fr\/#organization"},"potentialAction":[{"@type":"SearchAction","target":{"@type":"EntryPoint","urlTemplate":"https:\/\/www.link2fleet.com\/fr\/?s={search_term_string}"},"query-input":{"@type":"PropertyValueSpecification","valueRequired":true,"valueName":"search_term_string"}}],"inLanguage":"fr-FR"},{"@type":"Organization","@id":"https:\/\/www.link2fleet.com\/fr\/#organization","name":"Link2fleet","url":"https:\/\/www.link2fleet.com\/fr\/","logo":{"@type":"ImageObject","inLanguage":"fr-FR","@id":"https:\/\/www.link2fleet.com\/fr\/#\/schema\/logo\/image\/","url":"https:\/\/static.link2fleet.com\/wp-content\/uploads\/2024\/03\/share-image.jpg","contentUrl":"https:\/\/static.link2fleet.com\/wp-content\/uploads\/2024\/03\/share-image.jpg","width":1200,"height":630,"caption":"Link2fleet"},"image":{"@id":"https:\/\/www.link2fleet.com\/fr\/#\/schema\/logo\/image\/"},"sameAs":["https:\/\/www.linkedin.com\/company\/link2fleet-belgium","https:\/\/www.youtube.com\/user\/MMMBMBE"]},{"@type":"Person","@id":"https:\/\/www.link2fleet.com\/fr\/#\/schema\/person\/027cd46113c78036b3809c9a054049da","name":"Damien Malvetti","image":{"@type":"ImageObject","inLanguage":"fr-FR","@id":"https:\/\/secure.gravatar.com\/avatar\/dd8cc03b49466c735f753ac37f8caa371af16dfed347456ed61f02883255eebb?s=96&d=mm&r=g","url":"https:\/\/secure.gravatar.com\/avatar\/dd8cc03b49466c735f753ac37f8caa371af16dfed347456ed61f02883255eebb?s=96&d=mm&r=g","contentUrl":"https:\/\/secure.gravatar.com\/avatar\/dd8cc03b49466c735f753ac37f8caa371af16dfed347456ed61f02883255eebb?s=96&d=mm&r=g","caption":"Damien Malvetti"},"description":"Damien Malvetti is opgeleid als journalist en gepassioneerd door wagens, technologie en mobiliteit. Hij is verantwoordelijk voor de redactionele inhoud van link2fleet en beschikt over een uitgebreide kennis van de fleet-sector en elektrische mobiliteit.","sameAs":["https:\/\/www.linkedin.com\/in\/damien-malvetti-56601142\/"]}]}},"_links":{"self":[{"href":"https:\/\/www.link2fleet.com\/fr\/wp-json\/wp\/v2\/posts\/8682","targetHints":{"allow":["GET"]}}],"collection":[{"href":"https:\/\/www.link2fleet.com\/fr\/wp-json\/wp\/v2\/posts"}],"about":[{"href":"https:\/\/www.link2fleet.com\/fr\/wp-json\/wp\/v2\/types\/post"}],"author":[{"embeddable":true,"href":"https:\/\/www.link2fleet.com\/fr\/wp-json\/wp\/v2\/users\/4"}],"replies":[{"embeddable":true,"href":"https:\/\/www.link2fleet.com\/fr\/wp-json\/wp\/v2\/comments?post=8682"}],"version-history":[{"count":0,"href":"https:\/\/www.link2fleet.com\/fr\/wp-json\/wp\/v2\/posts\/8682\/revisions"}],"wp:featuredmedia":[{"embeddable":true,"href":"https:\/\/www.link2fleet.com\/fr\/wp-json\/wp\/v2\/media\/8683"}],"wp:attachment":[{"href":"https:\/\/www.link2fleet.com\/fr\/wp-json\/wp\/v2\/media?parent=8682"}],"wp:term":[{"taxonomy":"category","embeddable":true,"href":"https:\/\/www.link2fleet.com\/fr\/wp-json\/wp\/v2\/categories?post=8682"},{"taxonomy":"post_tag","embeddable":true,"href":"https:\/\/www.link2fleet.com\/fr\/wp-json\/wp\/v2\/tags?post=8682"}],"curies":[{"name":"wp","href":"https:\/\/api.w.org\/{rel}","templated":true}]}}