{"id":8738,"date":"2023-02-01T16:32:47","date_gmt":"2023-02-01T15:32:47","guid":{"rendered":"https:\/\/www.link2fleet.com\/le-groupe-volkswagen-a-dores-et-deja-installe-plus-de-15-000-bornes-de-recharge-rapide-a-travers-le-monde\/"},"modified":"2023-02-01T16:32:47","modified_gmt":"2023-02-01T15:32:47","slug":"le-groupe-volkswagen-a-dores-et-deja-installe-plus-de-15-000-bornes-de-recharge-rapide-a-travers-le-monde","status":"publish","type":"post","link":"https:\/\/www.link2fleet.com\/fr\/le-groupe-volkswagen-a-dores-et-deja-installe-plus-de-15-000-bornes-de-recharge-rapide-a-travers-le-monde\/","title":{"rendered":"Le Groupe Volkswagen a d\u2019ores et d\u00e9j\u00e0 install\u00e9 plus de 15 000 bornes de recharge rapide \u00e0 travers le monde"},"content":{"rendered":"<p>Thomas Schmall, membre du Conseil d\u2019entreprise charg\u00e9 des innovations technologiques et CEO de Volkswagen Group Components, souligne un point\u00a0:<\/p>\n<blockquote><p>\u00ab\u00a0Il y a plusieurs ann\u00e9es d\u00e9j\u00e0, Volkswagen a entam\u00e9 le d\u00e9ploiement d\u2019un r\u00e9seau international de bornes de recharge rapide. Avec 15\u00a0000\u00a0bornes install\u00e9es en Am\u00e9rique du Nord, en Chine et en Europe, nous comptons d\u00e9sormais parmi les pionniers de l\u2019\u00e9lectromobilit\u00e9. C\u2019est une r\u00e9ussite que nous devons notamment \u00e0 notre collaboration \u00e9troite avec nos partenaires de l\u2019industrie et de l\u2019\u00e9nergie. Nous estimons que la recharge des v\u00e9hicules est non seulement un pr\u00e9requis \u00e0 l\u2019\u00e9lectromobilit\u00e9, mais \u00e9galement un secteur strat\u00e9gique \u00e0 haut potentiel. Et nous avons la ferme intention de le d\u00e9velopper \u00e0 l\u2019avenir.\u00a0\u00bb<\/p><\/blockquote>\n<p>Les bornes de recharge rapide sont install\u00e9es en Europe, entre autres, en collaboration avec IONITY, une coentreprise d\u00e9tenue par les marques du Groupe Volkswagen Audi et Volkswagen V\u00e9hicules Particuliers, ainsi que par le constructeur de voitures de sport Porsche. L&rsquo;ann\u00e9e derni\u00e8re, le Groupe a \u00e9galement annonc\u00e9 la cr\u00e9ation, en Italie, de la coentreprise Ewiva avec Enel X Way, membre du Groupe Enel. Volkswagen assure par ailleurs l\u2019installation de bornes de recharge rapide dans le cadre de partenariats strat\u00e9giques avec BP et Iberdrola. Avec BP, le Groupe compte implanter en Europe un r\u00e9seau de 8\u00a0000\u00a0bornes rapides, constitu\u00e9 notamment de bornes Flexpole produites par la Volkswagen Components. Avec Iberdrola, l\u2019entreprise \u00e9quipera les principaux axes de circulation espagnols. Aux \u00c9tats-Unis, l\u2019expansion de l\u2019infrastructure \u00e9lectrique du Groupe est supervis\u00e9e par Electrify America, le plus vaste r\u00e9seau de recharge rapide public d\u2019Am\u00e9rique du Nord. En Chine, cette t\u00e2che est assur\u00e9e par la coentreprise CAMS. Comme annonc\u00e9 \u00e0 l\u2019occasion du Power Day, Volkswagen et ses partenaires ont l&rsquo;intention de d\u00e9velopper le r\u00e9seau mondial afin qu\u2019il compte, au total, 45\u00a0000\u00a0bornes \u00e0 l\u2019horizon 2025\u00a0: 18\u00a0000 en Europe, 10\u00a0000 en Am\u00e9rique du Nord et 17\u00a0000 en Chine.<\/p>\n<p>&nbsp;<\/p>\n<p>Elke Temme, vice-pr\u00e9sident Senior dirigeant l\u2019activit\u00e9 Recharge &amp; gestion de l\u2019\u00e9nergie, pr\u00e9cise\u00a0:<\/p>\n<blockquote><p>\u00ab\u00a0Nous nous sommes donn\u00e9 pour objectif de rendre l\u2019\u00e9lectromobilit\u00e9 accessible \u00e0 tous. Les succ\u00e8s que nous avons remport\u00e9s en la mati\u00e8re, en collaboration avec des partenaires solides, attestent de la pertinence de notre strat\u00e9gie. Ensemble, nous sommes capables de cr\u00e9er la mobilit\u00e9 du futur, durable et accessible.\u00a0\u00bb<\/p><\/blockquote>\n<p>&nbsp;<\/p>\n<p><strong>Le Groupe Volkswagen fait de la recharge et de la gestion de l\u2019\u00e9nergie un c\u0153ur de m\u00e9tier<\/strong><\/p>\n<p>La strat\u00e9gie NEW AUTO, d\u00e9ploy\u00e9e d\u00e9but 2021, regroupe l\u2019ensemble des activit\u00e9s li\u00e9es \u00e0 la recharge des v\u00e9hicules \u00e9lectriques et \u00e0 la gestion de l&rsquo;\u00e9nergie, sous la supervision de la division ex\u00e9cutive Innovations technologiques. Aujourd\u2019hui, l\u2019entit\u00e9 Volkswagen Group Technology joue un r\u00f4le majeur dans les ambitions du Groupe en mati\u00e8re d\u2019\u00e9lectromobilit\u00e9. Objectif\u00a0: figurer parmi les principaux fournisseurs du secteur en d\u00e9ployant un \u00e9cosyst\u00e8me intelligent de recharge et de gestion de l&rsquo;\u00e9nergie.<\/p>\n<p><a href=\"https:\/\/www.link2fleet.com\/wp-content\/uploads\/2023\/02\/Volkswagen-brones-recharge-mondiale-scaled.jpg\"><img loading=\"lazy\" decoding=\"async\" class=\"aligncenter size-large wp-image-1290097\" src=\"https:\/\/www.link2fleet.com\/wp-content\/uploads\/2023\/02\/Volkswagen-brones-recharge-mondiale-1024x536.jpg\" alt=\"\" width=\"640\" height=\"335\" \/><\/a><\/p>\n<p>Oliver Blume, pr\u00e9sident du Conseil d\u2019administration du Groupe Volkswagen, a confirm\u00e9 ce r\u00f4le dans son plan en 10\u00a0points, qui fait du secteur de la recharge \u00e9lectrique et de la gestion de l\u2019\u00e9nergie une composante essentielle pour l\u2019avenir de l\u2019entreprise. Outre le d\u00e9ploiement d\u2019un r\u00e9seau mondial de bornes de recharge rapide, Volkswagen propose d\u00e9sormais une offre de produits couvrant toute la palette des solutions de recharge \u00e0 destination des particuliers et des entreprises, des wallboxes domestiques aux solutions flexibles, en passant par les services de recharge et les tarifications innovantes et intelligentes pour l\u2019\u00e9lectricit\u00e9 verte. Le Groupe s\u2019efforce \u00e9galement de faire des v\u00e9hicules \u00e9lectriques des unit\u00e9s de stockage d\u2019\u00e9nergie mobiles \u00e0 int\u00e9grer au syst\u00e8me d\u2019approvisionnement en \u00e9nergie, de mani\u00e8re \u00e0 cr\u00e9er une valeur ajout\u00e9e pour les conducteurs.<\/p>\n","protected":false},"excerpt":{"rendered":"<p>Thomas Schmall, membre du Conseil d\u2019entreprise charg\u00e9 des innovations technologiques et CEO de Volkswagen Group Components, souligne un point\u00a0: \u00ab\u00a0Il y a plusieurs ann\u00e9es d\u00e9j\u00e0, Volkswagen a entam\u00e9 le d\u00e9ploiement d\u2019un r\u00e9seau international de bornes de recharge rapide. Avec 15\u00a0000\u00a0bornes install\u00e9es en Am\u00e9rique du Nord, en Chine et en Europe, nous comptons d\u00e9sormais parmi les [&hellip;]<\/p>\n","protected":false},"author":4,"featured_media":8739,"comment_status":"closed","ping_status":"closed","sticky":false,"template":"","format":"standard","meta":{"_acf_changed":false,"footnotes":""},"categories":[81,91],"tags":[],"class_list":["post-8738","post","type-post","status-publish","format-standard","has-post-thumbnail","hentry","category-gestion-de-carburant-et-energie","category-expertise-et-management"],"acf":[],"yoast_head":"<!-- This site is optimized with the Yoast SEO plugin v27.3 - https:\/\/yoast.com\/product\/yoast-seo-wordpress\/ -->\n<title>Le Groupe Volkswagen a d\u2019ores et d\u00e9j\u00e0 install\u00e9 plus de 15 000 bornes de recharge rapide \u00e0 travers le monde - link2fleet<\/title>\n<meta name=\"description\" content=\"Le Groupe Volkswagen vient de dresser un bilan provisoire sur le d\u00e9ploiement de son r\u00e9seau mondial de bornes de recharge rapide. \u00c0 la fin de\u2026\" \/>\n<meta name=\"robots\" content=\"index, follow, max-snippet:-1, max-image-preview:large, max-video-preview:-1\" \/>\n<meta property=\"og:locale\" content=\"fr_FR\" \/>\n<meta property=\"og:type\" content=\"article\" \/>\n<meta property=\"og:title\" content=\"Le Groupe Volkswagen a d\u2019ores et d\u00e9j\u00e0 install\u00e9 plus de 15 000 bornes de recharge rapide \u00e0 travers le monde - link2fleet\" \/>\n<meta property=\"og:description\" content=\"Le Groupe Volkswagen vient de dresser un bilan provisoire sur le d\u00e9ploiement de son r\u00e9seau mondial de bornes de recharge rapide. \u00c0 la fin de\u2026\" \/>\n<meta property=\"og:url\" content=\"https:\/\/www.link2fleet.com\/fr\/le-groupe-volkswagen-a-dores-et-deja-installe-plus-de-15-000-bornes-de-recharge-rapide-a-travers-le-monde\/\" \/>\n<meta property=\"og:site_name\" content=\"link2fleet\" \/>\n<meta property=\"article:published_time\" content=\"2023-02-01T15:32:47+00:00\" \/>\n<meta property=\"og:image\" content=\"https:\/\/static.link2fleet.com\/wp-content\/uploads\/2024\/03\/ionity.jpg\" \/>\n\t<meta property=\"og:image:width\" content=\"1000\" \/>\n\t<meta property=\"og:image:height\" content=\"750\" \/>\n\t<meta property=\"og:image:type\" content=\"image\/jpeg\" \/>\n<meta name=\"author\" content=\"Damien Malvetti\" \/>\n<meta name=\"twitter:card\" content=\"summary_large_image\" \/>\n<meta name=\"twitter:description\" content=\"Le Groupe Volkswagen vient de dresser un bilan provisoire sur le d\u00e9ploiement de son r\u00e9seau mondial de bornes de recharge rapide. \u00c0 la fin de\u2026\" \/>\n<meta name=\"twitter:label1\" content=\"\u00c9crit par\" \/>\n\t<meta name=\"twitter:data1\" content=\"Damien Malvetti\" \/>\n\t<meta name=\"twitter:label2\" content=\"Dur\u00e9e de lecture estim\u00e9e\" \/>\n\t<meta name=\"twitter:data2\" content=\"3 minutes\" \/>\n<script type=\"application\/ld+json\" class=\"yoast-schema-graph\">{\"@context\":\"https:\\\/\\\/schema.org\",\"@graph\":[{\"@type\":\"Article\",\"@id\":\"https:\\\/\\\/www.link2fleet.com\\\/fr\\\/le-groupe-volkswagen-a-dores-et-deja-installe-plus-de-15-000-bornes-de-recharge-rapide-a-travers-le-monde\\\/#article\",\"isPartOf\":{\"@id\":\"https:\\\/\\\/www.link2fleet.com\\\/fr\\\/le-groupe-volkswagen-a-dores-et-deja-installe-plus-de-15-000-bornes-de-recharge-rapide-a-travers-le-monde\\\/\"},\"author\":{\"name\":\"Damien Malvetti\",\"@id\":\"https:\\\/\\\/www.link2fleet.com\\\/fr\\\/#\\\/schema\\\/person\\\/027cd46113c78036b3809c9a054049da\"},\"headline\":\"Le Groupe Volkswagen a d\u2019ores et d\u00e9j\u00e0 install\u00e9 plus de 15 000 bornes de recharge rapide \u00e0 travers le monde\",\"datePublished\":\"2023-02-01T15:32:47+00:00\",\"mainEntityOfPage\":{\"@id\":\"https:\\\/\\\/www.link2fleet.com\\\/fr\\\/le-groupe-volkswagen-a-dores-et-deja-installe-plus-de-15-000-bornes-de-recharge-rapide-a-travers-le-monde\\\/\"},\"wordCount\":672,\"publisher\":{\"@id\":\"https:\\\/\\\/www.link2fleet.com\\\/fr\\\/#organization\"},\"image\":{\"@id\":\"https:\\\/\\\/www.link2fleet.com\\\/fr\\\/le-groupe-volkswagen-a-dores-et-deja-installe-plus-de-15-000-bornes-de-recharge-rapide-a-travers-le-monde\\\/#primaryimage\"},\"thumbnailUrl\":\"https:\\\/\\\/static.link2fleet.com\\\/wp-content\\\/uploads\\\/2024\\\/03\\\/ionity.jpg\",\"articleSection\":[\"Gestion carburant et de l'\u00e9nergie\",\"Gestion de flotte\"],\"inLanguage\":\"fr-FR\"},{\"@type\":\"WebPage\",\"@id\":\"https:\\\/\\\/www.link2fleet.com\\\/fr\\\/le-groupe-volkswagen-a-dores-et-deja-installe-plus-de-15-000-bornes-de-recharge-rapide-a-travers-le-monde\\\/\",\"url\":\"https:\\\/\\\/www.link2fleet.com\\\/fr\\\/le-groupe-volkswagen-a-dores-et-deja-installe-plus-de-15-000-bornes-de-recharge-rapide-a-travers-le-monde\\\/\",\"name\":\"Le Groupe Volkswagen a d\u2019ores et d\u00e9j\u00e0 install\u00e9 plus de 15 000 bornes de recharge rapide \u00e0 travers le monde - link2fleet\",\"isPartOf\":{\"@id\":\"https:\\\/\\\/www.link2fleet.com\\\/fr\\\/#website\"},\"primaryImageOfPage\":{\"@id\":\"https:\\\/\\\/www.link2fleet.com\\\/fr\\\/le-groupe-volkswagen-a-dores-et-deja-installe-plus-de-15-000-bornes-de-recharge-rapide-a-travers-le-monde\\\/#primaryimage\"},\"image\":{\"@id\":\"https:\\\/\\\/www.link2fleet.com\\\/fr\\\/le-groupe-volkswagen-a-dores-et-deja-installe-plus-de-15-000-bornes-de-recharge-rapide-a-travers-le-monde\\\/#primaryimage\"},\"thumbnailUrl\":\"https:\\\/\\\/static.link2fleet.com\\\/wp-content\\\/uploads\\\/2024\\\/03\\\/ionity.jpg\",\"datePublished\":\"2023-02-01T15:32:47+00:00\",\"breadcrumb\":{\"@id\":\"https:\\\/\\\/www.link2fleet.com\\\/fr\\\/le-groupe-volkswagen-a-dores-et-deja-installe-plus-de-15-000-bornes-de-recharge-rapide-a-travers-le-monde\\\/#breadcrumb\"},\"inLanguage\":\"fr-FR\",\"potentialAction\":[{\"@type\":\"ReadAction\",\"target\":[\"https:\\\/\\\/www.link2fleet.com\\\/fr\\\/le-groupe-volkswagen-a-dores-et-deja-installe-plus-de-15-000-bornes-de-recharge-rapide-a-travers-le-monde\\\/\"]}]},{\"@type\":\"ImageObject\",\"inLanguage\":\"fr-FR\",\"@id\":\"https:\\\/\\\/www.link2fleet.com\\\/fr\\\/le-groupe-volkswagen-a-dores-et-deja-installe-plus-de-15-000-bornes-de-recharge-rapide-a-travers-le-monde\\\/#primaryimage\",\"url\":\"https:\\\/\\\/static.link2fleet.com\\\/wp-content\\\/uploads\\\/2024\\\/03\\\/ionity.jpg\",\"contentUrl\":\"https:\\\/\\\/static.link2fleet.com\\\/wp-content\\\/uploads\\\/2024\\\/03\\\/ionity.jpg\",\"width\":1000,\"height\":750,\"caption\":\"L\u2019entreprise va conclure une s\u00e9rie de partenariats strat\u00e9giques en plus de la coentreprise IONITY.|\"},{\"@type\":\"BreadcrumbList\",\"@id\":\"https:\\\/\\\/www.link2fleet.com\\\/fr\\\/le-groupe-volkswagen-a-dores-et-deja-installe-plus-de-15-000-bornes-de-recharge-rapide-a-travers-le-monde\\\/#breadcrumb\",\"itemListElement\":[{\"@type\":\"ListItem\",\"position\":1,\"name\":\"Home\",\"item\":\"https:\\\/\\\/www.link2fleet.com\\\/fr\\\/\"},{\"@type\":\"ListItem\",\"position\":2,\"name\":\"Le Groupe Volkswagen a d\u2019ores et d\u00e9j\u00e0 install\u00e9 plus de 15 000 bornes de recharge rapide \u00e0 travers le monde\"}]},{\"@type\":\"WebSite\",\"@id\":\"https:\\\/\\\/www.link2fleet.com\\\/fr\\\/#website\",\"url\":\"https:\\\/\\\/www.link2fleet.com\\\/fr\\\/\",\"name\":\"Link2fleet\",\"description\":\"\",\"publisher\":{\"@id\":\"https:\\\/\\\/www.link2fleet.com\\\/fr\\\/#organization\"},\"potentialAction\":[{\"@type\":\"SearchAction\",\"target\":{\"@type\":\"EntryPoint\",\"urlTemplate\":\"https:\\\/\\\/www.link2fleet.com\\\/fr\\\/?s={search_term_string}\"},\"query-input\":{\"@type\":\"PropertyValueSpecification\",\"valueRequired\":true,\"valueName\":\"search_term_string\"}}],\"inLanguage\":\"fr-FR\"},{\"@type\":\"Organization\",\"@id\":\"https:\\\/\\\/www.link2fleet.com\\\/fr\\\/#organization\",\"name\":\"Link2fleet\",\"url\":\"https:\\\/\\\/www.link2fleet.com\\\/fr\\\/\",\"logo\":{\"@type\":\"ImageObject\",\"inLanguage\":\"fr-FR\",\"@id\":\"https:\\\/\\\/www.link2fleet.com\\\/fr\\\/#\\\/schema\\\/logo\\\/image\\\/\",\"url\":\"https:\\\/\\\/static.link2fleet.com\\\/wp-content\\\/uploads\\\/2024\\\/03\\\/share-image.jpg\",\"contentUrl\":\"https:\\\/\\\/static.link2fleet.com\\\/wp-content\\\/uploads\\\/2024\\\/03\\\/share-image.jpg\",\"width\":1200,\"height\":630,\"caption\":\"Link2fleet\"},\"image\":{\"@id\":\"https:\\\/\\\/www.link2fleet.com\\\/fr\\\/#\\\/schema\\\/logo\\\/image\\\/\"},\"sameAs\":[\"https:\\\/\\\/www.linkedin.com\\\/company\\\/link2fleet-belgium\",\"https:\\\/\\\/www.youtube.com\\\/user\\\/MMMBMBE\"]},{\"@type\":\"Person\",\"@id\":\"https:\\\/\\\/www.link2fleet.com\\\/fr\\\/#\\\/schema\\\/person\\\/027cd46113c78036b3809c9a054049da\",\"name\":\"Damien Malvetti\",\"image\":{\"@type\":\"ImageObject\",\"inLanguage\":\"fr-FR\",\"@id\":\"https:\\\/\\\/secure.gravatar.com\\\/avatar\\\/dd8cc03b49466c735f753ac37f8caa371af16dfed347456ed61f02883255eebb?s=96&d=mm&r=g\",\"url\":\"https:\\\/\\\/secure.gravatar.com\\\/avatar\\\/dd8cc03b49466c735f753ac37f8caa371af16dfed347456ed61f02883255eebb?s=96&d=mm&r=g\",\"contentUrl\":\"https:\\\/\\\/secure.gravatar.com\\\/avatar\\\/dd8cc03b49466c735f753ac37f8caa371af16dfed347456ed61f02883255eebb?s=96&d=mm&r=g\",\"caption\":\"Damien Malvetti\"},\"description\":\"Damien Malvetti is opgeleid als journalist en gepassioneerd door wagens, technologie en mobiliteit. Hij is verantwoordelijk voor de redactionele inhoud van link2fleet en beschikt over een uitgebreide kennis van de fleet-sector en elektrische mobiliteit.\",\"sameAs\":[\"https:\\\/\\\/www.linkedin.com\\\/in\\\/damien-malvetti-56601142\\\/\"]}]}<\/script>\n<!-- \/ Yoast SEO plugin. -->","yoast_head_json":{"title":"Le Groupe Volkswagen a d\u2019ores et d\u00e9j\u00e0 install\u00e9 plus de 15 000 bornes de recharge rapide \u00e0 travers le monde - link2fleet","description":"Le Groupe Volkswagen vient de dresser un bilan provisoire sur le d\u00e9ploiement de son r\u00e9seau mondial de bornes de recharge rapide. \u00c0 la fin de\u2026","robots":{"index":"index","follow":"follow","max-snippet":"max-snippet:-1","max-image-preview":"max-image-preview:large","max-video-preview":"max-video-preview:-1"},"og_locale":"fr_FR","og_type":"article","og_title":"Le Groupe Volkswagen a d\u2019ores et d\u00e9j\u00e0 install\u00e9 plus de 15 000 bornes de recharge rapide \u00e0 travers le monde - link2fleet","og_description":"Le Groupe Volkswagen vient de dresser un bilan provisoire sur le d\u00e9ploiement de son r\u00e9seau mondial de bornes de recharge rapide. \u00c0 la fin de\u2026","og_url":"https:\/\/www.link2fleet.com\/fr\/le-groupe-volkswagen-a-dores-et-deja-installe-plus-de-15-000-bornes-de-recharge-rapide-a-travers-le-monde\/","og_site_name":"link2fleet","article_published_time":"2023-02-01T15:32:47+00:00","og_image":[{"width":1000,"height":750,"url":"https:\/\/static.link2fleet.com\/wp-content\/uploads\/2024\/03\/ionity.jpg","type":"image\/jpeg"}],"author":"Damien Malvetti","twitter_card":"summary_large_image","twitter_description":"Le Groupe Volkswagen vient de dresser un bilan provisoire sur le d\u00e9ploiement de son r\u00e9seau mondial de bornes de recharge rapide. \u00c0 la fin de\u2026","twitter_misc":{"\u00c9crit par":"Damien Malvetti","Dur\u00e9e de lecture estim\u00e9e":"3 minutes"},"schema":{"@context":"https:\/\/schema.org","@graph":[{"@type":"Article","@id":"https:\/\/www.link2fleet.com\/fr\/le-groupe-volkswagen-a-dores-et-deja-installe-plus-de-15-000-bornes-de-recharge-rapide-a-travers-le-monde\/#article","isPartOf":{"@id":"https:\/\/www.link2fleet.com\/fr\/le-groupe-volkswagen-a-dores-et-deja-installe-plus-de-15-000-bornes-de-recharge-rapide-a-travers-le-monde\/"},"author":{"name":"Damien Malvetti","@id":"https:\/\/www.link2fleet.com\/fr\/#\/schema\/person\/027cd46113c78036b3809c9a054049da"},"headline":"Le Groupe Volkswagen a d\u2019ores et d\u00e9j\u00e0 install\u00e9 plus de 15 000 bornes de recharge rapide \u00e0 travers le monde","datePublished":"2023-02-01T15:32:47+00:00","mainEntityOfPage":{"@id":"https:\/\/www.link2fleet.com\/fr\/le-groupe-volkswagen-a-dores-et-deja-installe-plus-de-15-000-bornes-de-recharge-rapide-a-travers-le-monde\/"},"wordCount":672,"publisher":{"@id":"https:\/\/www.link2fleet.com\/fr\/#organization"},"image":{"@id":"https:\/\/www.link2fleet.com\/fr\/le-groupe-volkswagen-a-dores-et-deja-installe-plus-de-15-000-bornes-de-recharge-rapide-a-travers-le-monde\/#primaryimage"},"thumbnailUrl":"https:\/\/static.link2fleet.com\/wp-content\/uploads\/2024\/03\/ionity.jpg","articleSection":["Gestion carburant et de l'\u00e9nergie","Gestion de flotte"],"inLanguage":"fr-FR"},{"@type":"WebPage","@id":"https:\/\/www.link2fleet.com\/fr\/le-groupe-volkswagen-a-dores-et-deja-installe-plus-de-15-000-bornes-de-recharge-rapide-a-travers-le-monde\/","url":"https:\/\/www.link2fleet.com\/fr\/le-groupe-volkswagen-a-dores-et-deja-installe-plus-de-15-000-bornes-de-recharge-rapide-a-travers-le-monde\/","name":"Le Groupe Volkswagen a d\u2019ores et d\u00e9j\u00e0 install\u00e9 plus de 15 000 bornes de recharge rapide \u00e0 travers le monde - link2fleet","isPartOf":{"@id":"https:\/\/www.link2fleet.com\/fr\/#website"},"primaryImageOfPage":{"@id":"https:\/\/www.link2fleet.com\/fr\/le-groupe-volkswagen-a-dores-et-deja-installe-plus-de-15-000-bornes-de-recharge-rapide-a-travers-le-monde\/#primaryimage"},"image":{"@id":"https:\/\/www.link2fleet.com\/fr\/le-groupe-volkswagen-a-dores-et-deja-installe-plus-de-15-000-bornes-de-recharge-rapide-a-travers-le-monde\/#primaryimage"},"thumbnailUrl":"https:\/\/static.link2fleet.com\/wp-content\/uploads\/2024\/03\/ionity.jpg","datePublished":"2023-02-01T15:32:47+00:00","breadcrumb":{"@id":"https:\/\/www.link2fleet.com\/fr\/le-groupe-volkswagen-a-dores-et-deja-installe-plus-de-15-000-bornes-de-recharge-rapide-a-travers-le-monde\/#breadcrumb"},"inLanguage":"fr-FR","potentialAction":[{"@type":"ReadAction","target":["https:\/\/www.link2fleet.com\/fr\/le-groupe-volkswagen-a-dores-et-deja-installe-plus-de-15-000-bornes-de-recharge-rapide-a-travers-le-monde\/"]}]},{"@type":"ImageObject","inLanguage":"fr-FR","@id":"https:\/\/www.link2fleet.com\/fr\/le-groupe-volkswagen-a-dores-et-deja-installe-plus-de-15-000-bornes-de-recharge-rapide-a-travers-le-monde\/#primaryimage","url":"https:\/\/static.link2fleet.com\/wp-content\/uploads\/2024\/03\/ionity.jpg","contentUrl":"https:\/\/static.link2fleet.com\/wp-content\/uploads\/2024\/03\/ionity.jpg","width":1000,"height":750,"caption":"L\u2019entreprise va conclure une s\u00e9rie de partenariats strat\u00e9giques en plus de la coentreprise IONITY.|"},{"@type":"BreadcrumbList","@id":"https:\/\/www.link2fleet.com\/fr\/le-groupe-volkswagen-a-dores-et-deja-installe-plus-de-15-000-bornes-de-recharge-rapide-a-travers-le-monde\/#breadcrumb","itemListElement":[{"@type":"ListItem","position":1,"name":"Home","item":"https:\/\/www.link2fleet.com\/fr\/"},{"@type":"ListItem","position":2,"name":"Le Groupe Volkswagen a d\u2019ores et d\u00e9j\u00e0 install\u00e9 plus de 15 000 bornes de recharge rapide \u00e0 travers le monde"}]},{"@type":"WebSite","@id":"https:\/\/www.link2fleet.com\/fr\/#website","url":"https:\/\/www.link2fleet.com\/fr\/","name":"Link2fleet","description":"","publisher":{"@id":"https:\/\/www.link2fleet.com\/fr\/#organization"},"potentialAction":[{"@type":"SearchAction","target":{"@type":"EntryPoint","urlTemplate":"https:\/\/www.link2fleet.com\/fr\/?s={search_term_string}"},"query-input":{"@type":"PropertyValueSpecification","valueRequired":true,"valueName":"search_term_string"}}],"inLanguage":"fr-FR"},{"@type":"Organization","@id":"https:\/\/www.link2fleet.com\/fr\/#organization","name":"Link2fleet","url":"https:\/\/www.link2fleet.com\/fr\/","logo":{"@type":"ImageObject","inLanguage":"fr-FR","@id":"https:\/\/www.link2fleet.com\/fr\/#\/schema\/logo\/image\/","url":"https:\/\/static.link2fleet.com\/wp-content\/uploads\/2024\/03\/share-image.jpg","contentUrl":"https:\/\/static.link2fleet.com\/wp-content\/uploads\/2024\/03\/share-image.jpg","width":1200,"height":630,"caption":"Link2fleet"},"image":{"@id":"https:\/\/www.link2fleet.com\/fr\/#\/schema\/logo\/image\/"},"sameAs":["https:\/\/www.linkedin.com\/company\/link2fleet-belgium","https:\/\/www.youtube.com\/user\/MMMBMBE"]},{"@type":"Person","@id":"https:\/\/www.link2fleet.com\/fr\/#\/schema\/person\/027cd46113c78036b3809c9a054049da","name":"Damien Malvetti","image":{"@type":"ImageObject","inLanguage":"fr-FR","@id":"https:\/\/secure.gravatar.com\/avatar\/dd8cc03b49466c735f753ac37f8caa371af16dfed347456ed61f02883255eebb?s=96&d=mm&r=g","url":"https:\/\/secure.gravatar.com\/avatar\/dd8cc03b49466c735f753ac37f8caa371af16dfed347456ed61f02883255eebb?s=96&d=mm&r=g","contentUrl":"https:\/\/secure.gravatar.com\/avatar\/dd8cc03b49466c735f753ac37f8caa371af16dfed347456ed61f02883255eebb?s=96&d=mm&r=g","caption":"Damien Malvetti"},"description":"Damien Malvetti is opgeleid als journalist en gepassioneerd door wagens, technologie en mobiliteit. Hij is verantwoordelijk voor de redactionele inhoud van link2fleet en beschikt over een uitgebreide kennis van de fleet-sector en elektrische mobiliteit.","sameAs":["https:\/\/www.linkedin.com\/in\/damien-malvetti-56601142\/"]}]}},"_links":{"self":[{"href":"https:\/\/www.link2fleet.com\/fr\/wp-json\/wp\/v2\/posts\/8738","targetHints":{"allow":["GET"]}}],"collection":[{"href":"https:\/\/www.link2fleet.com\/fr\/wp-json\/wp\/v2\/posts"}],"about":[{"href":"https:\/\/www.link2fleet.com\/fr\/wp-json\/wp\/v2\/types\/post"}],"author":[{"embeddable":true,"href":"https:\/\/www.link2fleet.com\/fr\/wp-json\/wp\/v2\/users\/4"}],"replies":[{"embeddable":true,"href":"https:\/\/www.link2fleet.com\/fr\/wp-json\/wp\/v2\/comments?post=8738"}],"version-history":[{"count":0,"href":"https:\/\/www.link2fleet.com\/fr\/wp-json\/wp\/v2\/posts\/8738\/revisions"}],"wp:featuredmedia":[{"embeddable":true,"href":"https:\/\/www.link2fleet.com\/fr\/wp-json\/wp\/v2\/media\/8739"}],"wp:attachment":[{"href":"https:\/\/www.link2fleet.com\/fr\/wp-json\/wp\/v2\/media?parent=8738"}],"wp:term":[{"taxonomy":"category","embeddable":true,"href":"https:\/\/www.link2fleet.com\/fr\/wp-json\/wp\/v2\/categories?post=8738"},{"taxonomy":"post_tag","embeddable":true,"href":"https:\/\/www.link2fleet.com\/fr\/wp-json\/wp\/v2\/tags?post=8738"}],"curies":[{"name":"wp","href":"https:\/\/api.w.org\/{rel}","templated":true}]}}