{"id":8777,"date":"2023-02-10T09:08:13","date_gmt":"2023-02-10T08:08:13","guid":{"rendered":"https:\/\/www.link2fleet.com\/arval-enregistre-une-croissance-de-sa-flotte-de-83-en-2022\/"},"modified":"2024-04-17T16:44:13","modified_gmt":"2024-04-17T14:44:13","slug":"arval-enregistre-une-croissance-de-sa-flotte-de-83-en-2022","status":"publish","type":"post","link":"https:\/\/www.link2fleet.com\/fr\/arval-enregistre-une-croissance-de-sa-flotte-de-83-en-2022\/","title":{"rendered":"Arval enregistre une croissance de sa flotte de 8,3% en 2022"},"content":{"rendered":"<p>Sp\u00e9cialiste de la location longue dur\u00e9e de v\u00e9hicules avec services et des nouvelles solutions de mobilit\u00e9 durable, Arval a poursuivi sa croissance en 2022 en conservant la dynamique positive des ann\u00e9es pr\u00e9c\u00e9dentes. Ainsi, \u00e0 fin 2022\u00a0:<\/p>\n<ul class=\"release-content-list release-content-list--bulleted release-content-list--align-inherit\">\n<li>Arval a augment\u00e9 sa flotte de v\u00e9hicules lou\u00e9s de 8,3 %* par rapport \u00e0 2021,acquisitions comprises, portant sa flotte lou\u00e9e dans le monde \u00e0 1\u00a0592 024 v\u00e9hicules.<\/li>\n<li>En termes d\u2019\u00e9lectrification, Arval loue pr\u00e8s de 300\u00a0000 v\u00e9hicules \u00e9lectrifi\u00e9s, soit quatre fois plus qu\u2019en 2019.<\/li>\n<li>La flotte de clients Entreprises compte 1\u00a0082 503 v\u00e9hicules.<\/li>\n<li>Le segment Retail atteint 454 062 v\u00e9hicules (437\u00a0445 hors acquisitions), soit une progression de 13 % par rapport \u00e0 2021 (9,7 % de croissance hors acquisitions). Ces r\u00e9sultats attestent de l\u2019int\u00e9r\u00eat croissant que suscite la location longue dur\u00e9e chez les PME et les particuliers, et ce en d\u00e9pit d\u2019un march\u00e9 perturb\u00e9.<\/li>\n<li>La flotte en location moyenne dur\u00e9e a quant \u00e0 elle augment\u00e9 de 48 %.<\/li>\n<\/ul>\n<p>Arval compte plus de 8\u00a0000 collaborateurs au service deplus de 300 000 clients dans 30 pays.<\/p>\n<blockquote><p><em>\u00ab Malgr\u00e9 un environnement complexe en 2022, Arval a continu\u00e9 \u00e0 accompagner ses clients avec succ\u00e8s gr\u00e2ce \u00e0 la r\u00e9silience de son mod\u00e8le \u00e9conomique et sa capacit\u00e9 \u00e0 proposer de nouvelles solutions innovantes. Appuy\u00e9 par les solides ambitions strat\u00e9giques du Groupe BNP Paribas dans le domaine de la mobilit\u00e9, Arval entend poursuivre sa trajectoire de croissance en 2023, progressant dans la r\u00e9alisation de son plan strat\u00e9gique. Nous continuerons \u00e0 soutenir notre croissance en innovant,en accompagnant toujours mieux nos clients dans leur transition \u00e9nerg\u00e9tique et en leur proposant des offres de mobilit\u00e9 durable, dans tous les pays o\u00f9 nous sommes pr\u00e9sents \u00bb, <\/em>commente Alain van Groenendael, Pr\u00e9sident et Directeur G\u00e9n\u00e9ral d\u2019Arval<\/p><\/blockquote>\n<h4><\/h4>\n<h4>R\u00e9alisations de l\u2019ann\u00e9e 2022<\/h4>\n<p>A mi-parcours dans l\u2019ex\u00e9cution de son plan strat\u00e9gique Arval Beyond, Arval affiche pour 2022 de tr\u00e8s bons r\u00e9sultats. Tout au long de l\u2019ann\u00e9e, l\u2019entreprise s\u2019est positionn\u00e9e en leader de son secteur, en lan\u00e7ant des solutions de mobilit\u00e9 innovantes, en nouant des partenariats strat\u00e9giques et en poursuivant ses efforts sur la RSE, en particulier en accompagnant ses clients sur la transition \u00e9nerg\u00e9tique.<\/p>\n<p>Acquisitions et partenariats majeurs\u00a0: \u200b \u200b<\/p>\n<p>Au-del\u00e0 des partenariats solides existants avec des banques, des acteurs de l\u2019industrie automobile et avec le partenaire historique d\u2019Arval, Element :<\/p>\n<ul class=\"release-content-list release-content-list--bulleted release-content-list--align-inherit\">\n<li>Acquisition de Terberg Business Lease Group : Avec cette acquisition r\u00e9alis\u00e9e fin novembre 2022, Arval a pu diversifier encore davantage son offre de produits d\u00e9di\u00e9e au segment des clients particuliers. Il est devenu l\u2019un des plus grands acteurs de la mobilit\u00e9 sur le march\u00e9 n\u00e9erlandais, avec pr\u00e8s de 500\u00a0collaborateurs et plus de 100\u00a0000 v\u00e9hicules lou\u00e9s.<\/li>\n<li>Transfert des activit\u00e9s de location longue dur\u00e9e de BCR vers Arval Roumanie\u00a0: Cette op\u00e9ration r\u00e9alis\u00e9e en mai 2022 a permis \u00e0 Arval de renforcer \u00e0 la fois sa position de leader en Roumanie, avec 3\u00a0800 v\u00e9hicules suppl\u00e9mentaires, et sa coop\u00e9ration avec Erste Bank dans la r\u00e9gion (R\u00e9publique tch\u00e8que et Slovaquie).<\/li>\n<\/ul>\n<p>Contribution active \u00e0 la r\u00e9alisation des ambitions strat\u00e9giques de BNP Paribas : \u200b \u200b<\/p>\n<ul class=\"release-content-list release-content-list--bulleted release-content-list--align-inherit\">\n<li>En octobre 2022, le Groupe BNP Paribas a annonc\u00e9 sa volont\u00e9 de se positionner sur toute la chaine de valeur du secteur pour accompagner la transition de ses clients vers une mobilit\u00e9 plus durable. Dans ce cadre, Arval a pour mission de d\u00e9ployer des solutions autour des flottes de v\u00e9hicules et de la mobilit\u00e9 durable, tout en renfor\u00e7ant sa coop\u00e9ration avec les autres entit\u00e9s du Groupe. \u200b<\/li>\n<li>Le partenariat entre BNP Paribas et Jaguar Land Rover conclu en f\u00e9vrier 2022 d\u00e9montre tr\u00e8s concr\u00e8tement la solidit\u00e9 du mod\u00e8le int\u00e9gr\u00e9 du Groupe. L\u2019approche \u00ab\u00a0One Bank Auto\u00a0\u00bb permet de valoriser l\u2019expertise du secteur automobile de plusieurs de ses entit\u00e9s. Arval y joue un r\u00f4le cl\u00e9, gr\u00e2ce \u00e0 son savoir-faire en mati\u00e8re de location longue dur\u00e9e avec services et de gestion de flotte. Ce mod\u00e8le int\u00e9gr\u00e9 permet d\u2019apporter aux clients une r\u00e9ponse \u00e0 la fois harmonis\u00e9e et diff\u00e9renciante.<\/li>\n<li>En termes d\u2019\u00e9lectrification, \u00e0 fin 2022, Arval louait pr\u00e8s de 300 000 v\u00e9hicules \u00e9lectrifi\u00e9s, soit quatre fois plus qu\u2019en 2019.<\/li>\n<li>Partenariat strat\u00e9gique entre Ridecell et Arval : En janvier 2022, Arval et Ridecell ont uni leurs forces en vue d\u2019acc\u00e9l\u00e9rer le d\u00e9veloppement de nouvelles solutions compl\u00e8tes pour les clients d\u2019Arval.<\/li>\n<\/ul>\n<p>Acc\u00e9l\u00e9ration sur les solutions de mobilit\u00e9 durable\u00a0:<\/p>\n<ul class=\"release-content-list release-content-list--bulleted release-content-list--align-inherit\">\n<li>A fin d\u00e9cembre 2022, la location de v\u00e9los \u00e9tait disponible dans 13 pays, l\u2019autopartage dans 11 pays.<\/li>\n<li>L\u2019Arval Mobility Hub, l\u2019une des offres d\u2019Arval pour les entreprises souhaitant proposer des solutions de mobilit\u00e9 alternatives (autopartage, v\u00e9lopartage, location de v\u00e9los, de trottinettes \u00e9lectriques, etc.) \u00e0 leurs collaborateurs a \u00e9t\u00e9 mis en place, entre autres, au si\u00e8ge de BNP Paribas Real Estate en France.<\/li>\n<li>Arval continue \u00e0 d\u00e9ployer ses Arval Mobility Apps, aujourd\u2019hui disponibles dans 10\u00a0pays.<\/li>\n<li>En 2022, les offres flexibles d\u2019Arval con\u00e7ues pour r\u00e9pondre aux besoins de flexibilit\u00e9 des clients d\u2019Arvalsont pr\u00e9sentes dans 24 pays. Avec plus de 55\u00a0000 voitures, les offres flexibles d\u2019Arval affichent une croissance de 48 % par rapport \u00e0 2021.<\/li>\n<li>En mars 2022, Arval r\u00e9affirmait son leadership en mati\u00e8re de mobilit\u00e9 flexible et lan\u00e7ait Arval Adaptiv, une offre d\u2019abonnement automobile innovante et flexible. Con\u00e7ue pour les particuliers, cette offre permet d\u2019avoir acc\u00e8s \u00e0 une voiture uniquement en cas de besoin et en quelques jours. Le client ne paie que pour la p\u00e9riode d\u2019utilisation, sans engagement de dur\u00e9e.<\/li>\n<li>Fin d\u00e9cembre 2022, Arval avait d\u00e9ploy\u00e9 dans 16 pays son offre de location de voitures d\u2019occasion, Arval Re-lease, une r\u00e9ponse pertinente \u00e0 la p\u00e9nurie de v\u00e9hicules neufs et \u00e0 la n\u00e9cessit\u00e9 environnementale de prolonger la dur\u00e9e de vie des v\u00e9hicules. La flotte d\u2019Arval Re-lease a augment\u00e9 de 60\u00a0% par rapport \u00e0 l\u2019ann\u00e9e pr\u00e9c\u00e9dente et a connu un succ\u00e8s notable, en particulier aux Pays-Bas, en Turquie, au Royaume-Uni, en Pologne et en France.<\/li>\n<\/ul>\n<p>Accompagnement permanent\u00a0des clients:<\/p>\n<ul class=\"release-content-list release-content-list--bulleted release-content-list--align-inherit\">\n<li>Pour aider les clients \u00e0 mieux ma\u00eetriser les co\u00fbts de leur flotte et \u00e0 acc\u00e9l\u00e9rer leur transition \u00e9nerg\u00e9tique, Arval a lanc\u00e9 en mars 2022 son offre Arval Connect. Arval Connect permet aux clients d\u2019optimiser leur TCO, d\u2019am\u00e9liorer la s\u00e9curit\u00e9 routi\u00e8re et de disposer d\u2019une flotte plus environnementalement responsable. Arval a par ailleurs d\u00e9cid\u00e9 d\u2019investir massivement dans la connectivit\u00e9 afin d\u2019am\u00e9liorer sa qualit\u00e9 de service aux clients (maintenance, assurance, r\u00e9cup\u00e9ration des v\u00e9hicules vol\u00e9s, etc.). A fin d\u00e9cembre 2022, plus de 450\u00a0000 v\u00e9hicules \u00e9taient connect\u00e9s (pr\u00e8s de 30 % de la flotte) dans 22\u00a0pays.<\/li>\n<li>Sur un march\u00e9 automobile o\u00f9 les constructeurs traditionnels ont des difficult\u00e9s \u00e0 livrer des voitures neuves et o\u00f9 certains ont d\u00e9cid\u00e9 d\u2019augmenter nettement leurs prix, Arval joue pleinement son r\u00f4le de loueur multimarques. En 2022, la part des constructeurs alternatifs dans les immatriculations repr\u00e9sentait d\u00e9j\u00e0 27 % (24 % en 2019), et cette tendance s\u2019acc\u00e9l\u00e9rera avec l\u2019importance croissante que prennent les v\u00e9hicules \u00e9lectriques.<\/li>\n<\/ul>\n<h4><\/h4>\n<h4>D\u00e9fis et ambitions pour 2023<\/h4>\n<p>En 2023, Arval continuera d\u2019\u00eatre aux c\u00f4t\u00e9s de ses clients \u00e0 travers :<\/p>\n<ul class=\"release-content-list release-content-list--bulleted release-content-list--align-inherit\">\n<li>La mise en \u0153uvre concr\u00e8te du partenariat strat\u00e9gique entre Jaguar Land Rover et BNP Paribas pour lancerun ensemble de nouveaux services de financement de la mobilit\u00e9 sur neuf march\u00e9s europ\u00e9ens. Cette collaboration est la premi\u00e8re phase d\u2019un plan de transformation con\u00e7u pour r\u00e9inventer le r\u00f4le des services financiers pour les clients de Jaguar Land Rover.<\/li>\n<li>Pr\u00e9sente aujourd\u2019hui dans 53 pays, l\u2019Alliance Globale Element-Arval a multipli\u00e9 par\u00a0quatre le nombre de ses clients partag\u00e9s en moins de 10\u00a0ans. L\u2019expertise approfondie et la puissance \u00e0 l\u2019\u00e9chelle mondiale apport\u00e9es par cette alliance offrent une vraie valeur ajout\u00e9e aux clients internationaux d\u2019Arval, a fortiori sur un march\u00e9 en phase de consolidation.<\/li>\n<li>Depuis janvier 2023, Arval d\u00e9tient 100 % d\u2019Arval Relsa au Chili, au P\u00e9rou et en Colombie apr\u00e8s l\u2019acquisition des parts d\u00e9tenues pr\u00e9c\u00e9demment par Inversiones Juan Yarur.<\/li>\n<\/ul>\n<p>&nbsp;<\/p>\n<p><u><br \/>\n\u200b<\/u><sup><em>* Taux de croissance \u00e0 fin 2022, par rapport \u00e0 2021. Hors acquisitions de TBLG et des activit\u00e9s de location longue dur\u00e9e de BCR en Roumanie, la croissance organique \u00e9tait de +5,5 % \u00e0 fin 2022 par rapport \u00e0 2021.<\/em><\/sup><\/p>\n","protected":false},"excerpt":{"rendered":"<p>Sp\u00e9cialiste de la location longue dur\u00e9e de v\u00e9hicules avec services et des nouvelles solutions de mobilit\u00e9 durable, Arval a poursuivi sa croissance en 2022 en conservant la dynamique positive des ann\u00e9es pr\u00e9c\u00e9dentes. Ainsi, \u00e0 fin 2022\u00a0: Arval a augment\u00e9 sa flotte de v\u00e9hicules lou\u00e9s de 8,3 %* par rapport \u00e0 2021,acquisitions comprises, portant sa flotte [&hellip;]<\/p>\n","protected":false},"author":4,"featured_media":7848,"comment_status":"closed","ping_status":"closed","sticky":false,"template":"","format":"standard","meta":{"_acf_changed":false,"footnotes":""},"categories":[91,79],"tags":[],"class_list":["post-8777","post","type-post","status-publish","format-standard","has-post-thumbnail","hentry","category-expertise-et-management","category-societes-de-leasing"],"acf":[],"yoast_head":"<!-- This site is optimized with the Yoast SEO plugin v27.3 - https:\/\/yoast.com\/product\/yoast-seo-wordpress\/ -->\n<title>Arval enregistre une croissance de sa flotte de 8,3% en 2022 - link2fleet<\/title>\n<meta name=\"description\" content=\"En 2022, la performance d\u2019Arval en termes de flotte lou\u00e9e a nettement d\u00e9pass\u00e9 celle du march\u00e9, et ce malgr\u00e9 un environnement et un secteur automobile\u2026\" \/>\n<meta name=\"robots\" content=\"index, follow, max-snippet:-1, max-image-preview:large, max-video-preview:-1\" \/>\n<meta property=\"og:locale\" content=\"fr_FR\" \/>\n<meta property=\"og:type\" content=\"article\" \/>\n<meta property=\"og:title\" content=\"Arval enregistre une croissance de sa flotte de 8,3% en 2022 - link2fleet\" \/>\n<meta property=\"og:description\" content=\"En 2022, la performance d\u2019Arval en termes de flotte lou\u00e9e a nettement d\u00e9pass\u00e9 celle du march\u00e9, et ce malgr\u00e9 un environnement et un secteur automobile\u2026\" \/>\n<meta property=\"og:url\" content=\"https:\/\/www.link2fleet.com\/fr\/arval-enregistre-une-croissance-de-sa-flotte-de-83-en-2022\/\" \/>\n<meta property=\"og:site_name\" content=\"link2fleet\" \/>\n<meta property=\"article:published_time\" content=\"2023-02-10T08:08:13+00:00\" \/>\n<meta property=\"article:modified_time\" content=\"2024-04-17T14:44:13+00:00\" \/>\n<meta property=\"og:image\" content=\"https:\/\/static.link2fleet.com\/wp-content\/uploads\/2024\/03\/arval-car-jpg-scaled-1.jpg\" \/>\n\t<meta property=\"og:image:width\" content=\"2560\" \/>\n\t<meta property=\"og:image:height\" content=\"1707\" \/>\n\t<meta property=\"og:image:type\" content=\"image\/jpeg\" \/>\n<meta name=\"author\" content=\"Damien Malvetti\" \/>\n<meta name=\"twitter:card\" content=\"summary_large_image\" \/>\n<meta name=\"twitter:description\" content=\"En 2022, la performance d\u2019Arval en termes de flotte lou\u00e9e a nettement d\u00e9pass\u00e9 celle du march\u00e9, et ce malgr\u00e9 un environnement et un secteur automobile\u2026\" \/>\n<meta name=\"twitter:label1\" content=\"\u00c9crit par\" \/>\n\t<meta name=\"twitter:data1\" content=\"Damien Malvetti\" \/>\n\t<meta name=\"twitter:label2\" content=\"Dur\u00e9e de lecture estim\u00e9e\" \/>\n\t<meta name=\"twitter:data2\" content=\"7 minutes\" \/>\n<script type=\"application\/ld+json\" class=\"yoast-schema-graph\">{\"@context\":\"https:\\\/\\\/schema.org\",\"@graph\":[{\"@type\":\"Article\",\"@id\":\"https:\\\/\\\/www.link2fleet.com\\\/fr\\\/arval-enregistre-une-croissance-de-sa-flotte-de-83-en-2022\\\/#article\",\"isPartOf\":{\"@id\":\"https:\\\/\\\/www.link2fleet.com\\\/fr\\\/arval-enregistre-une-croissance-de-sa-flotte-de-83-en-2022\\\/\"},\"author\":{\"name\":\"Damien Malvetti\",\"@id\":\"https:\\\/\\\/www.link2fleet.com\\\/fr\\\/#\\\/schema\\\/person\\\/027cd46113c78036b3809c9a054049da\"},\"headline\":\"Arval enregistre une croissance de sa flotte de 8,3% en 2022\",\"datePublished\":\"2023-02-10T08:08:13+00:00\",\"dateModified\":\"2024-04-17T14:44:13+00:00\",\"mainEntityOfPage\":{\"@id\":\"https:\\\/\\\/www.link2fleet.com\\\/fr\\\/arval-enregistre-une-croissance-de-sa-flotte-de-83-en-2022\\\/\"},\"wordCount\":1399,\"publisher\":{\"@id\":\"https:\\\/\\\/www.link2fleet.com\\\/fr\\\/#organization\"},\"image\":{\"@id\":\"https:\\\/\\\/www.link2fleet.com\\\/fr\\\/arval-enregistre-une-croissance-de-sa-flotte-de-83-en-2022\\\/#primaryimage\"},\"thumbnailUrl\":\"https:\\\/\\\/static.link2fleet.com\\\/wp-content\\\/uploads\\\/2024\\\/03\\\/arval-car-jpg-scaled-1.jpg\",\"articleSection\":[\"Gestion de flotte\",\"Location long-terme\"],\"inLanguage\":\"fr-FR\"},{\"@type\":\"WebPage\",\"@id\":\"https:\\\/\\\/www.link2fleet.com\\\/fr\\\/arval-enregistre-une-croissance-de-sa-flotte-de-83-en-2022\\\/\",\"url\":\"https:\\\/\\\/www.link2fleet.com\\\/fr\\\/arval-enregistre-une-croissance-de-sa-flotte-de-83-en-2022\\\/\",\"name\":\"Arval enregistre une croissance de sa flotte de 8,3% en 2022 - link2fleet\",\"isPartOf\":{\"@id\":\"https:\\\/\\\/www.link2fleet.com\\\/fr\\\/#website\"},\"primaryImageOfPage\":{\"@id\":\"https:\\\/\\\/www.link2fleet.com\\\/fr\\\/arval-enregistre-une-croissance-de-sa-flotte-de-83-en-2022\\\/#primaryimage\"},\"image\":{\"@id\":\"https:\\\/\\\/www.link2fleet.com\\\/fr\\\/arval-enregistre-une-croissance-de-sa-flotte-de-83-en-2022\\\/#primaryimage\"},\"thumbnailUrl\":\"https:\\\/\\\/static.link2fleet.com\\\/wp-content\\\/uploads\\\/2024\\\/03\\\/arval-car-jpg-scaled-1.jpg\",\"datePublished\":\"2023-02-10T08:08:13+00:00\",\"dateModified\":\"2024-04-17T14:44:13+00:00\",\"breadcrumb\":{\"@id\":\"https:\\\/\\\/www.link2fleet.com\\\/fr\\\/arval-enregistre-une-croissance-de-sa-flotte-de-83-en-2022\\\/#breadcrumb\"},\"inLanguage\":\"fr-FR\",\"potentialAction\":[{\"@type\":\"ReadAction\",\"target\":[\"https:\\\/\\\/www.link2fleet.com\\\/fr\\\/arval-enregistre-une-croissance-de-sa-flotte-de-83-en-2022\\\/\"]}]},{\"@type\":\"ImageObject\",\"inLanguage\":\"fr-FR\",\"@id\":\"https:\\\/\\\/www.link2fleet.com\\\/fr\\\/arval-enregistre-une-croissance-de-sa-flotte-de-83-en-2022\\\/#primaryimage\",\"url\":\"https:\\\/\\\/static.link2fleet.com\\\/wp-content\\\/uploads\\\/2024\\\/03\\\/arval-car-jpg-scaled-1.jpg\",\"contentUrl\":\"https:\\\/\\\/static.link2fleet.com\\\/wp-content\\\/uploads\\\/2024\\\/03\\\/arval-car-jpg-scaled-1.jpg\",\"width\":2560,\"height\":1707},{\"@type\":\"BreadcrumbList\",\"@id\":\"https:\\\/\\\/www.link2fleet.com\\\/fr\\\/arval-enregistre-une-croissance-de-sa-flotte-de-83-en-2022\\\/#breadcrumb\",\"itemListElement\":[{\"@type\":\"ListItem\",\"position\":1,\"name\":\"Home\",\"item\":\"https:\\\/\\\/www.link2fleet.com\\\/fr\\\/\"},{\"@type\":\"ListItem\",\"position\":2,\"name\":\"Arval enregistre une croissance de sa flotte de 8,3% en 2022\"}]},{\"@type\":\"WebSite\",\"@id\":\"https:\\\/\\\/www.link2fleet.com\\\/fr\\\/#website\",\"url\":\"https:\\\/\\\/www.link2fleet.com\\\/fr\\\/\",\"name\":\"Link2fleet\",\"description\":\"\",\"publisher\":{\"@id\":\"https:\\\/\\\/www.link2fleet.com\\\/fr\\\/#organization\"},\"potentialAction\":[{\"@type\":\"SearchAction\",\"target\":{\"@type\":\"EntryPoint\",\"urlTemplate\":\"https:\\\/\\\/www.link2fleet.com\\\/fr\\\/?s={search_term_string}\"},\"query-input\":{\"@type\":\"PropertyValueSpecification\",\"valueRequired\":true,\"valueName\":\"search_term_string\"}}],\"inLanguage\":\"fr-FR\"},{\"@type\":\"Organization\",\"@id\":\"https:\\\/\\\/www.link2fleet.com\\\/fr\\\/#organization\",\"name\":\"Link2fleet\",\"url\":\"https:\\\/\\\/www.link2fleet.com\\\/fr\\\/\",\"logo\":{\"@type\":\"ImageObject\",\"inLanguage\":\"fr-FR\",\"@id\":\"https:\\\/\\\/www.link2fleet.com\\\/fr\\\/#\\\/schema\\\/logo\\\/image\\\/\",\"url\":\"https:\\\/\\\/static.link2fleet.com\\\/wp-content\\\/uploads\\\/2024\\\/03\\\/share-image.jpg\",\"contentUrl\":\"https:\\\/\\\/static.link2fleet.com\\\/wp-content\\\/uploads\\\/2024\\\/03\\\/share-image.jpg\",\"width\":1200,\"height\":630,\"caption\":\"Link2fleet\"},\"image\":{\"@id\":\"https:\\\/\\\/www.link2fleet.com\\\/fr\\\/#\\\/schema\\\/logo\\\/image\\\/\"},\"sameAs\":[\"https:\\\/\\\/www.linkedin.com\\\/company\\\/link2fleet-belgium\",\"https:\\\/\\\/www.youtube.com\\\/user\\\/MMMBMBE\"]},{\"@type\":\"Person\",\"@id\":\"https:\\\/\\\/www.link2fleet.com\\\/fr\\\/#\\\/schema\\\/person\\\/027cd46113c78036b3809c9a054049da\",\"name\":\"Damien Malvetti\",\"image\":{\"@type\":\"ImageObject\",\"inLanguage\":\"fr-FR\",\"@id\":\"https:\\\/\\\/secure.gravatar.com\\\/avatar\\\/dd8cc03b49466c735f753ac37f8caa371af16dfed347456ed61f02883255eebb?s=96&d=mm&r=g\",\"url\":\"https:\\\/\\\/secure.gravatar.com\\\/avatar\\\/dd8cc03b49466c735f753ac37f8caa371af16dfed347456ed61f02883255eebb?s=96&d=mm&r=g\",\"contentUrl\":\"https:\\\/\\\/secure.gravatar.com\\\/avatar\\\/dd8cc03b49466c735f753ac37f8caa371af16dfed347456ed61f02883255eebb?s=96&d=mm&r=g\",\"caption\":\"Damien Malvetti\"},\"description\":\"Damien Malvetti is opgeleid als journalist en gepassioneerd door wagens, technologie en mobiliteit. Hij is verantwoordelijk voor de redactionele inhoud van link2fleet en beschikt over een uitgebreide kennis van de fleet-sector en elektrische mobiliteit.\",\"sameAs\":[\"https:\\\/\\\/www.linkedin.com\\\/in\\\/damien-malvetti-56601142\\\/\"]}]}<\/script>\n<!-- \/ Yoast SEO plugin. -->","yoast_head_json":{"title":"Arval enregistre une croissance de sa flotte de 8,3% en 2022 - link2fleet","description":"En 2022, la performance d\u2019Arval en termes de flotte lou\u00e9e a nettement d\u00e9pass\u00e9 celle du march\u00e9, et ce malgr\u00e9 un environnement et un secteur automobile\u2026","robots":{"index":"index","follow":"follow","max-snippet":"max-snippet:-1","max-image-preview":"max-image-preview:large","max-video-preview":"max-video-preview:-1"},"og_locale":"fr_FR","og_type":"article","og_title":"Arval enregistre une croissance de sa flotte de 8,3% en 2022 - link2fleet","og_description":"En 2022, la performance d\u2019Arval en termes de flotte lou\u00e9e a nettement d\u00e9pass\u00e9 celle du march\u00e9, et ce malgr\u00e9 un environnement et un secteur automobile\u2026","og_url":"https:\/\/www.link2fleet.com\/fr\/arval-enregistre-une-croissance-de-sa-flotte-de-83-en-2022\/","og_site_name":"link2fleet","article_published_time":"2023-02-10T08:08:13+00:00","article_modified_time":"2024-04-17T14:44:13+00:00","og_image":[{"width":2560,"height":1707,"url":"https:\/\/static.link2fleet.com\/wp-content\/uploads\/2024\/03\/arval-car-jpg-scaled-1.jpg","type":"image\/jpeg"}],"author":"Damien Malvetti","twitter_card":"summary_large_image","twitter_description":"En 2022, la performance d\u2019Arval en termes de flotte lou\u00e9e a nettement d\u00e9pass\u00e9 celle du march\u00e9, et ce malgr\u00e9 un environnement et un secteur automobile\u2026","twitter_misc":{"\u00c9crit par":"Damien Malvetti","Dur\u00e9e de lecture estim\u00e9e":"7 minutes"},"schema":{"@context":"https:\/\/schema.org","@graph":[{"@type":"Article","@id":"https:\/\/www.link2fleet.com\/fr\/arval-enregistre-une-croissance-de-sa-flotte-de-83-en-2022\/#article","isPartOf":{"@id":"https:\/\/www.link2fleet.com\/fr\/arval-enregistre-une-croissance-de-sa-flotte-de-83-en-2022\/"},"author":{"name":"Damien Malvetti","@id":"https:\/\/www.link2fleet.com\/fr\/#\/schema\/person\/027cd46113c78036b3809c9a054049da"},"headline":"Arval enregistre une croissance de sa flotte de 8,3% en 2022","datePublished":"2023-02-10T08:08:13+00:00","dateModified":"2024-04-17T14:44:13+00:00","mainEntityOfPage":{"@id":"https:\/\/www.link2fleet.com\/fr\/arval-enregistre-une-croissance-de-sa-flotte-de-83-en-2022\/"},"wordCount":1399,"publisher":{"@id":"https:\/\/www.link2fleet.com\/fr\/#organization"},"image":{"@id":"https:\/\/www.link2fleet.com\/fr\/arval-enregistre-une-croissance-de-sa-flotte-de-83-en-2022\/#primaryimage"},"thumbnailUrl":"https:\/\/static.link2fleet.com\/wp-content\/uploads\/2024\/03\/arval-car-jpg-scaled-1.jpg","articleSection":["Gestion de flotte","Location long-terme"],"inLanguage":"fr-FR"},{"@type":"WebPage","@id":"https:\/\/www.link2fleet.com\/fr\/arval-enregistre-une-croissance-de-sa-flotte-de-83-en-2022\/","url":"https:\/\/www.link2fleet.com\/fr\/arval-enregistre-une-croissance-de-sa-flotte-de-83-en-2022\/","name":"Arval enregistre une croissance de sa flotte de 8,3% en 2022 - link2fleet","isPartOf":{"@id":"https:\/\/www.link2fleet.com\/fr\/#website"},"primaryImageOfPage":{"@id":"https:\/\/www.link2fleet.com\/fr\/arval-enregistre-une-croissance-de-sa-flotte-de-83-en-2022\/#primaryimage"},"image":{"@id":"https:\/\/www.link2fleet.com\/fr\/arval-enregistre-une-croissance-de-sa-flotte-de-83-en-2022\/#primaryimage"},"thumbnailUrl":"https:\/\/static.link2fleet.com\/wp-content\/uploads\/2024\/03\/arval-car-jpg-scaled-1.jpg","datePublished":"2023-02-10T08:08:13+00:00","dateModified":"2024-04-17T14:44:13+00:00","breadcrumb":{"@id":"https:\/\/www.link2fleet.com\/fr\/arval-enregistre-une-croissance-de-sa-flotte-de-83-en-2022\/#breadcrumb"},"inLanguage":"fr-FR","potentialAction":[{"@type":"ReadAction","target":["https:\/\/www.link2fleet.com\/fr\/arval-enregistre-une-croissance-de-sa-flotte-de-83-en-2022\/"]}]},{"@type":"ImageObject","inLanguage":"fr-FR","@id":"https:\/\/www.link2fleet.com\/fr\/arval-enregistre-une-croissance-de-sa-flotte-de-83-en-2022\/#primaryimage","url":"https:\/\/static.link2fleet.com\/wp-content\/uploads\/2024\/03\/arval-car-jpg-scaled-1.jpg","contentUrl":"https:\/\/static.link2fleet.com\/wp-content\/uploads\/2024\/03\/arval-car-jpg-scaled-1.jpg","width":2560,"height":1707},{"@type":"BreadcrumbList","@id":"https:\/\/www.link2fleet.com\/fr\/arval-enregistre-une-croissance-de-sa-flotte-de-83-en-2022\/#breadcrumb","itemListElement":[{"@type":"ListItem","position":1,"name":"Home","item":"https:\/\/www.link2fleet.com\/fr\/"},{"@type":"ListItem","position":2,"name":"Arval enregistre une croissance de sa flotte de 8,3% en 2022"}]},{"@type":"WebSite","@id":"https:\/\/www.link2fleet.com\/fr\/#website","url":"https:\/\/www.link2fleet.com\/fr\/","name":"Link2fleet","description":"","publisher":{"@id":"https:\/\/www.link2fleet.com\/fr\/#organization"},"potentialAction":[{"@type":"SearchAction","target":{"@type":"EntryPoint","urlTemplate":"https:\/\/www.link2fleet.com\/fr\/?s={search_term_string}"},"query-input":{"@type":"PropertyValueSpecification","valueRequired":true,"valueName":"search_term_string"}}],"inLanguage":"fr-FR"},{"@type":"Organization","@id":"https:\/\/www.link2fleet.com\/fr\/#organization","name":"Link2fleet","url":"https:\/\/www.link2fleet.com\/fr\/","logo":{"@type":"ImageObject","inLanguage":"fr-FR","@id":"https:\/\/www.link2fleet.com\/fr\/#\/schema\/logo\/image\/","url":"https:\/\/static.link2fleet.com\/wp-content\/uploads\/2024\/03\/share-image.jpg","contentUrl":"https:\/\/static.link2fleet.com\/wp-content\/uploads\/2024\/03\/share-image.jpg","width":1200,"height":630,"caption":"Link2fleet"},"image":{"@id":"https:\/\/www.link2fleet.com\/fr\/#\/schema\/logo\/image\/"},"sameAs":["https:\/\/www.linkedin.com\/company\/link2fleet-belgium","https:\/\/www.youtube.com\/user\/MMMBMBE"]},{"@type":"Person","@id":"https:\/\/www.link2fleet.com\/fr\/#\/schema\/person\/027cd46113c78036b3809c9a054049da","name":"Damien Malvetti","image":{"@type":"ImageObject","inLanguage":"fr-FR","@id":"https:\/\/secure.gravatar.com\/avatar\/dd8cc03b49466c735f753ac37f8caa371af16dfed347456ed61f02883255eebb?s=96&d=mm&r=g","url":"https:\/\/secure.gravatar.com\/avatar\/dd8cc03b49466c735f753ac37f8caa371af16dfed347456ed61f02883255eebb?s=96&d=mm&r=g","contentUrl":"https:\/\/secure.gravatar.com\/avatar\/dd8cc03b49466c735f753ac37f8caa371af16dfed347456ed61f02883255eebb?s=96&d=mm&r=g","caption":"Damien Malvetti"},"description":"Damien Malvetti is opgeleid als journalist en gepassioneerd door wagens, technologie en mobiliteit. Hij is verantwoordelijk voor de redactionele inhoud van link2fleet en beschikt over een uitgebreide kennis van de fleet-sector en elektrische mobiliteit.","sameAs":["https:\/\/www.linkedin.com\/in\/damien-malvetti-56601142\/"]}]}},"_links":{"self":[{"href":"https:\/\/www.link2fleet.com\/fr\/wp-json\/wp\/v2\/posts\/8777","targetHints":{"allow":["GET"]}}],"collection":[{"href":"https:\/\/www.link2fleet.com\/fr\/wp-json\/wp\/v2\/posts"}],"about":[{"href":"https:\/\/www.link2fleet.com\/fr\/wp-json\/wp\/v2\/types\/post"}],"author":[{"embeddable":true,"href":"https:\/\/www.link2fleet.com\/fr\/wp-json\/wp\/v2\/users\/4"}],"replies":[{"embeddable":true,"href":"https:\/\/www.link2fleet.com\/fr\/wp-json\/wp\/v2\/comments?post=8777"}],"version-history":[{"count":0,"href":"https:\/\/www.link2fleet.com\/fr\/wp-json\/wp\/v2\/posts\/8777\/revisions"}],"wp:featuredmedia":[{"embeddable":true,"href":"https:\/\/www.link2fleet.com\/fr\/wp-json\/wp\/v2\/media\/7848"}],"wp:attachment":[{"href":"https:\/\/www.link2fleet.com\/fr\/wp-json\/wp\/v2\/media?parent=8777"}],"wp:term":[{"taxonomy":"category","embeddable":true,"href":"https:\/\/www.link2fleet.com\/fr\/wp-json\/wp\/v2\/categories?post=8777"},{"taxonomy":"post_tag","embeddable":true,"href":"https:\/\/www.link2fleet.com\/fr\/wp-json\/wp\/v2\/tags?post=8777"}],"curies":[{"name":"wp","href":"https:\/\/api.w.org\/{rel}","templated":true}]}}