{"id":8778,"date":"2023-02-10T09:55:57","date_gmt":"2023-02-10T08:55:57","guid":{"rendered":"https:\/\/www.link2fleet.com\/enquete-car-pass-on-utilise-la-voiture-toujours-un-peu-moins-quavant-la-crise-du-covid\/"},"modified":"2023-02-10T09:55:57","modified_gmt":"2023-02-10T08:55:57","slug":"enquete-car-pass-on-utilise-la-voiture-toujours-un-peu-moins-quavant-la-crise-du-covid","status":"publish","type":"post","link":"https:\/\/www.link2fleet.com\/fr\/enquete-car-pass-on-utilise-la-voiture-toujours-un-peu-moins-quavant-la-crise-du-covid\/","title":{"rendered":"Enqu\u00eate Car-Pass: On utilise la voiture toujours (un peu) moins qu&rsquo;avant la crise du Covid"},"content":{"rendered":"<p style=\"font-weight: 400;\">Car-Pass g\u00e8re le registre central avec les relev\u00e9s des compteurs kilom\u00e9triques de la flotte automobile belge et dispose ainsi d&rsquo;une bonne vue d&rsquo;ensemble de l&rsquo;automobilit\u00e9. L\u2019organisation calcule le nombre de kilom\u00e8tres parcourus sur l\u2019ann\u00e9e pour tous les v\u00e9hicules pour lesquels elle a enregistr\u00e9 un relev\u00e9 kilom\u00e9trique \u00e0 un mois donn\u00e9 en se basant sur les relev\u00e9s kilom\u00e9triques pr\u00e9c\u00e9dents. Les chiffres du mois de d\u00e9cembre 2022 confirment que l&rsquo;utilisation de la voiture a de nouveau augment\u00e9 l&rsquo;ann\u00e9e derni\u00e8re par rapport \u00e0 2020, mais que nous ne sommes pas encore au niveau d&rsquo;avant la crise du Corona. Des explications possibles peuvent \u00eatre recherch\u00e9es dans les d\u00e9placements domicile-travail. Les employ\u00e9s ont continu\u00e9 \u00e0 t\u00e9l\u00e9travailler et \u00e0 utiliser davantage le v\u00e9lo (e-bikes et speed pedelecs).<\/p>\n<p style=\"font-weight: 400;\"><a href=\"https:\/\/www.link2fleet.com\/wp-content\/uploads\/2023\/02\/image.png\"><img loading=\"lazy\" decoding=\"async\" class=\"aligncenter  wp-image-1290403\" src=\"https:\/\/www.link2fleet.com\/wp-content\/uploads\/2023\/02\/image.png\" alt=\"\" width=\"550\" height=\"372\" \/><\/a><\/p>\n<p style=\"font-weight: 400;\">\n<p style=\"font-weight: 400;\">Les diff\u00e9rences sont moins prononc\u00e9es dans le cas des v\u00e9hicules utilitaires l\u00e9gers. Ils ont parcouru en moyenne 19 542 km l&rsquo;an dernier, ce qui est un status quo par rapport \u00e0 2020, et seulement 3 % de moins qu&rsquo;en 2019.<\/p>\n<p style=\"font-weight: 400;\">Plus le v\u00e9hicule est jeune, plus il est utilis\u00e9. Au cours de leur premi\u00e8re ann\u00e9e de vie, les voitures parcourent 22 453 km, apr\u00e8s 10 ans encore 12 726 km et apr\u00e8s 20 ans, plus que 8 153 km. Le graphique montre la diff\u00e9rence par rapport \u00e0 2021. Il en d\u00e9coule que nous avons tous, quel que soit l&rsquo;\u00e2ge de notre v\u00e9hicule, conduit davantage.<\/p>\n<p style=\"font-weight: 400;\"><a href=\"https:\/\/www.link2fleet.com\/wp-content\/uploads\/2023\/02\/image-1.png\"><img loading=\"lazy\" decoding=\"async\" class=\"aligncenter  wp-image-1290405\" src=\"https:\/\/www.link2fleet.com\/wp-content\/uploads\/2023\/02\/image-1.png\" alt=\"\" width=\"581\" height=\"372\" \/><\/a><\/p>\n<p style=\"font-weight: 400;\">\n<p style=\"font-weight: 400;\">Voici la liste des 5 marques qui ont parcouru le plus de km en 2022 :<\/p>\n<ol>\n<li style=\"font-weight: 400;\">Tesla \u00a0\u00a0\u00a0\u00a0\u00a0\u00a0\u00a0\u00a0\u00a0\u00a0\u00a0\u00a0\u00a0\u00a0\u00a0\u00a0\u00a0\u00a0\u00a0 22 653 km<\/li>\n<li style=\"font-weight: 400;\">DS\u00a0\u00a0\u00a0\u00a0\u00a0\u00a0\u00a0\u00a0\u00a0 \u00a0\u00a0\u00a0\u00a0\u00a0\u00a0\u00a0\u00a0\u00a0\u00a0\u00a0\u00a0\u00a0\u00a0 21 595 km<\/li>\n<li style=\"font-weight: 400;\">Volvo\u00a0\u00a0\u00a0 \u00a0\u00a0\u00a0\u00a0\u00a0\u00a0\u00a0\u00a0\u00a0\u00a0\u00a0\u00a0\u00a0\u00a0 20 485 km<\/li>\n<li style=\"font-weight: 400;\">Mercedes \u00a0\u00a0\u00a0\u00a0\u00a0\u00a0\u00a0\u00a0\u00a0 20 301 km<\/li>\n<li style=\"font-weight: 400;\">Audi\u00a0\u00a0\u00a0\u00a0\u00a0\u00a0\u00a0\u00a0\u00a0\u00a0\u00a0\u00a0\u00a0\u00a0\u00a0\u00a0\u00a0\u00a0\u00a0\u00a0\u00a0 19 630 km<\/li>\n<\/ol>\n<p style=\"font-weight: 400;\">Il peut sembler surprenant que les marques Tesla et DS soient en t\u00eate du classement, mais leurs flottes ont en moyenne moins de 3 ans et sont donc nettement plus jeunes que celles de Volvo et Mercedes, dont l&rsquo;\u00e2ge moyen est respectivement de plus de 7,5 et presque 9,0 ans.<\/p>\n","protected":false},"excerpt":{"rendered":"<p>Car-Pass g\u00e8re le registre central avec les relev\u00e9s des compteurs kilom\u00e9triques de la flotte automobile belge et dispose ainsi d&rsquo;une bonne vue d&rsquo;ensemble de l&rsquo;automobilit\u00e9. L\u2019organisation calcule le nombre de kilom\u00e8tres parcourus sur l\u2019ann\u00e9e pour tous les v\u00e9hicules pour lesquels elle a enregistr\u00e9 un relev\u00e9 kilom\u00e9trique \u00e0 un mois donn\u00e9 en se basant sur les [&hellip;]<\/p>\n","protected":false},"author":4,"featured_media":8779,"comment_status":"closed","ping_status":"closed","sticky":false,"template":"","format":"standard","meta":{"_acf_changed":false,"footnotes":""},"categories":[135],"tags":[],"class_list":["post-8778","post","type-post","status-publish","format-standard","has-post-thumbnail","hentry","category-news-fr"],"acf":[],"yoast_head":"<!-- This site is optimized with the Yoast SEO plugin v27.3 - https:\/\/yoast.com\/product\/yoast-seo-wordpress\/ -->\n<title>Enqu\u00eate Car-Pass: On utilise la voiture toujours (un peu) moins qu&#039;avant la crise du Covid - link2fleet<\/title>\n<meta name=\"description\" content=\"Les donn\u00e9es de l\u2019asbl Car-Pass montrent que nous avons tous conduit davantage en voiture l&rsquo;ann\u00e9e derni\u00e8re. La voiture moyenne a parcouru 16 589 km. C&rsquo;est\u2026\" \/>\n<meta name=\"robots\" content=\"index, follow, max-snippet:-1, max-image-preview:large, max-video-preview:-1\" \/>\n<meta property=\"og:locale\" content=\"fr_FR\" \/>\n<meta property=\"og:type\" content=\"article\" \/>\n<meta property=\"og:title\" content=\"Enqu\u00eate Car-Pass: On utilise la voiture toujours (un peu) moins qu&#039;avant la crise du Covid - link2fleet\" \/>\n<meta property=\"og:description\" content=\"Les donn\u00e9es de l\u2019asbl Car-Pass montrent que nous avons tous conduit davantage en voiture l&rsquo;ann\u00e9e derni\u00e8re. La voiture moyenne a parcouru 16 589 km. C&rsquo;est\u2026\" \/>\n<meta property=\"og:url\" content=\"https:\/\/www.link2fleet.com\/fr\/enquete-car-pass-on-utilise-la-voiture-toujours-un-peu-moins-quavant-la-crise-du-covid\/\" \/>\n<meta property=\"og:site_name\" content=\"link2fleet\" \/>\n<meta property=\"article:published_time\" content=\"2023-02-10T08:55:57+00:00\" \/>\n<meta property=\"og:image\" content=\"https:\/\/static.link2fleet.com\/wp-content\/uploads\/2024\/03\/volant.png\" \/>\n\t<meta property=\"og:image:width\" content=\"750\" \/>\n\t<meta property=\"og:image:height\" content=\"359\" \/>\n\t<meta property=\"og:image:type\" content=\"image\/png\" \/>\n<meta name=\"author\" content=\"Damien Malvetti\" \/>\n<meta name=\"twitter:card\" content=\"summary_large_image\" \/>\n<meta name=\"twitter:description\" content=\"Les donn\u00e9es de l\u2019asbl Car-Pass montrent que nous avons tous conduit davantage en voiture l&rsquo;ann\u00e9e derni\u00e8re. La voiture moyenne a parcouru 16 589 km. C&rsquo;est\u2026\" \/>\n<meta name=\"twitter:label1\" content=\"\u00c9crit par\" \/>\n\t<meta name=\"twitter:data1\" content=\"Damien Malvetti\" \/>\n\t<meta name=\"twitter:label2\" content=\"Dur\u00e9e de lecture estim\u00e9e\" \/>\n\t<meta name=\"twitter:data2\" content=\"2 minutes\" \/>\n<script type=\"application\/ld+json\" class=\"yoast-schema-graph\">{\"@context\":\"https:\\\/\\\/schema.org\",\"@graph\":[{\"@type\":\"Article\",\"@id\":\"https:\\\/\\\/www.link2fleet.com\\\/fr\\\/enquete-car-pass-on-utilise-la-voiture-toujours-un-peu-moins-quavant-la-crise-du-covid\\\/#article\",\"isPartOf\":{\"@id\":\"https:\\\/\\\/www.link2fleet.com\\\/fr\\\/enquete-car-pass-on-utilise-la-voiture-toujours-un-peu-moins-quavant-la-crise-du-covid\\\/\"},\"author\":{\"name\":\"Damien Malvetti\",\"@id\":\"https:\\\/\\\/www.link2fleet.com\\\/fr\\\/#\\\/schema\\\/person\\\/027cd46113c78036b3809c9a054049da\"},\"headline\":\"Enqu\u00eate Car-Pass: On utilise la voiture toujours (un peu) moins qu&rsquo;avant la crise du Covid\",\"datePublished\":\"2023-02-10T08:55:57+00:00\",\"mainEntityOfPage\":{\"@id\":\"https:\\\/\\\/www.link2fleet.com\\\/fr\\\/enquete-car-pass-on-utilise-la-voiture-toujours-un-peu-moins-quavant-la-crise-du-covid\\\/\"},\"wordCount\":334,\"publisher\":{\"@id\":\"https:\\\/\\\/www.link2fleet.com\\\/fr\\\/#organization\"},\"image\":{\"@id\":\"https:\\\/\\\/www.link2fleet.com\\\/fr\\\/enquete-car-pass-on-utilise-la-voiture-toujours-un-peu-moins-quavant-la-crise-du-covid\\\/#primaryimage\"},\"thumbnailUrl\":\"https:\\\/\\\/static.link2fleet.com\\\/wp-content\\\/uploads\\\/2024\\\/03\\\/volant.png\",\"articleSection\":[\"Actus\"],\"inLanguage\":\"fr-FR\"},{\"@type\":\"WebPage\",\"@id\":\"https:\\\/\\\/www.link2fleet.com\\\/fr\\\/enquete-car-pass-on-utilise-la-voiture-toujours-un-peu-moins-quavant-la-crise-du-covid\\\/\",\"url\":\"https:\\\/\\\/www.link2fleet.com\\\/fr\\\/enquete-car-pass-on-utilise-la-voiture-toujours-un-peu-moins-quavant-la-crise-du-covid\\\/\",\"name\":\"Enqu\u00eate Car-Pass: On utilise la voiture toujours (un peu) moins qu'avant la crise du Covid - link2fleet\",\"isPartOf\":{\"@id\":\"https:\\\/\\\/www.link2fleet.com\\\/fr\\\/#website\"},\"primaryImageOfPage\":{\"@id\":\"https:\\\/\\\/www.link2fleet.com\\\/fr\\\/enquete-car-pass-on-utilise-la-voiture-toujours-un-peu-moins-quavant-la-crise-du-covid\\\/#primaryimage\"},\"image\":{\"@id\":\"https:\\\/\\\/www.link2fleet.com\\\/fr\\\/enquete-car-pass-on-utilise-la-voiture-toujours-un-peu-moins-quavant-la-crise-du-covid\\\/#primaryimage\"},\"thumbnailUrl\":\"https:\\\/\\\/static.link2fleet.com\\\/wp-content\\\/uploads\\\/2024\\\/03\\\/volant.png\",\"datePublished\":\"2023-02-10T08:55:57+00:00\",\"breadcrumb\":{\"@id\":\"https:\\\/\\\/www.link2fleet.com\\\/fr\\\/enquete-car-pass-on-utilise-la-voiture-toujours-un-peu-moins-quavant-la-crise-du-covid\\\/#breadcrumb\"},\"inLanguage\":\"fr-FR\",\"potentialAction\":[{\"@type\":\"ReadAction\",\"target\":[\"https:\\\/\\\/www.link2fleet.com\\\/fr\\\/enquete-car-pass-on-utilise-la-voiture-toujours-un-peu-moins-quavant-la-crise-du-covid\\\/\"]}]},{\"@type\":\"ImageObject\",\"inLanguage\":\"fr-FR\",\"@id\":\"https:\\\/\\\/www.link2fleet.com\\\/fr\\\/enquete-car-pass-on-utilise-la-voiture-toujours-un-peu-moins-quavant-la-crise-du-covid\\\/#primaryimage\",\"url\":\"https:\\\/\\\/static.link2fleet.com\\\/wp-content\\\/uploads\\\/2024\\\/03\\\/volant.png\",\"contentUrl\":\"https:\\\/\\\/static.link2fleet.com\\\/wp-content\\\/uploads\\\/2024\\\/03\\\/volant.png\",\"width\":750,\"height\":359,\"caption\":\"||||\"},{\"@type\":\"BreadcrumbList\",\"@id\":\"https:\\\/\\\/www.link2fleet.com\\\/fr\\\/enquete-car-pass-on-utilise-la-voiture-toujours-un-peu-moins-quavant-la-crise-du-covid\\\/#breadcrumb\",\"itemListElement\":[{\"@type\":\"ListItem\",\"position\":1,\"name\":\"Home\",\"item\":\"https:\\\/\\\/www.link2fleet.com\\\/fr\\\/\"},{\"@type\":\"ListItem\",\"position\":2,\"name\":\"Enqu\u00eate Car-Pass: On utilise la voiture toujours (un peu) moins qu&#8217;avant la crise du Covid\"}]},{\"@type\":\"WebSite\",\"@id\":\"https:\\\/\\\/www.link2fleet.com\\\/fr\\\/#website\",\"url\":\"https:\\\/\\\/www.link2fleet.com\\\/fr\\\/\",\"name\":\"Link2fleet\",\"description\":\"\",\"publisher\":{\"@id\":\"https:\\\/\\\/www.link2fleet.com\\\/fr\\\/#organization\"},\"potentialAction\":[{\"@type\":\"SearchAction\",\"target\":{\"@type\":\"EntryPoint\",\"urlTemplate\":\"https:\\\/\\\/www.link2fleet.com\\\/fr\\\/?s={search_term_string}\"},\"query-input\":{\"@type\":\"PropertyValueSpecification\",\"valueRequired\":true,\"valueName\":\"search_term_string\"}}],\"inLanguage\":\"fr-FR\"},{\"@type\":\"Organization\",\"@id\":\"https:\\\/\\\/www.link2fleet.com\\\/fr\\\/#organization\",\"name\":\"Link2fleet\",\"url\":\"https:\\\/\\\/www.link2fleet.com\\\/fr\\\/\",\"logo\":{\"@type\":\"ImageObject\",\"inLanguage\":\"fr-FR\",\"@id\":\"https:\\\/\\\/www.link2fleet.com\\\/fr\\\/#\\\/schema\\\/logo\\\/image\\\/\",\"url\":\"https:\\\/\\\/static.link2fleet.com\\\/wp-content\\\/uploads\\\/2024\\\/03\\\/share-image.jpg\",\"contentUrl\":\"https:\\\/\\\/static.link2fleet.com\\\/wp-content\\\/uploads\\\/2024\\\/03\\\/share-image.jpg\",\"width\":1200,\"height\":630,\"caption\":\"Link2fleet\"},\"image\":{\"@id\":\"https:\\\/\\\/www.link2fleet.com\\\/fr\\\/#\\\/schema\\\/logo\\\/image\\\/\"},\"sameAs\":[\"https:\\\/\\\/www.linkedin.com\\\/company\\\/link2fleet-belgium\",\"https:\\\/\\\/www.youtube.com\\\/user\\\/MMMBMBE\"]},{\"@type\":\"Person\",\"@id\":\"https:\\\/\\\/www.link2fleet.com\\\/fr\\\/#\\\/schema\\\/person\\\/027cd46113c78036b3809c9a054049da\",\"name\":\"Damien Malvetti\",\"image\":{\"@type\":\"ImageObject\",\"inLanguage\":\"fr-FR\",\"@id\":\"https:\\\/\\\/secure.gravatar.com\\\/avatar\\\/dd8cc03b49466c735f753ac37f8caa371af16dfed347456ed61f02883255eebb?s=96&d=mm&r=g\",\"url\":\"https:\\\/\\\/secure.gravatar.com\\\/avatar\\\/dd8cc03b49466c735f753ac37f8caa371af16dfed347456ed61f02883255eebb?s=96&d=mm&r=g\",\"contentUrl\":\"https:\\\/\\\/secure.gravatar.com\\\/avatar\\\/dd8cc03b49466c735f753ac37f8caa371af16dfed347456ed61f02883255eebb?s=96&d=mm&r=g\",\"caption\":\"Damien Malvetti\"},\"description\":\"Damien Malvetti is opgeleid als journalist en gepassioneerd door wagens, technologie en mobiliteit. Hij is verantwoordelijk voor de redactionele inhoud van link2fleet en beschikt over een uitgebreide kennis van de fleet-sector en elektrische mobiliteit.\",\"sameAs\":[\"https:\\\/\\\/www.linkedin.com\\\/in\\\/damien-malvetti-56601142\\\/\"]}]}<\/script>\n<!-- \/ Yoast SEO plugin. -->","yoast_head_json":{"title":"Enqu\u00eate Car-Pass: On utilise la voiture toujours (un peu) moins qu'avant la crise du Covid - link2fleet","description":"Les donn\u00e9es de l\u2019asbl Car-Pass montrent que nous avons tous conduit davantage en voiture l&rsquo;ann\u00e9e derni\u00e8re. La voiture moyenne a parcouru 16 589 km. C&rsquo;est\u2026","robots":{"index":"index","follow":"follow","max-snippet":"max-snippet:-1","max-image-preview":"max-image-preview:large","max-video-preview":"max-video-preview:-1"},"og_locale":"fr_FR","og_type":"article","og_title":"Enqu\u00eate Car-Pass: On utilise la voiture toujours (un peu) moins qu'avant la crise du Covid - link2fleet","og_description":"Les donn\u00e9es de l\u2019asbl Car-Pass montrent que nous avons tous conduit davantage en voiture l&rsquo;ann\u00e9e derni\u00e8re. La voiture moyenne a parcouru 16 589 km. C&rsquo;est\u2026","og_url":"https:\/\/www.link2fleet.com\/fr\/enquete-car-pass-on-utilise-la-voiture-toujours-un-peu-moins-quavant-la-crise-du-covid\/","og_site_name":"link2fleet","article_published_time":"2023-02-10T08:55:57+00:00","og_image":[{"width":750,"height":359,"url":"https:\/\/static.link2fleet.com\/wp-content\/uploads\/2024\/03\/volant.png","type":"image\/png"}],"author":"Damien Malvetti","twitter_card":"summary_large_image","twitter_description":"Les donn\u00e9es de l\u2019asbl Car-Pass montrent que nous avons tous conduit davantage en voiture l&rsquo;ann\u00e9e derni\u00e8re. La voiture moyenne a parcouru 16 589 km. C&rsquo;est\u2026","twitter_misc":{"\u00c9crit par":"Damien Malvetti","Dur\u00e9e de lecture estim\u00e9e":"2 minutes"},"schema":{"@context":"https:\/\/schema.org","@graph":[{"@type":"Article","@id":"https:\/\/www.link2fleet.com\/fr\/enquete-car-pass-on-utilise-la-voiture-toujours-un-peu-moins-quavant-la-crise-du-covid\/#article","isPartOf":{"@id":"https:\/\/www.link2fleet.com\/fr\/enquete-car-pass-on-utilise-la-voiture-toujours-un-peu-moins-quavant-la-crise-du-covid\/"},"author":{"name":"Damien Malvetti","@id":"https:\/\/www.link2fleet.com\/fr\/#\/schema\/person\/027cd46113c78036b3809c9a054049da"},"headline":"Enqu\u00eate Car-Pass: On utilise la voiture toujours (un peu) moins qu&rsquo;avant la crise du Covid","datePublished":"2023-02-10T08:55:57+00:00","mainEntityOfPage":{"@id":"https:\/\/www.link2fleet.com\/fr\/enquete-car-pass-on-utilise-la-voiture-toujours-un-peu-moins-quavant-la-crise-du-covid\/"},"wordCount":334,"publisher":{"@id":"https:\/\/www.link2fleet.com\/fr\/#organization"},"image":{"@id":"https:\/\/www.link2fleet.com\/fr\/enquete-car-pass-on-utilise-la-voiture-toujours-un-peu-moins-quavant-la-crise-du-covid\/#primaryimage"},"thumbnailUrl":"https:\/\/static.link2fleet.com\/wp-content\/uploads\/2024\/03\/volant.png","articleSection":["Actus"],"inLanguage":"fr-FR"},{"@type":"WebPage","@id":"https:\/\/www.link2fleet.com\/fr\/enquete-car-pass-on-utilise-la-voiture-toujours-un-peu-moins-quavant-la-crise-du-covid\/","url":"https:\/\/www.link2fleet.com\/fr\/enquete-car-pass-on-utilise-la-voiture-toujours-un-peu-moins-quavant-la-crise-du-covid\/","name":"Enqu\u00eate Car-Pass: On utilise la voiture toujours (un peu) moins qu'avant la crise du Covid - link2fleet","isPartOf":{"@id":"https:\/\/www.link2fleet.com\/fr\/#website"},"primaryImageOfPage":{"@id":"https:\/\/www.link2fleet.com\/fr\/enquete-car-pass-on-utilise-la-voiture-toujours-un-peu-moins-quavant-la-crise-du-covid\/#primaryimage"},"image":{"@id":"https:\/\/www.link2fleet.com\/fr\/enquete-car-pass-on-utilise-la-voiture-toujours-un-peu-moins-quavant-la-crise-du-covid\/#primaryimage"},"thumbnailUrl":"https:\/\/static.link2fleet.com\/wp-content\/uploads\/2024\/03\/volant.png","datePublished":"2023-02-10T08:55:57+00:00","breadcrumb":{"@id":"https:\/\/www.link2fleet.com\/fr\/enquete-car-pass-on-utilise-la-voiture-toujours-un-peu-moins-quavant-la-crise-du-covid\/#breadcrumb"},"inLanguage":"fr-FR","potentialAction":[{"@type":"ReadAction","target":["https:\/\/www.link2fleet.com\/fr\/enquete-car-pass-on-utilise-la-voiture-toujours-un-peu-moins-quavant-la-crise-du-covid\/"]}]},{"@type":"ImageObject","inLanguage":"fr-FR","@id":"https:\/\/www.link2fleet.com\/fr\/enquete-car-pass-on-utilise-la-voiture-toujours-un-peu-moins-quavant-la-crise-du-covid\/#primaryimage","url":"https:\/\/static.link2fleet.com\/wp-content\/uploads\/2024\/03\/volant.png","contentUrl":"https:\/\/static.link2fleet.com\/wp-content\/uploads\/2024\/03\/volant.png","width":750,"height":359,"caption":"||||"},{"@type":"BreadcrumbList","@id":"https:\/\/www.link2fleet.com\/fr\/enquete-car-pass-on-utilise-la-voiture-toujours-un-peu-moins-quavant-la-crise-du-covid\/#breadcrumb","itemListElement":[{"@type":"ListItem","position":1,"name":"Home","item":"https:\/\/www.link2fleet.com\/fr\/"},{"@type":"ListItem","position":2,"name":"Enqu\u00eate Car-Pass: On utilise la voiture toujours (un peu) moins qu&#8217;avant la crise du Covid"}]},{"@type":"WebSite","@id":"https:\/\/www.link2fleet.com\/fr\/#website","url":"https:\/\/www.link2fleet.com\/fr\/","name":"Link2fleet","description":"","publisher":{"@id":"https:\/\/www.link2fleet.com\/fr\/#organization"},"potentialAction":[{"@type":"SearchAction","target":{"@type":"EntryPoint","urlTemplate":"https:\/\/www.link2fleet.com\/fr\/?s={search_term_string}"},"query-input":{"@type":"PropertyValueSpecification","valueRequired":true,"valueName":"search_term_string"}}],"inLanguage":"fr-FR"},{"@type":"Organization","@id":"https:\/\/www.link2fleet.com\/fr\/#organization","name":"Link2fleet","url":"https:\/\/www.link2fleet.com\/fr\/","logo":{"@type":"ImageObject","inLanguage":"fr-FR","@id":"https:\/\/www.link2fleet.com\/fr\/#\/schema\/logo\/image\/","url":"https:\/\/static.link2fleet.com\/wp-content\/uploads\/2024\/03\/share-image.jpg","contentUrl":"https:\/\/static.link2fleet.com\/wp-content\/uploads\/2024\/03\/share-image.jpg","width":1200,"height":630,"caption":"Link2fleet"},"image":{"@id":"https:\/\/www.link2fleet.com\/fr\/#\/schema\/logo\/image\/"},"sameAs":["https:\/\/www.linkedin.com\/company\/link2fleet-belgium","https:\/\/www.youtube.com\/user\/MMMBMBE"]},{"@type":"Person","@id":"https:\/\/www.link2fleet.com\/fr\/#\/schema\/person\/027cd46113c78036b3809c9a054049da","name":"Damien Malvetti","image":{"@type":"ImageObject","inLanguage":"fr-FR","@id":"https:\/\/secure.gravatar.com\/avatar\/dd8cc03b49466c735f753ac37f8caa371af16dfed347456ed61f02883255eebb?s=96&d=mm&r=g","url":"https:\/\/secure.gravatar.com\/avatar\/dd8cc03b49466c735f753ac37f8caa371af16dfed347456ed61f02883255eebb?s=96&d=mm&r=g","contentUrl":"https:\/\/secure.gravatar.com\/avatar\/dd8cc03b49466c735f753ac37f8caa371af16dfed347456ed61f02883255eebb?s=96&d=mm&r=g","caption":"Damien Malvetti"},"description":"Damien Malvetti is opgeleid als journalist en gepassioneerd door wagens, technologie en mobiliteit. Hij is verantwoordelijk voor de redactionele inhoud van link2fleet en beschikt over een uitgebreide kennis van de fleet-sector en elektrische mobiliteit.","sameAs":["https:\/\/www.linkedin.com\/in\/damien-malvetti-56601142\/"]}]}},"_links":{"self":[{"href":"https:\/\/www.link2fleet.com\/fr\/wp-json\/wp\/v2\/posts\/8778","targetHints":{"allow":["GET"]}}],"collection":[{"href":"https:\/\/www.link2fleet.com\/fr\/wp-json\/wp\/v2\/posts"}],"about":[{"href":"https:\/\/www.link2fleet.com\/fr\/wp-json\/wp\/v2\/types\/post"}],"author":[{"embeddable":true,"href":"https:\/\/www.link2fleet.com\/fr\/wp-json\/wp\/v2\/users\/4"}],"replies":[{"embeddable":true,"href":"https:\/\/www.link2fleet.com\/fr\/wp-json\/wp\/v2\/comments?post=8778"}],"version-history":[{"count":0,"href":"https:\/\/www.link2fleet.com\/fr\/wp-json\/wp\/v2\/posts\/8778\/revisions"}],"wp:featuredmedia":[{"embeddable":true,"href":"https:\/\/www.link2fleet.com\/fr\/wp-json\/wp\/v2\/media\/8779"}],"wp:attachment":[{"href":"https:\/\/www.link2fleet.com\/fr\/wp-json\/wp\/v2\/media?parent=8778"}],"wp:term":[{"taxonomy":"category","embeddable":true,"href":"https:\/\/www.link2fleet.com\/fr\/wp-json\/wp\/v2\/categories?post=8778"},{"taxonomy":"post_tag","embeddable":true,"href":"https:\/\/www.link2fleet.com\/fr\/wp-json\/wp\/v2\/tags?post=8778"}],"curies":[{"name":"wp","href":"https:\/\/api.w.org\/{rel}","templated":true}]}}