{"id":8806,"date":"2023-02-15T11:27:07","date_gmt":"2023-02-15T10:27:07","guid":{"rendered":"https:\/\/www.link2fleet.com\/conducteur-dev-participez-a-lenquete-de-shell-recharge\/"},"modified":"2023-02-15T11:27:07","modified_gmt":"2023-02-15T10:27:07","slug":"conducteur-dev-participez-a-lenquete-de-shell-recharge","status":"publish","type":"post","link":"https:\/\/www.link2fleet.com\/fr\/conducteur-dev-participez-a-lenquete-de-shell-recharge\/","title":{"rendered":"Conducteur d&rsquo;EV? Participez \u00e0 l&rsquo;enqu\u00eate de Shell Recharge"},"content":{"rendered":"<p style=\"font-weight: 400;\">Par exemple, l&rsquo;enqu\u00eate de l&rsquo;ann\u00e9e derni\u00e8re sur les conducteurs de VE (EVDS) a r\u00e9v\u00e9l\u00e9 que<\/p>\n<ul>\n<li>76 % des participants affirment que leur prochaine voiture sera enti\u00e8rement \u00e9lectrique. Cela repr\u00e9sente une augmentation de 14% par rapport \u00e0 2021 !<\/li>\n<li>57% des participants sont pr\u00eats \u00e0 recharger leur v\u00e9hicule plus lentement afin de promouvoir l&rsquo;utilisation de l&rsquo;\u00e9nergie durable.<\/li>\n<li>58 % des participants s&rsquo;inqui\u00e8tent de savoir si l&rsquo;infrastructure de recharge pourra faire face \u00e0 l&rsquo;augmentation massive de la conduite \u00e9lectrique.<\/li>\n<\/ul>\n<p style=\"font-weight: 400;\"><a href=\"https:\/\/surveys.sapioresearch.com\/snapwebhost\/s.asp?k=167414562634&amp;Q0=L-BENL\">Participez<\/a> \u00e0 la recherche et remplissez l&rsquo;enqu\u00eate sur les conducteurs de VE ici pour contribuer \u00e0 un transport plus propre pour tous.<\/p>\n<p style=\"font-weight: 400;\">Vous \u00eates curieux de conna\u00eetre toutes ces informations ? <a href=\"https:\/\/shellrecharge.com\/nl-nl\/solutions\/kenniscentrum\/rapporten-en-case-studies\/ev-driver-survey-report\">T\u00e9l\u00e9chargez les r\u00e9sultats complets de l&rsquo;EVDS 2022 ici.<\/a><\/p>\n","protected":false},"excerpt":{"rendered":"<p>Par exemple, l&rsquo;enqu\u00eate de l&rsquo;ann\u00e9e derni\u00e8re sur les conducteurs de VE (EVDS) a r\u00e9v\u00e9l\u00e9 que 76 % des participants affirment que leur prochaine voiture sera enti\u00e8rement \u00e9lectrique. Cela repr\u00e9sente une augmentation de 14% par rapport \u00e0 2021 ! 57% des participants sont pr\u00eats \u00e0 recharger leur v\u00e9hicule plus lentement afin de promouvoir l&rsquo;utilisation de l&rsquo;\u00e9nergie [&hellip;]<\/p>\n","protected":false},"author":4,"featured_media":6548,"comment_status":"closed","ping_status":"closed","sticky":false,"template":"","format":"standard","meta":{"_acf_changed":false,"footnotes":""},"categories":[81,91],"tags":[],"class_list":["post-8806","post","type-post","status-publish","format-standard","has-post-thumbnail","hentry","category-gestion-de-carburant-et-energie","category-expertise-et-management"],"acf":[],"yoast_head":"<!-- This site is optimized with the Yoast SEO plugin v27.3 - https:\/\/yoast.com\/product\/yoast-seo-wordpress\/ -->\n<title>Conducteur d&#039;EV? Participez \u00e0 l&#039;enqu\u00eate de Shell Recharge - link2fleet<\/title>\n<meta name=\"description\" content=\"Cette ann\u00e9e encore, Shell Recharge Solutions m\u00e8ne des recherches aupr\u00e8s des conducteurs de VE afin de mieux comprendre le march\u00e9. Les facteurs cl\u00e9s de cette\u2026\" \/>\n<meta name=\"robots\" content=\"index, follow, max-snippet:-1, max-image-preview:large, max-video-preview:-1\" \/>\n<meta property=\"og:locale\" content=\"fr_FR\" \/>\n<meta property=\"og:type\" content=\"article\" \/>\n<meta property=\"og:title\" content=\"Conducteur d&#039;EV? Participez \u00e0 l&#039;enqu\u00eate de Shell Recharge - link2fleet\" \/>\n<meta property=\"og:description\" content=\"Cette ann\u00e9e encore, Shell Recharge Solutions m\u00e8ne des recherches aupr\u00e8s des conducteurs de VE afin de mieux comprendre le march\u00e9. Les facteurs cl\u00e9s de cette\u2026\" \/>\n<meta property=\"og:url\" content=\"https:\/\/www.link2fleet.com\/fr\/conducteur-dev-participez-a-lenquete-de-shell-recharge\/\" \/>\n<meta property=\"og:site_name\" content=\"link2fleet\" \/>\n<meta property=\"article:published_time\" content=\"2023-02-15T10:27:07+00:00\" \/>\n<meta property=\"og:image\" content=\"https:\/\/static.link2fleet.com\/wp-content\/uploads\/2024\/03\/shell-publi-1.png\" \/>\n\t<meta property=\"og:image:width\" content=\"900\" \/>\n\t<meta property=\"og:image:height\" content=\"506\" \/>\n\t<meta property=\"og:image:type\" content=\"image\/png\" \/>\n<meta name=\"author\" content=\"Damien Malvetti\" \/>\n<meta name=\"twitter:card\" content=\"summary_large_image\" \/>\n<meta name=\"twitter:description\" content=\"Cette ann\u00e9e encore, Shell Recharge Solutions m\u00e8ne des recherches aupr\u00e8s des conducteurs de VE afin de mieux comprendre le march\u00e9. Les facteurs cl\u00e9s de cette\u2026\" \/>\n<meta name=\"twitter:label1\" content=\"\u00c9crit par\" \/>\n\t<meta name=\"twitter:data1\" content=\"Damien Malvetti\" \/>\n\t<meta name=\"twitter:label2\" content=\"Dur\u00e9e de lecture estim\u00e9e\" \/>\n\t<meta name=\"twitter:data2\" content=\"1 minute\" \/>\n<script type=\"application\/ld+json\" class=\"yoast-schema-graph\">{\"@context\":\"https:\\\/\\\/schema.org\",\"@graph\":[{\"@type\":\"Article\",\"@id\":\"https:\\\/\\\/www.link2fleet.com\\\/fr\\\/conducteur-dev-participez-a-lenquete-de-shell-recharge\\\/#article\",\"isPartOf\":{\"@id\":\"https:\\\/\\\/www.link2fleet.com\\\/fr\\\/conducteur-dev-participez-a-lenquete-de-shell-recharge\\\/\"},\"author\":{\"name\":\"Damien Malvetti\",\"@id\":\"https:\\\/\\\/www.link2fleet.com\\\/fr\\\/#\\\/schema\\\/person\\\/027cd46113c78036b3809c9a054049da\"},\"headline\":\"Conducteur d&rsquo;EV? Participez \u00e0 l&rsquo;enqu\u00eate de Shell Recharge\",\"datePublished\":\"2023-02-15T10:27:07+00:00\",\"mainEntityOfPage\":{\"@id\":\"https:\\\/\\\/www.link2fleet.com\\\/fr\\\/conducteur-dev-participez-a-lenquete-de-shell-recharge\\\/\"},\"wordCount\":135,\"publisher\":{\"@id\":\"https:\\\/\\\/www.link2fleet.com\\\/fr\\\/#organization\"},\"image\":{\"@id\":\"https:\\\/\\\/www.link2fleet.com\\\/fr\\\/conducteur-dev-participez-a-lenquete-de-shell-recharge\\\/#primaryimage\"},\"thumbnailUrl\":\"https:\\\/\\\/static.link2fleet.com\\\/wp-content\\\/uploads\\\/2024\\\/03\\\/shell-publi-1.png\",\"articleSection\":[\"Gestion carburant et de l'\u00e9nergie\",\"Gestion de flotte\"],\"inLanguage\":\"fr-FR\"},{\"@type\":\"WebPage\",\"@id\":\"https:\\\/\\\/www.link2fleet.com\\\/fr\\\/conducteur-dev-participez-a-lenquete-de-shell-recharge\\\/\",\"url\":\"https:\\\/\\\/www.link2fleet.com\\\/fr\\\/conducteur-dev-participez-a-lenquete-de-shell-recharge\\\/\",\"name\":\"Conducteur d'EV? Participez \u00e0 l'enqu\u00eate de Shell Recharge - link2fleet\",\"isPartOf\":{\"@id\":\"https:\\\/\\\/www.link2fleet.com\\\/fr\\\/#website\"},\"primaryImageOfPage\":{\"@id\":\"https:\\\/\\\/www.link2fleet.com\\\/fr\\\/conducteur-dev-participez-a-lenquete-de-shell-recharge\\\/#primaryimage\"},\"image\":{\"@id\":\"https:\\\/\\\/www.link2fleet.com\\\/fr\\\/conducteur-dev-participez-a-lenquete-de-shell-recharge\\\/#primaryimage\"},\"thumbnailUrl\":\"https:\\\/\\\/static.link2fleet.com\\\/wp-content\\\/uploads\\\/2024\\\/03\\\/shell-publi-1.png\",\"datePublished\":\"2023-02-15T10:27:07+00:00\",\"breadcrumb\":{\"@id\":\"https:\\\/\\\/www.link2fleet.com\\\/fr\\\/conducteur-dev-participez-a-lenquete-de-shell-recharge\\\/#breadcrumb\"},\"inLanguage\":\"fr-FR\",\"potentialAction\":[{\"@type\":\"ReadAction\",\"target\":[\"https:\\\/\\\/www.link2fleet.com\\\/fr\\\/conducteur-dev-participez-a-lenquete-de-shell-recharge\\\/\"]}]},{\"@type\":\"ImageObject\",\"inLanguage\":\"fr-FR\",\"@id\":\"https:\\\/\\\/www.link2fleet.com\\\/fr\\\/conducteur-dev-participez-a-lenquete-de-shell-recharge\\\/#primaryimage\",\"url\":\"https:\\\/\\\/static.link2fleet.com\\\/wp-content\\\/uploads\\\/2024\\\/03\\\/shell-publi-1.png\",\"contentUrl\":\"https:\\\/\\\/static.link2fleet.com\\\/wp-content\\\/uploads\\\/2024\\\/03\\\/shell-publi-1.png\",\"width\":900,\"height\":506},{\"@type\":\"BreadcrumbList\",\"@id\":\"https:\\\/\\\/www.link2fleet.com\\\/fr\\\/conducteur-dev-participez-a-lenquete-de-shell-recharge\\\/#breadcrumb\",\"itemListElement\":[{\"@type\":\"ListItem\",\"position\":1,\"name\":\"Home\",\"item\":\"https:\\\/\\\/www.link2fleet.com\\\/fr\\\/\"},{\"@type\":\"ListItem\",\"position\":2,\"name\":\"Conducteur d&#8217;EV? Participez \u00e0 l&#8217;enqu\u00eate de Shell Recharge\"}]},{\"@type\":\"WebSite\",\"@id\":\"https:\\\/\\\/www.link2fleet.com\\\/fr\\\/#website\",\"url\":\"https:\\\/\\\/www.link2fleet.com\\\/fr\\\/\",\"name\":\"Link2fleet\",\"description\":\"\",\"publisher\":{\"@id\":\"https:\\\/\\\/www.link2fleet.com\\\/fr\\\/#organization\"},\"potentialAction\":[{\"@type\":\"SearchAction\",\"target\":{\"@type\":\"EntryPoint\",\"urlTemplate\":\"https:\\\/\\\/www.link2fleet.com\\\/fr\\\/?s={search_term_string}\"},\"query-input\":{\"@type\":\"PropertyValueSpecification\",\"valueRequired\":true,\"valueName\":\"search_term_string\"}}],\"inLanguage\":\"fr-FR\"},{\"@type\":\"Organization\",\"@id\":\"https:\\\/\\\/www.link2fleet.com\\\/fr\\\/#organization\",\"name\":\"Link2fleet\",\"url\":\"https:\\\/\\\/www.link2fleet.com\\\/fr\\\/\",\"logo\":{\"@type\":\"ImageObject\",\"inLanguage\":\"fr-FR\",\"@id\":\"https:\\\/\\\/www.link2fleet.com\\\/fr\\\/#\\\/schema\\\/logo\\\/image\\\/\",\"url\":\"https:\\\/\\\/static.link2fleet.com\\\/wp-content\\\/uploads\\\/2024\\\/03\\\/share-image.jpg\",\"contentUrl\":\"https:\\\/\\\/static.link2fleet.com\\\/wp-content\\\/uploads\\\/2024\\\/03\\\/share-image.jpg\",\"width\":1200,\"height\":630,\"caption\":\"Link2fleet\"},\"image\":{\"@id\":\"https:\\\/\\\/www.link2fleet.com\\\/fr\\\/#\\\/schema\\\/logo\\\/image\\\/\"},\"sameAs\":[\"https:\\\/\\\/www.linkedin.com\\\/company\\\/link2fleet-belgium\",\"https:\\\/\\\/www.youtube.com\\\/user\\\/MMMBMBE\"]},{\"@type\":\"Person\",\"@id\":\"https:\\\/\\\/www.link2fleet.com\\\/fr\\\/#\\\/schema\\\/person\\\/027cd46113c78036b3809c9a054049da\",\"name\":\"Damien Malvetti\",\"image\":{\"@type\":\"ImageObject\",\"inLanguage\":\"fr-FR\",\"@id\":\"https:\\\/\\\/secure.gravatar.com\\\/avatar\\\/dd8cc03b49466c735f753ac37f8caa371af16dfed347456ed61f02883255eebb?s=96&d=mm&r=g\",\"url\":\"https:\\\/\\\/secure.gravatar.com\\\/avatar\\\/dd8cc03b49466c735f753ac37f8caa371af16dfed347456ed61f02883255eebb?s=96&d=mm&r=g\",\"contentUrl\":\"https:\\\/\\\/secure.gravatar.com\\\/avatar\\\/dd8cc03b49466c735f753ac37f8caa371af16dfed347456ed61f02883255eebb?s=96&d=mm&r=g\",\"caption\":\"Damien Malvetti\"},\"description\":\"Damien Malvetti is opgeleid als journalist en gepassioneerd door wagens, technologie en mobiliteit. Hij is verantwoordelijk voor de redactionele inhoud van link2fleet en beschikt over een uitgebreide kennis van de fleet-sector en elektrische mobiliteit.\",\"sameAs\":[\"https:\\\/\\\/www.linkedin.com\\\/in\\\/damien-malvetti-56601142\\\/\"]}]}<\/script>\n<!-- \/ Yoast SEO plugin. -->","yoast_head_json":{"title":"Conducteur d'EV? Participez \u00e0 l'enqu\u00eate de Shell Recharge - link2fleet","description":"Cette ann\u00e9e encore, Shell Recharge Solutions m\u00e8ne des recherches aupr\u00e8s des conducteurs de VE afin de mieux comprendre le march\u00e9. Les facteurs cl\u00e9s de cette\u2026","robots":{"index":"index","follow":"follow","max-snippet":"max-snippet:-1","max-image-preview":"max-image-preview:large","max-video-preview":"max-video-preview:-1"},"og_locale":"fr_FR","og_type":"article","og_title":"Conducteur d'EV? Participez \u00e0 l'enqu\u00eate de Shell Recharge - link2fleet","og_description":"Cette ann\u00e9e encore, Shell Recharge Solutions m\u00e8ne des recherches aupr\u00e8s des conducteurs de VE afin de mieux comprendre le march\u00e9. Les facteurs cl\u00e9s de cette\u2026","og_url":"https:\/\/www.link2fleet.com\/fr\/conducteur-dev-participez-a-lenquete-de-shell-recharge\/","og_site_name":"link2fleet","article_published_time":"2023-02-15T10:27:07+00:00","og_image":[{"width":900,"height":506,"url":"https:\/\/static.link2fleet.com\/wp-content\/uploads\/2024\/03\/shell-publi-1.png","type":"image\/png"}],"author":"Damien Malvetti","twitter_card":"summary_large_image","twitter_description":"Cette ann\u00e9e encore, Shell Recharge Solutions m\u00e8ne des recherches aupr\u00e8s des conducteurs de VE afin de mieux comprendre le march\u00e9. Les facteurs cl\u00e9s de cette\u2026","twitter_misc":{"\u00c9crit par":"Damien Malvetti","Dur\u00e9e de lecture estim\u00e9e":"1 minute"},"schema":{"@context":"https:\/\/schema.org","@graph":[{"@type":"Article","@id":"https:\/\/www.link2fleet.com\/fr\/conducteur-dev-participez-a-lenquete-de-shell-recharge\/#article","isPartOf":{"@id":"https:\/\/www.link2fleet.com\/fr\/conducteur-dev-participez-a-lenquete-de-shell-recharge\/"},"author":{"name":"Damien Malvetti","@id":"https:\/\/www.link2fleet.com\/fr\/#\/schema\/person\/027cd46113c78036b3809c9a054049da"},"headline":"Conducteur d&rsquo;EV? Participez \u00e0 l&rsquo;enqu\u00eate de Shell Recharge","datePublished":"2023-02-15T10:27:07+00:00","mainEntityOfPage":{"@id":"https:\/\/www.link2fleet.com\/fr\/conducteur-dev-participez-a-lenquete-de-shell-recharge\/"},"wordCount":135,"publisher":{"@id":"https:\/\/www.link2fleet.com\/fr\/#organization"},"image":{"@id":"https:\/\/www.link2fleet.com\/fr\/conducteur-dev-participez-a-lenquete-de-shell-recharge\/#primaryimage"},"thumbnailUrl":"https:\/\/static.link2fleet.com\/wp-content\/uploads\/2024\/03\/shell-publi-1.png","articleSection":["Gestion carburant et de l'\u00e9nergie","Gestion de flotte"],"inLanguage":"fr-FR"},{"@type":"WebPage","@id":"https:\/\/www.link2fleet.com\/fr\/conducteur-dev-participez-a-lenquete-de-shell-recharge\/","url":"https:\/\/www.link2fleet.com\/fr\/conducteur-dev-participez-a-lenquete-de-shell-recharge\/","name":"Conducteur d'EV? Participez \u00e0 l'enqu\u00eate de Shell Recharge - link2fleet","isPartOf":{"@id":"https:\/\/www.link2fleet.com\/fr\/#website"},"primaryImageOfPage":{"@id":"https:\/\/www.link2fleet.com\/fr\/conducteur-dev-participez-a-lenquete-de-shell-recharge\/#primaryimage"},"image":{"@id":"https:\/\/www.link2fleet.com\/fr\/conducteur-dev-participez-a-lenquete-de-shell-recharge\/#primaryimage"},"thumbnailUrl":"https:\/\/static.link2fleet.com\/wp-content\/uploads\/2024\/03\/shell-publi-1.png","datePublished":"2023-02-15T10:27:07+00:00","breadcrumb":{"@id":"https:\/\/www.link2fleet.com\/fr\/conducteur-dev-participez-a-lenquete-de-shell-recharge\/#breadcrumb"},"inLanguage":"fr-FR","potentialAction":[{"@type":"ReadAction","target":["https:\/\/www.link2fleet.com\/fr\/conducteur-dev-participez-a-lenquete-de-shell-recharge\/"]}]},{"@type":"ImageObject","inLanguage":"fr-FR","@id":"https:\/\/www.link2fleet.com\/fr\/conducteur-dev-participez-a-lenquete-de-shell-recharge\/#primaryimage","url":"https:\/\/static.link2fleet.com\/wp-content\/uploads\/2024\/03\/shell-publi-1.png","contentUrl":"https:\/\/static.link2fleet.com\/wp-content\/uploads\/2024\/03\/shell-publi-1.png","width":900,"height":506},{"@type":"BreadcrumbList","@id":"https:\/\/www.link2fleet.com\/fr\/conducteur-dev-participez-a-lenquete-de-shell-recharge\/#breadcrumb","itemListElement":[{"@type":"ListItem","position":1,"name":"Home","item":"https:\/\/www.link2fleet.com\/fr\/"},{"@type":"ListItem","position":2,"name":"Conducteur d&#8217;EV? Participez \u00e0 l&#8217;enqu\u00eate de Shell Recharge"}]},{"@type":"WebSite","@id":"https:\/\/www.link2fleet.com\/fr\/#website","url":"https:\/\/www.link2fleet.com\/fr\/","name":"Link2fleet","description":"","publisher":{"@id":"https:\/\/www.link2fleet.com\/fr\/#organization"},"potentialAction":[{"@type":"SearchAction","target":{"@type":"EntryPoint","urlTemplate":"https:\/\/www.link2fleet.com\/fr\/?s={search_term_string}"},"query-input":{"@type":"PropertyValueSpecification","valueRequired":true,"valueName":"search_term_string"}}],"inLanguage":"fr-FR"},{"@type":"Organization","@id":"https:\/\/www.link2fleet.com\/fr\/#organization","name":"Link2fleet","url":"https:\/\/www.link2fleet.com\/fr\/","logo":{"@type":"ImageObject","inLanguage":"fr-FR","@id":"https:\/\/www.link2fleet.com\/fr\/#\/schema\/logo\/image\/","url":"https:\/\/static.link2fleet.com\/wp-content\/uploads\/2024\/03\/share-image.jpg","contentUrl":"https:\/\/static.link2fleet.com\/wp-content\/uploads\/2024\/03\/share-image.jpg","width":1200,"height":630,"caption":"Link2fleet"},"image":{"@id":"https:\/\/www.link2fleet.com\/fr\/#\/schema\/logo\/image\/"},"sameAs":["https:\/\/www.linkedin.com\/company\/link2fleet-belgium","https:\/\/www.youtube.com\/user\/MMMBMBE"]},{"@type":"Person","@id":"https:\/\/www.link2fleet.com\/fr\/#\/schema\/person\/027cd46113c78036b3809c9a054049da","name":"Damien Malvetti","image":{"@type":"ImageObject","inLanguage":"fr-FR","@id":"https:\/\/secure.gravatar.com\/avatar\/dd8cc03b49466c735f753ac37f8caa371af16dfed347456ed61f02883255eebb?s=96&d=mm&r=g","url":"https:\/\/secure.gravatar.com\/avatar\/dd8cc03b49466c735f753ac37f8caa371af16dfed347456ed61f02883255eebb?s=96&d=mm&r=g","contentUrl":"https:\/\/secure.gravatar.com\/avatar\/dd8cc03b49466c735f753ac37f8caa371af16dfed347456ed61f02883255eebb?s=96&d=mm&r=g","caption":"Damien Malvetti"},"description":"Damien Malvetti is opgeleid als journalist en gepassioneerd door wagens, technologie en mobiliteit. Hij is verantwoordelijk voor de redactionele inhoud van link2fleet en beschikt over een uitgebreide kennis van de fleet-sector en elektrische mobiliteit.","sameAs":["https:\/\/www.linkedin.com\/in\/damien-malvetti-56601142\/"]}]}},"_links":{"self":[{"href":"https:\/\/www.link2fleet.com\/fr\/wp-json\/wp\/v2\/posts\/8806","targetHints":{"allow":["GET"]}}],"collection":[{"href":"https:\/\/www.link2fleet.com\/fr\/wp-json\/wp\/v2\/posts"}],"about":[{"href":"https:\/\/www.link2fleet.com\/fr\/wp-json\/wp\/v2\/types\/post"}],"author":[{"embeddable":true,"href":"https:\/\/www.link2fleet.com\/fr\/wp-json\/wp\/v2\/users\/4"}],"replies":[{"embeddable":true,"href":"https:\/\/www.link2fleet.com\/fr\/wp-json\/wp\/v2\/comments?post=8806"}],"version-history":[{"count":0,"href":"https:\/\/www.link2fleet.com\/fr\/wp-json\/wp\/v2\/posts\/8806\/revisions"}],"wp:featuredmedia":[{"embeddable":true,"href":"https:\/\/www.link2fleet.com\/fr\/wp-json\/wp\/v2\/media\/6548"}],"wp:attachment":[{"href":"https:\/\/www.link2fleet.com\/fr\/wp-json\/wp\/v2\/media?parent=8806"}],"wp:term":[{"taxonomy":"category","embeddable":true,"href":"https:\/\/www.link2fleet.com\/fr\/wp-json\/wp\/v2\/categories?post=8806"},{"taxonomy":"post_tag","embeddable":true,"href":"https:\/\/www.link2fleet.com\/fr\/wp-json\/wp\/v2\/tags?post=8806"}],"curies":[{"name":"wp","href":"https:\/\/api.w.org\/{rel}","templated":true}]}}