{"id":8817,"date":"2023-02-16T14:46:44","date_gmt":"2023-02-16T13:46:44","guid":{"rendered":"https:\/\/www.link2fleet.com\/taxation-automobile-en-wallonie-philippe-henry-tente-une-nouvelle-approche\/"},"modified":"2023-02-16T14:46:44","modified_gmt":"2023-02-16T13:46:44","slug":"taxation-automobile-en-wallonie-philippe-henry-tente-une-nouvelle-approche","status":"publish","type":"post","link":"https:\/\/www.link2fleet.com\/fr\/taxation-automobile-en-wallonie-philippe-henry-tente-une-nouvelle-approche\/","title":{"rendered":"Taxation automobile en Wallonie\u00a0: Philippe Henry tente une nouvelle approche"},"content":{"rendered":"<p style=\"font-weight: 400;\">Le Ministre Henry avait <a href=\"https:\/\/www.link2fleet.com\/fr\/reforme-de-la-taxe-de-roulage-wallonne-annoncee-pour-2023\/\">promis une nouvelle fiscalit\u00e9 automobile wallonne pour janvier 2023<\/a> dans le but de coller un peu plus \u00e0 la r\u00e9alit\u00e9 du march\u00e9 d\u2019aujourd\u2019hui\u2026 Nous voil\u00e0 en f\u00e9vrier et son projet en est toujours au point mort. Il avait bien propos\u00e9 une premi\u00e8re r\u00e9forme \u00e0 l\u2019\u00e9t\u00e9 2022, mais les critiques avaient fus\u00e9 dans tous les sens, notamment parce que celle-ci allait augmenter fortement la taxation, notamment pour les mod\u00e8les fulls \u00e9lectriques. Un non-sens.<\/p>\n<p style=\"font-weight: 400;\">Aujourd\u2019hui, le cabinet Henry revient avec une nouvelle proposition de d\u00e9cret qui toucherait cette fois uniquement la taxe de mise en circulation. Si la puissance et la masse du v\u00e9hicule seraient toujours pris en compte dans cette nouvelle mouture, on y ajoute le type de motorisation ainsi qu\u2019une composante \u00ab famille\u00a0\u00bb, afin de ne pas p\u00e9naliser les grandes familles qui ont besoin de v\u00e9hicules adapt\u00e9s \u00e0 leur situation.<\/p>\n<p style=\"font-weight: 400;\">Il ne s\u2019agit \u00e9videmment encore que d\u2019un projet qui devra \u00eatre analys\u00e9 par les diff\u00e9rentes parties prenantes et vot\u00e9. Cette nouvelle version ne touchera \u00e9videmment pas tous les conducteurs de la m\u00eame fa\u00e7on puisque la taxe de mise en circulation n\u2019est due qu\u2019au moment de l\u2019immatriculation d\u2019un v\u00e9hicule neuf ou d\u2019occasion, mais pas chaque ann\u00e9e.<\/p>\n","protected":false},"excerpt":{"rendered":"<p>Le Ministre Henry avait promis une nouvelle fiscalit\u00e9 automobile wallonne pour janvier 2023 dans le but de coller un peu plus \u00e0 la r\u00e9alit\u00e9 du march\u00e9 d\u2019aujourd\u2019hui\u2026 Nous voil\u00e0 en f\u00e9vrier et son projet en est toujours au point mort. Il avait bien propos\u00e9 une premi\u00e8re r\u00e9forme \u00e0 l\u2019\u00e9t\u00e9 2022, mais les critiques avaient fus\u00e9 [&hellip;]<\/p>\n","protected":false},"author":4,"featured_media":8818,"comment_status":"closed","ping_status":"closed","sticky":false,"template":"","format":"standard","meta":{"_acf_changed":false,"footnotes":""},"categories":[91,101],"tags":[],"class_list":["post-8817","post","type-post","status-publish","format-standard","has-post-thumbnail","hentry","category-expertise-et-management","category-tax-legal"],"acf":[],"yoast_head":"<!-- This site is optimized with the Yoast SEO plugin v27.3 - https:\/\/yoast.com\/product\/yoast-seo-wordpress\/ -->\n<title>Taxation automobile en Wallonie\u00a0: Philippe Henry tente une nouvelle approche - link2fleet<\/title>\n<meta name=\"description\" content=\"Apr\u00e8s une premi\u00e8re version largement critiqu\u00e9e \u00e0 l\u2019\u00e9t\u00e9 2022, le ministre wallon de la Mobilit\u00e9, Philippe Henry vient de rendre une nouvelle version de sa\u2026\" \/>\n<meta name=\"robots\" content=\"index, follow, max-snippet:-1, max-image-preview:large, max-video-preview:-1\" \/>\n<meta property=\"og:locale\" content=\"fr_FR\" \/>\n<meta property=\"og:type\" content=\"article\" \/>\n<meta property=\"og:title\" content=\"Taxation automobile en Wallonie\u00a0: Philippe Henry tente une nouvelle approche - link2fleet\" \/>\n<meta property=\"og:description\" content=\"Apr\u00e8s une premi\u00e8re version largement critiqu\u00e9e \u00e0 l\u2019\u00e9t\u00e9 2022, le ministre wallon de la Mobilit\u00e9, Philippe Henry vient de rendre une nouvelle version de sa\u2026\" \/>\n<meta property=\"og:url\" content=\"https:\/\/www.link2fleet.com\/fr\/taxation-automobile-en-wallonie-philippe-henry-tente-une-nouvelle-approche\/\" \/>\n<meta property=\"og:site_name\" content=\"link2fleet\" \/>\n<meta property=\"article:published_time\" content=\"2023-02-16T13:46:44+00:00\" \/>\n<meta property=\"og:image\" content=\"https:\/\/static.link2fleet.com\/wp-content\/uploads\/2024\/03\/1419321015-taxationauto.jpg\" \/>\n\t<meta property=\"og:image:width\" content=\"500\" \/>\n\t<meta property=\"og:image:height\" content=\"375\" \/>\n\t<meta property=\"og:image:type\" content=\"image\/jpeg\" \/>\n<meta name=\"author\" content=\"Damien Malvetti\" \/>\n<meta name=\"twitter:card\" content=\"summary_large_image\" \/>\n<meta name=\"twitter:description\" content=\"Apr\u00e8s une premi\u00e8re version largement critiqu\u00e9e \u00e0 l\u2019\u00e9t\u00e9 2022, le ministre wallon de la Mobilit\u00e9, Philippe Henry vient de rendre une nouvelle version de sa\u2026\" \/>\n<meta name=\"twitter:label1\" content=\"\u00c9crit par\" \/>\n\t<meta name=\"twitter:data1\" content=\"Damien Malvetti\" \/>\n\t<meta name=\"twitter:label2\" content=\"Dur\u00e9e de lecture estim\u00e9e\" \/>\n\t<meta name=\"twitter:data2\" content=\"1 minute\" \/>\n<script type=\"application\/ld+json\" class=\"yoast-schema-graph\">{\"@context\":\"https:\\\/\\\/schema.org\",\"@graph\":[{\"@type\":\"Article\",\"@id\":\"https:\\\/\\\/www.link2fleet.com\\\/fr\\\/taxation-automobile-en-wallonie-philippe-henry-tente-une-nouvelle-approche\\\/#article\",\"isPartOf\":{\"@id\":\"https:\\\/\\\/www.link2fleet.com\\\/fr\\\/taxation-automobile-en-wallonie-philippe-henry-tente-une-nouvelle-approche\\\/\"},\"author\":{\"name\":\"Damien Malvetti\",\"@id\":\"https:\\\/\\\/www.link2fleet.com\\\/fr\\\/#\\\/schema\\\/person\\\/027cd46113c78036b3809c9a054049da\"},\"headline\":\"Taxation automobile en Wallonie\u00a0: Philippe Henry tente une nouvelle approche\",\"datePublished\":\"2023-02-16T13:46:44+00:00\",\"mainEntityOfPage\":{\"@id\":\"https:\\\/\\\/www.link2fleet.com\\\/fr\\\/taxation-automobile-en-wallonie-philippe-henry-tente-une-nouvelle-approche\\\/\"},\"wordCount\":230,\"publisher\":{\"@id\":\"https:\\\/\\\/www.link2fleet.com\\\/fr\\\/#organization\"},\"image\":{\"@id\":\"https:\\\/\\\/www.link2fleet.com\\\/fr\\\/taxation-automobile-en-wallonie-philippe-henry-tente-une-nouvelle-approche\\\/#primaryimage\"},\"thumbnailUrl\":\"https:\\\/\\\/static.link2fleet.com\\\/wp-content\\\/uploads\\\/2024\\\/03\\\/1419321015-taxationauto.jpg\",\"articleSection\":[\"Gestion de flotte\",\"Tax &amp; legal\"],\"inLanguage\":\"fr-FR\"},{\"@type\":\"WebPage\",\"@id\":\"https:\\\/\\\/www.link2fleet.com\\\/fr\\\/taxation-automobile-en-wallonie-philippe-henry-tente-une-nouvelle-approche\\\/\",\"url\":\"https:\\\/\\\/www.link2fleet.com\\\/fr\\\/taxation-automobile-en-wallonie-philippe-henry-tente-une-nouvelle-approche\\\/\",\"name\":\"Taxation automobile en Wallonie\u00a0: Philippe Henry tente une nouvelle approche - link2fleet\",\"isPartOf\":{\"@id\":\"https:\\\/\\\/www.link2fleet.com\\\/fr\\\/#website\"},\"primaryImageOfPage\":{\"@id\":\"https:\\\/\\\/www.link2fleet.com\\\/fr\\\/taxation-automobile-en-wallonie-philippe-henry-tente-une-nouvelle-approche\\\/#primaryimage\"},\"image\":{\"@id\":\"https:\\\/\\\/www.link2fleet.com\\\/fr\\\/taxation-automobile-en-wallonie-philippe-henry-tente-une-nouvelle-approche\\\/#primaryimage\"},\"thumbnailUrl\":\"https:\\\/\\\/static.link2fleet.com\\\/wp-content\\\/uploads\\\/2024\\\/03\\\/1419321015-taxationauto.jpg\",\"datePublished\":\"2023-02-16T13:46:44+00:00\",\"breadcrumb\":{\"@id\":\"https:\\\/\\\/www.link2fleet.com\\\/fr\\\/taxation-automobile-en-wallonie-philippe-henry-tente-une-nouvelle-approche\\\/#breadcrumb\"},\"inLanguage\":\"fr-FR\",\"potentialAction\":[{\"@type\":\"ReadAction\",\"target\":[\"https:\\\/\\\/www.link2fleet.com\\\/fr\\\/taxation-automobile-en-wallonie-philippe-henry-tente-une-nouvelle-approche\\\/\"]}]},{\"@type\":\"ImageObject\",\"inLanguage\":\"fr-FR\",\"@id\":\"https:\\\/\\\/www.link2fleet.com\\\/fr\\\/taxation-automobile-en-wallonie-philippe-henry-tente-une-nouvelle-approche\\\/#primaryimage\",\"url\":\"https:\\\/\\\/static.link2fleet.com\\\/wp-content\\\/uploads\\\/2024\\\/03\\\/1419321015-taxationauto.jpg\",\"contentUrl\":\"https:\\\/\\\/static.link2fleet.com\\\/wp-content\\\/uploads\\\/2024\\\/03\\\/1419321015-taxationauto.jpg\",\"width\":500,\"height\":375},{\"@type\":\"BreadcrumbList\",\"@id\":\"https:\\\/\\\/www.link2fleet.com\\\/fr\\\/taxation-automobile-en-wallonie-philippe-henry-tente-une-nouvelle-approche\\\/#breadcrumb\",\"itemListElement\":[{\"@type\":\"ListItem\",\"position\":1,\"name\":\"Home\",\"item\":\"https:\\\/\\\/www.link2fleet.com\\\/fr\\\/\"},{\"@type\":\"ListItem\",\"position\":2,\"name\":\"Taxation automobile en Wallonie\u00a0: Philippe Henry tente une nouvelle approche\"}]},{\"@type\":\"WebSite\",\"@id\":\"https:\\\/\\\/www.link2fleet.com\\\/fr\\\/#website\",\"url\":\"https:\\\/\\\/www.link2fleet.com\\\/fr\\\/\",\"name\":\"Link2fleet\",\"description\":\"\",\"publisher\":{\"@id\":\"https:\\\/\\\/www.link2fleet.com\\\/fr\\\/#organization\"},\"potentialAction\":[{\"@type\":\"SearchAction\",\"target\":{\"@type\":\"EntryPoint\",\"urlTemplate\":\"https:\\\/\\\/www.link2fleet.com\\\/fr\\\/?s={search_term_string}\"},\"query-input\":{\"@type\":\"PropertyValueSpecification\",\"valueRequired\":true,\"valueName\":\"search_term_string\"}}],\"inLanguage\":\"fr-FR\"},{\"@type\":\"Organization\",\"@id\":\"https:\\\/\\\/www.link2fleet.com\\\/fr\\\/#organization\",\"name\":\"Link2fleet\",\"url\":\"https:\\\/\\\/www.link2fleet.com\\\/fr\\\/\",\"logo\":{\"@type\":\"ImageObject\",\"inLanguage\":\"fr-FR\",\"@id\":\"https:\\\/\\\/www.link2fleet.com\\\/fr\\\/#\\\/schema\\\/logo\\\/image\\\/\",\"url\":\"https:\\\/\\\/static.link2fleet.com\\\/wp-content\\\/uploads\\\/2024\\\/03\\\/share-image.jpg\",\"contentUrl\":\"https:\\\/\\\/static.link2fleet.com\\\/wp-content\\\/uploads\\\/2024\\\/03\\\/share-image.jpg\",\"width\":1200,\"height\":630,\"caption\":\"Link2fleet\"},\"image\":{\"@id\":\"https:\\\/\\\/www.link2fleet.com\\\/fr\\\/#\\\/schema\\\/logo\\\/image\\\/\"},\"sameAs\":[\"https:\\\/\\\/www.linkedin.com\\\/company\\\/link2fleet-belgium\",\"https:\\\/\\\/www.youtube.com\\\/user\\\/MMMBMBE\"]},{\"@type\":\"Person\",\"@id\":\"https:\\\/\\\/www.link2fleet.com\\\/fr\\\/#\\\/schema\\\/person\\\/027cd46113c78036b3809c9a054049da\",\"name\":\"Damien Malvetti\",\"image\":{\"@type\":\"ImageObject\",\"inLanguage\":\"fr-FR\",\"@id\":\"https:\\\/\\\/secure.gravatar.com\\\/avatar\\\/dd8cc03b49466c735f753ac37f8caa371af16dfed347456ed61f02883255eebb?s=96&d=mm&r=g\",\"url\":\"https:\\\/\\\/secure.gravatar.com\\\/avatar\\\/dd8cc03b49466c735f753ac37f8caa371af16dfed347456ed61f02883255eebb?s=96&d=mm&r=g\",\"contentUrl\":\"https:\\\/\\\/secure.gravatar.com\\\/avatar\\\/dd8cc03b49466c735f753ac37f8caa371af16dfed347456ed61f02883255eebb?s=96&d=mm&r=g\",\"caption\":\"Damien Malvetti\"},\"description\":\"Damien Malvetti is opgeleid als journalist en gepassioneerd door wagens, technologie en mobiliteit. Hij is verantwoordelijk voor de redactionele inhoud van link2fleet en beschikt over een uitgebreide kennis van de fleet-sector en elektrische mobiliteit.\",\"sameAs\":[\"https:\\\/\\\/www.linkedin.com\\\/in\\\/damien-malvetti-56601142\\\/\"]}]}<\/script>\n<!-- \/ Yoast SEO plugin. -->","yoast_head_json":{"title":"Taxation automobile en Wallonie\u00a0: Philippe Henry tente une nouvelle approche - link2fleet","description":"Apr\u00e8s une premi\u00e8re version largement critiqu\u00e9e \u00e0 l\u2019\u00e9t\u00e9 2022, le ministre wallon de la Mobilit\u00e9, Philippe Henry vient de rendre une nouvelle version de sa\u2026","robots":{"index":"index","follow":"follow","max-snippet":"max-snippet:-1","max-image-preview":"max-image-preview:large","max-video-preview":"max-video-preview:-1"},"og_locale":"fr_FR","og_type":"article","og_title":"Taxation automobile en Wallonie\u00a0: Philippe Henry tente une nouvelle approche - link2fleet","og_description":"Apr\u00e8s une premi\u00e8re version largement critiqu\u00e9e \u00e0 l\u2019\u00e9t\u00e9 2022, le ministre wallon de la Mobilit\u00e9, Philippe Henry vient de rendre une nouvelle version de sa\u2026","og_url":"https:\/\/www.link2fleet.com\/fr\/taxation-automobile-en-wallonie-philippe-henry-tente-une-nouvelle-approche\/","og_site_name":"link2fleet","article_published_time":"2023-02-16T13:46:44+00:00","og_image":[{"width":500,"height":375,"url":"https:\/\/static.link2fleet.com\/wp-content\/uploads\/2024\/03\/1419321015-taxationauto.jpg","type":"image\/jpeg"}],"author":"Damien Malvetti","twitter_card":"summary_large_image","twitter_description":"Apr\u00e8s une premi\u00e8re version largement critiqu\u00e9e \u00e0 l\u2019\u00e9t\u00e9 2022, le ministre wallon de la Mobilit\u00e9, Philippe Henry vient de rendre une nouvelle version de sa\u2026","twitter_misc":{"\u00c9crit par":"Damien Malvetti","Dur\u00e9e de lecture estim\u00e9e":"1 minute"},"schema":{"@context":"https:\/\/schema.org","@graph":[{"@type":"Article","@id":"https:\/\/www.link2fleet.com\/fr\/taxation-automobile-en-wallonie-philippe-henry-tente-une-nouvelle-approche\/#article","isPartOf":{"@id":"https:\/\/www.link2fleet.com\/fr\/taxation-automobile-en-wallonie-philippe-henry-tente-une-nouvelle-approche\/"},"author":{"name":"Damien Malvetti","@id":"https:\/\/www.link2fleet.com\/fr\/#\/schema\/person\/027cd46113c78036b3809c9a054049da"},"headline":"Taxation automobile en Wallonie\u00a0: Philippe Henry tente une nouvelle approche","datePublished":"2023-02-16T13:46:44+00:00","mainEntityOfPage":{"@id":"https:\/\/www.link2fleet.com\/fr\/taxation-automobile-en-wallonie-philippe-henry-tente-une-nouvelle-approche\/"},"wordCount":230,"publisher":{"@id":"https:\/\/www.link2fleet.com\/fr\/#organization"},"image":{"@id":"https:\/\/www.link2fleet.com\/fr\/taxation-automobile-en-wallonie-philippe-henry-tente-une-nouvelle-approche\/#primaryimage"},"thumbnailUrl":"https:\/\/static.link2fleet.com\/wp-content\/uploads\/2024\/03\/1419321015-taxationauto.jpg","articleSection":["Gestion de flotte","Tax &amp; legal"],"inLanguage":"fr-FR"},{"@type":"WebPage","@id":"https:\/\/www.link2fleet.com\/fr\/taxation-automobile-en-wallonie-philippe-henry-tente-une-nouvelle-approche\/","url":"https:\/\/www.link2fleet.com\/fr\/taxation-automobile-en-wallonie-philippe-henry-tente-une-nouvelle-approche\/","name":"Taxation automobile en Wallonie\u00a0: Philippe Henry tente une nouvelle approche - link2fleet","isPartOf":{"@id":"https:\/\/www.link2fleet.com\/fr\/#website"},"primaryImageOfPage":{"@id":"https:\/\/www.link2fleet.com\/fr\/taxation-automobile-en-wallonie-philippe-henry-tente-une-nouvelle-approche\/#primaryimage"},"image":{"@id":"https:\/\/www.link2fleet.com\/fr\/taxation-automobile-en-wallonie-philippe-henry-tente-une-nouvelle-approche\/#primaryimage"},"thumbnailUrl":"https:\/\/static.link2fleet.com\/wp-content\/uploads\/2024\/03\/1419321015-taxationauto.jpg","datePublished":"2023-02-16T13:46:44+00:00","breadcrumb":{"@id":"https:\/\/www.link2fleet.com\/fr\/taxation-automobile-en-wallonie-philippe-henry-tente-une-nouvelle-approche\/#breadcrumb"},"inLanguage":"fr-FR","potentialAction":[{"@type":"ReadAction","target":["https:\/\/www.link2fleet.com\/fr\/taxation-automobile-en-wallonie-philippe-henry-tente-une-nouvelle-approche\/"]}]},{"@type":"ImageObject","inLanguage":"fr-FR","@id":"https:\/\/www.link2fleet.com\/fr\/taxation-automobile-en-wallonie-philippe-henry-tente-une-nouvelle-approche\/#primaryimage","url":"https:\/\/static.link2fleet.com\/wp-content\/uploads\/2024\/03\/1419321015-taxationauto.jpg","contentUrl":"https:\/\/static.link2fleet.com\/wp-content\/uploads\/2024\/03\/1419321015-taxationauto.jpg","width":500,"height":375},{"@type":"BreadcrumbList","@id":"https:\/\/www.link2fleet.com\/fr\/taxation-automobile-en-wallonie-philippe-henry-tente-une-nouvelle-approche\/#breadcrumb","itemListElement":[{"@type":"ListItem","position":1,"name":"Home","item":"https:\/\/www.link2fleet.com\/fr\/"},{"@type":"ListItem","position":2,"name":"Taxation automobile en Wallonie\u00a0: Philippe Henry tente une nouvelle approche"}]},{"@type":"WebSite","@id":"https:\/\/www.link2fleet.com\/fr\/#website","url":"https:\/\/www.link2fleet.com\/fr\/","name":"Link2fleet","description":"","publisher":{"@id":"https:\/\/www.link2fleet.com\/fr\/#organization"},"potentialAction":[{"@type":"SearchAction","target":{"@type":"EntryPoint","urlTemplate":"https:\/\/www.link2fleet.com\/fr\/?s={search_term_string}"},"query-input":{"@type":"PropertyValueSpecification","valueRequired":true,"valueName":"search_term_string"}}],"inLanguage":"fr-FR"},{"@type":"Organization","@id":"https:\/\/www.link2fleet.com\/fr\/#organization","name":"Link2fleet","url":"https:\/\/www.link2fleet.com\/fr\/","logo":{"@type":"ImageObject","inLanguage":"fr-FR","@id":"https:\/\/www.link2fleet.com\/fr\/#\/schema\/logo\/image\/","url":"https:\/\/static.link2fleet.com\/wp-content\/uploads\/2024\/03\/share-image.jpg","contentUrl":"https:\/\/static.link2fleet.com\/wp-content\/uploads\/2024\/03\/share-image.jpg","width":1200,"height":630,"caption":"Link2fleet"},"image":{"@id":"https:\/\/www.link2fleet.com\/fr\/#\/schema\/logo\/image\/"},"sameAs":["https:\/\/www.linkedin.com\/company\/link2fleet-belgium","https:\/\/www.youtube.com\/user\/MMMBMBE"]},{"@type":"Person","@id":"https:\/\/www.link2fleet.com\/fr\/#\/schema\/person\/027cd46113c78036b3809c9a054049da","name":"Damien Malvetti","image":{"@type":"ImageObject","inLanguage":"fr-FR","@id":"https:\/\/secure.gravatar.com\/avatar\/dd8cc03b49466c735f753ac37f8caa371af16dfed347456ed61f02883255eebb?s=96&d=mm&r=g","url":"https:\/\/secure.gravatar.com\/avatar\/dd8cc03b49466c735f753ac37f8caa371af16dfed347456ed61f02883255eebb?s=96&d=mm&r=g","contentUrl":"https:\/\/secure.gravatar.com\/avatar\/dd8cc03b49466c735f753ac37f8caa371af16dfed347456ed61f02883255eebb?s=96&d=mm&r=g","caption":"Damien Malvetti"},"description":"Damien Malvetti is opgeleid als journalist en gepassioneerd door wagens, technologie en mobiliteit. Hij is verantwoordelijk voor de redactionele inhoud van link2fleet en beschikt over een uitgebreide kennis van de fleet-sector en elektrische mobiliteit.","sameAs":["https:\/\/www.linkedin.com\/in\/damien-malvetti-56601142\/"]}]}},"_links":{"self":[{"href":"https:\/\/www.link2fleet.com\/fr\/wp-json\/wp\/v2\/posts\/8817","targetHints":{"allow":["GET"]}}],"collection":[{"href":"https:\/\/www.link2fleet.com\/fr\/wp-json\/wp\/v2\/posts"}],"about":[{"href":"https:\/\/www.link2fleet.com\/fr\/wp-json\/wp\/v2\/types\/post"}],"author":[{"embeddable":true,"href":"https:\/\/www.link2fleet.com\/fr\/wp-json\/wp\/v2\/users\/4"}],"replies":[{"embeddable":true,"href":"https:\/\/www.link2fleet.com\/fr\/wp-json\/wp\/v2\/comments?post=8817"}],"version-history":[{"count":0,"href":"https:\/\/www.link2fleet.com\/fr\/wp-json\/wp\/v2\/posts\/8817\/revisions"}],"wp:featuredmedia":[{"embeddable":true,"href":"https:\/\/www.link2fleet.com\/fr\/wp-json\/wp\/v2\/media\/8818"}],"wp:attachment":[{"href":"https:\/\/www.link2fleet.com\/fr\/wp-json\/wp\/v2\/media?parent=8817"}],"wp:term":[{"taxonomy":"category","embeddable":true,"href":"https:\/\/www.link2fleet.com\/fr\/wp-json\/wp\/v2\/categories?post=8817"},{"taxonomy":"post_tag","embeddable":true,"href":"https:\/\/www.link2fleet.com\/fr\/wp-json\/wp\/v2\/tags?post=8817"}],"curies":[{"name":"wp","href":"https:\/\/api.w.org\/{rel}","templated":true}]}}