{"id":8820,"date":"2023-02-16T15:19:06","date_gmt":"2023-02-16T14:19:06","guid":{"rendered":"https:\/\/www.link2fleet.com\/fastned-depasse-les-250-stations-de-recharge-rapide-sur-son-reseau-en-europe\/"},"modified":"2024-04-17T16:44:12","modified_gmt":"2024-04-17T14:44:12","slug":"fastned-depasse-les-250-stations-de-recharge-rapide-sur-son-reseau-en-europe","status":"publish","type":"post","link":"https:\/\/www.link2fleet.com\/fr\/fastned-depasse-les-250-stations-de-recharge-rapide-sur-son-reseau-en-europe\/","title":{"rendered":"Fastned d\u00e9passe les 250 stations de recharge rapide sur son r\u00e9seau en Europe"},"content":{"rendered":"<p>Apr\u00e8s une ann\u00e9e 2022 r\u00e9ussie, Fastned d\u00e9bute 2023 par une \u00e9tape d\u2019importance: plus de 250 stations de recharge rapide dans son r\u00e9seau. L\u2019entreprise, fond\u00e9e il y a plus de 10 ans aux Pays-Bas a depuis \u00e9tendu son r\u00e9seau \u00e0 cinq autres pays : la France, la Grande-Bretagne, l\u2019Allemagne, la Suisse et la Belgique. La concr\u00e9tisation de cette \u00e9tape souligne l\u2019importance des objectifs fix\u00e9s par les fondateurs de Fastned, Michiel Langezaal et Bart Lubbers, quand la transition vers la mobilit\u00e9 \u00e9lectrique en \u00e9tait encore \u00e0 ses d\u00e9buts.<\/p>\n<p>Aujourd\u2019hui, cette transition acc\u00e9l\u00e8re. Selon le Conseil Europ\u00e9en, on comptera 30 millions de v\u00e9hicules \u00e9lectrique dans les rues des pays de l\u2019UE d\u2019ici 2030. Avec de plus en plus de personnes optant pour l\u2019\u00e9l\u00e9ctrique, <a href=\"https:\/\/www.link2fleet.com\/fr\/bornes-de-recharge-publiques-ou-en-est-la-belgique\/\">la demande pour les infrastructures de chargement va continuer \u00e0 cro\u00eetre<\/a>. Et Fastned participera \u00e0 y r\u00e9pondre, avec son objectif de d\u00e9ploiement de 1 000 grandes stations, sur des axes routiers tr\u00e8s fr\u00e9quent\u00e9s, d\u2019ici 2030.<\/p>\n<p>Les deux stations marquant l\u2019\u00e9tape des 250 stations et plus, sont Martlesham, en Grande Bretagne et Rosny sur Seine, en France.<\/p>\n<p>\u201cNous sommes fiers d\u2019\u00eatre moteur de la transition vers la mobilit\u00e9 durable en Europe, avec plus de 250 stations op\u00e9rationnelles. Avec la reconnaissance de la mobilit\u00e9 \u00e9lectrique comme facteur d\u2019atteinte des objectifs de d\u00e9carbonisation, nous sommes engag\u00e9s \u00e0 fournir aux \u00e9lectromobilistes une exp\u00e9rience de recharge rapide sans \u00e9gale. Nous ne construisons pas seulement un r\u00e9seau de stations de recharge rapide, nous construisons un futur meilleur et plus durable pour tous\u201d, d\u00e9clare Michiel Langezaal, CEO de Fastned. \u201cNous souhaitons rendre la transition vers la conduite \u00e9lectrique aussi facile que possible, et gr\u00e2ce \u00e0 notre infrastructure de grandes stations recharge rapide, sur des axes routiers tr\u00e8s fr\u00e9quent\u00e9s, nous y contribuons de mani\u00e8re importante.\u201d<\/p>\n","protected":false},"excerpt":{"rendered":"<p>Apr\u00e8s une ann\u00e9e 2022 r\u00e9ussie, Fastned d\u00e9bute 2023 par une \u00e9tape d\u2019importance: plus de 250 stations de recharge rapide dans son r\u00e9seau. L\u2019entreprise, fond\u00e9e il y a plus de 10 ans aux Pays-Bas a depuis \u00e9tendu son r\u00e9seau \u00e0 cinq autres pays : la France, la Grande-Bretagne, l\u2019Allemagne, la Suisse et la Belgique. La concr\u00e9tisation [&hellip;]<\/p>\n","protected":false},"author":4,"featured_media":8821,"comment_status":"closed","ping_status":"closed","sticky":false,"template":"","format":"standard","meta":{"_acf_changed":false,"footnotes":""},"categories":[81,91],"tags":[],"class_list":["post-8820","post","type-post","status-publish","format-standard","has-post-thumbnail","hentry","category-gestion-de-carburant-et-energie","category-expertise-et-management"],"acf":[],"yoast_head":"<!-- This site is optimized with the Yoast SEO plugin v27.3 - https:\/\/yoast.com\/product\/yoast-seo-wordpress\/ -->\n<title>Fastned d\u00e9passe les 250 stations de recharge rapide sur son r\u00e9seau en Europe - link2fleet<\/title>\n<meta name=\"description\" content=\"Fastned, l\u2019entreprise europ\u00e9enne de recharge rapide pour v\u00e9hicules \u00e9lectriques, passe une \u00e9tape importante : elle compte d\u00e9sormais plus de 250 stations op\u00e9rationnelles en Europe. Aujourd\u2019hui,\u2026\" \/>\n<meta name=\"robots\" content=\"index, follow, max-snippet:-1, max-image-preview:large, max-video-preview:-1\" \/>\n<meta property=\"og:locale\" content=\"fr_FR\" \/>\n<meta property=\"og:type\" content=\"article\" \/>\n<meta property=\"og:title\" content=\"Fastned d\u00e9passe les 250 stations de recharge rapide sur son r\u00e9seau en Europe - link2fleet\" \/>\n<meta property=\"og:description\" content=\"Fastned, l\u2019entreprise europ\u00e9enne de recharge rapide pour v\u00e9hicules \u00e9lectriques, passe une \u00e9tape importante : elle compte d\u00e9sormais plus de 250 stations op\u00e9rationnelles en Europe. Aujourd\u2019hui,\u2026\" \/>\n<meta property=\"og:url\" content=\"https:\/\/www.link2fleet.com\/fr\/fastned-depasse-les-250-stations-de-recharge-rapide-sur-son-reseau-en-europe\/\" \/>\n<meta property=\"og:site_name\" content=\"link2fleet\" \/>\n<meta property=\"article:published_time\" content=\"2023-02-16T14:19:06+00:00\" \/>\n<meta property=\"article:modified_time\" content=\"2024-04-17T14:44:12+00:00\" \/>\n<meta property=\"og:image\" content=\"https:\/\/static.link2fleet.com\/wp-content\/uploads\/2024\/03\/fastned-trakteert-met-wafels-en-koffie-in-kontich-3.jpg\" \/>\n\t<meta property=\"og:image:width\" content=\"2048\" \/>\n\t<meta property=\"og:image:height\" content=\"1536\" \/>\n\t<meta property=\"og:image:type\" content=\"image\/jpeg\" \/>\n<meta name=\"author\" content=\"Damien Malvetti\" \/>\n<meta name=\"twitter:card\" content=\"summary_large_image\" \/>\n<meta name=\"twitter:description\" content=\"Fastned, l\u2019entreprise europ\u00e9enne de recharge rapide pour v\u00e9hicules \u00e9lectriques, passe une \u00e9tape importante : elle compte d\u00e9sormais plus de 250 stations op\u00e9rationnelles en Europe. Aujourd\u2019hui,\u2026\" \/>\n<meta name=\"twitter:label1\" content=\"\u00c9crit par\" \/>\n\t<meta name=\"twitter:data1\" content=\"Damien Malvetti\" \/>\n\t<meta name=\"twitter:label2\" content=\"Dur\u00e9e de lecture estim\u00e9e\" \/>\n\t<meta name=\"twitter:data2\" content=\"2 minutes\" \/>\n<script type=\"application\/ld+json\" class=\"yoast-schema-graph\">{\"@context\":\"https:\\\/\\\/schema.org\",\"@graph\":[{\"@type\":\"Article\",\"@id\":\"https:\\\/\\\/www.link2fleet.com\\\/fr\\\/fastned-depasse-les-250-stations-de-recharge-rapide-sur-son-reseau-en-europe\\\/#article\",\"isPartOf\":{\"@id\":\"https:\\\/\\\/www.link2fleet.com\\\/fr\\\/fastned-depasse-les-250-stations-de-recharge-rapide-sur-son-reseau-en-europe\\\/\"},\"author\":{\"name\":\"Damien Malvetti\",\"@id\":\"https:\\\/\\\/www.link2fleet.com\\\/fr\\\/#\\\/schema\\\/person\\\/027cd46113c78036b3809c9a054049da\"},\"headline\":\"Fastned d\u00e9passe les 250 stations de recharge rapide sur son r\u00e9seau en Europe\",\"datePublished\":\"2023-02-16T14:19:06+00:00\",\"dateModified\":\"2024-04-17T14:44:12+00:00\",\"mainEntityOfPage\":{\"@id\":\"https:\\\/\\\/www.link2fleet.com\\\/fr\\\/fastned-depasse-les-250-stations-de-recharge-rapide-sur-son-reseau-en-europe\\\/\"},\"wordCount\":327,\"publisher\":{\"@id\":\"https:\\\/\\\/www.link2fleet.com\\\/fr\\\/#organization\"},\"image\":{\"@id\":\"https:\\\/\\\/www.link2fleet.com\\\/fr\\\/fastned-depasse-les-250-stations-de-recharge-rapide-sur-son-reseau-en-europe\\\/#primaryimage\"},\"thumbnailUrl\":\"https:\\\/\\\/static.link2fleet.com\\\/wp-content\\\/uploads\\\/2024\\\/03\\\/fastned-trakteert-met-wafels-en-koffie-in-kontich-3.jpg\",\"articleSection\":[\"Gestion carburant et de l'\u00e9nergie\",\"Gestion de flotte\"],\"inLanguage\":\"fr-FR\"},{\"@type\":\"WebPage\",\"@id\":\"https:\\\/\\\/www.link2fleet.com\\\/fr\\\/fastned-depasse-les-250-stations-de-recharge-rapide-sur-son-reseau-en-europe\\\/\",\"url\":\"https:\\\/\\\/www.link2fleet.com\\\/fr\\\/fastned-depasse-les-250-stations-de-recharge-rapide-sur-son-reseau-en-europe\\\/\",\"name\":\"Fastned d\u00e9passe les 250 stations de recharge rapide sur son r\u00e9seau en Europe - link2fleet\",\"isPartOf\":{\"@id\":\"https:\\\/\\\/www.link2fleet.com\\\/fr\\\/#website\"},\"primaryImageOfPage\":{\"@id\":\"https:\\\/\\\/www.link2fleet.com\\\/fr\\\/fastned-depasse-les-250-stations-de-recharge-rapide-sur-son-reseau-en-europe\\\/#primaryimage\"},\"image\":{\"@id\":\"https:\\\/\\\/www.link2fleet.com\\\/fr\\\/fastned-depasse-les-250-stations-de-recharge-rapide-sur-son-reseau-en-europe\\\/#primaryimage\"},\"thumbnailUrl\":\"https:\\\/\\\/static.link2fleet.com\\\/wp-content\\\/uploads\\\/2024\\\/03\\\/fastned-trakteert-met-wafels-en-koffie-in-kontich-3.jpg\",\"datePublished\":\"2023-02-16T14:19:06+00:00\",\"dateModified\":\"2024-04-17T14:44:12+00:00\",\"breadcrumb\":{\"@id\":\"https:\\\/\\\/www.link2fleet.com\\\/fr\\\/fastned-depasse-les-250-stations-de-recharge-rapide-sur-son-reseau-en-europe\\\/#breadcrumb\"},\"inLanguage\":\"fr-FR\",\"potentialAction\":[{\"@type\":\"ReadAction\",\"target\":[\"https:\\\/\\\/www.link2fleet.com\\\/fr\\\/fastned-depasse-les-250-stations-de-recharge-rapide-sur-son-reseau-en-europe\\\/\"]}]},{\"@type\":\"ImageObject\",\"inLanguage\":\"fr-FR\",\"@id\":\"https:\\\/\\\/www.link2fleet.com\\\/fr\\\/fastned-depasse-les-250-stations-de-recharge-rapide-sur-son-reseau-en-europe\\\/#primaryimage\",\"url\":\"https:\\\/\\\/static.link2fleet.com\\\/wp-content\\\/uploads\\\/2024\\\/03\\\/fastned-trakteert-met-wafels-en-koffie-in-kontich-3.jpg\",\"contentUrl\":\"https:\\\/\\\/static.link2fleet.com\\\/wp-content\\\/uploads\\\/2024\\\/03\\\/fastned-trakteert-met-wafels-en-koffie-in-kontich-3.jpg\",\"width\":2048,\"height\":1536,\"caption\":\"|\"},{\"@type\":\"BreadcrumbList\",\"@id\":\"https:\\\/\\\/www.link2fleet.com\\\/fr\\\/fastned-depasse-les-250-stations-de-recharge-rapide-sur-son-reseau-en-europe\\\/#breadcrumb\",\"itemListElement\":[{\"@type\":\"ListItem\",\"position\":1,\"name\":\"Home\",\"item\":\"https:\\\/\\\/www.link2fleet.com\\\/fr\\\/\"},{\"@type\":\"ListItem\",\"position\":2,\"name\":\"Fastned d\u00e9passe les 250 stations de recharge rapide sur son r\u00e9seau en Europe\"}]},{\"@type\":\"WebSite\",\"@id\":\"https:\\\/\\\/www.link2fleet.com\\\/fr\\\/#website\",\"url\":\"https:\\\/\\\/www.link2fleet.com\\\/fr\\\/\",\"name\":\"Link2fleet\",\"description\":\"\",\"publisher\":{\"@id\":\"https:\\\/\\\/www.link2fleet.com\\\/fr\\\/#organization\"},\"potentialAction\":[{\"@type\":\"SearchAction\",\"target\":{\"@type\":\"EntryPoint\",\"urlTemplate\":\"https:\\\/\\\/www.link2fleet.com\\\/fr\\\/?s={search_term_string}\"},\"query-input\":{\"@type\":\"PropertyValueSpecification\",\"valueRequired\":true,\"valueName\":\"search_term_string\"}}],\"inLanguage\":\"fr-FR\"},{\"@type\":\"Organization\",\"@id\":\"https:\\\/\\\/www.link2fleet.com\\\/fr\\\/#organization\",\"name\":\"Link2fleet\",\"url\":\"https:\\\/\\\/www.link2fleet.com\\\/fr\\\/\",\"logo\":{\"@type\":\"ImageObject\",\"inLanguage\":\"fr-FR\",\"@id\":\"https:\\\/\\\/www.link2fleet.com\\\/fr\\\/#\\\/schema\\\/logo\\\/image\\\/\",\"url\":\"https:\\\/\\\/static.link2fleet.com\\\/wp-content\\\/uploads\\\/2024\\\/03\\\/share-image.jpg\",\"contentUrl\":\"https:\\\/\\\/static.link2fleet.com\\\/wp-content\\\/uploads\\\/2024\\\/03\\\/share-image.jpg\",\"width\":1200,\"height\":630,\"caption\":\"Link2fleet\"},\"image\":{\"@id\":\"https:\\\/\\\/www.link2fleet.com\\\/fr\\\/#\\\/schema\\\/logo\\\/image\\\/\"},\"sameAs\":[\"https:\\\/\\\/www.linkedin.com\\\/company\\\/link2fleet-belgium\",\"https:\\\/\\\/www.youtube.com\\\/user\\\/MMMBMBE\"]},{\"@type\":\"Person\",\"@id\":\"https:\\\/\\\/www.link2fleet.com\\\/fr\\\/#\\\/schema\\\/person\\\/027cd46113c78036b3809c9a054049da\",\"name\":\"Damien Malvetti\",\"image\":{\"@type\":\"ImageObject\",\"inLanguage\":\"fr-FR\",\"@id\":\"https:\\\/\\\/secure.gravatar.com\\\/avatar\\\/dd8cc03b49466c735f753ac37f8caa371af16dfed347456ed61f02883255eebb?s=96&d=mm&r=g\",\"url\":\"https:\\\/\\\/secure.gravatar.com\\\/avatar\\\/dd8cc03b49466c735f753ac37f8caa371af16dfed347456ed61f02883255eebb?s=96&d=mm&r=g\",\"contentUrl\":\"https:\\\/\\\/secure.gravatar.com\\\/avatar\\\/dd8cc03b49466c735f753ac37f8caa371af16dfed347456ed61f02883255eebb?s=96&d=mm&r=g\",\"caption\":\"Damien Malvetti\"},\"description\":\"Damien Malvetti is opgeleid als journalist en gepassioneerd door wagens, technologie en mobiliteit. Hij is verantwoordelijk voor de redactionele inhoud van link2fleet en beschikt over een uitgebreide kennis van de fleet-sector en elektrische mobiliteit.\",\"sameAs\":[\"https:\\\/\\\/www.linkedin.com\\\/in\\\/damien-malvetti-56601142\\\/\"]}]}<\/script>\n<!-- \/ Yoast SEO plugin. -->","yoast_head_json":{"title":"Fastned d\u00e9passe les 250 stations de recharge rapide sur son r\u00e9seau en Europe - link2fleet","description":"Fastned, l\u2019entreprise europ\u00e9enne de recharge rapide pour v\u00e9hicules \u00e9lectriques, passe une \u00e9tape importante : elle compte d\u00e9sormais plus de 250 stations op\u00e9rationnelles en Europe. Aujourd\u2019hui,\u2026","robots":{"index":"index","follow":"follow","max-snippet":"max-snippet:-1","max-image-preview":"max-image-preview:large","max-video-preview":"max-video-preview:-1"},"og_locale":"fr_FR","og_type":"article","og_title":"Fastned d\u00e9passe les 250 stations de recharge rapide sur son r\u00e9seau en Europe - link2fleet","og_description":"Fastned, l\u2019entreprise europ\u00e9enne de recharge rapide pour v\u00e9hicules \u00e9lectriques, passe une \u00e9tape importante : elle compte d\u00e9sormais plus de 250 stations op\u00e9rationnelles en Europe. Aujourd\u2019hui,\u2026","og_url":"https:\/\/www.link2fleet.com\/fr\/fastned-depasse-les-250-stations-de-recharge-rapide-sur-son-reseau-en-europe\/","og_site_name":"link2fleet","article_published_time":"2023-02-16T14:19:06+00:00","article_modified_time":"2024-04-17T14:44:12+00:00","og_image":[{"width":2048,"height":1536,"url":"https:\/\/static.link2fleet.com\/wp-content\/uploads\/2024\/03\/fastned-trakteert-met-wafels-en-koffie-in-kontich-3.jpg","type":"image\/jpeg"}],"author":"Damien Malvetti","twitter_card":"summary_large_image","twitter_description":"Fastned, l\u2019entreprise europ\u00e9enne de recharge rapide pour v\u00e9hicules \u00e9lectriques, passe une \u00e9tape importante : elle compte d\u00e9sormais plus de 250 stations op\u00e9rationnelles en Europe. Aujourd\u2019hui,\u2026","twitter_misc":{"\u00c9crit par":"Damien Malvetti","Dur\u00e9e de lecture estim\u00e9e":"2 minutes"},"schema":{"@context":"https:\/\/schema.org","@graph":[{"@type":"Article","@id":"https:\/\/www.link2fleet.com\/fr\/fastned-depasse-les-250-stations-de-recharge-rapide-sur-son-reseau-en-europe\/#article","isPartOf":{"@id":"https:\/\/www.link2fleet.com\/fr\/fastned-depasse-les-250-stations-de-recharge-rapide-sur-son-reseau-en-europe\/"},"author":{"name":"Damien Malvetti","@id":"https:\/\/www.link2fleet.com\/fr\/#\/schema\/person\/027cd46113c78036b3809c9a054049da"},"headline":"Fastned d\u00e9passe les 250 stations de recharge rapide sur son r\u00e9seau en Europe","datePublished":"2023-02-16T14:19:06+00:00","dateModified":"2024-04-17T14:44:12+00:00","mainEntityOfPage":{"@id":"https:\/\/www.link2fleet.com\/fr\/fastned-depasse-les-250-stations-de-recharge-rapide-sur-son-reseau-en-europe\/"},"wordCount":327,"publisher":{"@id":"https:\/\/www.link2fleet.com\/fr\/#organization"},"image":{"@id":"https:\/\/www.link2fleet.com\/fr\/fastned-depasse-les-250-stations-de-recharge-rapide-sur-son-reseau-en-europe\/#primaryimage"},"thumbnailUrl":"https:\/\/static.link2fleet.com\/wp-content\/uploads\/2024\/03\/fastned-trakteert-met-wafels-en-koffie-in-kontich-3.jpg","articleSection":["Gestion carburant et de l'\u00e9nergie","Gestion de flotte"],"inLanguage":"fr-FR"},{"@type":"WebPage","@id":"https:\/\/www.link2fleet.com\/fr\/fastned-depasse-les-250-stations-de-recharge-rapide-sur-son-reseau-en-europe\/","url":"https:\/\/www.link2fleet.com\/fr\/fastned-depasse-les-250-stations-de-recharge-rapide-sur-son-reseau-en-europe\/","name":"Fastned d\u00e9passe les 250 stations de recharge rapide sur son r\u00e9seau en Europe - link2fleet","isPartOf":{"@id":"https:\/\/www.link2fleet.com\/fr\/#website"},"primaryImageOfPage":{"@id":"https:\/\/www.link2fleet.com\/fr\/fastned-depasse-les-250-stations-de-recharge-rapide-sur-son-reseau-en-europe\/#primaryimage"},"image":{"@id":"https:\/\/www.link2fleet.com\/fr\/fastned-depasse-les-250-stations-de-recharge-rapide-sur-son-reseau-en-europe\/#primaryimage"},"thumbnailUrl":"https:\/\/static.link2fleet.com\/wp-content\/uploads\/2024\/03\/fastned-trakteert-met-wafels-en-koffie-in-kontich-3.jpg","datePublished":"2023-02-16T14:19:06+00:00","dateModified":"2024-04-17T14:44:12+00:00","breadcrumb":{"@id":"https:\/\/www.link2fleet.com\/fr\/fastned-depasse-les-250-stations-de-recharge-rapide-sur-son-reseau-en-europe\/#breadcrumb"},"inLanguage":"fr-FR","potentialAction":[{"@type":"ReadAction","target":["https:\/\/www.link2fleet.com\/fr\/fastned-depasse-les-250-stations-de-recharge-rapide-sur-son-reseau-en-europe\/"]}]},{"@type":"ImageObject","inLanguage":"fr-FR","@id":"https:\/\/www.link2fleet.com\/fr\/fastned-depasse-les-250-stations-de-recharge-rapide-sur-son-reseau-en-europe\/#primaryimage","url":"https:\/\/static.link2fleet.com\/wp-content\/uploads\/2024\/03\/fastned-trakteert-met-wafels-en-koffie-in-kontich-3.jpg","contentUrl":"https:\/\/static.link2fleet.com\/wp-content\/uploads\/2024\/03\/fastned-trakteert-met-wafels-en-koffie-in-kontich-3.jpg","width":2048,"height":1536,"caption":"|"},{"@type":"BreadcrumbList","@id":"https:\/\/www.link2fleet.com\/fr\/fastned-depasse-les-250-stations-de-recharge-rapide-sur-son-reseau-en-europe\/#breadcrumb","itemListElement":[{"@type":"ListItem","position":1,"name":"Home","item":"https:\/\/www.link2fleet.com\/fr\/"},{"@type":"ListItem","position":2,"name":"Fastned d\u00e9passe les 250 stations de recharge rapide sur son r\u00e9seau en Europe"}]},{"@type":"WebSite","@id":"https:\/\/www.link2fleet.com\/fr\/#website","url":"https:\/\/www.link2fleet.com\/fr\/","name":"Link2fleet","description":"","publisher":{"@id":"https:\/\/www.link2fleet.com\/fr\/#organization"},"potentialAction":[{"@type":"SearchAction","target":{"@type":"EntryPoint","urlTemplate":"https:\/\/www.link2fleet.com\/fr\/?s={search_term_string}"},"query-input":{"@type":"PropertyValueSpecification","valueRequired":true,"valueName":"search_term_string"}}],"inLanguage":"fr-FR"},{"@type":"Organization","@id":"https:\/\/www.link2fleet.com\/fr\/#organization","name":"Link2fleet","url":"https:\/\/www.link2fleet.com\/fr\/","logo":{"@type":"ImageObject","inLanguage":"fr-FR","@id":"https:\/\/www.link2fleet.com\/fr\/#\/schema\/logo\/image\/","url":"https:\/\/static.link2fleet.com\/wp-content\/uploads\/2024\/03\/share-image.jpg","contentUrl":"https:\/\/static.link2fleet.com\/wp-content\/uploads\/2024\/03\/share-image.jpg","width":1200,"height":630,"caption":"Link2fleet"},"image":{"@id":"https:\/\/www.link2fleet.com\/fr\/#\/schema\/logo\/image\/"},"sameAs":["https:\/\/www.linkedin.com\/company\/link2fleet-belgium","https:\/\/www.youtube.com\/user\/MMMBMBE"]},{"@type":"Person","@id":"https:\/\/www.link2fleet.com\/fr\/#\/schema\/person\/027cd46113c78036b3809c9a054049da","name":"Damien Malvetti","image":{"@type":"ImageObject","inLanguage":"fr-FR","@id":"https:\/\/secure.gravatar.com\/avatar\/dd8cc03b49466c735f753ac37f8caa371af16dfed347456ed61f02883255eebb?s=96&d=mm&r=g","url":"https:\/\/secure.gravatar.com\/avatar\/dd8cc03b49466c735f753ac37f8caa371af16dfed347456ed61f02883255eebb?s=96&d=mm&r=g","contentUrl":"https:\/\/secure.gravatar.com\/avatar\/dd8cc03b49466c735f753ac37f8caa371af16dfed347456ed61f02883255eebb?s=96&d=mm&r=g","caption":"Damien Malvetti"},"description":"Damien Malvetti is opgeleid als journalist en gepassioneerd door wagens, technologie en mobiliteit. Hij is verantwoordelijk voor de redactionele inhoud van link2fleet en beschikt over een uitgebreide kennis van de fleet-sector en elektrische mobiliteit.","sameAs":["https:\/\/www.linkedin.com\/in\/damien-malvetti-56601142\/"]}]}},"_links":{"self":[{"href":"https:\/\/www.link2fleet.com\/fr\/wp-json\/wp\/v2\/posts\/8820","targetHints":{"allow":["GET"]}}],"collection":[{"href":"https:\/\/www.link2fleet.com\/fr\/wp-json\/wp\/v2\/posts"}],"about":[{"href":"https:\/\/www.link2fleet.com\/fr\/wp-json\/wp\/v2\/types\/post"}],"author":[{"embeddable":true,"href":"https:\/\/www.link2fleet.com\/fr\/wp-json\/wp\/v2\/users\/4"}],"replies":[{"embeddable":true,"href":"https:\/\/www.link2fleet.com\/fr\/wp-json\/wp\/v2\/comments?post=8820"}],"version-history":[{"count":0,"href":"https:\/\/www.link2fleet.com\/fr\/wp-json\/wp\/v2\/posts\/8820\/revisions"}],"wp:featuredmedia":[{"embeddable":true,"href":"https:\/\/www.link2fleet.com\/fr\/wp-json\/wp\/v2\/media\/8821"}],"wp:attachment":[{"href":"https:\/\/www.link2fleet.com\/fr\/wp-json\/wp\/v2\/media?parent=8820"}],"wp:term":[{"taxonomy":"category","embeddable":true,"href":"https:\/\/www.link2fleet.com\/fr\/wp-json\/wp\/v2\/categories?post=8820"},{"taxonomy":"post_tag","embeddable":true,"href":"https:\/\/www.link2fleet.com\/fr\/wp-json\/wp\/v2\/tags?post=8820"}],"curies":[{"name":"wp","href":"https:\/\/api.w.org\/{rel}","templated":true}]}}