{"id":8844,"date":"2023-02-24T07:41:35","date_gmt":"2023-02-24T06:41:35","guid":{"rendered":"https:\/\/www.link2fleet.com\/le-budget-de-mobilite-a-4-ans-il-est-surtout-populaire-chez-ceux-qui-debutent-un-nouvel-emploi-analyse-acerta\/"},"modified":"2024-04-17T16:44:10","modified_gmt":"2024-04-17T14:44:10","slug":"le-budget-de-mobilite-a-4-ans-il-est-surtout-populaire-chez-ceux-qui-debutent-un-nouvel-emploi-analyse-acerta","status":"publish","type":"post","link":"https:\/\/www.link2fleet.com\/fr\/le-budget-de-mobilite-a-4-ans-il-est-surtout-populaire-chez-ceux-qui-debutent-un-nouvel-emploi-analyse-acerta\/","title":{"rendered":"Le budget de mobilit\u00e9 \u00e0 4 ans: il est surtout populaire chez ceux qui d\u00e9butent un nouvel emploi (analyse Acerta)"},"content":{"rendered":"<ul class=\"list-block list-block--bulleted list-block--align-inherit\">\n<li>1,64% de tous les travailleurs qui ont droit \u00e0 une voiture de soci\u00e9t\u00e9 optent actuellement pour le budget de mobilit\u00e9. <strong>L&rsquo;an dernier, le syst\u00e8me a surtout \u00e9t\u00e9 populaire aupr\u00e8s de ceux qui d\u00e9butaient un nouveau job<\/strong>. Plus de 1 starter sur 50 (2,22%) a opt\u00e9 pour le budget de mobilit\u00e9 et non pour une voiture de soci\u00e9t\u00e9. Cela repr\u00e9sente une augmentation de 55% par rapport \u00e0 2021. Le pourcentage de starters qui entre dans le syst\u00e8me avec une voiture de soci\u00e9t\u00e9 augmente encore sensiblement (+1% en comparaison avec 2021).<\/li>\n<li><strong>L&rsquo;usage du pilier 2 du budget de mobilit\u00e9<\/strong>, dans lequel on trouve les transports durables ou un logement plus \u00e9cologique &#8211; comme le montant du loyer, le remboursement du capital ou des int\u00e9r\u00eats d&rsquo;un cr\u00e9dit hypoth\u00e9caire si on habite \u00e0 moins de 10 km de son travail ou qu&rsquo;on travaille au moins 60% depuis son domicile &#8211; <strong>a fortement augment\u00e9 (+ 49%).<\/strong><\/li>\n<li><b>Le paiement en cash du budget (pilier 3) ne remporte pas de succ\u00e8s: <\/b>0,06% des travailleurs ont demand\u00e9 \u00e0 recevoir le montant restant de leur budget de mobilit\u00e9 en cash en 2022 contre 0,10% en 2021.<\/li>\n<li><strong>Leviers pour le budget mobilit\u00e9 dans les ann\u00e9es \u00e0 venir :<\/strong> l&rsquo;\u00e9lectrification acc\u00e9l\u00e9r\u00e9e de la flotte de voitures de soci\u00e9t\u00e9, la baisse des prix catalogue des voitures (citadines) \u00e9lectriques et le calcul du TCO. Ces \u00e9l\u00e9ments peuvent faire en sorte que de plus en plus d&rsquo;entreprises proposent un budget mobilit\u00e9 \u00e0 leurs employ\u00e9s et que davantage d&#8217;employ\u00e9s optent pour cette solution.<\/li>\n<li><b>Barri\u00e8res potentielles: le budget de mobilit\u00e9 n&rsquo;est pas index\u00e9, <\/b>sauf si l&#8217;employeur introduit lui-m\u00eame un m\u00e9canisme d&rsquo;indexation.<\/li>\n<\/ul>\n","protected":false},"excerpt":{"rendered":"<p>1,64% de tous les travailleurs qui ont droit \u00e0 une voiture de soci\u00e9t\u00e9 optent actuellement pour le budget de mobilit\u00e9. L&rsquo;an dernier, le syst\u00e8me a surtout \u00e9t\u00e9 populaire aupr\u00e8s de ceux qui d\u00e9butaient un nouveau job. Plus de 1 starter sur 50 (2,22%) a opt\u00e9 pour le budget de mobilit\u00e9 et non pour une voiture [&hellip;]<\/p>\n","protected":false},"author":4,"featured_media":3774,"comment_status":"closed","ping_status":"closed","sticky":false,"template":"","format":"standard","meta":{"_acf_changed":false,"footnotes":""},"categories":[91,101],"tags":[],"class_list":["post-8844","post","type-post","status-publish","format-standard","has-post-thumbnail","hentry","category-expertise-et-management","category-tax-legal"],"acf":[],"yoast_head":"<!-- This site is optimized with the Yoast SEO plugin v27.3 - https:\/\/yoast.com\/product\/yoast-seo-wordpress\/ -->\n<title>Le budget de mobilit\u00e9 \u00e0 4 ans: il est surtout populaire chez ceux qui d\u00e9butent un nouvel emploi (analyse Acerta) - link2fleet<\/title>\n<meta name=\"description\" content=\"Le 1er mars, le budget de mobilit\u00e9 f\u00eate ses 4 ans. A l&rsquo;occasion de cet anniversaire, le service HR Acerta fait le point. Le syst\u00e8me\u2026\" \/>\n<meta name=\"robots\" content=\"index, follow, max-snippet:-1, max-image-preview:large, max-video-preview:-1\" \/>\n<meta property=\"og:locale\" content=\"fr_FR\" \/>\n<meta property=\"og:type\" content=\"article\" \/>\n<meta property=\"og:title\" content=\"Le budget de mobilit\u00e9 \u00e0 4 ans: il est surtout populaire chez ceux qui d\u00e9butent un nouvel emploi (analyse Acerta) - link2fleet\" \/>\n<meta property=\"og:description\" content=\"Le 1er mars, le budget de mobilit\u00e9 f\u00eate ses 4 ans. A l&rsquo;occasion de cet anniversaire, le service HR Acerta fait le point. Le syst\u00e8me\u2026\" \/>\n<meta property=\"og:url\" content=\"https:\/\/www.link2fleet.com\/fr\/le-budget-de-mobilite-a-4-ans-il-est-surtout-populaire-chez-ceux-qui-debutent-un-nouvel-emploi-analyse-acerta\/\" \/>\n<meta property=\"og:site_name\" content=\"link2fleet\" \/>\n<meta property=\"article:published_time\" content=\"2023-02-24T06:41:35+00:00\" \/>\n<meta property=\"article:modified_time\" content=\"2024-04-17T14:44:10+00:00\" \/>\n<meta property=\"og:image\" content=\"https:\/\/static.link2fleet.com\/wp-content\/uploads\/2024\/03\/mobiliteitsbudget-voordelen-mobiliteitskaart-maes-1600x900-1.jpg\" \/>\n\t<meta property=\"og:image:width\" content=\"1600\" \/>\n\t<meta property=\"og:image:height\" content=\"900\" \/>\n\t<meta property=\"og:image:type\" content=\"image\/jpeg\" \/>\n<meta name=\"author\" content=\"Damien Malvetti\" \/>\n<meta name=\"twitter:card\" content=\"summary_large_image\" \/>\n<meta name=\"twitter:description\" content=\"Le 1er mars, le budget de mobilit\u00e9 f\u00eate ses 4 ans. A l&rsquo;occasion de cet anniversaire, le service HR Acerta fait le point. Le syst\u00e8me\u2026\" \/>\n<meta name=\"twitter:label1\" content=\"\u00c9crit par\" \/>\n\t<meta name=\"twitter:data1\" content=\"Damien Malvetti\" \/>\n\t<meta name=\"twitter:label2\" content=\"Dur\u00e9e de lecture estim\u00e9e\" \/>\n\t<meta name=\"twitter:data2\" content=\"1 minute\" \/>\n<script type=\"application\/ld+json\" class=\"yoast-schema-graph\">{\"@context\":\"https:\\\/\\\/schema.org\",\"@graph\":[{\"@type\":\"Article\",\"@id\":\"https:\\\/\\\/www.link2fleet.com\\\/fr\\\/le-budget-de-mobilite-a-4-ans-il-est-surtout-populaire-chez-ceux-qui-debutent-un-nouvel-emploi-analyse-acerta\\\/#article\",\"isPartOf\":{\"@id\":\"https:\\\/\\\/www.link2fleet.com\\\/fr\\\/le-budget-de-mobilite-a-4-ans-il-est-surtout-populaire-chez-ceux-qui-debutent-un-nouvel-emploi-analyse-acerta\\\/\"},\"author\":{\"name\":\"Damien Malvetti\",\"@id\":\"https:\\\/\\\/www.link2fleet.com\\\/fr\\\/#\\\/schema\\\/person\\\/027cd46113c78036b3809c9a054049da\"},\"headline\":\"Le budget de mobilit\u00e9 \u00e0 4 ans: il est surtout populaire chez ceux qui d\u00e9butent un nouvel emploi (analyse Acerta)\",\"datePublished\":\"2023-02-24T06:41:35+00:00\",\"dateModified\":\"2024-04-17T14:44:10+00:00\",\"mainEntityOfPage\":{\"@id\":\"https:\\\/\\\/www.link2fleet.com\\\/fr\\\/le-budget-de-mobilite-a-4-ans-il-est-surtout-populaire-chez-ceux-qui-debutent-un-nouvel-emploi-analyse-acerta\\\/\"},\"wordCount\":293,\"publisher\":{\"@id\":\"https:\\\/\\\/www.link2fleet.com\\\/fr\\\/#organization\"},\"image\":{\"@id\":\"https:\\\/\\\/www.link2fleet.com\\\/fr\\\/le-budget-de-mobilite-a-4-ans-il-est-surtout-populaire-chez-ceux-qui-debutent-un-nouvel-emploi-analyse-acerta\\\/#primaryimage\"},\"thumbnailUrl\":\"https:\\\/\\\/static.link2fleet.com\\\/wp-content\\\/uploads\\\/2024\\\/03\\\/mobiliteitsbudget-voordelen-mobiliteitskaart-maes-1600x900-1.jpg\",\"articleSection\":[\"Gestion de flotte\",\"Tax &amp; legal\"],\"inLanguage\":\"fr-FR\"},{\"@type\":\"WebPage\",\"@id\":\"https:\\\/\\\/www.link2fleet.com\\\/fr\\\/le-budget-de-mobilite-a-4-ans-il-est-surtout-populaire-chez-ceux-qui-debutent-un-nouvel-emploi-analyse-acerta\\\/\",\"url\":\"https:\\\/\\\/www.link2fleet.com\\\/fr\\\/le-budget-de-mobilite-a-4-ans-il-est-surtout-populaire-chez-ceux-qui-debutent-un-nouvel-emploi-analyse-acerta\\\/\",\"name\":\"Le budget de mobilit\u00e9 \u00e0 4 ans: il est surtout populaire chez ceux qui d\u00e9butent un nouvel emploi (analyse Acerta) - link2fleet\",\"isPartOf\":{\"@id\":\"https:\\\/\\\/www.link2fleet.com\\\/fr\\\/#website\"},\"primaryImageOfPage\":{\"@id\":\"https:\\\/\\\/www.link2fleet.com\\\/fr\\\/le-budget-de-mobilite-a-4-ans-il-est-surtout-populaire-chez-ceux-qui-debutent-un-nouvel-emploi-analyse-acerta\\\/#primaryimage\"},\"image\":{\"@id\":\"https:\\\/\\\/www.link2fleet.com\\\/fr\\\/le-budget-de-mobilite-a-4-ans-il-est-surtout-populaire-chez-ceux-qui-debutent-un-nouvel-emploi-analyse-acerta\\\/#primaryimage\"},\"thumbnailUrl\":\"https:\\\/\\\/static.link2fleet.com\\\/wp-content\\\/uploads\\\/2024\\\/03\\\/mobiliteitsbudget-voordelen-mobiliteitskaart-maes-1600x900-1.jpg\",\"datePublished\":\"2023-02-24T06:41:35+00:00\",\"dateModified\":\"2024-04-17T14:44:10+00:00\",\"breadcrumb\":{\"@id\":\"https:\\\/\\\/www.link2fleet.com\\\/fr\\\/le-budget-de-mobilite-a-4-ans-il-est-surtout-populaire-chez-ceux-qui-debutent-un-nouvel-emploi-analyse-acerta\\\/#breadcrumb\"},\"inLanguage\":\"fr-FR\",\"potentialAction\":[{\"@type\":\"ReadAction\",\"target\":[\"https:\\\/\\\/www.link2fleet.com\\\/fr\\\/le-budget-de-mobilite-a-4-ans-il-est-surtout-populaire-chez-ceux-qui-debutent-un-nouvel-emploi-analyse-acerta\\\/\"]}]},{\"@type\":\"ImageObject\",\"inLanguage\":\"fr-FR\",\"@id\":\"https:\\\/\\\/www.link2fleet.com\\\/fr\\\/le-budget-de-mobilite-a-4-ans-il-est-surtout-populaire-chez-ceux-qui-debutent-un-nouvel-emploi-analyse-acerta\\\/#primaryimage\",\"url\":\"https:\\\/\\\/static.link2fleet.com\\\/wp-content\\\/uploads\\\/2024\\\/03\\\/mobiliteitsbudget-voordelen-mobiliteitskaart-maes-1600x900-1.jpg\",\"contentUrl\":\"https:\\\/\\\/static.link2fleet.com\\\/wp-content\\\/uploads\\\/2024\\\/03\\\/mobiliteitsbudget-voordelen-mobiliteitskaart-maes-1600x900-1.jpg\",\"width\":1600,\"height\":900,\"caption\":\"|\"},{\"@type\":\"BreadcrumbList\",\"@id\":\"https:\\\/\\\/www.link2fleet.com\\\/fr\\\/le-budget-de-mobilite-a-4-ans-il-est-surtout-populaire-chez-ceux-qui-debutent-un-nouvel-emploi-analyse-acerta\\\/#breadcrumb\",\"itemListElement\":[{\"@type\":\"ListItem\",\"position\":1,\"name\":\"Home\",\"item\":\"https:\\\/\\\/www.link2fleet.com\\\/fr\\\/\"},{\"@type\":\"ListItem\",\"position\":2,\"name\":\"Le budget de mobilit\u00e9 \u00e0 4 ans: il est surtout populaire chez ceux qui d\u00e9butent un nouvel emploi (analyse Acerta)\"}]},{\"@type\":\"WebSite\",\"@id\":\"https:\\\/\\\/www.link2fleet.com\\\/fr\\\/#website\",\"url\":\"https:\\\/\\\/www.link2fleet.com\\\/fr\\\/\",\"name\":\"Link2fleet\",\"description\":\"\",\"publisher\":{\"@id\":\"https:\\\/\\\/www.link2fleet.com\\\/fr\\\/#organization\"},\"potentialAction\":[{\"@type\":\"SearchAction\",\"target\":{\"@type\":\"EntryPoint\",\"urlTemplate\":\"https:\\\/\\\/www.link2fleet.com\\\/fr\\\/?s={search_term_string}\"},\"query-input\":{\"@type\":\"PropertyValueSpecification\",\"valueRequired\":true,\"valueName\":\"search_term_string\"}}],\"inLanguage\":\"fr-FR\"},{\"@type\":\"Organization\",\"@id\":\"https:\\\/\\\/www.link2fleet.com\\\/fr\\\/#organization\",\"name\":\"Link2fleet\",\"url\":\"https:\\\/\\\/www.link2fleet.com\\\/fr\\\/\",\"logo\":{\"@type\":\"ImageObject\",\"inLanguage\":\"fr-FR\",\"@id\":\"https:\\\/\\\/www.link2fleet.com\\\/fr\\\/#\\\/schema\\\/logo\\\/image\\\/\",\"url\":\"https:\\\/\\\/static.link2fleet.com\\\/wp-content\\\/uploads\\\/2024\\\/03\\\/share-image.jpg\",\"contentUrl\":\"https:\\\/\\\/static.link2fleet.com\\\/wp-content\\\/uploads\\\/2024\\\/03\\\/share-image.jpg\",\"width\":1200,\"height\":630,\"caption\":\"Link2fleet\"},\"image\":{\"@id\":\"https:\\\/\\\/www.link2fleet.com\\\/fr\\\/#\\\/schema\\\/logo\\\/image\\\/\"},\"sameAs\":[\"https:\\\/\\\/www.linkedin.com\\\/company\\\/link2fleet-belgium\",\"https:\\\/\\\/www.youtube.com\\\/user\\\/MMMBMBE\"]},{\"@type\":\"Person\",\"@id\":\"https:\\\/\\\/www.link2fleet.com\\\/fr\\\/#\\\/schema\\\/person\\\/027cd46113c78036b3809c9a054049da\",\"name\":\"Damien Malvetti\",\"image\":{\"@type\":\"ImageObject\",\"inLanguage\":\"fr-FR\",\"@id\":\"https:\\\/\\\/secure.gravatar.com\\\/avatar\\\/dd8cc03b49466c735f753ac37f8caa371af16dfed347456ed61f02883255eebb?s=96&d=mm&r=g\",\"url\":\"https:\\\/\\\/secure.gravatar.com\\\/avatar\\\/dd8cc03b49466c735f753ac37f8caa371af16dfed347456ed61f02883255eebb?s=96&d=mm&r=g\",\"contentUrl\":\"https:\\\/\\\/secure.gravatar.com\\\/avatar\\\/dd8cc03b49466c735f753ac37f8caa371af16dfed347456ed61f02883255eebb?s=96&d=mm&r=g\",\"caption\":\"Damien Malvetti\"},\"description\":\"Damien Malvetti is opgeleid als journalist en gepassioneerd door wagens, technologie en mobiliteit. Hij is verantwoordelijk voor de redactionele inhoud van link2fleet en beschikt over een uitgebreide kennis van de fleet-sector en elektrische mobiliteit.\",\"sameAs\":[\"https:\\\/\\\/www.linkedin.com\\\/in\\\/damien-malvetti-56601142\\\/\"]}]}<\/script>\n<!-- \/ Yoast SEO plugin. -->","yoast_head_json":{"title":"Le budget de mobilit\u00e9 \u00e0 4 ans: il est surtout populaire chez ceux qui d\u00e9butent un nouvel emploi (analyse Acerta) - link2fleet","description":"Le 1er mars, le budget de mobilit\u00e9 f\u00eate ses 4 ans. A l&rsquo;occasion de cet anniversaire, le service HR Acerta fait le point. Le syst\u00e8me\u2026","robots":{"index":"index","follow":"follow","max-snippet":"max-snippet:-1","max-image-preview":"max-image-preview:large","max-video-preview":"max-video-preview:-1"},"og_locale":"fr_FR","og_type":"article","og_title":"Le budget de mobilit\u00e9 \u00e0 4 ans: il est surtout populaire chez ceux qui d\u00e9butent un nouvel emploi (analyse Acerta) - link2fleet","og_description":"Le 1er mars, le budget de mobilit\u00e9 f\u00eate ses 4 ans. A l&rsquo;occasion de cet anniversaire, le service HR Acerta fait le point. Le syst\u00e8me\u2026","og_url":"https:\/\/www.link2fleet.com\/fr\/le-budget-de-mobilite-a-4-ans-il-est-surtout-populaire-chez-ceux-qui-debutent-un-nouvel-emploi-analyse-acerta\/","og_site_name":"link2fleet","article_published_time":"2023-02-24T06:41:35+00:00","article_modified_time":"2024-04-17T14:44:10+00:00","og_image":[{"width":1600,"height":900,"url":"https:\/\/static.link2fleet.com\/wp-content\/uploads\/2024\/03\/mobiliteitsbudget-voordelen-mobiliteitskaart-maes-1600x900-1.jpg","type":"image\/jpeg"}],"author":"Damien Malvetti","twitter_card":"summary_large_image","twitter_description":"Le 1er mars, le budget de mobilit\u00e9 f\u00eate ses 4 ans. A l&rsquo;occasion de cet anniversaire, le service HR Acerta fait le point. Le syst\u00e8me\u2026","twitter_misc":{"\u00c9crit par":"Damien Malvetti","Dur\u00e9e de lecture estim\u00e9e":"1 minute"},"schema":{"@context":"https:\/\/schema.org","@graph":[{"@type":"Article","@id":"https:\/\/www.link2fleet.com\/fr\/le-budget-de-mobilite-a-4-ans-il-est-surtout-populaire-chez-ceux-qui-debutent-un-nouvel-emploi-analyse-acerta\/#article","isPartOf":{"@id":"https:\/\/www.link2fleet.com\/fr\/le-budget-de-mobilite-a-4-ans-il-est-surtout-populaire-chez-ceux-qui-debutent-un-nouvel-emploi-analyse-acerta\/"},"author":{"name":"Damien Malvetti","@id":"https:\/\/www.link2fleet.com\/fr\/#\/schema\/person\/027cd46113c78036b3809c9a054049da"},"headline":"Le budget de mobilit\u00e9 \u00e0 4 ans: il est surtout populaire chez ceux qui d\u00e9butent un nouvel emploi (analyse Acerta)","datePublished":"2023-02-24T06:41:35+00:00","dateModified":"2024-04-17T14:44:10+00:00","mainEntityOfPage":{"@id":"https:\/\/www.link2fleet.com\/fr\/le-budget-de-mobilite-a-4-ans-il-est-surtout-populaire-chez-ceux-qui-debutent-un-nouvel-emploi-analyse-acerta\/"},"wordCount":293,"publisher":{"@id":"https:\/\/www.link2fleet.com\/fr\/#organization"},"image":{"@id":"https:\/\/www.link2fleet.com\/fr\/le-budget-de-mobilite-a-4-ans-il-est-surtout-populaire-chez-ceux-qui-debutent-un-nouvel-emploi-analyse-acerta\/#primaryimage"},"thumbnailUrl":"https:\/\/static.link2fleet.com\/wp-content\/uploads\/2024\/03\/mobiliteitsbudget-voordelen-mobiliteitskaart-maes-1600x900-1.jpg","articleSection":["Gestion de flotte","Tax &amp; legal"],"inLanguage":"fr-FR"},{"@type":"WebPage","@id":"https:\/\/www.link2fleet.com\/fr\/le-budget-de-mobilite-a-4-ans-il-est-surtout-populaire-chez-ceux-qui-debutent-un-nouvel-emploi-analyse-acerta\/","url":"https:\/\/www.link2fleet.com\/fr\/le-budget-de-mobilite-a-4-ans-il-est-surtout-populaire-chez-ceux-qui-debutent-un-nouvel-emploi-analyse-acerta\/","name":"Le budget de mobilit\u00e9 \u00e0 4 ans: il est surtout populaire chez ceux qui d\u00e9butent un nouvel emploi (analyse Acerta) - link2fleet","isPartOf":{"@id":"https:\/\/www.link2fleet.com\/fr\/#website"},"primaryImageOfPage":{"@id":"https:\/\/www.link2fleet.com\/fr\/le-budget-de-mobilite-a-4-ans-il-est-surtout-populaire-chez-ceux-qui-debutent-un-nouvel-emploi-analyse-acerta\/#primaryimage"},"image":{"@id":"https:\/\/www.link2fleet.com\/fr\/le-budget-de-mobilite-a-4-ans-il-est-surtout-populaire-chez-ceux-qui-debutent-un-nouvel-emploi-analyse-acerta\/#primaryimage"},"thumbnailUrl":"https:\/\/static.link2fleet.com\/wp-content\/uploads\/2024\/03\/mobiliteitsbudget-voordelen-mobiliteitskaart-maes-1600x900-1.jpg","datePublished":"2023-02-24T06:41:35+00:00","dateModified":"2024-04-17T14:44:10+00:00","breadcrumb":{"@id":"https:\/\/www.link2fleet.com\/fr\/le-budget-de-mobilite-a-4-ans-il-est-surtout-populaire-chez-ceux-qui-debutent-un-nouvel-emploi-analyse-acerta\/#breadcrumb"},"inLanguage":"fr-FR","potentialAction":[{"@type":"ReadAction","target":["https:\/\/www.link2fleet.com\/fr\/le-budget-de-mobilite-a-4-ans-il-est-surtout-populaire-chez-ceux-qui-debutent-un-nouvel-emploi-analyse-acerta\/"]}]},{"@type":"ImageObject","inLanguage":"fr-FR","@id":"https:\/\/www.link2fleet.com\/fr\/le-budget-de-mobilite-a-4-ans-il-est-surtout-populaire-chez-ceux-qui-debutent-un-nouvel-emploi-analyse-acerta\/#primaryimage","url":"https:\/\/static.link2fleet.com\/wp-content\/uploads\/2024\/03\/mobiliteitsbudget-voordelen-mobiliteitskaart-maes-1600x900-1.jpg","contentUrl":"https:\/\/static.link2fleet.com\/wp-content\/uploads\/2024\/03\/mobiliteitsbudget-voordelen-mobiliteitskaart-maes-1600x900-1.jpg","width":1600,"height":900,"caption":"|"},{"@type":"BreadcrumbList","@id":"https:\/\/www.link2fleet.com\/fr\/le-budget-de-mobilite-a-4-ans-il-est-surtout-populaire-chez-ceux-qui-debutent-un-nouvel-emploi-analyse-acerta\/#breadcrumb","itemListElement":[{"@type":"ListItem","position":1,"name":"Home","item":"https:\/\/www.link2fleet.com\/fr\/"},{"@type":"ListItem","position":2,"name":"Le budget de mobilit\u00e9 \u00e0 4 ans: il est surtout populaire chez ceux qui d\u00e9butent un nouvel emploi (analyse Acerta)"}]},{"@type":"WebSite","@id":"https:\/\/www.link2fleet.com\/fr\/#website","url":"https:\/\/www.link2fleet.com\/fr\/","name":"Link2fleet","description":"","publisher":{"@id":"https:\/\/www.link2fleet.com\/fr\/#organization"},"potentialAction":[{"@type":"SearchAction","target":{"@type":"EntryPoint","urlTemplate":"https:\/\/www.link2fleet.com\/fr\/?s={search_term_string}"},"query-input":{"@type":"PropertyValueSpecification","valueRequired":true,"valueName":"search_term_string"}}],"inLanguage":"fr-FR"},{"@type":"Organization","@id":"https:\/\/www.link2fleet.com\/fr\/#organization","name":"Link2fleet","url":"https:\/\/www.link2fleet.com\/fr\/","logo":{"@type":"ImageObject","inLanguage":"fr-FR","@id":"https:\/\/www.link2fleet.com\/fr\/#\/schema\/logo\/image\/","url":"https:\/\/static.link2fleet.com\/wp-content\/uploads\/2024\/03\/share-image.jpg","contentUrl":"https:\/\/static.link2fleet.com\/wp-content\/uploads\/2024\/03\/share-image.jpg","width":1200,"height":630,"caption":"Link2fleet"},"image":{"@id":"https:\/\/www.link2fleet.com\/fr\/#\/schema\/logo\/image\/"},"sameAs":["https:\/\/www.linkedin.com\/company\/link2fleet-belgium","https:\/\/www.youtube.com\/user\/MMMBMBE"]},{"@type":"Person","@id":"https:\/\/www.link2fleet.com\/fr\/#\/schema\/person\/027cd46113c78036b3809c9a054049da","name":"Damien Malvetti","image":{"@type":"ImageObject","inLanguage":"fr-FR","@id":"https:\/\/secure.gravatar.com\/avatar\/dd8cc03b49466c735f753ac37f8caa371af16dfed347456ed61f02883255eebb?s=96&d=mm&r=g","url":"https:\/\/secure.gravatar.com\/avatar\/dd8cc03b49466c735f753ac37f8caa371af16dfed347456ed61f02883255eebb?s=96&d=mm&r=g","contentUrl":"https:\/\/secure.gravatar.com\/avatar\/dd8cc03b49466c735f753ac37f8caa371af16dfed347456ed61f02883255eebb?s=96&d=mm&r=g","caption":"Damien Malvetti"},"description":"Damien Malvetti is opgeleid als journalist en gepassioneerd door wagens, technologie en mobiliteit. Hij is verantwoordelijk voor de redactionele inhoud van link2fleet en beschikt over een uitgebreide kennis van de fleet-sector en elektrische mobiliteit.","sameAs":["https:\/\/www.linkedin.com\/in\/damien-malvetti-56601142\/"]}]}},"_links":{"self":[{"href":"https:\/\/www.link2fleet.com\/fr\/wp-json\/wp\/v2\/posts\/8844","targetHints":{"allow":["GET"]}}],"collection":[{"href":"https:\/\/www.link2fleet.com\/fr\/wp-json\/wp\/v2\/posts"}],"about":[{"href":"https:\/\/www.link2fleet.com\/fr\/wp-json\/wp\/v2\/types\/post"}],"author":[{"embeddable":true,"href":"https:\/\/www.link2fleet.com\/fr\/wp-json\/wp\/v2\/users\/4"}],"replies":[{"embeddable":true,"href":"https:\/\/www.link2fleet.com\/fr\/wp-json\/wp\/v2\/comments?post=8844"}],"version-history":[{"count":0,"href":"https:\/\/www.link2fleet.com\/fr\/wp-json\/wp\/v2\/posts\/8844\/revisions"}],"wp:featuredmedia":[{"embeddable":true,"href":"https:\/\/www.link2fleet.com\/fr\/wp-json\/wp\/v2\/media\/3774"}],"wp:attachment":[{"href":"https:\/\/www.link2fleet.com\/fr\/wp-json\/wp\/v2\/media?parent=8844"}],"wp:term":[{"taxonomy":"category","embeddable":true,"href":"https:\/\/www.link2fleet.com\/fr\/wp-json\/wp\/v2\/categories?post=8844"},{"taxonomy":"post_tag","embeddable":true,"href":"https:\/\/www.link2fleet.com\/fr\/wp-json\/wp\/v2\/tags?post=8844"}],"curies":[{"name":"wp","href":"https:\/\/api.w.org\/{rel}","templated":true}]}}