{"id":8871,"date":"2023-03-01T06:34:12","date_gmt":"2023-03-01T05:34:12","guid":{"rendered":"https:\/\/www.link2fleet.com\/lassouplissement-du-budget-federal-de-mobilite-convainc-les-salaries-dathlon-belgium\/"},"modified":"2024-04-17T16:44:02","modified_gmt":"2024-04-17T14:44:02","slug":"lassouplissement-du-budget-federal-de-mobilite-convainc-les-salaries-dathlon-belgium","status":"publish","type":"post","link":"https:\/\/www.link2fleet.com\/fr\/lassouplissement-du-budget-federal-de-mobilite-convainc-les-salaries-dathlon-belgium\/","title":{"rendered":"L\u2019assouplissement du budget f\u00e9d\u00e9ral de mobilit\u00e9 convainc les salari\u00e9s d\u2019Athlon Belgium"},"content":{"rendered":"<p class=\"styles_paragraph__CxmiR\">Bien que la voiture semble perdre du terrain en ce qui concerne les d\u00e9placements domicile-travail<a class=\"styles_link__UQc5p\" href=\"\/\/94D18C28-7060-4D44-9813-ADC4F2765B66#_ftn1\" target=\"_self\" rel=\"noopener noreferrer\"><sup>[1]<\/sup><\/a>, peu de salari\u00e9s sont pr\u00eats \u00e0 abandonner compl\u00e8tement leur voiture de soci\u00e9t\u00e9. Avec le budget f\u00e9d\u00e9ral de mobilit\u00e9, ce n\u2019est d\u2019ailleurs pas n\u00e9cessaire. \u200b \u200b<\/p>\n<p class=\"styles_paragraph__CxmiR\">Les\u00a0conducteurs\u00a0de voitures de soci\u00e9t\u00e9 peuvent \u00e9changer leur droit \u00e0 une voiture de soci\u00e9t\u00e9 contre un budget mobilit\u00e9 et le d\u00e9penser librement en 3 piliers: une voiture respectueuse de l\u2019environnement dans le pilier 1, les moyens de\u00a0transport\u00a0durables et les co\u00fbts de\u00a0logement\u00a0dans le pilier 2 et la possibilit\u00e9 de percevoir le solde restant en cash dans le pilier 3. Or, actuellement, selon les chiffres r\u00e9cents<a class=\"styles_link__UQc5p\" href=\"\/\/94D18C28-7060-4D44-9813-ADC4F2765B66#_ftn2\" target=\"_self\" rel=\"noopener noreferrer\"><sup>2<\/sup><\/a>, seulement 1,64% de tous les salari\u00e9s ayant droit \u00e0 une voiture de soci\u00e9t\u00e9 optent pour le budget mobilit\u00e9.<\/p>\n<p class=\"styles_paragraph__CxmiR\"><strong>Montrer l\u2019exemple<br \/>\n\u200b<\/strong>Selon Athlon Belgium, le budget mobilit\u00e9 est cependant le moyen id\u00e9al permettant aux employeurs de r\u00e9pondre \u00e0 l\u2019\u00e9volution rapide des besoins de mobilit\u00e9 et se pr\u00e9senter comme \u2018employer of choice\u2019.\u00a0Le fournisseur de mobilit\u00e9 lui-m\u00eame donne le bon exemple en donnant \u00e9galement aux employ\u00e9s internes la possibilit\u00e9 d\u2019opter pour le budget mobilit\u00e9. \u200b<\/p>\n<blockquote class=\"Quote_container__ms7KM Quote_alignLeft__1_w_9\">\n<div class=\"Quote_content__DZCla\">\u201c<em>Les changements du d\u00e9but de l\u2019ann\u00e9e derni\u00e8re ont certainement aid\u00e9 \u00e0 convaincre les individus car, en tant que salari\u00e9, vous \u00eates aux commandes et vous choisissez ce que vous souhaitez. Parmi les collaborateurs qui approchent de l\u2019\u00e9ch\u00e9ance de leur contrat de leasing et qui doivent donc changer de v\u00e9hicule, nous constatons qu\u2019aujourd\u2019hui, 10% sautent le pas. \u200b Et ce nombre augmente. \u200b\u00a0Suite \u00e0 l\u2019assouplissement au niveau f\u00e9d\u00e9ral pour l\u2019introduction des co\u00fbts de logement moyennant un t\u00e9l\u00e9travail de plus de 50%, de plus en plus de salari\u00e9s choisissent de financer<\/em><a class=\"styles_link__UQc5p\" href=\"\/\/94D18C28-7060-4D44-9813-ADC4F2765B66#_ftn3\" target=\"_self\" rel=\"noopener noreferrer\"><sup>3<\/sup><\/a><em>. leur loyer ou leur pr\u00eat hypoth\u00e9caire dans le pilier2. \u200b Chez Athlon, les salari\u00e9s ne sont tenus de travailler au bureau que 8 jours minimum par mois. \u200b La condition requ\u00e9rant un t\u00e9l\u00e9travail de 50% n\u2019est donc pas un obstacle pour eux.\u201d<br \/>\n\u200b<\/em>Nicolas Tilman, Fleet &amp; Mobility Manager chez Athlon Belgium<\/div>\n<div><\/div>\n<\/blockquote>\n<p class=\"styles_paragraph__CxmiR\"><strong>L\u2019int\u00e9r\u00eat croissant des clients ; mettre \u00e0 profit l\u2019expertise pour \u00e9liminer les r\u00e9ticences <\/strong>Que le budget mobilit\u00e9 soit de plus en plus envisag\u00e9, c\u2019est bien la tendance qu\u2019observe Athlon au vu du nombre croissant de questions \u00e0 ce sujet de la part de ses clients.<\/p>\n<blockquote class=\"Quote_container__ms7KM Quote_alignLeft__1_w_9\">\n<div class=\"Quote_content__DZCla\">\u201c<em>Les clients sont certainement int\u00e9ress\u00e9s, mais des doutes subsistent, qui engendrent des questions telles que le calcul du budget disponible. \u200b Nos consultants peuvent vous aider \u00e0 cet \u00e9gard et proposer un plan d\u2019action concret. \u200b Nous poss\u00e9dons l\u2019expertise pour les aider \u00e0 faire les bons choix gr\u00e2ce \u00e0 nos analyses et nos conseils.\u201d \u200b<br \/>\n\u200b<\/em>C\u00e9cile Li\u00e9nard, Senior Product Manager Athlon Belgium<\/div>\n<\/blockquote>\n<p class=\"styles_paragraph__CxmiR\">Selon C\u00e9cile\u00a0Li\u00e9nard, \u00e0 terme, le budget mobilit\u00e9 supplantera en grande partie le leasing classique des v\u00e9hicules de soci\u00e9t\u00e9:<\/p>\n<blockquote class=\"Quote_container__ms7KM Quote_alignLeft__1_w_9\">\n<div class=\"Quote_content__DZCla\">\u201c<em>Le budget f\u00e9d\u00e9ral de mobilit\u00e9 offre sans aucun doute de nombreuses conditions attrayantes tant pour les employ\u00e9s que pour les employeurs. \u200b Mais il y a encore beaucoup d\u2019appr\u00e9hension et nous voulons la surmonter. \u200b Notre secteur doit jouer un r\u00f4le de pionnier pour une mobilit\u00e9 plus durable. Parce que nous ne sommes plus depuis longtemps un fournisseur traditionnel de voitures en leasing. \u200b Et l\u2019exp\u00e9rience avec nos propres collaborateurs nous y aide certainement.\u201d<\/em><\/div>\n<\/blockquote>\n<p>&nbsp;<\/p>\n<p class=\"styles_paragraph__CxmiR\"><strong>Un plan en 5 \u00e9tapes<br \/>\n\u200b<\/strong>L\u2019impl\u00e9mentation du budget f\u00e9d\u00e9ral de mobilit\u00e9 s\u2019inscrit dans le cadre de l\u2019\u00e9cologisation de la mobilit\u00e9. \u200b Et selon Athlon, cela commence par la question \u00e0 se poser\u2026un d\u00e9placement est-il vraiment n\u00e9cessaire ? Apr\u00e8s tout, l\u2019objectif est de rendre la mobilit\u00e9 durable en faisant continuellement des choix conscients. Travailler \u00e0 domicile et ne pas se d\u00e9placer inutilement peut aider. \u200b La prochaine question \u00e0 envisager est de savoir s\u2019il ne serait pas pr\u00e9f\u00e9rable d\u2019\u00e9changer la voiture contre une mobilit\u00e9 alternative pour un d\u00e9placement.<\/p>\n<blockquote class=\"Quote_container__ms7KM Quote_alignLeft__1_w_9\">\n<div class=\"Quote_content__DZCla\">\u201c<em>Ces questions font partie de notre plan en 5 \u00e9tapes pour une mobilit\u00e9 durable. \u200b Jusqu\u2019\u00e0 15 kilom\u00e8tres, nous recommandons de laisser la voiture et d\u2019opter pour une mobilit\u00e9 alternative, telle qu\u2019un v\u00e9lo \u00e9lectrique, une voiture partag\u00e9e ou les transports en commun. \u200b Le budget mobilit\u00e9 s\u2019inscrit donc parfaitement dans ce plan \u2018\u00e9tape par \u00e9tape\u2019.\u201d \u200b<br \/>\n\u200b<\/em>C\u00e9cile Li\u00e9nard<\/div>\n<\/blockquote>\n<div><\/div>\n<div>\n<p class=\"styles_paragraph__CxmiR\">\n<p class=\"styles_paragraph__CxmiR\"><a class=\"styles_link__UQc5p\" href=\"\/\/94D18C28-7060-4D44-9813-ADC4F2765B66#_ftnref1\" target=\"_self\" rel=\"noopener noreferrer\">[1]<\/a>\u00a0https:\/\/www.acerta.be\/fr\/insights\/dans-la-presse\/revirement-marquant-en-matiere-de-mobilite-dans-notre-pays-les-belges-sont-un-peu-moins-nombreux-a-utiliser-la-voiture-pour-se-rendre-au-travail<\/p>\n<p class=\"styles_paragraph__CxmiR\"><a class=\"styles_link__UQc5p\" href=\"\/\/94D18C28-7060-4D44-9813-ADC4F2765B66#_ftnref2\" target=\"_self\" rel=\"noopener noreferrer\">[2]<\/a>\u00a0Source: Acerta<\/p>\n<p class=\"styles_paragraph__CxmiR\"><a class=\"styles_link__UQc5p\" href=\"\/\/94D18C28-7060-4D44-9813-ADC4F2765B66#_ftnref3\" target=\"_self\" rel=\"noopener noreferrer\">[3]<\/a>\u00a0Les conditions pour un financement du loyer ou du pr\u00eat sont d\u2019habiter dans un rayon de 10km autour du lieu de travail ou de t\u00e9l\u00e9travailler au moins 50% du temps<\/p>\n<p class=\"styles_paragraph__CxmiR\">\n<\/div>\n","protected":false},"excerpt":{"rendered":"<p>Bien que la voiture semble perdre du terrain en ce qui concerne les d\u00e9placements domicile-travail[1], peu de salari\u00e9s sont pr\u00eats \u00e0 abandonner compl\u00e8tement leur voiture de soci\u00e9t\u00e9. Avec le budget f\u00e9d\u00e9ral de mobilit\u00e9, ce n\u2019est d\u2019ailleurs pas n\u00e9cessaire. \u200b \u200b Les\u00a0conducteurs\u00a0de voitures de soci\u00e9t\u00e9 peuvent \u00e9changer leur droit \u00e0 une voiture de soci\u00e9t\u00e9 contre un [&hellip;]<\/p>\n","protected":false},"author":4,"featured_media":581,"comment_status":"closed","ping_status":"closed","sticky":false,"template":"","format":"standard","meta":{"_acf_changed":false,"footnotes":""},"categories":[91,79],"tags":[],"class_list":["post-8871","post","type-post","status-publish","format-standard","has-post-thumbnail","hentry","category-expertise-et-management","category-societes-de-leasing"],"acf":[],"yoast_head":"<!-- This site is optimized with the Yoast SEO plugin v27.3 - https:\/\/yoast.com\/product\/yoast-seo-wordpress\/ -->\n<title>L\u2019assouplissement du budget f\u00e9d\u00e9ral de mobilit\u00e9 convainc les salari\u00e9s d\u2019Athlon Belgium - link2fleet<\/title>\n<meta name=\"description\" content=\"Cette semaine, le budget f\u00e9d\u00e9ral de mobilit\u00e9 f\u00eate ses quatre ans d\u2019existence. \u200b Les conditions de ce budget mobilit\u00e9 ont par ailleurs \u00e9t\u00e9 assouplies l\u2019ann\u00e9e\u2026\" \/>\n<meta name=\"robots\" content=\"index, follow, max-snippet:-1, max-image-preview:large, max-video-preview:-1\" \/>\n<meta property=\"og:locale\" content=\"fr_FR\" \/>\n<meta property=\"og:type\" content=\"article\" \/>\n<meta property=\"og:title\" content=\"L\u2019assouplissement du budget f\u00e9d\u00e9ral de mobilit\u00e9 convainc les salari\u00e9s d\u2019Athlon Belgium - link2fleet\" \/>\n<meta property=\"og:description\" content=\"Cette semaine, le budget f\u00e9d\u00e9ral de mobilit\u00e9 f\u00eate ses quatre ans d\u2019existence. \u200b Les conditions de ce budget mobilit\u00e9 ont par ailleurs \u00e9t\u00e9 assouplies l\u2019ann\u00e9e\u2026\" \/>\n<meta property=\"og:url\" content=\"https:\/\/www.link2fleet.com\/fr\/lassouplissement-du-budget-federal-de-mobilite-convainc-les-salaries-dathlon-belgium\/\" \/>\n<meta property=\"og:site_name\" content=\"link2fleet\" \/>\n<meta property=\"article:published_time\" content=\"2023-03-01T05:34:12+00:00\" \/>\n<meta property=\"article:modified_time\" content=\"2024-04-17T14:44:02+00:00\" \/>\n<meta property=\"og:image\" content=\"https:\/\/static.link2fleet.com\/wp-content\/uploads\/2024\/01\/athlon-budget-mobilite-scaled-1.jpg\" \/>\n\t<meta property=\"og:image:width\" content=\"2560\" \/>\n\t<meta property=\"og:image:height\" content=\"1360\" \/>\n\t<meta property=\"og:image:type\" content=\"image\/jpeg\" \/>\n<meta name=\"author\" content=\"Damien Malvetti\" \/>\n<meta name=\"twitter:card\" content=\"summary_large_image\" \/>\n<meta name=\"twitter:description\" content=\"Cette semaine, le budget f\u00e9d\u00e9ral de mobilit\u00e9 f\u00eate ses quatre ans d\u2019existence. \u200b Les conditions de ce budget mobilit\u00e9 ont par ailleurs \u00e9t\u00e9 assouplies l\u2019ann\u00e9e\u2026\" \/>\n<meta name=\"twitter:label1\" content=\"\u00c9crit par\" \/>\n\t<meta name=\"twitter:data1\" content=\"Damien Malvetti\" \/>\n\t<meta name=\"twitter:label2\" content=\"Dur\u00e9e de lecture estim\u00e9e\" \/>\n\t<meta name=\"twitter:data2\" content=\"4 minutes\" \/>\n<script type=\"application\/ld+json\" class=\"yoast-schema-graph\">{\"@context\":\"https:\\\/\\\/schema.org\",\"@graph\":[{\"@type\":\"Article\",\"@id\":\"https:\\\/\\\/www.link2fleet.com\\\/fr\\\/lassouplissement-du-budget-federal-de-mobilite-convainc-les-salaries-dathlon-belgium\\\/#article\",\"isPartOf\":{\"@id\":\"https:\\\/\\\/www.link2fleet.com\\\/fr\\\/lassouplissement-du-budget-federal-de-mobilite-convainc-les-salaries-dathlon-belgium\\\/\"},\"author\":{\"name\":\"Damien Malvetti\",\"@id\":\"https:\\\/\\\/www.link2fleet.com\\\/fr\\\/#\\\/schema\\\/person\\\/027cd46113c78036b3809c9a054049da\"},\"headline\":\"L\u2019assouplissement du budget f\u00e9d\u00e9ral de mobilit\u00e9 convainc les salari\u00e9s d\u2019Athlon Belgium\",\"datePublished\":\"2023-03-01T05:34:12+00:00\",\"dateModified\":\"2024-04-17T14:44:02+00:00\",\"mainEntityOfPage\":{\"@id\":\"https:\\\/\\\/www.link2fleet.com\\\/fr\\\/lassouplissement-du-budget-federal-de-mobilite-convainc-les-salaries-dathlon-belgium\\\/\"},\"wordCount\":783,\"publisher\":{\"@id\":\"https:\\\/\\\/www.link2fleet.com\\\/fr\\\/#organization\"},\"image\":{\"@id\":\"https:\\\/\\\/www.link2fleet.com\\\/fr\\\/lassouplissement-du-budget-federal-de-mobilite-convainc-les-salaries-dathlon-belgium\\\/#primaryimage\"},\"thumbnailUrl\":\"https:\\\/\\\/static.link2fleet.com\\\/wp-content\\\/uploads\\\/2024\\\/01\\\/athlon-budget-mobilite-scaled-1.jpg\",\"articleSection\":[\"Gestion de flotte\",\"Location long-terme\"],\"inLanguage\":\"fr-FR\"},{\"@type\":\"WebPage\",\"@id\":\"https:\\\/\\\/www.link2fleet.com\\\/fr\\\/lassouplissement-du-budget-federal-de-mobilite-convainc-les-salaries-dathlon-belgium\\\/\",\"url\":\"https:\\\/\\\/www.link2fleet.com\\\/fr\\\/lassouplissement-du-budget-federal-de-mobilite-convainc-les-salaries-dathlon-belgium\\\/\",\"name\":\"L\u2019assouplissement du budget f\u00e9d\u00e9ral de mobilit\u00e9 convainc les salari\u00e9s d\u2019Athlon Belgium - link2fleet\",\"isPartOf\":{\"@id\":\"https:\\\/\\\/www.link2fleet.com\\\/fr\\\/#website\"},\"primaryImageOfPage\":{\"@id\":\"https:\\\/\\\/www.link2fleet.com\\\/fr\\\/lassouplissement-du-budget-federal-de-mobilite-convainc-les-salaries-dathlon-belgium\\\/#primaryimage\"},\"image\":{\"@id\":\"https:\\\/\\\/www.link2fleet.com\\\/fr\\\/lassouplissement-du-budget-federal-de-mobilite-convainc-les-salaries-dathlon-belgium\\\/#primaryimage\"},\"thumbnailUrl\":\"https:\\\/\\\/static.link2fleet.com\\\/wp-content\\\/uploads\\\/2024\\\/01\\\/athlon-budget-mobilite-scaled-1.jpg\",\"datePublished\":\"2023-03-01T05:34:12+00:00\",\"dateModified\":\"2024-04-17T14:44:02+00:00\",\"breadcrumb\":{\"@id\":\"https:\\\/\\\/www.link2fleet.com\\\/fr\\\/lassouplissement-du-budget-federal-de-mobilite-convainc-les-salaries-dathlon-belgium\\\/#breadcrumb\"},\"inLanguage\":\"fr-FR\",\"potentialAction\":[{\"@type\":\"ReadAction\",\"target\":[\"https:\\\/\\\/www.link2fleet.com\\\/fr\\\/lassouplissement-du-budget-federal-de-mobilite-convainc-les-salaries-dathlon-belgium\\\/\"]}]},{\"@type\":\"ImageObject\",\"inLanguage\":\"fr-FR\",\"@id\":\"https:\\\/\\\/www.link2fleet.com\\\/fr\\\/lassouplissement-du-budget-federal-de-mobilite-convainc-les-salaries-dathlon-belgium\\\/#primaryimage\",\"url\":\"https:\\\/\\\/static.link2fleet.com\\\/wp-content\\\/uploads\\\/2024\\\/01\\\/athlon-budget-mobilite-scaled-1.jpg\",\"contentUrl\":\"https:\\\/\\\/static.link2fleet.com\\\/wp-content\\\/uploads\\\/2024\\\/01\\\/athlon-budget-mobilite-scaled-1.jpg\",\"width\":2560,\"height\":1360},{\"@type\":\"BreadcrumbList\",\"@id\":\"https:\\\/\\\/www.link2fleet.com\\\/fr\\\/lassouplissement-du-budget-federal-de-mobilite-convainc-les-salaries-dathlon-belgium\\\/#breadcrumb\",\"itemListElement\":[{\"@type\":\"ListItem\",\"position\":1,\"name\":\"Home\",\"item\":\"https:\\\/\\\/www.link2fleet.com\\\/fr\\\/\"},{\"@type\":\"ListItem\",\"position\":2,\"name\":\"L\u2019assouplissement du budget f\u00e9d\u00e9ral de mobilit\u00e9 convainc les salari\u00e9s d\u2019Athlon Belgium\"}]},{\"@type\":\"WebSite\",\"@id\":\"https:\\\/\\\/www.link2fleet.com\\\/fr\\\/#website\",\"url\":\"https:\\\/\\\/www.link2fleet.com\\\/fr\\\/\",\"name\":\"Link2fleet\",\"description\":\"\",\"publisher\":{\"@id\":\"https:\\\/\\\/www.link2fleet.com\\\/fr\\\/#organization\"},\"potentialAction\":[{\"@type\":\"SearchAction\",\"target\":{\"@type\":\"EntryPoint\",\"urlTemplate\":\"https:\\\/\\\/www.link2fleet.com\\\/fr\\\/?s={search_term_string}\"},\"query-input\":{\"@type\":\"PropertyValueSpecification\",\"valueRequired\":true,\"valueName\":\"search_term_string\"}}],\"inLanguage\":\"fr-FR\"},{\"@type\":\"Organization\",\"@id\":\"https:\\\/\\\/www.link2fleet.com\\\/fr\\\/#organization\",\"name\":\"Link2fleet\",\"url\":\"https:\\\/\\\/www.link2fleet.com\\\/fr\\\/\",\"logo\":{\"@type\":\"ImageObject\",\"inLanguage\":\"fr-FR\",\"@id\":\"https:\\\/\\\/www.link2fleet.com\\\/fr\\\/#\\\/schema\\\/logo\\\/image\\\/\",\"url\":\"https:\\\/\\\/static.link2fleet.com\\\/wp-content\\\/uploads\\\/2024\\\/03\\\/share-image.jpg\",\"contentUrl\":\"https:\\\/\\\/static.link2fleet.com\\\/wp-content\\\/uploads\\\/2024\\\/03\\\/share-image.jpg\",\"width\":1200,\"height\":630,\"caption\":\"Link2fleet\"},\"image\":{\"@id\":\"https:\\\/\\\/www.link2fleet.com\\\/fr\\\/#\\\/schema\\\/logo\\\/image\\\/\"},\"sameAs\":[\"https:\\\/\\\/www.linkedin.com\\\/company\\\/link2fleet-belgium\",\"https:\\\/\\\/www.youtube.com\\\/user\\\/MMMBMBE\"]},{\"@type\":\"Person\",\"@id\":\"https:\\\/\\\/www.link2fleet.com\\\/fr\\\/#\\\/schema\\\/person\\\/027cd46113c78036b3809c9a054049da\",\"name\":\"Damien Malvetti\",\"image\":{\"@type\":\"ImageObject\",\"inLanguage\":\"fr-FR\",\"@id\":\"https:\\\/\\\/secure.gravatar.com\\\/avatar\\\/dd8cc03b49466c735f753ac37f8caa371af16dfed347456ed61f02883255eebb?s=96&d=mm&r=g\",\"url\":\"https:\\\/\\\/secure.gravatar.com\\\/avatar\\\/dd8cc03b49466c735f753ac37f8caa371af16dfed347456ed61f02883255eebb?s=96&d=mm&r=g\",\"contentUrl\":\"https:\\\/\\\/secure.gravatar.com\\\/avatar\\\/dd8cc03b49466c735f753ac37f8caa371af16dfed347456ed61f02883255eebb?s=96&d=mm&r=g\",\"caption\":\"Damien Malvetti\"},\"description\":\"Damien Malvetti is opgeleid als journalist en gepassioneerd door wagens, technologie en mobiliteit. Hij is verantwoordelijk voor de redactionele inhoud van link2fleet en beschikt over een uitgebreide kennis van de fleet-sector en elektrische mobiliteit.\",\"sameAs\":[\"https:\\\/\\\/www.linkedin.com\\\/in\\\/damien-malvetti-56601142\\\/\"]}]}<\/script>\n<!-- \/ Yoast SEO plugin. -->","yoast_head_json":{"title":"L\u2019assouplissement du budget f\u00e9d\u00e9ral de mobilit\u00e9 convainc les salari\u00e9s d\u2019Athlon Belgium - link2fleet","description":"Cette semaine, le budget f\u00e9d\u00e9ral de mobilit\u00e9 f\u00eate ses quatre ans d\u2019existence. \u200b Les conditions de ce budget mobilit\u00e9 ont par ailleurs \u00e9t\u00e9 assouplies l\u2019ann\u00e9e\u2026","robots":{"index":"index","follow":"follow","max-snippet":"max-snippet:-1","max-image-preview":"max-image-preview:large","max-video-preview":"max-video-preview:-1"},"og_locale":"fr_FR","og_type":"article","og_title":"L\u2019assouplissement du budget f\u00e9d\u00e9ral de mobilit\u00e9 convainc les salari\u00e9s d\u2019Athlon Belgium - link2fleet","og_description":"Cette semaine, le budget f\u00e9d\u00e9ral de mobilit\u00e9 f\u00eate ses quatre ans d\u2019existence. \u200b Les conditions de ce budget mobilit\u00e9 ont par ailleurs \u00e9t\u00e9 assouplies l\u2019ann\u00e9e\u2026","og_url":"https:\/\/www.link2fleet.com\/fr\/lassouplissement-du-budget-federal-de-mobilite-convainc-les-salaries-dathlon-belgium\/","og_site_name":"link2fleet","article_published_time":"2023-03-01T05:34:12+00:00","article_modified_time":"2024-04-17T14:44:02+00:00","og_image":[{"width":2560,"height":1360,"url":"https:\/\/static.link2fleet.com\/wp-content\/uploads\/2024\/01\/athlon-budget-mobilite-scaled-1.jpg","type":"image\/jpeg"}],"author":"Damien Malvetti","twitter_card":"summary_large_image","twitter_description":"Cette semaine, le budget f\u00e9d\u00e9ral de mobilit\u00e9 f\u00eate ses quatre ans d\u2019existence. \u200b Les conditions de ce budget mobilit\u00e9 ont par ailleurs \u00e9t\u00e9 assouplies l\u2019ann\u00e9e\u2026","twitter_misc":{"\u00c9crit par":"Damien Malvetti","Dur\u00e9e de lecture estim\u00e9e":"4 minutes"},"schema":{"@context":"https:\/\/schema.org","@graph":[{"@type":"Article","@id":"https:\/\/www.link2fleet.com\/fr\/lassouplissement-du-budget-federal-de-mobilite-convainc-les-salaries-dathlon-belgium\/#article","isPartOf":{"@id":"https:\/\/www.link2fleet.com\/fr\/lassouplissement-du-budget-federal-de-mobilite-convainc-les-salaries-dathlon-belgium\/"},"author":{"name":"Damien Malvetti","@id":"https:\/\/www.link2fleet.com\/fr\/#\/schema\/person\/027cd46113c78036b3809c9a054049da"},"headline":"L\u2019assouplissement du budget f\u00e9d\u00e9ral de mobilit\u00e9 convainc les salari\u00e9s d\u2019Athlon Belgium","datePublished":"2023-03-01T05:34:12+00:00","dateModified":"2024-04-17T14:44:02+00:00","mainEntityOfPage":{"@id":"https:\/\/www.link2fleet.com\/fr\/lassouplissement-du-budget-federal-de-mobilite-convainc-les-salaries-dathlon-belgium\/"},"wordCount":783,"publisher":{"@id":"https:\/\/www.link2fleet.com\/fr\/#organization"},"image":{"@id":"https:\/\/www.link2fleet.com\/fr\/lassouplissement-du-budget-federal-de-mobilite-convainc-les-salaries-dathlon-belgium\/#primaryimage"},"thumbnailUrl":"https:\/\/static.link2fleet.com\/wp-content\/uploads\/2024\/01\/athlon-budget-mobilite-scaled-1.jpg","articleSection":["Gestion de flotte","Location long-terme"],"inLanguage":"fr-FR"},{"@type":"WebPage","@id":"https:\/\/www.link2fleet.com\/fr\/lassouplissement-du-budget-federal-de-mobilite-convainc-les-salaries-dathlon-belgium\/","url":"https:\/\/www.link2fleet.com\/fr\/lassouplissement-du-budget-federal-de-mobilite-convainc-les-salaries-dathlon-belgium\/","name":"L\u2019assouplissement du budget f\u00e9d\u00e9ral de mobilit\u00e9 convainc les salari\u00e9s d\u2019Athlon Belgium - link2fleet","isPartOf":{"@id":"https:\/\/www.link2fleet.com\/fr\/#website"},"primaryImageOfPage":{"@id":"https:\/\/www.link2fleet.com\/fr\/lassouplissement-du-budget-federal-de-mobilite-convainc-les-salaries-dathlon-belgium\/#primaryimage"},"image":{"@id":"https:\/\/www.link2fleet.com\/fr\/lassouplissement-du-budget-federal-de-mobilite-convainc-les-salaries-dathlon-belgium\/#primaryimage"},"thumbnailUrl":"https:\/\/static.link2fleet.com\/wp-content\/uploads\/2024\/01\/athlon-budget-mobilite-scaled-1.jpg","datePublished":"2023-03-01T05:34:12+00:00","dateModified":"2024-04-17T14:44:02+00:00","breadcrumb":{"@id":"https:\/\/www.link2fleet.com\/fr\/lassouplissement-du-budget-federal-de-mobilite-convainc-les-salaries-dathlon-belgium\/#breadcrumb"},"inLanguage":"fr-FR","potentialAction":[{"@type":"ReadAction","target":["https:\/\/www.link2fleet.com\/fr\/lassouplissement-du-budget-federal-de-mobilite-convainc-les-salaries-dathlon-belgium\/"]}]},{"@type":"ImageObject","inLanguage":"fr-FR","@id":"https:\/\/www.link2fleet.com\/fr\/lassouplissement-du-budget-federal-de-mobilite-convainc-les-salaries-dathlon-belgium\/#primaryimage","url":"https:\/\/static.link2fleet.com\/wp-content\/uploads\/2024\/01\/athlon-budget-mobilite-scaled-1.jpg","contentUrl":"https:\/\/static.link2fleet.com\/wp-content\/uploads\/2024\/01\/athlon-budget-mobilite-scaled-1.jpg","width":2560,"height":1360},{"@type":"BreadcrumbList","@id":"https:\/\/www.link2fleet.com\/fr\/lassouplissement-du-budget-federal-de-mobilite-convainc-les-salaries-dathlon-belgium\/#breadcrumb","itemListElement":[{"@type":"ListItem","position":1,"name":"Home","item":"https:\/\/www.link2fleet.com\/fr\/"},{"@type":"ListItem","position":2,"name":"L\u2019assouplissement du budget f\u00e9d\u00e9ral de mobilit\u00e9 convainc les salari\u00e9s d\u2019Athlon Belgium"}]},{"@type":"WebSite","@id":"https:\/\/www.link2fleet.com\/fr\/#website","url":"https:\/\/www.link2fleet.com\/fr\/","name":"Link2fleet","description":"","publisher":{"@id":"https:\/\/www.link2fleet.com\/fr\/#organization"},"potentialAction":[{"@type":"SearchAction","target":{"@type":"EntryPoint","urlTemplate":"https:\/\/www.link2fleet.com\/fr\/?s={search_term_string}"},"query-input":{"@type":"PropertyValueSpecification","valueRequired":true,"valueName":"search_term_string"}}],"inLanguage":"fr-FR"},{"@type":"Organization","@id":"https:\/\/www.link2fleet.com\/fr\/#organization","name":"Link2fleet","url":"https:\/\/www.link2fleet.com\/fr\/","logo":{"@type":"ImageObject","inLanguage":"fr-FR","@id":"https:\/\/www.link2fleet.com\/fr\/#\/schema\/logo\/image\/","url":"https:\/\/static.link2fleet.com\/wp-content\/uploads\/2024\/03\/share-image.jpg","contentUrl":"https:\/\/static.link2fleet.com\/wp-content\/uploads\/2024\/03\/share-image.jpg","width":1200,"height":630,"caption":"Link2fleet"},"image":{"@id":"https:\/\/www.link2fleet.com\/fr\/#\/schema\/logo\/image\/"},"sameAs":["https:\/\/www.linkedin.com\/company\/link2fleet-belgium","https:\/\/www.youtube.com\/user\/MMMBMBE"]},{"@type":"Person","@id":"https:\/\/www.link2fleet.com\/fr\/#\/schema\/person\/027cd46113c78036b3809c9a054049da","name":"Damien Malvetti","image":{"@type":"ImageObject","inLanguage":"fr-FR","@id":"https:\/\/secure.gravatar.com\/avatar\/dd8cc03b49466c735f753ac37f8caa371af16dfed347456ed61f02883255eebb?s=96&d=mm&r=g","url":"https:\/\/secure.gravatar.com\/avatar\/dd8cc03b49466c735f753ac37f8caa371af16dfed347456ed61f02883255eebb?s=96&d=mm&r=g","contentUrl":"https:\/\/secure.gravatar.com\/avatar\/dd8cc03b49466c735f753ac37f8caa371af16dfed347456ed61f02883255eebb?s=96&d=mm&r=g","caption":"Damien Malvetti"},"description":"Damien Malvetti is opgeleid als journalist en gepassioneerd door wagens, technologie en mobiliteit. Hij is verantwoordelijk voor de redactionele inhoud van link2fleet en beschikt over een uitgebreide kennis van de fleet-sector en elektrische mobiliteit.","sameAs":["https:\/\/www.linkedin.com\/in\/damien-malvetti-56601142\/"]}]}},"_links":{"self":[{"href":"https:\/\/www.link2fleet.com\/fr\/wp-json\/wp\/v2\/posts\/8871","targetHints":{"allow":["GET"]}}],"collection":[{"href":"https:\/\/www.link2fleet.com\/fr\/wp-json\/wp\/v2\/posts"}],"about":[{"href":"https:\/\/www.link2fleet.com\/fr\/wp-json\/wp\/v2\/types\/post"}],"author":[{"embeddable":true,"href":"https:\/\/www.link2fleet.com\/fr\/wp-json\/wp\/v2\/users\/4"}],"replies":[{"embeddable":true,"href":"https:\/\/www.link2fleet.com\/fr\/wp-json\/wp\/v2\/comments?post=8871"}],"version-history":[{"count":0,"href":"https:\/\/www.link2fleet.com\/fr\/wp-json\/wp\/v2\/posts\/8871\/revisions"}],"wp:featuredmedia":[{"embeddable":true,"href":"https:\/\/www.link2fleet.com\/fr\/wp-json\/wp\/v2\/media\/581"}],"wp:attachment":[{"href":"https:\/\/www.link2fleet.com\/fr\/wp-json\/wp\/v2\/media?parent=8871"}],"wp:term":[{"taxonomy":"category","embeddable":true,"href":"https:\/\/www.link2fleet.com\/fr\/wp-json\/wp\/v2\/categories?post=8871"},{"taxonomy":"post_tag","embeddable":true,"href":"https:\/\/www.link2fleet.com\/fr\/wp-json\/wp\/v2\/tags?post=8871"}],"curies":[{"name":"wp","href":"https:\/\/api.w.org\/{rel}","templated":true}]}}