{"id":8872,"date":"2023-03-01T06:59:59","date_gmt":"2023-03-01T05:59:59","guid":{"rendered":"https:\/\/www.link2fleet.com\/link2fleet-mobili-time-institute-passez-de-la-theorie-a-la-pratique\/"},"modified":"2024-04-17T16:44:01","modified_gmt":"2024-04-17T14:44:01","slug":"link2fleet-mobili-time-institute-passez-de-la-theorie-a-la-pratique","status":"publish","type":"post","link":"https:\/\/www.link2fleet.com\/fr\/link2fleet-mobili-time-institute-passez-de-la-theorie-a-la-pratique\/","title":{"rendered":"link2fleet Mobili-time institute: passez de la th\u00e9orie \u00e0 la pratique"},"content":{"rendered":"<p style=\"font-weight: 400;\">R\u00e9duction de l\u2019empreinte \u00e9cologique des d\u00e9placements des membres du personnel, r\u00e9tention et engagement des talents, image de l\u2019entreprise, r\u00e9duction du temps perdu dans les embouteillages, \u2026 les raisons pour mettre en place une mobility-policy au sein d\u2019une entreprise sont nombreuses. Le cadre l\u00e9gal du budget de mobilit\u00e9 est d\u00e9sormais aussi un incitant \u00e0 ce niveau et pourrait encore \u00eatre amen\u00e9 \u00e0 \u00e9voluer \u00e0 l\u2019avenir pour \u00eatre rendu accessible \u00e0 un plus grand nombre de travailleurs.<\/p>\n<p style=\"font-weight: 400;\">Lors de <a href=\"https:\/\/mailchi.mp\/link2fleet.com\/d5te6exkrd\">notre grande enqu\u00eate Company Car Report 2022 men\u00e9e aupr\u00e8s de 250 gestionnaires de flotte avec la collaboration de Mobia<\/a>, pr\u00e8s d\u2019un interrog\u00e9 sur 4 a point\u00e9 l\u2019\u00e9change de la voiture de soci\u00e9t\u00e9 contre le budget de mobilit\u00e9 comme faisant partie des grands d\u00e9fis auxquels ils vont devoir faire face dans les 6 \u00e0 12 prochains mois.<\/p>\n<p style=\"font-weight: 400;\">26% des entreprises interrog\u00e9es ont affirm\u00e9 avoir d\u00e9j\u00e0 mis en place un plan de mobilit\u00e9, tandis que 39% ont r\u00e9pondu que c\u2019\u00e9tait dans leurs projets futurs. Il faut dire que 42% des gestionnaires de flotte participants \u00e0 l\u2019enqu\u00eate ont d\u00e9j\u00e0 re\u00e7u des demandes d\u2019employ\u00e9s qui souhaitent remplacer leur voiture de soci\u00e9t\u00e9 par un budget de mobilit\u00e9. Et cette tendance ne va faire que cro\u00eetre \u00e0 l\u2019avenir avec l\u2019arriv\u00e9e de nouvelles g\u00e9n\u00e9rations de travailleurs de moins en moins int\u00e9ress\u00e9s par la possession d\u2019un v\u00e9hicule.<\/p>\n<p style=\"font-weight: 400;\">Reste \u00e0 savoir de quel budget de mobilit\u00e9 on parle. Car s\u2019il existe bien un cadre d\u00e9fini par le gouvernement f\u00e9d\u00e9ral, les entreprises peuvent aussi choisir de d\u00e9velopper leur propre version en fonction de leur situation ou des besoins sp\u00e9cifiques de leurs collaborateurs par exemple. Et mettre en place une politique de mobilit\u00e9, qu\u2019elle soit sur base du cadre l\u00e9gal ou sur-mesure, peut se r\u00e9v\u00e9ler un vrai casse-t\u00eate. Comment s\u2019y prendre\u00a0? Par o\u00f9 commencer\u00a0? Avec quels fournisseurs\u00a0? Quelles solutions alternatives faut-il int\u00e9grer\u00a0? Comment satisfaire son personnel\u00a0? Comment estimer le co\u00fbt de cette mobilit\u00e9 alternative pour l\u2019entreprise\u00a0? Les questions sont nombreuses et les r\u00e9ponses souvent tr\u00e8s complexes.<\/p>\n<p style=\"font-weight: 400;\">Pour aider les gestionnaires de flotte, CEO, d\u00e9partements Finance et RH, C-level et influenceurs dans cette t\u00e2che, link2fleet va proposer d\u00e8s cette ann\u00e9e un nouveau programme de formations d\u00e9di\u00e9es sous la d\u00e9nomination <a href=\"https:\/\/mobilitime.link2fleet.com\/fr\/\">Mobili-time institute<\/a>.<\/p>\n<p style=\"font-weight: 400;\">\n<p style=\"font-weight: 400;\"><strong>Digital learning et pr\u00e9sentiel<\/strong><\/p>\n<p style=\"font-weight: 400;\">Au terme de ce programme de formation d\u00e9velopp\u00e9 par link2fleet en collaboration avec Thierry Devresse (My Mobility Budget Bulter) et une s\u00e9rie d\u2019experts neutres, les participants auront toute la connaissance requise et les outils n\u00e9cessaires pour mettre concr\u00e8tement en place un budget de mobilit\u00e9 dans leur entreprise et le contr\u00f4ler au quotidien.<br \/>\nLe programme se composera de 4 webinaires gratuits et ouverts \u00e0 tous pour acqu\u00e9rir les pr\u00e9-requis et informations n\u00e9cessaires pour suivre les deux sessions de formation en pr\u00e9sentiel (payantes) propos\u00e9es par groupe de langue (fran\u00e7ais et n\u00e9erlandais). Deux modules compl\u00e9mentaires l\u2019un de l\u2019autre, compos\u00e9s chacun de deux sessions de digital learning suivies d\u2019une session en pr\u00e9sentiel, seront donc organis\u00e9s durant l\u2019ann\u00e9e. Il sera aussi possible de consulter, tout au long de l\u2019ann\u00e9e, des contenus d\u2019experts en digital learing (vid\u00e9os, articles, etc.) depuis notre site internet.<\/p>\n<p style=\"font-weight: 400;\">Parmi les th\u00e8mes abord\u00e9s, l\u2019\u00e9volution du TCO (Total Cost of Ownership) vers le TCM (Total Cost of Mobility), l\u2019\u00e9lectrification de la flotte avec le d\u00e9ploiement de solutions au bureau, au domicile des collaborateurs et sur le r\u00e9seau public, les avantages et inconv\u00e9nients du budget de mobilit\u00e9 l\u00e9gal ou d\u2019un plan de mobilit\u00e9 sur-mesure, ou encore l\u2019explication de toutes les solutions de mobilit\u00e9 alternative qui existent et qui peuvent \u00eatre adapt\u00e9es \u00e0 la r\u00e9alit\u00e9 de votre entreprise.<\/p>\n<p style=\"font-weight: 400;\">\n<p style=\"font-weight: 400;\"><strong>Mobili-time report<\/strong><\/p>\n<p style=\"font-weight: 400;\">Les tendances partag\u00e9es par les participants \u00e0 ces diff\u00e9rentes sessions permettront \u00e0 link2fleet de dresser plusieurs fois par an des analyses du secteur et des grands d\u00e9fis \u00e0 venir. Ces tendances seront regroup\u00e9es et analys\u00e9es de fa\u00e7on trimestrielle au sein du mobili-time report.<\/p>\n<p style=\"font-weight: 400;\">\n<p style=\"font-weight: 400;\">\n<blockquote>\n<p style=\"font-weight: 400;\"><strong>Infos pratiques<\/strong><\/p>\n<p style=\"font-weight: 400;\"><u>Sessions d\u2019informations &#8211; webinaires\u00a0*:<\/u><\/p>\n<ul>\n<li>09\/03\u00a0: TCO vs TCM<\/li>\n<li>20\/04\u00a0: Electrification<\/li>\n<\/ul>\n<p style=\"font-weight: 400;\"><u>Session de formation \u2013 pr\u00e9sentiel :<\/u><\/p>\n<p style=\"font-weight: 400;\">16\/05 (NL) &amp; 23\/05 (FR)\u00a0: TCO vs TCM \/ Electrification<\/p>\n<p style=\"font-weight: 400;\">\n<p style=\"font-weight: 400;\"><u>Sessions d\u2019informations \u2013 webinaires *:<\/u><\/p>\n<ul>\n<li>14\/09 : Federal\u00a0mobility\u00a0budget vs \u00ab\u00a0Inhouse\u00a0\u00bb\u00a0mobility\u200b<\/li>\n<li>09\/11 :Home-work &amp; alternative\/sustainable mobility solutions\u200b<\/li>\n<\/ul>\n<p style=\"font-weight: 400;\"><u>Session de formation \u2013 pr\u00e9sentiel :<\/u><\/p>\n<p style=\"font-weight: 400;\">28\/11 (NL) &amp; 05\/12 (FR): Federal\u00a0mobility\u00a0budget vs \u00ab\u00a0Inhouse\u00a0\u00bb\u00a0mobility\u200b \/\u00a0 Home-work &amp; alternative\/sustainable mobility solutions<\/p>\n<\/blockquote>\n<p style=\"font-weight: 400;\">\n<h3 style=\"font-weight: 400; text-align: center;\"><a href=\"https:\/\/mobilitime.link2fleet.com\/fr\/\"><strong>Vous souhaitez en savoir davantage sur le mobili-time institute\u00a0? Rendez-vous sur notre site internet<\/strong><\/a><\/h3>\n<p style=\"font-weight: 400;\">\n<p style=\"font-weight: 400;\">\n<p style=\"font-weight: 400;\">*les sessions webinaires durent 1h et sont propos\u00e9es par langue (NL \u00e0 9H30 et FR \u00e0 11H30).<\/p>\n<p style=\"font-weight: 400;\">Elles sont enregistr\u00e9es et peuvent donc \u00eatre visionn\u00e9es en ligne \u00e0 tout moment.<\/p>\n<p style=\"font-weight: 400;\">\n<p style=\"font-weight: 400;\">\n<p style=\"font-weight: 400;\">\n","protected":false},"excerpt":{"rendered":"<p>R\u00e9duction de l\u2019empreinte \u00e9cologique des d\u00e9placements des membres du personnel, r\u00e9tention et engagement des talents, image de l\u2019entreprise, r\u00e9duction du temps perdu dans les embouteillages, \u2026 les raisons pour mettre en place une mobility-policy au sein d\u2019une entreprise sont nombreuses. Le cadre l\u00e9gal du budget de mobilit\u00e9 est d\u00e9sormais aussi un incitant \u00e0 ce niveau [&hellip;]<\/p>\n","protected":false},"author":4,"featured_media":8873,"comment_status":"closed","ping_status":"closed","sticky":false,"template":"","format":"standard","meta":{"_acf_changed":false,"footnotes":""},"categories":[95,91],"tags":[],"class_list":["post-8872","post","type-post","status-publish","format-standard","has-post-thumbnail","hentry","category-organisations-professionnelles-federations-experts","category-expertise-et-management"],"acf":[],"yoast_head":"<!-- This site is optimized with the Yoast SEO plugin v27.3 - https:\/\/yoast.com\/product\/yoast-seo-wordpress\/ -->\n<title>link2fleet Mobili-time institute: passez de la th\u00e9orie \u00e0 la pratique - link2fleet<\/title>\n<meta name=\"description\" content=\"A c\u00f4t\u00e9 de la transition \u00e9nerg\u00e9tique, la mise en place d\u2019une politique de mobilit\u00e9 alternative et durable repr\u00e9sente le second grand d\u00e9fi des gestionnaires de\u2026\" \/>\n<meta name=\"robots\" content=\"index, follow, max-snippet:-1, max-image-preview:large, max-video-preview:-1\" \/>\n<meta property=\"og:locale\" content=\"fr_FR\" \/>\n<meta property=\"og:type\" content=\"article\" \/>\n<meta property=\"og:title\" content=\"link2fleet Mobili-time institute: passez de la th\u00e9orie \u00e0 la pratique - link2fleet\" \/>\n<meta property=\"og:description\" content=\"A c\u00f4t\u00e9 de la transition \u00e9nerg\u00e9tique, la mise en place d\u2019une politique de mobilit\u00e9 alternative et durable repr\u00e9sente le second grand d\u00e9fi des gestionnaires de\u2026\" \/>\n<meta property=\"og:url\" content=\"https:\/\/www.link2fleet.com\/fr\/link2fleet-mobili-time-institute-passez-de-la-theorie-a-la-pratique\/\" \/>\n<meta property=\"og:site_name\" content=\"link2fleet\" \/>\n<meta property=\"article:published_time\" content=\"2023-03-01T05:59:59+00:00\" \/>\n<meta property=\"article:modified_time\" content=\"2024-04-17T14:44:01+00:00\" \/>\n<meta property=\"og:image\" content=\"https:\/\/static.link2fleet.com\/wp-content\/uploads\/2024\/03\/mobilitime-webinars-conference-formation.png\" \/>\n\t<meta property=\"og:image:width\" content=\"596\" \/>\n\t<meta property=\"og:image:height\" content=\"387\" \/>\n\t<meta property=\"og:image:type\" content=\"image\/png\" \/>\n<meta name=\"author\" content=\"Damien Malvetti\" \/>\n<meta name=\"twitter:card\" content=\"summary_large_image\" \/>\n<meta name=\"twitter:description\" content=\"A c\u00f4t\u00e9 de la transition \u00e9nerg\u00e9tique, la mise en place d\u2019une politique de mobilit\u00e9 alternative et durable repr\u00e9sente le second grand d\u00e9fi des gestionnaires de\u2026\" \/>\n<meta name=\"twitter:label1\" content=\"\u00c9crit par\" \/>\n\t<meta name=\"twitter:data1\" content=\"Damien Malvetti\" \/>\n\t<meta name=\"twitter:label2\" content=\"Dur\u00e9e de lecture estim\u00e9e\" \/>\n\t<meta name=\"twitter:data2\" content=\"4 minutes\" \/>\n<script type=\"application\/ld+json\" class=\"yoast-schema-graph\">{\"@context\":\"https:\\\/\\\/schema.org\",\"@graph\":[{\"@type\":\"Article\",\"@id\":\"https:\\\/\\\/www.link2fleet.com\\\/fr\\\/link2fleet-mobili-time-institute-passez-de-la-theorie-a-la-pratique\\\/#article\",\"isPartOf\":{\"@id\":\"https:\\\/\\\/www.link2fleet.com\\\/fr\\\/link2fleet-mobili-time-institute-passez-de-la-theorie-a-la-pratique\\\/\"},\"author\":{\"name\":\"Damien Malvetti\",\"@id\":\"https:\\\/\\\/www.link2fleet.com\\\/fr\\\/#\\\/schema\\\/person\\\/027cd46113c78036b3809c9a054049da\"},\"headline\":\"link2fleet Mobili-time institute: passez de la th\u00e9orie \u00e0 la pratique\",\"datePublished\":\"2023-03-01T05:59:59+00:00\",\"dateModified\":\"2024-04-17T14:44:01+00:00\",\"mainEntityOfPage\":{\"@id\":\"https:\\\/\\\/www.link2fleet.com\\\/fr\\\/link2fleet-mobili-time-institute-passez-de-la-theorie-a-la-pratique\\\/\"},\"wordCount\":820,\"publisher\":{\"@id\":\"https:\\\/\\\/www.link2fleet.com\\\/fr\\\/#organization\"},\"image\":{\"@id\":\"https:\\\/\\\/www.link2fleet.com\\\/fr\\\/link2fleet-mobili-time-institute-passez-de-la-theorie-a-la-pratique\\\/#primaryimage\"},\"thumbnailUrl\":\"https:\\\/\\\/static.link2fleet.com\\\/wp-content\\\/uploads\\\/2024\\\/03\\\/mobilitime-webinars-conference-formation.png\",\"articleSection\":[\"Expertise et f\u00e9d\u00e9rations\",\"Gestion de flotte\"],\"inLanguage\":\"fr-FR\"},{\"@type\":\"WebPage\",\"@id\":\"https:\\\/\\\/www.link2fleet.com\\\/fr\\\/link2fleet-mobili-time-institute-passez-de-la-theorie-a-la-pratique\\\/\",\"url\":\"https:\\\/\\\/www.link2fleet.com\\\/fr\\\/link2fleet-mobili-time-institute-passez-de-la-theorie-a-la-pratique\\\/\",\"name\":\"link2fleet Mobili-time institute: passez de la th\u00e9orie \u00e0 la pratique - link2fleet\",\"isPartOf\":{\"@id\":\"https:\\\/\\\/www.link2fleet.com\\\/fr\\\/#website\"},\"primaryImageOfPage\":{\"@id\":\"https:\\\/\\\/www.link2fleet.com\\\/fr\\\/link2fleet-mobili-time-institute-passez-de-la-theorie-a-la-pratique\\\/#primaryimage\"},\"image\":{\"@id\":\"https:\\\/\\\/www.link2fleet.com\\\/fr\\\/link2fleet-mobili-time-institute-passez-de-la-theorie-a-la-pratique\\\/#primaryimage\"},\"thumbnailUrl\":\"https:\\\/\\\/static.link2fleet.com\\\/wp-content\\\/uploads\\\/2024\\\/03\\\/mobilitime-webinars-conference-formation.png\",\"datePublished\":\"2023-03-01T05:59:59+00:00\",\"dateModified\":\"2024-04-17T14:44:01+00:00\",\"breadcrumb\":{\"@id\":\"https:\\\/\\\/www.link2fleet.com\\\/fr\\\/link2fleet-mobili-time-institute-passez-de-la-theorie-a-la-pratique\\\/#breadcrumb\"},\"inLanguage\":\"fr-FR\",\"potentialAction\":[{\"@type\":\"ReadAction\",\"target\":[\"https:\\\/\\\/www.link2fleet.com\\\/fr\\\/link2fleet-mobili-time-institute-passez-de-la-theorie-a-la-pratique\\\/\"]}]},{\"@type\":\"ImageObject\",\"inLanguage\":\"fr-FR\",\"@id\":\"https:\\\/\\\/www.link2fleet.com\\\/fr\\\/link2fleet-mobili-time-institute-passez-de-la-theorie-a-la-pratique\\\/#primaryimage\",\"url\":\"https:\\\/\\\/static.link2fleet.com\\\/wp-content\\\/uploads\\\/2024\\\/03\\\/mobilitime-webinars-conference-formation.png\",\"contentUrl\":\"https:\\\/\\\/static.link2fleet.com\\\/wp-content\\\/uploads\\\/2024\\\/03\\\/mobilitime-webinars-conference-formation.png\",\"width\":596,\"height\":387},{\"@type\":\"BreadcrumbList\",\"@id\":\"https:\\\/\\\/www.link2fleet.com\\\/fr\\\/link2fleet-mobili-time-institute-passez-de-la-theorie-a-la-pratique\\\/#breadcrumb\",\"itemListElement\":[{\"@type\":\"ListItem\",\"position\":1,\"name\":\"Home\",\"item\":\"https:\\\/\\\/www.link2fleet.com\\\/fr\\\/\"},{\"@type\":\"ListItem\",\"position\":2,\"name\":\"link2fleet Mobili-time institute: passez de la th\u00e9orie \u00e0 la pratique\"}]},{\"@type\":\"WebSite\",\"@id\":\"https:\\\/\\\/www.link2fleet.com\\\/fr\\\/#website\",\"url\":\"https:\\\/\\\/www.link2fleet.com\\\/fr\\\/\",\"name\":\"Link2fleet\",\"description\":\"\",\"publisher\":{\"@id\":\"https:\\\/\\\/www.link2fleet.com\\\/fr\\\/#organization\"},\"potentialAction\":[{\"@type\":\"SearchAction\",\"target\":{\"@type\":\"EntryPoint\",\"urlTemplate\":\"https:\\\/\\\/www.link2fleet.com\\\/fr\\\/?s={search_term_string}\"},\"query-input\":{\"@type\":\"PropertyValueSpecification\",\"valueRequired\":true,\"valueName\":\"search_term_string\"}}],\"inLanguage\":\"fr-FR\"},{\"@type\":\"Organization\",\"@id\":\"https:\\\/\\\/www.link2fleet.com\\\/fr\\\/#organization\",\"name\":\"Link2fleet\",\"url\":\"https:\\\/\\\/www.link2fleet.com\\\/fr\\\/\",\"logo\":{\"@type\":\"ImageObject\",\"inLanguage\":\"fr-FR\",\"@id\":\"https:\\\/\\\/www.link2fleet.com\\\/fr\\\/#\\\/schema\\\/logo\\\/image\\\/\",\"url\":\"https:\\\/\\\/static.link2fleet.com\\\/wp-content\\\/uploads\\\/2024\\\/03\\\/share-image.jpg\",\"contentUrl\":\"https:\\\/\\\/static.link2fleet.com\\\/wp-content\\\/uploads\\\/2024\\\/03\\\/share-image.jpg\",\"width\":1200,\"height\":630,\"caption\":\"Link2fleet\"},\"image\":{\"@id\":\"https:\\\/\\\/www.link2fleet.com\\\/fr\\\/#\\\/schema\\\/logo\\\/image\\\/\"},\"sameAs\":[\"https:\\\/\\\/www.linkedin.com\\\/company\\\/link2fleet-belgium\",\"https:\\\/\\\/www.youtube.com\\\/user\\\/MMMBMBE\"]},{\"@type\":\"Person\",\"@id\":\"https:\\\/\\\/www.link2fleet.com\\\/fr\\\/#\\\/schema\\\/person\\\/027cd46113c78036b3809c9a054049da\",\"name\":\"Damien Malvetti\",\"image\":{\"@type\":\"ImageObject\",\"inLanguage\":\"fr-FR\",\"@id\":\"https:\\\/\\\/secure.gravatar.com\\\/avatar\\\/dd8cc03b49466c735f753ac37f8caa371af16dfed347456ed61f02883255eebb?s=96&d=mm&r=g\",\"url\":\"https:\\\/\\\/secure.gravatar.com\\\/avatar\\\/dd8cc03b49466c735f753ac37f8caa371af16dfed347456ed61f02883255eebb?s=96&d=mm&r=g\",\"contentUrl\":\"https:\\\/\\\/secure.gravatar.com\\\/avatar\\\/dd8cc03b49466c735f753ac37f8caa371af16dfed347456ed61f02883255eebb?s=96&d=mm&r=g\",\"caption\":\"Damien Malvetti\"},\"description\":\"Damien Malvetti is opgeleid als journalist en gepassioneerd door wagens, technologie en mobiliteit. Hij is verantwoordelijk voor de redactionele inhoud van link2fleet en beschikt over een uitgebreide kennis van de fleet-sector en elektrische mobiliteit.\",\"sameAs\":[\"https:\\\/\\\/www.linkedin.com\\\/in\\\/damien-malvetti-56601142\\\/\"]}]}<\/script>\n<!-- \/ Yoast SEO plugin. -->","yoast_head_json":{"title":"link2fleet Mobili-time institute: passez de la th\u00e9orie \u00e0 la pratique - link2fleet","description":"A c\u00f4t\u00e9 de la transition \u00e9nerg\u00e9tique, la mise en place d\u2019une politique de mobilit\u00e9 alternative et durable repr\u00e9sente le second grand d\u00e9fi des gestionnaires de\u2026","robots":{"index":"index","follow":"follow","max-snippet":"max-snippet:-1","max-image-preview":"max-image-preview:large","max-video-preview":"max-video-preview:-1"},"og_locale":"fr_FR","og_type":"article","og_title":"link2fleet Mobili-time institute: passez de la th\u00e9orie \u00e0 la pratique - link2fleet","og_description":"A c\u00f4t\u00e9 de la transition \u00e9nerg\u00e9tique, la mise en place d\u2019une politique de mobilit\u00e9 alternative et durable repr\u00e9sente le second grand d\u00e9fi des gestionnaires de\u2026","og_url":"https:\/\/www.link2fleet.com\/fr\/link2fleet-mobili-time-institute-passez-de-la-theorie-a-la-pratique\/","og_site_name":"link2fleet","article_published_time":"2023-03-01T05:59:59+00:00","article_modified_time":"2024-04-17T14:44:01+00:00","og_image":[{"width":596,"height":387,"url":"https:\/\/static.link2fleet.com\/wp-content\/uploads\/2024\/03\/mobilitime-webinars-conference-formation.png","type":"image\/png"}],"author":"Damien Malvetti","twitter_card":"summary_large_image","twitter_description":"A c\u00f4t\u00e9 de la transition \u00e9nerg\u00e9tique, la mise en place d\u2019une politique de mobilit\u00e9 alternative et durable repr\u00e9sente le second grand d\u00e9fi des gestionnaires de\u2026","twitter_misc":{"\u00c9crit par":"Damien Malvetti","Dur\u00e9e de lecture estim\u00e9e":"4 minutes"},"schema":{"@context":"https:\/\/schema.org","@graph":[{"@type":"Article","@id":"https:\/\/www.link2fleet.com\/fr\/link2fleet-mobili-time-institute-passez-de-la-theorie-a-la-pratique\/#article","isPartOf":{"@id":"https:\/\/www.link2fleet.com\/fr\/link2fleet-mobili-time-institute-passez-de-la-theorie-a-la-pratique\/"},"author":{"name":"Damien Malvetti","@id":"https:\/\/www.link2fleet.com\/fr\/#\/schema\/person\/027cd46113c78036b3809c9a054049da"},"headline":"link2fleet Mobili-time institute: passez de la th\u00e9orie \u00e0 la pratique","datePublished":"2023-03-01T05:59:59+00:00","dateModified":"2024-04-17T14:44:01+00:00","mainEntityOfPage":{"@id":"https:\/\/www.link2fleet.com\/fr\/link2fleet-mobili-time-institute-passez-de-la-theorie-a-la-pratique\/"},"wordCount":820,"publisher":{"@id":"https:\/\/www.link2fleet.com\/fr\/#organization"},"image":{"@id":"https:\/\/www.link2fleet.com\/fr\/link2fleet-mobili-time-institute-passez-de-la-theorie-a-la-pratique\/#primaryimage"},"thumbnailUrl":"https:\/\/static.link2fleet.com\/wp-content\/uploads\/2024\/03\/mobilitime-webinars-conference-formation.png","articleSection":["Expertise et f\u00e9d\u00e9rations","Gestion de flotte"],"inLanguage":"fr-FR"},{"@type":"WebPage","@id":"https:\/\/www.link2fleet.com\/fr\/link2fleet-mobili-time-institute-passez-de-la-theorie-a-la-pratique\/","url":"https:\/\/www.link2fleet.com\/fr\/link2fleet-mobili-time-institute-passez-de-la-theorie-a-la-pratique\/","name":"link2fleet Mobili-time institute: passez de la th\u00e9orie \u00e0 la pratique - link2fleet","isPartOf":{"@id":"https:\/\/www.link2fleet.com\/fr\/#website"},"primaryImageOfPage":{"@id":"https:\/\/www.link2fleet.com\/fr\/link2fleet-mobili-time-institute-passez-de-la-theorie-a-la-pratique\/#primaryimage"},"image":{"@id":"https:\/\/www.link2fleet.com\/fr\/link2fleet-mobili-time-institute-passez-de-la-theorie-a-la-pratique\/#primaryimage"},"thumbnailUrl":"https:\/\/static.link2fleet.com\/wp-content\/uploads\/2024\/03\/mobilitime-webinars-conference-formation.png","datePublished":"2023-03-01T05:59:59+00:00","dateModified":"2024-04-17T14:44:01+00:00","breadcrumb":{"@id":"https:\/\/www.link2fleet.com\/fr\/link2fleet-mobili-time-institute-passez-de-la-theorie-a-la-pratique\/#breadcrumb"},"inLanguage":"fr-FR","potentialAction":[{"@type":"ReadAction","target":["https:\/\/www.link2fleet.com\/fr\/link2fleet-mobili-time-institute-passez-de-la-theorie-a-la-pratique\/"]}]},{"@type":"ImageObject","inLanguage":"fr-FR","@id":"https:\/\/www.link2fleet.com\/fr\/link2fleet-mobili-time-institute-passez-de-la-theorie-a-la-pratique\/#primaryimage","url":"https:\/\/static.link2fleet.com\/wp-content\/uploads\/2024\/03\/mobilitime-webinars-conference-formation.png","contentUrl":"https:\/\/static.link2fleet.com\/wp-content\/uploads\/2024\/03\/mobilitime-webinars-conference-formation.png","width":596,"height":387},{"@type":"BreadcrumbList","@id":"https:\/\/www.link2fleet.com\/fr\/link2fleet-mobili-time-institute-passez-de-la-theorie-a-la-pratique\/#breadcrumb","itemListElement":[{"@type":"ListItem","position":1,"name":"Home","item":"https:\/\/www.link2fleet.com\/fr\/"},{"@type":"ListItem","position":2,"name":"link2fleet Mobili-time institute: passez de la th\u00e9orie \u00e0 la pratique"}]},{"@type":"WebSite","@id":"https:\/\/www.link2fleet.com\/fr\/#website","url":"https:\/\/www.link2fleet.com\/fr\/","name":"Link2fleet","description":"","publisher":{"@id":"https:\/\/www.link2fleet.com\/fr\/#organization"},"potentialAction":[{"@type":"SearchAction","target":{"@type":"EntryPoint","urlTemplate":"https:\/\/www.link2fleet.com\/fr\/?s={search_term_string}"},"query-input":{"@type":"PropertyValueSpecification","valueRequired":true,"valueName":"search_term_string"}}],"inLanguage":"fr-FR"},{"@type":"Organization","@id":"https:\/\/www.link2fleet.com\/fr\/#organization","name":"Link2fleet","url":"https:\/\/www.link2fleet.com\/fr\/","logo":{"@type":"ImageObject","inLanguage":"fr-FR","@id":"https:\/\/www.link2fleet.com\/fr\/#\/schema\/logo\/image\/","url":"https:\/\/static.link2fleet.com\/wp-content\/uploads\/2024\/03\/share-image.jpg","contentUrl":"https:\/\/static.link2fleet.com\/wp-content\/uploads\/2024\/03\/share-image.jpg","width":1200,"height":630,"caption":"Link2fleet"},"image":{"@id":"https:\/\/www.link2fleet.com\/fr\/#\/schema\/logo\/image\/"},"sameAs":["https:\/\/www.linkedin.com\/company\/link2fleet-belgium","https:\/\/www.youtube.com\/user\/MMMBMBE"]},{"@type":"Person","@id":"https:\/\/www.link2fleet.com\/fr\/#\/schema\/person\/027cd46113c78036b3809c9a054049da","name":"Damien Malvetti","image":{"@type":"ImageObject","inLanguage":"fr-FR","@id":"https:\/\/secure.gravatar.com\/avatar\/dd8cc03b49466c735f753ac37f8caa371af16dfed347456ed61f02883255eebb?s=96&d=mm&r=g","url":"https:\/\/secure.gravatar.com\/avatar\/dd8cc03b49466c735f753ac37f8caa371af16dfed347456ed61f02883255eebb?s=96&d=mm&r=g","contentUrl":"https:\/\/secure.gravatar.com\/avatar\/dd8cc03b49466c735f753ac37f8caa371af16dfed347456ed61f02883255eebb?s=96&d=mm&r=g","caption":"Damien Malvetti"},"description":"Damien Malvetti is opgeleid als journalist en gepassioneerd door wagens, technologie en mobiliteit. Hij is verantwoordelijk voor de redactionele inhoud van link2fleet en beschikt over een uitgebreide kennis van de fleet-sector en elektrische mobiliteit.","sameAs":["https:\/\/www.linkedin.com\/in\/damien-malvetti-56601142\/"]}]}},"_links":{"self":[{"href":"https:\/\/www.link2fleet.com\/fr\/wp-json\/wp\/v2\/posts\/8872","targetHints":{"allow":["GET"]}}],"collection":[{"href":"https:\/\/www.link2fleet.com\/fr\/wp-json\/wp\/v2\/posts"}],"about":[{"href":"https:\/\/www.link2fleet.com\/fr\/wp-json\/wp\/v2\/types\/post"}],"author":[{"embeddable":true,"href":"https:\/\/www.link2fleet.com\/fr\/wp-json\/wp\/v2\/users\/4"}],"replies":[{"embeddable":true,"href":"https:\/\/www.link2fleet.com\/fr\/wp-json\/wp\/v2\/comments?post=8872"}],"version-history":[{"count":0,"href":"https:\/\/www.link2fleet.com\/fr\/wp-json\/wp\/v2\/posts\/8872\/revisions"}],"wp:featuredmedia":[{"embeddable":true,"href":"https:\/\/www.link2fleet.com\/fr\/wp-json\/wp\/v2\/media\/8873"}],"wp:attachment":[{"href":"https:\/\/www.link2fleet.com\/fr\/wp-json\/wp\/v2\/media?parent=8872"}],"wp:term":[{"taxonomy":"category","embeddable":true,"href":"https:\/\/www.link2fleet.com\/fr\/wp-json\/wp\/v2\/categories?post=8872"},{"taxonomy":"post_tag","embeddable":true,"href":"https:\/\/www.link2fleet.com\/fr\/wp-json\/wp\/v2\/tags?post=8872"}],"curies":[{"name":"wp","href":"https:\/\/api.w.org\/{rel}","templated":true}]}}