{"id":8893,"date":"2023-03-02T08:40:29","date_gmt":"2023-03-02T07:40:29","guid":{"rendered":"https:\/\/www.link2fleet.com\/la-carte-de-carburant-nest-pas-abordee-dans-la-phase-1-du-taxshift\/"},"modified":"2023-03-02T08:40:29","modified_gmt":"2023-03-02T07:40:29","slug":"la-carte-de-carburant-nest-pas-abordee-dans-la-phase-1-du-taxshift","status":"publish","type":"post","link":"https:\/\/www.link2fleet.com\/fr\/la-carte-de-carburant-nest-pas-abordee-dans-la-phase-1-du-taxshift\/","title":{"rendered":"La carte de carburant n&rsquo;est pas abord\u00e9e dans la phase 1 du taxshift"},"content":{"rendered":"<p>Ce taxshift est en pr\u00e9paration depuis environ deux ans et est d\u00e9j\u00e0 pass\u00e9 par plusieurs \u00e9tapes. La proposition qui nous est pr\u00e9sent\u00e9e aujourd&rsquo;hui doit encore \u00eatre approuv\u00e9e et pourrait encore subir de petits changements. Il y a toutefois de bonnes nouvelles en ce qui concerne les voitures de soci\u00e9t\u00e9.<\/p>\n<p>Le premier point, le plus important, confirme que le r\u00e9gime fiscal actuel des voitures de soci\u00e9t\u00e9 et, en particulier, les r\u00e8gles d&rsquo;\u00e9valuation forfaitaire de l&rsquo;avantage en nature ne sont pas affect\u00e9s. Plus pr\u00e9cis\u00e9ment, cela signifie une r\u00e9affirmation des formules actuelles de calcul de l&rsquo;avantage en nature. Celles-ci ne changeront donc pas. Cependant, la formule sera index\u00e9e chaque ann\u00e9e. Rappelons ensuite que la restriction pr\u00e9c\u00e9demment annonc\u00e9e de la d\u00e9ductibilit\u00e9 fiscale de la carte carburant n&rsquo;a pas \u00e9t\u00e9 retenue pour le moment dans la phase 1 actuelle du taxshift.<\/p>\n<p>Le ministre a estim\u00e9 qu&rsquo;il \u00e9tait plus important que les dispositions fiscales autour de l&rsquo;\u00e9cologisation du parc automobile qui s&rsquo;\u00e9tendent jusqu&rsquo;en 2031 continuent d&rsquo;\u00eatre appliqu\u00e9es.<\/p>\n<p style=\"font-weight: 400;\">Les premiers \u00e9l\u00e9ments sont d\u00e9j\u00e0 applicables, notamment la limitation de la d\u00e9duction de 50 % des frais de carburant fossile pour les v\u00e9hicules hybrides rechargeables command\u00e9s \u00e0 partir du 1er janvier 2023. En outre, des restrictions fiscales suppl\u00e9mentaires commenceront pour les commandes \u00e0 partir du 1er juillet 2023, notamment la r\u00e9duction progressive de la d\u00e9ductibilit\u00e9 fiscale des v\u00e9hicules non z\u00e9ro \u00e9mission et l&rsquo;augmentation des contributions CO2 pour ces m\u00eames v\u00e9hicules. Ainsi, dans le cadre de la s\u00e9curit\u00e9 juridique fiscale, la phase 1 du taxshift ne comprend pas de mesures suppl\u00e9mentaires pour les v\u00e9hicules de soci\u00e9t\u00e9. Enfin, le ministre a annonc\u00e9 que la mise \u00e0 disposition gratuite aux dirigeants d&rsquo;entreprise d&rsquo;un logement, du chauffage, de l&rsquo;\u00e9lectricit\u00e9 \u00e0 usage domestique et du personnel domestique sera \u00e9valu\u00e9e \u00e0 leur valeur marchande r\u00e9elle et non plus selon les m\u00e9thodes d&rsquo;\u00e9valuation forfaitaire avantageuses.<\/p>\n<p style=\"font-weight: 400;\">\n","protected":false},"excerpt":{"rendered":"<p>Ce taxshift est en pr\u00e9paration depuis environ deux ans et est d\u00e9j\u00e0 pass\u00e9 par plusieurs \u00e9tapes. La proposition qui nous est pr\u00e9sent\u00e9e aujourd&rsquo;hui doit encore \u00eatre approuv\u00e9e et pourrait encore subir de petits changements. Il y a toutefois de bonnes nouvelles en ce qui concerne les voitures de soci\u00e9t\u00e9. Le premier point, le plus important, [&hellip;]<\/p>\n","protected":false},"author":11,"featured_media":8894,"comment_status":"closed","ping_status":"closed","sticky":false,"template":"","format":"standard","meta":{"_acf_changed":false,"footnotes":""},"categories":[91,101],"tags":[],"class_list":["post-8893","post","type-post","status-publish","format-standard","has-post-thumbnail","hentry","category-expertise-et-management","category-tax-legal"],"acf":[],"yoast_head":"<!-- This site is optimized with the Yoast SEO plugin v27.3 - https:\/\/yoast.com\/product\/yoast-seo-wordpress\/ -->\n<title>La carte de carburant n&#039;est pas abord\u00e9e dans la phase 1 du taxshift - link2fleet<\/title>\n<meta name=\"description\" content=\"Le ministre des Finances Vincent Van Peteghem a pr\u00e9sent\u00e9 aujourd&rsquo;hui la premi\u00e8re phase de son plan de r\u00e9forme fiscale aux partenaires du gouvernement. Il s&rsquo;agit\u2026\" \/>\n<meta name=\"robots\" content=\"index, follow, max-snippet:-1, max-image-preview:large, max-video-preview:-1\" \/>\n<meta property=\"og:locale\" content=\"fr_FR\" \/>\n<meta property=\"og:type\" content=\"article\" \/>\n<meta property=\"og:title\" content=\"La carte de carburant n&#039;est pas abord\u00e9e dans la phase 1 du taxshift - link2fleet\" \/>\n<meta property=\"og:description\" content=\"Le ministre des Finances Vincent Van Peteghem a pr\u00e9sent\u00e9 aujourd&rsquo;hui la premi\u00e8re phase de son plan de r\u00e9forme fiscale aux partenaires du gouvernement. Il s&rsquo;agit\u2026\" \/>\n<meta property=\"og:url\" content=\"https:\/\/www.link2fleet.com\/fr\/la-carte-de-carburant-nest-pas-abordee-dans-la-phase-1-du-taxshift\/\" \/>\n<meta property=\"og:site_name\" content=\"link2fleet\" \/>\n<meta property=\"article:published_time\" content=\"2023-03-02T07:40:29+00:00\" \/>\n<meta property=\"og:image\" content=\"https:\/\/static.link2fleet.com\/wp-content\/uploads\/2024\/03\/voitre-societe.jpg\" \/>\n\t<meta property=\"og:image:width\" content=\"800\" \/>\n\t<meta property=\"og:image:height\" content=\"566\" \/>\n\t<meta property=\"og:image:type\" content=\"image\/jpeg\" \/>\n<meta name=\"author\" content=\"Michel Willems - Mobilitas\" \/>\n<meta name=\"twitter:card\" content=\"summary_large_image\" \/>\n<meta name=\"twitter:description\" content=\"Le ministre des Finances Vincent Van Peteghem a pr\u00e9sent\u00e9 aujourd&rsquo;hui la premi\u00e8re phase de son plan de r\u00e9forme fiscale aux partenaires du gouvernement. Il s&rsquo;agit\u2026\" \/>\n<meta name=\"twitter:label1\" content=\"\u00c9crit par\" \/>\n\t<meta name=\"twitter:data1\" content=\"Michel Willems - Mobilitas\" \/>\n\t<meta name=\"twitter:label2\" content=\"Dur\u00e9e de lecture estim\u00e9e\" \/>\n\t<meta name=\"twitter:data2\" content=\"2 minutes\" \/>\n<script type=\"application\/ld+json\" class=\"yoast-schema-graph\">{\"@context\":\"https:\\\/\\\/schema.org\",\"@graph\":[{\"@type\":\"Article\",\"@id\":\"https:\\\/\\\/www.link2fleet.com\\\/fr\\\/la-carte-de-carburant-nest-pas-abordee-dans-la-phase-1-du-taxshift\\\/#article\",\"isPartOf\":{\"@id\":\"https:\\\/\\\/www.link2fleet.com\\\/fr\\\/la-carte-de-carburant-nest-pas-abordee-dans-la-phase-1-du-taxshift\\\/\"},\"author\":{\"name\":\"Michel Willems - Mobilitas\",\"@id\":\"https:\\\/\\\/www.link2fleet.com\\\/fr\\\/#\\\/schema\\\/person\\\/bd29f6a2c2427e85a70d3acf17303486\"},\"headline\":\"La carte de carburant n&rsquo;est pas abord\u00e9e dans la phase 1 du taxshift\",\"datePublished\":\"2023-03-02T07:40:29+00:00\",\"mainEntityOfPage\":{\"@id\":\"https:\\\/\\\/www.link2fleet.com\\\/fr\\\/la-carte-de-carburant-nest-pas-abordee-dans-la-phase-1-du-taxshift\\\/\"},\"wordCount\":355,\"publisher\":{\"@id\":\"https:\\\/\\\/www.link2fleet.com\\\/fr\\\/#organization\"},\"image\":{\"@id\":\"https:\\\/\\\/www.link2fleet.com\\\/fr\\\/la-carte-de-carburant-nest-pas-abordee-dans-la-phase-1-du-taxshift\\\/#primaryimage\"},\"thumbnailUrl\":\"https:\\\/\\\/static.link2fleet.com\\\/wp-content\\\/uploads\\\/2024\\\/03\\\/voitre-societe.jpg\",\"articleSection\":[\"Gestion de flotte\",\"Tax &amp; legal\"],\"inLanguage\":\"fr-FR\"},{\"@type\":\"WebPage\",\"@id\":\"https:\\\/\\\/www.link2fleet.com\\\/fr\\\/la-carte-de-carburant-nest-pas-abordee-dans-la-phase-1-du-taxshift\\\/\",\"url\":\"https:\\\/\\\/www.link2fleet.com\\\/fr\\\/la-carte-de-carburant-nest-pas-abordee-dans-la-phase-1-du-taxshift\\\/\",\"name\":\"La carte de carburant n'est pas abord\u00e9e dans la phase 1 du taxshift - link2fleet\",\"isPartOf\":{\"@id\":\"https:\\\/\\\/www.link2fleet.com\\\/fr\\\/#website\"},\"primaryImageOfPage\":{\"@id\":\"https:\\\/\\\/www.link2fleet.com\\\/fr\\\/la-carte-de-carburant-nest-pas-abordee-dans-la-phase-1-du-taxshift\\\/#primaryimage\"},\"image\":{\"@id\":\"https:\\\/\\\/www.link2fleet.com\\\/fr\\\/la-carte-de-carburant-nest-pas-abordee-dans-la-phase-1-du-taxshift\\\/#primaryimage\"},\"thumbnailUrl\":\"https:\\\/\\\/static.link2fleet.com\\\/wp-content\\\/uploads\\\/2024\\\/03\\\/voitre-societe.jpg\",\"datePublished\":\"2023-03-02T07:40:29+00:00\",\"breadcrumb\":{\"@id\":\"https:\\\/\\\/www.link2fleet.com\\\/fr\\\/la-carte-de-carburant-nest-pas-abordee-dans-la-phase-1-du-taxshift\\\/#breadcrumb\"},\"inLanguage\":\"fr-FR\",\"potentialAction\":[{\"@type\":\"ReadAction\",\"target\":[\"https:\\\/\\\/www.link2fleet.com\\\/fr\\\/la-carte-de-carburant-nest-pas-abordee-dans-la-phase-1-du-taxshift\\\/\"]}]},{\"@type\":\"ImageObject\",\"inLanguage\":\"fr-FR\",\"@id\":\"https:\\\/\\\/www.link2fleet.com\\\/fr\\\/la-carte-de-carburant-nest-pas-abordee-dans-la-phase-1-du-taxshift\\\/#primaryimage\",\"url\":\"https:\\\/\\\/static.link2fleet.com\\\/wp-content\\\/uploads\\\/2024\\\/03\\\/voitre-societe.jpg\",\"contentUrl\":\"https:\\\/\\\/static.link2fleet.com\\\/wp-content\\\/uploads\\\/2024\\\/03\\\/voitre-societe.jpg\",\"width\":800,\"height\":566},{\"@type\":\"BreadcrumbList\",\"@id\":\"https:\\\/\\\/www.link2fleet.com\\\/fr\\\/la-carte-de-carburant-nest-pas-abordee-dans-la-phase-1-du-taxshift\\\/#breadcrumb\",\"itemListElement\":[{\"@type\":\"ListItem\",\"position\":1,\"name\":\"Home\",\"item\":\"https:\\\/\\\/www.link2fleet.com\\\/fr\\\/\"},{\"@type\":\"ListItem\",\"position\":2,\"name\":\"La carte de carburant n&#8217;est pas abord\u00e9e dans la phase 1 du taxshift\"}]},{\"@type\":\"WebSite\",\"@id\":\"https:\\\/\\\/www.link2fleet.com\\\/fr\\\/#website\",\"url\":\"https:\\\/\\\/www.link2fleet.com\\\/fr\\\/\",\"name\":\"Link2fleet\",\"description\":\"\",\"publisher\":{\"@id\":\"https:\\\/\\\/www.link2fleet.com\\\/fr\\\/#organization\"},\"potentialAction\":[{\"@type\":\"SearchAction\",\"target\":{\"@type\":\"EntryPoint\",\"urlTemplate\":\"https:\\\/\\\/www.link2fleet.com\\\/fr\\\/?s={search_term_string}\"},\"query-input\":{\"@type\":\"PropertyValueSpecification\",\"valueRequired\":true,\"valueName\":\"search_term_string\"}}],\"inLanguage\":\"fr-FR\"},{\"@type\":\"Organization\",\"@id\":\"https:\\\/\\\/www.link2fleet.com\\\/fr\\\/#organization\",\"name\":\"Link2fleet\",\"url\":\"https:\\\/\\\/www.link2fleet.com\\\/fr\\\/\",\"logo\":{\"@type\":\"ImageObject\",\"inLanguage\":\"fr-FR\",\"@id\":\"https:\\\/\\\/www.link2fleet.com\\\/fr\\\/#\\\/schema\\\/logo\\\/image\\\/\",\"url\":\"https:\\\/\\\/static.link2fleet.com\\\/wp-content\\\/uploads\\\/2024\\\/03\\\/share-image.jpg\",\"contentUrl\":\"https:\\\/\\\/static.link2fleet.com\\\/wp-content\\\/uploads\\\/2024\\\/03\\\/share-image.jpg\",\"width\":1200,\"height\":630,\"caption\":\"Link2fleet\"},\"image\":{\"@id\":\"https:\\\/\\\/www.link2fleet.com\\\/fr\\\/#\\\/schema\\\/logo\\\/image\\\/\"},\"sameAs\":[\"https:\\\/\\\/www.linkedin.com\\\/company\\\/link2fleet-belgium\",\"https:\\\/\\\/www.youtube.com\\\/user\\\/MMMBMBE\"]},{\"@type\":\"Person\",\"@id\":\"https:\\\/\\\/www.link2fleet.com\\\/fr\\\/#\\\/schema\\\/person\\\/bd29f6a2c2427e85a70d3acf17303486\",\"name\":\"Michel Willems - Mobilitas\",\"image\":{\"@type\":\"ImageObject\",\"inLanguage\":\"fr-FR\",\"@id\":\"https:\\\/\\\/secure.gravatar.com\\\/avatar\\\/c937de514893d5b69b3b52ee88664fd4879b786925b6742dc7891d347f167414?s=96&d=mm&r=g\",\"url\":\"https:\\\/\\\/secure.gravatar.com\\\/avatar\\\/c937de514893d5b69b3b52ee88664fd4879b786925b6742dc7891d347f167414?s=96&d=mm&r=g\",\"contentUrl\":\"https:\\\/\\\/secure.gravatar.com\\\/avatar\\\/c937de514893d5b69b3b52ee88664fd4879b786925b6742dc7891d347f167414?s=96&d=mm&r=g\",\"caption\":\"Michel Willems - Mobilitas\"}}]}<\/script>\n<!-- \/ Yoast SEO plugin. -->","yoast_head_json":{"title":"La carte de carburant n'est pas abord\u00e9e dans la phase 1 du taxshift - link2fleet","description":"Le ministre des Finances Vincent Van Peteghem a pr\u00e9sent\u00e9 aujourd&rsquo;hui la premi\u00e8re phase de son plan de r\u00e9forme fiscale aux partenaires du gouvernement. Il s&rsquo;agit\u2026","robots":{"index":"index","follow":"follow","max-snippet":"max-snippet:-1","max-image-preview":"max-image-preview:large","max-video-preview":"max-video-preview:-1"},"og_locale":"fr_FR","og_type":"article","og_title":"La carte de carburant n'est pas abord\u00e9e dans la phase 1 du taxshift - link2fleet","og_description":"Le ministre des Finances Vincent Van Peteghem a pr\u00e9sent\u00e9 aujourd&rsquo;hui la premi\u00e8re phase de son plan de r\u00e9forme fiscale aux partenaires du gouvernement. Il s&rsquo;agit\u2026","og_url":"https:\/\/www.link2fleet.com\/fr\/la-carte-de-carburant-nest-pas-abordee-dans-la-phase-1-du-taxshift\/","og_site_name":"link2fleet","article_published_time":"2023-03-02T07:40:29+00:00","og_image":[{"width":800,"height":566,"url":"https:\/\/static.link2fleet.com\/wp-content\/uploads\/2024\/03\/voitre-societe.jpg","type":"image\/jpeg"}],"author":"Michel Willems - Mobilitas","twitter_card":"summary_large_image","twitter_description":"Le ministre des Finances Vincent Van Peteghem a pr\u00e9sent\u00e9 aujourd&rsquo;hui la premi\u00e8re phase de son plan de r\u00e9forme fiscale aux partenaires du gouvernement. Il s&rsquo;agit\u2026","twitter_misc":{"\u00c9crit par":"Michel Willems - Mobilitas","Dur\u00e9e de lecture estim\u00e9e":"2 minutes"},"schema":{"@context":"https:\/\/schema.org","@graph":[{"@type":"Article","@id":"https:\/\/www.link2fleet.com\/fr\/la-carte-de-carburant-nest-pas-abordee-dans-la-phase-1-du-taxshift\/#article","isPartOf":{"@id":"https:\/\/www.link2fleet.com\/fr\/la-carte-de-carburant-nest-pas-abordee-dans-la-phase-1-du-taxshift\/"},"author":{"name":"Michel Willems - Mobilitas","@id":"https:\/\/www.link2fleet.com\/fr\/#\/schema\/person\/bd29f6a2c2427e85a70d3acf17303486"},"headline":"La carte de carburant n&rsquo;est pas abord\u00e9e dans la phase 1 du taxshift","datePublished":"2023-03-02T07:40:29+00:00","mainEntityOfPage":{"@id":"https:\/\/www.link2fleet.com\/fr\/la-carte-de-carburant-nest-pas-abordee-dans-la-phase-1-du-taxshift\/"},"wordCount":355,"publisher":{"@id":"https:\/\/www.link2fleet.com\/fr\/#organization"},"image":{"@id":"https:\/\/www.link2fleet.com\/fr\/la-carte-de-carburant-nest-pas-abordee-dans-la-phase-1-du-taxshift\/#primaryimage"},"thumbnailUrl":"https:\/\/static.link2fleet.com\/wp-content\/uploads\/2024\/03\/voitre-societe.jpg","articleSection":["Gestion de flotte","Tax &amp; legal"],"inLanguage":"fr-FR"},{"@type":"WebPage","@id":"https:\/\/www.link2fleet.com\/fr\/la-carte-de-carburant-nest-pas-abordee-dans-la-phase-1-du-taxshift\/","url":"https:\/\/www.link2fleet.com\/fr\/la-carte-de-carburant-nest-pas-abordee-dans-la-phase-1-du-taxshift\/","name":"La carte de carburant n'est pas abord\u00e9e dans la phase 1 du taxshift - link2fleet","isPartOf":{"@id":"https:\/\/www.link2fleet.com\/fr\/#website"},"primaryImageOfPage":{"@id":"https:\/\/www.link2fleet.com\/fr\/la-carte-de-carburant-nest-pas-abordee-dans-la-phase-1-du-taxshift\/#primaryimage"},"image":{"@id":"https:\/\/www.link2fleet.com\/fr\/la-carte-de-carburant-nest-pas-abordee-dans-la-phase-1-du-taxshift\/#primaryimage"},"thumbnailUrl":"https:\/\/static.link2fleet.com\/wp-content\/uploads\/2024\/03\/voitre-societe.jpg","datePublished":"2023-03-02T07:40:29+00:00","breadcrumb":{"@id":"https:\/\/www.link2fleet.com\/fr\/la-carte-de-carburant-nest-pas-abordee-dans-la-phase-1-du-taxshift\/#breadcrumb"},"inLanguage":"fr-FR","potentialAction":[{"@type":"ReadAction","target":["https:\/\/www.link2fleet.com\/fr\/la-carte-de-carburant-nest-pas-abordee-dans-la-phase-1-du-taxshift\/"]}]},{"@type":"ImageObject","inLanguage":"fr-FR","@id":"https:\/\/www.link2fleet.com\/fr\/la-carte-de-carburant-nest-pas-abordee-dans-la-phase-1-du-taxshift\/#primaryimage","url":"https:\/\/static.link2fleet.com\/wp-content\/uploads\/2024\/03\/voitre-societe.jpg","contentUrl":"https:\/\/static.link2fleet.com\/wp-content\/uploads\/2024\/03\/voitre-societe.jpg","width":800,"height":566},{"@type":"BreadcrumbList","@id":"https:\/\/www.link2fleet.com\/fr\/la-carte-de-carburant-nest-pas-abordee-dans-la-phase-1-du-taxshift\/#breadcrumb","itemListElement":[{"@type":"ListItem","position":1,"name":"Home","item":"https:\/\/www.link2fleet.com\/fr\/"},{"@type":"ListItem","position":2,"name":"La carte de carburant n&#8217;est pas abord\u00e9e dans la phase 1 du taxshift"}]},{"@type":"WebSite","@id":"https:\/\/www.link2fleet.com\/fr\/#website","url":"https:\/\/www.link2fleet.com\/fr\/","name":"Link2fleet","description":"","publisher":{"@id":"https:\/\/www.link2fleet.com\/fr\/#organization"},"potentialAction":[{"@type":"SearchAction","target":{"@type":"EntryPoint","urlTemplate":"https:\/\/www.link2fleet.com\/fr\/?s={search_term_string}"},"query-input":{"@type":"PropertyValueSpecification","valueRequired":true,"valueName":"search_term_string"}}],"inLanguage":"fr-FR"},{"@type":"Organization","@id":"https:\/\/www.link2fleet.com\/fr\/#organization","name":"Link2fleet","url":"https:\/\/www.link2fleet.com\/fr\/","logo":{"@type":"ImageObject","inLanguage":"fr-FR","@id":"https:\/\/www.link2fleet.com\/fr\/#\/schema\/logo\/image\/","url":"https:\/\/static.link2fleet.com\/wp-content\/uploads\/2024\/03\/share-image.jpg","contentUrl":"https:\/\/static.link2fleet.com\/wp-content\/uploads\/2024\/03\/share-image.jpg","width":1200,"height":630,"caption":"Link2fleet"},"image":{"@id":"https:\/\/www.link2fleet.com\/fr\/#\/schema\/logo\/image\/"},"sameAs":["https:\/\/www.linkedin.com\/company\/link2fleet-belgium","https:\/\/www.youtube.com\/user\/MMMBMBE"]},{"@type":"Person","@id":"https:\/\/www.link2fleet.com\/fr\/#\/schema\/person\/bd29f6a2c2427e85a70d3acf17303486","name":"Michel Willems - Mobilitas","image":{"@type":"ImageObject","inLanguage":"fr-FR","@id":"https:\/\/secure.gravatar.com\/avatar\/c937de514893d5b69b3b52ee88664fd4879b786925b6742dc7891d347f167414?s=96&d=mm&r=g","url":"https:\/\/secure.gravatar.com\/avatar\/c937de514893d5b69b3b52ee88664fd4879b786925b6742dc7891d347f167414?s=96&d=mm&r=g","contentUrl":"https:\/\/secure.gravatar.com\/avatar\/c937de514893d5b69b3b52ee88664fd4879b786925b6742dc7891d347f167414?s=96&d=mm&r=g","caption":"Michel Willems - Mobilitas"}}]}},"_links":{"self":[{"href":"https:\/\/www.link2fleet.com\/fr\/wp-json\/wp\/v2\/posts\/8893","targetHints":{"allow":["GET"]}}],"collection":[{"href":"https:\/\/www.link2fleet.com\/fr\/wp-json\/wp\/v2\/posts"}],"about":[{"href":"https:\/\/www.link2fleet.com\/fr\/wp-json\/wp\/v2\/types\/post"}],"author":[{"embeddable":true,"href":"https:\/\/www.link2fleet.com\/fr\/wp-json\/wp\/v2\/users\/11"}],"replies":[{"embeddable":true,"href":"https:\/\/www.link2fleet.com\/fr\/wp-json\/wp\/v2\/comments?post=8893"}],"version-history":[{"count":0,"href":"https:\/\/www.link2fleet.com\/fr\/wp-json\/wp\/v2\/posts\/8893\/revisions"}],"wp:featuredmedia":[{"embeddable":true,"href":"https:\/\/www.link2fleet.com\/fr\/wp-json\/wp\/v2\/media\/8894"}],"wp:attachment":[{"href":"https:\/\/www.link2fleet.com\/fr\/wp-json\/wp\/v2\/media?parent=8893"}],"wp:term":[{"taxonomy":"category","embeddable":true,"href":"https:\/\/www.link2fleet.com\/fr\/wp-json\/wp\/v2\/categories?post=8893"},{"taxonomy":"post_tag","embeddable":true,"href":"https:\/\/www.link2fleet.com\/fr\/wp-json\/wp\/v2\/tags?post=8893"}],"curies":[{"name":"wp","href":"https:\/\/api.w.org\/{rel}","templated":true}]}}