{"id":8944,"date":"2023-03-08T14:07:55","date_gmt":"2023-03-08T13:07:55","guid":{"rendered":"https:\/\/www.link2fleet.com\/lindemnite-de-teletravail-nest-pas-imposable\/"},"modified":"2023-03-08T14:07:55","modified_gmt":"2023-03-08T13:07:55","slug":"lindemnite-de-teletravail-nest-pas-imposable","status":"publish","type":"post","link":"https:\/\/www.link2fleet.com\/fr\/lindemnite-de-teletravail-nest-pas-imposable\/","title":{"rendered":"L&rsquo;indemnit\u00e9 de t\u00e9l\u00e9travail n\u2019est pas imposable"},"content":{"rendered":"<p><strong>Indemnit\u00e9 de t\u00e9l\u00e9travail forfaitaire<\/strong><\/p>\n<p>Depuis le 1er janvier 2023, l&rsquo;indemnit\u00e9 forfaitaire maximale de t\u00e9l\u00e9travail exon\u00e9r\u00e9e d&rsquo;imp\u00f4ts est de 148,73 euros par mois. Au d\u00e9part (d\u00e9but 2020), l&rsquo;allocation maximale s\u2019\u00e9levait \u00e0 126,94 euros par mois. En raison de l&rsquo;inflation croissante, ce montant a depuis \u00e9t\u00e9 augment\u00e9 \u00e0 huit reprises. L&#8217;employeur peut aussi accorder un montant inf\u00e9rieur. La mesure s&rsquo;applique \u00e0 tous les salari\u00e9s qui travaillent \u00e0 domicile. L\u2019employeur ne peut pas faire de distinction entre les diff\u00e9rentes fonctions au sein de l\u2019entreprise. Chaque travailleur qui t\u00e9l\u00e9travaille \u00e0 domicile de fa\u00e7on structurelle doit recevoir le m\u00eame montant. La mesure s\u2019applique donc aussi aux travailleurs qui ne travaillaient pas \u00e0 domicile avant les mesures li\u00e9es au Covid-19.<\/p>\n<p><strong>Aucune obligation<\/strong><\/p>\n<p>L\u2019indemnit\u00e9 de t\u00e9l\u00e9travail forfaitaire n\u2019est en aucun cas une obligation l\u00e9gale. Un employeur peut aussi choisir un autre syst\u00e8me, par exemple intervenir &#8211; une seule fois &#8211; dans le prix d&rsquo;achat du mobilier de bureau ou du mat\u00e9riel informatique n\u00e9cessaire ou mettre ce mobilier ou ce mat\u00e9riel \u00e0 la disposition des employ\u00e9s qui font du t\u00e9l\u00e9travail. Il est important que l&#8217;employeur mentionne clairement les conditions dans une annexe au contrat de travail. L&#8217;employeur peut pr\u00e9voir certaines r\u00e8gles et modalit\u00e9s concernant le t\u00e9l\u00e9travail dans une politique de mobilit\u00e9 compl\u00e9mentaire \u00e0 la car-policy.<\/p>\n<p><strong>Exon\u00e9r\u00e9e d\u2019imp\u00f4ts et de charges sociales<\/strong><\/p>\n<p>L&rsquo;indemnit\u00e9 forfaitaire de t\u00e9l\u00e9travail vers\u00e9e par l&#8217;employeur est exon\u00e9r\u00e9e de taxes et de cotisations de s\u00e9curit\u00e9 sociale.<\/p>\n<p><img loading=\"lazy\" decoding=\"async\" class=\"alignleft size-medium wp-image-1291125\" src=\"https:\/\/www.link2fleet.com\/wp-content\/uploads\/2023\/03\/grovemade-RvPDe41lYBA-unsplash-300x200.jpg\" alt=\"\" width=\"300\" height=\"200\" \/><\/p>\n<p><strong>Aucun d\u00e9savantage fiscal pour le loueur<\/strong><\/p>\n<p>Pour l&#8217;employeur, l&rsquo;indemnit\u00e9 de bureau est d\u00e9ductible \u00e0 100% des imp\u00f4ts. Pour le propri\u00e9taire bailleur, le paiement de l&rsquo;indemnit\u00e9 de t\u00e9l\u00e9travail n&rsquo;est pas consid\u00e9r\u00e9 comme une location de locaux \u00e0 des fins professionnelles. Ainsi, le revenu imposable dans ce cas sera limit\u00e9 au revenu cadastral major\u00e9 de 40 %. La mesure n\u2019est donc pas d\u00e9savantageuse.<\/p>\n<p><strong>Combinaison avec une voiture de soci\u00e9t\u00e9<\/strong><\/p>\n<p>L&rsquo;indemnit\u00e9 forfaitaire de t\u00e9l\u00e9travail peut \u00eatre octroy\u00e9e en plus d\u2019une voiture de soci\u00e9t\u00e9, sans incidence fiscale. Elle ne modifie pas l&rsquo;avantage en nature de la voiture de fonction mais ne le r\u00e9duit pas non plus m\u00eame si le kilom\u00e9trage annuel devait \u00eatre \u00e9ventuellement plus faible.<\/p>\n<p><strong>Conditions d\u2019octroi<\/strong><\/p>\n<p>Pour b\u00e9n\u00e9ficier de cette indemnit\u00e9, le travailleur doit t\u00e9l\u00e9travailler au moins l&rsquo;\u00e9quivalent d&rsquo;un jour ouvrable par semaine depuis son domicile pendant les heures de travail normales. Le travail en soir\u00e9e ou durant le week-end n&rsquo;est pas pris en compte. Il peut s&rsquo;agir d&rsquo;une journ\u00e9e de travail compl\u00e8te, de deux demi-journ\u00e9es de travail ou de plusieurs journ\u00e9es de quelques heures par semaine. L&rsquo;ensemble des prestations est \u00e9valu\u00e9 sur une base mensuelle. Exemples :<\/p>\n<ul>\n<li>Un travailleur t\u00e9l\u00e9travaille depuis son domicile pendant les 2 premi\u00e8res heures de chaque jour pour \u00e9viter l&rsquo;heure de pointe du matin ;<\/li>\n<li>Un travailleur t\u00e9l\u00e9travaille une semaine compl\u00e8te par mois depuis son domicile.<\/li>\n<\/ul>\n<p>Si un travailleur preste moins d&rsquo;un jour par semaine depuis son domicile, l&rsquo;indemnit\u00e9 forfaitaire ne peut s&rsquo;appliquer. Un travailleur \u00e0 temps partiel ne b\u00e9n\u00e9ficie pas de cette r\u00e8gle dans les deux exemples pr\u00e9cit\u00e9s. Pour les travailleurs \u00e0 temps partiel qui travaillent un nombre suffisant d&rsquo;heures \u00e0 la maison, il ne faut pas proratiser cette indemnit\u00e9. Les employeurs qui se posent des questions concernant leur situation personnelle peuvent demander une d\u00e9cision fiscale au Service des d\u00e9cisions anticip\u00e9es.<\/p>\n<p><strong>Des indemnit\u00e9s suppl\u00e9mentaires en plus de l&rsquo;indemnit\u00e9 de travail \u00e0 domicile <\/strong><\/p>\n<p>Un employeur est autoris\u00e9 \u00e0 verser<strong> un maximum de 148,73 \u20ac par mois<\/strong> en indemnit\u00e9s de bureau forfaitaires exon\u00e9r\u00e9es d&rsquo;imp\u00f4t \u00e0 partir du 1er janvier 2023 pour les d\u00e9penses li\u00e9es au travail \u00e0 domicile. L&rsquo;indemnit\u00e9 forfaitaire de bureau couvre tous les frais qu&rsquo;un travailleur doit engager pour t\u00e9l\u00e9travailler \u00e0 domicile de mani\u00e8re normale et comprend le mat\u00e9riel informatique, l&rsquo;encre, le papier, les stylos, les chemises, les outils, les cl\u00e9s USB, l&rsquo;assurance, le caf\u00e9, les collations, etc. Auparavant, on supposait que l&rsquo;achat d&rsquo;une chaise de bureau ergonomique, d&rsquo;une lampe de bureau et d&rsquo;un deuxi\u00e8me \u00e9cran \u00e9taient inclus dans ces indemnit\u00e9s forfaitaires de bureau. Mais le fisc a pr\u00e9cis\u00e9 dans une r\u00e9cente circulaire que ces d\u00e9penses peuvent \u00eatre rembours\u00e9es en suppl\u00e9ment par l&#8217;employeur.<\/p>\n<p>L&#8217;employeur peut augmenter le montant de 148,73 euros par mois de :<\/p>\n<ul>\n<li><em>maximum <strong>20,00 euros par mois<\/strong><\/em> si le travailleur fait un usage professionnel sa propre connexion internet;<\/li>\n<li><em>maximum <strong>20,00 euros par mois<\/strong><\/em> si le travailleur fait un usage professionnel de son propre ordinateur (desktop, laptop, tablette), p\u00e9riph\u00e9riques et logiciels. Ces deux indemnit\u00e9s ne sont pas li\u00e9es aux r\u00e8gles minimales du travail \u00e0 domicile r\u00e9gulier ;<\/li>\n<li><em>maximum <strong>10,00 euros par mois<\/strong><\/em> pour l&rsquo;utilisation professionnelle d\u2019un second \u00e9cran, d\u2019une imprimante, d\u2019un photocopieur ou d\u2019un scanner (5,00 EUR par appareil, sans l\u2019usage de l\u2019ordinateur, pour un maximum de 3 ans) si le travailleur dispose d&rsquo;un PC mis \u00e0 disposition par son entreprise ;<\/li>\n<li>le <em>remboursement<\/em> (selon une utilisation normale) du mobilier de bureau et\/ou du mat\u00e9riel informatique n\u00e9cessaires achet\u00e9s par le travailleur lui-m\u00eame ou la mise \u00e0 disposition du mobilier de bureau et\/ou du mat\u00e9riel informatique n\u00e9cessaires qu\u2019il peut utiliser.<\/li>\n<\/ul>\n<p>&nbsp;<\/p>\n<p><strong>Remboursement du mobilier de bureau et du mat\u00e9riel informatique<\/strong><\/p>\n<p>Le mobilier de bureau et le mat\u00e9riel informatique pouvant faire l&rsquo;objet d&rsquo;un remboursement ou d&rsquo;une mise \u00e0 disposition comprend une table de bureau, une chaise, une armoire (une fois tous les 10 ans) et une lampe de bureau fonctionnelle (une fois tous les 5 ans) ; un deuxi\u00e8me \u00e9cran d&rsquo;ordinateur, un clavier, une imprimante\/un scanner, une souris, des \u00e9couteurs (une fois tous les 3 ans). L&rsquo;administration fiscale mentionne dans sa circulaire <sup>(1)<\/sup> que les remboursements doivent \u00eatre effectu\u00e9s dans un cadre raisonnable. Par exemple, l&rsquo;administration fiscale n&rsquo;accepte pas que le co\u00fbt total d&rsquo;une chaise de bureau soit rembours\u00e9 en un an alors que sa dur\u00e9e de vie normale est de 10 ans. Les grands \u00e9crans d&rsquo;ordinateur plut\u00f4t destin\u00e9s aux jeux et les lampes de bureau design co\u00fbteuses ne sont pas non plus accept\u00e9s. Il convient donc que l&#8217;employeur pr\u00e9voie certains plafonds dans sa politique de remboursement du mobilier informatique et de bureau et exclue les marques design on\u00e9reuses pour \u00e9viter que l&rsquo;administration fiscale n&rsquo;impute par la suite un avantage de toute nature quelconque au travailleur concern\u00e9. Si le travailleur conserve les biens au moment du d\u00e9part ou \u00e0 la fin de la p\u00e9riode de travail \u00e0 domicile, il\/elle sera redevable d\u2019un avantage de toute nature sur la valeur r\u00e9siduelle r\u00e9elle du march\u00e9. Cependant, la valeur de cet avantage peut \u00eatre d\u00e9duite du salaire net du travailleur pour \u00e9viter une imposition suppl\u00e9mentaire.<\/p>\n<p>Michel Willems<br \/>\nMOBILITAS<br \/>\nCopyrights : \u00a0MOBILITAS<\/p>\n","protected":false},"excerpt":{"rendered":"<p>Indemnit\u00e9 de t\u00e9l\u00e9travail forfaitaire Depuis le 1er janvier 2023, l&rsquo;indemnit\u00e9 forfaitaire maximale de t\u00e9l\u00e9travail exon\u00e9r\u00e9e d&rsquo;imp\u00f4ts est de 148,73 euros par mois. Au d\u00e9part (d\u00e9but 2020), l&rsquo;allocation maximale s\u2019\u00e9levait \u00e0 126,94 euros par mois. En raison de l&rsquo;inflation croissante, ce montant a depuis \u00e9t\u00e9 augment\u00e9 \u00e0 huit reprises. L&#8217;employeur peut aussi accorder un montant inf\u00e9rieur. [&hellip;]<\/p>\n","protected":false},"author":43,"featured_media":8945,"comment_status":"closed","ping_status":"closed","sticky":false,"template":"","format":"standard","meta":{"_acf_changed":false,"footnotes":""},"categories":[89,87],"tags":[],"class_list":["post-8944","post","type-post","status-publish","format-standard","has-post-thumbnail","hentry","category-modes-de-transports-alternatifs-flex-offices-parkings","category-mobility-2"],"acf":[],"yoast_head":"<!-- This site is optimized with the Yoast SEO plugin v27.3 - https:\/\/yoast.com\/product\/yoast-seo-wordpress\/ -->\n<title>L&#039;indemnit\u00e9 de t\u00e9l\u00e9travail n\u2019est pas imposable - link2fleet<\/title>\n<meta name=\"description\" content=\"Depuis le 18 f\u00e9vrier 2022, le t\u00e9l\u00e9travail n\u2019est plus obligatoire. Dans le cadre de l\u2019adaptation de leur plan de mobilit\u00e9, les employeurs peuvent toutefois toujours\u2026\" \/>\n<meta name=\"robots\" content=\"index, follow, max-snippet:-1, max-image-preview:large, max-video-preview:-1\" \/>\n<meta property=\"og:locale\" content=\"fr_FR\" \/>\n<meta property=\"og:type\" content=\"article\" \/>\n<meta property=\"og:title\" content=\"L&#039;indemnit\u00e9 de t\u00e9l\u00e9travail n\u2019est pas imposable - link2fleet\" \/>\n<meta property=\"og:description\" content=\"Depuis le 18 f\u00e9vrier 2022, le t\u00e9l\u00e9travail n\u2019est plus obligatoire. Dans le cadre de l\u2019adaptation de leur plan de mobilit\u00e9, les employeurs peuvent toutefois toujours\u2026\" \/>\n<meta property=\"og:url\" content=\"https:\/\/www.link2fleet.com\/fr\/lindemnite-de-teletravail-nest-pas-imposable\/\" \/>\n<meta property=\"og:site_name\" content=\"link2fleet\" \/>\n<meta property=\"article:published_time\" content=\"2023-03-08T13:07:55+00:00\" \/>\n<meta property=\"og:image\" content=\"https:\/\/static.link2fleet.com\/wp-content\/uploads\/2024\/03\/jenny-ueberberg-basek7rwc1a-unsplash-scaled-1.jpg\" \/>\n\t<meta property=\"og:image:width\" content=\"2560\" \/>\n\t<meta property=\"og:image:height\" content=\"1707\" \/>\n\t<meta property=\"og:image:type\" content=\"image\/jpeg\" \/>\n<meta name=\"author\" content=\"Jeroen Evens\" \/>\n<meta name=\"twitter:card\" content=\"summary_large_image\" \/>\n<meta name=\"twitter:description\" content=\"Depuis le 18 f\u00e9vrier 2022, le t\u00e9l\u00e9travail n\u2019est plus obligatoire. Dans le cadre de l\u2019adaptation de leur plan de mobilit\u00e9, les employeurs peuvent toutefois toujours\u2026\" \/>\n<meta name=\"twitter:label1\" content=\"\u00c9crit par\" \/>\n\t<meta name=\"twitter:data1\" content=\"Jeroen Evens\" \/>\n\t<meta name=\"twitter:label2\" content=\"Dur\u00e9e de lecture estim\u00e9e\" \/>\n\t<meta name=\"twitter:data2\" content=\"6 minutes\" \/>\n<script type=\"application\/ld+json\" class=\"yoast-schema-graph\">{\"@context\":\"https:\\\/\\\/schema.org\",\"@graph\":[{\"@type\":\"Article\",\"@id\":\"https:\\\/\\\/www.link2fleet.com\\\/fr\\\/lindemnite-de-teletravail-nest-pas-imposable\\\/#article\",\"isPartOf\":{\"@id\":\"https:\\\/\\\/www.link2fleet.com\\\/fr\\\/lindemnite-de-teletravail-nest-pas-imposable\\\/\"},\"author\":{\"name\":\"Jeroen Evens\",\"@id\":\"https:\\\/\\\/www.link2fleet.com\\\/fr\\\/#\\\/schema\\\/person\\\/3f23fa5cf039e25761156c930f6bf38f\"},\"headline\":\"L&rsquo;indemnit\u00e9 de t\u00e9l\u00e9travail n\u2019est pas imposable\",\"datePublished\":\"2023-03-08T13:07:55+00:00\",\"mainEntityOfPage\":{\"@id\":\"https:\\\/\\\/www.link2fleet.com\\\/fr\\\/lindemnite-de-teletravail-nest-pas-imposable\\\/\"},\"wordCount\":1216,\"publisher\":{\"@id\":\"https:\\\/\\\/www.link2fleet.com\\\/fr\\\/#organization\"},\"image\":{\"@id\":\"https:\\\/\\\/www.link2fleet.com\\\/fr\\\/lindemnite-de-teletravail-nest-pas-imposable\\\/#primaryimage\"},\"thumbnailUrl\":\"https:\\\/\\\/static.link2fleet.com\\\/wp-content\\\/uploads\\\/2024\\\/03\\\/jenny-ueberberg-basek7rwc1a-unsplash-scaled-1.jpg\",\"articleSection\":[\"Flex-offices\",\"Mobilit\u00e9\"],\"inLanguage\":\"fr-FR\"},{\"@type\":\"WebPage\",\"@id\":\"https:\\\/\\\/www.link2fleet.com\\\/fr\\\/lindemnite-de-teletravail-nest-pas-imposable\\\/\",\"url\":\"https:\\\/\\\/www.link2fleet.com\\\/fr\\\/lindemnite-de-teletravail-nest-pas-imposable\\\/\",\"name\":\"L'indemnit\u00e9 de t\u00e9l\u00e9travail n\u2019est pas imposable - link2fleet\",\"isPartOf\":{\"@id\":\"https:\\\/\\\/www.link2fleet.com\\\/fr\\\/#website\"},\"primaryImageOfPage\":{\"@id\":\"https:\\\/\\\/www.link2fleet.com\\\/fr\\\/lindemnite-de-teletravail-nest-pas-imposable\\\/#primaryimage\"},\"image\":{\"@id\":\"https:\\\/\\\/www.link2fleet.com\\\/fr\\\/lindemnite-de-teletravail-nest-pas-imposable\\\/#primaryimage\"},\"thumbnailUrl\":\"https:\\\/\\\/static.link2fleet.com\\\/wp-content\\\/uploads\\\/2024\\\/03\\\/jenny-ueberberg-basek7rwc1a-unsplash-scaled-1.jpg\",\"datePublished\":\"2023-03-08T13:07:55+00:00\",\"breadcrumb\":{\"@id\":\"https:\\\/\\\/www.link2fleet.com\\\/fr\\\/lindemnite-de-teletravail-nest-pas-imposable\\\/#breadcrumb\"},\"inLanguage\":\"fr-FR\",\"potentialAction\":[{\"@type\":\"ReadAction\",\"target\":[\"https:\\\/\\\/www.link2fleet.com\\\/fr\\\/lindemnite-de-teletravail-nest-pas-imposable\\\/\"]}]},{\"@type\":\"ImageObject\",\"inLanguage\":\"fr-FR\",\"@id\":\"https:\\\/\\\/www.link2fleet.com\\\/fr\\\/lindemnite-de-teletravail-nest-pas-imposable\\\/#primaryimage\",\"url\":\"https:\\\/\\\/static.link2fleet.com\\\/wp-content\\\/uploads\\\/2024\\\/03\\\/jenny-ueberberg-basek7rwc1a-unsplash-scaled-1.jpg\",\"contentUrl\":\"https:\\\/\\\/static.link2fleet.com\\\/wp-content\\\/uploads\\\/2024\\\/03\\\/jenny-ueberberg-basek7rwc1a-unsplash-scaled-1.jpg\",\"width\":2560,\"height\":1707,\"caption\":\"|\"},{\"@type\":\"BreadcrumbList\",\"@id\":\"https:\\\/\\\/www.link2fleet.com\\\/fr\\\/lindemnite-de-teletravail-nest-pas-imposable\\\/#breadcrumb\",\"itemListElement\":[{\"@type\":\"ListItem\",\"position\":1,\"name\":\"Home\",\"item\":\"https:\\\/\\\/www.link2fleet.com\\\/fr\\\/\"},{\"@type\":\"ListItem\",\"position\":2,\"name\":\"L&#8217;indemnit\u00e9 de t\u00e9l\u00e9travail n\u2019est pas imposable\"}]},{\"@type\":\"WebSite\",\"@id\":\"https:\\\/\\\/www.link2fleet.com\\\/fr\\\/#website\",\"url\":\"https:\\\/\\\/www.link2fleet.com\\\/fr\\\/\",\"name\":\"Link2fleet\",\"description\":\"\",\"publisher\":{\"@id\":\"https:\\\/\\\/www.link2fleet.com\\\/fr\\\/#organization\"},\"potentialAction\":[{\"@type\":\"SearchAction\",\"target\":{\"@type\":\"EntryPoint\",\"urlTemplate\":\"https:\\\/\\\/www.link2fleet.com\\\/fr\\\/?s={search_term_string}\"},\"query-input\":{\"@type\":\"PropertyValueSpecification\",\"valueRequired\":true,\"valueName\":\"search_term_string\"}}],\"inLanguage\":\"fr-FR\"},{\"@type\":\"Organization\",\"@id\":\"https:\\\/\\\/www.link2fleet.com\\\/fr\\\/#organization\",\"name\":\"Link2fleet\",\"url\":\"https:\\\/\\\/www.link2fleet.com\\\/fr\\\/\",\"logo\":{\"@type\":\"ImageObject\",\"inLanguage\":\"fr-FR\",\"@id\":\"https:\\\/\\\/www.link2fleet.com\\\/fr\\\/#\\\/schema\\\/logo\\\/image\\\/\",\"url\":\"https:\\\/\\\/static.link2fleet.com\\\/wp-content\\\/uploads\\\/2024\\\/03\\\/share-image.jpg\",\"contentUrl\":\"https:\\\/\\\/static.link2fleet.com\\\/wp-content\\\/uploads\\\/2024\\\/03\\\/share-image.jpg\",\"width\":1200,\"height\":630,\"caption\":\"Link2fleet\"},\"image\":{\"@id\":\"https:\\\/\\\/www.link2fleet.com\\\/fr\\\/#\\\/schema\\\/logo\\\/image\\\/\"},\"sameAs\":[\"https:\\\/\\\/www.linkedin.com\\\/company\\\/link2fleet-belgium\",\"https:\\\/\\\/www.youtube.com\\\/user\\\/MMMBMBE\"]},{\"@type\":\"Person\",\"@id\":\"https:\\\/\\\/www.link2fleet.com\\\/fr\\\/#\\\/schema\\\/person\\\/3f23fa5cf039e25761156c930f6bf38f\",\"name\":\"Jeroen Evens\",\"image\":{\"@type\":\"ImageObject\",\"inLanguage\":\"fr-FR\",\"@id\":\"https:\\\/\\\/secure.gravatar.com\\\/avatar\\\/6e059523a84fbec54e5ec5d0f3fb4322b7b077be22b323085f823d1d7f00f32e?s=96&d=mm&r=g\",\"url\":\"https:\\\/\\\/secure.gravatar.com\\\/avatar\\\/6e059523a84fbec54e5ec5d0f3fb4322b7b077be22b323085f823d1d7f00f32e?s=96&d=mm&r=g\",\"contentUrl\":\"https:\\\/\\\/secure.gravatar.com\\\/avatar\\\/6e059523a84fbec54e5ec5d0f3fb4322b7b077be22b323085f823d1d7f00f32e?s=96&d=mm&r=g\",\"caption\":\"Jeroen Evens\"},\"description\":\"Jeroen Evens is opgeleid in de Communicatiewetenschappen (KULeuven) en is een enthousiaste volger van alles wat met mobiliteit en bedrijfswagens te maken heeft. Als freelance journalist gespecialiseerd in de fleetsector houdt hij al drie jaar lang de vinger aan de pols van de laatste ontwikkelingen in onze sector.\"}]}<\/script>\n<!-- \/ Yoast SEO plugin. -->","yoast_head_json":{"title":"L'indemnit\u00e9 de t\u00e9l\u00e9travail n\u2019est pas imposable - link2fleet","description":"Depuis le 18 f\u00e9vrier 2022, le t\u00e9l\u00e9travail n\u2019est plus obligatoire. Dans le cadre de l\u2019adaptation de leur plan de mobilit\u00e9, les employeurs peuvent toutefois toujours\u2026","robots":{"index":"index","follow":"follow","max-snippet":"max-snippet:-1","max-image-preview":"max-image-preview:large","max-video-preview":"max-video-preview:-1"},"og_locale":"fr_FR","og_type":"article","og_title":"L'indemnit\u00e9 de t\u00e9l\u00e9travail n\u2019est pas imposable - link2fleet","og_description":"Depuis le 18 f\u00e9vrier 2022, le t\u00e9l\u00e9travail n\u2019est plus obligatoire. Dans le cadre de l\u2019adaptation de leur plan de mobilit\u00e9, les employeurs peuvent toutefois toujours\u2026","og_url":"https:\/\/www.link2fleet.com\/fr\/lindemnite-de-teletravail-nest-pas-imposable\/","og_site_name":"link2fleet","article_published_time":"2023-03-08T13:07:55+00:00","og_image":[{"width":2560,"height":1707,"url":"https:\/\/static.link2fleet.com\/wp-content\/uploads\/2024\/03\/jenny-ueberberg-basek7rwc1a-unsplash-scaled-1.jpg","type":"image\/jpeg"}],"author":"Jeroen Evens","twitter_card":"summary_large_image","twitter_description":"Depuis le 18 f\u00e9vrier 2022, le t\u00e9l\u00e9travail n\u2019est plus obligatoire. Dans le cadre de l\u2019adaptation de leur plan de mobilit\u00e9, les employeurs peuvent toutefois toujours\u2026","twitter_misc":{"\u00c9crit par":"Jeroen Evens","Dur\u00e9e de lecture estim\u00e9e":"6 minutes"},"schema":{"@context":"https:\/\/schema.org","@graph":[{"@type":"Article","@id":"https:\/\/www.link2fleet.com\/fr\/lindemnite-de-teletravail-nest-pas-imposable\/#article","isPartOf":{"@id":"https:\/\/www.link2fleet.com\/fr\/lindemnite-de-teletravail-nest-pas-imposable\/"},"author":{"name":"Jeroen Evens","@id":"https:\/\/www.link2fleet.com\/fr\/#\/schema\/person\/3f23fa5cf039e25761156c930f6bf38f"},"headline":"L&rsquo;indemnit\u00e9 de t\u00e9l\u00e9travail n\u2019est pas imposable","datePublished":"2023-03-08T13:07:55+00:00","mainEntityOfPage":{"@id":"https:\/\/www.link2fleet.com\/fr\/lindemnite-de-teletravail-nest-pas-imposable\/"},"wordCount":1216,"publisher":{"@id":"https:\/\/www.link2fleet.com\/fr\/#organization"},"image":{"@id":"https:\/\/www.link2fleet.com\/fr\/lindemnite-de-teletravail-nest-pas-imposable\/#primaryimage"},"thumbnailUrl":"https:\/\/static.link2fleet.com\/wp-content\/uploads\/2024\/03\/jenny-ueberberg-basek7rwc1a-unsplash-scaled-1.jpg","articleSection":["Flex-offices","Mobilit\u00e9"],"inLanguage":"fr-FR"},{"@type":"WebPage","@id":"https:\/\/www.link2fleet.com\/fr\/lindemnite-de-teletravail-nest-pas-imposable\/","url":"https:\/\/www.link2fleet.com\/fr\/lindemnite-de-teletravail-nest-pas-imposable\/","name":"L'indemnit\u00e9 de t\u00e9l\u00e9travail n\u2019est pas imposable - link2fleet","isPartOf":{"@id":"https:\/\/www.link2fleet.com\/fr\/#website"},"primaryImageOfPage":{"@id":"https:\/\/www.link2fleet.com\/fr\/lindemnite-de-teletravail-nest-pas-imposable\/#primaryimage"},"image":{"@id":"https:\/\/www.link2fleet.com\/fr\/lindemnite-de-teletravail-nest-pas-imposable\/#primaryimage"},"thumbnailUrl":"https:\/\/static.link2fleet.com\/wp-content\/uploads\/2024\/03\/jenny-ueberberg-basek7rwc1a-unsplash-scaled-1.jpg","datePublished":"2023-03-08T13:07:55+00:00","breadcrumb":{"@id":"https:\/\/www.link2fleet.com\/fr\/lindemnite-de-teletravail-nest-pas-imposable\/#breadcrumb"},"inLanguage":"fr-FR","potentialAction":[{"@type":"ReadAction","target":["https:\/\/www.link2fleet.com\/fr\/lindemnite-de-teletravail-nest-pas-imposable\/"]}]},{"@type":"ImageObject","inLanguage":"fr-FR","@id":"https:\/\/www.link2fleet.com\/fr\/lindemnite-de-teletravail-nest-pas-imposable\/#primaryimage","url":"https:\/\/static.link2fleet.com\/wp-content\/uploads\/2024\/03\/jenny-ueberberg-basek7rwc1a-unsplash-scaled-1.jpg","contentUrl":"https:\/\/static.link2fleet.com\/wp-content\/uploads\/2024\/03\/jenny-ueberberg-basek7rwc1a-unsplash-scaled-1.jpg","width":2560,"height":1707,"caption":"|"},{"@type":"BreadcrumbList","@id":"https:\/\/www.link2fleet.com\/fr\/lindemnite-de-teletravail-nest-pas-imposable\/#breadcrumb","itemListElement":[{"@type":"ListItem","position":1,"name":"Home","item":"https:\/\/www.link2fleet.com\/fr\/"},{"@type":"ListItem","position":2,"name":"L&#8217;indemnit\u00e9 de t\u00e9l\u00e9travail n\u2019est pas imposable"}]},{"@type":"WebSite","@id":"https:\/\/www.link2fleet.com\/fr\/#website","url":"https:\/\/www.link2fleet.com\/fr\/","name":"Link2fleet","description":"","publisher":{"@id":"https:\/\/www.link2fleet.com\/fr\/#organization"},"potentialAction":[{"@type":"SearchAction","target":{"@type":"EntryPoint","urlTemplate":"https:\/\/www.link2fleet.com\/fr\/?s={search_term_string}"},"query-input":{"@type":"PropertyValueSpecification","valueRequired":true,"valueName":"search_term_string"}}],"inLanguage":"fr-FR"},{"@type":"Organization","@id":"https:\/\/www.link2fleet.com\/fr\/#organization","name":"Link2fleet","url":"https:\/\/www.link2fleet.com\/fr\/","logo":{"@type":"ImageObject","inLanguage":"fr-FR","@id":"https:\/\/www.link2fleet.com\/fr\/#\/schema\/logo\/image\/","url":"https:\/\/static.link2fleet.com\/wp-content\/uploads\/2024\/03\/share-image.jpg","contentUrl":"https:\/\/static.link2fleet.com\/wp-content\/uploads\/2024\/03\/share-image.jpg","width":1200,"height":630,"caption":"Link2fleet"},"image":{"@id":"https:\/\/www.link2fleet.com\/fr\/#\/schema\/logo\/image\/"},"sameAs":["https:\/\/www.linkedin.com\/company\/link2fleet-belgium","https:\/\/www.youtube.com\/user\/MMMBMBE"]},{"@type":"Person","@id":"https:\/\/www.link2fleet.com\/fr\/#\/schema\/person\/3f23fa5cf039e25761156c930f6bf38f","name":"Jeroen Evens","image":{"@type":"ImageObject","inLanguage":"fr-FR","@id":"https:\/\/secure.gravatar.com\/avatar\/6e059523a84fbec54e5ec5d0f3fb4322b7b077be22b323085f823d1d7f00f32e?s=96&d=mm&r=g","url":"https:\/\/secure.gravatar.com\/avatar\/6e059523a84fbec54e5ec5d0f3fb4322b7b077be22b323085f823d1d7f00f32e?s=96&d=mm&r=g","contentUrl":"https:\/\/secure.gravatar.com\/avatar\/6e059523a84fbec54e5ec5d0f3fb4322b7b077be22b323085f823d1d7f00f32e?s=96&d=mm&r=g","caption":"Jeroen Evens"},"description":"Jeroen Evens is opgeleid in de Communicatiewetenschappen (KULeuven) en is een enthousiaste volger van alles wat met mobiliteit en bedrijfswagens te maken heeft. Als freelance journalist gespecialiseerd in de fleetsector houdt hij al drie jaar lang de vinger aan de pols van de laatste ontwikkelingen in onze sector."}]}},"_links":{"self":[{"href":"https:\/\/www.link2fleet.com\/fr\/wp-json\/wp\/v2\/posts\/8944","targetHints":{"allow":["GET"]}}],"collection":[{"href":"https:\/\/www.link2fleet.com\/fr\/wp-json\/wp\/v2\/posts"}],"about":[{"href":"https:\/\/www.link2fleet.com\/fr\/wp-json\/wp\/v2\/types\/post"}],"author":[{"embeddable":true,"href":"https:\/\/www.link2fleet.com\/fr\/wp-json\/wp\/v2\/users\/43"}],"replies":[{"embeddable":true,"href":"https:\/\/www.link2fleet.com\/fr\/wp-json\/wp\/v2\/comments?post=8944"}],"version-history":[{"count":0,"href":"https:\/\/www.link2fleet.com\/fr\/wp-json\/wp\/v2\/posts\/8944\/revisions"}],"wp:featuredmedia":[{"embeddable":true,"href":"https:\/\/www.link2fleet.com\/fr\/wp-json\/wp\/v2\/media\/8945"}],"wp:attachment":[{"href":"https:\/\/www.link2fleet.com\/fr\/wp-json\/wp\/v2\/media?parent=8944"}],"wp:term":[{"taxonomy":"category","embeddable":true,"href":"https:\/\/www.link2fleet.com\/fr\/wp-json\/wp\/v2\/categories?post=8944"},{"taxonomy":"post_tag","embeddable":true,"href":"https:\/\/www.link2fleet.com\/fr\/wp-json\/wp\/v2\/tags?post=8944"}],"curies":[{"name":"wp","href":"https:\/\/api.w.org\/{rel}","templated":true}]}}