{"id":8968,"date":"2023-03-13T15:54:09","date_gmt":"2023-03-13T14:54:09","guid":{"rendered":"https:\/\/www.link2fleet.com\/jan-de-nul-et-stroohm-rendent-les-chantiers-accessibles-aux-voitures-electriques\/"},"modified":"2024-04-17T16:43:59","modified_gmt":"2024-04-17T14:43:59","slug":"jan-de-nul-et-stroohm-rendent-les-chantiers-accessibles-aux-voitures-electriques","status":"publish","type":"post","link":"https:\/\/www.link2fleet.com\/fr\/jan-de-nul-et-stroohm-rendent-les-chantiers-accessibles-aux-voitures-electriques\/","title":{"rendered":"Jan De Nul et Stroohm rendent les chantiers accessibles aux voitures \u00e9lectriques"},"content":{"rendered":"<section class=\"elementor-section elementor-top-section elementor-element elementor-element-9709f84 elementor-section-boxed elementor-section-height-default elementor-section-height-default\" data-id=\"9709f84\" data-element_type=\"section\">\n<div class=\"elementor-container elementor-column-gap-default\">\n<div class=\"elementor-column elementor-col-100 elementor-top-column elementor-element elementor-element-fd875de\" data-id=\"fd875de\" data-element_type=\"column\">\n<div class=\"elementor-widget-wrap elementor-element-populated\">\n<div class=\"elementor-element elementor-element-e02b409 elementor-widget elementor-widget-text-editor\" data-id=\"e02b409\" data-element_type=\"widget\" data-widget_type=\"text-editor.default\">\n<div class=\"elementor-widget-container\">\n<div class=\"textLayer\"><span lang=\"NL-BE\">Christof\u00a0<span class=\"outlook-search-highlight\">De<\/span>\u00a0Waele, le fleet manager, est depuis de nombreuses ann\u00e9es d\u00e9j\u00e0 pionnier en mati\u00e8re d&rsquo;\u00e9lectrification de la flotte chez Jan De Nul. Avec plus de 200 voitures \u00e9lectriques et points de recharge, ils n&rsquo;en sont plus \u00e0 leur coup d&rsquo;essai, mais ont d\u00e9j\u00e0 une vision bien claire. Dans un futur proche, l&rsquo;entreprise va encore doubler le nombre de ses bornes de recharge.<\/span><\/div>\n<div><\/div>\n<div class=\"textLayer\">\n<p><span lang=\"NL-BE\"><b>Stroohm <\/b>est partenaire de la premi\u00e8re heure dans cette transition vers une flotte \u00e9lectrique. Des bornes de recharge au bureau et au domicile des employ\u00e9s ont \u00e9t\u00e9 mises en place dans le cadre d&rsquo;une politique automobile claire optimisant les co\u00fbts de recharge. Mais pour ceux qui sont souvent en d\u00e9placement et qui travaillent dans des endroits isol\u00e9s o\u00f9 il n&rsquo;y a pas d&rsquo;infrastructure fixe, et encore moins de bornes de recharge, il faut faire preuve de cr\u00e9ativit\u00e9. Aussit\u00f4t dit, aussit\u00f4t fait, Jan De Nul a mis au point un conteneur de chantier mobile dot\u00e9 de bornes de recharge Stroohm int\u00e9gr\u00e9es.\u00a0<\/span><\/p>\n<\/div>\n<\/div>\n<\/div>\n<\/div>\n<\/div>\n<\/div>\n<\/section>\n<section class=\"elementor-section elementor-top-section elementor-element elementor-element-dada01a elementor-section-boxed elementor-section-height-default elementor-section-height-default\" data-id=\"dada01a\" data-element_type=\"section\">\n<div class=\"elementor-container elementor-column-gap-default\">\n<div class=\"elementor-column elementor-col-33 elementor-top-column elementor-element elementor-element-355e1e9\" data-id=\"355e1e9\" data-element_type=\"column\">\n<div class=\"elementor-widget-wrap elementor-element-populated\">\n<div class=\"elementor-element elementor-element-b304cd6 elementor-blockquote--skin-quotation elementor-blockquote--button-color-official elementor-widget elementor-widget-blockquote\" data-id=\"b304cd6\" data-element_type=\"widget\" data-widget_type=\"blockquote.default\">\n<div class=\"elementor-widget-container\">\n<blockquote class=\"elementor-blockquote\">\n<p class=\"elementor-blockquote__content\">\u00ab\u00a0Nous sommes pionniers dans plusieurs domaines: nous pensons en termes de solutions plut\u00f4t qu&rsquo;en termes de probl\u00e8mes\u00a0\u00bb<\/p>\n<div class=\"e-q-footer\"><cite class=\"elementor-blockquote__author\">Christof De Waele<\/cite><\/div>\n<\/blockquote>\n<\/div>\n<\/div>\n<\/div>\n<\/div>\n<div class=\"elementor-column elementor-col-66 elementor-top-column elementor-element elementor-element-6a9f25f\" data-id=\"6a9f25f\" data-element_type=\"column\">\n<div class=\"elementor-widget-wrap elementor-element-populated\">\n<div class=\"elementor-element elementor-element-5f3de81 elementor-widget elementor-widget-image\" data-id=\"5f3de81\" data-element_type=\"widget\" data-settings=\"{&quot;_animation&quot;:&quot;none&quot;}\" data-widget_type=\"image.default\">\n<div class=\"elementor-widget-container\"><img loading=\"lazy\" decoding=\"async\" class=\"attachment-large size-large wp-image-13133 aligncenter\" src=\"https:\/\/stroohm.be\/app\/uploads\/2023\/03\/Scherm%C2%ADafbeelding-2023-03-11-om-09.38.59-1024x732.png\" sizes=\"auto, (max-width: 800px) 100vw, 800px\" srcset=\"https:\/\/stroohm.be\/app\/uploads\/2023\/03\/Scherm%C2%ADafbeelding-2023-03-11-om-09.38.59-1024x732.png 1024w, https:\/\/stroohm.be\/app\/uploads\/2023\/03\/Scherm%C2%ADafbeelding-2023-03-11-om-09.38.59-300x215.png 300w, https:\/\/stroohm.be\/app\/uploads\/2023\/03\/Scherm%C2%ADafbeelding-2023-03-11-om-09.38.59-768x549.png 768w, https:\/\/stroohm.be\/app\/uploads\/2023\/03\/Scherm%C2%ADafbeelding-2023-03-11-om-09.38.59-1536x1098.png 1536w, https:\/\/stroohm.be\/app\/uploads\/2023\/03\/Scherm%C2%ADafbeelding-2023-03-11-om-09.38.59-2048x1464.png 2048w\" alt=\"Jan De Nul Stroohm laadcontainer\" width=\"800\" height=\"572\" \/><\/div>\n<\/div>\n<\/div>\n<\/div>\n<\/div>\n<\/section>\n<section class=\"elementor-section elementor-top-section elementor-element elementor-element-1eaa7ad2 elementor-section-boxed elementor-section-height-default elementor-section-height-default\" data-id=\"1eaa7ad2\" data-element_type=\"section\">\n<div class=\"elementor-container elementor-column-gap-default\">\n<div class=\"elementor-column elementor-col-100 elementor-top-column elementor-element elementor-element-67941096\" data-id=\"67941096\" data-element_type=\"column\">\n<div class=\"elementor-widget-wrap elementor-element-populated\">\n<div class=\"elementor-element elementor-element-1d5b7b8 elementor-widget elementor-widget-text-editor\" data-id=\"1d5b7b8\" data-element_type=\"widget\" data-widget_type=\"text-editor.default\">\n<div class=\"elementor-widget-container\">\n<div class=\"p-pdf_iframe__page\" aria-label=\"Page 1\" data-page-number=\"1\">\n<h5><\/h5>\n<p>Le conteneur de recharge peut charger 4 voitures \u00e9lectriques \u00e0 pleine puissance le matin et 4 autres voitures l&rsquo;apr\u00e8s-midi. Une connexion de 63A, qui peut \u00eatre facilement connect\u00e9e \u00e0 une bo\u00eete de site locale, alimente les deux points de charge doubles. Un arr\u00eat d&rsquo;urgence ainsi qu&rsquo;une antenne GSM externe sont pr\u00e9vus pour communiquer la consommation avec le syst\u00e8me de gestion central. Le conteneur est con\u00e7u de mani\u00e8re \u00e0 ce que les points de charge ne soient pas endommag\u00e9s et que les conteneurs puissent \u00eatre empil\u00e9s et transport\u00e9s sans dommage. Cela permet \u00e9galement aux gestionnaires de sites les plus \u00e9loign\u00e9s de rentrer chez eux avec une batterie pleine sans se pr\u00e9occuper de savoir s&rsquo;il y a des points de charge sur le trajet et combien de temps il leur faut pour recharger.<\/p>\n<p>Pour des chantiers structurels tels que la connexion Oosterweel \u00e0 Anvers, o\u00f9 les travaux s&rsquo;\u00e9talent sur plusieurs ann\u00e9es, Stroohm a fourni des points de charge fixes. Autour d&rsquo;Anvers, sur des sites strat\u00e9giques, des bornes de recharge Stroohm sont utilis\u00e9es pour recharger les v\u00e9hicules \u00e9lectriques d&rsquo;entreprise. De cette mani\u00e8re, Stroohm contribue non seulement \u00e0 l&rsquo;am\u00e9lioration de l&rsquo;infrastructure routi\u00e8re, mais aussi \u00e0 la mobilit\u00e9 durable.<\/p>\n<\/div>\n<div><\/div>\n<div><\/div>\n<div class=\"p-pdf_iframe__page\" aria-label=\"Page 1\" data-page-number=\"1\"><\/div>\n<\/div>\n<\/div>\n<\/div>\n<\/div>\n<\/div>\n<\/section>\n<section class=\"elementor-section elementor-top-section elementor-element elementor-element-9046d14 elementor-section-boxed elementor-section-height-default elementor-section-height-default\" data-id=\"9046d14\" data-element_type=\"section\">\n<div class=\"elementor-container elementor-column-gap-default\">\n<div class=\"elementor-column elementor-col-66 elementor-top-column elementor-element elementor-element-41fc11c\" data-id=\"41fc11c\" data-element_type=\"column\">\n<div class=\"elementor-widget-wrap elementor-element-populated\">\n<div class=\"elementor-element elementor-element-c0b6fe5 elementor-widget elementor-widget-image\" data-id=\"c0b6fe5\" data-element_type=\"widget\" data-widget_type=\"image.default\">\n<div class=\"elementor-widget-container\"><img loading=\"lazy\" decoding=\"async\" class=\"attachment-large size-large wp-image-13140 aligncenter\" src=\"https:\/\/stroohm.be\/app\/uploads\/2023\/03\/Scherm%C2%ADafbeelding-2023-03-11-om-10.53.58-1024x762.png\" sizes=\"auto, (max-width: 800px) 100vw, 800px\" srcset=\"https:\/\/stroohm.be\/app\/uploads\/2023\/03\/Scherm%C2%ADafbeelding-2023-03-11-om-10.53.58-1024x762.png 1024w, https:\/\/stroohm.be\/app\/uploads\/2023\/03\/Scherm%C2%ADafbeelding-2023-03-11-om-10.53.58-300x223.png 300w, https:\/\/stroohm.be\/app\/uploads\/2023\/03\/Scherm%C2%ADafbeelding-2023-03-11-om-10.53.58-768x572.png 768w, https:\/\/stroohm.be\/app\/uploads\/2023\/03\/Scherm%C2%ADafbeelding-2023-03-11-om-10.53.58-1536x1144.png 1536w, https:\/\/stroohm.be\/app\/uploads\/2023\/03\/Scherm%C2%ADafbeelding-2023-03-11-om-10.53.58-2048x1525.png 2048w\" alt=\"Jan De Nul Stroohm laadcontainer\" width=\"800\" height=\"595\" \/><\/div>\n<\/div>\n<\/div>\n<\/div>\n<\/div>\n<\/section>\n","protected":false},"excerpt":{"rendered":"<p>Christof\u00a0De\u00a0Waele, le fleet manager, est depuis de nombreuses ann\u00e9es d\u00e9j\u00e0 pionnier en mati\u00e8re d&rsquo;\u00e9lectrification de la flotte chez Jan De Nul. Avec plus de 200 voitures \u00e9lectriques et points de recharge, ils n&rsquo;en sont plus \u00e0 leur coup d&rsquo;essai, mais ont d\u00e9j\u00e0 une vision bien claire. Dans un futur proche, l&rsquo;entreprise va encore doubler le [&hellip;]<\/p>\n","protected":false},"author":4,"featured_media":8969,"comment_status":"closed","ping_status":"closed","sticky":false,"template":"","format":"standard","meta":{"_acf_changed":false,"footnotes":""},"categories":[81,91],"tags":[],"class_list":["post-8968","post","type-post","status-publish","format-standard","has-post-thumbnail","hentry","category-gestion-de-carburant-et-energie","category-expertise-et-management"],"acf":[],"yoast_head":"<!-- This site is optimized with the Yoast SEO plugin v27.3 - https:\/\/yoast.com\/product\/yoast-seo-wordpress\/ -->\n<title>Jan De Nul et Stroohm rendent les chantiers accessibles aux voitures \u00e9lectriques - link2fleet<\/title>\n<meta name=\"description\" content=\"Entreprise belge bien connue, Jan De Nul n&rsquo;est pas seulement active dans le secteur maritime et offshore, elle est \u00e9galement leader dans les projets civils,\u2026\" \/>\n<meta name=\"robots\" content=\"index, follow, max-snippet:-1, max-image-preview:large, max-video-preview:-1\" \/>\n<meta property=\"og:locale\" content=\"fr_FR\" \/>\n<meta property=\"og:type\" content=\"article\" \/>\n<meta property=\"og:title\" content=\"Jan De Nul et Stroohm rendent les chantiers accessibles aux voitures \u00e9lectriques - link2fleet\" \/>\n<meta property=\"og:description\" content=\"Entreprise belge bien connue, Jan De Nul n&rsquo;est pas seulement active dans le secteur maritime et offshore, elle est \u00e9galement leader dans les projets civils,\u2026\" \/>\n<meta property=\"og:url\" content=\"https:\/\/www.link2fleet.com\/fr\/jan-de-nul-et-stroohm-rendent-les-chantiers-accessibles-aux-voitures-electriques\/\" \/>\n<meta property=\"og:site_name\" content=\"link2fleet\" \/>\n<meta property=\"article:published_time\" content=\"2023-03-13T14:54:09+00:00\" \/>\n<meta property=\"article:modified_time\" content=\"2024-04-17T14:43:59+00:00\" \/>\n<meta property=\"og:image\" content=\"https:\/\/static.link2fleet.com\/wp-content\/uploads\/2024\/03\/jandenul.png\" \/>\n\t<meta property=\"og:image:width\" content=\"1024\" \/>\n\t<meta property=\"og:image:height\" content=\"762\" \/>\n\t<meta property=\"og:image:type\" content=\"image\/png\" \/>\n<meta name=\"author\" content=\"Damien Malvetti\" \/>\n<meta name=\"twitter:card\" content=\"summary_large_image\" \/>\n<meta name=\"twitter:description\" content=\"Entreprise belge bien connue, Jan De Nul n&rsquo;est pas seulement active dans le secteur maritime et offshore, elle est \u00e9galement leader dans les projets civils,\u2026\" \/>\n<meta name=\"twitter:label1\" content=\"\u00c9crit par\" \/>\n\t<meta name=\"twitter:data1\" content=\"Damien Malvetti\" \/>\n\t<meta name=\"twitter:label2\" content=\"Dur\u00e9e de lecture estim\u00e9e\" \/>\n\t<meta name=\"twitter:data2\" content=\"2 minutes\" \/>\n<script type=\"application\/ld+json\" class=\"yoast-schema-graph\">{\"@context\":\"https:\\\/\\\/schema.org\",\"@graph\":[{\"@type\":\"Article\",\"@id\":\"https:\\\/\\\/www.link2fleet.com\\\/fr\\\/jan-de-nul-et-stroohm-rendent-les-chantiers-accessibles-aux-voitures-electriques\\\/#article\",\"isPartOf\":{\"@id\":\"https:\\\/\\\/www.link2fleet.com\\\/fr\\\/jan-de-nul-et-stroohm-rendent-les-chantiers-accessibles-aux-voitures-electriques\\\/\"},\"author\":{\"name\":\"Damien Malvetti\",\"@id\":\"https:\\\/\\\/www.link2fleet.com\\\/fr\\\/#\\\/schema\\\/person\\\/027cd46113c78036b3809c9a054049da\"},\"headline\":\"Jan De Nul et Stroohm rendent les chantiers accessibles aux voitures \u00e9lectriques\",\"datePublished\":\"2023-03-13T14:54:09+00:00\",\"dateModified\":\"2024-04-17T14:43:59+00:00\",\"mainEntityOfPage\":{\"@id\":\"https:\\\/\\\/www.link2fleet.com\\\/fr\\\/jan-de-nul-et-stroohm-rendent-les-chantiers-accessibles-aux-voitures-electriques\\\/\"},\"wordCount\":432,\"publisher\":{\"@id\":\"https:\\\/\\\/www.link2fleet.com\\\/fr\\\/#organization\"},\"image\":{\"@id\":\"https:\\\/\\\/www.link2fleet.com\\\/fr\\\/jan-de-nul-et-stroohm-rendent-les-chantiers-accessibles-aux-voitures-electriques\\\/#primaryimage\"},\"thumbnailUrl\":\"https:\\\/\\\/static.link2fleet.com\\\/wp-content\\\/uploads\\\/2024\\\/03\\\/jandenul.png\",\"articleSection\":[\"Gestion carburant et de l'\u00e9nergie\",\"Gestion de flotte\"],\"inLanguage\":\"fr-FR\"},{\"@type\":\"WebPage\",\"@id\":\"https:\\\/\\\/www.link2fleet.com\\\/fr\\\/jan-de-nul-et-stroohm-rendent-les-chantiers-accessibles-aux-voitures-electriques\\\/\",\"url\":\"https:\\\/\\\/www.link2fleet.com\\\/fr\\\/jan-de-nul-et-stroohm-rendent-les-chantiers-accessibles-aux-voitures-electriques\\\/\",\"name\":\"Jan De Nul et Stroohm rendent les chantiers accessibles aux voitures \u00e9lectriques - link2fleet\",\"isPartOf\":{\"@id\":\"https:\\\/\\\/www.link2fleet.com\\\/fr\\\/#website\"},\"primaryImageOfPage\":{\"@id\":\"https:\\\/\\\/www.link2fleet.com\\\/fr\\\/jan-de-nul-et-stroohm-rendent-les-chantiers-accessibles-aux-voitures-electriques\\\/#primaryimage\"},\"image\":{\"@id\":\"https:\\\/\\\/www.link2fleet.com\\\/fr\\\/jan-de-nul-et-stroohm-rendent-les-chantiers-accessibles-aux-voitures-electriques\\\/#primaryimage\"},\"thumbnailUrl\":\"https:\\\/\\\/static.link2fleet.com\\\/wp-content\\\/uploads\\\/2024\\\/03\\\/jandenul.png\",\"datePublished\":\"2023-03-13T14:54:09+00:00\",\"dateModified\":\"2024-04-17T14:43:59+00:00\",\"breadcrumb\":{\"@id\":\"https:\\\/\\\/www.link2fleet.com\\\/fr\\\/jan-de-nul-et-stroohm-rendent-les-chantiers-accessibles-aux-voitures-electriques\\\/#breadcrumb\"},\"inLanguage\":\"fr-FR\",\"potentialAction\":[{\"@type\":\"ReadAction\",\"target\":[\"https:\\\/\\\/www.link2fleet.com\\\/fr\\\/jan-de-nul-et-stroohm-rendent-les-chantiers-accessibles-aux-voitures-electriques\\\/\"]}]},{\"@type\":\"ImageObject\",\"inLanguage\":\"fr-FR\",\"@id\":\"https:\\\/\\\/www.link2fleet.com\\\/fr\\\/jan-de-nul-et-stroohm-rendent-les-chantiers-accessibles-aux-voitures-electriques\\\/#primaryimage\",\"url\":\"https:\\\/\\\/static.link2fleet.com\\\/wp-content\\\/uploads\\\/2024\\\/03\\\/jandenul.png\",\"contentUrl\":\"https:\\\/\\\/static.link2fleet.com\\\/wp-content\\\/uploads\\\/2024\\\/03\\\/jandenul.png\",\"width\":1024,\"height\":762},{\"@type\":\"BreadcrumbList\",\"@id\":\"https:\\\/\\\/www.link2fleet.com\\\/fr\\\/jan-de-nul-et-stroohm-rendent-les-chantiers-accessibles-aux-voitures-electriques\\\/#breadcrumb\",\"itemListElement\":[{\"@type\":\"ListItem\",\"position\":1,\"name\":\"Home\",\"item\":\"https:\\\/\\\/www.link2fleet.com\\\/fr\\\/\"},{\"@type\":\"ListItem\",\"position\":2,\"name\":\"Jan De Nul et Stroohm rendent les chantiers accessibles aux voitures \u00e9lectriques\"}]},{\"@type\":\"WebSite\",\"@id\":\"https:\\\/\\\/www.link2fleet.com\\\/fr\\\/#website\",\"url\":\"https:\\\/\\\/www.link2fleet.com\\\/fr\\\/\",\"name\":\"Link2fleet\",\"description\":\"\",\"publisher\":{\"@id\":\"https:\\\/\\\/www.link2fleet.com\\\/fr\\\/#organization\"},\"potentialAction\":[{\"@type\":\"SearchAction\",\"target\":{\"@type\":\"EntryPoint\",\"urlTemplate\":\"https:\\\/\\\/www.link2fleet.com\\\/fr\\\/?s={search_term_string}\"},\"query-input\":{\"@type\":\"PropertyValueSpecification\",\"valueRequired\":true,\"valueName\":\"search_term_string\"}}],\"inLanguage\":\"fr-FR\"},{\"@type\":\"Organization\",\"@id\":\"https:\\\/\\\/www.link2fleet.com\\\/fr\\\/#organization\",\"name\":\"Link2fleet\",\"url\":\"https:\\\/\\\/www.link2fleet.com\\\/fr\\\/\",\"logo\":{\"@type\":\"ImageObject\",\"inLanguage\":\"fr-FR\",\"@id\":\"https:\\\/\\\/www.link2fleet.com\\\/fr\\\/#\\\/schema\\\/logo\\\/image\\\/\",\"url\":\"https:\\\/\\\/static.link2fleet.com\\\/wp-content\\\/uploads\\\/2024\\\/03\\\/share-image.jpg\",\"contentUrl\":\"https:\\\/\\\/static.link2fleet.com\\\/wp-content\\\/uploads\\\/2024\\\/03\\\/share-image.jpg\",\"width\":1200,\"height\":630,\"caption\":\"Link2fleet\"},\"image\":{\"@id\":\"https:\\\/\\\/www.link2fleet.com\\\/fr\\\/#\\\/schema\\\/logo\\\/image\\\/\"},\"sameAs\":[\"https:\\\/\\\/www.linkedin.com\\\/company\\\/link2fleet-belgium\",\"https:\\\/\\\/www.youtube.com\\\/user\\\/MMMBMBE\"]},{\"@type\":\"Person\",\"@id\":\"https:\\\/\\\/www.link2fleet.com\\\/fr\\\/#\\\/schema\\\/person\\\/027cd46113c78036b3809c9a054049da\",\"name\":\"Damien Malvetti\",\"image\":{\"@type\":\"ImageObject\",\"inLanguage\":\"fr-FR\",\"@id\":\"https:\\\/\\\/secure.gravatar.com\\\/avatar\\\/dd8cc03b49466c735f753ac37f8caa371af16dfed347456ed61f02883255eebb?s=96&d=mm&r=g\",\"url\":\"https:\\\/\\\/secure.gravatar.com\\\/avatar\\\/dd8cc03b49466c735f753ac37f8caa371af16dfed347456ed61f02883255eebb?s=96&d=mm&r=g\",\"contentUrl\":\"https:\\\/\\\/secure.gravatar.com\\\/avatar\\\/dd8cc03b49466c735f753ac37f8caa371af16dfed347456ed61f02883255eebb?s=96&d=mm&r=g\",\"caption\":\"Damien Malvetti\"},\"description\":\"Damien Malvetti is opgeleid als journalist en gepassioneerd door wagens, technologie en mobiliteit. Hij is verantwoordelijk voor de redactionele inhoud van link2fleet en beschikt over een uitgebreide kennis van de fleet-sector en elektrische mobiliteit.\",\"sameAs\":[\"https:\\\/\\\/www.linkedin.com\\\/in\\\/damien-malvetti-56601142\\\/\"]}]}<\/script>\n<!-- \/ Yoast SEO plugin. -->","yoast_head_json":{"title":"Jan De Nul et Stroohm rendent les chantiers accessibles aux voitures \u00e9lectriques - link2fleet","description":"Entreprise belge bien connue, Jan De Nul n&rsquo;est pas seulement active dans le secteur maritime et offshore, elle est \u00e9galement leader dans les projets civils,\u2026","robots":{"index":"index","follow":"follow","max-snippet":"max-snippet:-1","max-image-preview":"max-image-preview:large","max-video-preview":"max-video-preview:-1"},"og_locale":"fr_FR","og_type":"article","og_title":"Jan De Nul et Stroohm rendent les chantiers accessibles aux voitures \u00e9lectriques - link2fleet","og_description":"Entreprise belge bien connue, Jan De Nul n&rsquo;est pas seulement active dans le secteur maritime et offshore, elle est \u00e9galement leader dans les projets civils,\u2026","og_url":"https:\/\/www.link2fleet.com\/fr\/jan-de-nul-et-stroohm-rendent-les-chantiers-accessibles-aux-voitures-electriques\/","og_site_name":"link2fleet","article_published_time":"2023-03-13T14:54:09+00:00","article_modified_time":"2024-04-17T14:43:59+00:00","og_image":[{"width":1024,"height":762,"url":"https:\/\/static.link2fleet.com\/wp-content\/uploads\/2024\/03\/jandenul.png","type":"image\/png"}],"author":"Damien Malvetti","twitter_card":"summary_large_image","twitter_description":"Entreprise belge bien connue, Jan De Nul n&rsquo;est pas seulement active dans le secteur maritime et offshore, elle est \u00e9galement leader dans les projets civils,\u2026","twitter_misc":{"\u00c9crit par":"Damien Malvetti","Dur\u00e9e de lecture estim\u00e9e":"2 minutes"},"schema":{"@context":"https:\/\/schema.org","@graph":[{"@type":"Article","@id":"https:\/\/www.link2fleet.com\/fr\/jan-de-nul-et-stroohm-rendent-les-chantiers-accessibles-aux-voitures-electriques\/#article","isPartOf":{"@id":"https:\/\/www.link2fleet.com\/fr\/jan-de-nul-et-stroohm-rendent-les-chantiers-accessibles-aux-voitures-electriques\/"},"author":{"name":"Damien Malvetti","@id":"https:\/\/www.link2fleet.com\/fr\/#\/schema\/person\/027cd46113c78036b3809c9a054049da"},"headline":"Jan De Nul et Stroohm rendent les chantiers accessibles aux voitures \u00e9lectriques","datePublished":"2023-03-13T14:54:09+00:00","dateModified":"2024-04-17T14:43:59+00:00","mainEntityOfPage":{"@id":"https:\/\/www.link2fleet.com\/fr\/jan-de-nul-et-stroohm-rendent-les-chantiers-accessibles-aux-voitures-electriques\/"},"wordCount":432,"publisher":{"@id":"https:\/\/www.link2fleet.com\/fr\/#organization"},"image":{"@id":"https:\/\/www.link2fleet.com\/fr\/jan-de-nul-et-stroohm-rendent-les-chantiers-accessibles-aux-voitures-electriques\/#primaryimage"},"thumbnailUrl":"https:\/\/static.link2fleet.com\/wp-content\/uploads\/2024\/03\/jandenul.png","articleSection":["Gestion carburant et de l'\u00e9nergie","Gestion de flotte"],"inLanguage":"fr-FR"},{"@type":"WebPage","@id":"https:\/\/www.link2fleet.com\/fr\/jan-de-nul-et-stroohm-rendent-les-chantiers-accessibles-aux-voitures-electriques\/","url":"https:\/\/www.link2fleet.com\/fr\/jan-de-nul-et-stroohm-rendent-les-chantiers-accessibles-aux-voitures-electriques\/","name":"Jan De Nul et Stroohm rendent les chantiers accessibles aux voitures \u00e9lectriques - link2fleet","isPartOf":{"@id":"https:\/\/www.link2fleet.com\/fr\/#website"},"primaryImageOfPage":{"@id":"https:\/\/www.link2fleet.com\/fr\/jan-de-nul-et-stroohm-rendent-les-chantiers-accessibles-aux-voitures-electriques\/#primaryimage"},"image":{"@id":"https:\/\/www.link2fleet.com\/fr\/jan-de-nul-et-stroohm-rendent-les-chantiers-accessibles-aux-voitures-electriques\/#primaryimage"},"thumbnailUrl":"https:\/\/static.link2fleet.com\/wp-content\/uploads\/2024\/03\/jandenul.png","datePublished":"2023-03-13T14:54:09+00:00","dateModified":"2024-04-17T14:43:59+00:00","breadcrumb":{"@id":"https:\/\/www.link2fleet.com\/fr\/jan-de-nul-et-stroohm-rendent-les-chantiers-accessibles-aux-voitures-electriques\/#breadcrumb"},"inLanguage":"fr-FR","potentialAction":[{"@type":"ReadAction","target":["https:\/\/www.link2fleet.com\/fr\/jan-de-nul-et-stroohm-rendent-les-chantiers-accessibles-aux-voitures-electriques\/"]}]},{"@type":"ImageObject","inLanguage":"fr-FR","@id":"https:\/\/www.link2fleet.com\/fr\/jan-de-nul-et-stroohm-rendent-les-chantiers-accessibles-aux-voitures-electriques\/#primaryimage","url":"https:\/\/static.link2fleet.com\/wp-content\/uploads\/2024\/03\/jandenul.png","contentUrl":"https:\/\/static.link2fleet.com\/wp-content\/uploads\/2024\/03\/jandenul.png","width":1024,"height":762},{"@type":"BreadcrumbList","@id":"https:\/\/www.link2fleet.com\/fr\/jan-de-nul-et-stroohm-rendent-les-chantiers-accessibles-aux-voitures-electriques\/#breadcrumb","itemListElement":[{"@type":"ListItem","position":1,"name":"Home","item":"https:\/\/www.link2fleet.com\/fr\/"},{"@type":"ListItem","position":2,"name":"Jan De Nul et Stroohm rendent les chantiers accessibles aux voitures \u00e9lectriques"}]},{"@type":"WebSite","@id":"https:\/\/www.link2fleet.com\/fr\/#website","url":"https:\/\/www.link2fleet.com\/fr\/","name":"Link2fleet","description":"","publisher":{"@id":"https:\/\/www.link2fleet.com\/fr\/#organization"},"potentialAction":[{"@type":"SearchAction","target":{"@type":"EntryPoint","urlTemplate":"https:\/\/www.link2fleet.com\/fr\/?s={search_term_string}"},"query-input":{"@type":"PropertyValueSpecification","valueRequired":true,"valueName":"search_term_string"}}],"inLanguage":"fr-FR"},{"@type":"Organization","@id":"https:\/\/www.link2fleet.com\/fr\/#organization","name":"Link2fleet","url":"https:\/\/www.link2fleet.com\/fr\/","logo":{"@type":"ImageObject","inLanguage":"fr-FR","@id":"https:\/\/www.link2fleet.com\/fr\/#\/schema\/logo\/image\/","url":"https:\/\/static.link2fleet.com\/wp-content\/uploads\/2024\/03\/share-image.jpg","contentUrl":"https:\/\/static.link2fleet.com\/wp-content\/uploads\/2024\/03\/share-image.jpg","width":1200,"height":630,"caption":"Link2fleet"},"image":{"@id":"https:\/\/www.link2fleet.com\/fr\/#\/schema\/logo\/image\/"},"sameAs":["https:\/\/www.linkedin.com\/company\/link2fleet-belgium","https:\/\/www.youtube.com\/user\/MMMBMBE"]},{"@type":"Person","@id":"https:\/\/www.link2fleet.com\/fr\/#\/schema\/person\/027cd46113c78036b3809c9a054049da","name":"Damien Malvetti","image":{"@type":"ImageObject","inLanguage":"fr-FR","@id":"https:\/\/secure.gravatar.com\/avatar\/dd8cc03b49466c735f753ac37f8caa371af16dfed347456ed61f02883255eebb?s=96&d=mm&r=g","url":"https:\/\/secure.gravatar.com\/avatar\/dd8cc03b49466c735f753ac37f8caa371af16dfed347456ed61f02883255eebb?s=96&d=mm&r=g","contentUrl":"https:\/\/secure.gravatar.com\/avatar\/dd8cc03b49466c735f753ac37f8caa371af16dfed347456ed61f02883255eebb?s=96&d=mm&r=g","caption":"Damien Malvetti"},"description":"Damien Malvetti is opgeleid als journalist en gepassioneerd door wagens, technologie en mobiliteit. Hij is verantwoordelijk voor de redactionele inhoud van link2fleet en beschikt over een uitgebreide kennis van de fleet-sector en elektrische mobiliteit.","sameAs":["https:\/\/www.linkedin.com\/in\/damien-malvetti-56601142\/"]}]}},"_links":{"self":[{"href":"https:\/\/www.link2fleet.com\/fr\/wp-json\/wp\/v2\/posts\/8968","targetHints":{"allow":["GET"]}}],"collection":[{"href":"https:\/\/www.link2fleet.com\/fr\/wp-json\/wp\/v2\/posts"}],"about":[{"href":"https:\/\/www.link2fleet.com\/fr\/wp-json\/wp\/v2\/types\/post"}],"author":[{"embeddable":true,"href":"https:\/\/www.link2fleet.com\/fr\/wp-json\/wp\/v2\/users\/4"}],"replies":[{"embeddable":true,"href":"https:\/\/www.link2fleet.com\/fr\/wp-json\/wp\/v2\/comments?post=8968"}],"version-history":[{"count":0,"href":"https:\/\/www.link2fleet.com\/fr\/wp-json\/wp\/v2\/posts\/8968\/revisions"}],"wp:featuredmedia":[{"embeddable":true,"href":"https:\/\/www.link2fleet.com\/fr\/wp-json\/wp\/v2\/media\/8969"}],"wp:attachment":[{"href":"https:\/\/www.link2fleet.com\/fr\/wp-json\/wp\/v2\/media?parent=8968"}],"wp:term":[{"taxonomy":"category","embeddable":true,"href":"https:\/\/www.link2fleet.com\/fr\/wp-json\/wp\/v2\/categories?post=8968"},{"taxonomy":"post_tag","embeddable":true,"href":"https:\/\/www.link2fleet.com\/fr\/wp-json\/wp\/v2\/tags?post=8968"}],"curies":[{"name":"wp","href":"https:\/\/api.w.org\/{rel}","templated":true}]}}