{"id":8984,"date":"2023-03-14T15:26:03","date_gmt":"2023-03-14T14:26:03","guid":{"rendered":"https:\/\/www.link2fleet.com\/la-belgique-parmi-les-pires-eleves-au-monde-en-matiere-daugmentation-de-tarif-de-recharge-pour-les-ev\/"},"modified":"2023-03-14T15:26:03","modified_gmt":"2023-03-14T14:26:03","slug":"la-belgique-parmi-les-pires-eleves-au-monde-en-matiere-daugmentation-de-tarif-de-recharge-pour-les-ev","status":"publish","type":"post","link":"https:\/\/www.link2fleet.com\/fr\/la-belgique-parmi-les-pires-eleves-au-monde-en-matiere-daugmentation-de-tarif-de-recharge-pour-les-ev\/","title":{"rendered":"La Belgique parmi les pires \u00e9l\u00e8ves au monde en mati\u00e8re d&rsquo;augmentation de tarif de recharge pour les EV"},"content":{"rendered":"<p>C&rsquo;est l&rsquo;Estonie qui remporte la palme tr\u00e8s peu flatteuse du pays o\u00f9 le tarif au kWh a le plus augment\u00e9 entre 2021 et 2022 avec une hausse de 146,6% du prix. Notre pays se classe en 6e position avec une augmentation de &lsquo;seulement&rsquo; 61,9%. Cependant, la Belgique est surtout le pays du top 10 o\u00f9 le prix de la recharge est de toute fa\u00e7on le plus \u00e9lev\u00e9. En 2022, il \u00e9tait en moyenne \u00e0 21,47\u00a3 (soit 24 euros), loin devant celui du num\u00e9ro 2, l&rsquo;Espagne o\u00f9 le co\u00fbt du kWh est de 16,90\u00a3 (19,17 euros).<\/p>\n<p>Voici, ci-dessous le top 10 des pays o\u00f9 l&rsquo;augmentation entre 2021 et 2022 est la plus \u00e9lev\u00e9e:<\/p>\n<p><img loading=\"lazy\" decoding=\"async\" class=\"aligncenter wp-image-1291315 size-large\" src=\"https:\/\/www.link2fleet.com\/wp-content\/uploads\/2023\/03\/tarif-recharge-ev-monde-1024x608.png\" alt=\"\" width=\"640\" height=\"380\" \/><\/p>\n<p>&nbsp;<\/p>\n<p><a href=\"https:\/\/www.drive-electric.co.uk\/press\/globally-charged-ev\/\">L&rsquo;enqu\u00eate en d\u00e9tails se trouve ici.<\/a><\/p>\n","protected":false},"excerpt":{"rendered":"<p>C&rsquo;est l&rsquo;Estonie qui remporte la palme tr\u00e8s peu flatteuse du pays o\u00f9 le tarif au kWh a le plus augment\u00e9 entre 2021 et 2022 avec une hausse de 146,6% du prix. Notre pays se classe en 6e position avec une augmentation de &lsquo;seulement&rsquo; 61,9%. Cependant, la Belgique est surtout le pays du top 10 o\u00f9 [&hellip;]<\/p>\n","protected":false},"author":4,"featured_media":8985,"comment_status":"closed","ping_status":"closed","sticky":false,"template":"","format":"standard","meta":{"_acf_changed":false,"footnotes":""},"categories":[91,101],"tags":[],"class_list":["post-8984","post","type-post","status-publish","format-standard","has-post-thumbnail","hentry","category-expertise-et-management","category-tax-legal"],"acf":[],"yoast_head":"<!-- This site is optimized with the Yoast SEO plugin v27.3 - https:\/\/yoast.com\/product\/yoast-seo-wordpress\/ -->\n<title>La Belgique parmi les pires \u00e9l\u00e8ves au monde en mati\u00e8re d&#039;augmentation de tarif de recharge pour les EV - link2fleet<\/title>\n<meta name=\"description\" content=\"C&rsquo;est le r\u00e9sultat d&rsquo;une enqu\u00eate men\u00e9e par les experts de DriveElectric, sp\u00e9cialiste anglais du leasing de v\u00e9hicules \u00e9lectriques. Sur base d&rsquo;une comparaison des tarifs de\u2026\" \/>\n<meta name=\"robots\" content=\"index, follow, max-snippet:-1, max-image-preview:large, max-video-preview:-1\" \/>\n<meta property=\"og:locale\" content=\"fr_FR\" \/>\n<meta property=\"og:type\" content=\"article\" \/>\n<meta property=\"og:title\" content=\"La Belgique parmi les pires \u00e9l\u00e8ves au monde en mati\u00e8re d&#039;augmentation de tarif de recharge pour les EV - link2fleet\" \/>\n<meta property=\"og:description\" content=\"C&rsquo;est le r\u00e9sultat d&rsquo;une enqu\u00eate men\u00e9e par les experts de DriveElectric, sp\u00e9cialiste anglais du leasing de v\u00e9hicules \u00e9lectriques. Sur base d&rsquo;une comparaison des tarifs de\u2026\" \/>\n<meta property=\"og:url\" content=\"https:\/\/www.link2fleet.com\/fr\/la-belgique-parmi-les-pires-eleves-au-monde-en-matiere-daugmentation-de-tarif-de-recharge-pour-les-ev\/\" \/>\n<meta property=\"og:site_name\" content=\"link2fleet\" \/>\n<meta property=\"article:published_time\" content=\"2023-03-14T14:26:03+00:00\" \/>\n<meta property=\"og:image\" content=\"https:\/\/static.link2fleet.com\/wp-content\/uploads\/2024\/03\/borne-recharge-vehicule-electrique-resa.jpg\" \/>\n\t<meta property=\"og:image:width\" content=\"800\" \/>\n\t<meta property=\"og:image:height\" content=\"533\" \/>\n\t<meta property=\"og:image:type\" content=\"image\/jpeg\" \/>\n<meta name=\"author\" content=\"Damien Malvetti\" \/>\n<meta name=\"twitter:card\" content=\"summary_large_image\" \/>\n<meta name=\"twitter:description\" content=\"C&rsquo;est le r\u00e9sultat d&rsquo;une enqu\u00eate men\u00e9e par les experts de DriveElectric, sp\u00e9cialiste anglais du leasing de v\u00e9hicules \u00e9lectriques. Sur base d&rsquo;une comparaison des tarifs de\u2026\" \/>\n<meta name=\"twitter:label1\" content=\"\u00c9crit par\" \/>\n\t<meta name=\"twitter:data1\" content=\"Damien Malvetti\" \/>\n\t<meta name=\"twitter:label2\" content=\"Dur\u00e9e de lecture estim\u00e9e\" \/>\n\t<meta name=\"twitter:data2\" content=\"1 minute\" \/>\n<script type=\"application\/ld+json\" class=\"yoast-schema-graph\">{\"@context\":\"https:\\\/\\\/schema.org\",\"@graph\":[{\"@type\":\"Article\",\"@id\":\"https:\\\/\\\/www.link2fleet.com\\\/fr\\\/la-belgique-parmi-les-pires-eleves-au-monde-en-matiere-daugmentation-de-tarif-de-recharge-pour-les-ev\\\/#article\",\"isPartOf\":{\"@id\":\"https:\\\/\\\/www.link2fleet.com\\\/fr\\\/la-belgique-parmi-les-pires-eleves-au-monde-en-matiere-daugmentation-de-tarif-de-recharge-pour-les-ev\\\/\"},\"author\":{\"name\":\"Damien Malvetti\",\"@id\":\"https:\\\/\\\/www.link2fleet.com\\\/fr\\\/#\\\/schema\\\/person\\\/027cd46113c78036b3809c9a054049da\"},\"headline\":\"La Belgique parmi les pires \u00e9l\u00e8ves au monde en mati\u00e8re d&rsquo;augmentation de tarif de recharge pour les EV\",\"datePublished\":\"2023-03-14T14:26:03+00:00\",\"mainEntityOfPage\":{\"@id\":\"https:\\\/\\\/www.link2fleet.com\\\/fr\\\/la-belgique-parmi-les-pires-eleves-au-monde-en-matiere-daugmentation-de-tarif-de-recharge-pour-les-ev\\\/\"},\"wordCount\":137,\"publisher\":{\"@id\":\"https:\\\/\\\/www.link2fleet.com\\\/fr\\\/#organization\"},\"image\":{\"@id\":\"https:\\\/\\\/www.link2fleet.com\\\/fr\\\/la-belgique-parmi-les-pires-eleves-au-monde-en-matiere-daugmentation-de-tarif-de-recharge-pour-les-ev\\\/#primaryimage\"},\"thumbnailUrl\":\"https:\\\/\\\/static.link2fleet.com\\\/wp-content\\\/uploads\\\/2024\\\/03\\\/borne-recharge-vehicule-electrique-resa.jpg\",\"articleSection\":[\"Gestion de flotte\",\"Tax &amp; legal\"],\"inLanguage\":\"fr-FR\"},{\"@type\":\"WebPage\",\"@id\":\"https:\\\/\\\/www.link2fleet.com\\\/fr\\\/la-belgique-parmi-les-pires-eleves-au-monde-en-matiere-daugmentation-de-tarif-de-recharge-pour-les-ev\\\/\",\"url\":\"https:\\\/\\\/www.link2fleet.com\\\/fr\\\/la-belgique-parmi-les-pires-eleves-au-monde-en-matiere-daugmentation-de-tarif-de-recharge-pour-les-ev\\\/\",\"name\":\"La Belgique parmi les pires \u00e9l\u00e8ves au monde en mati\u00e8re d'augmentation de tarif de recharge pour les EV - link2fleet\",\"isPartOf\":{\"@id\":\"https:\\\/\\\/www.link2fleet.com\\\/fr\\\/#website\"},\"primaryImageOfPage\":{\"@id\":\"https:\\\/\\\/www.link2fleet.com\\\/fr\\\/la-belgique-parmi-les-pires-eleves-au-monde-en-matiere-daugmentation-de-tarif-de-recharge-pour-les-ev\\\/#primaryimage\"},\"image\":{\"@id\":\"https:\\\/\\\/www.link2fleet.com\\\/fr\\\/la-belgique-parmi-les-pires-eleves-au-monde-en-matiere-daugmentation-de-tarif-de-recharge-pour-les-ev\\\/#primaryimage\"},\"thumbnailUrl\":\"https:\\\/\\\/static.link2fleet.com\\\/wp-content\\\/uploads\\\/2024\\\/03\\\/borne-recharge-vehicule-electrique-resa.jpg\",\"datePublished\":\"2023-03-14T14:26:03+00:00\",\"breadcrumb\":{\"@id\":\"https:\\\/\\\/www.link2fleet.com\\\/fr\\\/la-belgique-parmi-les-pires-eleves-au-monde-en-matiere-daugmentation-de-tarif-de-recharge-pour-les-ev\\\/#breadcrumb\"},\"inLanguage\":\"fr-FR\",\"potentialAction\":[{\"@type\":\"ReadAction\",\"target\":[\"https:\\\/\\\/www.link2fleet.com\\\/fr\\\/la-belgique-parmi-les-pires-eleves-au-monde-en-matiere-daugmentation-de-tarif-de-recharge-pour-les-ev\\\/\"]}]},{\"@type\":\"ImageObject\",\"inLanguage\":\"fr-FR\",\"@id\":\"https:\\\/\\\/www.link2fleet.com\\\/fr\\\/la-belgique-parmi-les-pires-eleves-au-monde-en-matiere-daugmentation-de-tarif-de-recharge-pour-les-ev\\\/#primaryimage\",\"url\":\"https:\\\/\\\/static.link2fleet.com\\\/wp-content\\\/uploads\\\/2024\\\/03\\\/borne-recharge-vehicule-electrique-resa.jpg\",\"contentUrl\":\"https:\\\/\\\/static.link2fleet.com\\\/wp-content\\\/uploads\\\/2024\\\/03\\\/borne-recharge-vehicule-electrique-resa.jpg\",\"width\":800,\"height\":533,\"caption\":\"|\"},{\"@type\":\"BreadcrumbList\",\"@id\":\"https:\\\/\\\/www.link2fleet.com\\\/fr\\\/la-belgique-parmi-les-pires-eleves-au-monde-en-matiere-daugmentation-de-tarif-de-recharge-pour-les-ev\\\/#breadcrumb\",\"itemListElement\":[{\"@type\":\"ListItem\",\"position\":1,\"name\":\"Home\",\"item\":\"https:\\\/\\\/www.link2fleet.com\\\/fr\\\/\"},{\"@type\":\"ListItem\",\"position\":2,\"name\":\"La Belgique parmi les pires \u00e9l\u00e8ves au monde en mati\u00e8re d&#8217;augmentation de tarif de recharge pour les EV\"}]},{\"@type\":\"WebSite\",\"@id\":\"https:\\\/\\\/www.link2fleet.com\\\/fr\\\/#website\",\"url\":\"https:\\\/\\\/www.link2fleet.com\\\/fr\\\/\",\"name\":\"Link2fleet\",\"description\":\"\",\"publisher\":{\"@id\":\"https:\\\/\\\/www.link2fleet.com\\\/fr\\\/#organization\"},\"potentialAction\":[{\"@type\":\"SearchAction\",\"target\":{\"@type\":\"EntryPoint\",\"urlTemplate\":\"https:\\\/\\\/www.link2fleet.com\\\/fr\\\/?s={search_term_string}\"},\"query-input\":{\"@type\":\"PropertyValueSpecification\",\"valueRequired\":true,\"valueName\":\"search_term_string\"}}],\"inLanguage\":\"fr-FR\"},{\"@type\":\"Organization\",\"@id\":\"https:\\\/\\\/www.link2fleet.com\\\/fr\\\/#organization\",\"name\":\"Link2fleet\",\"url\":\"https:\\\/\\\/www.link2fleet.com\\\/fr\\\/\",\"logo\":{\"@type\":\"ImageObject\",\"inLanguage\":\"fr-FR\",\"@id\":\"https:\\\/\\\/www.link2fleet.com\\\/fr\\\/#\\\/schema\\\/logo\\\/image\\\/\",\"url\":\"https:\\\/\\\/static.link2fleet.com\\\/wp-content\\\/uploads\\\/2024\\\/03\\\/share-image.jpg\",\"contentUrl\":\"https:\\\/\\\/static.link2fleet.com\\\/wp-content\\\/uploads\\\/2024\\\/03\\\/share-image.jpg\",\"width\":1200,\"height\":630,\"caption\":\"Link2fleet\"},\"image\":{\"@id\":\"https:\\\/\\\/www.link2fleet.com\\\/fr\\\/#\\\/schema\\\/logo\\\/image\\\/\"},\"sameAs\":[\"https:\\\/\\\/www.linkedin.com\\\/company\\\/link2fleet-belgium\",\"https:\\\/\\\/www.youtube.com\\\/user\\\/MMMBMBE\"]},{\"@type\":\"Person\",\"@id\":\"https:\\\/\\\/www.link2fleet.com\\\/fr\\\/#\\\/schema\\\/person\\\/027cd46113c78036b3809c9a054049da\",\"name\":\"Damien Malvetti\",\"image\":{\"@type\":\"ImageObject\",\"inLanguage\":\"fr-FR\",\"@id\":\"https:\\\/\\\/secure.gravatar.com\\\/avatar\\\/dd8cc03b49466c735f753ac37f8caa371af16dfed347456ed61f02883255eebb?s=96&d=mm&r=g\",\"url\":\"https:\\\/\\\/secure.gravatar.com\\\/avatar\\\/dd8cc03b49466c735f753ac37f8caa371af16dfed347456ed61f02883255eebb?s=96&d=mm&r=g\",\"contentUrl\":\"https:\\\/\\\/secure.gravatar.com\\\/avatar\\\/dd8cc03b49466c735f753ac37f8caa371af16dfed347456ed61f02883255eebb?s=96&d=mm&r=g\",\"caption\":\"Damien Malvetti\"},\"description\":\"Damien Malvetti is opgeleid als journalist en gepassioneerd door wagens, technologie en mobiliteit. Hij is verantwoordelijk voor de redactionele inhoud van link2fleet en beschikt over een uitgebreide kennis van de fleet-sector en elektrische mobiliteit.\",\"sameAs\":[\"https:\\\/\\\/www.linkedin.com\\\/in\\\/damien-malvetti-56601142\\\/\"]}]}<\/script>\n<!-- \/ Yoast SEO plugin. -->","yoast_head_json":{"title":"La Belgique parmi les pires \u00e9l\u00e8ves au monde en mati\u00e8re d'augmentation de tarif de recharge pour les EV - link2fleet","description":"C&rsquo;est le r\u00e9sultat d&rsquo;une enqu\u00eate men\u00e9e par les experts de DriveElectric, sp\u00e9cialiste anglais du leasing de v\u00e9hicules \u00e9lectriques. Sur base d&rsquo;une comparaison des tarifs de\u2026","robots":{"index":"index","follow":"follow","max-snippet":"max-snippet:-1","max-image-preview":"max-image-preview:large","max-video-preview":"max-video-preview:-1"},"og_locale":"fr_FR","og_type":"article","og_title":"La Belgique parmi les pires \u00e9l\u00e8ves au monde en mati\u00e8re d'augmentation de tarif de recharge pour les EV - link2fleet","og_description":"C&rsquo;est le r\u00e9sultat d&rsquo;une enqu\u00eate men\u00e9e par les experts de DriveElectric, sp\u00e9cialiste anglais du leasing de v\u00e9hicules \u00e9lectriques. Sur base d&rsquo;une comparaison des tarifs de\u2026","og_url":"https:\/\/www.link2fleet.com\/fr\/la-belgique-parmi-les-pires-eleves-au-monde-en-matiere-daugmentation-de-tarif-de-recharge-pour-les-ev\/","og_site_name":"link2fleet","article_published_time":"2023-03-14T14:26:03+00:00","og_image":[{"width":800,"height":533,"url":"https:\/\/static.link2fleet.com\/wp-content\/uploads\/2024\/03\/borne-recharge-vehicule-electrique-resa.jpg","type":"image\/jpeg"}],"author":"Damien Malvetti","twitter_card":"summary_large_image","twitter_description":"C&rsquo;est le r\u00e9sultat d&rsquo;une enqu\u00eate men\u00e9e par les experts de DriveElectric, sp\u00e9cialiste anglais du leasing de v\u00e9hicules \u00e9lectriques. Sur base d&rsquo;une comparaison des tarifs de\u2026","twitter_misc":{"\u00c9crit par":"Damien Malvetti","Dur\u00e9e de lecture estim\u00e9e":"1 minute"},"schema":{"@context":"https:\/\/schema.org","@graph":[{"@type":"Article","@id":"https:\/\/www.link2fleet.com\/fr\/la-belgique-parmi-les-pires-eleves-au-monde-en-matiere-daugmentation-de-tarif-de-recharge-pour-les-ev\/#article","isPartOf":{"@id":"https:\/\/www.link2fleet.com\/fr\/la-belgique-parmi-les-pires-eleves-au-monde-en-matiere-daugmentation-de-tarif-de-recharge-pour-les-ev\/"},"author":{"name":"Damien Malvetti","@id":"https:\/\/www.link2fleet.com\/fr\/#\/schema\/person\/027cd46113c78036b3809c9a054049da"},"headline":"La Belgique parmi les pires \u00e9l\u00e8ves au monde en mati\u00e8re d&rsquo;augmentation de tarif de recharge pour les EV","datePublished":"2023-03-14T14:26:03+00:00","mainEntityOfPage":{"@id":"https:\/\/www.link2fleet.com\/fr\/la-belgique-parmi-les-pires-eleves-au-monde-en-matiere-daugmentation-de-tarif-de-recharge-pour-les-ev\/"},"wordCount":137,"publisher":{"@id":"https:\/\/www.link2fleet.com\/fr\/#organization"},"image":{"@id":"https:\/\/www.link2fleet.com\/fr\/la-belgique-parmi-les-pires-eleves-au-monde-en-matiere-daugmentation-de-tarif-de-recharge-pour-les-ev\/#primaryimage"},"thumbnailUrl":"https:\/\/static.link2fleet.com\/wp-content\/uploads\/2024\/03\/borne-recharge-vehicule-electrique-resa.jpg","articleSection":["Gestion de flotte","Tax &amp; legal"],"inLanguage":"fr-FR"},{"@type":"WebPage","@id":"https:\/\/www.link2fleet.com\/fr\/la-belgique-parmi-les-pires-eleves-au-monde-en-matiere-daugmentation-de-tarif-de-recharge-pour-les-ev\/","url":"https:\/\/www.link2fleet.com\/fr\/la-belgique-parmi-les-pires-eleves-au-monde-en-matiere-daugmentation-de-tarif-de-recharge-pour-les-ev\/","name":"La Belgique parmi les pires \u00e9l\u00e8ves au monde en mati\u00e8re d'augmentation de tarif de recharge pour les EV - link2fleet","isPartOf":{"@id":"https:\/\/www.link2fleet.com\/fr\/#website"},"primaryImageOfPage":{"@id":"https:\/\/www.link2fleet.com\/fr\/la-belgique-parmi-les-pires-eleves-au-monde-en-matiere-daugmentation-de-tarif-de-recharge-pour-les-ev\/#primaryimage"},"image":{"@id":"https:\/\/www.link2fleet.com\/fr\/la-belgique-parmi-les-pires-eleves-au-monde-en-matiere-daugmentation-de-tarif-de-recharge-pour-les-ev\/#primaryimage"},"thumbnailUrl":"https:\/\/static.link2fleet.com\/wp-content\/uploads\/2024\/03\/borne-recharge-vehicule-electrique-resa.jpg","datePublished":"2023-03-14T14:26:03+00:00","breadcrumb":{"@id":"https:\/\/www.link2fleet.com\/fr\/la-belgique-parmi-les-pires-eleves-au-monde-en-matiere-daugmentation-de-tarif-de-recharge-pour-les-ev\/#breadcrumb"},"inLanguage":"fr-FR","potentialAction":[{"@type":"ReadAction","target":["https:\/\/www.link2fleet.com\/fr\/la-belgique-parmi-les-pires-eleves-au-monde-en-matiere-daugmentation-de-tarif-de-recharge-pour-les-ev\/"]}]},{"@type":"ImageObject","inLanguage":"fr-FR","@id":"https:\/\/www.link2fleet.com\/fr\/la-belgique-parmi-les-pires-eleves-au-monde-en-matiere-daugmentation-de-tarif-de-recharge-pour-les-ev\/#primaryimage","url":"https:\/\/static.link2fleet.com\/wp-content\/uploads\/2024\/03\/borne-recharge-vehicule-electrique-resa.jpg","contentUrl":"https:\/\/static.link2fleet.com\/wp-content\/uploads\/2024\/03\/borne-recharge-vehicule-electrique-resa.jpg","width":800,"height":533,"caption":"|"},{"@type":"BreadcrumbList","@id":"https:\/\/www.link2fleet.com\/fr\/la-belgique-parmi-les-pires-eleves-au-monde-en-matiere-daugmentation-de-tarif-de-recharge-pour-les-ev\/#breadcrumb","itemListElement":[{"@type":"ListItem","position":1,"name":"Home","item":"https:\/\/www.link2fleet.com\/fr\/"},{"@type":"ListItem","position":2,"name":"La Belgique parmi les pires \u00e9l\u00e8ves au monde en mati\u00e8re d&#8217;augmentation de tarif de recharge pour les EV"}]},{"@type":"WebSite","@id":"https:\/\/www.link2fleet.com\/fr\/#website","url":"https:\/\/www.link2fleet.com\/fr\/","name":"Link2fleet","description":"","publisher":{"@id":"https:\/\/www.link2fleet.com\/fr\/#organization"},"potentialAction":[{"@type":"SearchAction","target":{"@type":"EntryPoint","urlTemplate":"https:\/\/www.link2fleet.com\/fr\/?s={search_term_string}"},"query-input":{"@type":"PropertyValueSpecification","valueRequired":true,"valueName":"search_term_string"}}],"inLanguage":"fr-FR"},{"@type":"Organization","@id":"https:\/\/www.link2fleet.com\/fr\/#organization","name":"Link2fleet","url":"https:\/\/www.link2fleet.com\/fr\/","logo":{"@type":"ImageObject","inLanguage":"fr-FR","@id":"https:\/\/www.link2fleet.com\/fr\/#\/schema\/logo\/image\/","url":"https:\/\/static.link2fleet.com\/wp-content\/uploads\/2024\/03\/share-image.jpg","contentUrl":"https:\/\/static.link2fleet.com\/wp-content\/uploads\/2024\/03\/share-image.jpg","width":1200,"height":630,"caption":"Link2fleet"},"image":{"@id":"https:\/\/www.link2fleet.com\/fr\/#\/schema\/logo\/image\/"},"sameAs":["https:\/\/www.linkedin.com\/company\/link2fleet-belgium","https:\/\/www.youtube.com\/user\/MMMBMBE"]},{"@type":"Person","@id":"https:\/\/www.link2fleet.com\/fr\/#\/schema\/person\/027cd46113c78036b3809c9a054049da","name":"Damien Malvetti","image":{"@type":"ImageObject","inLanguage":"fr-FR","@id":"https:\/\/secure.gravatar.com\/avatar\/dd8cc03b49466c735f753ac37f8caa371af16dfed347456ed61f02883255eebb?s=96&d=mm&r=g","url":"https:\/\/secure.gravatar.com\/avatar\/dd8cc03b49466c735f753ac37f8caa371af16dfed347456ed61f02883255eebb?s=96&d=mm&r=g","contentUrl":"https:\/\/secure.gravatar.com\/avatar\/dd8cc03b49466c735f753ac37f8caa371af16dfed347456ed61f02883255eebb?s=96&d=mm&r=g","caption":"Damien Malvetti"},"description":"Damien Malvetti is opgeleid als journalist en gepassioneerd door wagens, technologie en mobiliteit. Hij is verantwoordelijk voor de redactionele inhoud van link2fleet en beschikt over een uitgebreide kennis van de fleet-sector en elektrische mobiliteit.","sameAs":["https:\/\/www.linkedin.com\/in\/damien-malvetti-56601142\/"]}]}},"_links":{"self":[{"href":"https:\/\/www.link2fleet.com\/fr\/wp-json\/wp\/v2\/posts\/8984","targetHints":{"allow":["GET"]}}],"collection":[{"href":"https:\/\/www.link2fleet.com\/fr\/wp-json\/wp\/v2\/posts"}],"about":[{"href":"https:\/\/www.link2fleet.com\/fr\/wp-json\/wp\/v2\/types\/post"}],"author":[{"embeddable":true,"href":"https:\/\/www.link2fleet.com\/fr\/wp-json\/wp\/v2\/users\/4"}],"replies":[{"embeddable":true,"href":"https:\/\/www.link2fleet.com\/fr\/wp-json\/wp\/v2\/comments?post=8984"}],"version-history":[{"count":0,"href":"https:\/\/www.link2fleet.com\/fr\/wp-json\/wp\/v2\/posts\/8984\/revisions"}],"wp:featuredmedia":[{"embeddable":true,"href":"https:\/\/www.link2fleet.com\/fr\/wp-json\/wp\/v2\/media\/8985"}],"wp:attachment":[{"href":"https:\/\/www.link2fleet.com\/fr\/wp-json\/wp\/v2\/media?parent=8984"}],"wp:term":[{"taxonomy":"category","embeddable":true,"href":"https:\/\/www.link2fleet.com\/fr\/wp-json\/wp\/v2\/categories?post=8984"},{"taxonomy":"post_tag","embeddable":true,"href":"https:\/\/www.link2fleet.com\/fr\/wp-json\/wp\/v2\/tags?post=8984"}],"curies":[{"name":"wp","href":"https:\/\/api.w.org\/{rel}","templated":true}]}}