{"id":9151,"date":"2023-03-23T12:33:50","date_gmt":"2023-03-23T11:33:50","guid":{"rendered":"https:\/\/www.link2fleet.com\/arval-a-vos-cotes-pour-developper-votre-mobilite\/"},"modified":"2024-04-17T16:43:49","modified_gmt":"2024-04-17T14:43:49","slug":"arval-a-vos-cotes-pour-developper-votre-mobilite","status":"publish","type":"post","link":"https:\/\/www.link2fleet.com\/fr\/arval-a-vos-cotes-pour-developper-votre-mobilite\/","title":{"rendered":"Arval \u00e0 vos c\u00f4t\u00e9s pour d\u00e9velopper votre mobilit\u00e9"},"content":{"rendered":"<p style=\"font-weight: 400;\">En tant que leader de la mobilit\u00e9 durable au niveau international, Arval a mis en place une strat\u00e9gie compl\u00e8te en la mati\u00e8re d\u00e9nomm\u00e9e Arval Beyond avec un plan sur 5 ans. Sur le march\u00e9 belge, elle se traduit par un changement de business-model de la car-policy vers la mobility-policy.<\/p>\n<figure id=\"attachment_183525\" aria-describedby=\"caption-attachment-183525\" style=\"width: 231px\" class=\"wp-caption alignright\"><a href=\"https:\/\/www.link2fleet.com\/wp-content\/uploads\/L2FAWARDS2015_Suppliers_XXImo_ChristopheJanssen_3.jpg\"><img loading=\"lazy\" decoding=\"async\" class=\"wp-image-183525\" src=\"https:\/\/www.link2fleet.com\/wp-content\/uploads\/L2FAWARDS2015_Suppliers_XXImo_ChristopheJanssen_3-e1679574732418-931x1024.jpg\" alt=\"\" width=\"231\" height=\"254\" \/><\/a><figcaption id=\"caption-attachment-183525\" class=\"wp-caption-text\">Christophe Janssen<\/figcaption><\/figure>\n<p style=\"font-weight: 400;\">\u00ab\u00a0La voiture de soci\u00e9t\u00e9 occupera toujours une place importante dans le paysage de la mobilit\u00e9 et dans notre business puisque nous g\u00e9rons actuellement 95.000 v\u00e9hicules en leasing op\u00e9rationnel, mais on voit clairement aujourd\u2019hui que nos clients et leurs employ\u00e9s sont demandeurs d\u2019autre chose. La mobilit\u00e9 alternative, peu importe sa forme, prend de plus en plus d\u2019importance\u00a0\u00bb, intervient Christophe Janssen, Senior Mobility Leader d\u2019Arval Belgium.<\/p>\n<p style=\"font-weight: 400;\">Mais l\u2019\u00e9cosyst\u00e8me de la mobilit\u00e9 est parfois encore complexe \u00e0 appr\u00e9hender. \u00ab\u00a0On remarque que les gens ne sont pas toujours bien inform\u00e9s sur toutes les possibilit\u00e9s et les acteurs qui existent en mati\u00e8re de mobilit\u00e9. Et surtout qu\u2019ils ont besoin d\u2019\u00eatre accompagn\u00e9s pour mettre en place leur strat\u00e9gie, la faire adopter par leurs collaborateurs et en assurer le suivi. C\u2019est exactement ce que nous proposons chez Arval. Le client est central dans notre strat\u00e9gie.\u00a0Et nous jouons un peu le r\u00f4le d\u2019un couteau suisse en apportant une r\u00e9ponse \u00e0 tous ses besoins en la mati\u00e8re. Il faut aussi tenir compte du fait que chaque collaborateur a des besoins individuels en mati\u00e8re de mobilit\u00e9. Il y aura par exemple toujours une grande diff\u00e9rence entre ceux qui habitent en ville et ceux qui vivent en dehors \u00bb<\/p>\n<p>&nbsp;<\/p>\n<p style=\"font-weight: 400;\"><strong>4 piliers pour une mobilit\u00e9 int\u00e9gr\u00e9e<\/strong><\/p>\n<p style=\"font-weight: 400;\">La strat\u00e9gie Arval Beyond repose ainsi sur 4 piliers dont la mobilit\u00e9 \u00e0 360 degr\u00e9s avec les diff\u00e9rentes solutions que sont le car-sharing, ou le Bike Lease notamment, qui se d\u00e9veloppe d\u2019ailleurs tr\u00e8s bien. \u00ab\u00a0Le second pilier, \u2018Connected and Flexible\u2019, permet notamment aux gestionnaires de flotte de r\u00e9cup\u00e9rer des donn\u00e9es de leurs v\u00e9hicules dans le but d\u2019optimiser leur usage, de mieux g\u00e9rer leur flotte, de faire des \u00e9conomies et de r\u00e9duire leurs statistiques de sinistralit\u00e9\u00a0\u00bb, reprend Christophe Janssen.<\/p>\n<p style=\"font-weight: 400;\"><a href=\"https:\/\/www.link2fleet.com\/wp-content\/uploads\/2022\/10\/ARVAL-bornes-scaled.jpg\"><img loading=\"lazy\" decoding=\"async\" class=\"alignright wp-image-1284164\" src=\"https:\/\/www.link2fleet.com\/wp-content\/uploads\/2022\/10\/ARVAL-bornes-1024x683.jpg\" alt=\"\" width=\"340\" height=\"227\" \/><\/a>Le pilier \u2018Good for you, good for all\u2019 veille \u00e0 la r\u00e9duction des \u00e9missions de CO<sub>2<\/sub>. \u00ab\u00a0C\u2019est via ce pilier que nous offrons les solutions en mati\u00e8re d\u2019\u00e9lectrification et de recharge. A ce titre, nous avons adapt\u00e9 une politique tr\u00e8s claire pour notre personnel interne puisque seules des voitures full \u00e9lectriques peuvent encore \u00eatre command\u00e9es. Et pour assurer la recharge, une \u2018for\u00eat de bornes de recharge\u2019 a \u00e9t\u00e9 install\u00e9e sur le parking de nos bureaux de Zaventem.\u00a0Car il est important pour nous de montrer l\u2019exemple \u00e0 nos clients en adoptant aussi les bonnes pratiques. \u00bb<\/p>\n<p style=\"font-weight: 400;\">Enfin, gr\u00e2ce \u00e0 Arval Inside, l\u2019entreprise partage aussi son exp\u00e9rience avec ses partenaires dans le but de proposer une offre de mobilit\u00e9 encore plus enrichie. \u00ab\u00a0Par exemple avec AG Insurance qui propose d\u00e9sormais l&rsquo;offre GO4lease, une solution de leasing pour particuliers et professionels, ou encore avec Engie ou Luminus pour le placement de l\u2019infrastructure de recharge au domicile des collaborateurs.\u00a0\u00bb<\/p>\n<p>&nbsp;<\/p>\n<p style=\"font-weight: 400;\"><strong>Arval Mobitily App\u00a0: pour faciliter les d\u00e9placements<\/strong><\/p>\n<p style=\"font-weight: 400;\"><a href=\"https:\/\/www.link2fleet.com\/wp-content\/uploads\/2023\/03\/arval-mobility-app.jpg\"><img loading=\"lazy\" decoding=\"async\" class=\"alignleft size-medium wp-image-1291861\" src=\"https:\/\/www.link2fleet.com\/wp-content\/uploads\/2023\/03\/arval-mobility-app-300x169.jpg\" alt=\"\" width=\"300\" height=\"169\" \/><\/a>A destination des collaborateurs, Arval propose l\u2019Arval Mobility App, une application smartphone qui permet notamment de calculer le trajet id\u00e9al \u00e0 emprunter et renseigne le moyen de transport le plus adapt\u00e9 en fonction du lieu, du contexte, de l\u2019heure, etc. Mais l\u2019Arval Mobility App va encore plus loin puisqu\u2019elle permet aussi le remboursement instantan\u00e9 des frais de d\u00e9placements par l\u2019employeur. \u00ab\u00a0L\u2019employeur peut param\u00e9trer un budget et des solutions de mobilit\u00e9 accessible \u00e0 chaque collaborateur. Ce qui va permettre qu\u2019un employ\u00e9 qui va par exemple utiliser un service Uber pour un d\u00e9placement professionnel et payer la course via son application Uber reli\u00e9e \u00e0 sa carte de cr\u00e9dit personnelle va pouvoir recevoir directement le remboursement de cette transaction en l\u2019encodant dans l\u2019Arval Mobility App ou en uploadant une photo de son re\u00e7u. Nous veillons \u00e0 ce que les acteurs de mobilit\u00e9 les plus r\u00e9pandus soient directement int\u00e9gr\u00e9s dans l\u2019app et ajoutons ceux que nos clients nous demandent afin de faciliter toutes les transactions et d\u2019\u00eatre le plus exhaustifs possible\u00a0\u00bb, termine Christophe Janssen.<\/p>\n<p style=\"font-weight: 400;\">Bref, Arval propose non seulement de nombreuses solutions en interne pour vous aider \u00e0 d\u00e9velopper votre mobilit\u00e9 et faciliter celle de vos collaborateurs, mais travaille aussi avec les partenaires n\u00e9cessaires pour toujours trouver la solution qui r\u00e9pondra parfaitement \u00e0 vos besoins et ceux de vos employ\u00e9s.<\/p>\n<p style=\"font-weight: 400;\">\n","protected":false},"excerpt":{"rendered":"<p>En tant que leader de la mobilit\u00e9 durable au niveau international, Arval a mis en place une strat\u00e9gie compl\u00e8te en la mati\u00e8re d\u00e9nomm\u00e9e Arval Beyond avec un plan sur 5 ans. Sur le march\u00e9 belge, elle se traduit par un changement de business-model de la car-policy vers la mobility-policy. \u00ab\u00a0La voiture de soci\u00e9t\u00e9 occupera toujours [&hellip;]<\/p>\n","protected":false},"author":4,"featured_media":7845,"comment_status":"closed","ping_status":"closed","sticky":false,"template":"","format":"standard","meta":{"_acf_changed":false,"footnotes":""},"categories":[91,79],"tags":[],"class_list":["post-9151","post","type-post","status-publish","format-standard","has-post-thumbnail","hentry","category-expertise-et-management","category-societes-de-leasing"],"acf":[],"yoast_head":"<!-- This site is optimized with the Yoast SEO plugin v27.3 - https:\/\/yoast.com\/product\/yoast-seo-wordpress\/ -->\n<title>Arval \u00e0 vos c\u00f4t\u00e9s pour d\u00e9velopper votre mobilit\u00e9 - link2fleet<\/title>\n<meta name=\"description\" content=\"A c\u00f4te de la transition \u00e9nerg\u00e9tique, la transition vers une mobilit\u00e9 plus durable est le second grand d\u00e9fi auquel les gestionnaires de flotte et de\u2026\" \/>\n<meta name=\"robots\" content=\"index, follow, max-snippet:-1, max-image-preview:large, max-video-preview:-1\" \/>\n<meta property=\"og:locale\" content=\"fr_FR\" \/>\n<meta property=\"og:type\" content=\"article\" \/>\n<meta property=\"og:title\" content=\"Arval \u00e0 vos c\u00f4t\u00e9s pour d\u00e9velopper votre mobilit\u00e9 - link2fleet\" \/>\n<meta property=\"og:description\" content=\"A c\u00f4te de la transition \u00e9nerg\u00e9tique, la transition vers une mobilit\u00e9 plus durable est le second grand d\u00e9fi auquel les gestionnaires de flotte et de\u2026\" \/>\n<meta property=\"og:url\" content=\"https:\/\/www.link2fleet.com\/fr\/arval-a-vos-cotes-pour-developper-votre-mobilite\/\" \/>\n<meta property=\"og:site_name\" content=\"link2fleet\" \/>\n<meta property=\"article:published_time\" content=\"2023-03-23T11:33:50+00:00\" \/>\n<meta property=\"article:modified_time\" content=\"2024-04-17T14:43:49+00:00\" \/>\n<meta property=\"og:image\" content=\"https:\/\/static.link2fleet.com\/wp-content\/uploads\/2024\/03\/arval-beyond-wallpaper-800-600px-blue.jpeg\" \/>\n\t<meta property=\"og:image:width\" content=\"1500\" \/>\n\t<meta property=\"og:image:height\" content=\"500\" \/>\n\t<meta property=\"og:image:type\" content=\"image\/jpeg\" \/>\n<meta name=\"author\" content=\"Damien Malvetti\" \/>\n<meta name=\"twitter:card\" content=\"summary_large_image\" \/>\n<meta name=\"twitter:description\" content=\"A c\u00f4te de la transition \u00e9nerg\u00e9tique, la transition vers une mobilit\u00e9 plus durable est le second grand d\u00e9fi auquel les gestionnaires de flotte et de\u2026\" \/>\n<meta name=\"twitter:label1\" content=\"\u00c9crit par\" \/>\n\t<meta name=\"twitter:data1\" content=\"Damien Malvetti\" \/>\n\t<meta name=\"twitter:label2\" content=\"Dur\u00e9e de lecture estim\u00e9e\" \/>\n\t<meta name=\"twitter:data2\" content=\"4 minutes\" \/>\n<script type=\"application\/ld+json\" class=\"yoast-schema-graph\">{\"@context\":\"https:\\\/\\\/schema.org\",\"@graph\":[{\"@type\":\"Article\",\"@id\":\"https:\\\/\\\/www.link2fleet.com\\\/fr\\\/arval-a-vos-cotes-pour-developper-votre-mobilite\\\/#article\",\"isPartOf\":{\"@id\":\"https:\\\/\\\/www.link2fleet.com\\\/fr\\\/arval-a-vos-cotes-pour-developper-votre-mobilite\\\/\"},\"author\":{\"name\":\"Damien Malvetti\",\"@id\":\"https:\\\/\\\/www.link2fleet.com\\\/fr\\\/#\\\/schema\\\/person\\\/027cd46113c78036b3809c9a054049da\"},\"headline\":\"Arval \u00e0 vos c\u00f4t\u00e9s pour d\u00e9velopper votre mobilit\u00e9\",\"datePublished\":\"2023-03-23T11:33:50+00:00\",\"dateModified\":\"2024-04-17T14:43:49+00:00\",\"mainEntityOfPage\":{\"@id\":\"https:\\\/\\\/www.link2fleet.com\\\/fr\\\/arval-a-vos-cotes-pour-developper-votre-mobilite\\\/\"},\"wordCount\":802,\"publisher\":{\"@id\":\"https:\\\/\\\/www.link2fleet.com\\\/fr\\\/#organization\"},\"image\":{\"@id\":\"https:\\\/\\\/www.link2fleet.com\\\/fr\\\/arval-a-vos-cotes-pour-developper-votre-mobilite\\\/#primaryimage\"},\"thumbnailUrl\":\"https:\\\/\\\/static.link2fleet.com\\\/wp-content\\\/uploads\\\/2024\\\/03\\\/arval-beyond-wallpaper-800-600px-blue.jpeg\",\"articleSection\":[\"Gestion de flotte\",\"Location long-terme\"],\"inLanguage\":\"fr-FR\"},{\"@type\":\"WebPage\",\"@id\":\"https:\\\/\\\/www.link2fleet.com\\\/fr\\\/arval-a-vos-cotes-pour-developper-votre-mobilite\\\/\",\"url\":\"https:\\\/\\\/www.link2fleet.com\\\/fr\\\/arval-a-vos-cotes-pour-developper-votre-mobilite\\\/\",\"name\":\"Arval \u00e0 vos c\u00f4t\u00e9s pour d\u00e9velopper votre mobilit\u00e9 - link2fleet\",\"isPartOf\":{\"@id\":\"https:\\\/\\\/www.link2fleet.com\\\/fr\\\/#website\"},\"primaryImageOfPage\":{\"@id\":\"https:\\\/\\\/www.link2fleet.com\\\/fr\\\/arval-a-vos-cotes-pour-developper-votre-mobilite\\\/#primaryimage\"},\"image\":{\"@id\":\"https:\\\/\\\/www.link2fleet.com\\\/fr\\\/arval-a-vos-cotes-pour-developper-votre-mobilite\\\/#primaryimage\"},\"thumbnailUrl\":\"https:\\\/\\\/static.link2fleet.com\\\/wp-content\\\/uploads\\\/2024\\\/03\\\/arval-beyond-wallpaper-800-600px-blue.jpeg\",\"datePublished\":\"2023-03-23T11:33:50+00:00\",\"dateModified\":\"2024-04-17T14:43:49+00:00\",\"breadcrumb\":{\"@id\":\"https:\\\/\\\/www.link2fleet.com\\\/fr\\\/arval-a-vos-cotes-pour-developper-votre-mobilite\\\/#breadcrumb\"},\"inLanguage\":\"fr-FR\",\"potentialAction\":[{\"@type\":\"ReadAction\",\"target\":[\"https:\\\/\\\/www.link2fleet.com\\\/fr\\\/arval-a-vos-cotes-pour-developper-votre-mobilite\\\/\"]}]},{\"@type\":\"ImageObject\",\"inLanguage\":\"fr-FR\",\"@id\":\"https:\\\/\\\/www.link2fleet.com\\\/fr\\\/arval-a-vos-cotes-pour-developper-votre-mobilite\\\/#primaryimage\",\"url\":\"https:\\\/\\\/static.link2fleet.com\\\/wp-content\\\/uploads\\\/2024\\\/03\\\/arval-beyond-wallpaper-800-600px-blue.jpeg\",\"contentUrl\":\"https:\\\/\\\/static.link2fleet.com\\\/wp-content\\\/uploads\\\/2024\\\/03\\\/arval-beyond-wallpaper-800-600px-blue.jpeg\",\"width\":1500,\"height\":500,\"caption\":\"|\"},{\"@type\":\"BreadcrumbList\",\"@id\":\"https:\\\/\\\/www.link2fleet.com\\\/fr\\\/arval-a-vos-cotes-pour-developper-votre-mobilite\\\/#breadcrumb\",\"itemListElement\":[{\"@type\":\"ListItem\",\"position\":1,\"name\":\"Home\",\"item\":\"https:\\\/\\\/www.link2fleet.com\\\/fr\\\/\"},{\"@type\":\"ListItem\",\"position\":2,\"name\":\"Arval \u00e0 vos c\u00f4t\u00e9s pour d\u00e9velopper votre mobilit\u00e9\"}]},{\"@type\":\"WebSite\",\"@id\":\"https:\\\/\\\/www.link2fleet.com\\\/fr\\\/#website\",\"url\":\"https:\\\/\\\/www.link2fleet.com\\\/fr\\\/\",\"name\":\"Link2fleet\",\"description\":\"\",\"publisher\":{\"@id\":\"https:\\\/\\\/www.link2fleet.com\\\/fr\\\/#organization\"},\"potentialAction\":[{\"@type\":\"SearchAction\",\"target\":{\"@type\":\"EntryPoint\",\"urlTemplate\":\"https:\\\/\\\/www.link2fleet.com\\\/fr\\\/?s={search_term_string}\"},\"query-input\":{\"@type\":\"PropertyValueSpecification\",\"valueRequired\":true,\"valueName\":\"search_term_string\"}}],\"inLanguage\":\"fr-FR\"},{\"@type\":\"Organization\",\"@id\":\"https:\\\/\\\/www.link2fleet.com\\\/fr\\\/#organization\",\"name\":\"Link2fleet\",\"url\":\"https:\\\/\\\/www.link2fleet.com\\\/fr\\\/\",\"logo\":{\"@type\":\"ImageObject\",\"inLanguage\":\"fr-FR\",\"@id\":\"https:\\\/\\\/www.link2fleet.com\\\/fr\\\/#\\\/schema\\\/logo\\\/image\\\/\",\"url\":\"https:\\\/\\\/static.link2fleet.com\\\/wp-content\\\/uploads\\\/2024\\\/03\\\/share-image.jpg\",\"contentUrl\":\"https:\\\/\\\/static.link2fleet.com\\\/wp-content\\\/uploads\\\/2024\\\/03\\\/share-image.jpg\",\"width\":1200,\"height\":630,\"caption\":\"Link2fleet\"},\"image\":{\"@id\":\"https:\\\/\\\/www.link2fleet.com\\\/fr\\\/#\\\/schema\\\/logo\\\/image\\\/\"},\"sameAs\":[\"https:\\\/\\\/www.linkedin.com\\\/company\\\/link2fleet-belgium\",\"https:\\\/\\\/www.youtube.com\\\/user\\\/MMMBMBE\"]},{\"@type\":\"Person\",\"@id\":\"https:\\\/\\\/www.link2fleet.com\\\/fr\\\/#\\\/schema\\\/person\\\/027cd46113c78036b3809c9a054049da\",\"name\":\"Damien Malvetti\",\"image\":{\"@type\":\"ImageObject\",\"inLanguage\":\"fr-FR\",\"@id\":\"https:\\\/\\\/secure.gravatar.com\\\/avatar\\\/dd8cc03b49466c735f753ac37f8caa371af16dfed347456ed61f02883255eebb?s=96&d=mm&r=g\",\"url\":\"https:\\\/\\\/secure.gravatar.com\\\/avatar\\\/dd8cc03b49466c735f753ac37f8caa371af16dfed347456ed61f02883255eebb?s=96&d=mm&r=g\",\"contentUrl\":\"https:\\\/\\\/secure.gravatar.com\\\/avatar\\\/dd8cc03b49466c735f753ac37f8caa371af16dfed347456ed61f02883255eebb?s=96&d=mm&r=g\",\"caption\":\"Damien Malvetti\"},\"description\":\"Damien Malvetti is opgeleid als journalist en gepassioneerd door wagens, technologie en mobiliteit. Hij is verantwoordelijk voor de redactionele inhoud van link2fleet en beschikt over een uitgebreide kennis van de fleet-sector en elektrische mobiliteit.\",\"sameAs\":[\"https:\\\/\\\/www.linkedin.com\\\/in\\\/damien-malvetti-56601142\\\/\"]}]}<\/script>\n<!-- \/ Yoast SEO plugin. -->","yoast_head_json":{"title":"Arval \u00e0 vos c\u00f4t\u00e9s pour d\u00e9velopper votre mobilit\u00e9 - link2fleet","description":"A c\u00f4te de la transition \u00e9nerg\u00e9tique, la transition vers une mobilit\u00e9 plus durable est le second grand d\u00e9fi auquel les gestionnaires de flotte et de\u2026","robots":{"index":"index","follow":"follow","max-snippet":"max-snippet:-1","max-image-preview":"max-image-preview:large","max-video-preview":"max-video-preview:-1"},"og_locale":"fr_FR","og_type":"article","og_title":"Arval \u00e0 vos c\u00f4t\u00e9s pour d\u00e9velopper votre mobilit\u00e9 - link2fleet","og_description":"A c\u00f4te de la transition \u00e9nerg\u00e9tique, la transition vers une mobilit\u00e9 plus durable est le second grand d\u00e9fi auquel les gestionnaires de flotte et de\u2026","og_url":"https:\/\/www.link2fleet.com\/fr\/arval-a-vos-cotes-pour-developper-votre-mobilite\/","og_site_name":"link2fleet","article_published_time":"2023-03-23T11:33:50+00:00","article_modified_time":"2024-04-17T14:43:49+00:00","og_image":[{"width":1500,"height":500,"url":"https:\/\/static.link2fleet.com\/wp-content\/uploads\/2024\/03\/arval-beyond-wallpaper-800-600px-blue.jpeg","type":"image\/jpeg"}],"author":"Damien Malvetti","twitter_card":"summary_large_image","twitter_description":"A c\u00f4te de la transition \u00e9nerg\u00e9tique, la transition vers une mobilit\u00e9 plus durable est le second grand d\u00e9fi auquel les gestionnaires de flotte et de\u2026","twitter_misc":{"\u00c9crit par":"Damien Malvetti","Dur\u00e9e de lecture estim\u00e9e":"4 minutes"},"schema":{"@context":"https:\/\/schema.org","@graph":[{"@type":"Article","@id":"https:\/\/www.link2fleet.com\/fr\/arval-a-vos-cotes-pour-developper-votre-mobilite\/#article","isPartOf":{"@id":"https:\/\/www.link2fleet.com\/fr\/arval-a-vos-cotes-pour-developper-votre-mobilite\/"},"author":{"name":"Damien Malvetti","@id":"https:\/\/www.link2fleet.com\/fr\/#\/schema\/person\/027cd46113c78036b3809c9a054049da"},"headline":"Arval \u00e0 vos c\u00f4t\u00e9s pour d\u00e9velopper votre mobilit\u00e9","datePublished":"2023-03-23T11:33:50+00:00","dateModified":"2024-04-17T14:43:49+00:00","mainEntityOfPage":{"@id":"https:\/\/www.link2fleet.com\/fr\/arval-a-vos-cotes-pour-developper-votre-mobilite\/"},"wordCount":802,"publisher":{"@id":"https:\/\/www.link2fleet.com\/fr\/#organization"},"image":{"@id":"https:\/\/www.link2fleet.com\/fr\/arval-a-vos-cotes-pour-developper-votre-mobilite\/#primaryimage"},"thumbnailUrl":"https:\/\/static.link2fleet.com\/wp-content\/uploads\/2024\/03\/arval-beyond-wallpaper-800-600px-blue.jpeg","articleSection":["Gestion de flotte","Location long-terme"],"inLanguage":"fr-FR"},{"@type":"WebPage","@id":"https:\/\/www.link2fleet.com\/fr\/arval-a-vos-cotes-pour-developper-votre-mobilite\/","url":"https:\/\/www.link2fleet.com\/fr\/arval-a-vos-cotes-pour-developper-votre-mobilite\/","name":"Arval \u00e0 vos c\u00f4t\u00e9s pour d\u00e9velopper votre mobilit\u00e9 - link2fleet","isPartOf":{"@id":"https:\/\/www.link2fleet.com\/fr\/#website"},"primaryImageOfPage":{"@id":"https:\/\/www.link2fleet.com\/fr\/arval-a-vos-cotes-pour-developper-votre-mobilite\/#primaryimage"},"image":{"@id":"https:\/\/www.link2fleet.com\/fr\/arval-a-vos-cotes-pour-developper-votre-mobilite\/#primaryimage"},"thumbnailUrl":"https:\/\/static.link2fleet.com\/wp-content\/uploads\/2024\/03\/arval-beyond-wallpaper-800-600px-blue.jpeg","datePublished":"2023-03-23T11:33:50+00:00","dateModified":"2024-04-17T14:43:49+00:00","breadcrumb":{"@id":"https:\/\/www.link2fleet.com\/fr\/arval-a-vos-cotes-pour-developper-votre-mobilite\/#breadcrumb"},"inLanguage":"fr-FR","potentialAction":[{"@type":"ReadAction","target":["https:\/\/www.link2fleet.com\/fr\/arval-a-vos-cotes-pour-developper-votre-mobilite\/"]}]},{"@type":"ImageObject","inLanguage":"fr-FR","@id":"https:\/\/www.link2fleet.com\/fr\/arval-a-vos-cotes-pour-developper-votre-mobilite\/#primaryimage","url":"https:\/\/static.link2fleet.com\/wp-content\/uploads\/2024\/03\/arval-beyond-wallpaper-800-600px-blue.jpeg","contentUrl":"https:\/\/static.link2fleet.com\/wp-content\/uploads\/2024\/03\/arval-beyond-wallpaper-800-600px-blue.jpeg","width":1500,"height":500,"caption":"|"},{"@type":"BreadcrumbList","@id":"https:\/\/www.link2fleet.com\/fr\/arval-a-vos-cotes-pour-developper-votre-mobilite\/#breadcrumb","itemListElement":[{"@type":"ListItem","position":1,"name":"Home","item":"https:\/\/www.link2fleet.com\/fr\/"},{"@type":"ListItem","position":2,"name":"Arval \u00e0 vos c\u00f4t\u00e9s pour d\u00e9velopper votre mobilit\u00e9"}]},{"@type":"WebSite","@id":"https:\/\/www.link2fleet.com\/fr\/#website","url":"https:\/\/www.link2fleet.com\/fr\/","name":"Link2fleet","description":"","publisher":{"@id":"https:\/\/www.link2fleet.com\/fr\/#organization"},"potentialAction":[{"@type":"SearchAction","target":{"@type":"EntryPoint","urlTemplate":"https:\/\/www.link2fleet.com\/fr\/?s={search_term_string}"},"query-input":{"@type":"PropertyValueSpecification","valueRequired":true,"valueName":"search_term_string"}}],"inLanguage":"fr-FR"},{"@type":"Organization","@id":"https:\/\/www.link2fleet.com\/fr\/#organization","name":"Link2fleet","url":"https:\/\/www.link2fleet.com\/fr\/","logo":{"@type":"ImageObject","inLanguage":"fr-FR","@id":"https:\/\/www.link2fleet.com\/fr\/#\/schema\/logo\/image\/","url":"https:\/\/static.link2fleet.com\/wp-content\/uploads\/2024\/03\/share-image.jpg","contentUrl":"https:\/\/static.link2fleet.com\/wp-content\/uploads\/2024\/03\/share-image.jpg","width":1200,"height":630,"caption":"Link2fleet"},"image":{"@id":"https:\/\/www.link2fleet.com\/fr\/#\/schema\/logo\/image\/"},"sameAs":["https:\/\/www.linkedin.com\/company\/link2fleet-belgium","https:\/\/www.youtube.com\/user\/MMMBMBE"]},{"@type":"Person","@id":"https:\/\/www.link2fleet.com\/fr\/#\/schema\/person\/027cd46113c78036b3809c9a054049da","name":"Damien Malvetti","image":{"@type":"ImageObject","inLanguage":"fr-FR","@id":"https:\/\/secure.gravatar.com\/avatar\/dd8cc03b49466c735f753ac37f8caa371af16dfed347456ed61f02883255eebb?s=96&d=mm&r=g","url":"https:\/\/secure.gravatar.com\/avatar\/dd8cc03b49466c735f753ac37f8caa371af16dfed347456ed61f02883255eebb?s=96&d=mm&r=g","contentUrl":"https:\/\/secure.gravatar.com\/avatar\/dd8cc03b49466c735f753ac37f8caa371af16dfed347456ed61f02883255eebb?s=96&d=mm&r=g","caption":"Damien Malvetti"},"description":"Damien Malvetti is opgeleid als journalist en gepassioneerd door wagens, technologie en mobiliteit. Hij is verantwoordelijk voor de redactionele inhoud van link2fleet en beschikt over een uitgebreide kennis van de fleet-sector en elektrische mobiliteit.","sameAs":["https:\/\/www.linkedin.com\/in\/damien-malvetti-56601142\/"]}]}},"_links":{"self":[{"href":"https:\/\/www.link2fleet.com\/fr\/wp-json\/wp\/v2\/posts\/9151","targetHints":{"allow":["GET"]}}],"collection":[{"href":"https:\/\/www.link2fleet.com\/fr\/wp-json\/wp\/v2\/posts"}],"about":[{"href":"https:\/\/www.link2fleet.com\/fr\/wp-json\/wp\/v2\/types\/post"}],"author":[{"embeddable":true,"href":"https:\/\/www.link2fleet.com\/fr\/wp-json\/wp\/v2\/users\/4"}],"replies":[{"embeddable":true,"href":"https:\/\/www.link2fleet.com\/fr\/wp-json\/wp\/v2\/comments?post=9151"}],"version-history":[{"count":0,"href":"https:\/\/www.link2fleet.com\/fr\/wp-json\/wp\/v2\/posts\/9151\/revisions"}],"wp:featuredmedia":[{"embeddable":true,"href":"https:\/\/www.link2fleet.com\/fr\/wp-json\/wp\/v2\/media\/7845"}],"wp:attachment":[{"href":"https:\/\/www.link2fleet.com\/fr\/wp-json\/wp\/v2\/media?parent=9151"}],"wp:term":[{"taxonomy":"category","embeddable":true,"href":"https:\/\/www.link2fleet.com\/fr\/wp-json\/wp\/v2\/categories?post=9151"},{"taxonomy":"post_tag","embeddable":true,"href":"https:\/\/www.link2fleet.com\/fr\/wp-json\/wp\/v2\/tags?post=9151"}],"curies":[{"name":"wp","href":"https:\/\/api.w.org\/{rel}","templated":true}]}}