{"id":9153,"date":"2023-03-26T17:16:00","date_gmt":"2023-03-26T15:16:00","guid":{"rendered":"https:\/\/www.link2fleet.com\/fin-des-moteurs-thermiques-dans-lue-les-e-fuels-seront-finalement-exemptes-de-la-mesure\/"},"modified":"2023-03-26T17:16:00","modified_gmt":"2023-03-26T15:16:00","slug":"fin-des-moteurs-thermiques-dans-lue-les-e-fuels-seront-finalement-exemptes-de-la-mesure","status":"publish","type":"post","link":"https:\/\/www.link2fleet.com\/fr\/fin-des-moteurs-thermiques-dans-lue-les-e-fuels-seront-finalement-exemptes-de-la-mesure\/","title":{"rendered":"La Commission europ\u00e9enne et l&rsquo;Allemagne parviennent \u00e0 un accord de principe sur l&rsquo;utilisation possible des biocarburants apr\u00e8s 2035"},"content":{"rendered":"<p>Pour une utilisation limit\u00e9e des biocarburants, la Commission europ\u00e9enne veut d&rsquo;abord obtenir la garantie qu&rsquo;ils sont produits de mani\u00e8re neutre sur le plan climatique. Elle demande en outre que les moteurs \u00e0 combustion des voitures particuli\u00e8res admises sur le march\u00e9 de l&rsquo;UE apr\u00e8s 2035 ne puissent fonctionner qu&rsquo;avec ces carburants.<\/p>\n<p>Dans un pr\u00e9c\u00e9dent billet, nous avions indiqu\u00e9 que le 14 f\u00e9vrier 2023, le Parlement europ\u00e9en avait d\u00e9cid\u00e9 d&rsquo;interdire tous les moteurs \u00e0 combustion interne \u00e0 partir de 2035 dans les pays de l&rsquo;Union europ\u00e9enne. Concr\u00e8tement, cela signifiait la fin d\u00e9finitive des e-carburants \u00e0 partir de 2035, \u00e0 l&rsquo;exception de certaines marques dont la production est tr\u00e8s faible. Cette l\u00e9gislation doit encore \u00eatre approuv\u00e9e par les diff\u00e9rents pays au sein du Conseil de l&rsquo;UE. Toutefois, le ministre allemand des transports, Volker Wissing, n&rsquo;\u00e9tait pas dispos\u00e9 \u00e0 accepter le syst\u00e8me propos\u00e9 dans son int\u00e9gralit\u00e9 et y a oppos\u00e9 son veto. Il \u00e9tait contre le fait que l&rsquo;ensemble du secteur automobile soit transform\u00e9 exclusivement et arbitrairement selon le principe de l&rsquo;\u00e9lectrification. Il a exig\u00e9 que les e-carburants puissent \u00eatre utilis\u00e9s \u00e0 certaines fins ou pour des march\u00e9s sp\u00e9cifiques, m\u00eame apr\u00e8s 2035. Il a \u00e9t\u00e9 soutenu dans sa vision par l&rsquo;Italie, la Pologne, la R\u00e9publique tch\u00e8que et l&rsquo;Autriche. Il a \u00e9galement \u00e9t\u00e9 fait r\u00e9f\u00e9rence \u00e0 d&rsquo;autres continents o\u00f9 ces r\u00e8gles ne s&rsquo;appliqueraient pas.<\/p>\n<p>Il est d\u00e9sormais pr\u00e9vu que ce projet de l\u00e9gislation soit pr\u00eat d&rsquo;ici 2024, mais un calendrier pr\u00e9cis n&rsquo;a pas encore \u00e9t\u00e9 fix\u00e9. En principe, une nouvelle approbation de cette l\u00e9gislation suppl\u00e9mentaire par le Parlement europ\u00e9en est n\u00e9cessaire. Toutefois, il n&rsquo;est pas certain que le projet demand\u00e9 par l&rsquo;Allemagne sera effectivement transform\u00e9 en texte juridique et approuv\u00e9 \u00e0 nouveau par le Parlement europ\u00e9en. Lors du vote du 28 mars prochain au sein du Conseil de l&rsquo;UE, l&rsquo;Allemagne l\u00e8vera son veto. Cela entra\u00eenera l&rsquo;entr\u00e9e en vigueur d&rsquo;une l\u00e9gislation interdisant compl\u00e8tement les e-carburants apr\u00e8s 2035, mais avec l&rsquo;espoir qu&rsquo;une ouverture possible \u00e0 d&rsquo;autres technologies puisse encore \u00eatre envisag\u00e9e \u00e0 l&rsquo;avenir. Mais cet espoir n&rsquo;est pour l&rsquo;instant \u00e9tay\u00e9 par aucune garantie juridique ou majorit\u00e9 parlementaire.<\/p>\n<p>Le Potsdam-Institut f\u00fcr Klimafolgenforschung (PIK) s&rsquo;attend \u00e0 ce que les e-carburants restent rares et relativement chers \u00e0 l&rsquo;avenir. Selon l&rsquo;institut, ces derniers devraient \u00eatre utilis\u00e9s de pr\u00e9f\u00e9rence pour le transport maritime et a\u00e9rien, et non pour alimenter les voitures particuli\u00e8res.<\/p>\n<p style=\"text-align: right;\"><strong>Michel Willems<\/strong><\/p>\n<p style=\"text-align: right;\"><strong>Mobilitas<\/strong><\/p>\n","protected":false},"excerpt":{"rendered":"<p>Pour une utilisation limit\u00e9e des biocarburants, la Commission europ\u00e9enne veut d&rsquo;abord obtenir la garantie qu&rsquo;ils sont produits de mani\u00e8re neutre sur le plan climatique. Elle demande en outre que les moteurs \u00e0 combustion des voitures particuli\u00e8res admises sur le march\u00e9 de l&rsquo;UE apr\u00e8s 2035 ne puissent fonctionner qu&rsquo;avec ces carburants. Dans un pr\u00e9c\u00e9dent billet, nous [&hellip;]<\/p>\n","protected":false},"author":11,"featured_media":4679,"comment_status":"closed","ping_status":"closed","sticky":false,"template":"","format":"standard","meta":{"_acf_changed":false,"footnotes":""},"categories":[91,101],"tags":[],"class_list":["post-9153","post","type-post","status-publish","format-standard","has-post-thumbnail","hentry","category-expertise-et-management","category-tax-legal"],"acf":[],"yoast_head":"<!-- This site is optimized with the Yoast SEO plugin v27.3 - https:\/\/yoast.com\/product\/yoast-seo-wordpress\/ -->\n<title>La Commission europ\u00e9enne et l&#039;Allemagne parviennent \u00e0 un accord de principe sur l&#039;utilisation possible des biocarburants apr\u00e8s 2035 - link2fleet<\/title>\n<meta name=\"description\" content=\"La Commission europ\u00e9enne est parvenue \u00e0 un compromis ce vendredi 24 mars, se d\u00e9clarant pr\u00eate \u00e0 lancer un premier projet qui autoriserait l&rsquo;utilisation d&rsquo;e-carburants dans\u2026\" \/>\n<meta name=\"robots\" content=\"index, follow, max-snippet:-1, max-image-preview:large, max-video-preview:-1\" \/>\n<meta property=\"og:locale\" content=\"fr_FR\" \/>\n<meta property=\"og:type\" content=\"article\" \/>\n<meta property=\"og:title\" content=\"La Commission europ\u00e9enne et l&#039;Allemagne parviennent \u00e0 un accord de principe sur l&#039;utilisation possible des biocarburants apr\u00e8s 2035 - link2fleet\" \/>\n<meta property=\"og:description\" content=\"La Commission europ\u00e9enne est parvenue \u00e0 un compromis ce vendredi 24 mars, se d\u00e9clarant pr\u00eate \u00e0 lancer un premier projet qui autoriserait l&rsquo;utilisation d&rsquo;e-carburants dans\u2026\" \/>\n<meta property=\"og:url\" content=\"https:\/\/www.link2fleet.com\/fr\/fin-des-moteurs-thermiques-dans-lue-les-e-fuels-seront-finalement-exemptes-de-la-mesure\/\" \/>\n<meta property=\"og:site_name\" content=\"link2fleet\" \/>\n<meta property=\"article:published_time\" content=\"2023-03-26T15:16:00+00:00\" \/>\n<meta property=\"og:image\" content=\"https:\/\/static.link2fleet.com\/wp-content\/uploads\/2024\/03\/essence-diesel-1.jpg\" \/>\n\t<meta property=\"og:image:width\" content=\"578\" \/>\n\t<meta property=\"og:image:height\" content=\"323\" \/>\n\t<meta property=\"og:image:type\" content=\"image\/jpeg\" \/>\n<meta name=\"author\" content=\"Michel Willems - Mobilitas\" \/>\n<meta name=\"twitter:card\" content=\"summary_large_image\" \/>\n<meta name=\"twitter:description\" content=\"La Commission europ\u00e9enne est parvenue \u00e0 un compromis ce vendredi 24 mars, se d\u00e9clarant pr\u00eate \u00e0 lancer un premier projet qui autoriserait l&rsquo;utilisation d&rsquo;e-carburants dans\u2026\" \/>\n<meta name=\"twitter:label1\" content=\"\u00c9crit par\" \/>\n\t<meta name=\"twitter:data1\" content=\"Michel Willems - Mobilitas\" \/>\n\t<meta name=\"twitter:label2\" content=\"Dur\u00e9e de lecture estim\u00e9e\" \/>\n\t<meta name=\"twitter:data2\" content=\"2 minutes\" \/>\n<script type=\"application\/ld+json\" class=\"yoast-schema-graph\">{\"@context\":\"https:\\\/\\\/schema.org\",\"@graph\":[{\"@type\":\"Article\",\"@id\":\"https:\\\/\\\/www.link2fleet.com\\\/fr\\\/fin-des-moteurs-thermiques-dans-lue-les-e-fuels-seront-finalement-exemptes-de-la-mesure\\\/#article\",\"isPartOf\":{\"@id\":\"https:\\\/\\\/www.link2fleet.com\\\/fr\\\/fin-des-moteurs-thermiques-dans-lue-les-e-fuels-seront-finalement-exemptes-de-la-mesure\\\/\"},\"author\":{\"name\":\"Michel Willems - Mobilitas\",\"@id\":\"https:\\\/\\\/www.link2fleet.com\\\/fr\\\/#\\\/schema\\\/person\\\/bd29f6a2c2427e85a70d3acf17303486\"},\"headline\":\"La Commission europ\u00e9enne et l&rsquo;Allemagne parviennent \u00e0 un accord de principe sur l&rsquo;utilisation possible des biocarburants apr\u00e8s 2035\",\"datePublished\":\"2023-03-26T15:16:00+00:00\",\"mainEntityOfPage\":{\"@id\":\"https:\\\/\\\/www.link2fleet.com\\\/fr\\\/fin-des-moteurs-thermiques-dans-lue-les-e-fuels-seront-finalement-exemptes-de-la-mesure\\\/\"},\"wordCount\":465,\"publisher\":{\"@id\":\"https:\\\/\\\/www.link2fleet.com\\\/fr\\\/#organization\"},\"image\":{\"@id\":\"https:\\\/\\\/www.link2fleet.com\\\/fr\\\/fin-des-moteurs-thermiques-dans-lue-les-e-fuels-seront-finalement-exemptes-de-la-mesure\\\/#primaryimage\"},\"thumbnailUrl\":\"https:\\\/\\\/static.link2fleet.com\\\/wp-content\\\/uploads\\\/2024\\\/03\\\/essence-diesel-1.jpg\",\"articleSection\":[\"Gestion de flotte\",\"Tax &amp; legal\"],\"inLanguage\":\"fr-FR\"},{\"@type\":\"WebPage\",\"@id\":\"https:\\\/\\\/www.link2fleet.com\\\/fr\\\/fin-des-moteurs-thermiques-dans-lue-les-e-fuels-seront-finalement-exemptes-de-la-mesure\\\/\",\"url\":\"https:\\\/\\\/www.link2fleet.com\\\/fr\\\/fin-des-moteurs-thermiques-dans-lue-les-e-fuels-seront-finalement-exemptes-de-la-mesure\\\/\",\"name\":\"La Commission europ\u00e9enne et l'Allemagne parviennent \u00e0 un accord de principe sur l'utilisation possible des biocarburants apr\u00e8s 2035 - link2fleet\",\"isPartOf\":{\"@id\":\"https:\\\/\\\/www.link2fleet.com\\\/fr\\\/#website\"},\"primaryImageOfPage\":{\"@id\":\"https:\\\/\\\/www.link2fleet.com\\\/fr\\\/fin-des-moteurs-thermiques-dans-lue-les-e-fuels-seront-finalement-exemptes-de-la-mesure\\\/#primaryimage\"},\"image\":{\"@id\":\"https:\\\/\\\/www.link2fleet.com\\\/fr\\\/fin-des-moteurs-thermiques-dans-lue-les-e-fuels-seront-finalement-exemptes-de-la-mesure\\\/#primaryimage\"},\"thumbnailUrl\":\"https:\\\/\\\/static.link2fleet.com\\\/wp-content\\\/uploads\\\/2024\\\/03\\\/essence-diesel-1.jpg\",\"datePublished\":\"2023-03-26T15:16:00+00:00\",\"breadcrumb\":{\"@id\":\"https:\\\/\\\/www.link2fleet.com\\\/fr\\\/fin-des-moteurs-thermiques-dans-lue-les-e-fuels-seront-finalement-exemptes-de-la-mesure\\\/#breadcrumb\"},\"inLanguage\":\"fr-FR\",\"potentialAction\":[{\"@type\":\"ReadAction\",\"target\":[\"https:\\\/\\\/www.link2fleet.com\\\/fr\\\/fin-des-moteurs-thermiques-dans-lue-les-e-fuels-seront-finalement-exemptes-de-la-mesure\\\/\"]}]},{\"@type\":\"ImageObject\",\"inLanguage\":\"fr-FR\",\"@id\":\"https:\\\/\\\/www.link2fleet.com\\\/fr\\\/fin-des-moteurs-thermiques-dans-lue-les-e-fuels-seront-finalement-exemptes-de-la-mesure\\\/#primaryimage\",\"url\":\"https:\\\/\\\/static.link2fleet.com\\\/wp-content\\\/uploads\\\/2024\\\/03\\\/essence-diesel-1.jpg\",\"contentUrl\":\"https:\\\/\\\/static.link2fleet.com\\\/wp-content\\\/uploads\\\/2024\\\/03\\\/essence-diesel-1.jpg\",\"width\":578,\"height\":323},{\"@type\":\"BreadcrumbList\",\"@id\":\"https:\\\/\\\/www.link2fleet.com\\\/fr\\\/fin-des-moteurs-thermiques-dans-lue-les-e-fuels-seront-finalement-exemptes-de-la-mesure\\\/#breadcrumb\",\"itemListElement\":[{\"@type\":\"ListItem\",\"position\":1,\"name\":\"Home\",\"item\":\"https:\\\/\\\/www.link2fleet.com\\\/fr\\\/\"},{\"@type\":\"ListItem\",\"position\":2,\"name\":\"La Commission europ\u00e9enne et l&#8217;Allemagne parviennent \u00e0 un accord de principe sur l&#8217;utilisation possible des biocarburants apr\u00e8s 2035\"}]},{\"@type\":\"WebSite\",\"@id\":\"https:\\\/\\\/www.link2fleet.com\\\/fr\\\/#website\",\"url\":\"https:\\\/\\\/www.link2fleet.com\\\/fr\\\/\",\"name\":\"Link2fleet\",\"description\":\"\",\"publisher\":{\"@id\":\"https:\\\/\\\/www.link2fleet.com\\\/fr\\\/#organization\"},\"potentialAction\":[{\"@type\":\"SearchAction\",\"target\":{\"@type\":\"EntryPoint\",\"urlTemplate\":\"https:\\\/\\\/www.link2fleet.com\\\/fr\\\/?s={search_term_string}\"},\"query-input\":{\"@type\":\"PropertyValueSpecification\",\"valueRequired\":true,\"valueName\":\"search_term_string\"}}],\"inLanguage\":\"fr-FR\"},{\"@type\":\"Organization\",\"@id\":\"https:\\\/\\\/www.link2fleet.com\\\/fr\\\/#organization\",\"name\":\"Link2fleet\",\"url\":\"https:\\\/\\\/www.link2fleet.com\\\/fr\\\/\",\"logo\":{\"@type\":\"ImageObject\",\"inLanguage\":\"fr-FR\",\"@id\":\"https:\\\/\\\/www.link2fleet.com\\\/fr\\\/#\\\/schema\\\/logo\\\/image\\\/\",\"url\":\"https:\\\/\\\/static.link2fleet.com\\\/wp-content\\\/uploads\\\/2024\\\/03\\\/share-image.jpg\",\"contentUrl\":\"https:\\\/\\\/static.link2fleet.com\\\/wp-content\\\/uploads\\\/2024\\\/03\\\/share-image.jpg\",\"width\":1200,\"height\":630,\"caption\":\"Link2fleet\"},\"image\":{\"@id\":\"https:\\\/\\\/www.link2fleet.com\\\/fr\\\/#\\\/schema\\\/logo\\\/image\\\/\"},\"sameAs\":[\"https:\\\/\\\/www.linkedin.com\\\/company\\\/link2fleet-belgium\",\"https:\\\/\\\/www.youtube.com\\\/user\\\/MMMBMBE\"]},{\"@type\":\"Person\",\"@id\":\"https:\\\/\\\/www.link2fleet.com\\\/fr\\\/#\\\/schema\\\/person\\\/bd29f6a2c2427e85a70d3acf17303486\",\"name\":\"Michel Willems - Mobilitas\",\"image\":{\"@type\":\"ImageObject\",\"inLanguage\":\"fr-FR\",\"@id\":\"https:\\\/\\\/secure.gravatar.com\\\/avatar\\\/c937de514893d5b69b3b52ee88664fd4879b786925b6742dc7891d347f167414?s=96&d=mm&r=g\",\"url\":\"https:\\\/\\\/secure.gravatar.com\\\/avatar\\\/c937de514893d5b69b3b52ee88664fd4879b786925b6742dc7891d347f167414?s=96&d=mm&r=g\",\"contentUrl\":\"https:\\\/\\\/secure.gravatar.com\\\/avatar\\\/c937de514893d5b69b3b52ee88664fd4879b786925b6742dc7891d347f167414?s=96&d=mm&r=g\",\"caption\":\"Michel Willems - Mobilitas\"}}]}<\/script>\n<!-- \/ Yoast SEO plugin. -->","yoast_head_json":{"title":"La Commission europ\u00e9enne et l'Allemagne parviennent \u00e0 un accord de principe sur l'utilisation possible des biocarburants apr\u00e8s 2035 - link2fleet","description":"La Commission europ\u00e9enne est parvenue \u00e0 un compromis ce vendredi 24 mars, se d\u00e9clarant pr\u00eate \u00e0 lancer un premier projet qui autoriserait l&rsquo;utilisation d&rsquo;e-carburants dans\u2026","robots":{"index":"index","follow":"follow","max-snippet":"max-snippet:-1","max-image-preview":"max-image-preview:large","max-video-preview":"max-video-preview:-1"},"og_locale":"fr_FR","og_type":"article","og_title":"La Commission europ\u00e9enne et l'Allemagne parviennent \u00e0 un accord de principe sur l'utilisation possible des biocarburants apr\u00e8s 2035 - link2fleet","og_description":"La Commission europ\u00e9enne est parvenue \u00e0 un compromis ce vendredi 24 mars, se d\u00e9clarant pr\u00eate \u00e0 lancer un premier projet qui autoriserait l&rsquo;utilisation d&rsquo;e-carburants dans\u2026","og_url":"https:\/\/www.link2fleet.com\/fr\/fin-des-moteurs-thermiques-dans-lue-les-e-fuels-seront-finalement-exemptes-de-la-mesure\/","og_site_name":"link2fleet","article_published_time":"2023-03-26T15:16:00+00:00","og_image":[{"width":578,"height":323,"url":"https:\/\/static.link2fleet.com\/wp-content\/uploads\/2024\/03\/essence-diesel-1.jpg","type":"image\/jpeg"}],"author":"Michel Willems - Mobilitas","twitter_card":"summary_large_image","twitter_description":"La Commission europ\u00e9enne est parvenue \u00e0 un compromis ce vendredi 24 mars, se d\u00e9clarant pr\u00eate \u00e0 lancer un premier projet qui autoriserait l&rsquo;utilisation d&rsquo;e-carburants dans\u2026","twitter_misc":{"\u00c9crit par":"Michel Willems - Mobilitas","Dur\u00e9e de lecture estim\u00e9e":"2 minutes"},"schema":{"@context":"https:\/\/schema.org","@graph":[{"@type":"Article","@id":"https:\/\/www.link2fleet.com\/fr\/fin-des-moteurs-thermiques-dans-lue-les-e-fuels-seront-finalement-exemptes-de-la-mesure\/#article","isPartOf":{"@id":"https:\/\/www.link2fleet.com\/fr\/fin-des-moteurs-thermiques-dans-lue-les-e-fuels-seront-finalement-exemptes-de-la-mesure\/"},"author":{"name":"Michel Willems - Mobilitas","@id":"https:\/\/www.link2fleet.com\/fr\/#\/schema\/person\/bd29f6a2c2427e85a70d3acf17303486"},"headline":"La Commission europ\u00e9enne et l&rsquo;Allemagne parviennent \u00e0 un accord de principe sur l&rsquo;utilisation possible des biocarburants apr\u00e8s 2035","datePublished":"2023-03-26T15:16:00+00:00","mainEntityOfPage":{"@id":"https:\/\/www.link2fleet.com\/fr\/fin-des-moteurs-thermiques-dans-lue-les-e-fuels-seront-finalement-exemptes-de-la-mesure\/"},"wordCount":465,"publisher":{"@id":"https:\/\/www.link2fleet.com\/fr\/#organization"},"image":{"@id":"https:\/\/www.link2fleet.com\/fr\/fin-des-moteurs-thermiques-dans-lue-les-e-fuels-seront-finalement-exemptes-de-la-mesure\/#primaryimage"},"thumbnailUrl":"https:\/\/static.link2fleet.com\/wp-content\/uploads\/2024\/03\/essence-diesel-1.jpg","articleSection":["Gestion de flotte","Tax &amp; legal"],"inLanguage":"fr-FR"},{"@type":"WebPage","@id":"https:\/\/www.link2fleet.com\/fr\/fin-des-moteurs-thermiques-dans-lue-les-e-fuels-seront-finalement-exemptes-de-la-mesure\/","url":"https:\/\/www.link2fleet.com\/fr\/fin-des-moteurs-thermiques-dans-lue-les-e-fuels-seront-finalement-exemptes-de-la-mesure\/","name":"La Commission europ\u00e9enne et l'Allemagne parviennent \u00e0 un accord de principe sur l'utilisation possible des biocarburants apr\u00e8s 2035 - link2fleet","isPartOf":{"@id":"https:\/\/www.link2fleet.com\/fr\/#website"},"primaryImageOfPage":{"@id":"https:\/\/www.link2fleet.com\/fr\/fin-des-moteurs-thermiques-dans-lue-les-e-fuels-seront-finalement-exemptes-de-la-mesure\/#primaryimage"},"image":{"@id":"https:\/\/www.link2fleet.com\/fr\/fin-des-moteurs-thermiques-dans-lue-les-e-fuels-seront-finalement-exemptes-de-la-mesure\/#primaryimage"},"thumbnailUrl":"https:\/\/static.link2fleet.com\/wp-content\/uploads\/2024\/03\/essence-diesel-1.jpg","datePublished":"2023-03-26T15:16:00+00:00","breadcrumb":{"@id":"https:\/\/www.link2fleet.com\/fr\/fin-des-moteurs-thermiques-dans-lue-les-e-fuels-seront-finalement-exemptes-de-la-mesure\/#breadcrumb"},"inLanguage":"fr-FR","potentialAction":[{"@type":"ReadAction","target":["https:\/\/www.link2fleet.com\/fr\/fin-des-moteurs-thermiques-dans-lue-les-e-fuels-seront-finalement-exemptes-de-la-mesure\/"]}]},{"@type":"ImageObject","inLanguage":"fr-FR","@id":"https:\/\/www.link2fleet.com\/fr\/fin-des-moteurs-thermiques-dans-lue-les-e-fuels-seront-finalement-exemptes-de-la-mesure\/#primaryimage","url":"https:\/\/static.link2fleet.com\/wp-content\/uploads\/2024\/03\/essence-diesel-1.jpg","contentUrl":"https:\/\/static.link2fleet.com\/wp-content\/uploads\/2024\/03\/essence-diesel-1.jpg","width":578,"height":323},{"@type":"BreadcrumbList","@id":"https:\/\/www.link2fleet.com\/fr\/fin-des-moteurs-thermiques-dans-lue-les-e-fuels-seront-finalement-exemptes-de-la-mesure\/#breadcrumb","itemListElement":[{"@type":"ListItem","position":1,"name":"Home","item":"https:\/\/www.link2fleet.com\/fr\/"},{"@type":"ListItem","position":2,"name":"La Commission europ\u00e9enne et l&#8217;Allemagne parviennent \u00e0 un accord de principe sur l&#8217;utilisation possible des biocarburants apr\u00e8s 2035"}]},{"@type":"WebSite","@id":"https:\/\/www.link2fleet.com\/fr\/#website","url":"https:\/\/www.link2fleet.com\/fr\/","name":"Link2fleet","description":"","publisher":{"@id":"https:\/\/www.link2fleet.com\/fr\/#organization"},"potentialAction":[{"@type":"SearchAction","target":{"@type":"EntryPoint","urlTemplate":"https:\/\/www.link2fleet.com\/fr\/?s={search_term_string}"},"query-input":{"@type":"PropertyValueSpecification","valueRequired":true,"valueName":"search_term_string"}}],"inLanguage":"fr-FR"},{"@type":"Organization","@id":"https:\/\/www.link2fleet.com\/fr\/#organization","name":"Link2fleet","url":"https:\/\/www.link2fleet.com\/fr\/","logo":{"@type":"ImageObject","inLanguage":"fr-FR","@id":"https:\/\/www.link2fleet.com\/fr\/#\/schema\/logo\/image\/","url":"https:\/\/static.link2fleet.com\/wp-content\/uploads\/2024\/03\/share-image.jpg","contentUrl":"https:\/\/static.link2fleet.com\/wp-content\/uploads\/2024\/03\/share-image.jpg","width":1200,"height":630,"caption":"Link2fleet"},"image":{"@id":"https:\/\/www.link2fleet.com\/fr\/#\/schema\/logo\/image\/"},"sameAs":["https:\/\/www.linkedin.com\/company\/link2fleet-belgium","https:\/\/www.youtube.com\/user\/MMMBMBE"]},{"@type":"Person","@id":"https:\/\/www.link2fleet.com\/fr\/#\/schema\/person\/bd29f6a2c2427e85a70d3acf17303486","name":"Michel Willems - Mobilitas","image":{"@type":"ImageObject","inLanguage":"fr-FR","@id":"https:\/\/secure.gravatar.com\/avatar\/c937de514893d5b69b3b52ee88664fd4879b786925b6742dc7891d347f167414?s=96&d=mm&r=g","url":"https:\/\/secure.gravatar.com\/avatar\/c937de514893d5b69b3b52ee88664fd4879b786925b6742dc7891d347f167414?s=96&d=mm&r=g","contentUrl":"https:\/\/secure.gravatar.com\/avatar\/c937de514893d5b69b3b52ee88664fd4879b786925b6742dc7891d347f167414?s=96&d=mm&r=g","caption":"Michel Willems - Mobilitas"}}]}},"_links":{"self":[{"href":"https:\/\/www.link2fleet.com\/fr\/wp-json\/wp\/v2\/posts\/9153","targetHints":{"allow":["GET"]}}],"collection":[{"href":"https:\/\/www.link2fleet.com\/fr\/wp-json\/wp\/v2\/posts"}],"about":[{"href":"https:\/\/www.link2fleet.com\/fr\/wp-json\/wp\/v2\/types\/post"}],"author":[{"embeddable":true,"href":"https:\/\/www.link2fleet.com\/fr\/wp-json\/wp\/v2\/users\/11"}],"replies":[{"embeddable":true,"href":"https:\/\/www.link2fleet.com\/fr\/wp-json\/wp\/v2\/comments?post=9153"}],"version-history":[{"count":0,"href":"https:\/\/www.link2fleet.com\/fr\/wp-json\/wp\/v2\/posts\/9153\/revisions"}],"wp:featuredmedia":[{"embeddable":true,"href":"https:\/\/www.link2fleet.com\/fr\/wp-json\/wp\/v2\/media\/4679"}],"wp:attachment":[{"href":"https:\/\/www.link2fleet.com\/fr\/wp-json\/wp\/v2\/media?parent=9153"}],"wp:term":[{"taxonomy":"category","embeddable":true,"href":"https:\/\/www.link2fleet.com\/fr\/wp-json\/wp\/v2\/categories?post=9153"},{"taxonomy":"post_tag","embeddable":true,"href":"https:\/\/www.link2fleet.com\/fr\/wp-json\/wp\/v2\/tags?post=9153"}],"curies":[{"name":"wp","href":"https:\/\/api.w.org\/{rel}","templated":true}]}}