{"id":9157,"date":"2023-03-27T15:21:20","date_gmt":"2023-03-27T13:21:20","guid":{"rendered":"https:\/\/www.link2fleet.com\/essai-renault-megane-e-tech-lelectrique-raisonnable\/"},"modified":"2024-04-17T16:43:48","modified_gmt":"2024-04-17T14:43:48","slug":"essai-renault-megane-e-tech-lelectrique-raisonnable","status":"publish","type":"post","link":"https:\/\/www.link2fleet.com\/fr\/essai-renault-megane-e-tech-lelectrique-raisonnable\/","title":{"rendered":"Essai Renault Megane E Tech: L\u2019\u00e9lectrique raisonnable ?"},"content":{"rendered":"<p>Cela n\u2019aura \u00e9chapp\u00e9 \u00e0 personne\u00a0: la plupart des propositions sur le march\u00e9 actuel des voitures \u00e9lectriques prennent la forme d\u2019un SUV ou d\u2019une grande berline, souvent haut de gamme. Avec cette nouvelle Megane 100% \u00e9lectrique, Renault prend maintenant place sur le segment des compactes qui n\u2019est finalement occup\u00e9 que par les Nissan Leaf, MG 4 et le duo Volkswagen ID3 et Cupra Born. Cela augure donc d\u2019un prix plus raisonnable que la moyenne (quoi que, nous y reviendrons) mais surtout de mensurations contenues.<\/p>\n<p><img loading=\"lazy\" decoding=\"async\" class=\"alignleft wp-image-1291780 size-medium\" src=\"https:\/\/www.link2fleet.com\/wp-content\/uploads\/2023\/03\/2021_-_Nouvelle_Renault_Megane_E-TECH_Electric_-_Urbain-1-300x225.jpeg\" alt=\"\" width=\"300\" height=\"225\" \/><\/p>\n<p><strong>Compacte<\/strong><\/p>\n<p>En effet, la Renault Megane E Tech se montre \u00e0 la fois plus petite mais aussi plus l\u00e9g\u00e8re que la plupart des mod\u00e8les que l\u2019on trouve sur le march\u00e9. Ce poids (contenu \u00e0 1,5 ou 1,7 tonnes selon les versions) combin\u00e9 \u00e0 une a\u00e9rodynamique plus favorable que celle d\u2019un SUV permet \u00e0 la Fran\u00e7aise de ma\u00eetriser sa consommation. Elle n\u2019a ainsi besoin que d\u2019une batterie de 60 kWh pour offrir une autonomie d\u00e9passant les 450 km. En th\u00e9orie du moins.<\/p>\n<p>&nbsp;<\/p>\n<p>&nbsp;<\/p>\n<p><strong>\u00c9conome<\/strong><\/p>\n<p>Et en pratique alors\u00a0? En ville lors de petits trajets \u00e0 froid et sur autoroute, pas de miracle, on peut atteindre, voire d\u00e9passer les 20 kWh\/100 km de consommation. N\u00e9anmoins, lors de trajets extra-urbains, la consommation peut largement diminuer. En pratiquant un minimum d\u2019\u00e9co-conduite et en profitant des palettes bien pratiques derri\u00e8re le volant permettant de g\u00e9rer le niveau de r\u00e9g\u00e9n\u00e9ration lors des ralentissements, la Megane E Tech s\u2019est ainsi content\u00e9e de seulement 13 kWh\/100 km. Et ce, malgr\u00e9 des temp\u00e9ratures de moins de 10 degr\u00e9s\u00a0! Une valeur plus raisonnable que ce que de plus gros mod\u00e8les peuvent esp\u00e9rer. Le tout assorti de belles performances permises par les 220 chevaux.<\/p>\n<p><strong>Moderne<\/strong><\/p>\n<p><img loading=\"lazy\" decoding=\"async\" class=\"alignright wp-image-1291782 size-medium\" src=\"https:\/\/www.link2fleet.com\/wp-content\/uploads\/2023\/03\/2021_-_Nouvelle_Renault_Megane_E-TECH_Electric_-_Urbain-2-1-300x225.jpeg\" alt=\"\" width=\"300\" height=\"225\" \/><\/p>\n<p>Naturellement, la taille raisonnable de la Megane E Tech ne lui permet pas d\u2019offrir l\u2019habitabilit\u00e9 d\u2019un grand SUV. Sa longueur fix\u00e9e \u00e0 4,2 m\u00e8tres limite particuli\u00e8rement l\u2019espace \u00e0 l\u2019arri\u00e8re mais la Fran\u00e7aise se rattrape au niveau du volume de coffre\u00a0: 440 dm\u00b3. \u00c0 bord, on appr\u00e9ciera le nouveau syst\u00e8me multim\u00e9dia ultra-techno bas\u00e9 sur Android Automotive. Tr\u00e8s r\u00e9actif, il permet d\u2019obtenir une exp\u00e9rience proche de celle d\u2019un smartphone et de proposer la navigation via Google Maps sur les deux grands \u00e9crans de 12 et 12,3 pouces.<\/p>\n<p><strong>Bilan fleet<\/strong><\/p>\n<p>La taille et la masse raisonnables de la Renault Megane E Tech lui permettent effectivement de se montrer plut\u00f4t sobre. Mais malgr\u00e9 son gabarit restreint, la compacte fran\u00e7aise ne se montre pas tr\u00e8s accessible en mati\u00e8re de tarifs. Son catalogue d\u00e9sormais rabot\u00e9 des versions d\u2019acc\u00e8s avec une batterie de 40 kWh d\u00e9marre maintenant \u00e0 43.350\u20ac TVAC pour une batterie de 60 kWh et un moteur de 130 chevaux, voire m\u00eame 50.490\u20ac TVAC pour notre mod\u00e8le d\u2019essai. Cher\u00a0? Oui, mais autant que ses concurrentes du m\u00eame segment finalement, MG 4 except\u00e9e.<\/p>\n<p>&nbsp;<\/p>\n\n<p>&nbsp;<\/p>\n","protected":false},"excerpt":{"rendered":"<p>Cela n\u2019aura \u00e9chapp\u00e9 \u00e0 personne\u00a0: la plupart des propositions sur le march\u00e9 actuel des voitures \u00e9lectriques prennent la forme d\u2019un SUV ou d\u2019une grande berline, souvent haut de gamme. Avec cette nouvelle Megane 100% \u00e9lectrique, Renault prend maintenant place sur le segment des compactes qui n\u2019est finalement occup\u00e9 que par les Nissan Leaf, MG 4 [&hellip;]<\/p>\n","protected":false},"author":43,"featured_media":9158,"comment_status":"closed","ping_status":"closed","sticky":false,"template":"","format":"standard","meta":{"_acf_changed":false,"footnotes":""},"categories":[76],"tags":[],"class_list":["post-9157","post","type-post","status-publish","format-standard","has-post-thumbnail","hentry","category-car"],"acf":[],"yoast_head":"<!-- This site is optimized with the Yoast SEO plugin v27.3 - https:\/\/yoast.com\/product\/yoast-seo-wordpress\/ -->\n<title>Essai Renault Megane E Tech: L\u2019\u00e9lectrique raisonnable ? - link2fleet<\/title>\n<meta name=\"description\" content=\"Dans le flot de nouveaut\u00e9s arrivant sur le march\u00e9 des voitures \u00e9lectriques, la Renault Megane E Tech fait du bien. Voil\u00e0, pour une fois, un\u2026\" \/>\n<meta name=\"robots\" content=\"index, follow, max-snippet:-1, max-image-preview:large, max-video-preview:-1\" \/>\n<meta property=\"og:locale\" content=\"fr_FR\" \/>\n<meta property=\"og:type\" content=\"article\" \/>\n<meta property=\"og:title\" content=\"Essai Renault Megane E Tech: L\u2019\u00e9lectrique raisonnable ? - link2fleet\" \/>\n<meta property=\"og:description\" content=\"Dans le flot de nouveaut\u00e9s arrivant sur le march\u00e9 des voitures \u00e9lectriques, la Renault Megane E Tech fait du bien. Voil\u00e0, pour une fois, un\u2026\" \/>\n<meta property=\"og:url\" content=\"https:\/\/www.link2fleet.com\/fr\/essai-renault-megane-e-tech-lelectrique-raisonnable\/\" \/>\n<meta property=\"og:site_name\" content=\"link2fleet\" \/>\n<meta property=\"article:published_time\" content=\"2023-03-27T13:21:20+00:00\" \/>\n<meta property=\"article:modified_time\" content=\"2024-04-17T14:43:48+00:00\" \/>\n<meta property=\"og:image\" content=\"https:\/\/static.link2fleet.com\/wp-content\/uploads\/2024\/03\/2021-nouvelle-renault-megane-e-tech-electric-urbain-2-scaled-1.jpeg\" \/>\n\t<meta property=\"og:image:width\" content=\"2560\" \/>\n\t<meta property=\"og:image:height\" content=\"1920\" \/>\n\t<meta property=\"og:image:type\" content=\"image\/jpeg\" \/>\n<meta name=\"author\" content=\"Jeroen Evens\" \/>\n<meta name=\"twitter:card\" content=\"summary_large_image\" \/>\n<meta name=\"twitter:description\" content=\"Dans le flot de nouveaut\u00e9s arrivant sur le march\u00e9 des voitures \u00e9lectriques, la Renault Megane E Tech fait du bien. Voil\u00e0, pour une fois, un\u2026\" \/>\n<meta name=\"twitter:label1\" content=\"\u00c9crit par\" \/>\n\t<meta name=\"twitter:data1\" content=\"Jeroen Evens\" \/>\n\t<meta name=\"twitter:label2\" content=\"Dur\u00e9e de lecture estim\u00e9e\" \/>\n\t<meta name=\"twitter:data2\" content=\"3 minutes\" \/>\n<script type=\"application\/ld+json\" class=\"yoast-schema-graph\">{\"@context\":\"https:\\\/\\\/schema.org\",\"@graph\":[{\"@type\":\"Article\",\"@id\":\"https:\\\/\\\/www.link2fleet.com\\\/fr\\\/essai-renault-megane-e-tech-lelectrique-raisonnable\\\/#article\",\"isPartOf\":{\"@id\":\"https:\\\/\\\/www.link2fleet.com\\\/fr\\\/essai-renault-megane-e-tech-lelectrique-raisonnable\\\/\"},\"author\":{\"name\":\"Jeroen Evens\",\"@id\":\"https:\\\/\\\/www.link2fleet.com\\\/fr\\\/#\\\/schema\\\/person\\\/3f23fa5cf039e25761156c930f6bf38f\"},\"headline\":\"Essai Renault Megane E Tech: L\u2019\u00e9lectrique raisonnable ?\",\"datePublished\":\"2023-03-27T13:21:20+00:00\",\"dateModified\":\"2024-04-17T14:43:48+00:00\",\"mainEntityOfPage\":{\"@id\":\"https:\\\/\\\/www.link2fleet.com\\\/fr\\\/essai-renault-megane-e-tech-lelectrique-raisonnable\\\/\"},\"wordCount\":680,\"publisher\":{\"@id\":\"https:\\\/\\\/www.link2fleet.com\\\/fr\\\/#organization\"},\"image\":{\"@id\":\"https:\\\/\\\/www.link2fleet.com\\\/fr\\\/essai-renault-megane-e-tech-lelectrique-raisonnable\\\/#primaryimage\"},\"thumbnailUrl\":\"https:\\\/\\\/static.link2fleet.com\\\/wp-content\\\/uploads\\\/2024\\\/03\\\/2021-nouvelle-renault-megane-e-tech-electric-urbain-2-scaled-1.jpeg\",\"articleSection\":[\"V\u00e9hicules\"],\"inLanguage\":\"fr-FR\"},{\"@type\":\"WebPage\",\"@id\":\"https:\\\/\\\/www.link2fleet.com\\\/fr\\\/essai-renault-megane-e-tech-lelectrique-raisonnable\\\/\",\"url\":\"https:\\\/\\\/www.link2fleet.com\\\/fr\\\/essai-renault-megane-e-tech-lelectrique-raisonnable\\\/\",\"name\":\"Essai Renault Megane E Tech: L\u2019\u00e9lectrique raisonnable ? - link2fleet\",\"isPartOf\":{\"@id\":\"https:\\\/\\\/www.link2fleet.com\\\/fr\\\/#website\"},\"primaryImageOfPage\":{\"@id\":\"https:\\\/\\\/www.link2fleet.com\\\/fr\\\/essai-renault-megane-e-tech-lelectrique-raisonnable\\\/#primaryimage\"},\"image\":{\"@id\":\"https:\\\/\\\/www.link2fleet.com\\\/fr\\\/essai-renault-megane-e-tech-lelectrique-raisonnable\\\/#primaryimage\"},\"thumbnailUrl\":\"https:\\\/\\\/static.link2fleet.com\\\/wp-content\\\/uploads\\\/2024\\\/03\\\/2021-nouvelle-renault-megane-e-tech-electric-urbain-2-scaled-1.jpeg\",\"datePublished\":\"2023-03-27T13:21:20+00:00\",\"dateModified\":\"2024-04-17T14:43:48+00:00\",\"breadcrumb\":{\"@id\":\"https:\\\/\\\/www.link2fleet.com\\\/fr\\\/essai-renault-megane-e-tech-lelectrique-raisonnable\\\/#breadcrumb\"},\"inLanguage\":\"fr-FR\",\"potentialAction\":[{\"@type\":\"ReadAction\",\"target\":[\"https:\\\/\\\/www.link2fleet.com\\\/fr\\\/essai-renault-megane-e-tech-lelectrique-raisonnable\\\/\"]}]},{\"@type\":\"ImageObject\",\"inLanguage\":\"fr-FR\",\"@id\":\"https:\\\/\\\/www.link2fleet.com\\\/fr\\\/essai-renault-megane-e-tech-lelectrique-raisonnable\\\/#primaryimage\",\"url\":\"https:\\\/\\\/static.link2fleet.com\\\/wp-content\\\/uploads\\\/2024\\\/03\\\/2021-nouvelle-renault-megane-e-tech-electric-urbain-2-scaled-1.jpeg\",\"contentUrl\":\"https:\\\/\\\/static.link2fleet.com\\\/wp-content\\\/uploads\\\/2024\\\/03\\\/2021-nouvelle-renault-megane-e-tech-electric-urbain-2-scaled-1.jpeg\",\"width\":2560,\"height\":1920,\"caption\":\"|||||||\"},{\"@type\":\"BreadcrumbList\",\"@id\":\"https:\\\/\\\/www.link2fleet.com\\\/fr\\\/essai-renault-megane-e-tech-lelectrique-raisonnable\\\/#breadcrumb\",\"itemListElement\":[{\"@type\":\"ListItem\",\"position\":1,\"name\":\"Home\",\"item\":\"https:\\\/\\\/www.link2fleet.com\\\/fr\\\/\"},{\"@type\":\"ListItem\",\"position\":2,\"name\":\"Essai Renault Megane E Tech: L\u2019\u00e9lectrique raisonnable ?\"}]},{\"@type\":\"WebSite\",\"@id\":\"https:\\\/\\\/www.link2fleet.com\\\/fr\\\/#website\",\"url\":\"https:\\\/\\\/www.link2fleet.com\\\/fr\\\/\",\"name\":\"Link2fleet\",\"description\":\"\",\"publisher\":{\"@id\":\"https:\\\/\\\/www.link2fleet.com\\\/fr\\\/#organization\"},\"potentialAction\":[{\"@type\":\"SearchAction\",\"target\":{\"@type\":\"EntryPoint\",\"urlTemplate\":\"https:\\\/\\\/www.link2fleet.com\\\/fr\\\/?s={search_term_string}\"},\"query-input\":{\"@type\":\"PropertyValueSpecification\",\"valueRequired\":true,\"valueName\":\"search_term_string\"}}],\"inLanguage\":\"fr-FR\"},{\"@type\":\"Organization\",\"@id\":\"https:\\\/\\\/www.link2fleet.com\\\/fr\\\/#organization\",\"name\":\"Link2fleet\",\"url\":\"https:\\\/\\\/www.link2fleet.com\\\/fr\\\/\",\"logo\":{\"@type\":\"ImageObject\",\"inLanguage\":\"fr-FR\",\"@id\":\"https:\\\/\\\/www.link2fleet.com\\\/fr\\\/#\\\/schema\\\/logo\\\/image\\\/\",\"url\":\"https:\\\/\\\/static.link2fleet.com\\\/wp-content\\\/uploads\\\/2024\\\/03\\\/share-image.jpg\",\"contentUrl\":\"https:\\\/\\\/static.link2fleet.com\\\/wp-content\\\/uploads\\\/2024\\\/03\\\/share-image.jpg\",\"width\":1200,\"height\":630,\"caption\":\"Link2fleet\"},\"image\":{\"@id\":\"https:\\\/\\\/www.link2fleet.com\\\/fr\\\/#\\\/schema\\\/logo\\\/image\\\/\"},\"sameAs\":[\"https:\\\/\\\/www.linkedin.com\\\/company\\\/link2fleet-belgium\",\"https:\\\/\\\/www.youtube.com\\\/user\\\/MMMBMBE\"]},{\"@type\":\"Person\",\"@id\":\"https:\\\/\\\/www.link2fleet.com\\\/fr\\\/#\\\/schema\\\/person\\\/3f23fa5cf039e25761156c930f6bf38f\",\"name\":\"Jeroen Evens\",\"image\":{\"@type\":\"ImageObject\",\"inLanguage\":\"fr-FR\",\"@id\":\"https:\\\/\\\/secure.gravatar.com\\\/avatar\\\/6e059523a84fbec54e5ec5d0f3fb4322b7b077be22b323085f823d1d7f00f32e?s=96&d=mm&r=g\",\"url\":\"https:\\\/\\\/secure.gravatar.com\\\/avatar\\\/6e059523a84fbec54e5ec5d0f3fb4322b7b077be22b323085f823d1d7f00f32e?s=96&d=mm&r=g\",\"contentUrl\":\"https:\\\/\\\/secure.gravatar.com\\\/avatar\\\/6e059523a84fbec54e5ec5d0f3fb4322b7b077be22b323085f823d1d7f00f32e?s=96&d=mm&r=g\",\"caption\":\"Jeroen Evens\"},\"description\":\"Jeroen Evens is opgeleid in de Communicatiewetenschappen (KULeuven) en is een enthousiaste volger van alles wat met mobiliteit en bedrijfswagens te maken heeft. Als freelance journalist gespecialiseerd in de fleetsector houdt hij al drie jaar lang de vinger aan de pols van de laatste ontwikkelingen in onze sector.\"}]}<\/script>\n<!-- \/ Yoast SEO plugin. -->","yoast_head_json":{"title":"Essai Renault Megane E Tech: L\u2019\u00e9lectrique raisonnable ? - link2fleet","description":"Dans le flot de nouveaut\u00e9s arrivant sur le march\u00e9 des voitures \u00e9lectriques, la Renault Megane E Tech fait du bien. Voil\u00e0, pour une fois, un\u2026","robots":{"index":"index","follow":"follow","max-snippet":"max-snippet:-1","max-image-preview":"max-image-preview:large","max-video-preview":"max-video-preview:-1"},"og_locale":"fr_FR","og_type":"article","og_title":"Essai Renault Megane E Tech: L\u2019\u00e9lectrique raisonnable ? - link2fleet","og_description":"Dans le flot de nouveaut\u00e9s arrivant sur le march\u00e9 des voitures \u00e9lectriques, la Renault Megane E Tech fait du bien. Voil\u00e0, pour une fois, un\u2026","og_url":"https:\/\/www.link2fleet.com\/fr\/essai-renault-megane-e-tech-lelectrique-raisonnable\/","og_site_name":"link2fleet","article_published_time":"2023-03-27T13:21:20+00:00","article_modified_time":"2024-04-17T14:43:48+00:00","og_image":[{"width":2560,"height":1920,"url":"https:\/\/static.link2fleet.com\/wp-content\/uploads\/2024\/03\/2021-nouvelle-renault-megane-e-tech-electric-urbain-2-scaled-1.jpeg","type":"image\/jpeg"}],"author":"Jeroen Evens","twitter_card":"summary_large_image","twitter_description":"Dans le flot de nouveaut\u00e9s arrivant sur le march\u00e9 des voitures \u00e9lectriques, la Renault Megane E Tech fait du bien. Voil\u00e0, pour une fois, un\u2026","twitter_misc":{"\u00c9crit par":"Jeroen Evens","Dur\u00e9e de lecture estim\u00e9e":"3 minutes"},"schema":{"@context":"https:\/\/schema.org","@graph":[{"@type":"Article","@id":"https:\/\/www.link2fleet.com\/fr\/essai-renault-megane-e-tech-lelectrique-raisonnable\/#article","isPartOf":{"@id":"https:\/\/www.link2fleet.com\/fr\/essai-renault-megane-e-tech-lelectrique-raisonnable\/"},"author":{"name":"Jeroen Evens","@id":"https:\/\/www.link2fleet.com\/fr\/#\/schema\/person\/3f23fa5cf039e25761156c930f6bf38f"},"headline":"Essai Renault Megane E Tech: L\u2019\u00e9lectrique raisonnable ?","datePublished":"2023-03-27T13:21:20+00:00","dateModified":"2024-04-17T14:43:48+00:00","mainEntityOfPage":{"@id":"https:\/\/www.link2fleet.com\/fr\/essai-renault-megane-e-tech-lelectrique-raisonnable\/"},"wordCount":680,"publisher":{"@id":"https:\/\/www.link2fleet.com\/fr\/#organization"},"image":{"@id":"https:\/\/www.link2fleet.com\/fr\/essai-renault-megane-e-tech-lelectrique-raisonnable\/#primaryimage"},"thumbnailUrl":"https:\/\/static.link2fleet.com\/wp-content\/uploads\/2024\/03\/2021-nouvelle-renault-megane-e-tech-electric-urbain-2-scaled-1.jpeg","articleSection":["V\u00e9hicules"],"inLanguage":"fr-FR"},{"@type":"WebPage","@id":"https:\/\/www.link2fleet.com\/fr\/essai-renault-megane-e-tech-lelectrique-raisonnable\/","url":"https:\/\/www.link2fleet.com\/fr\/essai-renault-megane-e-tech-lelectrique-raisonnable\/","name":"Essai Renault Megane E Tech: L\u2019\u00e9lectrique raisonnable ? - link2fleet","isPartOf":{"@id":"https:\/\/www.link2fleet.com\/fr\/#website"},"primaryImageOfPage":{"@id":"https:\/\/www.link2fleet.com\/fr\/essai-renault-megane-e-tech-lelectrique-raisonnable\/#primaryimage"},"image":{"@id":"https:\/\/www.link2fleet.com\/fr\/essai-renault-megane-e-tech-lelectrique-raisonnable\/#primaryimage"},"thumbnailUrl":"https:\/\/static.link2fleet.com\/wp-content\/uploads\/2024\/03\/2021-nouvelle-renault-megane-e-tech-electric-urbain-2-scaled-1.jpeg","datePublished":"2023-03-27T13:21:20+00:00","dateModified":"2024-04-17T14:43:48+00:00","breadcrumb":{"@id":"https:\/\/www.link2fleet.com\/fr\/essai-renault-megane-e-tech-lelectrique-raisonnable\/#breadcrumb"},"inLanguage":"fr-FR","potentialAction":[{"@type":"ReadAction","target":["https:\/\/www.link2fleet.com\/fr\/essai-renault-megane-e-tech-lelectrique-raisonnable\/"]}]},{"@type":"ImageObject","inLanguage":"fr-FR","@id":"https:\/\/www.link2fleet.com\/fr\/essai-renault-megane-e-tech-lelectrique-raisonnable\/#primaryimage","url":"https:\/\/static.link2fleet.com\/wp-content\/uploads\/2024\/03\/2021-nouvelle-renault-megane-e-tech-electric-urbain-2-scaled-1.jpeg","contentUrl":"https:\/\/static.link2fleet.com\/wp-content\/uploads\/2024\/03\/2021-nouvelle-renault-megane-e-tech-electric-urbain-2-scaled-1.jpeg","width":2560,"height":1920,"caption":"|||||||"},{"@type":"BreadcrumbList","@id":"https:\/\/www.link2fleet.com\/fr\/essai-renault-megane-e-tech-lelectrique-raisonnable\/#breadcrumb","itemListElement":[{"@type":"ListItem","position":1,"name":"Home","item":"https:\/\/www.link2fleet.com\/fr\/"},{"@type":"ListItem","position":2,"name":"Essai Renault Megane E Tech: L\u2019\u00e9lectrique raisonnable ?"}]},{"@type":"WebSite","@id":"https:\/\/www.link2fleet.com\/fr\/#website","url":"https:\/\/www.link2fleet.com\/fr\/","name":"Link2fleet","description":"","publisher":{"@id":"https:\/\/www.link2fleet.com\/fr\/#organization"},"potentialAction":[{"@type":"SearchAction","target":{"@type":"EntryPoint","urlTemplate":"https:\/\/www.link2fleet.com\/fr\/?s={search_term_string}"},"query-input":{"@type":"PropertyValueSpecification","valueRequired":true,"valueName":"search_term_string"}}],"inLanguage":"fr-FR"},{"@type":"Organization","@id":"https:\/\/www.link2fleet.com\/fr\/#organization","name":"Link2fleet","url":"https:\/\/www.link2fleet.com\/fr\/","logo":{"@type":"ImageObject","inLanguage":"fr-FR","@id":"https:\/\/www.link2fleet.com\/fr\/#\/schema\/logo\/image\/","url":"https:\/\/static.link2fleet.com\/wp-content\/uploads\/2024\/03\/share-image.jpg","contentUrl":"https:\/\/static.link2fleet.com\/wp-content\/uploads\/2024\/03\/share-image.jpg","width":1200,"height":630,"caption":"Link2fleet"},"image":{"@id":"https:\/\/www.link2fleet.com\/fr\/#\/schema\/logo\/image\/"},"sameAs":["https:\/\/www.linkedin.com\/company\/link2fleet-belgium","https:\/\/www.youtube.com\/user\/MMMBMBE"]},{"@type":"Person","@id":"https:\/\/www.link2fleet.com\/fr\/#\/schema\/person\/3f23fa5cf039e25761156c930f6bf38f","name":"Jeroen Evens","image":{"@type":"ImageObject","inLanguage":"fr-FR","@id":"https:\/\/secure.gravatar.com\/avatar\/6e059523a84fbec54e5ec5d0f3fb4322b7b077be22b323085f823d1d7f00f32e?s=96&d=mm&r=g","url":"https:\/\/secure.gravatar.com\/avatar\/6e059523a84fbec54e5ec5d0f3fb4322b7b077be22b323085f823d1d7f00f32e?s=96&d=mm&r=g","contentUrl":"https:\/\/secure.gravatar.com\/avatar\/6e059523a84fbec54e5ec5d0f3fb4322b7b077be22b323085f823d1d7f00f32e?s=96&d=mm&r=g","caption":"Jeroen Evens"},"description":"Jeroen Evens is opgeleid in de Communicatiewetenschappen (KULeuven) en is een enthousiaste volger van alles wat met mobiliteit en bedrijfswagens te maken heeft. Als freelance journalist gespecialiseerd in de fleetsector houdt hij al drie jaar lang de vinger aan de pols van de laatste ontwikkelingen in onze sector."}]}},"_links":{"self":[{"href":"https:\/\/www.link2fleet.com\/fr\/wp-json\/wp\/v2\/posts\/9157","targetHints":{"allow":["GET"]}}],"collection":[{"href":"https:\/\/www.link2fleet.com\/fr\/wp-json\/wp\/v2\/posts"}],"about":[{"href":"https:\/\/www.link2fleet.com\/fr\/wp-json\/wp\/v2\/types\/post"}],"author":[{"embeddable":true,"href":"https:\/\/www.link2fleet.com\/fr\/wp-json\/wp\/v2\/users\/43"}],"replies":[{"embeddable":true,"href":"https:\/\/www.link2fleet.com\/fr\/wp-json\/wp\/v2\/comments?post=9157"}],"version-history":[{"count":0,"href":"https:\/\/www.link2fleet.com\/fr\/wp-json\/wp\/v2\/posts\/9157\/revisions"}],"wp:featuredmedia":[{"embeddable":true,"href":"https:\/\/www.link2fleet.com\/fr\/wp-json\/wp\/v2\/media\/9158"}],"wp:attachment":[{"href":"https:\/\/www.link2fleet.com\/fr\/wp-json\/wp\/v2\/media?parent=9157"}],"wp:term":[{"taxonomy":"category","embeddable":true,"href":"https:\/\/www.link2fleet.com\/fr\/wp-json\/wp\/v2\/categories?post=9157"},{"taxonomy":"post_tag","embeddable":true,"href":"https:\/\/www.link2fleet.com\/fr\/wp-json\/wp\/v2\/tags?post=9157"}],"curies":[{"name":"wp","href":"https:\/\/api.w.org\/{rel}","templated":true}]}}