{"id":91733,"date":"2026-04-26T12:10:26","date_gmt":"2026-04-26T10:10:26","guid":{"rendered":"https:\/\/www.link2fleet.com\/?p=91733"},"modified":"2026-04-26T12:10:26","modified_gmt":"2026-04-26T10:10:26","slug":"axial-belgium-25-ans-dexpertise-au-service-de-la-reparation-carrosserie","status":"publish","type":"post","link":"https:\/\/www.link2fleet.com\/fr\/axial-belgium-25-ans-dexpertise-au-service-de-la-reparation-carrosserie\/","title":{"rendered":"AXIAL Belgium : 25 ans d\u2019expertise au service de la r\u00e9paration carrosserie"},"content":{"rendered":"","protected":false},"excerpt":{"rendered":"","protected":false},"author":4,"featured_media":91737,"comment_status":"closed","ping_status":"closed","sticky":false,"template":"","format":"standard","meta":{"_acf_changed":false,"footnotes":""},"categories":[1448,93,86,76],"tags":[],"class_list":["post-91733","post","type-post","status-publish","format-standard","has-post-thumbnail","hentry","category-a-la-une","category-entretien-reparation-vitrage-lavage","category-reconditionnement-transformation-carrosserie","category-car"],"acf":[],"yoast_head":"<!-- This site is optimized with the Yoast SEO plugin v27.3 - https:\/\/yoast.com\/product\/yoast-seo-wordpress\/ -->\n<title>AXIAL Belgium : 25 ans d\u2019expertise au service de la r\u00e9paration carrosserie - link2fleet<\/title>\n<meta name=\"description\" content=\"En 2026, AXIAL Belgium c\u00e9l\u00e8bre un cap important : 25 ans de pr\u00e9sence sur le march\u00e9 belge. Derri\u00e8re cet anniversaire, c\u2019est avant tout l\u2019histoire d\u2019une\u2026\" \/>\n<meta name=\"robots\" content=\"index, follow, max-snippet:-1, max-image-preview:large, max-video-preview:-1\" \/>\n<meta property=\"og:locale\" content=\"fr_FR\" \/>\n<meta property=\"og:type\" content=\"article\" \/>\n<meta property=\"og:title\" content=\"AXIAL Belgium : 25 ans d\u2019expertise au service de la r\u00e9paration carrosserie - link2fleet\" \/>\n<meta property=\"og:description\" content=\"En 2026, AXIAL Belgium c\u00e9l\u00e8bre un cap important : 25 ans de pr\u00e9sence sur le march\u00e9 belge. Derri\u00e8re cet anniversaire, c\u2019est avant tout l\u2019histoire d\u2019une\u2026\" \/>\n<meta property=\"og:url\" content=\"https:\/\/www.link2fleet.com\/fr\/axial-belgium-25-ans-dexpertise-au-service-de-la-reparation-carrosserie\/\" \/>\n<meta property=\"og:site_name\" content=\"link2fleet\" \/>\n<meta property=\"article:published_time\" content=\"2026-04-26T10:10:26+00:00\" \/>\n<meta property=\"og:image\" content=\"https:\/\/static.link2fleet.com\/wp-content\/uploads\/2026\/04\/slide-carrossier-v22.jpg\" \/>\n\t<meta property=\"og:image:width\" content=\"2560\" \/>\n\t<meta property=\"og:image:height\" content=\"1676\" \/>\n\t<meta property=\"og:image:type\" content=\"image\/jpeg\" \/>\n<meta name=\"author\" content=\"Damien Malvetti\" \/>\n<meta name=\"twitter:card\" content=\"summary_large_image\" \/>\n<meta name=\"twitter:description\" content=\"En 2026, AXIAL Belgium c\u00e9l\u00e8bre un cap important : 25 ans de pr\u00e9sence sur le march\u00e9 belge. Derri\u00e8re cet anniversaire, c\u2019est avant tout l\u2019histoire d\u2019une\u2026\" \/>\n<meta name=\"twitter:label1\" content=\"\u00c9crit par\" \/>\n\t<meta name=\"twitter:data1\" content=\"Damien Malvetti\" \/>\n\t<meta name=\"twitter:label2\" content=\"Dur\u00e9e de lecture estim\u00e9e\" \/>\n\t<meta name=\"twitter:data2\" content=\"7 minutes\" \/>\n<script type=\"application\/ld+json\" class=\"yoast-schema-graph\">{\"@context\":\"https:\\\/\\\/schema.org\",\"@graph\":[{\"@type\":\"Article\",\"@id\":\"https:\\\/\\\/www.link2fleet.com\\\/fr\\\/axial-belgium-25-ans-dexpertise-au-service-de-la-reparation-carrosserie\\\/#article\",\"isPartOf\":{\"@id\":\"https:\\\/\\\/www.link2fleet.com\\\/fr\\\/axial-belgium-25-ans-dexpertise-au-service-de-la-reparation-carrosserie\\\/\"},\"author\":{\"name\":\"Damien Malvetti\",\"@id\":\"https:\\\/\\\/www.link2fleet.com\\\/fr\\\/#\\\/schema\\\/person\\\/027cd46113c78036b3809c9a054049da\"},\"headline\":\"AXIAL Belgium : 25 ans d\u2019expertise au service de la r\u00e9paration carrosserie\",\"datePublished\":\"2026-04-26T10:10:26+00:00\",\"mainEntityOfPage\":{\"@id\":\"https:\\\/\\\/www.link2fleet.com\\\/fr\\\/axial-belgium-25-ans-dexpertise-au-service-de-la-reparation-carrosserie\\\/\"},\"wordCount\":12,\"publisher\":{\"@id\":\"https:\\\/\\\/www.link2fleet.com\\\/fr\\\/#organization\"},\"image\":{\"@id\":\"https:\\\/\\\/www.link2fleet.com\\\/fr\\\/axial-belgium-25-ans-dexpertise-au-service-de-la-reparation-carrosserie\\\/#primaryimage\"},\"thumbnailUrl\":\"https:\\\/\\\/static.link2fleet.com\\\/wp-content\\\/uploads\\\/2026\\\/04\\\/slide-carrossier-v22.jpg\",\"articleSection\":[\"A la une\",\"Pneus, entretiens, r\u00e9paration\",\"Reconditionnement \\\/ Carrosserie\",\"V\u00e9hicules\"],\"inLanguage\":\"fr-FR\"},{\"@type\":\"WebPage\",\"@id\":\"https:\\\/\\\/www.link2fleet.com\\\/fr\\\/axial-belgium-25-ans-dexpertise-au-service-de-la-reparation-carrosserie\\\/\",\"url\":\"https:\\\/\\\/www.link2fleet.com\\\/fr\\\/axial-belgium-25-ans-dexpertise-au-service-de-la-reparation-carrosserie\\\/\",\"name\":\"AXIAL Belgium : 25 ans d\u2019expertise au service de la r\u00e9paration carrosserie - link2fleet\",\"isPartOf\":{\"@id\":\"https:\\\/\\\/www.link2fleet.com\\\/fr\\\/#website\"},\"primaryImageOfPage\":{\"@id\":\"https:\\\/\\\/www.link2fleet.com\\\/fr\\\/axial-belgium-25-ans-dexpertise-au-service-de-la-reparation-carrosserie\\\/#primaryimage\"},\"image\":{\"@id\":\"https:\\\/\\\/www.link2fleet.com\\\/fr\\\/axial-belgium-25-ans-dexpertise-au-service-de-la-reparation-carrosserie\\\/#primaryimage\"},\"thumbnailUrl\":\"https:\\\/\\\/static.link2fleet.com\\\/wp-content\\\/uploads\\\/2026\\\/04\\\/slide-carrossier-v22.jpg\",\"datePublished\":\"2026-04-26T10:10:26+00:00\",\"breadcrumb\":{\"@id\":\"https:\\\/\\\/www.link2fleet.com\\\/fr\\\/axial-belgium-25-ans-dexpertise-au-service-de-la-reparation-carrosserie\\\/#breadcrumb\"},\"inLanguage\":\"fr-FR\",\"potentialAction\":[{\"@type\":\"ReadAction\",\"target\":[\"https:\\\/\\\/www.link2fleet.com\\\/fr\\\/axial-belgium-25-ans-dexpertise-au-service-de-la-reparation-carrosserie\\\/\"]}]},{\"@type\":\"ImageObject\",\"inLanguage\":\"fr-FR\",\"@id\":\"https:\\\/\\\/www.link2fleet.com\\\/fr\\\/axial-belgium-25-ans-dexpertise-au-service-de-la-reparation-carrosserie\\\/#primaryimage\",\"url\":\"https:\\\/\\\/static.link2fleet.com\\\/wp-content\\\/uploads\\\/2026\\\/04\\\/slide-carrossier-v22.jpg\",\"contentUrl\":\"https:\\\/\\\/static.link2fleet.com\\\/wp-content\\\/uploads\\\/2026\\\/04\\\/slide-carrossier-v22.jpg\",\"width\":2560,\"height\":1676},{\"@type\":\"BreadcrumbList\",\"@id\":\"https:\\\/\\\/www.link2fleet.com\\\/fr\\\/axial-belgium-25-ans-dexpertise-au-service-de-la-reparation-carrosserie\\\/#breadcrumb\",\"itemListElement\":[{\"@type\":\"ListItem\",\"position\":1,\"name\":\"Home\",\"item\":\"https:\\\/\\\/www.link2fleet.com\\\/fr\\\/\"},{\"@type\":\"ListItem\",\"position\":2,\"name\":\"AXIAL Belgium : 25 ans d\u2019expertise au service de la r\u00e9paration carrosserie\"}]},{\"@type\":\"WebSite\",\"@id\":\"https:\\\/\\\/www.link2fleet.com\\\/fr\\\/#website\",\"url\":\"https:\\\/\\\/www.link2fleet.com\\\/fr\\\/\",\"name\":\"Link2fleet\",\"description\":\"\",\"publisher\":{\"@id\":\"https:\\\/\\\/www.link2fleet.com\\\/fr\\\/#organization\"},\"potentialAction\":[{\"@type\":\"SearchAction\",\"target\":{\"@type\":\"EntryPoint\",\"urlTemplate\":\"https:\\\/\\\/www.link2fleet.com\\\/fr\\\/?s={search_term_string}\"},\"query-input\":{\"@type\":\"PropertyValueSpecification\",\"valueRequired\":true,\"valueName\":\"search_term_string\"}}],\"inLanguage\":\"fr-FR\"},{\"@type\":\"Organization\",\"@id\":\"https:\\\/\\\/www.link2fleet.com\\\/fr\\\/#organization\",\"name\":\"Link2fleet\",\"url\":\"https:\\\/\\\/www.link2fleet.com\\\/fr\\\/\",\"logo\":{\"@type\":\"ImageObject\",\"inLanguage\":\"fr-FR\",\"@id\":\"https:\\\/\\\/www.link2fleet.com\\\/fr\\\/#\\\/schema\\\/logo\\\/image\\\/\",\"url\":\"https:\\\/\\\/static.link2fleet.com\\\/wp-content\\\/uploads\\\/2024\\\/03\\\/share-image.jpg\",\"contentUrl\":\"https:\\\/\\\/static.link2fleet.com\\\/wp-content\\\/uploads\\\/2024\\\/03\\\/share-image.jpg\",\"width\":1200,\"height\":630,\"caption\":\"Link2fleet\"},\"image\":{\"@id\":\"https:\\\/\\\/www.link2fleet.com\\\/fr\\\/#\\\/schema\\\/logo\\\/image\\\/\"},\"sameAs\":[\"https:\\\/\\\/www.linkedin.com\\\/company\\\/link2fleet-belgium\",\"https:\\\/\\\/www.youtube.com\\\/user\\\/MMMBMBE\"]},{\"@type\":\"Person\",\"@id\":\"https:\\\/\\\/www.link2fleet.com\\\/fr\\\/#\\\/schema\\\/person\\\/027cd46113c78036b3809c9a054049da\",\"name\":\"Damien Malvetti\",\"image\":{\"@type\":\"ImageObject\",\"inLanguage\":\"fr-FR\",\"@id\":\"https:\\\/\\\/secure.gravatar.com\\\/avatar\\\/dd8cc03b49466c735f753ac37f8caa371af16dfed347456ed61f02883255eebb?s=96&d=mm&r=g\",\"url\":\"https:\\\/\\\/secure.gravatar.com\\\/avatar\\\/dd8cc03b49466c735f753ac37f8caa371af16dfed347456ed61f02883255eebb?s=96&d=mm&r=g\",\"contentUrl\":\"https:\\\/\\\/secure.gravatar.com\\\/avatar\\\/dd8cc03b49466c735f753ac37f8caa371af16dfed347456ed61f02883255eebb?s=96&d=mm&r=g\",\"caption\":\"Damien Malvetti\"},\"description\":\"Damien Malvetti is opgeleid als journalist en gepassioneerd door wagens, technologie en mobiliteit. Hij is verantwoordelijk voor de redactionele inhoud van link2fleet en beschikt over een uitgebreide kennis van de fleet-sector en elektrische mobiliteit.\",\"sameAs\":[\"https:\\\/\\\/www.linkedin.com\\\/in\\\/damien-malvetti-56601142\\\/\"]}]}<\/script>\n<!-- \/ Yoast SEO plugin. -->","yoast_head_json":{"title":"AXIAL Belgium : 25 ans d\u2019expertise au service de la r\u00e9paration carrosserie - link2fleet","description":"En 2026, AXIAL Belgium c\u00e9l\u00e8bre un cap important : 25 ans de pr\u00e9sence sur le march\u00e9 belge. Derri\u00e8re cet anniversaire, c\u2019est avant tout l\u2019histoire d\u2019une\u2026","robots":{"index":"index","follow":"follow","max-snippet":"max-snippet:-1","max-image-preview":"max-image-preview:large","max-video-preview":"max-video-preview:-1"},"og_locale":"fr_FR","og_type":"article","og_title":"AXIAL Belgium : 25 ans d\u2019expertise au service de la r\u00e9paration carrosserie - link2fleet","og_description":"En 2026, AXIAL Belgium c\u00e9l\u00e8bre un cap important : 25 ans de pr\u00e9sence sur le march\u00e9 belge. Derri\u00e8re cet anniversaire, c\u2019est avant tout l\u2019histoire d\u2019une\u2026","og_url":"https:\/\/www.link2fleet.com\/fr\/axial-belgium-25-ans-dexpertise-au-service-de-la-reparation-carrosserie\/","og_site_name":"link2fleet","article_published_time":"2026-04-26T10:10:26+00:00","og_image":[{"width":2560,"height":1676,"url":"https:\/\/static.link2fleet.com\/wp-content\/uploads\/2026\/04\/slide-carrossier-v22.jpg","type":"image\/jpeg"}],"author":"Damien Malvetti","twitter_card":"summary_large_image","twitter_description":"En 2026, AXIAL Belgium c\u00e9l\u00e8bre un cap important : 25 ans de pr\u00e9sence sur le march\u00e9 belge. Derri\u00e8re cet anniversaire, c\u2019est avant tout l\u2019histoire d\u2019une\u2026","twitter_misc":{"\u00c9crit par":"Damien Malvetti","Dur\u00e9e de lecture estim\u00e9e":"7 minutes"},"schema":{"@context":"https:\/\/schema.org","@graph":[{"@type":"Article","@id":"https:\/\/www.link2fleet.com\/fr\/axial-belgium-25-ans-dexpertise-au-service-de-la-reparation-carrosserie\/#article","isPartOf":{"@id":"https:\/\/www.link2fleet.com\/fr\/axial-belgium-25-ans-dexpertise-au-service-de-la-reparation-carrosserie\/"},"author":{"name":"Damien Malvetti","@id":"https:\/\/www.link2fleet.com\/fr\/#\/schema\/person\/027cd46113c78036b3809c9a054049da"},"headline":"AXIAL Belgium : 25 ans d\u2019expertise au service de la r\u00e9paration carrosserie","datePublished":"2026-04-26T10:10:26+00:00","mainEntityOfPage":{"@id":"https:\/\/www.link2fleet.com\/fr\/axial-belgium-25-ans-dexpertise-au-service-de-la-reparation-carrosserie\/"},"wordCount":12,"publisher":{"@id":"https:\/\/www.link2fleet.com\/fr\/#organization"},"image":{"@id":"https:\/\/www.link2fleet.com\/fr\/axial-belgium-25-ans-dexpertise-au-service-de-la-reparation-carrosserie\/#primaryimage"},"thumbnailUrl":"https:\/\/static.link2fleet.com\/wp-content\/uploads\/2026\/04\/slide-carrossier-v22.jpg","articleSection":["A la une","Pneus, entretiens, r\u00e9paration","Reconditionnement \/ Carrosserie","V\u00e9hicules"],"inLanguage":"fr-FR"},{"@type":"WebPage","@id":"https:\/\/www.link2fleet.com\/fr\/axial-belgium-25-ans-dexpertise-au-service-de-la-reparation-carrosserie\/","url":"https:\/\/www.link2fleet.com\/fr\/axial-belgium-25-ans-dexpertise-au-service-de-la-reparation-carrosserie\/","name":"AXIAL Belgium : 25 ans d\u2019expertise au service de la r\u00e9paration carrosserie - link2fleet","isPartOf":{"@id":"https:\/\/www.link2fleet.com\/fr\/#website"},"primaryImageOfPage":{"@id":"https:\/\/www.link2fleet.com\/fr\/axial-belgium-25-ans-dexpertise-au-service-de-la-reparation-carrosserie\/#primaryimage"},"image":{"@id":"https:\/\/www.link2fleet.com\/fr\/axial-belgium-25-ans-dexpertise-au-service-de-la-reparation-carrosserie\/#primaryimage"},"thumbnailUrl":"https:\/\/static.link2fleet.com\/wp-content\/uploads\/2026\/04\/slide-carrossier-v22.jpg","datePublished":"2026-04-26T10:10:26+00:00","breadcrumb":{"@id":"https:\/\/www.link2fleet.com\/fr\/axial-belgium-25-ans-dexpertise-au-service-de-la-reparation-carrosserie\/#breadcrumb"},"inLanguage":"fr-FR","potentialAction":[{"@type":"ReadAction","target":["https:\/\/www.link2fleet.com\/fr\/axial-belgium-25-ans-dexpertise-au-service-de-la-reparation-carrosserie\/"]}]},{"@type":"ImageObject","inLanguage":"fr-FR","@id":"https:\/\/www.link2fleet.com\/fr\/axial-belgium-25-ans-dexpertise-au-service-de-la-reparation-carrosserie\/#primaryimage","url":"https:\/\/static.link2fleet.com\/wp-content\/uploads\/2026\/04\/slide-carrossier-v22.jpg","contentUrl":"https:\/\/static.link2fleet.com\/wp-content\/uploads\/2026\/04\/slide-carrossier-v22.jpg","width":2560,"height":1676},{"@type":"BreadcrumbList","@id":"https:\/\/www.link2fleet.com\/fr\/axial-belgium-25-ans-dexpertise-au-service-de-la-reparation-carrosserie\/#breadcrumb","itemListElement":[{"@type":"ListItem","position":1,"name":"Home","item":"https:\/\/www.link2fleet.com\/fr\/"},{"@type":"ListItem","position":2,"name":"AXIAL Belgium : 25 ans d\u2019expertise au service de la r\u00e9paration carrosserie"}]},{"@type":"WebSite","@id":"https:\/\/www.link2fleet.com\/fr\/#website","url":"https:\/\/www.link2fleet.com\/fr\/","name":"Link2fleet","description":"","publisher":{"@id":"https:\/\/www.link2fleet.com\/fr\/#organization"},"potentialAction":[{"@type":"SearchAction","target":{"@type":"EntryPoint","urlTemplate":"https:\/\/www.link2fleet.com\/fr\/?s={search_term_string}"},"query-input":{"@type":"PropertyValueSpecification","valueRequired":true,"valueName":"search_term_string"}}],"inLanguage":"fr-FR"},{"@type":"Organization","@id":"https:\/\/www.link2fleet.com\/fr\/#organization","name":"Link2fleet","url":"https:\/\/www.link2fleet.com\/fr\/","logo":{"@type":"ImageObject","inLanguage":"fr-FR","@id":"https:\/\/www.link2fleet.com\/fr\/#\/schema\/logo\/image\/","url":"https:\/\/static.link2fleet.com\/wp-content\/uploads\/2024\/03\/share-image.jpg","contentUrl":"https:\/\/static.link2fleet.com\/wp-content\/uploads\/2024\/03\/share-image.jpg","width":1200,"height":630,"caption":"Link2fleet"},"image":{"@id":"https:\/\/www.link2fleet.com\/fr\/#\/schema\/logo\/image\/"},"sameAs":["https:\/\/www.linkedin.com\/company\/link2fleet-belgium","https:\/\/www.youtube.com\/user\/MMMBMBE"]},{"@type":"Person","@id":"https:\/\/www.link2fleet.com\/fr\/#\/schema\/person\/027cd46113c78036b3809c9a054049da","name":"Damien Malvetti","image":{"@type":"ImageObject","inLanguage":"fr-FR","@id":"https:\/\/secure.gravatar.com\/avatar\/dd8cc03b49466c735f753ac37f8caa371af16dfed347456ed61f02883255eebb?s=96&d=mm&r=g","url":"https:\/\/secure.gravatar.com\/avatar\/dd8cc03b49466c735f753ac37f8caa371af16dfed347456ed61f02883255eebb?s=96&d=mm&r=g","contentUrl":"https:\/\/secure.gravatar.com\/avatar\/dd8cc03b49466c735f753ac37f8caa371af16dfed347456ed61f02883255eebb?s=96&d=mm&r=g","caption":"Damien Malvetti"},"description":"Damien Malvetti is opgeleid als journalist en gepassioneerd door wagens, technologie en mobiliteit. Hij is verantwoordelijk voor de redactionele inhoud van link2fleet en beschikt over een uitgebreide kennis van de fleet-sector en elektrische mobiliteit.","sameAs":["https:\/\/www.linkedin.com\/in\/damien-malvetti-56601142\/"]}]}},"_links":{"self":[{"href":"https:\/\/www.link2fleet.com\/fr\/wp-json\/wp\/v2\/posts\/91733","targetHints":{"allow":["GET"]}}],"collection":[{"href":"https:\/\/www.link2fleet.com\/fr\/wp-json\/wp\/v2\/posts"}],"about":[{"href":"https:\/\/www.link2fleet.com\/fr\/wp-json\/wp\/v2\/types\/post"}],"author":[{"embeddable":true,"href":"https:\/\/www.link2fleet.com\/fr\/wp-json\/wp\/v2\/users\/4"}],"replies":[{"embeddable":true,"href":"https:\/\/www.link2fleet.com\/fr\/wp-json\/wp\/v2\/comments?post=91733"}],"version-history":[{"count":1,"href":"https:\/\/www.link2fleet.com\/fr\/wp-json\/wp\/v2\/posts\/91733\/revisions"}],"predecessor-version":[{"id":91761,"href":"https:\/\/www.link2fleet.com\/fr\/wp-json\/wp\/v2\/posts\/91733\/revisions\/91761"}],"wp:featuredmedia":[{"embeddable":true,"href":"https:\/\/www.link2fleet.com\/fr\/wp-json\/wp\/v2\/media\/91737"}],"wp:attachment":[{"href":"https:\/\/www.link2fleet.com\/fr\/wp-json\/wp\/v2\/media?parent=91733"}],"wp:term":[{"taxonomy":"category","embeddable":true,"href":"https:\/\/www.link2fleet.com\/fr\/wp-json\/wp\/v2\/categories?post=91733"},{"taxonomy":"post_tag","embeddable":true,"href":"https:\/\/www.link2fleet.com\/fr\/wp-json\/wp\/v2\/tags?post=91733"}],"curies":[{"name":"wp","href":"https:\/\/api.w.org\/{rel}","templated":true}]}}