{"id":9192,"date":"2023-03-30T10:29:12","date_gmt":"2023-03-30T08:29:12","guid":{"rendered":"https:\/\/www.link2fleet.com\/reseau-de-stations-hydrogene-et-bornes-de-recharge-leurope-deploie-un-plan-de-developpement\/"},"modified":"2023-03-30T10:29:12","modified_gmt":"2023-03-30T08:29:12","slug":"reseau-de-stations-hydrogene-et-bornes-de-recharge-leurope-deploie-un-plan-de-developpement","status":"publish","type":"post","link":"https:\/\/www.link2fleet.com\/fr\/reseau-de-stations-hydrogene-et-bornes-de-recharge-leurope-deploie-un-plan-de-developpement\/","title":{"rendered":"R\u00e9seau de stations hydrog\u00e8ne et bornes de recharge: l&rsquo;Europe d\u00e9ploie un plan de d\u00e9veloppement"},"content":{"rendered":"<p>En mati\u00e8re de bornes de recharge, le pr\u00e9accord pr\u00e9voit que les autoroutes du territoire europ\u00e9en disposent d&rsquo;au moins une zone \u00e9quip\u00e9e de bornes rapides de 400 kW tous les 60 km. Il s&rsquo;agit de bornes tr\u00e8s puissantes, davantage m\u00eame que celles que proposent actuellement des fournisseurs comme Fastned (300 kW) ou Ionity (350 kW). Le texte pr\u00e9voit aussi un augmentation de la puissance de ces infrastructures de recharge \u00e0 600 kW d&rsquo;ici \u00e0 2028.\u00a0Reste que la puissance du chargeur ne fait pas tout puisque le v\u00e9hicule pr\u00e9sente \u00e9galement une limite de puissance de recharge.<\/p>\n<p>L&rsquo;Europe souhaite aussi faciliter le paiement des transactions sur ces infrastructures en proposant 3 modes de paiement: la carte\/le badge de recharge, la carte bancaire classique et m\u00eame une solution de paiement sans contact via scan d&rsquo;un QR-code.<\/p>\n<p>&nbsp;<\/p>\n<p><strong>Hydrog\u00e8ne: enfin le grand d\u00e9ploiement?<\/strong><\/p>\n<p>Ce pr\u00e9accord pr\u00e9voit \u00e9galement un plan de d\u00e9veloppement de stations H2 (hydrog\u00e8ne). Notez que la Belgique ne compte par exemple actuellement que 7 stations proposant ce carburant. L&rsquo;UE souhaite que son territoire dispose d&rsquo;une station H2 tous les 200 km \u00e0 l&rsquo;horizon 2021.<\/p>\n","protected":false},"excerpt":{"rendered":"<p>En mati\u00e8re de bornes de recharge, le pr\u00e9accord pr\u00e9voit que les autoroutes du territoire europ\u00e9en disposent d&rsquo;au moins une zone \u00e9quip\u00e9e de bornes rapides de 400 kW tous les 60 km. Il s&rsquo;agit de bornes tr\u00e8s puissantes, davantage m\u00eame que celles que proposent actuellement des fournisseurs comme Fastned (300 kW) ou Ionity (350 kW). Le [&hellip;]<\/p>\n","protected":false},"author":4,"featured_media":9193,"comment_status":"closed","ping_status":"closed","sticky":false,"template":"","format":"standard","meta":{"_acf_changed":false,"footnotes":""},"categories":[81,91],"tags":[],"class_list":["post-9192","post","type-post","status-publish","format-standard","has-post-thumbnail","hentry","category-gestion-de-carburant-et-energie","category-expertise-et-management"],"acf":[],"yoast_head":"<!-- This site is optimized with the Yoast SEO plugin v27.3 - https:\/\/yoast.com\/product\/yoast-seo-wordpress\/ -->\n<title>R\u00e9seau de stations hydrog\u00e8ne et bornes de recharge: l&#039;Europe d\u00e9ploie un plan de d\u00e9veloppement - link2fleet<\/title>\n<meta name=\"description\" content=\"La transition \u00e9nerg\u00e9tique ne pourra se faire que si l&rsquo;infrastructure se d\u00e9veloppe en suffisance pour r\u00e9pondre aux besoins. Et par infrastructure, on entend \u00e9videmment les\u2026\" \/>\n<meta name=\"robots\" content=\"index, follow, max-snippet:-1, max-image-preview:large, max-video-preview:-1\" \/>\n<meta property=\"og:locale\" content=\"fr_FR\" \/>\n<meta property=\"og:type\" content=\"article\" \/>\n<meta property=\"og:title\" content=\"R\u00e9seau de stations hydrog\u00e8ne et bornes de recharge: l&#039;Europe d\u00e9ploie un plan de d\u00e9veloppement - link2fleet\" \/>\n<meta property=\"og:description\" content=\"La transition \u00e9nerg\u00e9tique ne pourra se faire que si l&rsquo;infrastructure se d\u00e9veloppe en suffisance pour r\u00e9pondre aux besoins. Et par infrastructure, on entend \u00e9videmment les\u2026\" \/>\n<meta property=\"og:url\" content=\"https:\/\/www.link2fleet.com\/fr\/reseau-de-stations-hydrogene-et-bornes-de-recharge-leurope-deploie-un-plan-de-developpement\/\" \/>\n<meta property=\"og:site_name\" content=\"link2fleet\" \/>\n<meta property=\"article:published_time\" content=\"2023-03-30T08:29:12+00:00\" \/>\n<meta property=\"og:image\" content=\"https:\/\/static.link2fleet.com\/wp-content\/uploads\/2024\/03\/img-58841.jpg\" \/>\n\t<meta property=\"og:image:width\" content=\"3264\" \/>\n\t<meta property=\"og:image:height\" content=\"2448\" \/>\n\t<meta property=\"og:image:type\" content=\"image\/jpeg\" \/>\n<meta name=\"author\" content=\"Damien Malvetti\" \/>\n<meta name=\"twitter:card\" content=\"summary_large_image\" \/>\n<meta name=\"twitter:description\" content=\"La transition \u00e9nerg\u00e9tique ne pourra se faire que si l&rsquo;infrastructure se d\u00e9veloppe en suffisance pour r\u00e9pondre aux besoins. Et par infrastructure, on entend \u00e9videmment les\u2026\" \/>\n<meta name=\"twitter:label1\" content=\"\u00c9crit par\" \/>\n\t<meta name=\"twitter:data1\" content=\"Damien Malvetti\" \/>\n\t<meta name=\"twitter:label2\" content=\"Dur\u00e9e de lecture estim\u00e9e\" \/>\n\t<meta name=\"twitter:data2\" content=\"1 minute\" \/>\n<script type=\"application\/ld+json\" class=\"yoast-schema-graph\">{\"@context\":\"https:\\\/\\\/schema.org\",\"@graph\":[{\"@type\":\"Article\",\"@id\":\"https:\\\/\\\/www.link2fleet.com\\\/fr\\\/reseau-de-stations-hydrogene-et-bornes-de-recharge-leurope-deploie-un-plan-de-developpement\\\/#article\",\"isPartOf\":{\"@id\":\"https:\\\/\\\/www.link2fleet.com\\\/fr\\\/reseau-de-stations-hydrogene-et-bornes-de-recharge-leurope-deploie-un-plan-de-developpement\\\/\"},\"author\":{\"name\":\"Damien Malvetti\",\"@id\":\"https:\\\/\\\/www.link2fleet.com\\\/fr\\\/#\\\/schema\\\/person\\\/027cd46113c78036b3809c9a054049da\"},\"headline\":\"R\u00e9seau de stations hydrog\u00e8ne et bornes de recharge: l&rsquo;Europe d\u00e9ploie un plan de d\u00e9veloppement\",\"datePublished\":\"2023-03-30T08:29:12+00:00\",\"mainEntityOfPage\":{\"@id\":\"https:\\\/\\\/www.link2fleet.com\\\/fr\\\/reseau-de-stations-hydrogene-et-bornes-de-recharge-leurope-deploie-un-plan-de-developpement\\\/\"},\"wordCount\":214,\"publisher\":{\"@id\":\"https:\\\/\\\/www.link2fleet.com\\\/fr\\\/#organization\"},\"image\":{\"@id\":\"https:\\\/\\\/www.link2fleet.com\\\/fr\\\/reseau-de-stations-hydrogene-et-bornes-de-recharge-leurope-deploie-un-plan-de-developpement\\\/#primaryimage\"},\"thumbnailUrl\":\"https:\\\/\\\/static.link2fleet.com\\\/wp-content\\\/uploads\\\/2024\\\/03\\\/img-58841.jpg\",\"articleSection\":[\"Gestion carburant et de l'\u00e9nergie\",\"Gestion de flotte\"],\"inLanguage\":\"fr-FR\"},{\"@type\":\"WebPage\",\"@id\":\"https:\\\/\\\/www.link2fleet.com\\\/fr\\\/reseau-de-stations-hydrogene-et-bornes-de-recharge-leurope-deploie-un-plan-de-developpement\\\/\",\"url\":\"https:\\\/\\\/www.link2fleet.com\\\/fr\\\/reseau-de-stations-hydrogene-et-bornes-de-recharge-leurope-deploie-un-plan-de-developpement\\\/\",\"name\":\"R\u00e9seau de stations hydrog\u00e8ne et bornes de recharge: l'Europe d\u00e9ploie un plan de d\u00e9veloppement - link2fleet\",\"isPartOf\":{\"@id\":\"https:\\\/\\\/www.link2fleet.com\\\/fr\\\/#website\"},\"primaryImageOfPage\":{\"@id\":\"https:\\\/\\\/www.link2fleet.com\\\/fr\\\/reseau-de-stations-hydrogene-et-bornes-de-recharge-leurope-deploie-un-plan-de-developpement\\\/#primaryimage\"},\"image\":{\"@id\":\"https:\\\/\\\/www.link2fleet.com\\\/fr\\\/reseau-de-stations-hydrogene-et-bornes-de-recharge-leurope-deploie-un-plan-de-developpement\\\/#primaryimage\"},\"thumbnailUrl\":\"https:\\\/\\\/static.link2fleet.com\\\/wp-content\\\/uploads\\\/2024\\\/03\\\/img-58841.jpg\",\"datePublished\":\"2023-03-30T08:29:12+00:00\",\"breadcrumb\":{\"@id\":\"https:\\\/\\\/www.link2fleet.com\\\/fr\\\/reseau-de-stations-hydrogene-et-bornes-de-recharge-leurope-deploie-un-plan-de-developpement\\\/#breadcrumb\"},\"inLanguage\":\"fr-FR\",\"potentialAction\":[{\"@type\":\"ReadAction\",\"target\":[\"https:\\\/\\\/www.link2fleet.com\\\/fr\\\/reseau-de-stations-hydrogene-et-bornes-de-recharge-leurope-deploie-un-plan-de-developpement\\\/\"]}]},{\"@type\":\"ImageObject\",\"inLanguage\":\"fr-FR\",\"@id\":\"https:\\\/\\\/www.link2fleet.com\\\/fr\\\/reseau-de-stations-hydrogene-et-bornes-de-recharge-leurope-deploie-un-plan-de-developpement\\\/#primaryimage\",\"url\":\"https:\\\/\\\/static.link2fleet.com\\\/wp-content\\\/uploads\\\/2024\\\/03\\\/img-58841.jpg\",\"contentUrl\":\"https:\\\/\\\/static.link2fleet.com\\\/wp-content\\\/uploads\\\/2024\\\/03\\\/img-58841.jpg\",\"width\":3264,\"height\":2448},{\"@type\":\"BreadcrumbList\",\"@id\":\"https:\\\/\\\/www.link2fleet.com\\\/fr\\\/reseau-de-stations-hydrogene-et-bornes-de-recharge-leurope-deploie-un-plan-de-developpement\\\/#breadcrumb\",\"itemListElement\":[{\"@type\":\"ListItem\",\"position\":1,\"name\":\"Home\",\"item\":\"https:\\\/\\\/www.link2fleet.com\\\/fr\\\/\"},{\"@type\":\"ListItem\",\"position\":2,\"name\":\"R\u00e9seau de stations hydrog\u00e8ne et bornes de recharge: l&#8217;Europe d\u00e9ploie un plan de d\u00e9veloppement\"}]},{\"@type\":\"WebSite\",\"@id\":\"https:\\\/\\\/www.link2fleet.com\\\/fr\\\/#website\",\"url\":\"https:\\\/\\\/www.link2fleet.com\\\/fr\\\/\",\"name\":\"Link2fleet\",\"description\":\"\",\"publisher\":{\"@id\":\"https:\\\/\\\/www.link2fleet.com\\\/fr\\\/#organization\"},\"potentialAction\":[{\"@type\":\"SearchAction\",\"target\":{\"@type\":\"EntryPoint\",\"urlTemplate\":\"https:\\\/\\\/www.link2fleet.com\\\/fr\\\/?s={search_term_string}\"},\"query-input\":{\"@type\":\"PropertyValueSpecification\",\"valueRequired\":true,\"valueName\":\"search_term_string\"}}],\"inLanguage\":\"fr-FR\"},{\"@type\":\"Organization\",\"@id\":\"https:\\\/\\\/www.link2fleet.com\\\/fr\\\/#organization\",\"name\":\"Link2fleet\",\"url\":\"https:\\\/\\\/www.link2fleet.com\\\/fr\\\/\",\"logo\":{\"@type\":\"ImageObject\",\"inLanguage\":\"fr-FR\",\"@id\":\"https:\\\/\\\/www.link2fleet.com\\\/fr\\\/#\\\/schema\\\/logo\\\/image\\\/\",\"url\":\"https:\\\/\\\/static.link2fleet.com\\\/wp-content\\\/uploads\\\/2024\\\/03\\\/share-image.jpg\",\"contentUrl\":\"https:\\\/\\\/static.link2fleet.com\\\/wp-content\\\/uploads\\\/2024\\\/03\\\/share-image.jpg\",\"width\":1200,\"height\":630,\"caption\":\"Link2fleet\"},\"image\":{\"@id\":\"https:\\\/\\\/www.link2fleet.com\\\/fr\\\/#\\\/schema\\\/logo\\\/image\\\/\"},\"sameAs\":[\"https:\\\/\\\/www.linkedin.com\\\/company\\\/link2fleet-belgium\",\"https:\\\/\\\/www.youtube.com\\\/user\\\/MMMBMBE\"]},{\"@type\":\"Person\",\"@id\":\"https:\\\/\\\/www.link2fleet.com\\\/fr\\\/#\\\/schema\\\/person\\\/027cd46113c78036b3809c9a054049da\",\"name\":\"Damien Malvetti\",\"image\":{\"@type\":\"ImageObject\",\"inLanguage\":\"fr-FR\",\"@id\":\"https:\\\/\\\/secure.gravatar.com\\\/avatar\\\/dd8cc03b49466c735f753ac37f8caa371af16dfed347456ed61f02883255eebb?s=96&d=mm&r=g\",\"url\":\"https:\\\/\\\/secure.gravatar.com\\\/avatar\\\/dd8cc03b49466c735f753ac37f8caa371af16dfed347456ed61f02883255eebb?s=96&d=mm&r=g\",\"contentUrl\":\"https:\\\/\\\/secure.gravatar.com\\\/avatar\\\/dd8cc03b49466c735f753ac37f8caa371af16dfed347456ed61f02883255eebb?s=96&d=mm&r=g\",\"caption\":\"Damien Malvetti\"},\"description\":\"Damien Malvetti is opgeleid als journalist en gepassioneerd door wagens, technologie en mobiliteit. Hij is verantwoordelijk voor de redactionele inhoud van link2fleet en beschikt over een uitgebreide kennis van de fleet-sector en elektrische mobiliteit.\",\"sameAs\":[\"https:\\\/\\\/www.linkedin.com\\\/in\\\/damien-malvetti-56601142\\\/\"]}]}<\/script>\n<!-- \/ Yoast SEO plugin. -->","yoast_head_json":{"title":"R\u00e9seau de stations hydrog\u00e8ne et bornes de recharge: l'Europe d\u00e9ploie un plan de d\u00e9veloppement - link2fleet","description":"La transition \u00e9nerg\u00e9tique ne pourra se faire que si l&rsquo;infrastructure se d\u00e9veloppe en suffisance pour r\u00e9pondre aux besoins. Et par infrastructure, on entend \u00e9videmment les\u2026","robots":{"index":"index","follow":"follow","max-snippet":"max-snippet:-1","max-image-preview":"max-image-preview:large","max-video-preview":"max-video-preview:-1"},"og_locale":"fr_FR","og_type":"article","og_title":"R\u00e9seau de stations hydrog\u00e8ne et bornes de recharge: l'Europe d\u00e9ploie un plan de d\u00e9veloppement - link2fleet","og_description":"La transition \u00e9nerg\u00e9tique ne pourra se faire que si l&rsquo;infrastructure se d\u00e9veloppe en suffisance pour r\u00e9pondre aux besoins. Et par infrastructure, on entend \u00e9videmment les\u2026","og_url":"https:\/\/www.link2fleet.com\/fr\/reseau-de-stations-hydrogene-et-bornes-de-recharge-leurope-deploie-un-plan-de-developpement\/","og_site_name":"link2fleet","article_published_time":"2023-03-30T08:29:12+00:00","og_image":[{"width":3264,"height":2448,"url":"https:\/\/static.link2fleet.com\/wp-content\/uploads\/2024\/03\/img-58841.jpg","type":"image\/jpeg"}],"author":"Damien Malvetti","twitter_card":"summary_large_image","twitter_description":"La transition \u00e9nerg\u00e9tique ne pourra se faire que si l&rsquo;infrastructure se d\u00e9veloppe en suffisance pour r\u00e9pondre aux besoins. Et par infrastructure, on entend \u00e9videmment les\u2026","twitter_misc":{"\u00c9crit par":"Damien Malvetti","Dur\u00e9e de lecture estim\u00e9e":"1 minute"},"schema":{"@context":"https:\/\/schema.org","@graph":[{"@type":"Article","@id":"https:\/\/www.link2fleet.com\/fr\/reseau-de-stations-hydrogene-et-bornes-de-recharge-leurope-deploie-un-plan-de-developpement\/#article","isPartOf":{"@id":"https:\/\/www.link2fleet.com\/fr\/reseau-de-stations-hydrogene-et-bornes-de-recharge-leurope-deploie-un-plan-de-developpement\/"},"author":{"name":"Damien Malvetti","@id":"https:\/\/www.link2fleet.com\/fr\/#\/schema\/person\/027cd46113c78036b3809c9a054049da"},"headline":"R\u00e9seau de stations hydrog\u00e8ne et bornes de recharge: l&rsquo;Europe d\u00e9ploie un plan de d\u00e9veloppement","datePublished":"2023-03-30T08:29:12+00:00","mainEntityOfPage":{"@id":"https:\/\/www.link2fleet.com\/fr\/reseau-de-stations-hydrogene-et-bornes-de-recharge-leurope-deploie-un-plan-de-developpement\/"},"wordCount":214,"publisher":{"@id":"https:\/\/www.link2fleet.com\/fr\/#organization"},"image":{"@id":"https:\/\/www.link2fleet.com\/fr\/reseau-de-stations-hydrogene-et-bornes-de-recharge-leurope-deploie-un-plan-de-developpement\/#primaryimage"},"thumbnailUrl":"https:\/\/static.link2fleet.com\/wp-content\/uploads\/2024\/03\/img-58841.jpg","articleSection":["Gestion carburant et de l'\u00e9nergie","Gestion de flotte"],"inLanguage":"fr-FR"},{"@type":"WebPage","@id":"https:\/\/www.link2fleet.com\/fr\/reseau-de-stations-hydrogene-et-bornes-de-recharge-leurope-deploie-un-plan-de-developpement\/","url":"https:\/\/www.link2fleet.com\/fr\/reseau-de-stations-hydrogene-et-bornes-de-recharge-leurope-deploie-un-plan-de-developpement\/","name":"R\u00e9seau de stations hydrog\u00e8ne et bornes de recharge: l'Europe d\u00e9ploie un plan de d\u00e9veloppement - link2fleet","isPartOf":{"@id":"https:\/\/www.link2fleet.com\/fr\/#website"},"primaryImageOfPage":{"@id":"https:\/\/www.link2fleet.com\/fr\/reseau-de-stations-hydrogene-et-bornes-de-recharge-leurope-deploie-un-plan-de-developpement\/#primaryimage"},"image":{"@id":"https:\/\/www.link2fleet.com\/fr\/reseau-de-stations-hydrogene-et-bornes-de-recharge-leurope-deploie-un-plan-de-developpement\/#primaryimage"},"thumbnailUrl":"https:\/\/static.link2fleet.com\/wp-content\/uploads\/2024\/03\/img-58841.jpg","datePublished":"2023-03-30T08:29:12+00:00","breadcrumb":{"@id":"https:\/\/www.link2fleet.com\/fr\/reseau-de-stations-hydrogene-et-bornes-de-recharge-leurope-deploie-un-plan-de-developpement\/#breadcrumb"},"inLanguage":"fr-FR","potentialAction":[{"@type":"ReadAction","target":["https:\/\/www.link2fleet.com\/fr\/reseau-de-stations-hydrogene-et-bornes-de-recharge-leurope-deploie-un-plan-de-developpement\/"]}]},{"@type":"ImageObject","inLanguage":"fr-FR","@id":"https:\/\/www.link2fleet.com\/fr\/reseau-de-stations-hydrogene-et-bornes-de-recharge-leurope-deploie-un-plan-de-developpement\/#primaryimage","url":"https:\/\/static.link2fleet.com\/wp-content\/uploads\/2024\/03\/img-58841.jpg","contentUrl":"https:\/\/static.link2fleet.com\/wp-content\/uploads\/2024\/03\/img-58841.jpg","width":3264,"height":2448},{"@type":"BreadcrumbList","@id":"https:\/\/www.link2fleet.com\/fr\/reseau-de-stations-hydrogene-et-bornes-de-recharge-leurope-deploie-un-plan-de-developpement\/#breadcrumb","itemListElement":[{"@type":"ListItem","position":1,"name":"Home","item":"https:\/\/www.link2fleet.com\/fr\/"},{"@type":"ListItem","position":2,"name":"R\u00e9seau de stations hydrog\u00e8ne et bornes de recharge: l&#8217;Europe d\u00e9ploie un plan de d\u00e9veloppement"}]},{"@type":"WebSite","@id":"https:\/\/www.link2fleet.com\/fr\/#website","url":"https:\/\/www.link2fleet.com\/fr\/","name":"Link2fleet","description":"","publisher":{"@id":"https:\/\/www.link2fleet.com\/fr\/#organization"},"potentialAction":[{"@type":"SearchAction","target":{"@type":"EntryPoint","urlTemplate":"https:\/\/www.link2fleet.com\/fr\/?s={search_term_string}"},"query-input":{"@type":"PropertyValueSpecification","valueRequired":true,"valueName":"search_term_string"}}],"inLanguage":"fr-FR"},{"@type":"Organization","@id":"https:\/\/www.link2fleet.com\/fr\/#organization","name":"Link2fleet","url":"https:\/\/www.link2fleet.com\/fr\/","logo":{"@type":"ImageObject","inLanguage":"fr-FR","@id":"https:\/\/www.link2fleet.com\/fr\/#\/schema\/logo\/image\/","url":"https:\/\/static.link2fleet.com\/wp-content\/uploads\/2024\/03\/share-image.jpg","contentUrl":"https:\/\/static.link2fleet.com\/wp-content\/uploads\/2024\/03\/share-image.jpg","width":1200,"height":630,"caption":"Link2fleet"},"image":{"@id":"https:\/\/www.link2fleet.com\/fr\/#\/schema\/logo\/image\/"},"sameAs":["https:\/\/www.linkedin.com\/company\/link2fleet-belgium","https:\/\/www.youtube.com\/user\/MMMBMBE"]},{"@type":"Person","@id":"https:\/\/www.link2fleet.com\/fr\/#\/schema\/person\/027cd46113c78036b3809c9a054049da","name":"Damien Malvetti","image":{"@type":"ImageObject","inLanguage":"fr-FR","@id":"https:\/\/secure.gravatar.com\/avatar\/dd8cc03b49466c735f753ac37f8caa371af16dfed347456ed61f02883255eebb?s=96&d=mm&r=g","url":"https:\/\/secure.gravatar.com\/avatar\/dd8cc03b49466c735f753ac37f8caa371af16dfed347456ed61f02883255eebb?s=96&d=mm&r=g","contentUrl":"https:\/\/secure.gravatar.com\/avatar\/dd8cc03b49466c735f753ac37f8caa371af16dfed347456ed61f02883255eebb?s=96&d=mm&r=g","caption":"Damien Malvetti"},"description":"Damien Malvetti is opgeleid als journalist en gepassioneerd door wagens, technologie en mobiliteit. Hij is verantwoordelijk voor de redactionele inhoud van link2fleet en beschikt over een uitgebreide kennis van de fleet-sector en elektrische mobiliteit.","sameAs":["https:\/\/www.linkedin.com\/in\/damien-malvetti-56601142\/"]}]}},"_links":{"self":[{"href":"https:\/\/www.link2fleet.com\/fr\/wp-json\/wp\/v2\/posts\/9192","targetHints":{"allow":["GET"]}}],"collection":[{"href":"https:\/\/www.link2fleet.com\/fr\/wp-json\/wp\/v2\/posts"}],"about":[{"href":"https:\/\/www.link2fleet.com\/fr\/wp-json\/wp\/v2\/types\/post"}],"author":[{"embeddable":true,"href":"https:\/\/www.link2fleet.com\/fr\/wp-json\/wp\/v2\/users\/4"}],"replies":[{"embeddable":true,"href":"https:\/\/www.link2fleet.com\/fr\/wp-json\/wp\/v2\/comments?post=9192"}],"version-history":[{"count":0,"href":"https:\/\/www.link2fleet.com\/fr\/wp-json\/wp\/v2\/posts\/9192\/revisions"}],"wp:featuredmedia":[{"embeddable":true,"href":"https:\/\/www.link2fleet.com\/fr\/wp-json\/wp\/v2\/media\/9193"}],"wp:attachment":[{"href":"https:\/\/www.link2fleet.com\/fr\/wp-json\/wp\/v2\/media?parent=9192"}],"wp:term":[{"taxonomy":"category","embeddable":true,"href":"https:\/\/www.link2fleet.com\/fr\/wp-json\/wp\/v2\/categories?post=9192"},{"taxonomy":"post_tag","embeddable":true,"href":"https:\/\/www.link2fleet.com\/fr\/wp-json\/wp\/v2\/tags?post=9192"}],"curies":[{"name":"wp","href":"https:\/\/api.w.org\/{rel}","templated":true}]}}