{"id":92083,"date":"2026-04-29T08:20:19","date_gmt":"2026-04-29T06:20:19","guid":{"rendered":"https:\/\/www.link2fleet.com\/?p=92083"},"modified":"2026-04-29T10:37:44","modified_gmt":"2026-04-29T08:37:44","slug":"smart-2-concept-smart-revient-a-lessentiel-et-redefinit-sa-vision-de-la-mobilite-urbaine","status":"publish","type":"post","link":"https:\/\/www.link2fleet.com\/fr\/smart-2-concept-smart-revient-a-lessentiel-et-redefinit-sa-vision-de-la-mobilite-urbaine\/","title":{"rendered":"smart #2 concept : smart revient \u00e0 l\u2019essentiel et red\u00e9finit sa vision de la mobilit\u00e9 urbaine"},"content":{"rendered":"","protected":false},"excerpt":{"rendered":"","protected":false},"author":4,"featured_media":92084,"comment_status":"closed","ping_status":"closed","sticky":false,"template":"","format":"standard","meta":{"_acf_changed":false,"footnotes":""},"categories":[1448,77,76],"tags":[2087,205,375],"class_list":["post-92083","post","type-post","status-publish","format-standard","has-post-thumbnail","hentry","category-a-la-une","category-importateurs-et-constructeurs-automobiles-vp","category-car","tag-2087","tag-citadine","tag-smart"],"acf":[],"yoast_head":"<!-- This site is optimized with the Yoast SEO plugin v27.3 - https:\/\/yoast.com\/product\/yoast-seo-wordpress\/ -->\n<title>smart #2 concept : smart revient \u00e0 l\u2019essentiel et red\u00e9finit sa vision de la mobilit\u00e9 urbaine - link2fleet<\/title>\n<meta name=\"description\" content=\"smart poursuit sa transformation et envoie un signal clair avec le Concept #2. Plus qu\u2019un simple exercice de style, ce futur mod\u00e8le annonce le retour\u2026\" \/>\n<meta name=\"robots\" content=\"index, follow, max-snippet:-1, max-image-preview:large, max-video-preview:-1\" \/>\n<meta property=\"og:locale\" content=\"fr_FR\" \/>\n<meta property=\"og:type\" content=\"article\" \/>\n<meta property=\"og:title\" content=\"smart #2 concept : smart revient \u00e0 l\u2019essentiel et red\u00e9finit sa vision de la mobilit\u00e9 urbaine - link2fleet\" \/>\n<meta property=\"og:description\" content=\"smart poursuit sa transformation et envoie un signal clair avec le Concept #2. Plus qu\u2019un simple exercice de style, ce futur mod\u00e8le annonce le retour\u2026\" \/>\n<meta property=\"og:url\" content=\"https:\/\/www.link2fleet.com\/fr\/smart-2-concept-smart-revient-a-lessentiel-et-redefinit-sa-vision-de-la-mobilite-urbaine\/\" \/>\n<meta property=\"og:site_name\" content=\"link2fleet\" \/>\n<meta property=\"article:published_time\" content=\"2026-04-29T06:20:19+00:00\" \/>\n<meta property=\"article:modified_time\" content=\"2026-04-29T08:37:44+00:00\" \/>\n<meta property=\"og:image\" content=\"https:\/\/static.link2fleet.com\/wp-content\/uploads\/2026\/04\/smart-hashtag2.jpeg\" \/>\n\t<meta property=\"og:image:width\" content=\"1666\" \/>\n\t<meta property=\"og:image:height\" content=\"1294\" \/>\n\t<meta property=\"og:image:type\" content=\"image\/jpeg\" \/>\n<meta name=\"author\" content=\"Damien Malvetti\" \/>\n<meta name=\"twitter:card\" content=\"summary_large_image\" \/>\n<meta name=\"twitter:description\" content=\"smart poursuit sa transformation et envoie un signal clair avec le Concept #2. Plus qu\u2019un simple exercice de style, ce futur mod\u00e8le annonce le retour\u2026\" \/>\n<meta name=\"twitter:label1\" content=\"\u00c9crit par\" \/>\n\t<meta name=\"twitter:data1\" content=\"Damien Malvetti\" \/>\n\t<meta name=\"twitter:label2\" content=\"Dur\u00e9e de lecture estim\u00e9e\" \/>\n\t<meta name=\"twitter:data2\" content=\"9 minutes\" \/>\n<script type=\"application\/ld+json\" class=\"yoast-schema-graph\">{\"@context\":\"https:\\\/\\\/schema.org\",\"@graph\":[{\"@type\":\"Article\",\"@id\":\"https:\\\/\\\/www.link2fleet.com\\\/fr\\\/smart-2-concept-smart-revient-a-lessentiel-et-redefinit-sa-vision-de-la-mobilite-urbaine\\\/#article\",\"isPartOf\":{\"@id\":\"https:\\\/\\\/www.link2fleet.com\\\/fr\\\/smart-2-concept-smart-revient-a-lessentiel-et-redefinit-sa-vision-de-la-mobilite-urbaine\\\/\"},\"author\":{\"name\":\"Damien Malvetti\",\"@id\":\"https:\\\/\\\/www.link2fleet.com\\\/fr\\\/#\\\/schema\\\/person\\\/027cd46113c78036b3809c9a054049da\"},\"headline\":\"smart #2 concept : smart revient \u00e0 l\u2019essentiel et red\u00e9finit sa vision de la mobilit\u00e9 urbaine\",\"datePublished\":\"2026-04-29T06:20:19+00:00\",\"dateModified\":\"2026-04-29T08:37:44+00:00\",\"mainEntityOfPage\":{\"@id\":\"https:\\\/\\\/www.link2fleet.com\\\/fr\\\/smart-2-concept-smart-revient-a-lessentiel-et-redefinit-sa-vision-de-la-mobilite-urbaine\\\/\"},\"wordCount\":15,\"publisher\":{\"@id\":\"https:\\\/\\\/www.link2fleet.com\\\/fr\\\/#organization\"},\"image\":{\"@id\":\"https:\\\/\\\/www.link2fleet.com\\\/fr\\\/smart-2-concept-smart-revient-a-lessentiel-et-redefinit-sa-vision-de-la-mobilite-urbaine\\\/#primaryimage\"},\"thumbnailUrl\":\"https:\\\/\\\/static.link2fleet.com\\\/wp-content\\\/uploads\\\/2026\\\/04\\\/smart-hashtag2.jpeg\",\"keywords\":[\"#2\",\"citadine\",\"smart\"],\"articleSection\":[\"A la une\",\"Importateurs et constructeurs\",\"V\u00e9hicules\"],\"inLanguage\":\"fr-FR\"},{\"@type\":\"WebPage\",\"@id\":\"https:\\\/\\\/www.link2fleet.com\\\/fr\\\/smart-2-concept-smart-revient-a-lessentiel-et-redefinit-sa-vision-de-la-mobilite-urbaine\\\/\",\"url\":\"https:\\\/\\\/www.link2fleet.com\\\/fr\\\/smart-2-concept-smart-revient-a-lessentiel-et-redefinit-sa-vision-de-la-mobilite-urbaine\\\/\",\"name\":\"smart #2 concept : smart revient \u00e0 l\u2019essentiel et red\u00e9finit sa vision de la mobilit\u00e9 urbaine - link2fleet\",\"isPartOf\":{\"@id\":\"https:\\\/\\\/www.link2fleet.com\\\/fr\\\/#website\"},\"primaryImageOfPage\":{\"@id\":\"https:\\\/\\\/www.link2fleet.com\\\/fr\\\/smart-2-concept-smart-revient-a-lessentiel-et-redefinit-sa-vision-de-la-mobilite-urbaine\\\/#primaryimage\"},\"image\":{\"@id\":\"https:\\\/\\\/www.link2fleet.com\\\/fr\\\/smart-2-concept-smart-revient-a-lessentiel-et-redefinit-sa-vision-de-la-mobilite-urbaine\\\/#primaryimage\"},\"thumbnailUrl\":\"https:\\\/\\\/static.link2fleet.com\\\/wp-content\\\/uploads\\\/2026\\\/04\\\/smart-hashtag2.jpeg\",\"datePublished\":\"2026-04-29T06:20:19+00:00\",\"dateModified\":\"2026-04-29T08:37:44+00:00\",\"breadcrumb\":{\"@id\":\"https:\\\/\\\/www.link2fleet.com\\\/fr\\\/smart-2-concept-smart-revient-a-lessentiel-et-redefinit-sa-vision-de-la-mobilite-urbaine\\\/#breadcrumb\"},\"inLanguage\":\"fr-FR\",\"potentialAction\":[{\"@type\":\"ReadAction\",\"target\":[\"https:\\\/\\\/www.link2fleet.com\\\/fr\\\/smart-2-concept-smart-revient-a-lessentiel-et-redefinit-sa-vision-de-la-mobilite-urbaine\\\/\"]}]},{\"@type\":\"ImageObject\",\"inLanguage\":\"fr-FR\",\"@id\":\"https:\\\/\\\/www.link2fleet.com\\\/fr\\\/smart-2-concept-smart-revient-a-lessentiel-et-redefinit-sa-vision-de-la-mobilite-urbaine\\\/#primaryimage\",\"url\":\"https:\\\/\\\/static.link2fleet.com\\\/wp-content\\\/uploads\\\/2026\\\/04\\\/smart-hashtag2.jpeg\",\"contentUrl\":\"https:\\\/\\\/static.link2fleet.com\\\/wp-content\\\/uploads\\\/2026\\\/04\\\/smart-hashtag2.jpeg\",\"width\":1666,\"height\":1294},{\"@type\":\"BreadcrumbList\",\"@id\":\"https:\\\/\\\/www.link2fleet.com\\\/fr\\\/smart-2-concept-smart-revient-a-lessentiel-et-redefinit-sa-vision-de-la-mobilite-urbaine\\\/#breadcrumb\",\"itemListElement\":[{\"@type\":\"ListItem\",\"position\":1,\"name\":\"Home\",\"item\":\"https:\\\/\\\/www.link2fleet.com\\\/fr\\\/\"},{\"@type\":\"ListItem\",\"position\":2,\"name\":\"smart #2 concept : smart revient \u00e0 l\u2019essentiel et red\u00e9finit sa vision de la mobilit\u00e9 urbaine\"}]},{\"@type\":\"WebSite\",\"@id\":\"https:\\\/\\\/www.link2fleet.com\\\/fr\\\/#website\",\"url\":\"https:\\\/\\\/www.link2fleet.com\\\/fr\\\/\",\"name\":\"Link2fleet\",\"description\":\"\",\"publisher\":{\"@id\":\"https:\\\/\\\/www.link2fleet.com\\\/fr\\\/#organization\"},\"potentialAction\":[{\"@type\":\"SearchAction\",\"target\":{\"@type\":\"EntryPoint\",\"urlTemplate\":\"https:\\\/\\\/www.link2fleet.com\\\/fr\\\/?s={search_term_string}\"},\"query-input\":{\"@type\":\"PropertyValueSpecification\",\"valueRequired\":true,\"valueName\":\"search_term_string\"}}],\"inLanguage\":\"fr-FR\"},{\"@type\":\"Organization\",\"@id\":\"https:\\\/\\\/www.link2fleet.com\\\/fr\\\/#organization\",\"name\":\"Link2fleet\",\"url\":\"https:\\\/\\\/www.link2fleet.com\\\/fr\\\/\",\"logo\":{\"@type\":\"ImageObject\",\"inLanguage\":\"fr-FR\",\"@id\":\"https:\\\/\\\/www.link2fleet.com\\\/fr\\\/#\\\/schema\\\/logo\\\/image\\\/\",\"url\":\"https:\\\/\\\/static.link2fleet.com\\\/wp-content\\\/uploads\\\/2024\\\/03\\\/share-image.jpg\",\"contentUrl\":\"https:\\\/\\\/static.link2fleet.com\\\/wp-content\\\/uploads\\\/2024\\\/03\\\/share-image.jpg\",\"width\":1200,\"height\":630,\"caption\":\"Link2fleet\"},\"image\":{\"@id\":\"https:\\\/\\\/www.link2fleet.com\\\/fr\\\/#\\\/schema\\\/logo\\\/image\\\/\"},\"sameAs\":[\"https:\\\/\\\/www.linkedin.com\\\/company\\\/link2fleet-belgium\",\"https:\\\/\\\/www.youtube.com\\\/user\\\/MMMBMBE\"]},{\"@type\":\"Person\",\"@id\":\"https:\\\/\\\/www.link2fleet.com\\\/fr\\\/#\\\/schema\\\/person\\\/027cd46113c78036b3809c9a054049da\",\"name\":\"Damien Malvetti\",\"image\":{\"@type\":\"ImageObject\",\"inLanguage\":\"fr-FR\",\"@id\":\"https:\\\/\\\/secure.gravatar.com\\\/avatar\\\/dd8cc03b49466c735f753ac37f8caa371af16dfed347456ed61f02883255eebb?s=96&d=mm&r=g\",\"url\":\"https:\\\/\\\/secure.gravatar.com\\\/avatar\\\/dd8cc03b49466c735f753ac37f8caa371af16dfed347456ed61f02883255eebb?s=96&d=mm&r=g\",\"contentUrl\":\"https:\\\/\\\/secure.gravatar.com\\\/avatar\\\/dd8cc03b49466c735f753ac37f8caa371af16dfed347456ed61f02883255eebb?s=96&d=mm&r=g\",\"caption\":\"Damien Malvetti\"},\"description\":\"Damien Malvetti is opgeleid als journalist en gepassioneerd door wagens, technologie en mobiliteit. Hij is verantwoordelijk voor de redactionele inhoud van link2fleet en beschikt over een uitgebreide kennis van de fleet-sector en elektrische mobiliteit.\",\"sameAs\":[\"https:\\\/\\\/www.linkedin.com\\\/in\\\/damien-malvetti-56601142\\\/\"]}]}<\/script>\n<!-- \/ Yoast SEO plugin. -->","yoast_head_json":{"title":"smart #2 concept : smart revient \u00e0 l\u2019essentiel et red\u00e9finit sa vision de la mobilit\u00e9 urbaine - link2fleet","description":"smart poursuit sa transformation et envoie un signal clair avec le Concept #2. Plus qu\u2019un simple exercice de style, ce futur mod\u00e8le annonce le retour\u2026","robots":{"index":"index","follow":"follow","max-snippet":"max-snippet:-1","max-image-preview":"max-image-preview:large","max-video-preview":"max-video-preview:-1"},"og_locale":"fr_FR","og_type":"article","og_title":"smart #2 concept : smart revient \u00e0 l\u2019essentiel et red\u00e9finit sa vision de la mobilit\u00e9 urbaine - link2fleet","og_description":"smart poursuit sa transformation et envoie un signal clair avec le Concept #2. Plus qu\u2019un simple exercice de style, ce futur mod\u00e8le annonce le retour\u2026","og_url":"https:\/\/www.link2fleet.com\/fr\/smart-2-concept-smart-revient-a-lessentiel-et-redefinit-sa-vision-de-la-mobilite-urbaine\/","og_site_name":"link2fleet","article_published_time":"2026-04-29T06:20:19+00:00","article_modified_time":"2026-04-29T08:37:44+00:00","og_image":[{"width":1666,"height":1294,"url":"https:\/\/static.link2fleet.com\/wp-content\/uploads\/2026\/04\/smart-hashtag2.jpeg","type":"image\/jpeg"}],"author":"Damien Malvetti","twitter_card":"summary_large_image","twitter_description":"smart poursuit sa transformation et envoie un signal clair avec le Concept #2. Plus qu\u2019un simple exercice de style, ce futur mod\u00e8le annonce le retour\u2026","twitter_misc":{"\u00c9crit par":"Damien Malvetti","Dur\u00e9e de lecture estim\u00e9e":"9 minutes"},"schema":{"@context":"https:\/\/schema.org","@graph":[{"@type":"Article","@id":"https:\/\/www.link2fleet.com\/fr\/smart-2-concept-smart-revient-a-lessentiel-et-redefinit-sa-vision-de-la-mobilite-urbaine\/#article","isPartOf":{"@id":"https:\/\/www.link2fleet.com\/fr\/smart-2-concept-smart-revient-a-lessentiel-et-redefinit-sa-vision-de-la-mobilite-urbaine\/"},"author":{"name":"Damien Malvetti","@id":"https:\/\/www.link2fleet.com\/fr\/#\/schema\/person\/027cd46113c78036b3809c9a054049da"},"headline":"smart #2 concept : smart revient \u00e0 l\u2019essentiel et red\u00e9finit sa vision de la mobilit\u00e9 urbaine","datePublished":"2026-04-29T06:20:19+00:00","dateModified":"2026-04-29T08:37:44+00:00","mainEntityOfPage":{"@id":"https:\/\/www.link2fleet.com\/fr\/smart-2-concept-smart-revient-a-lessentiel-et-redefinit-sa-vision-de-la-mobilite-urbaine\/"},"wordCount":15,"publisher":{"@id":"https:\/\/www.link2fleet.com\/fr\/#organization"},"image":{"@id":"https:\/\/www.link2fleet.com\/fr\/smart-2-concept-smart-revient-a-lessentiel-et-redefinit-sa-vision-de-la-mobilite-urbaine\/#primaryimage"},"thumbnailUrl":"https:\/\/static.link2fleet.com\/wp-content\/uploads\/2026\/04\/smart-hashtag2.jpeg","keywords":["#2","citadine","smart"],"articleSection":["A la une","Importateurs et constructeurs","V\u00e9hicules"],"inLanguage":"fr-FR"},{"@type":"WebPage","@id":"https:\/\/www.link2fleet.com\/fr\/smart-2-concept-smart-revient-a-lessentiel-et-redefinit-sa-vision-de-la-mobilite-urbaine\/","url":"https:\/\/www.link2fleet.com\/fr\/smart-2-concept-smart-revient-a-lessentiel-et-redefinit-sa-vision-de-la-mobilite-urbaine\/","name":"smart #2 concept : smart revient \u00e0 l\u2019essentiel et red\u00e9finit sa vision de la mobilit\u00e9 urbaine - link2fleet","isPartOf":{"@id":"https:\/\/www.link2fleet.com\/fr\/#website"},"primaryImageOfPage":{"@id":"https:\/\/www.link2fleet.com\/fr\/smart-2-concept-smart-revient-a-lessentiel-et-redefinit-sa-vision-de-la-mobilite-urbaine\/#primaryimage"},"image":{"@id":"https:\/\/www.link2fleet.com\/fr\/smart-2-concept-smart-revient-a-lessentiel-et-redefinit-sa-vision-de-la-mobilite-urbaine\/#primaryimage"},"thumbnailUrl":"https:\/\/static.link2fleet.com\/wp-content\/uploads\/2026\/04\/smart-hashtag2.jpeg","datePublished":"2026-04-29T06:20:19+00:00","dateModified":"2026-04-29T08:37:44+00:00","breadcrumb":{"@id":"https:\/\/www.link2fleet.com\/fr\/smart-2-concept-smart-revient-a-lessentiel-et-redefinit-sa-vision-de-la-mobilite-urbaine\/#breadcrumb"},"inLanguage":"fr-FR","potentialAction":[{"@type":"ReadAction","target":["https:\/\/www.link2fleet.com\/fr\/smart-2-concept-smart-revient-a-lessentiel-et-redefinit-sa-vision-de-la-mobilite-urbaine\/"]}]},{"@type":"ImageObject","inLanguage":"fr-FR","@id":"https:\/\/www.link2fleet.com\/fr\/smart-2-concept-smart-revient-a-lessentiel-et-redefinit-sa-vision-de-la-mobilite-urbaine\/#primaryimage","url":"https:\/\/static.link2fleet.com\/wp-content\/uploads\/2026\/04\/smart-hashtag2.jpeg","contentUrl":"https:\/\/static.link2fleet.com\/wp-content\/uploads\/2026\/04\/smart-hashtag2.jpeg","width":1666,"height":1294},{"@type":"BreadcrumbList","@id":"https:\/\/www.link2fleet.com\/fr\/smart-2-concept-smart-revient-a-lessentiel-et-redefinit-sa-vision-de-la-mobilite-urbaine\/#breadcrumb","itemListElement":[{"@type":"ListItem","position":1,"name":"Home","item":"https:\/\/www.link2fleet.com\/fr\/"},{"@type":"ListItem","position":2,"name":"smart #2 concept : smart revient \u00e0 l\u2019essentiel et red\u00e9finit sa vision de la mobilit\u00e9 urbaine"}]},{"@type":"WebSite","@id":"https:\/\/www.link2fleet.com\/fr\/#website","url":"https:\/\/www.link2fleet.com\/fr\/","name":"Link2fleet","description":"","publisher":{"@id":"https:\/\/www.link2fleet.com\/fr\/#organization"},"potentialAction":[{"@type":"SearchAction","target":{"@type":"EntryPoint","urlTemplate":"https:\/\/www.link2fleet.com\/fr\/?s={search_term_string}"},"query-input":{"@type":"PropertyValueSpecification","valueRequired":true,"valueName":"search_term_string"}}],"inLanguage":"fr-FR"},{"@type":"Organization","@id":"https:\/\/www.link2fleet.com\/fr\/#organization","name":"Link2fleet","url":"https:\/\/www.link2fleet.com\/fr\/","logo":{"@type":"ImageObject","inLanguage":"fr-FR","@id":"https:\/\/www.link2fleet.com\/fr\/#\/schema\/logo\/image\/","url":"https:\/\/static.link2fleet.com\/wp-content\/uploads\/2024\/03\/share-image.jpg","contentUrl":"https:\/\/static.link2fleet.com\/wp-content\/uploads\/2024\/03\/share-image.jpg","width":1200,"height":630,"caption":"Link2fleet"},"image":{"@id":"https:\/\/www.link2fleet.com\/fr\/#\/schema\/logo\/image\/"},"sameAs":["https:\/\/www.linkedin.com\/company\/link2fleet-belgium","https:\/\/www.youtube.com\/user\/MMMBMBE"]},{"@type":"Person","@id":"https:\/\/www.link2fleet.com\/fr\/#\/schema\/person\/027cd46113c78036b3809c9a054049da","name":"Damien Malvetti","image":{"@type":"ImageObject","inLanguage":"fr-FR","@id":"https:\/\/secure.gravatar.com\/avatar\/dd8cc03b49466c735f753ac37f8caa371af16dfed347456ed61f02883255eebb?s=96&d=mm&r=g","url":"https:\/\/secure.gravatar.com\/avatar\/dd8cc03b49466c735f753ac37f8caa371af16dfed347456ed61f02883255eebb?s=96&d=mm&r=g","contentUrl":"https:\/\/secure.gravatar.com\/avatar\/dd8cc03b49466c735f753ac37f8caa371af16dfed347456ed61f02883255eebb?s=96&d=mm&r=g","caption":"Damien Malvetti"},"description":"Damien Malvetti is opgeleid als journalist en gepassioneerd door wagens, technologie en mobiliteit. Hij is verantwoordelijk voor de redactionele inhoud van link2fleet en beschikt over een uitgebreide kennis van de fleet-sector en elektrische mobiliteit.","sameAs":["https:\/\/www.linkedin.com\/in\/damien-malvetti-56601142\/"]}]}},"_links":{"self":[{"href":"https:\/\/www.link2fleet.com\/fr\/wp-json\/wp\/v2\/posts\/92083","targetHints":{"allow":["GET"]}}],"collection":[{"href":"https:\/\/www.link2fleet.com\/fr\/wp-json\/wp\/v2\/posts"}],"about":[{"href":"https:\/\/www.link2fleet.com\/fr\/wp-json\/wp\/v2\/types\/post"}],"author":[{"embeddable":true,"href":"https:\/\/www.link2fleet.com\/fr\/wp-json\/wp\/v2\/users\/4"}],"replies":[{"embeddable":true,"href":"https:\/\/www.link2fleet.com\/fr\/wp-json\/wp\/v2\/comments?post=92083"}],"version-history":[{"count":3,"href":"https:\/\/www.link2fleet.com\/fr\/wp-json\/wp\/v2\/posts\/92083\/revisions"}],"predecessor-version":[{"id":92159,"href":"https:\/\/www.link2fleet.com\/fr\/wp-json\/wp\/v2\/posts\/92083\/revisions\/92159"}],"wp:featuredmedia":[{"embeddable":true,"href":"https:\/\/www.link2fleet.com\/fr\/wp-json\/wp\/v2\/media\/92084"}],"wp:attachment":[{"href":"https:\/\/www.link2fleet.com\/fr\/wp-json\/wp\/v2\/media?parent=92083"}],"wp:term":[{"taxonomy":"category","embeddable":true,"href":"https:\/\/www.link2fleet.com\/fr\/wp-json\/wp\/v2\/categories?post=92083"},{"taxonomy":"post_tag","embeddable":true,"href":"https:\/\/www.link2fleet.com\/fr\/wp-json\/wp\/v2\/tags?post=92083"}],"curies":[{"name":"wp","href":"https:\/\/api.w.org\/{rel}","templated":true}]}}