{"id":92906,"date":"2026-04-30T16:53:35","date_gmt":"2026-04-30T14:53:35","guid":{"rendered":"https:\/\/www.link2fleet.com\/?p=92906"},"modified":"2026-04-30T16:53:35","modified_gmt":"2026-04-30T14:53:35","slug":"geely-auto-accelere-en-belgique-et-au-luxembourg-bart-vranckx-prend-les-commandes-du-fleet","status":"publish","type":"post","link":"https:\/\/www.link2fleet.com\/fr\/geely-auto-accelere-en-belgique-et-au-luxembourg-bart-vranckx-prend-les-commandes-du-fleet\/","title":{"rendered":"Geely Auto acc\u00e9l\u00e8re en Belgique et au Luxembourg : Bart Vranckx prend les commandes du fleet"},"content":{"rendered":"","protected":false},"excerpt":{"rendered":"","protected":false},"author":4,"featured_media":42827,"comment_status":"closed","ping_status":"closed","sticky":false,"template":"","format":"standard","meta":{"_acf_changed":false,"footnotes":""},"categories":[1448,77,76],"tags":[],"class_list":["post-92906","post","type-post","status-publish","format-standard","has-post-thumbnail","hentry","category-a-la-une","category-importateurs-et-constructeurs-automobiles-vp","category-car"],"acf":[],"yoast_head":"<!-- This site is optimized with the Yoast SEO plugin v27.3 - https:\/\/yoast.com\/product\/yoast-seo-wordpress\/ -->\n<title>Geely Auto acc\u00e9l\u00e8re en Belgique et au Luxembourg : Bart Vranckx prend les commandes du fleet - link2fleet<\/title>\n<meta name=\"description\" content=\"Le paysage fleet belge accueille un nouvel acteur avec des ambitions claires. Geely Auto Europe vient en effet de nommer Bart Vranckx au poste de\u2026\" \/>\n<meta name=\"robots\" content=\"index, follow, max-snippet:-1, max-image-preview:large, max-video-preview:-1\" \/>\n<meta property=\"og:locale\" content=\"fr_FR\" \/>\n<meta property=\"og:type\" content=\"article\" \/>\n<meta property=\"og:title\" content=\"Geely Auto acc\u00e9l\u00e8re en Belgique et au Luxembourg : Bart Vranckx prend les commandes du fleet - link2fleet\" \/>\n<meta property=\"og:description\" content=\"Le paysage fleet belge accueille un nouvel acteur avec des ambitions claires. Geely Auto Europe vient en effet de nommer Bart Vranckx au poste de\u2026\" \/>\n<meta property=\"og:url\" content=\"https:\/\/www.link2fleet.com\/fr\/geely-auto-accelere-en-belgique-et-au-luxembourg-bart-vranckx-prend-les-commandes-du-fleet\/\" \/>\n<meta property=\"og:site_name\" content=\"link2fleet\" \/>\n<meta property=\"article:published_time\" content=\"2026-04-30T14:53:35+00:00\" \/>\n<meta property=\"og:image\" content=\"https:\/\/static.link2fleet.com\/wp-content\/uploads\/2024\/01\/bart-vranckx.jpeg\" \/>\n\t<meta property=\"og:image:width\" content=\"1024\" \/>\n\t<meta property=\"og:image:height\" content=\"1218\" \/>\n\t<meta property=\"og:image:type\" content=\"image\/jpeg\" \/>\n<meta name=\"author\" content=\"Damien Malvetti\" \/>\n<meta name=\"twitter:card\" content=\"summary_large_image\" \/>\n<meta name=\"twitter:description\" content=\"Le paysage fleet belge accueille un nouvel acteur avec des ambitions claires. Geely Auto Europe vient en effet de nommer Bart Vranckx au poste de\u2026\" \/>\n<meta name=\"twitter:label1\" content=\"\u00c9crit par\" \/>\n\t<meta name=\"twitter:data1\" content=\"Damien Malvetti\" \/>\n\t<meta name=\"twitter:label2\" content=\"Dur\u00e9e de lecture estim\u00e9e\" \/>\n\t<meta name=\"twitter:data2\" content=\"1 minute\" \/>\n<script type=\"application\/ld+json\" class=\"yoast-schema-graph\">{\"@context\":\"https:\\\/\\\/schema.org\",\"@graph\":[{\"@type\":\"Article\",\"@id\":\"https:\\\/\\\/www.link2fleet.com\\\/fr\\\/geely-auto-accelere-en-belgique-et-au-luxembourg-bart-vranckx-prend-les-commandes-du-fleet\\\/#article\",\"isPartOf\":{\"@id\":\"https:\\\/\\\/www.link2fleet.com\\\/fr\\\/geely-auto-accelere-en-belgique-et-au-luxembourg-bart-vranckx-prend-les-commandes-du-fleet\\\/\"},\"author\":{\"name\":\"Damien Malvetti\",\"@id\":\"https:\\\/\\\/www.link2fleet.com\\\/fr\\\/#\\\/schema\\\/person\\\/027cd46113c78036b3809c9a054049da\"},\"headline\":\"Geely Auto acc\u00e9l\u00e8re en Belgique et au Luxembourg : Bart Vranckx prend les commandes du fleet\",\"datePublished\":\"2026-04-30T14:53:35+00:00\",\"mainEntityOfPage\":{\"@id\":\"https:\\\/\\\/www.link2fleet.com\\\/fr\\\/geely-auto-accelere-en-belgique-et-au-luxembourg-bart-vranckx-prend-les-commandes-du-fleet\\\/\"},\"wordCount\":17,\"publisher\":{\"@id\":\"https:\\\/\\\/www.link2fleet.com\\\/fr\\\/#organization\"},\"image\":{\"@id\":\"https:\\\/\\\/www.link2fleet.com\\\/fr\\\/geely-auto-accelere-en-belgique-et-au-luxembourg-bart-vranckx-prend-les-commandes-du-fleet\\\/#primaryimage\"},\"thumbnailUrl\":\"https:\\\/\\\/static.link2fleet.com\\\/wp-content\\\/uploads\\\/2024\\\/01\\\/bart-vranckx.jpeg\",\"articleSection\":[\"A la une\",\"Importateurs et constructeurs\",\"V\u00e9hicules\"],\"inLanguage\":\"fr-FR\"},{\"@type\":\"WebPage\",\"@id\":\"https:\\\/\\\/www.link2fleet.com\\\/fr\\\/geely-auto-accelere-en-belgique-et-au-luxembourg-bart-vranckx-prend-les-commandes-du-fleet\\\/\",\"url\":\"https:\\\/\\\/www.link2fleet.com\\\/fr\\\/geely-auto-accelere-en-belgique-et-au-luxembourg-bart-vranckx-prend-les-commandes-du-fleet\\\/\",\"name\":\"Geely Auto acc\u00e9l\u00e8re en Belgique et au Luxembourg : Bart Vranckx prend les commandes du fleet - link2fleet\",\"isPartOf\":{\"@id\":\"https:\\\/\\\/www.link2fleet.com\\\/fr\\\/#website\"},\"primaryImageOfPage\":{\"@id\":\"https:\\\/\\\/www.link2fleet.com\\\/fr\\\/geely-auto-accelere-en-belgique-et-au-luxembourg-bart-vranckx-prend-les-commandes-du-fleet\\\/#primaryimage\"},\"image\":{\"@id\":\"https:\\\/\\\/www.link2fleet.com\\\/fr\\\/geely-auto-accelere-en-belgique-et-au-luxembourg-bart-vranckx-prend-les-commandes-du-fleet\\\/#primaryimage\"},\"thumbnailUrl\":\"https:\\\/\\\/static.link2fleet.com\\\/wp-content\\\/uploads\\\/2024\\\/01\\\/bart-vranckx.jpeg\",\"datePublished\":\"2026-04-30T14:53:35+00:00\",\"breadcrumb\":{\"@id\":\"https:\\\/\\\/www.link2fleet.com\\\/fr\\\/geely-auto-accelere-en-belgique-et-au-luxembourg-bart-vranckx-prend-les-commandes-du-fleet\\\/#breadcrumb\"},\"inLanguage\":\"fr-FR\",\"potentialAction\":[{\"@type\":\"ReadAction\",\"target\":[\"https:\\\/\\\/www.link2fleet.com\\\/fr\\\/geely-auto-accelere-en-belgique-et-au-luxembourg-bart-vranckx-prend-les-commandes-du-fleet\\\/\"]}]},{\"@type\":\"ImageObject\",\"inLanguage\":\"fr-FR\",\"@id\":\"https:\\\/\\\/www.link2fleet.com\\\/fr\\\/geely-auto-accelere-en-belgique-et-au-luxembourg-bart-vranckx-prend-les-commandes-du-fleet\\\/#primaryimage\",\"url\":\"https:\\\/\\\/static.link2fleet.com\\\/wp-content\\\/uploads\\\/2024\\\/01\\\/bart-vranckx.jpeg\",\"contentUrl\":\"https:\\\/\\\/static.link2fleet.com\\\/wp-content\\\/uploads\\\/2024\\\/01\\\/bart-vranckx.jpeg\",\"width\":1024,\"height\":1218},{\"@type\":\"BreadcrumbList\",\"@id\":\"https:\\\/\\\/www.link2fleet.com\\\/fr\\\/geely-auto-accelere-en-belgique-et-au-luxembourg-bart-vranckx-prend-les-commandes-du-fleet\\\/#breadcrumb\",\"itemListElement\":[{\"@type\":\"ListItem\",\"position\":1,\"name\":\"Home\",\"item\":\"https:\\\/\\\/www.link2fleet.com\\\/fr\\\/\"},{\"@type\":\"ListItem\",\"position\":2,\"name\":\"Geely Auto acc\u00e9l\u00e8re en Belgique et au Luxembourg : Bart Vranckx prend les commandes du fleet\"}]},{\"@type\":\"WebSite\",\"@id\":\"https:\\\/\\\/www.link2fleet.com\\\/fr\\\/#website\",\"url\":\"https:\\\/\\\/www.link2fleet.com\\\/fr\\\/\",\"name\":\"Link2fleet\",\"description\":\"\",\"publisher\":{\"@id\":\"https:\\\/\\\/www.link2fleet.com\\\/fr\\\/#organization\"},\"potentialAction\":[{\"@type\":\"SearchAction\",\"target\":{\"@type\":\"EntryPoint\",\"urlTemplate\":\"https:\\\/\\\/www.link2fleet.com\\\/fr\\\/?s={search_term_string}\"},\"query-input\":{\"@type\":\"PropertyValueSpecification\",\"valueRequired\":true,\"valueName\":\"search_term_string\"}}],\"inLanguage\":\"fr-FR\"},{\"@type\":\"Organization\",\"@id\":\"https:\\\/\\\/www.link2fleet.com\\\/fr\\\/#organization\",\"name\":\"Link2fleet\",\"url\":\"https:\\\/\\\/www.link2fleet.com\\\/fr\\\/\",\"logo\":{\"@type\":\"ImageObject\",\"inLanguage\":\"fr-FR\",\"@id\":\"https:\\\/\\\/www.link2fleet.com\\\/fr\\\/#\\\/schema\\\/logo\\\/image\\\/\",\"url\":\"https:\\\/\\\/static.link2fleet.com\\\/wp-content\\\/uploads\\\/2024\\\/03\\\/share-image.jpg\",\"contentUrl\":\"https:\\\/\\\/static.link2fleet.com\\\/wp-content\\\/uploads\\\/2024\\\/03\\\/share-image.jpg\",\"width\":1200,\"height\":630,\"caption\":\"Link2fleet\"},\"image\":{\"@id\":\"https:\\\/\\\/www.link2fleet.com\\\/fr\\\/#\\\/schema\\\/logo\\\/image\\\/\"},\"sameAs\":[\"https:\\\/\\\/www.linkedin.com\\\/company\\\/link2fleet-belgium\",\"https:\\\/\\\/www.youtube.com\\\/user\\\/MMMBMBE\"]},{\"@type\":\"Person\",\"@id\":\"https:\\\/\\\/www.link2fleet.com\\\/fr\\\/#\\\/schema\\\/person\\\/027cd46113c78036b3809c9a054049da\",\"name\":\"Damien Malvetti\",\"image\":{\"@type\":\"ImageObject\",\"inLanguage\":\"fr-FR\",\"@id\":\"https:\\\/\\\/secure.gravatar.com\\\/avatar\\\/dd8cc03b49466c735f753ac37f8caa371af16dfed347456ed61f02883255eebb?s=96&d=mm&r=g\",\"url\":\"https:\\\/\\\/secure.gravatar.com\\\/avatar\\\/dd8cc03b49466c735f753ac37f8caa371af16dfed347456ed61f02883255eebb?s=96&d=mm&r=g\",\"contentUrl\":\"https:\\\/\\\/secure.gravatar.com\\\/avatar\\\/dd8cc03b49466c735f753ac37f8caa371af16dfed347456ed61f02883255eebb?s=96&d=mm&r=g\",\"caption\":\"Damien Malvetti\"},\"description\":\"Damien Malvetti is opgeleid als journalist en gepassioneerd door wagens, technologie en mobiliteit. Hij is verantwoordelijk voor de redactionele inhoud van link2fleet en beschikt over een uitgebreide kennis van de fleet-sector en elektrische mobiliteit.\",\"sameAs\":[\"https:\\\/\\\/www.linkedin.com\\\/in\\\/damien-malvetti-56601142\\\/\"]}]}<\/script>\n<!-- \/ Yoast SEO plugin. -->","yoast_head_json":{"title":"Geely Auto acc\u00e9l\u00e8re en Belgique et au Luxembourg : Bart Vranckx prend les commandes du fleet - link2fleet","description":"Le paysage fleet belge accueille un nouvel acteur avec des ambitions claires. Geely Auto Europe vient en effet de nommer Bart Vranckx au poste de\u2026","robots":{"index":"index","follow":"follow","max-snippet":"max-snippet:-1","max-image-preview":"max-image-preview:large","max-video-preview":"max-video-preview:-1"},"og_locale":"fr_FR","og_type":"article","og_title":"Geely Auto acc\u00e9l\u00e8re en Belgique et au Luxembourg : Bart Vranckx prend les commandes du fleet - link2fleet","og_description":"Le paysage fleet belge accueille un nouvel acteur avec des ambitions claires. Geely Auto Europe vient en effet de nommer Bart Vranckx au poste de\u2026","og_url":"https:\/\/www.link2fleet.com\/fr\/geely-auto-accelere-en-belgique-et-au-luxembourg-bart-vranckx-prend-les-commandes-du-fleet\/","og_site_name":"link2fleet","article_published_time":"2026-04-30T14:53:35+00:00","og_image":[{"width":1024,"height":1218,"url":"https:\/\/static.link2fleet.com\/wp-content\/uploads\/2024\/01\/bart-vranckx.jpeg","type":"image\/jpeg"}],"author":"Damien Malvetti","twitter_card":"summary_large_image","twitter_description":"Le paysage fleet belge accueille un nouvel acteur avec des ambitions claires. Geely Auto Europe vient en effet de nommer Bart Vranckx au poste de\u2026","twitter_misc":{"\u00c9crit par":"Damien Malvetti","Dur\u00e9e de lecture estim\u00e9e":"1 minute"},"schema":{"@context":"https:\/\/schema.org","@graph":[{"@type":"Article","@id":"https:\/\/www.link2fleet.com\/fr\/geely-auto-accelere-en-belgique-et-au-luxembourg-bart-vranckx-prend-les-commandes-du-fleet\/#article","isPartOf":{"@id":"https:\/\/www.link2fleet.com\/fr\/geely-auto-accelere-en-belgique-et-au-luxembourg-bart-vranckx-prend-les-commandes-du-fleet\/"},"author":{"name":"Damien Malvetti","@id":"https:\/\/www.link2fleet.com\/fr\/#\/schema\/person\/027cd46113c78036b3809c9a054049da"},"headline":"Geely Auto acc\u00e9l\u00e8re en Belgique et au Luxembourg : Bart Vranckx prend les commandes du fleet","datePublished":"2026-04-30T14:53:35+00:00","mainEntityOfPage":{"@id":"https:\/\/www.link2fleet.com\/fr\/geely-auto-accelere-en-belgique-et-au-luxembourg-bart-vranckx-prend-les-commandes-du-fleet\/"},"wordCount":17,"publisher":{"@id":"https:\/\/www.link2fleet.com\/fr\/#organization"},"image":{"@id":"https:\/\/www.link2fleet.com\/fr\/geely-auto-accelere-en-belgique-et-au-luxembourg-bart-vranckx-prend-les-commandes-du-fleet\/#primaryimage"},"thumbnailUrl":"https:\/\/static.link2fleet.com\/wp-content\/uploads\/2024\/01\/bart-vranckx.jpeg","articleSection":["A la une","Importateurs et constructeurs","V\u00e9hicules"],"inLanguage":"fr-FR"},{"@type":"WebPage","@id":"https:\/\/www.link2fleet.com\/fr\/geely-auto-accelere-en-belgique-et-au-luxembourg-bart-vranckx-prend-les-commandes-du-fleet\/","url":"https:\/\/www.link2fleet.com\/fr\/geely-auto-accelere-en-belgique-et-au-luxembourg-bart-vranckx-prend-les-commandes-du-fleet\/","name":"Geely Auto acc\u00e9l\u00e8re en Belgique et au Luxembourg : Bart Vranckx prend les commandes du fleet - link2fleet","isPartOf":{"@id":"https:\/\/www.link2fleet.com\/fr\/#website"},"primaryImageOfPage":{"@id":"https:\/\/www.link2fleet.com\/fr\/geely-auto-accelere-en-belgique-et-au-luxembourg-bart-vranckx-prend-les-commandes-du-fleet\/#primaryimage"},"image":{"@id":"https:\/\/www.link2fleet.com\/fr\/geely-auto-accelere-en-belgique-et-au-luxembourg-bart-vranckx-prend-les-commandes-du-fleet\/#primaryimage"},"thumbnailUrl":"https:\/\/static.link2fleet.com\/wp-content\/uploads\/2024\/01\/bart-vranckx.jpeg","datePublished":"2026-04-30T14:53:35+00:00","breadcrumb":{"@id":"https:\/\/www.link2fleet.com\/fr\/geely-auto-accelere-en-belgique-et-au-luxembourg-bart-vranckx-prend-les-commandes-du-fleet\/#breadcrumb"},"inLanguage":"fr-FR","potentialAction":[{"@type":"ReadAction","target":["https:\/\/www.link2fleet.com\/fr\/geely-auto-accelere-en-belgique-et-au-luxembourg-bart-vranckx-prend-les-commandes-du-fleet\/"]}]},{"@type":"ImageObject","inLanguage":"fr-FR","@id":"https:\/\/www.link2fleet.com\/fr\/geely-auto-accelere-en-belgique-et-au-luxembourg-bart-vranckx-prend-les-commandes-du-fleet\/#primaryimage","url":"https:\/\/static.link2fleet.com\/wp-content\/uploads\/2024\/01\/bart-vranckx.jpeg","contentUrl":"https:\/\/static.link2fleet.com\/wp-content\/uploads\/2024\/01\/bart-vranckx.jpeg","width":1024,"height":1218},{"@type":"BreadcrumbList","@id":"https:\/\/www.link2fleet.com\/fr\/geely-auto-accelere-en-belgique-et-au-luxembourg-bart-vranckx-prend-les-commandes-du-fleet\/#breadcrumb","itemListElement":[{"@type":"ListItem","position":1,"name":"Home","item":"https:\/\/www.link2fleet.com\/fr\/"},{"@type":"ListItem","position":2,"name":"Geely Auto acc\u00e9l\u00e8re en Belgique et au Luxembourg : Bart Vranckx prend les commandes du fleet"}]},{"@type":"WebSite","@id":"https:\/\/www.link2fleet.com\/fr\/#website","url":"https:\/\/www.link2fleet.com\/fr\/","name":"Link2fleet","description":"","publisher":{"@id":"https:\/\/www.link2fleet.com\/fr\/#organization"},"potentialAction":[{"@type":"SearchAction","target":{"@type":"EntryPoint","urlTemplate":"https:\/\/www.link2fleet.com\/fr\/?s={search_term_string}"},"query-input":{"@type":"PropertyValueSpecification","valueRequired":true,"valueName":"search_term_string"}}],"inLanguage":"fr-FR"},{"@type":"Organization","@id":"https:\/\/www.link2fleet.com\/fr\/#organization","name":"Link2fleet","url":"https:\/\/www.link2fleet.com\/fr\/","logo":{"@type":"ImageObject","inLanguage":"fr-FR","@id":"https:\/\/www.link2fleet.com\/fr\/#\/schema\/logo\/image\/","url":"https:\/\/static.link2fleet.com\/wp-content\/uploads\/2024\/03\/share-image.jpg","contentUrl":"https:\/\/static.link2fleet.com\/wp-content\/uploads\/2024\/03\/share-image.jpg","width":1200,"height":630,"caption":"Link2fleet"},"image":{"@id":"https:\/\/www.link2fleet.com\/fr\/#\/schema\/logo\/image\/"},"sameAs":["https:\/\/www.linkedin.com\/company\/link2fleet-belgium","https:\/\/www.youtube.com\/user\/MMMBMBE"]},{"@type":"Person","@id":"https:\/\/www.link2fleet.com\/fr\/#\/schema\/person\/027cd46113c78036b3809c9a054049da","name":"Damien Malvetti","image":{"@type":"ImageObject","inLanguage":"fr-FR","@id":"https:\/\/secure.gravatar.com\/avatar\/dd8cc03b49466c735f753ac37f8caa371af16dfed347456ed61f02883255eebb?s=96&d=mm&r=g","url":"https:\/\/secure.gravatar.com\/avatar\/dd8cc03b49466c735f753ac37f8caa371af16dfed347456ed61f02883255eebb?s=96&d=mm&r=g","contentUrl":"https:\/\/secure.gravatar.com\/avatar\/dd8cc03b49466c735f753ac37f8caa371af16dfed347456ed61f02883255eebb?s=96&d=mm&r=g","caption":"Damien Malvetti"},"description":"Damien Malvetti is opgeleid als journalist en gepassioneerd door wagens, technologie en mobiliteit. Hij is verantwoordelijk voor de redactionele inhoud van link2fleet en beschikt over een uitgebreide kennis van de fleet-sector en elektrische mobiliteit.","sameAs":["https:\/\/www.linkedin.com\/in\/damien-malvetti-56601142\/"]}]}},"_links":{"self":[{"href":"https:\/\/www.link2fleet.com\/fr\/wp-json\/wp\/v2\/posts\/92906","targetHints":{"allow":["GET"]}}],"collection":[{"href":"https:\/\/www.link2fleet.com\/fr\/wp-json\/wp\/v2\/posts"}],"about":[{"href":"https:\/\/www.link2fleet.com\/fr\/wp-json\/wp\/v2\/types\/post"}],"author":[{"embeddable":true,"href":"https:\/\/www.link2fleet.com\/fr\/wp-json\/wp\/v2\/users\/4"}],"replies":[{"embeddable":true,"href":"https:\/\/www.link2fleet.com\/fr\/wp-json\/wp\/v2\/comments?post=92906"}],"version-history":[{"count":1,"href":"https:\/\/www.link2fleet.com\/fr\/wp-json\/wp\/v2\/posts\/92906\/revisions"}],"predecessor-version":[{"id":92907,"href":"https:\/\/www.link2fleet.com\/fr\/wp-json\/wp\/v2\/posts\/92906\/revisions\/92907"}],"wp:featuredmedia":[{"embeddable":true,"href":"https:\/\/www.link2fleet.com\/fr\/wp-json\/wp\/v2\/media\/42827"}],"wp:attachment":[{"href":"https:\/\/www.link2fleet.com\/fr\/wp-json\/wp\/v2\/media?parent=92906"}],"wp:term":[{"taxonomy":"category","embeddable":true,"href":"https:\/\/www.link2fleet.com\/fr\/wp-json\/wp\/v2\/categories?post=92906"},{"taxonomy":"post_tag","embeddable":true,"href":"https:\/\/www.link2fleet.com\/fr\/wp-json\/wp\/v2\/tags?post=92906"}],"curies":[{"name":"wp","href":"https:\/\/api.w.org\/{rel}","templated":true}]}}