{"id":9293,"date":"2023-04-12T06:29:20","date_gmt":"2023-04-12T04:29:20","guid":{"rendered":"https:\/\/www.link2fleet.com\/la-vice-premiere-ministre-souhaite-une-aide-fiscale-plus-importante-pour-les-camions-et-camionnettes-zero-emission\/"},"modified":"2023-04-12T06:29:20","modified_gmt":"2023-04-12T04:29:20","slug":"la-vice-premiere-ministre-souhaite-une-aide-fiscale-plus-importante-pour-les-camions-et-camionnettes-zero-emission","status":"publish","type":"post","link":"https:\/\/www.link2fleet.com\/fr\/la-vice-premiere-ministre-souhaite-une-aide-fiscale-plus-importante-pour-les-camions-et-camionnettes-zero-emission\/","title":{"rendered":"La vice-premi\u00e8re ministre souhaite une aide fiscale plus importante pour les camions et camionnettes z\u00e9ro \u00e9mission"},"content":{"rendered":"<p style=\"font-weight: 400;\">Le proposition contient 2 mesures :<\/p>\n<ul style=\"font-weight: 400;\">\n<li>une augmentation temporaire de la d\u00e9duction pour investissement de 40 % pour les v\u00e9hicules \u00e0 \u00e9mission z\u00e9ro, au lieu des 8 % actuels ;<\/li>\n<li>une limitation de la d\u00e9ductibilit\u00e9 fiscale sur les LCV \u00e0 partir de 2028.<\/li>\n<\/ul>\n<p>La mesure s&rsquo;inspire \u00e9galement du programme europ\u00e9en CAFE (Corporate Average Fuel Economy) dans le cadre duquel, en ce qui concerne les nouvelles camionnettes, les grandes marques doivent r\u00e9duire les \u00e9missions globales de leur flotte de 50 % d&rsquo;ici 2030 pour atteindre une moyenne de 74 g\/km par rapport aux valeurs de 2021. Cet objectif ne peut \u00eatre atteint sans l&rsquo;introduction \u00e0 plus grande \u00e9chelle de v\u00e9hicules \u00e0 z\u00e9ro \u00e9mission (ZEV). Mais ces v\u00e9hicules sont actuellement plus chers que les v\u00e9hicules \u00e0 moteur \u00e0 combustion interne et leur autonomie et leur limite de charge maximale sont souvent inf\u00e9rieures. Les constructeurs savent d\u00e9j\u00e0 que le d\u00e9fi des v\u00e9hicules utilitaires l\u00e9gers sera beaucoup plus difficile \u00e0 relever en r\u00e9alit\u00e9 que celui des voitures particuli\u00e8res, dont les \u00e9missions moyennes doivent baisser de 55 % pour atteindre 43 g\/km d&rsquo;ici \u00e0 2030.<\/p>\n<p style=\"font-weight: 400;\">Les mesures fiscales suscitent \u00e9galement quelques r\u00e9serves. En l&rsquo;\u00e9tat actuel de la l\u00e9gislation, la d\u00e9duction pour investissement ne s&rsquo;applique qu&rsquo;aux ind\u00e9pendants et \u00e0 certaines PME r\u00e9pondant \u00e0 la d\u00e9finition fiscale. En outre, la d\u00e9duction pour investissement ne s&rsquo;applique qu&rsquo;aux achats ou \u00e0 toutes les formes de financement o\u00f9 l&rsquo;achat figure \u00e0 l&rsquo;actif du bilan, comme dans le cas d&rsquo;une location financi\u00e8re. Les formules de location et de leasing sont exclues. L&rsquo;utilisation de la d\u00e9duction pour investissement exige \u00e9galement que le v\u00e9hicule utilitaire soit utilis\u00e9 \u00e0 100 % \u00e0 des fins professionnelles. La question se pose de savoir si la mesure fiscale sera \u00e9galement \u00e9tendue aux moyennes et grandes entreprises et si les contrats de location peuvent \u00e9galement b\u00e9n\u00e9ficier d&rsquo;une d\u00e9duction pour co\u00fbts major\u00e9s, \u00e9tant donn\u00e9 que les grandes flottes de v\u00e9hicules utilitaires l\u00e9gers sont souvent h\u00e9berg\u00e9es dans de grands groupes logistiques. Il n&rsquo;est pas clair non plus si un cumul sera possible avec les mesures de subvention actuellement en place dans la R\u00e9gion bruxelloise lors de l&rsquo;achat de v\u00e9hicules utilitaires l\u00e9gers dans le cadre de la zone \u00e0 faibles \u00e9missions.<\/p>\n<p>Il subsiste donc actuellement encore beaucoup d&rsquo;interrogations et de questions sans r\u00e9ponse. Un d\u00e9bat fiscal et politique a toutefois \u00e9t\u00e9 lanc\u00e9 pour encadrer les nombreux nouveaux mod\u00e8les ZEV qui seront bient\u00f4t sur le march\u00e9 dans le segment des v\u00e9hicules utilitaires l\u00e9gers.<\/p>\n<p style=\"font-weight: 400; text-align: right;\"><strong>Michel Willems<\/strong><\/p>\n<p style=\"font-weight: 400; text-align: right;\"><strong>MOBILITAS<\/strong><\/p>\n<p style=\"font-weight: 400;\">\n","protected":false},"excerpt":{"rendered":"<p>Le proposition contient 2 mesures : une augmentation temporaire de la d\u00e9duction pour investissement de 40 % pour les v\u00e9hicules \u00e0 \u00e9mission z\u00e9ro, au lieu des 8 % actuels ; une limitation de la d\u00e9ductibilit\u00e9 fiscale sur les LCV \u00e0 partir de 2028. La mesure s&rsquo;inspire \u00e9galement du programme europ\u00e9en CAFE (Corporate Average Fuel Economy) [&hellip;]<\/p>\n","protected":false},"author":11,"featured_media":9294,"comment_status":"closed","ping_status":"closed","sticky":false,"template":"","format":"standard","meta":{"_acf_changed":false,"footnotes":""},"categories":[91,101],"tags":[],"class_list":["post-9293","post","type-post","status-publish","format-standard","has-post-thumbnail","hentry","category-expertise-et-management","category-tax-legal"],"acf":[],"yoast_head":"<!-- This site is optimized with the Yoast SEO plugin v27.3 - https:\/\/yoast.com\/product\/yoast-seo-wordpress\/ -->\n<title>La vice-premi\u00e8re ministre souhaite une aide fiscale plus importante pour les camions et camionnettes z\u00e9ro \u00e9mission - link2fleet<\/title>\n<meta name=\"description\" content=\"La Vice-Premi\u00e8re Ministre Petra De Sutter a r\u00e9cemment lanc\u00e9 un appel pour adapter la fiscalit\u00e9 des v\u00e9hicules utilitaires l\u00e9gers (LCV). Elle souhaiterait d\u00e9courager le choix\u2026\" \/>\n<meta name=\"robots\" content=\"index, follow, max-snippet:-1, max-image-preview:large, max-video-preview:-1\" \/>\n<meta property=\"og:locale\" content=\"fr_FR\" \/>\n<meta property=\"og:type\" content=\"article\" \/>\n<meta property=\"og:title\" content=\"La vice-premi\u00e8re ministre souhaite une aide fiscale plus importante pour les camions et camionnettes z\u00e9ro \u00e9mission - link2fleet\" \/>\n<meta property=\"og:description\" content=\"La Vice-Premi\u00e8re Ministre Petra De Sutter a r\u00e9cemment lanc\u00e9 un appel pour adapter la fiscalit\u00e9 des v\u00e9hicules utilitaires l\u00e9gers (LCV). Elle souhaiterait d\u00e9courager le choix\u2026\" \/>\n<meta property=\"og:url\" content=\"https:\/\/www.link2fleet.com\/fr\/la-vice-premiere-ministre-souhaite-une-aide-fiscale-plus-importante-pour-les-camions-et-camionnettes-zero-emission\/\" \/>\n<meta property=\"og:site_name\" content=\"link2fleet\" \/>\n<meta property=\"article:published_time\" content=\"2023-04-12T04:29:20+00:00\" \/>\n<meta property=\"og:image\" content=\"https:\/\/static.link2fleet.com\/wp-content\/uploads\/2024\/03\/vehicule-utilitaire-mode-seduction-f.jpg\" \/>\n\t<meta property=\"og:image:width\" content=\"1200\" \/>\n\t<meta property=\"og:image:height\" content=\"800\" \/>\n\t<meta property=\"og:image:type\" content=\"image\/jpeg\" \/>\n<meta name=\"author\" content=\"Michel Willems - Mobilitas\" \/>\n<meta name=\"twitter:card\" content=\"summary_large_image\" \/>\n<meta name=\"twitter:description\" content=\"La Vice-Premi\u00e8re Ministre Petra De Sutter a r\u00e9cemment lanc\u00e9 un appel pour adapter la fiscalit\u00e9 des v\u00e9hicules utilitaires l\u00e9gers (LCV). Elle souhaiterait d\u00e9courager le choix\u2026\" \/>\n<meta name=\"twitter:label1\" content=\"\u00c9crit par\" \/>\n\t<meta name=\"twitter:data1\" content=\"Michel Willems - Mobilitas\" \/>\n\t<meta name=\"twitter:label2\" content=\"Dur\u00e9e de lecture estim\u00e9e\" \/>\n\t<meta name=\"twitter:data2\" content=\"2 minutes\" \/>\n<script type=\"application\/ld+json\" class=\"yoast-schema-graph\">{\"@context\":\"https:\\\/\\\/schema.org\",\"@graph\":[{\"@type\":\"Article\",\"@id\":\"https:\\\/\\\/www.link2fleet.com\\\/fr\\\/la-vice-premiere-ministre-souhaite-une-aide-fiscale-plus-importante-pour-les-camions-et-camionnettes-zero-emission\\\/#article\",\"isPartOf\":{\"@id\":\"https:\\\/\\\/www.link2fleet.com\\\/fr\\\/la-vice-premiere-ministre-souhaite-une-aide-fiscale-plus-importante-pour-les-camions-et-camionnettes-zero-emission\\\/\"},\"author\":{\"name\":\"Michel Willems - Mobilitas\",\"@id\":\"https:\\\/\\\/www.link2fleet.com\\\/fr\\\/#\\\/schema\\\/person\\\/bd29f6a2c2427e85a70d3acf17303486\"},\"headline\":\"La vice-premi\u00e8re ministre souhaite une aide fiscale plus importante pour les camions et camionnettes z\u00e9ro \u00e9mission\",\"datePublished\":\"2023-04-12T04:29:20+00:00\",\"mainEntityOfPage\":{\"@id\":\"https:\\\/\\\/www.link2fleet.com\\\/fr\\\/la-vice-premiere-ministre-souhaite-une-aide-fiscale-plus-importante-pour-les-camions-et-camionnettes-zero-emission\\\/\"},\"wordCount\":452,\"publisher\":{\"@id\":\"https:\\\/\\\/www.link2fleet.com\\\/fr\\\/#organization\"},\"image\":{\"@id\":\"https:\\\/\\\/www.link2fleet.com\\\/fr\\\/la-vice-premiere-ministre-souhaite-une-aide-fiscale-plus-importante-pour-les-camions-et-camionnettes-zero-emission\\\/#primaryimage\"},\"thumbnailUrl\":\"https:\\\/\\\/static.link2fleet.com\\\/wp-content\\\/uploads\\\/2024\\\/03\\\/vehicule-utilitaire-mode-seduction-f.jpg\",\"articleSection\":[\"Gestion de flotte\",\"Tax &amp; legal\"],\"inLanguage\":\"fr-FR\"},{\"@type\":\"WebPage\",\"@id\":\"https:\\\/\\\/www.link2fleet.com\\\/fr\\\/la-vice-premiere-ministre-souhaite-une-aide-fiscale-plus-importante-pour-les-camions-et-camionnettes-zero-emission\\\/\",\"url\":\"https:\\\/\\\/www.link2fleet.com\\\/fr\\\/la-vice-premiere-ministre-souhaite-une-aide-fiscale-plus-importante-pour-les-camions-et-camionnettes-zero-emission\\\/\",\"name\":\"La vice-premi\u00e8re ministre souhaite une aide fiscale plus importante pour les camions et camionnettes z\u00e9ro \u00e9mission - link2fleet\",\"isPartOf\":{\"@id\":\"https:\\\/\\\/www.link2fleet.com\\\/fr\\\/#website\"},\"primaryImageOfPage\":{\"@id\":\"https:\\\/\\\/www.link2fleet.com\\\/fr\\\/la-vice-premiere-ministre-souhaite-une-aide-fiscale-plus-importante-pour-les-camions-et-camionnettes-zero-emission\\\/#primaryimage\"},\"image\":{\"@id\":\"https:\\\/\\\/www.link2fleet.com\\\/fr\\\/la-vice-premiere-ministre-souhaite-une-aide-fiscale-plus-importante-pour-les-camions-et-camionnettes-zero-emission\\\/#primaryimage\"},\"thumbnailUrl\":\"https:\\\/\\\/static.link2fleet.com\\\/wp-content\\\/uploads\\\/2024\\\/03\\\/vehicule-utilitaire-mode-seduction-f.jpg\",\"datePublished\":\"2023-04-12T04:29:20+00:00\",\"breadcrumb\":{\"@id\":\"https:\\\/\\\/www.link2fleet.com\\\/fr\\\/la-vice-premiere-ministre-souhaite-une-aide-fiscale-plus-importante-pour-les-camions-et-camionnettes-zero-emission\\\/#breadcrumb\"},\"inLanguage\":\"fr-FR\",\"potentialAction\":[{\"@type\":\"ReadAction\",\"target\":[\"https:\\\/\\\/www.link2fleet.com\\\/fr\\\/la-vice-premiere-ministre-souhaite-une-aide-fiscale-plus-importante-pour-les-camions-et-camionnettes-zero-emission\\\/\"]}]},{\"@type\":\"ImageObject\",\"inLanguage\":\"fr-FR\",\"@id\":\"https:\\\/\\\/www.link2fleet.com\\\/fr\\\/la-vice-premiere-ministre-souhaite-une-aide-fiscale-plus-importante-pour-les-camions-et-camionnettes-zero-emission\\\/#primaryimage\",\"url\":\"https:\\\/\\\/static.link2fleet.com\\\/wp-content\\\/uploads\\\/2024\\\/03\\\/vehicule-utilitaire-mode-seduction-f.jpg\",\"contentUrl\":\"https:\\\/\\\/static.link2fleet.com\\\/wp-content\\\/uploads\\\/2024\\\/03\\\/vehicule-utilitaire-mode-seduction-f.jpg\",\"width\":1200,\"height\":800},{\"@type\":\"BreadcrumbList\",\"@id\":\"https:\\\/\\\/www.link2fleet.com\\\/fr\\\/la-vice-premiere-ministre-souhaite-une-aide-fiscale-plus-importante-pour-les-camions-et-camionnettes-zero-emission\\\/#breadcrumb\",\"itemListElement\":[{\"@type\":\"ListItem\",\"position\":1,\"name\":\"Home\",\"item\":\"https:\\\/\\\/www.link2fleet.com\\\/fr\\\/\"},{\"@type\":\"ListItem\",\"position\":2,\"name\":\"La vice-premi\u00e8re ministre souhaite une aide fiscale plus importante pour les camions et camionnettes z\u00e9ro \u00e9mission\"}]},{\"@type\":\"WebSite\",\"@id\":\"https:\\\/\\\/www.link2fleet.com\\\/fr\\\/#website\",\"url\":\"https:\\\/\\\/www.link2fleet.com\\\/fr\\\/\",\"name\":\"Link2fleet\",\"description\":\"\",\"publisher\":{\"@id\":\"https:\\\/\\\/www.link2fleet.com\\\/fr\\\/#organization\"},\"potentialAction\":[{\"@type\":\"SearchAction\",\"target\":{\"@type\":\"EntryPoint\",\"urlTemplate\":\"https:\\\/\\\/www.link2fleet.com\\\/fr\\\/?s={search_term_string}\"},\"query-input\":{\"@type\":\"PropertyValueSpecification\",\"valueRequired\":true,\"valueName\":\"search_term_string\"}}],\"inLanguage\":\"fr-FR\"},{\"@type\":\"Organization\",\"@id\":\"https:\\\/\\\/www.link2fleet.com\\\/fr\\\/#organization\",\"name\":\"Link2fleet\",\"url\":\"https:\\\/\\\/www.link2fleet.com\\\/fr\\\/\",\"logo\":{\"@type\":\"ImageObject\",\"inLanguage\":\"fr-FR\",\"@id\":\"https:\\\/\\\/www.link2fleet.com\\\/fr\\\/#\\\/schema\\\/logo\\\/image\\\/\",\"url\":\"https:\\\/\\\/static.link2fleet.com\\\/wp-content\\\/uploads\\\/2024\\\/03\\\/share-image.jpg\",\"contentUrl\":\"https:\\\/\\\/static.link2fleet.com\\\/wp-content\\\/uploads\\\/2024\\\/03\\\/share-image.jpg\",\"width\":1200,\"height\":630,\"caption\":\"Link2fleet\"},\"image\":{\"@id\":\"https:\\\/\\\/www.link2fleet.com\\\/fr\\\/#\\\/schema\\\/logo\\\/image\\\/\"},\"sameAs\":[\"https:\\\/\\\/www.linkedin.com\\\/company\\\/link2fleet-belgium\",\"https:\\\/\\\/www.youtube.com\\\/user\\\/MMMBMBE\"]},{\"@type\":\"Person\",\"@id\":\"https:\\\/\\\/www.link2fleet.com\\\/fr\\\/#\\\/schema\\\/person\\\/bd29f6a2c2427e85a70d3acf17303486\",\"name\":\"Michel Willems - Mobilitas\",\"image\":{\"@type\":\"ImageObject\",\"inLanguage\":\"fr-FR\",\"@id\":\"https:\\\/\\\/secure.gravatar.com\\\/avatar\\\/c937de514893d5b69b3b52ee88664fd4879b786925b6742dc7891d347f167414?s=96&d=mm&r=g\",\"url\":\"https:\\\/\\\/secure.gravatar.com\\\/avatar\\\/c937de514893d5b69b3b52ee88664fd4879b786925b6742dc7891d347f167414?s=96&d=mm&r=g\",\"contentUrl\":\"https:\\\/\\\/secure.gravatar.com\\\/avatar\\\/c937de514893d5b69b3b52ee88664fd4879b786925b6742dc7891d347f167414?s=96&d=mm&r=g\",\"caption\":\"Michel Willems - Mobilitas\"}}]}<\/script>\n<!-- \/ Yoast SEO plugin. -->","yoast_head_json":{"title":"La vice-premi\u00e8re ministre souhaite une aide fiscale plus importante pour les camions et camionnettes z\u00e9ro \u00e9mission - link2fleet","description":"La Vice-Premi\u00e8re Ministre Petra De Sutter a r\u00e9cemment lanc\u00e9 un appel pour adapter la fiscalit\u00e9 des v\u00e9hicules utilitaires l\u00e9gers (LCV). Elle souhaiterait d\u00e9courager le choix\u2026","robots":{"index":"index","follow":"follow","max-snippet":"max-snippet:-1","max-image-preview":"max-image-preview:large","max-video-preview":"max-video-preview:-1"},"og_locale":"fr_FR","og_type":"article","og_title":"La vice-premi\u00e8re ministre souhaite une aide fiscale plus importante pour les camions et camionnettes z\u00e9ro \u00e9mission - link2fleet","og_description":"La Vice-Premi\u00e8re Ministre Petra De Sutter a r\u00e9cemment lanc\u00e9 un appel pour adapter la fiscalit\u00e9 des v\u00e9hicules utilitaires l\u00e9gers (LCV). Elle souhaiterait d\u00e9courager le choix\u2026","og_url":"https:\/\/www.link2fleet.com\/fr\/la-vice-premiere-ministre-souhaite-une-aide-fiscale-plus-importante-pour-les-camions-et-camionnettes-zero-emission\/","og_site_name":"link2fleet","article_published_time":"2023-04-12T04:29:20+00:00","og_image":[{"width":1200,"height":800,"url":"https:\/\/static.link2fleet.com\/wp-content\/uploads\/2024\/03\/vehicule-utilitaire-mode-seduction-f.jpg","type":"image\/jpeg"}],"author":"Michel Willems - Mobilitas","twitter_card":"summary_large_image","twitter_description":"La Vice-Premi\u00e8re Ministre Petra De Sutter a r\u00e9cemment lanc\u00e9 un appel pour adapter la fiscalit\u00e9 des v\u00e9hicules utilitaires l\u00e9gers (LCV). Elle souhaiterait d\u00e9courager le choix\u2026","twitter_misc":{"\u00c9crit par":"Michel Willems - Mobilitas","Dur\u00e9e de lecture estim\u00e9e":"2 minutes"},"schema":{"@context":"https:\/\/schema.org","@graph":[{"@type":"Article","@id":"https:\/\/www.link2fleet.com\/fr\/la-vice-premiere-ministre-souhaite-une-aide-fiscale-plus-importante-pour-les-camions-et-camionnettes-zero-emission\/#article","isPartOf":{"@id":"https:\/\/www.link2fleet.com\/fr\/la-vice-premiere-ministre-souhaite-une-aide-fiscale-plus-importante-pour-les-camions-et-camionnettes-zero-emission\/"},"author":{"name":"Michel Willems - Mobilitas","@id":"https:\/\/www.link2fleet.com\/fr\/#\/schema\/person\/bd29f6a2c2427e85a70d3acf17303486"},"headline":"La vice-premi\u00e8re ministre souhaite une aide fiscale plus importante pour les camions et camionnettes z\u00e9ro \u00e9mission","datePublished":"2023-04-12T04:29:20+00:00","mainEntityOfPage":{"@id":"https:\/\/www.link2fleet.com\/fr\/la-vice-premiere-ministre-souhaite-une-aide-fiscale-plus-importante-pour-les-camions-et-camionnettes-zero-emission\/"},"wordCount":452,"publisher":{"@id":"https:\/\/www.link2fleet.com\/fr\/#organization"},"image":{"@id":"https:\/\/www.link2fleet.com\/fr\/la-vice-premiere-ministre-souhaite-une-aide-fiscale-plus-importante-pour-les-camions-et-camionnettes-zero-emission\/#primaryimage"},"thumbnailUrl":"https:\/\/static.link2fleet.com\/wp-content\/uploads\/2024\/03\/vehicule-utilitaire-mode-seduction-f.jpg","articleSection":["Gestion de flotte","Tax &amp; legal"],"inLanguage":"fr-FR"},{"@type":"WebPage","@id":"https:\/\/www.link2fleet.com\/fr\/la-vice-premiere-ministre-souhaite-une-aide-fiscale-plus-importante-pour-les-camions-et-camionnettes-zero-emission\/","url":"https:\/\/www.link2fleet.com\/fr\/la-vice-premiere-ministre-souhaite-une-aide-fiscale-plus-importante-pour-les-camions-et-camionnettes-zero-emission\/","name":"La vice-premi\u00e8re ministre souhaite une aide fiscale plus importante pour les camions et camionnettes z\u00e9ro \u00e9mission - link2fleet","isPartOf":{"@id":"https:\/\/www.link2fleet.com\/fr\/#website"},"primaryImageOfPage":{"@id":"https:\/\/www.link2fleet.com\/fr\/la-vice-premiere-ministre-souhaite-une-aide-fiscale-plus-importante-pour-les-camions-et-camionnettes-zero-emission\/#primaryimage"},"image":{"@id":"https:\/\/www.link2fleet.com\/fr\/la-vice-premiere-ministre-souhaite-une-aide-fiscale-plus-importante-pour-les-camions-et-camionnettes-zero-emission\/#primaryimage"},"thumbnailUrl":"https:\/\/static.link2fleet.com\/wp-content\/uploads\/2024\/03\/vehicule-utilitaire-mode-seduction-f.jpg","datePublished":"2023-04-12T04:29:20+00:00","breadcrumb":{"@id":"https:\/\/www.link2fleet.com\/fr\/la-vice-premiere-ministre-souhaite-une-aide-fiscale-plus-importante-pour-les-camions-et-camionnettes-zero-emission\/#breadcrumb"},"inLanguage":"fr-FR","potentialAction":[{"@type":"ReadAction","target":["https:\/\/www.link2fleet.com\/fr\/la-vice-premiere-ministre-souhaite-une-aide-fiscale-plus-importante-pour-les-camions-et-camionnettes-zero-emission\/"]}]},{"@type":"ImageObject","inLanguage":"fr-FR","@id":"https:\/\/www.link2fleet.com\/fr\/la-vice-premiere-ministre-souhaite-une-aide-fiscale-plus-importante-pour-les-camions-et-camionnettes-zero-emission\/#primaryimage","url":"https:\/\/static.link2fleet.com\/wp-content\/uploads\/2024\/03\/vehicule-utilitaire-mode-seduction-f.jpg","contentUrl":"https:\/\/static.link2fleet.com\/wp-content\/uploads\/2024\/03\/vehicule-utilitaire-mode-seduction-f.jpg","width":1200,"height":800},{"@type":"BreadcrumbList","@id":"https:\/\/www.link2fleet.com\/fr\/la-vice-premiere-ministre-souhaite-une-aide-fiscale-plus-importante-pour-les-camions-et-camionnettes-zero-emission\/#breadcrumb","itemListElement":[{"@type":"ListItem","position":1,"name":"Home","item":"https:\/\/www.link2fleet.com\/fr\/"},{"@type":"ListItem","position":2,"name":"La vice-premi\u00e8re ministre souhaite une aide fiscale plus importante pour les camions et camionnettes z\u00e9ro \u00e9mission"}]},{"@type":"WebSite","@id":"https:\/\/www.link2fleet.com\/fr\/#website","url":"https:\/\/www.link2fleet.com\/fr\/","name":"Link2fleet","description":"","publisher":{"@id":"https:\/\/www.link2fleet.com\/fr\/#organization"},"potentialAction":[{"@type":"SearchAction","target":{"@type":"EntryPoint","urlTemplate":"https:\/\/www.link2fleet.com\/fr\/?s={search_term_string}"},"query-input":{"@type":"PropertyValueSpecification","valueRequired":true,"valueName":"search_term_string"}}],"inLanguage":"fr-FR"},{"@type":"Organization","@id":"https:\/\/www.link2fleet.com\/fr\/#organization","name":"Link2fleet","url":"https:\/\/www.link2fleet.com\/fr\/","logo":{"@type":"ImageObject","inLanguage":"fr-FR","@id":"https:\/\/www.link2fleet.com\/fr\/#\/schema\/logo\/image\/","url":"https:\/\/static.link2fleet.com\/wp-content\/uploads\/2024\/03\/share-image.jpg","contentUrl":"https:\/\/static.link2fleet.com\/wp-content\/uploads\/2024\/03\/share-image.jpg","width":1200,"height":630,"caption":"Link2fleet"},"image":{"@id":"https:\/\/www.link2fleet.com\/fr\/#\/schema\/logo\/image\/"},"sameAs":["https:\/\/www.linkedin.com\/company\/link2fleet-belgium","https:\/\/www.youtube.com\/user\/MMMBMBE"]},{"@type":"Person","@id":"https:\/\/www.link2fleet.com\/fr\/#\/schema\/person\/bd29f6a2c2427e85a70d3acf17303486","name":"Michel Willems - Mobilitas","image":{"@type":"ImageObject","inLanguage":"fr-FR","@id":"https:\/\/secure.gravatar.com\/avatar\/c937de514893d5b69b3b52ee88664fd4879b786925b6742dc7891d347f167414?s=96&d=mm&r=g","url":"https:\/\/secure.gravatar.com\/avatar\/c937de514893d5b69b3b52ee88664fd4879b786925b6742dc7891d347f167414?s=96&d=mm&r=g","contentUrl":"https:\/\/secure.gravatar.com\/avatar\/c937de514893d5b69b3b52ee88664fd4879b786925b6742dc7891d347f167414?s=96&d=mm&r=g","caption":"Michel Willems - Mobilitas"}}]}},"_links":{"self":[{"href":"https:\/\/www.link2fleet.com\/fr\/wp-json\/wp\/v2\/posts\/9293","targetHints":{"allow":["GET"]}}],"collection":[{"href":"https:\/\/www.link2fleet.com\/fr\/wp-json\/wp\/v2\/posts"}],"about":[{"href":"https:\/\/www.link2fleet.com\/fr\/wp-json\/wp\/v2\/types\/post"}],"author":[{"embeddable":true,"href":"https:\/\/www.link2fleet.com\/fr\/wp-json\/wp\/v2\/users\/11"}],"replies":[{"embeddable":true,"href":"https:\/\/www.link2fleet.com\/fr\/wp-json\/wp\/v2\/comments?post=9293"}],"version-history":[{"count":0,"href":"https:\/\/www.link2fleet.com\/fr\/wp-json\/wp\/v2\/posts\/9293\/revisions"}],"wp:featuredmedia":[{"embeddable":true,"href":"https:\/\/www.link2fleet.com\/fr\/wp-json\/wp\/v2\/media\/9294"}],"wp:attachment":[{"href":"https:\/\/www.link2fleet.com\/fr\/wp-json\/wp\/v2\/media?parent=9293"}],"wp:term":[{"taxonomy":"category","embeddable":true,"href":"https:\/\/www.link2fleet.com\/fr\/wp-json\/wp\/v2\/categories?post=9293"},{"taxonomy":"post_tag","embeddable":true,"href":"https:\/\/www.link2fleet.com\/fr\/wp-json\/wp\/v2\/tags?post=9293"}],"curies":[{"name":"wp","href":"https:\/\/api.w.org\/{rel}","templated":true}]}}