{"id":9321,"date":"2023-04-13T14:20:40","date_gmt":"2023-04-13T12:20:40","guid":{"rendered":"https:\/\/www.link2fleet.com\/ev-quelques-facts-figures\/"},"modified":"2023-04-13T14:20:40","modified_gmt":"2023-04-13T12:20:40","slug":"ev-quelques-facts-figures","status":"publish","type":"post","link":"https:\/\/www.link2fleet.com\/fr\/ev-quelques-facts-figures\/","title":{"rendered":"EV: quelques facts &#038; figures"},"content":{"rendered":"<p style=\"font-weight: 400;\">Tout cela conduit \u00e0 une augmentation constante des ventes de voitures \u00e9lectriques. Non seulement l&rsquo;\u00e9cart de prix avec les v\u00e9hicules \u00e0 moteur \u00e0 combustion se r\u00e9duit, mais les contraintes pour l&rsquo;utilisateur diminuent \u00e9galement. Le fait est que la vitesse de la transition vers les VE est aujourd&rsquo;hui d\u00e9termin\u00e9e par le co\u00fbt des batteries et la disponibilit\u00e9 de l&rsquo;infrastructure de recharge.<\/p>\n<p style=\"font-weight: 400;\"><img loading=\"lazy\" decoding=\"async\" class=\"alignright size-medium wp-image-1292297\" src=\"https:\/\/www.link2fleet.com\/wp-content\/uploads\/2023\/04\/DKV-publi5-300x200.jpeg\" alt=\"\" width=\"300\" height=\"200\" \/>Une \u00e9tude de l&rsquo;assureur HelloSafe montre que la v\u00e9ritable perc\u00e9e de la voiture \u00e9lectrique en Belgique est attendue pour 2023. Entre 2020 et 2022, le nombre de voitures \u00e9lectriques et hybrides rechargeables a doubl\u00e9. Il s&rsquo;agit bien s\u00fbr d&rsquo;une forte croissance, mais il faut aussi la relativiser, car il y a trois ans, la voiture \u00e9lectrique \u00e9tait encore rare sur nos routes. Et ce chiffre va encore s&rsquo;acc\u00e9l\u00e9rer, si bien que fin 2023, plus de 125 000 voitures \u00e9lectriques circuleront en Belgique, soit 75 % de plus qu&rsquo;en 2022 (71 651 unit\u00e9s).<\/p>\n<p>&nbsp;<\/p>\n<figure id=\"attachment_1292346\" aria-describedby=\"caption-attachment-1292346\" style=\"width: 300px\" class=\"wp-caption alignright\"><a href=\"https:\/\/www.link2fleet.com\/wp-content\/uploads\/2023\/04\/Bas-Bullens.jpeg\"><img loading=\"lazy\" decoding=\"async\" class=\"wp-image-1292346 size-medium\" src=\"https:\/\/www.link2fleet.com\/wp-content\/uploads\/2023\/04\/Bas-Bullens-300x300.jpeg\" alt=\"\" width=\"300\" height=\"300\" \/><\/a><figcaption id=\"caption-attachment-1292346\" class=\"wp-caption-text\">Bas Bullens<\/figcaption><\/figure>\n<p style=\"font-weight: 400;\">Contrairement \u00e0 la croissance spectaculaire du nombre de voitures \u00e9lectriques, une comparaison europ\u00e9enne r\u00e9alis\u00e9e par la f\u00e9d\u00e9ration automobile ACEA en 2022 a montr\u00e9 clairement que notre pays n&rsquo;est pas \u00e0 la hauteur, avec seulement 8,8 points de recharge publics pour 100 kilom\u00e8tres, surtout pour un pays aussi dens\u00e9ment peupl\u00e9 et o\u00f9 le trafic automobile est important. En effet, selon des \u00e9tudes internationales, un point de recharge pour 10 voitures \u00e9lectriques est un minimum. \u00ab\u00a0Si l&rsquo;on sait que d&rsquo;ici 2030, plus d&rsquo;un million de voitures \u00e9lectriques circuleront en Belgique, ce ne sera pas une mince affaire que d&rsquo;obtenir une licence pour ces 100 000 points de recharge publics et de les installer \u00e0 temps\u00a0\u00bb, explique Bas Bullens, expert en eMobilit\u00e9 chez DKV Mobility. \u00ab\u00a0Nous y voyons des opportunit\u00e9s int\u00e9ressantes. C&rsquo;est un d\u00e9fi que DKV Mobility est pr\u00eate \u00e0 relever afin de mettre la Belgique sur la carte dans ce domaine \u00e9galement. Selon l&rsquo;Observatoire europ\u00e9en des carburants alternatifs (EAFO) de l&rsquo;UE, notre pays ne compte aujourd&rsquo;hui qu&rsquo;un peu moins de 18 000 points de charge publics. La Flandre rattrape rapidement son retard et pr\u00e9voit 30 000 points de charge suppl\u00e9mentaires dans les ann\u00e9es \u00e0 venir, mais \u00e0 Bruxelles et surtout en Wallonie, l&rsquo;urgence est moindre. Il y a donc du pain sur la planche !<\/p>\n<p><em>Bien que nous options de plus en plus pour des voitures \u00e9lectriques, il subsiste encore de nombreuses question sur leur usage et leur consommation. Bas Bullens partage ci-dessous 4 faits et fables sur la conduite \u00e9lectrique en 2023, l&rsquo;ann\u00e9e du grand changement, comme expliqu\u00e9 ci-dessus.<\/em><\/p>\n<blockquote>\n<h3 style=\"font-weight: 400;\">En savoir davantage sur l&rsquo;eMobility et sur ce que DKV Mobility peut vous apporter? Prenez contact avec\u00a0<a href=\"mailto:Bas.Bullens@dkv-mobility.com\">Bas.Bullens@dkv-mobility.com<\/a><\/h3>\n<\/blockquote>\n<p><a href=\"https:\/\/www.link2fleet.com\/wp-content\/uploads\/2023\/04\/DKV-publi1.jpeg\"><img loading=\"lazy\" decoding=\"async\" class=\"aligncenter size-large wp-image-1292289\" src=\"https:\/\/www.link2fleet.com\/wp-content\/uploads\/2023\/04\/DKV-publi1-1024x812.jpeg\" alt=\"\" width=\"640\" height=\"508\" \/><\/a><\/p>\n<h2><\/h2>\n<h2 style=\"font-weight: 400;\"><strong>EV: faits et fables <\/strong><\/h2>\n<ol>\n<li><strong>\u201cEst-il plus avantageux de recharger \u00e0 la maison?\u201d <\/strong><\/li>\n<\/ol>\n<p style=\"font-weight: 400;\">\u201cLa recharge sur des points de charge publique est actuellement souvent moins ch\u00e8re qu&rsquo;\u00e0 la maison. Auparavant, recharger \u00e0 la maison \u00e9tait en effet g\u00e9n\u00e9ralement plus avantageux, puisque vous ne payiez que le tarif de votre contrat d&rsquo;\u00e9nergie. Depuis que les tarifs d&rsquo;\u00e9lectricit\u00e9 ont augment\u00e9 et que les contrats sont devenus variables, ce n&rsquo;est bien souvent plus le cas\u00a0\u00bb.<\/p>\n<ol start=\"2\">\n<li><strong>\u201cLa charge rapide risque-t-elle d&rsquo;endommager la batterie?\u201d<\/strong><\/li>\n<\/ol>\n<p style=\"font-weight: 400;\"><a href=\"https:\/\/www.link2fleet.com\/wp-content\/uploads\/2023\/04\/DKV-publi4.jpeg\"><img loading=\"lazy\" decoding=\"async\" class=\"alignleft size-medium wp-image-1292295\" src=\"https:\/\/www.link2fleet.com\/wp-content\/uploads\/2023\/04\/DKV-publi4-300x198.jpeg\" alt=\"\" width=\"300\" height=\"198\" \/><\/a>\u201cLa charge rapide n&rsquo;est pas aussi efficace pour la durabilit\u00e9 de la batterie. La batterie ne tombera pas imm\u00e9diatement en panne, mais elle s&rsquo;usera plus rapidement que lors d&rsquo;une charge normale. En effet, la temp\u00e9rature augmente lorsque la batterie est charg\u00e9e \u00e0 une tension \u00e9lev\u00e9e. Cela ne veut pas dire que vous ne pouvez jamais charger votre voiture avec un chargeur rapide, mais essayez d&rsquo;alterner avec une \u00ab\u00a0charge normale\u00a0\u00bb.\u201d<\/p>\n<ol start=\"3\">\n<li><strong>\u201cPuis-je utiliser mon EV comme batterie domestique\u201d<\/strong><\/li>\n<\/ol>\n<p style=\"font-weight: 400;\">\u201cSi votre VE est compatible avec le syst\u00e8me Vehicle-To-Home (V2H), il est en effet possible d&rsquo;utiliser un VE comme batterie domestique. V2H signifie &lsquo;charger dans les deux sens&rsquo;, c&rsquo;est-\u00e0-dire qu&rsquo;il est possible de charger la voiture et de renvoyer l&rsquo;\u00e9nergie stock\u00e9e vers la maison. L&rsquo;utilisation de l&rsquo;\u00e9nergie stock\u00e9e dans la voiture aux heures de pointe n&rsquo;est pas seulement avantageuse sur le plan financier, elle permet \u00e9galement de r\u00e9duire la consommation d&rsquo;\u00e9nergie du r\u00e9seau. Ainsi, ensemble, nous \u00e9vitons les pics de consommation d&rsquo;\u00e9nergie et nous maintenons le r\u00e9seau \u00e9lectrique dans un meilleur \u00e9quilibre.\u201d<\/p>\n<ol start=\"4\">\n<li><strong>\u201cLes v\u00e9hicules \u00e9lectriques prennent-ils plus souvent feu que les voitures \u00e0 moteur thermique ?\u201d <\/strong><\/li>\n<\/ol>\n<p style=\"font-weight: 400;\">\u00ab\u00a0En fait, le risque d&rsquo;incendie d&rsquo;un moteur \u00e0 essence est beaucoup plus \u00e9lev\u00e9. De plus, lors d&rsquo;une collision avec une voiture \u00e9lectrique, l&rsquo;avant de la voiture s&rsquo;\u00e9crase souvent comme un accord\u00e9on parce qu&rsquo;il n&rsquo;y a pas de moteur \u00e0 l&rsquo;avant. Comme il n&rsquo;y a pas de collision au niveau du moteur, le risque d&rsquo;explosion est \u00e9galement moindre.\u202fDans une voiture \u00e0 essence, on entre en collision avec le moteur, pour ainsi dire, ce qui rend l&rsquo;impact beaucoup plus important. La conduite \u00e9lectrique est plus s\u00fbre que la conduite \u00ab\u00a0\u00e0 l&rsquo;ancienne\u00a0\u00bb.<\/p>\n<p style=\"font-weight: 400;\">\n","protected":false},"excerpt":{"rendered":"<p>Tout cela conduit \u00e0 une augmentation constante des ventes de voitures \u00e9lectriques. Non seulement l&rsquo;\u00e9cart de prix avec les v\u00e9hicules \u00e0 moteur \u00e0 combustion se r\u00e9duit, mais les contraintes pour l&rsquo;utilisateur diminuent \u00e9galement. Le fait est que la vitesse de la transition vers les VE est aujourd&rsquo;hui d\u00e9termin\u00e9e par le co\u00fbt des batteries et la [&hellip;]<\/p>\n","protected":false},"author":4,"featured_media":9322,"comment_status":"closed","ping_status":"closed","sticky":false,"template":"","format":"standard","meta":{"_acf_changed":false,"footnotes":""},"categories":[81,91],"tags":[],"class_list":["post-9321","post","type-post","status-publish","format-standard","has-post-thumbnail","hentry","category-gestion-de-carburant-et-energie","category-expertise-et-management"],"acf":[],"yoast_head":"<!-- This site is optimized with the Yoast SEO plugin v27.3 - https:\/\/yoast.com\/product\/yoast-seo-wordpress\/ -->\n<title>EV: quelques facts &amp; figures - link2fleet<\/title>\n<meta name=\"description\" content=\"C&rsquo;est d\u00e9sormais une certitude: \u00e0 partir de 2035, on ne pourra plus vendre de voitures neuves \u00e9quip\u00e9es d&rsquo;un moteur essence ou diesel dans l&rsquo;Union Europ\u00e9enne.\u2026\" \/>\n<meta name=\"robots\" content=\"index, follow, max-snippet:-1, max-image-preview:large, max-video-preview:-1\" \/>\n<meta property=\"og:locale\" content=\"fr_FR\" \/>\n<meta property=\"og:type\" content=\"article\" \/>\n<meta property=\"og:title\" content=\"EV: quelques facts &amp; figures - link2fleet\" \/>\n<meta property=\"og:description\" content=\"C&rsquo;est d\u00e9sormais une certitude: \u00e0 partir de 2035, on ne pourra plus vendre de voitures neuves \u00e9quip\u00e9es d&rsquo;un moteur essence ou diesel dans l&rsquo;Union Europ\u00e9enne.\u2026\" \/>\n<meta property=\"og:url\" content=\"https:\/\/www.link2fleet.com\/fr\/ev-quelques-facts-figures\/\" \/>\n<meta property=\"og:site_name\" content=\"link2fleet\" \/>\n<meta property=\"article:published_time\" content=\"2023-04-13T12:20:40+00:00\" \/>\n<meta property=\"og:image\" content=\"https:\/\/static.link2fleet.com\/wp-content\/uploads\/2024\/03\/dkv-publi3.jpeg\" \/>\n\t<meta property=\"og:image:width\" content=\"1280\" \/>\n\t<meta property=\"og:image:height\" content=\"845\" \/>\n\t<meta property=\"og:image:type\" content=\"image\/jpeg\" \/>\n<meta name=\"author\" content=\"Damien Malvetti\" \/>\n<meta name=\"twitter:card\" content=\"summary_large_image\" \/>\n<meta name=\"twitter:description\" content=\"C&rsquo;est d\u00e9sormais une certitude: \u00e0 partir de 2035, on ne pourra plus vendre de voitures neuves \u00e9quip\u00e9es d&rsquo;un moteur essence ou diesel dans l&rsquo;Union Europ\u00e9enne.\u2026\" \/>\n<meta name=\"twitter:label1\" content=\"\u00c9crit par\" \/>\n\t<meta name=\"twitter:data1\" content=\"Damien Malvetti\" \/>\n\t<meta name=\"twitter:label2\" content=\"Dur\u00e9e de lecture estim\u00e9e\" \/>\n\t<meta name=\"twitter:data2\" content=\"4 minutes\" \/>\n<script type=\"application\/ld+json\" class=\"yoast-schema-graph\">{\"@context\":\"https:\\\/\\\/schema.org\",\"@graph\":[{\"@type\":\"Article\",\"@id\":\"https:\\\/\\\/www.link2fleet.com\\\/fr\\\/ev-quelques-facts-figures\\\/#article\",\"isPartOf\":{\"@id\":\"https:\\\/\\\/www.link2fleet.com\\\/fr\\\/ev-quelques-facts-figures\\\/\"},\"author\":{\"name\":\"Damien Malvetti\",\"@id\":\"https:\\\/\\\/www.link2fleet.com\\\/fr\\\/#\\\/schema\\\/person\\\/027cd46113c78036b3809c9a054049da\"},\"headline\":\"EV: quelques facts &#038; figures\",\"datePublished\":\"2023-04-13T12:20:40+00:00\",\"mainEntityOfPage\":{\"@id\":\"https:\\\/\\\/www.link2fleet.com\\\/fr\\\/ev-quelques-facts-figures\\\/\"},\"wordCount\":849,\"publisher\":{\"@id\":\"https:\\\/\\\/www.link2fleet.com\\\/fr\\\/#organization\"},\"image\":{\"@id\":\"https:\\\/\\\/www.link2fleet.com\\\/fr\\\/ev-quelques-facts-figures\\\/#primaryimage\"},\"thumbnailUrl\":\"https:\\\/\\\/static.link2fleet.com\\\/wp-content\\\/uploads\\\/2024\\\/03\\\/dkv-publi3.jpeg\",\"articleSection\":[\"Gestion carburant et de l'\u00e9nergie\",\"Gestion de flotte\"],\"inLanguage\":\"fr-FR\"},{\"@type\":\"WebPage\",\"@id\":\"https:\\\/\\\/www.link2fleet.com\\\/fr\\\/ev-quelques-facts-figures\\\/\",\"url\":\"https:\\\/\\\/www.link2fleet.com\\\/fr\\\/ev-quelques-facts-figures\\\/\",\"name\":\"EV: quelques facts & figures - link2fleet\",\"isPartOf\":{\"@id\":\"https:\\\/\\\/www.link2fleet.com\\\/fr\\\/#website\"},\"primaryImageOfPage\":{\"@id\":\"https:\\\/\\\/www.link2fleet.com\\\/fr\\\/ev-quelques-facts-figures\\\/#primaryimage\"},\"image\":{\"@id\":\"https:\\\/\\\/www.link2fleet.com\\\/fr\\\/ev-quelques-facts-figures\\\/#primaryimage\"},\"thumbnailUrl\":\"https:\\\/\\\/static.link2fleet.com\\\/wp-content\\\/uploads\\\/2024\\\/03\\\/dkv-publi3.jpeg\",\"datePublished\":\"2023-04-13T12:20:40+00:00\",\"breadcrumb\":{\"@id\":\"https:\\\/\\\/www.link2fleet.com\\\/fr\\\/ev-quelques-facts-figures\\\/#breadcrumb\"},\"inLanguage\":\"fr-FR\",\"potentialAction\":[{\"@type\":\"ReadAction\",\"target\":[\"https:\\\/\\\/www.link2fleet.com\\\/fr\\\/ev-quelques-facts-figures\\\/\"]}]},{\"@type\":\"ImageObject\",\"inLanguage\":\"fr-FR\",\"@id\":\"https:\\\/\\\/www.link2fleet.com\\\/fr\\\/ev-quelques-facts-figures\\\/#primaryimage\",\"url\":\"https:\\\/\\\/static.link2fleet.com\\\/wp-content\\\/uploads\\\/2024\\\/03\\\/dkv-publi3.jpeg\",\"contentUrl\":\"https:\\\/\\\/static.link2fleet.com\\\/wp-content\\\/uploads\\\/2024\\\/03\\\/dkv-publi3.jpeg\",\"width\":1280,\"height\":845,\"caption\":\"|||||Bas Bullens\"},{\"@type\":\"BreadcrumbList\",\"@id\":\"https:\\\/\\\/www.link2fleet.com\\\/fr\\\/ev-quelques-facts-figures\\\/#breadcrumb\",\"itemListElement\":[{\"@type\":\"ListItem\",\"position\":1,\"name\":\"Home\",\"item\":\"https:\\\/\\\/www.link2fleet.com\\\/fr\\\/\"},{\"@type\":\"ListItem\",\"position\":2,\"name\":\"EV: quelques facts &#038; figures\"}]},{\"@type\":\"WebSite\",\"@id\":\"https:\\\/\\\/www.link2fleet.com\\\/fr\\\/#website\",\"url\":\"https:\\\/\\\/www.link2fleet.com\\\/fr\\\/\",\"name\":\"Link2fleet\",\"description\":\"\",\"publisher\":{\"@id\":\"https:\\\/\\\/www.link2fleet.com\\\/fr\\\/#organization\"},\"potentialAction\":[{\"@type\":\"SearchAction\",\"target\":{\"@type\":\"EntryPoint\",\"urlTemplate\":\"https:\\\/\\\/www.link2fleet.com\\\/fr\\\/?s={search_term_string}\"},\"query-input\":{\"@type\":\"PropertyValueSpecification\",\"valueRequired\":true,\"valueName\":\"search_term_string\"}}],\"inLanguage\":\"fr-FR\"},{\"@type\":\"Organization\",\"@id\":\"https:\\\/\\\/www.link2fleet.com\\\/fr\\\/#organization\",\"name\":\"Link2fleet\",\"url\":\"https:\\\/\\\/www.link2fleet.com\\\/fr\\\/\",\"logo\":{\"@type\":\"ImageObject\",\"inLanguage\":\"fr-FR\",\"@id\":\"https:\\\/\\\/www.link2fleet.com\\\/fr\\\/#\\\/schema\\\/logo\\\/image\\\/\",\"url\":\"https:\\\/\\\/static.link2fleet.com\\\/wp-content\\\/uploads\\\/2024\\\/03\\\/share-image.jpg\",\"contentUrl\":\"https:\\\/\\\/static.link2fleet.com\\\/wp-content\\\/uploads\\\/2024\\\/03\\\/share-image.jpg\",\"width\":1200,\"height\":630,\"caption\":\"Link2fleet\"},\"image\":{\"@id\":\"https:\\\/\\\/www.link2fleet.com\\\/fr\\\/#\\\/schema\\\/logo\\\/image\\\/\"},\"sameAs\":[\"https:\\\/\\\/www.linkedin.com\\\/company\\\/link2fleet-belgium\",\"https:\\\/\\\/www.youtube.com\\\/user\\\/MMMBMBE\"]},{\"@type\":\"Person\",\"@id\":\"https:\\\/\\\/www.link2fleet.com\\\/fr\\\/#\\\/schema\\\/person\\\/027cd46113c78036b3809c9a054049da\",\"name\":\"Damien Malvetti\",\"image\":{\"@type\":\"ImageObject\",\"inLanguage\":\"fr-FR\",\"@id\":\"https:\\\/\\\/secure.gravatar.com\\\/avatar\\\/dd8cc03b49466c735f753ac37f8caa371af16dfed347456ed61f02883255eebb?s=96&d=mm&r=g\",\"url\":\"https:\\\/\\\/secure.gravatar.com\\\/avatar\\\/dd8cc03b49466c735f753ac37f8caa371af16dfed347456ed61f02883255eebb?s=96&d=mm&r=g\",\"contentUrl\":\"https:\\\/\\\/secure.gravatar.com\\\/avatar\\\/dd8cc03b49466c735f753ac37f8caa371af16dfed347456ed61f02883255eebb?s=96&d=mm&r=g\",\"caption\":\"Damien Malvetti\"},\"description\":\"Damien Malvetti is opgeleid als journalist en gepassioneerd door wagens, technologie en mobiliteit. Hij is verantwoordelijk voor de redactionele inhoud van link2fleet en beschikt over een uitgebreide kennis van de fleet-sector en elektrische mobiliteit.\",\"sameAs\":[\"https:\\\/\\\/www.linkedin.com\\\/in\\\/damien-malvetti-56601142\\\/\"]}]}<\/script>\n<!-- \/ Yoast SEO plugin. -->","yoast_head_json":{"title":"EV: quelques facts & figures - link2fleet","description":"C&rsquo;est d\u00e9sormais une certitude: \u00e0 partir de 2035, on ne pourra plus vendre de voitures neuves \u00e9quip\u00e9es d&rsquo;un moteur essence ou diesel dans l&rsquo;Union Europ\u00e9enne.\u2026","robots":{"index":"index","follow":"follow","max-snippet":"max-snippet:-1","max-image-preview":"max-image-preview:large","max-video-preview":"max-video-preview:-1"},"og_locale":"fr_FR","og_type":"article","og_title":"EV: quelques facts & figures - link2fleet","og_description":"C&rsquo;est d\u00e9sormais une certitude: \u00e0 partir de 2035, on ne pourra plus vendre de voitures neuves \u00e9quip\u00e9es d&rsquo;un moteur essence ou diesel dans l&rsquo;Union Europ\u00e9enne.\u2026","og_url":"https:\/\/www.link2fleet.com\/fr\/ev-quelques-facts-figures\/","og_site_name":"link2fleet","article_published_time":"2023-04-13T12:20:40+00:00","og_image":[{"width":1280,"height":845,"url":"https:\/\/static.link2fleet.com\/wp-content\/uploads\/2024\/03\/dkv-publi3.jpeg","type":"image\/jpeg"}],"author":"Damien Malvetti","twitter_card":"summary_large_image","twitter_description":"C&rsquo;est d\u00e9sormais une certitude: \u00e0 partir de 2035, on ne pourra plus vendre de voitures neuves \u00e9quip\u00e9es d&rsquo;un moteur essence ou diesel dans l&rsquo;Union Europ\u00e9enne.\u2026","twitter_misc":{"\u00c9crit par":"Damien Malvetti","Dur\u00e9e de lecture estim\u00e9e":"4 minutes"},"schema":{"@context":"https:\/\/schema.org","@graph":[{"@type":"Article","@id":"https:\/\/www.link2fleet.com\/fr\/ev-quelques-facts-figures\/#article","isPartOf":{"@id":"https:\/\/www.link2fleet.com\/fr\/ev-quelques-facts-figures\/"},"author":{"name":"Damien Malvetti","@id":"https:\/\/www.link2fleet.com\/fr\/#\/schema\/person\/027cd46113c78036b3809c9a054049da"},"headline":"EV: quelques facts &#038; figures","datePublished":"2023-04-13T12:20:40+00:00","mainEntityOfPage":{"@id":"https:\/\/www.link2fleet.com\/fr\/ev-quelques-facts-figures\/"},"wordCount":849,"publisher":{"@id":"https:\/\/www.link2fleet.com\/fr\/#organization"},"image":{"@id":"https:\/\/www.link2fleet.com\/fr\/ev-quelques-facts-figures\/#primaryimage"},"thumbnailUrl":"https:\/\/static.link2fleet.com\/wp-content\/uploads\/2024\/03\/dkv-publi3.jpeg","articleSection":["Gestion carburant et de l'\u00e9nergie","Gestion de flotte"],"inLanguage":"fr-FR"},{"@type":"WebPage","@id":"https:\/\/www.link2fleet.com\/fr\/ev-quelques-facts-figures\/","url":"https:\/\/www.link2fleet.com\/fr\/ev-quelques-facts-figures\/","name":"EV: quelques facts & figures - link2fleet","isPartOf":{"@id":"https:\/\/www.link2fleet.com\/fr\/#website"},"primaryImageOfPage":{"@id":"https:\/\/www.link2fleet.com\/fr\/ev-quelques-facts-figures\/#primaryimage"},"image":{"@id":"https:\/\/www.link2fleet.com\/fr\/ev-quelques-facts-figures\/#primaryimage"},"thumbnailUrl":"https:\/\/static.link2fleet.com\/wp-content\/uploads\/2024\/03\/dkv-publi3.jpeg","datePublished":"2023-04-13T12:20:40+00:00","breadcrumb":{"@id":"https:\/\/www.link2fleet.com\/fr\/ev-quelques-facts-figures\/#breadcrumb"},"inLanguage":"fr-FR","potentialAction":[{"@type":"ReadAction","target":["https:\/\/www.link2fleet.com\/fr\/ev-quelques-facts-figures\/"]}]},{"@type":"ImageObject","inLanguage":"fr-FR","@id":"https:\/\/www.link2fleet.com\/fr\/ev-quelques-facts-figures\/#primaryimage","url":"https:\/\/static.link2fleet.com\/wp-content\/uploads\/2024\/03\/dkv-publi3.jpeg","contentUrl":"https:\/\/static.link2fleet.com\/wp-content\/uploads\/2024\/03\/dkv-publi3.jpeg","width":1280,"height":845,"caption":"|||||Bas Bullens"},{"@type":"BreadcrumbList","@id":"https:\/\/www.link2fleet.com\/fr\/ev-quelques-facts-figures\/#breadcrumb","itemListElement":[{"@type":"ListItem","position":1,"name":"Home","item":"https:\/\/www.link2fleet.com\/fr\/"},{"@type":"ListItem","position":2,"name":"EV: quelques facts &#038; figures"}]},{"@type":"WebSite","@id":"https:\/\/www.link2fleet.com\/fr\/#website","url":"https:\/\/www.link2fleet.com\/fr\/","name":"Link2fleet","description":"","publisher":{"@id":"https:\/\/www.link2fleet.com\/fr\/#organization"},"potentialAction":[{"@type":"SearchAction","target":{"@type":"EntryPoint","urlTemplate":"https:\/\/www.link2fleet.com\/fr\/?s={search_term_string}"},"query-input":{"@type":"PropertyValueSpecification","valueRequired":true,"valueName":"search_term_string"}}],"inLanguage":"fr-FR"},{"@type":"Organization","@id":"https:\/\/www.link2fleet.com\/fr\/#organization","name":"Link2fleet","url":"https:\/\/www.link2fleet.com\/fr\/","logo":{"@type":"ImageObject","inLanguage":"fr-FR","@id":"https:\/\/www.link2fleet.com\/fr\/#\/schema\/logo\/image\/","url":"https:\/\/static.link2fleet.com\/wp-content\/uploads\/2024\/03\/share-image.jpg","contentUrl":"https:\/\/static.link2fleet.com\/wp-content\/uploads\/2024\/03\/share-image.jpg","width":1200,"height":630,"caption":"Link2fleet"},"image":{"@id":"https:\/\/www.link2fleet.com\/fr\/#\/schema\/logo\/image\/"},"sameAs":["https:\/\/www.linkedin.com\/company\/link2fleet-belgium","https:\/\/www.youtube.com\/user\/MMMBMBE"]},{"@type":"Person","@id":"https:\/\/www.link2fleet.com\/fr\/#\/schema\/person\/027cd46113c78036b3809c9a054049da","name":"Damien Malvetti","image":{"@type":"ImageObject","inLanguage":"fr-FR","@id":"https:\/\/secure.gravatar.com\/avatar\/dd8cc03b49466c735f753ac37f8caa371af16dfed347456ed61f02883255eebb?s=96&d=mm&r=g","url":"https:\/\/secure.gravatar.com\/avatar\/dd8cc03b49466c735f753ac37f8caa371af16dfed347456ed61f02883255eebb?s=96&d=mm&r=g","contentUrl":"https:\/\/secure.gravatar.com\/avatar\/dd8cc03b49466c735f753ac37f8caa371af16dfed347456ed61f02883255eebb?s=96&d=mm&r=g","caption":"Damien Malvetti"},"description":"Damien Malvetti is opgeleid als journalist en gepassioneerd door wagens, technologie en mobiliteit. Hij is verantwoordelijk voor de redactionele inhoud van link2fleet en beschikt over een uitgebreide kennis van de fleet-sector en elektrische mobiliteit.","sameAs":["https:\/\/www.linkedin.com\/in\/damien-malvetti-56601142\/"]}]}},"_links":{"self":[{"href":"https:\/\/www.link2fleet.com\/fr\/wp-json\/wp\/v2\/posts\/9321","targetHints":{"allow":["GET"]}}],"collection":[{"href":"https:\/\/www.link2fleet.com\/fr\/wp-json\/wp\/v2\/posts"}],"about":[{"href":"https:\/\/www.link2fleet.com\/fr\/wp-json\/wp\/v2\/types\/post"}],"author":[{"embeddable":true,"href":"https:\/\/www.link2fleet.com\/fr\/wp-json\/wp\/v2\/users\/4"}],"replies":[{"embeddable":true,"href":"https:\/\/www.link2fleet.com\/fr\/wp-json\/wp\/v2\/comments?post=9321"}],"version-history":[{"count":0,"href":"https:\/\/www.link2fleet.com\/fr\/wp-json\/wp\/v2\/posts\/9321\/revisions"}],"wp:featuredmedia":[{"embeddable":true,"href":"https:\/\/www.link2fleet.com\/fr\/wp-json\/wp\/v2\/media\/9322"}],"wp:attachment":[{"href":"https:\/\/www.link2fleet.com\/fr\/wp-json\/wp\/v2\/media?parent=9321"}],"wp:term":[{"taxonomy":"category","embeddable":true,"href":"https:\/\/www.link2fleet.com\/fr\/wp-json\/wp\/v2\/categories?post=9321"},{"taxonomy":"post_tag","embeddable":true,"href":"https:\/\/www.link2fleet.com\/fr\/wp-json\/wp\/v2\/tags?post=9321"}],"curies":[{"name":"wp","href":"https:\/\/api.w.org\/{rel}","templated":true}]}}