{"id":9379,"date":"2023-04-20T13:09:53","date_gmt":"2023-04-20T11:09:53","guid":{"rendered":"https:\/\/www.link2fleet.com\/quel-impact-levolution-de-la-fiscalite-a-t-elle-reellement-sur-les-travailleurs\/"},"modified":"2023-04-20T13:09:53","modified_gmt":"2023-04-20T11:09:53","slug":"quel-impact-levolution-de-la-fiscalite-a-t-elle-reellement-sur-les-travailleurs","status":"publish","type":"post","link":"https:\/\/www.link2fleet.com\/fr\/quel-impact-levolution-de-la-fiscalite-a-t-elle-reellement-sur-les-travailleurs\/","title":{"rendered":"Quel impact l&rsquo;\u00e9volution de la fiscalit\u00e9 a-t-elle r\u00e9ellement sur les travailleurs ?"},"content":{"rendered":"<p style=\"font-weight: 400;\">Ces v\u00e9hicules hybrides rechargeables ont b\u00e9n\u00e9fici\u00e9 d&rsquo;incitations fiscales pendant plusieurs ann\u00e9es, en particulier depuis le 1er janvier 2020, tout comme les v\u00e9hicules enti\u00e8rement \u00e9lectriques. Cela va maintenant changer pour les voitures NZE command\u00e9es apr\u00e8s le 1er juillet 2023, y compris les voitures hybrides rechargeables.<\/p>\n<p>&nbsp;<\/p>\n<p style=\"font-weight: 400;\"><strong>Qu&rsquo;est ce qui change?<\/strong><\/p>\n<p style=\"font-weight: 400;\">La d\u00e9duction fiscale de la carte carburant fossile pour les v\u00e9hicules hybrides rechargeables est d\u00e9j\u00e0 plafonn\u00e9e \u00e0 50 % depuis le 1er janvier 2023. Cette mesure n&rsquo;a qu&rsquo;un effet marginal si le v\u00e9hicule hybride rechargeable roule beaucoup \u00e0 l&rsquo;\u00e9lectricit\u00e9.<\/p>\n<p style=\"font-weight: 400;\">A partir du 1er juillet 2023, les d\u00e9ductions fiscales seront limit\u00e9es dans le temps pour les voitures NZE command\u00e9es \u00e0 partir de cette date. Toujours 100% en 2023 et 2024, maximum 75% en 2025, 50% en 2026, 25% en 2027 et 0% en 2028. Ces 25 % de d\u00e9duction fiscale en moins peuvent rapidement avoir un effet de 50 \u00e0 100 euros par mois en fonction de la taille de la voiture et de son prix de location.<\/p>\n<p style=\"font-weight: 400;\">La contribution au CO2 sera \u00e9galement multipli\u00e9e par un facteur de 2,25 pour les voitures NZE command\u00e9es \u00e0 partir du 1er juillet 2023. Les voitures NZE command\u00e9es \u00e0 partir du 1er janvier 2025 seront multipli\u00e9es par un facteur de 2,75, \u00e0 partir de 2026 par un facteur de 4 et \u00e0 partir de 2027 par un facteur de 5,5. Sans tenir compte de l&rsquo;indexation annuelle, cela signifie une augmentation d&rsquo;au moins 28,17 euros par mois pour un v\u00e9hicule hybride rechargeable \u00e0 +\/- 64 euros par mois en 2024 et 2025.<\/p>\n<p style=\"font-weight: 400;\">L&rsquo;impact de ces deux augmentations aura pour cons\u00e9quence des co\u00fbts suppl\u00e9mentaires pour l&#8217;employeur.<\/p>\n<p>&nbsp;<\/p>\n<p style=\"font-weight: 400;\"><strong>Moins de voitures pour le m\u00eame budget?<\/strong><\/p>\n<p style=\"font-weight: 400;\">Cela d\u00e9pend de la car-policy!<\/p>\n<p>Si vous pouvez choisir une voiture sur base d&rsquo;un budget de leasing, alors rien ne change en th\u00e9orie. En principe, vous pouvez toujours choisir la m\u00eame voiture. Il se peut cependant que la soci\u00e9t\u00e9 de leasing va revoir prochainement \u00e0 la baisse la valeur r\u00e9siduelle des mod\u00e8les plug-in hybrides. En cons\u00e9quence, vous allez b\u00e9n\u00e9ficier d&rsquo;une voiture un peu moins bien \u00e9quip\u00e9e pour le m\u00eame budget. C&rsquo;est l&#8217;employeur qui supportera l&rsquo;augmentation des co\u00fbts fiscaux dans les ann\u00e9es \u00e0 venir.<\/p>\n<p style=\"font-weight: 400;\">Si l&#8217;employeur dispose d&rsquo;une liste de voitures ou vous permet de choisir sur la base d&rsquo;un TCO (co\u00fbt total de possession (y compris les co\u00fbts fiscaux)) et qu&rsquo;il d\u00e9cide de ne pas facturer ces co\u00fbts fiscaux suppl\u00e9mentaires, vous pourrez choisir avec discernement une voiture moins ch\u00e8re pour le m\u00eame budget TCO (+\/-75 \u00e0 130 euros par mois de moins pour le leasing en fonction de la taille de la voiture, ce qui est consid\u00e9rable). L&rsquo;\u00e9l\u00e9ment temporel de l&rsquo;augmentation des co\u00fbts fiscaux peut \u00eatre pris en compte. L&#8217;employeur ne supporte donc pas ou seulement partiellement (selon son choix) les co\u00fbts fiscaux suppl\u00e9mentaires.<\/p>\n<p>&nbsp;<\/p>\n<p style=\"font-weight: 400;\"><strong>Un ATN plus \u00e9lev\u00e9?<\/strong><\/p>\n<p style=\"font-weight: 400;\">En principe non! La formule reste inchang\u00e9e (en tout cas pour l&rsquo;instant). Cela signifie que vous payez un avantage de toute nature sur base d&rsquo;une valeur catalogue, un taux d&rsquo;\u00e9missions de CO2 compar\u00e9 \u00e0 celui de r\u00e9f\u00e9rence (82 g\/km pour un PHEV essence en 2023). Une voiture hybride rechargeable restera une voiture fiscalement int\u00e9ressante du point de vue de tous les avantages, m\u00eame apr\u00e8s les modifications fiscales du 1er juillet 2023 et des ann\u00e9es suivantes.<\/p>\n<p style=\"font-weight: 400;\">Dans la pratique, compte tenu des faibles \u00e9missions de CO2 des voitures hybrides rechargeables, l&rsquo;avantage en nature minimum de 4 % de la valeur catalogue reste d&rsquo;application. Cela ne changera pas avec les modifications fiscales du 1er juillet 2023 !<\/p>\n<p style=\"font-weight: 400;\">\n<p>&nbsp;<\/p>\n<p style=\"font-weight: 400;\"><strong>Pour moi en tant que travailleur, \u00e7a change quelque chose?<\/strong><\/p>\n<p style=\"font-weight: 400;\">Eh bien, oui! En fonction de la car-policy.<\/p>\n<p style=\"font-weight: 400;\">Toutefois, la plupart des employeurs ne supporteront pas le co\u00fbt suppl\u00e9mentaire des modifications fiscales apr\u00e8s le 1er juillet 2023. Cela signifie que vous pouvez soit commander une voiture non \u00e9lectrique plus petite (voiture NZE) apr\u00e8s cette date, soit commander une voiture \u00e9lectrique \u00e9quivalente (\u00e0 votre voiture actuelle\/pr\u00e9c\u00e9dente) (z\u00e9ro \u00e9mission). Ou que vous pouvez demander d&rsquo;autres solutions de mobilit\u00e9 et\/ou un budget de mobilit\u00e9.<\/p>\n<p>&nbsp;<\/p>\n<p style=\"font-weight: 400;\"><strong>Tous en \u00e9lectrique?<\/strong><\/p>\n<p style=\"font-weight: 400;\"><a href=\"https:\/\/www.link2fleet.com\/wp-content\/uploads\/2023\/02\/prise-ev.jpg\"><img loading=\"lazy\" decoding=\"async\" class=\"alignright size-medium wp-image-1290741\" src=\"https:\/\/www.link2fleet.com\/wp-content\/uploads\/2023\/02\/prise-ev-300x165.jpg\" alt=\"\" width=\"300\" height=\"165\" \/><\/a>La conduite \u00e9lectrique n\u00e9cessite un profil ad\u00e9quat. Cependant, avec l&rsquo;augmentation constante de l&rsquo;autonomie, qui atteint facilement 400 km et plus, c&rsquo;est plut\u00f4t l&rsquo;exception qui ne pourra pas rouler en full \u00e9lectrique. Si l&rsquo;on n&rsquo;a pas la possibilit\u00e9 de recharger sa voiture \u00e0 la maison, c&rsquo;est-\u00e0-dire si l&rsquo;on ne dispose pas d&rsquo;une borne de recharge devant chez soi, et que l&rsquo;on doit se rendre chaque jour chez ses clients, qui sont assez dispers\u00e9s, la conduite \u00e9lectrique repr\u00e9sente un v\u00e9ritable d\u00e9fi. Dans les autres cas, si vous ne pouvez pas recharger votre voiture \u00e0 la maison mais que vous habitez \u00e0 50 km maximum de votre lieu de travail et que vous pouvez recharger votre voiture au travail, ou que vous pouvez recharger votre voiture \u00e0 la maison, alors vous pouvez confortablement rouler \u00e0 l&rsquo;\u00e9lectricit\u00e9.<\/p>\n<p>&nbsp;<\/p>\n<p style=\"font-weight: 400;\"><strong>Que faire?<\/strong><\/p>\n<p><a href=\"https:\/\/www.link2fleet.com\/wp-content\/uploads\/2020\/03\/location-vehicule-professionnel.jpg\"><img loading=\"lazy\" decoding=\"async\" class=\"size-medium wp-image-1257104\" src=\"https:\/\/www.link2fleet.com\/wp-content\/uploads\/2020\/03\/location-vehicule-professionnel-300x98.jpg\" alt=\"\" width=\"300\" height=\"98\" \/><\/a><\/p>\n<p style=\"font-weight: 400;\">Si vous devez choisir une nouvelle voiture de soci\u00e9t\u00e9 en 2023 ou (d\u00e9but) 2024, que vous pr\u00e9f\u00e9rez toujours ne pas rouler en tout \u00e9lectrique et que votre employeur l&rsquo;autorise encore, il est pr\u00e9f\u00e9rable de commander avant le 1er juillet 2023. Les d\u00e9lais de livraison sont encore consid\u00e9rables (en fonction de la marque).<\/p>\n<p style=\"font-weight: 400;\">Vous pouvez vous renseigner sur la question \u00ab\u00a0que signifie concr\u00e8tement rouler \u00e0 l&rsquo;\u00e9lectricit\u00e9 ?\u00a0\u00bb sur youtube, aupr\u00e8s de coll\u00e8gues et\/ou d&rsquo;amis. Des milliers de personnes sont d\u00e9j\u00e0 pass\u00e9es par l\u00e0. Personnellement, j&rsquo;ai pass\u00e9 le cap depuis 8 ans et plus de 200 000 km d&rsquo;exp\u00e9rience, dont 3 fois des vacances en Espagne (+\/- 1800 km) et en Autriche (+\/- 950 km). J&rsquo;aime prendre des p\u00e9riodes de repos lors de (tr\u00e8s) longs voyages afin de conduire confortablement (moins de bruit et de charge quand je ne conduis pas) et, si n\u00e9cessaire, sportivement, tout en \u00e9tant conscient de l&rsquo;environnement. Je n&rsquo;ai aucune envie de revenir en arri\u00e8re.<\/p>\n<p style=\"font-weight: 400;\">Lorsque les mentalit\u00e9s \u00e9volueront vers la conduite \u00e9lectrique, il sera possible de choisir parmi une gamme de plus en plus large de belles voitures \u00e9lectriques.<\/p>\n<p style=\"font-weight: 400;\">Vous pouvez vous informer et r\u00e9fl\u00e9chir \u00e0 la question suivante : \u00ab\u00a0N&rsquo;y a-t-il pas d&rsquo;autres moyens de se d\u00e9placer ? Le v\u00e9lo \u00e9lectrique est souvent un compl\u00e9ment sain \u00e0 une voiture de soci\u00e9t\u00e9 \u00e9lectrique (plus petite)&#8230;. Sortez des sentiers battus !<\/p>\n<p style=\"font-weight: 400;\">Et informez votre employeur de vos souhaits, de vos questions et de vos pr\u00e9occupations&#8230;. ! Nous nous ferons un plaisir d&rsquo;aider votre employeur \u00e0 modifier son offre de mobilit\u00e9.<\/p>\n<p style=\"font-weight: 400; text-align: right;\">\n<p style=\"font-weight: 400; text-align: right;\"><strong>Bart Vanham<\/strong><\/p>\n<p style=\"font-weight: 400; text-align: right;\"><a href=\"http:\/\/www.fleet3sixty.com\"><strong>www.fleet3sixty.com<\/strong><\/a><\/p>\n","protected":false},"excerpt":{"rendered":"<p>Ces v\u00e9hicules hybrides rechargeables ont b\u00e9n\u00e9fici\u00e9 d&rsquo;incitations fiscales pendant plusieurs ann\u00e9es, en particulier depuis le 1er janvier 2020, tout comme les v\u00e9hicules enti\u00e8rement \u00e9lectriques. Cela va maintenant changer pour les voitures NZE command\u00e9es apr\u00e8s le 1er juillet 2023, y compris les voitures hybrides rechargeables. &nbsp; Qu&rsquo;est ce qui change? La d\u00e9duction fiscale de la carte [&hellip;]<\/p>\n","protected":false},"author":4,"featured_media":9380,"comment_status":"closed","ping_status":"closed","sticky":false,"template":"","format":"standard","meta":{"_acf_changed":false,"footnotes":""},"categories":[91,101],"tags":[],"class_list":["post-9379","post","type-post","status-publish","format-standard","has-post-thumbnail","hentry","category-expertise-et-management","category-tax-legal"],"acf":[],"yoast_head":"<!-- This site is optimized with the Yoast SEO plugin v27.3 - https:\/\/yoast.com\/product\/yoast-seo-wordpress\/ -->\n<title>Quel impact l&#039;\u00e9volution de la fiscalit\u00e9 a-t-elle r\u00e9ellement sur les travailleurs ? - link2fleet<\/title>\n<meta name=\"description\" content=\"Vous avez probablement d\u00e9j\u00e0 lu, entendu ou vu les nombreux articles concernant la modification de la taxation des voitures \u00e0 \u00e9missions non neutres (NZE) \u00e0\u2026\" \/>\n<meta name=\"robots\" content=\"index, follow, max-snippet:-1, max-image-preview:large, max-video-preview:-1\" \/>\n<meta property=\"og:locale\" content=\"fr_FR\" \/>\n<meta property=\"og:type\" content=\"article\" \/>\n<meta property=\"og:title\" content=\"Quel impact l&#039;\u00e9volution de la fiscalit\u00e9 a-t-elle r\u00e9ellement sur les travailleurs ? - link2fleet\" \/>\n<meta property=\"og:description\" content=\"Vous avez probablement d\u00e9j\u00e0 lu, entendu ou vu les nombreux articles concernant la modification de la taxation des voitures \u00e0 \u00e9missions non neutres (NZE) \u00e0\u2026\" \/>\n<meta property=\"og:url\" content=\"https:\/\/www.link2fleet.com\/fr\/quel-impact-levolution-de-la-fiscalite-a-t-elle-reellement-sur-les-travailleurs\/\" \/>\n<meta property=\"og:site_name\" content=\"link2fleet\" \/>\n<meta property=\"article:published_time\" content=\"2023-04-20T11:09:53+00:00\" \/>\n<meta property=\"og:image\" content=\"https:\/\/static.link2fleet.com\/wp-content\/uploads\/2024\/03\/fiscale-regeling.jpg\" \/>\n\t<meta property=\"og:image:width\" content=\"4202\" \/>\n\t<meta property=\"og:image:height\" content=\"2847\" \/>\n\t<meta property=\"og:image:type\" content=\"image\/jpeg\" \/>\n<meta name=\"author\" content=\"Damien Malvetti\" \/>\n<meta name=\"twitter:card\" content=\"summary_large_image\" \/>\n<meta name=\"twitter:description\" content=\"Vous avez probablement d\u00e9j\u00e0 lu, entendu ou vu les nombreux articles concernant la modification de la taxation des voitures \u00e0 \u00e9missions non neutres (NZE) \u00e0\u2026\" \/>\n<meta name=\"twitter:label1\" content=\"\u00c9crit par\" \/>\n\t<meta name=\"twitter:data1\" content=\"Damien Malvetti\" \/>\n\t<meta name=\"twitter:label2\" content=\"Dur\u00e9e de lecture estim\u00e9e\" \/>\n\t<meta name=\"twitter:data2\" content=\"5 minutes\" \/>\n<script type=\"application\/ld+json\" class=\"yoast-schema-graph\">{\"@context\":\"https:\\\/\\\/schema.org\",\"@graph\":[{\"@type\":\"Article\",\"@id\":\"https:\\\/\\\/www.link2fleet.com\\\/fr\\\/quel-impact-levolution-de-la-fiscalite-a-t-elle-reellement-sur-les-travailleurs\\\/#article\",\"isPartOf\":{\"@id\":\"https:\\\/\\\/www.link2fleet.com\\\/fr\\\/quel-impact-levolution-de-la-fiscalite-a-t-elle-reellement-sur-les-travailleurs\\\/\"},\"author\":{\"name\":\"Damien Malvetti\",\"@id\":\"https:\\\/\\\/www.link2fleet.com\\\/fr\\\/#\\\/schema\\\/person\\\/027cd46113c78036b3809c9a054049da\"},\"headline\":\"Quel impact l&rsquo;\u00e9volution de la fiscalit\u00e9 a-t-elle r\u00e9ellement sur les travailleurs ?\",\"datePublished\":\"2023-04-20T11:09:53+00:00\",\"mainEntityOfPage\":{\"@id\":\"https:\\\/\\\/www.link2fleet.com\\\/fr\\\/quel-impact-levolution-de-la-fiscalite-a-t-elle-reellement-sur-les-travailleurs\\\/\"},\"wordCount\":1145,\"publisher\":{\"@id\":\"https:\\\/\\\/www.link2fleet.com\\\/fr\\\/#organization\"},\"image\":{\"@id\":\"https:\\\/\\\/www.link2fleet.com\\\/fr\\\/quel-impact-levolution-de-la-fiscalite-a-t-elle-reellement-sur-les-travailleurs\\\/#primaryimage\"},\"thumbnailUrl\":\"https:\\\/\\\/static.link2fleet.com\\\/wp-content\\\/uploads\\\/2024\\\/03\\\/fiscale-regeling.jpg\",\"articleSection\":[\"Gestion de flotte\",\"Tax &amp; legal\"],\"inLanguage\":\"fr-FR\"},{\"@type\":\"WebPage\",\"@id\":\"https:\\\/\\\/www.link2fleet.com\\\/fr\\\/quel-impact-levolution-de-la-fiscalite-a-t-elle-reellement-sur-les-travailleurs\\\/\",\"url\":\"https:\\\/\\\/www.link2fleet.com\\\/fr\\\/quel-impact-levolution-de-la-fiscalite-a-t-elle-reellement-sur-les-travailleurs\\\/\",\"name\":\"Quel impact l'\u00e9volution de la fiscalit\u00e9 a-t-elle r\u00e9ellement sur les travailleurs ? - link2fleet\",\"isPartOf\":{\"@id\":\"https:\\\/\\\/www.link2fleet.com\\\/fr\\\/#website\"},\"primaryImageOfPage\":{\"@id\":\"https:\\\/\\\/www.link2fleet.com\\\/fr\\\/quel-impact-levolution-de-la-fiscalite-a-t-elle-reellement-sur-les-travailleurs\\\/#primaryimage\"},\"image\":{\"@id\":\"https:\\\/\\\/www.link2fleet.com\\\/fr\\\/quel-impact-levolution-de-la-fiscalite-a-t-elle-reellement-sur-les-travailleurs\\\/#primaryimage\"},\"thumbnailUrl\":\"https:\\\/\\\/static.link2fleet.com\\\/wp-content\\\/uploads\\\/2024\\\/03\\\/fiscale-regeling.jpg\",\"datePublished\":\"2023-04-20T11:09:53+00:00\",\"breadcrumb\":{\"@id\":\"https:\\\/\\\/www.link2fleet.com\\\/fr\\\/quel-impact-levolution-de-la-fiscalite-a-t-elle-reellement-sur-les-travailleurs\\\/#breadcrumb\"},\"inLanguage\":\"fr-FR\",\"potentialAction\":[{\"@type\":\"ReadAction\",\"target\":[\"https:\\\/\\\/www.link2fleet.com\\\/fr\\\/quel-impact-levolution-de-la-fiscalite-a-t-elle-reellement-sur-les-travailleurs\\\/\"]}]},{\"@type\":\"ImageObject\",\"inLanguage\":\"fr-FR\",\"@id\":\"https:\\\/\\\/www.link2fleet.com\\\/fr\\\/quel-impact-levolution-de-la-fiscalite-a-t-elle-reellement-sur-les-travailleurs\\\/#primaryimage\",\"url\":\"https:\\\/\\\/static.link2fleet.com\\\/wp-content\\\/uploads\\\/2024\\\/03\\\/fiscale-regeling.jpg\",\"contentUrl\":\"https:\\\/\\\/static.link2fleet.com\\\/wp-content\\\/uploads\\\/2024\\\/03\\\/fiscale-regeling.jpg\",\"width\":4202,\"height\":2847},{\"@type\":\"BreadcrumbList\",\"@id\":\"https:\\\/\\\/www.link2fleet.com\\\/fr\\\/quel-impact-levolution-de-la-fiscalite-a-t-elle-reellement-sur-les-travailleurs\\\/#breadcrumb\",\"itemListElement\":[{\"@type\":\"ListItem\",\"position\":1,\"name\":\"Home\",\"item\":\"https:\\\/\\\/www.link2fleet.com\\\/fr\\\/\"},{\"@type\":\"ListItem\",\"position\":2,\"name\":\"Quel impact l&#8217;\u00e9volution de la fiscalit\u00e9 a-t-elle r\u00e9ellement sur les travailleurs ?\"}]},{\"@type\":\"WebSite\",\"@id\":\"https:\\\/\\\/www.link2fleet.com\\\/fr\\\/#website\",\"url\":\"https:\\\/\\\/www.link2fleet.com\\\/fr\\\/\",\"name\":\"Link2fleet\",\"description\":\"\",\"publisher\":{\"@id\":\"https:\\\/\\\/www.link2fleet.com\\\/fr\\\/#organization\"},\"potentialAction\":[{\"@type\":\"SearchAction\",\"target\":{\"@type\":\"EntryPoint\",\"urlTemplate\":\"https:\\\/\\\/www.link2fleet.com\\\/fr\\\/?s={search_term_string}\"},\"query-input\":{\"@type\":\"PropertyValueSpecification\",\"valueRequired\":true,\"valueName\":\"search_term_string\"}}],\"inLanguage\":\"fr-FR\"},{\"@type\":\"Organization\",\"@id\":\"https:\\\/\\\/www.link2fleet.com\\\/fr\\\/#organization\",\"name\":\"Link2fleet\",\"url\":\"https:\\\/\\\/www.link2fleet.com\\\/fr\\\/\",\"logo\":{\"@type\":\"ImageObject\",\"inLanguage\":\"fr-FR\",\"@id\":\"https:\\\/\\\/www.link2fleet.com\\\/fr\\\/#\\\/schema\\\/logo\\\/image\\\/\",\"url\":\"https:\\\/\\\/static.link2fleet.com\\\/wp-content\\\/uploads\\\/2024\\\/03\\\/share-image.jpg\",\"contentUrl\":\"https:\\\/\\\/static.link2fleet.com\\\/wp-content\\\/uploads\\\/2024\\\/03\\\/share-image.jpg\",\"width\":1200,\"height\":630,\"caption\":\"Link2fleet\"},\"image\":{\"@id\":\"https:\\\/\\\/www.link2fleet.com\\\/fr\\\/#\\\/schema\\\/logo\\\/image\\\/\"},\"sameAs\":[\"https:\\\/\\\/www.linkedin.com\\\/company\\\/link2fleet-belgium\",\"https:\\\/\\\/www.youtube.com\\\/user\\\/MMMBMBE\"]},{\"@type\":\"Person\",\"@id\":\"https:\\\/\\\/www.link2fleet.com\\\/fr\\\/#\\\/schema\\\/person\\\/027cd46113c78036b3809c9a054049da\",\"name\":\"Damien Malvetti\",\"image\":{\"@type\":\"ImageObject\",\"inLanguage\":\"fr-FR\",\"@id\":\"https:\\\/\\\/secure.gravatar.com\\\/avatar\\\/dd8cc03b49466c735f753ac37f8caa371af16dfed347456ed61f02883255eebb?s=96&d=mm&r=g\",\"url\":\"https:\\\/\\\/secure.gravatar.com\\\/avatar\\\/dd8cc03b49466c735f753ac37f8caa371af16dfed347456ed61f02883255eebb?s=96&d=mm&r=g\",\"contentUrl\":\"https:\\\/\\\/secure.gravatar.com\\\/avatar\\\/dd8cc03b49466c735f753ac37f8caa371af16dfed347456ed61f02883255eebb?s=96&d=mm&r=g\",\"caption\":\"Damien Malvetti\"},\"description\":\"Damien Malvetti is opgeleid als journalist en gepassioneerd door wagens, technologie en mobiliteit. Hij is verantwoordelijk voor de redactionele inhoud van link2fleet en beschikt over een uitgebreide kennis van de fleet-sector en elektrische mobiliteit.\",\"sameAs\":[\"https:\\\/\\\/www.linkedin.com\\\/in\\\/damien-malvetti-56601142\\\/\"]}]}<\/script>\n<!-- \/ Yoast SEO plugin. -->","yoast_head_json":{"title":"Quel impact l'\u00e9volution de la fiscalit\u00e9 a-t-elle r\u00e9ellement sur les travailleurs ? - link2fleet","description":"Vous avez probablement d\u00e9j\u00e0 lu, entendu ou vu les nombreux articles concernant la modification de la taxation des voitures \u00e0 \u00e9missions non neutres (NZE) \u00e0\u2026","robots":{"index":"index","follow":"follow","max-snippet":"max-snippet:-1","max-image-preview":"max-image-preview:large","max-video-preview":"max-video-preview:-1"},"og_locale":"fr_FR","og_type":"article","og_title":"Quel impact l'\u00e9volution de la fiscalit\u00e9 a-t-elle r\u00e9ellement sur les travailleurs ? - link2fleet","og_description":"Vous avez probablement d\u00e9j\u00e0 lu, entendu ou vu les nombreux articles concernant la modification de la taxation des voitures \u00e0 \u00e9missions non neutres (NZE) \u00e0\u2026","og_url":"https:\/\/www.link2fleet.com\/fr\/quel-impact-levolution-de-la-fiscalite-a-t-elle-reellement-sur-les-travailleurs\/","og_site_name":"link2fleet","article_published_time":"2023-04-20T11:09:53+00:00","og_image":[{"width":4202,"height":2847,"url":"https:\/\/static.link2fleet.com\/wp-content\/uploads\/2024\/03\/fiscale-regeling.jpg","type":"image\/jpeg"}],"author":"Damien Malvetti","twitter_card":"summary_large_image","twitter_description":"Vous avez probablement d\u00e9j\u00e0 lu, entendu ou vu les nombreux articles concernant la modification de la taxation des voitures \u00e0 \u00e9missions non neutres (NZE) \u00e0\u2026","twitter_misc":{"\u00c9crit par":"Damien Malvetti","Dur\u00e9e de lecture estim\u00e9e":"5 minutes"},"schema":{"@context":"https:\/\/schema.org","@graph":[{"@type":"Article","@id":"https:\/\/www.link2fleet.com\/fr\/quel-impact-levolution-de-la-fiscalite-a-t-elle-reellement-sur-les-travailleurs\/#article","isPartOf":{"@id":"https:\/\/www.link2fleet.com\/fr\/quel-impact-levolution-de-la-fiscalite-a-t-elle-reellement-sur-les-travailleurs\/"},"author":{"name":"Damien Malvetti","@id":"https:\/\/www.link2fleet.com\/fr\/#\/schema\/person\/027cd46113c78036b3809c9a054049da"},"headline":"Quel impact l&rsquo;\u00e9volution de la fiscalit\u00e9 a-t-elle r\u00e9ellement sur les travailleurs ?","datePublished":"2023-04-20T11:09:53+00:00","mainEntityOfPage":{"@id":"https:\/\/www.link2fleet.com\/fr\/quel-impact-levolution-de-la-fiscalite-a-t-elle-reellement-sur-les-travailleurs\/"},"wordCount":1145,"publisher":{"@id":"https:\/\/www.link2fleet.com\/fr\/#organization"},"image":{"@id":"https:\/\/www.link2fleet.com\/fr\/quel-impact-levolution-de-la-fiscalite-a-t-elle-reellement-sur-les-travailleurs\/#primaryimage"},"thumbnailUrl":"https:\/\/static.link2fleet.com\/wp-content\/uploads\/2024\/03\/fiscale-regeling.jpg","articleSection":["Gestion de flotte","Tax &amp; legal"],"inLanguage":"fr-FR"},{"@type":"WebPage","@id":"https:\/\/www.link2fleet.com\/fr\/quel-impact-levolution-de-la-fiscalite-a-t-elle-reellement-sur-les-travailleurs\/","url":"https:\/\/www.link2fleet.com\/fr\/quel-impact-levolution-de-la-fiscalite-a-t-elle-reellement-sur-les-travailleurs\/","name":"Quel impact l'\u00e9volution de la fiscalit\u00e9 a-t-elle r\u00e9ellement sur les travailleurs ? - link2fleet","isPartOf":{"@id":"https:\/\/www.link2fleet.com\/fr\/#website"},"primaryImageOfPage":{"@id":"https:\/\/www.link2fleet.com\/fr\/quel-impact-levolution-de-la-fiscalite-a-t-elle-reellement-sur-les-travailleurs\/#primaryimage"},"image":{"@id":"https:\/\/www.link2fleet.com\/fr\/quel-impact-levolution-de-la-fiscalite-a-t-elle-reellement-sur-les-travailleurs\/#primaryimage"},"thumbnailUrl":"https:\/\/static.link2fleet.com\/wp-content\/uploads\/2024\/03\/fiscale-regeling.jpg","datePublished":"2023-04-20T11:09:53+00:00","breadcrumb":{"@id":"https:\/\/www.link2fleet.com\/fr\/quel-impact-levolution-de-la-fiscalite-a-t-elle-reellement-sur-les-travailleurs\/#breadcrumb"},"inLanguage":"fr-FR","potentialAction":[{"@type":"ReadAction","target":["https:\/\/www.link2fleet.com\/fr\/quel-impact-levolution-de-la-fiscalite-a-t-elle-reellement-sur-les-travailleurs\/"]}]},{"@type":"ImageObject","inLanguage":"fr-FR","@id":"https:\/\/www.link2fleet.com\/fr\/quel-impact-levolution-de-la-fiscalite-a-t-elle-reellement-sur-les-travailleurs\/#primaryimage","url":"https:\/\/static.link2fleet.com\/wp-content\/uploads\/2024\/03\/fiscale-regeling.jpg","contentUrl":"https:\/\/static.link2fleet.com\/wp-content\/uploads\/2024\/03\/fiscale-regeling.jpg","width":4202,"height":2847},{"@type":"BreadcrumbList","@id":"https:\/\/www.link2fleet.com\/fr\/quel-impact-levolution-de-la-fiscalite-a-t-elle-reellement-sur-les-travailleurs\/#breadcrumb","itemListElement":[{"@type":"ListItem","position":1,"name":"Home","item":"https:\/\/www.link2fleet.com\/fr\/"},{"@type":"ListItem","position":2,"name":"Quel impact l&#8217;\u00e9volution de la fiscalit\u00e9 a-t-elle r\u00e9ellement sur les travailleurs ?"}]},{"@type":"WebSite","@id":"https:\/\/www.link2fleet.com\/fr\/#website","url":"https:\/\/www.link2fleet.com\/fr\/","name":"Link2fleet","description":"","publisher":{"@id":"https:\/\/www.link2fleet.com\/fr\/#organization"},"potentialAction":[{"@type":"SearchAction","target":{"@type":"EntryPoint","urlTemplate":"https:\/\/www.link2fleet.com\/fr\/?s={search_term_string}"},"query-input":{"@type":"PropertyValueSpecification","valueRequired":true,"valueName":"search_term_string"}}],"inLanguage":"fr-FR"},{"@type":"Organization","@id":"https:\/\/www.link2fleet.com\/fr\/#organization","name":"Link2fleet","url":"https:\/\/www.link2fleet.com\/fr\/","logo":{"@type":"ImageObject","inLanguage":"fr-FR","@id":"https:\/\/www.link2fleet.com\/fr\/#\/schema\/logo\/image\/","url":"https:\/\/static.link2fleet.com\/wp-content\/uploads\/2024\/03\/share-image.jpg","contentUrl":"https:\/\/static.link2fleet.com\/wp-content\/uploads\/2024\/03\/share-image.jpg","width":1200,"height":630,"caption":"Link2fleet"},"image":{"@id":"https:\/\/www.link2fleet.com\/fr\/#\/schema\/logo\/image\/"},"sameAs":["https:\/\/www.linkedin.com\/company\/link2fleet-belgium","https:\/\/www.youtube.com\/user\/MMMBMBE"]},{"@type":"Person","@id":"https:\/\/www.link2fleet.com\/fr\/#\/schema\/person\/027cd46113c78036b3809c9a054049da","name":"Damien Malvetti","image":{"@type":"ImageObject","inLanguage":"fr-FR","@id":"https:\/\/secure.gravatar.com\/avatar\/dd8cc03b49466c735f753ac37f8caa371af16dfed347456ed61f02883255eebb?s=96&d=mm&r=g","url":"https:\/\/secure.gravatar.com\/avatar\/dd8cc03b49466c735f753ac37f8caa371af16dfed347456ed61f02883255eebb?s=96&d=mm&r=g","contentUrl":"https:\/\/secure.gravatar.com\/avatar\/dd8cc03b49466c735f753ac37f8caa371af16dfed347456ed61f02883255eebb?s=96&d=mm&r=g","caption":"Damien Malvetti"},"description":"Damien Malvetti is opgeleid als journalist en gepassioneerd door wagens, technologie en mobiliteit. Hij is verantwoordelijk voor de redactionele inhoud van link2fleet en beschikt over een uitgebreide kennis van de fleet-sector en elektrische mobiliteit.","sameAs":["https:\/\/www.linkedin.com\/in\/damien-malvetti-56601142\/"]}]}},"_links":{"self":[{"href":"https:\/\/www.link2fleet.com\/fr\/wp-json\/wp\/v2\/posts\/9379","targetHints":{"allow":["GET"]}}],"collection":[{"href":"https:\/\/www.link2fleet.com\/fr\/wp-json\/wp\/v2\/posts"}],"about":[{"href":"https:\/\/www.link2fleet.com\/fr\/wp-json\/wp\/v2\/types\/post"}],"author":[{"embeddable":true,"href":"https:\/\/www.link2fleet.com\/fr\/wp-json\/wp\/v2\/users\/4"}],"replies":[{"embeddable":true,"href":"https:\/\/www.link2fleet.com\/fr\/wp-json\/wp\/v2\/comments?post=9379"}],"version-history":[{"count":0,"href":"https:\/\/www.link2fleet.com\/fr\/wp-json\/wp\/v2\/posts\/9379\/revisions"}],"wp:featuredmedia":[{"embeddable":true,"href":"https:\/\/www.link2fleet.com\/fr\/wp-json\/wp\/v2\/media\/9380"}],"wp:attachment":[{"href":"https:\/\/www.link2fleet.com\/fr\/wp-json\/wp\/v2\/media?parent=9379"}],"wp:term":[{"taxonomy":"category","embeddable":true,"href":"https:\/\/www.link2fleet.com\/fr\/wp-json\/wp\/v2\/categories?post=9379"},{"taxonomy":"post_tag","embeddable":true,"href":"https:\/\/www.link2fleet.com\/fr\/wp-json\/wp\/v2\/tags?post=9379"}],"curies":[{"name":"wp","href":"https:\/\/api.w.org\/{rel}","templated":true}]}}