{"id":9437,"date":"2023-04-26T10:15:29","date_gmt":"2023-04-26T08:15:29","guid":{"rendered":"https:\/\/www.link2fleet.com\/enquete-arval-mobility-observatory-disposer-dune-offre-de-mobilite-permet-de-retenir-les-talents-et-den-attirer-de-nouveaux\/"},"modified":"2023-04-26T10:15:29","modified_gmt":"2023-04-26T08:15:29","slug":"enquete-arval-mobility-observatory-disposer-dune-offre-de-mobilite-permet-de-retenir-les-talents-et-den-attirer-de-nouveaux","status":"publish","type":"post","link":"https:\/\/www.link2fleet.com\/fr\/enquete-arval-mobility-observatory-disposer-dune-offre-de-mobilite-permet-de-retenir-les-talents-et-den-attirer-de-nouveaux\/","title":{"rendered":"Enqu\u00eate Arval Mobility Observatory : \u00abDisposer d\u2019une offre de mobilit\u00e9 permet de retenir les talents et d\u2019en attirer de nouveaux\u2009\u00bb"},"content":{"rendered":"<p>Pour l&rsquo;enqu\u00eate sur la mobilit\u00e9 des employ\u00e9s, l\u2019Arval Mobility Observatory a interrog\u00e9 2905 salari\u00e9s europ\u00e9ens &#8211; de Belgique (500), des Pays-Bas, d&rsquo;Allemagne, de France, d&rsquo;Espagne et d&rsquo;Italie -, actifs au sein d&rsquo;entreprises priv\u00e9es comptant plus de 100 employ\u00e9s chacune. Les questions portaient sur leur comportement en mati\u00e8re de mobilit\u00e9 et sur leurs attentes concernant les offres de mobilit\u00e9 des employeurs.<\/p>\n<p>&nbsp;<\/p>\n<p><strong>La voiture reste le choix privil\u00e9gi\u00e9<\/strong><\/p>\n<p>Bien que le travail \u00e0 domicile soit fortement ancr\u00e9 dans les habitudes depuis la pand\u00e9mie de coronavirus, seuls 60 % des employ\u00e9s interrog\u00e9s en Belgique pratiquent le t\u00e9l\u00e9travail au moins un jour par semaine. En effet, la moyenne belge est d&rsquo;un jour et demi de travail \u00e0 domicile par semaine. \u200b Les d\u00e9placements domicile-travail sont donc encore nombreux. La voiture (pour 68 % des personnes interrog\u00e9es) reste le moyen de transport le plus utilis\u00e9. Les deux-roues (23 %) et les transports publics (18 % &#8211; contre 22 % dans les autres pays) compl\u00e8tent le top 3 des moyens de transport. Pour motiver leurs choix pour les d\u00e9placements domicile-travail, les r\u00e9pondants citent la rapidit\u00e9 (42 %), le confort (28 %) et le fait que l&#8217;employeur intervienne dans les co\u00fbts (27 %).<\/p>\n<p>Pour leurs d\u00e9placements professionnels, les employ\u00e9s belges utilisent \u00e9galement la voiture individuelle (41 %), mais aussi l&rsquo;avion (38 %) et les voitures partag\u00e9es (21%). On constate aussi qu\u2019en Belgique le train (\u00e0 longue distance ou \u00e0 grande vitesse) est nettement moins utilis\u00e9 que la moyenne du benchmark (18 % contre 30 %).<\/p>\n<blockquote><p><em>\u00ab\u00a0Tant pour les trajets domicile-travail que pour les d\u00e9placements professionnels, les employ\u00e9s veulent un moyen de transport rapide et s\u00fbr, qui les rapproche le plus possible de leur domicile ou de leur lieu de travail et qui leur permette d&rsquo;\u00eatre flexibles dans leur emploi du temps. Ces crit\u00e8res convergent tous rapidement vers la voiture. Pour leurs d\u00e9placements domicile-travail en particulier, les employ\u00e9s belges attachent plus d&rsquo;importance que leurs coll\u00e8gues \u00e9trangers \u00e0 la prise en charge des frais par leur employeur.\u00a0\u00bb <\/em>Yves Ceurstemont de l\u2019Arval Mobility Observatory Belgium<\/p><\/blockquote>\n<p>&nbsp;<\/p>\n<p><strong>Des attentes \u00e9lev\u00e9es en mati\u00e8re d&rsquo;offre de mobilit\u00e9<\/strong><\/p>\n<p>La Belgique est en t\u00eate lorsqu&rsquo;il s&rsquo;agit d&rsquo;une offre de mobilit\u00e9 \u00e9largie. Ainsi, quatre Belges sur cinq &#8211; contre un peu moins de 3 sur 5 au niveau du benchmark &#8211; ont au moins un choix de service de mobilit\u00e9 par l&rsquo;interm\u00e9diaire de leur employeur. En moyenne, l&#8217;employeur propose 2,5 services de mobilit\u00e9, mais plus l&rsquo;entreprise est grande, plus l&rsquo;offre de mobilit\u00e9 est \u00e9tendue. Cette offre \u00e9tendue se traduit \u00e9galement par un taux de satisfaction plus \u00e9lev\u00e9: 51 % des employ\u00e9s belges sont satisfaits, contre 45 % dans le benchmark europ\u00e9en. Le niveau de satisfaction est fortement li\u00e9 au nombre de services de mobilit\u00e9 propos\u00e9s. Sur la totalit\u00e9 des employ\u00e9s interrog\u00e9s, seuls 62 % des employ\u00e9s utilisent au moins un des services de mobilit\u00e9 propos\u00e9s, soit parce que leur entreprise ne leur propose pas de service, soit parce que l\u2019offre n\u2019est pas appropri\u00e9e ou ne r\u00e9pond pas \u00e0 leurs besoins. 91 % des employ\u00e9s souhaiteraient que leur entreprise leur propose ou continue de leur proposer au moins un service de mobilit\u00e9 dans le futur.<\/p>\n<blockquote><p><em>\u00ab\u00a0Malgr\u00e9 cette plus grande satisfaction, notre \u00e9tude montre que les offres de mobilit\u00e9 propos\u00e9es ne s\u00e9duisent pas suffisamment l\u2019employ\u00e9 belge. Dans ce domaine, nous constatons que les entreprises ont encore une grande marge de man\u0153uvre pour convaincre leurs employ\u00e9s avec une offre de mobilit\u00e9 plus \u00e9largie, flexible et multimodale. \u00bb \u200b <\/em>Yves Ceurstemont de l\u2019Arval Mobility Observatory Belgium<\/p><\/blockquote>\n<p>&nbsp;<\/p>\n<p><strong>Une offre de mobilit\u00e9 \u00e9tendue incluant une voiture de soci\u00e9t\u00e9 est un atout pour la r\u00e9tention et le recrutement des talents<\/strong><\/p>\n<p>Enfin, l&rsquo;enqu\u00eate montre \u00e9galement que l&rsquo;offre de mobilit\u00e9 d&rsquo;un employeur est un facteur important dans la d\u00e9cision d&rsquo;accepter ou non une proposition. Quelque 70 % des employ\u00e9s citent l&rsquo;offre de mobilit\u00e9 comme un \u00e9l\u00e9ment important dans le choix d&rsquo;un employeur. En outre, 84 % indiquent qu\u2019une voiture de soci\u00e9t\u00e9 rend une offre d&#8217;emploi attrayante. \u200b<\/p>\n<p>Pr\u00e8s de six employ\u00e9s belges sur dix sont \u00e9galement convaincus que les employeurs vont accroitre leur offre de mobilit\u00e9 au cours des cinq prochaines ann\u00e9es.<\/p>\n<p>Interrog\u00e9s sur les services de mobilit\u00e9 que leur employeur devrait conserver ou d\u00e9velopper, les employ\u00e9s belges ne r\u00e9pondent pas, dans un premier temps, tr\u00e8s diff\u00e9remment de leurs coll\u00e8gues \u00e9trangers dans le benchmark. Mais lorsque l\u2019on s\u2019attarde sur ce qu&rsquo;ils voudraient vraiment dans cette offre, les employ\u00e9s belges se disent nettement plus s\u00e9duits par un remboursement (partiel) des frais de carburant ou d&rsquo;\u00e9nergie, une voiture de soci\u00e9t\u00e9 \u00e9lectrifi\u00e9e et un v\u00e9lo en leasing.<\/p>\n<blockquote><p><em>\u00ab\u00a0Les attentes des employ\u00e9s \u00e0 l&rsquo;\u00e9gard des offres de mobilit\u00e9 des employeurs sont \u00e9lev\u00e9es et ces offres constituent un facteur important dans le choix de l&#8217;employeur. Les entreprises qui parviennent \u00e0 mieux aligner leur offre sur les attentes des employ\u00e9s ont donc un net avantage dans la guerre des talents. \u00bb \u200b <\/em>Yves Ceurstemont de l\u2019Arval Mobility Observatory Belgium<\/p><\/blockquote>\n","protected":false},"excerpt":{"rendered":"<p>Pour l&rsquo;enqu\u00eate sur la mobilit\u00e9 des employ\u00e9s, l\u2019Arval Mobility Observatory a interrog\u00e9 2905 salari\u00e9s europ\u00e9ens &#8211; de Belgique (500), des Pays-Bas, d&rsquo;Allemagne, de France, d&rsquo;Espagne et d&rsquo;Italie -, actifs au sein d&rsquo;entreprises priv\u00e9es comptant plus de 100 employ\u00e9s chacune. Les questions portaient sur leur comportement en mati\u00e8re de mobilit\u00e9 et sur leurs attentes concernant les [&hellip;]<\/p>\n","protected":false},"author":4,"featured_media":9438,"comment_status":"closed","ping_status":"closed","sticky":false,"template":"","format":"standard","meta":{"_acf_changed":false,"footnotes":""},"categories":[90,88,89,99,87,97,98,96],"tags":[],"class_list":["post-9437","post","type-post","status-publish","format-standard","has-post-thumbnail","hentry","category-car-sharing-et-car-pooling","category-cartes-de-mobilite","category-modes-de-transports-alternatifs-flex-offices-parkings","category-gestiondeparking","category-mobility-2","category-transportsencommun","category-trottinettes_scooters_motos","category-velos-location"],"acf":[],"yoast_head":"<!-- This site is optimized with the Yoast SEO plugin v27.3 - https:\/\/yoast.com\/product\/yoast-seo-wordpress\/ -->\n<title>Enqu\u00eate Arval Mobility Observatory : \u00abDisposer d\u2019une offre de mobilit\u00e9 permet de retenir les talents et d\u2019en attirer de nouveaux\u2009\u00bb - link2fleet<\/title>\n<meta name=\"description\" content=\"La pr\u00e9sence d\u2019une offre de solutions de mobilit\u00e9 est un crit\u00e8re important dans le choix d&rsquo;un employeur pour sept employ\u00e9s sur dix interrog\u00e9s en Belgique.\u2026\" \/>\n<meta name=\"robots\" content=\"index, follow, max-snippet:-1, max-image-preview:large, max-video-preview:-1\" \/>\n<meta property=\"og:locale\" content=\"fr_FR\" \/>\n<meta property=\"og:type\" content=\"article\" \/>\n<meta property=\"og:title\" content=\"Enqu\u00eate Arval Mobility Observatory : \u00abDisposer d\u2019une offre de mobilit\u00e9 permet de retenir les talents et d\u2019en attirer de nouveaux\u2009\u00bb - link2fleet\" \/>\n<meta property=\"og:description\" content=\"La pr\u00e9sence d\u2019une offre de solutions de mobilit\u00e9 est un crit\u00e8re important dans le choix d&rsquo;un employeur pour sept employ\u00e9s sur dix interrog\u00e9s en Belgique.\u2026\" \/>\n<meta property=\"og:url\" content=\"https:\/\/www.link2fleet.com\/fr\/enquete-arval-mobility-observatory-disposer-dune-offre-de-mobilite-permet-de-retenir-les-talents-et-den-attirer-de-nouveaux\/\" \/>\n<meta property=\"og:site_name\" content=\"link2fleet\" \/>\n<meta property=\"article:published_time\" content=\"2023-04-26T08:15:29+00:00\" \/>\n<meta property=\"og:image\" content=\"https:\/\/static.link2fleet.com\/wp-content\/uploads\/2024\/03\/planmobilite.jpg\" \/>\n\t<meta property=\"og:image:width\" content=\"817\" \/>\n\t<meta property=\"og:image:height\" content=\"672\" \/>\n\t<meta property=\"og:image:type\" content=\"image\/jpeg\" \/>\n<meta name=\"author\" content=\"Damien Malvetti\" \/>\n<meta name=\"twitter:card\" content=\"summary_large_image\" \/>\n<meta name=\"twitter:description\" content=\"La pr\u00e9sence d\u2019une offre de solutions de mobilit\u00e9 est un crit\u00e8re important dans le choix d&rsquo;un employeur pour sept employ\u00e9s sur dix interrog\u00e9s en Belgique.\u2026\" \/>\n<meta name=\"twitter:label1\" content=\"\u00c9crit par\" \/>\n\t<meta name=\"twitter:data1\" content=\"Damien Malvetti\" \/>\n\t<meta name=\"twitter:label2\" content=\"Dur\u00e9e de lecture estim\u00e9e\" \/>\n\t<meta name=\"twitter:data2\" content=\"4 minutes\" \/>\n<script type=\"application\/ld+json\" class=\"yoast-schema-graph\">{\"@context\":\"https:\\\/\\\/schema.org\",\"@graph\":[{\"@type\":\"Article\",\"@id\":\"https:\\\/\\\/www.link2fleet.com\\\/fr\\\/enquete-arval-mobility-observatory-disposer-dune-offre-de-mobilite-permet-de-retenir-les-talents-et-den-attirer-de-nouveaux\\\/#article\",\"isPartOf\":{\"@id\":\"https:\\\/\\\/www.link2fleet.com\\\/fr\\\/enquete-arval-mobility-observatory-disposer-dune-offre-de-mobilite-permet-de-retenir-les-talents-et-den-attirer-de-nouveaux\\\/\"},\"author\":{\"name\":\"Damien Malvetti\",\"@id\":\"https:\\\/\\\/www.link2fleet.com\\\/fr\\\/#\\\/schema\\\/person\\\/027cd46113c78036b3809c9a054049da\"},\"headline\":\"Enqu\u00eate Arval Mobility Observatory : \u00abDisposer d\u2019une offre de mobilit\u00e9 permet de retenir les talents et d\u2019en attirer de nouveaux\u2009\u00bb\",\"datePublished\":\"2023-04-26T08:15:29+00:00\",\"mainEntityOfPage\":{\"@id\":\"https:\\\/\\\/www.link2fleet.com\\\/fr\\\/enquete-arval-mobility-observatory-disposer-dune-offre-de-mobilite-permet-de-retenir-les-talents-et-den-attirer-de-nouveaux\\\/\"},\"wordCount\":886,\"publisher\":{\"@id\":\"https:\\\/\\\/www.link2fleet.com\\\/fr\\\/#organization\"},\"image\":{\"@id\":\"https:\\\/\\\/www.link2fleet.com\\\/fr\\\/enquete-arval-mobility-observatory-disposer-dune-offre-de-mobilite-permet-de-retenir-les-talents-et-den-attirer-de-nouveaux\\\/#primaryimage\"},\"thumbnailUrl\":\"https:\\\/\\\/static.link2fleet.com\\\/wp-content\\\/uploads\\\/2024\\\/03\\\/planmobilite.jpg\",\"articleSection\":[\"Car-sharing, car-pooling et taxi\",\"Cartes\\\/app de mobilit\u00e9\",\"Flex-offices\",\"Gestion de parking\",\"Mobilit\u00e9\",\"Transports en commun\",\"Trottinettes, scooters et motos\",\"V\u00e9los (location)\"],\"inLanguage\":\"fr-FR\"},{\"@type\":\"WebPage\",\"@id\":\"https:\\\/\\\/www.link2fleet.com\\\/fr\\\/enquete-arval-mobility-observatory-disposer-dune-offre-de-mobilite-permet-de-retenir-les-talents-et-den-attirer-de-nouveaux\\\/\",\"url\":\"https:\\\/\\\/www.link2fleet.com\\\/fr\\\/enquete-arval-mobility-observatory-disposer-dune-offre-de-mobilite-permet-de-retenir-les-talents-et-den-attirer-de-nouveaux\\\/\",\"name\":\"Enqu\u00eate Arval Mobility Observatory : \u00abDisposer d\u2019une offre de mobilit\u00e9 permet de retenir les talents et d\u2019en attirer de nouveaux\u2009\u00bb - link2fleet\",\"isPartOf\":{\"@id\":\"https:\\\/\\\/www.link2fleet.com\\\/fr\\\/#website\"},\"primaryImageOfPage\":{\"@id\":\"https:\\\/\\\/www.link2fleet.com\\\/fr\\\/enquete-arval-mobility-observatory-disposer-dune-offre-de-mobilite-permet-de-retenir-les-talents-et-den-attirer-de-nouveaux\\\/#primaryimage\"},\"image\":{\"@id\":\"https:\\\/\\\/www.link2fleet.com\\\/fr\\\/enquete-arval-mobility-observatory-disposer-dune-offre-de-mobilite-permet-de-retenir-les-talents-et-den-attirer-de-nouveaux\\\/#primaryimage\"},\"thumbnailUrl\":\"https:\\\/\\\/static.link2fleet.com\\\/wp-content\\\/uploads\\\/2024\\\/03\\\/planmobilite.jpg\",\"datePublished\":\"2023-04-26T08:15:29+00:00\",\"breadcrumb\":{\"@id\":\"https:\\\/\\\/www.link2fleet.com\\\/fr\\\/enquete-arval-mobility-observatory-disposer-dune-offre-de-mobilite-permet-de-retenir-les-talents-et-den-attirer-de-nouveaux\\\/#breadcrumb\"},\"inLanguage\":\"fr-FR\",\"potentialAction\":[{\"@type\":\"ReadAction\",\"target\":[\"https:\\\/\\\/www.link2fleet.com\\\/fr\\\/enquete-arval-mobility-observatory-disposer-dune-offre-de-mobilite-permet-de-retenir-les-talents-et-den-attirer-de-nouveaux\\\/\"]}]},{\"@type\":\"ImageObject\",\"inLanguage\":\"fr-FR\",\"@id\":\"https:\\\/\\\/www.link2fleet.com\\\/fr\\\/enquete-arval-mobility-observatory-disposer-dune-offre-de-mobilite-permet-de-retenir-les-talents-et-den-attirer-de-nouveaux\\\/#primaryimage\",\"url\":\"https:\\\/\\\/static.link2fleet.com\\\/wp-content\\\/uploads\\\/2024\\\/03\\\/planmobilite.jpg\",\"contentUrl\":\"https:\\\/\\\/static.link2fleet.com\\\/wp-content\\\/uploads\\\/2024\\\/03\\\/planmobilite.jpg\",\"width\":817,\"height\":672},{\"@type\":\"BreadcrumbList\",\"@id\":\"https:\\\/\\\/www.link2fleet.com\\\/fr\\\/enquete-arval-mobility-observatory-disposer-dune-offre-de-mobilite-permet-de-retenir-les-talents-et-den-attirer-de-nouveaux\\\/#breadcrumb\",\"itemListElement\":[{\"@type\":\"ListItem\",\"position\":1,\"name\":\"Home\",\"item\":\"https:\\\/\\\/www.link2fleet.com\\\/fr\\\/\"},{\"@type\":\"ListItem\",\"position\":2,\"name\":\"Enqu\u00eate Arval Mobility Observatory : \u00abDisposer d\u2019une offre de mobilit\u00e9 permet de retenir les talents et d\u2019en attirer de nouveaux\u2009\u00bb\"}]},{\"@type\":\"WebSite\",\"@id\":\"https:\\\/\\\/www.link2fleet.com\\\/fr\\\/#website\",\"url\":\"https:\\\/\\\/www.link2fleet.com\\\/fr\\\/\",\"name\":\"Link2fleet\",\"description\":\"\",\"publisher\":{\"@id\":\"https:\\\/\\\/www.link2fleet.com\\\/fr\\\/#organization\"},\"potentialAction\":[{\"@type\":\"SearchAction\",\"target\":{\"@type\":\"EntryPoint\",\"urlTemplate\":\"https:\\\/\\\/www.link2fleet.com\\\/fr\\\/?s={search_term_string}\"},\"query-input\":{\"@type\":\"PropertyValueSpecification\",\"valueRequired\":true,\"valueName\":\"search_term_string\"}}],\"inLanguage\":\"fr-FR\"},{\"@type\":\"Organization\",\"@id\":\"https:\\\/\\\/www.link2fleet.com\\\/fr\\\/#organization\",\"name\":\"Link2fleet\",\"url\":\"https:\\\/\\\/www.link2fleet.com\\\/fr\\\/\",\"logo\":{\"@type\":\"ImageObject\",\"inLanguage\":\"fr-FR\",\"@id\":\"https:\\\/\\\/www.link2fleet.com\\\/fr\\\/#\\\/schema\\\/logo\\\/image\\\/\",\"url\":\"https:\\\/\\\/static.link2fleet.com\\\/wp-content\\\/uploads\\\/2024\\\/03\\\/share-image.jpg\",\"contentUrl\":\"https:\\\/\\\/static.link2fleet.com\\\/wp-content\\\/uploads\\\/2024\\\/03\\\/share-image.jpg\",\"width\":1200,\"height\":630,\"caption\":\"Link2fleet\"},\"image\":{\"@id\":\"https:\\\/\\\/www.link2fleet.com\\\/fr\\\/#\\\/schema\\\/logo\\\/image\\\/\"},\"sameAs\":[\"https:\\\/\\\/www.linkedin.com\\\/company\\\/link2fleet-belgium\",\"https:\\\/\\\/www.youtube.com\\\/user\\\/MMMBMBE\"]},{\"@type\":\"Person\",\"@id\":\"https:\\\/\\\/www.link2fleet.com\\\/fr\\\/#\\\/schema\\\/person\\\/027cd46113c78036b3809c9a054049da\",\"name\":\"Damien Malvetti\",\"image\":{\"@type\":\"ImageObject\",\"inLanguage\":\"fr-FR\",\"@id\":\"https:\\\/\\\/secure.gravatar.com\\\/avatar\\\/dd8cc03b49466c735f753ac37f8caa371af16dfed347456ed61f02883255eebb?s=96&d=mm&r=g\",\"url\":\"https:\\\/\\\/secure.gravatar.com\\\/avatar\\\/dd8cc03b49466c735f753ac37f8caa371af16dfed347456ed61f02883255eebb?s=96&d=mm&r=g\",\"contentUrl\":\"https:\\\/\\\/secure.gravatar.com\\\/avatar\\\/dd8cc03b49466c735f753ac37f8caa371af16dfed347456ed61f02883255eebb?s=96&d=mm&r=g\",\"caption\":\"Damien Malvetti\"},\"description\":\"Damien Malvetti is opgeleid als journalist en gepassioneerd door wagens, technologie en mobiliteit. Hij is verantwoordelijk voor de redactionele inhoud van link2fleet en beschikt over een uitgebreide kennis van de fleet-sector en elektrische mobiliteit.\",\"sameAs\":[\"https:\\\/\\\/www.linkedin.com\\\/in\\\/damien-malvetti-56601142\\\/\"]}]}<\/script>\n<!-- \/ Yoast SEO plugin. -->","yoast_head_json":{"title":"Enqu\u00eate Arval Mobility Observatory : \u00abDisposer d\u2019une offre de mobilit\u00e9 permet de retenir les talents et d\u2019en attirer de nouveaux\u2009\u00bb - link2fleet","description":"La pr\u00e9sence d\u2019une offre de solutions de mobilit\u00e9 est un crit\u00e8re important dans le choix d&rsquo;un employeur pour sept employ\u00e9s sur dix interrog\u00e9s en Belgique.\u2026","robots":{"index":"index","follow":"follow","max-snippet":"max-snippet:-1","max-image-preview":"max-image-preview:large","max-video-preview":"max-video-preview:-1"},"og_locale":"fr_FR","og_type":"article","og_title":"Enqu\u00eate Arval Mobility Observatory : \u00abDisposer d\u2019une offre de mobilit\u00e9 permet de retenir les talents et d\u2019en attirer de nouveaux\u2009\u00bb - link2fleet","og_description":"La pr\u00e9sence d\u2019une offre de solutions de mobilit\u00e9 est un crit\u00e8re important dans le choix d&rsquo;un employeur pour sept employ\u00e9s sur dix interrog\u00e9s en Belgique.\u2026","og_url":"https:\/\/www.link2fleet.com\/fr\/enquete-arval-mobility-observatory-disposer-dune-offre-de-mobilite-permet-de-retenir-les-talents-et-den-attirer-de-nouveaux\/","og_site_name":"link2fleet","article_published_time":"2023-04-26T08:15:29+00:00","og_image":[{"width":817,"height":672,"url":"https:\/\/static.link2fleet.com\/wp-content\/uploads\/2024\/03\/planmobilite.jpg","type":"image\/jpeg"}],"author":"Damien Malvetti","twitter_card":"summary_large_image","twitter_description":"La pr\u00e9sence d\u2019une offre de solutions de mobilit\u00e9 est un crit\u00e8re important dans le choix d&rsquo;un employeur pour sept employ\u00e9s sur dix interrog\u00e9s en Belgique.\u2026","twitter_misc":{"\u00c9crit par":"Damien Malvetti","Dur\u00e9e de lecture estim\u00e9e":"4 minutes"},"schema":{"@context":"https:\/\/schema.org","@graph":[{"@type":"Article","@id":"https:\/\/www.link2fleet.com\/fr\/enquete-arval-mobility-observatory-disposer-dune-offre-de-mobilite-permet-de-retenir-les-talents-et-den-attirer-de-nouveaux\/#article","isPartOf":{"@id":"https:\/\/www.link2fleet.com\/fr\/enquete-arval-mobility-observatory-disposer-dune-offre-de-mobilite-permet-de-retenir-les-talents-et-den-attirer-de-nouveaux\/"},"author":{"name":"Damien Malvetti","@id":"https:\/\/www.link2fleet.com\/fr\/#\/schema\/person\/027cd46113c78036b3809c9a054049da"},"headline":"Enqu\u00eate Arval Mobility Observatory : \u00abDisposer d\u2019une offre de mobilit\u00e9 permet de retenir les talents et d\u2019en attirer de nouveaux\u2009\u00bb","datePublished":"2023-04-26T08:15:29+00:00","mainEntityOfPage":{"@id":"https:\/\/www.link2fleet.com\/fr\/enquete-arval-mobility-observatory-disposer-dune-offre-de-mobilite-permet-de-retenir-les-talents-et-den-attirer-de-nouveaux\/"},"wordCount":886,"publisher":{"@id":"https:\/\/www.link2fleet.com\/fr\/#organization"},"image":{"@id":"https:\/\/www.link2fleet.com\/fr\/enquete-arval-mobility-observatory-disposer-dune-offre-de-mobilite-permet-de-retenir-les-talents-et-den-attirer-de-nouveaux\/#primaryimage"},"thumbnailUrl":"https:\/\/static.link2fleet.com\/wp-content\/uploads\/2024\/03\/planmobilite.jpg","articleSection":["Car-sharing, car-pooling et taxi","Cartes\/app de mobilit\u00e9","Flex-offices","Gestion de parking","Mobilit\u00e9","Transports en commun","Trottinettes, scooters et motos","V\u00e9los (location)"],"inLanguage":"fr-FR"},{"@type":"WebPage","@id":"https:\/\/www.link2fleet.com\/fr\/enquete-arval-mobility-observatory-disposer-dune-offre-de-mobilite-permet-de-retenir-les-talents-et-den-attirer-de-nouveaux\/","url":"https:\/\/www.link2fleet.com\/fr\/enquete-arval-mobility-observatory-disposer-dune-offre-de-mobilite-permet-de-retenir-les-talents-et-den-attirer-de-nouveaux\/","name":"Enqu\u00eate Arval Mobility Observatory : \u00abDisposer d\u2019une offre de mobilit\u00e9 permet de retenir les talents et d\u2019en attirer de nouveaux\u2009\u00bb - link2fleet","isPartOf":{"@id":"https:\/\/www.link2fleet.com\/fr\/#website"},"primaryImageOfPage":{"@id":"https:\/\/www.link2fleet.com\/fr\/enquete-arval-mobility-observatory-disposer-dune-offre-de-mobilite-permet-de-retenir-les-talents-et-den-attirer-de-nouveaux\/#primaryimage"},"image":{"@id":"https:\/\/www.link2fleet.com\/fr\/enquete-arval-mobility-observatory-disposer-dune-offre-de-mobilite-permet-de-retenir-les-talents-et-den-attirer-de-nouveaux\/#primaryimage"},"thumbnailUrl":"https:\/\/static.link2fleet.com\/wp-content\/uploads\/2024\/03\/planmobilite.jpg","datePublished":"2023-04-26T08:15:29+00:00","breadcrumb":{"@id":"https:\/\/www.link2fleet.com\/fr\/enquete-arval-mobility-observatory-disposer-dune-offre-de-mobilite-permet-de-retenir-les-talents-et-den-attirer-de-nouveaux\/#breadcrumb"},"inLanguage":"fr-FR","potentialAction":[{"@type":"ReadAction","target":["https:\/\/www.link2fleet.com\/fr\/enquete-arval-mobility-observatory-disposer-dune-offre-de-mobilite-permet-de-retenir-les-talents-et-den-attirer-de-nouveaux\/"]}]},{"@type":"ImageObject","inLanguage":"fr-FR","@id":"https:\/\/www.link2fleet.com\/fr\/enquete-arval-mobility-observatory-disposer-dune-offre-de-mobilite-permet-de-retenir-les-talents-et-den-attirer-de-nouveaux\/#primaryimage","url":"https:\/\/static.link2fleet.com\/wp-content\/uploads\/2024\/03\/planmobilite.jpg","contentUrl":"https:\/\/static.link2fleet.com\/wp-content\/uploads\/2024\/03\/planmobilite.jpg","width":817,"height":672},{"@type":"BreadcrumbList","@id":"https:\/\/www.link2fleet.com\/fr\/enquete-arval-mobility-observatory-disposer-dune-offre-de-mobilite-permet-de-retenir-les-talents-et-den-attirer-de-nouveaux\/#breadcrumb","itemListElement":[{"@type":"ListItem","position":1,"name":"Home","item":"https:\/\/www.link2fleet.com\/fr\/"},{"@type":"ListItem","position":2,"name":"Enqu\u00eate Arval Mobility Observatory : \u00abDisposer d\u2019une offre de mobilit\u00e9 permet de retenir les talents et d\u2019en attirer de nouveaux\u2009\u00bb"}]},{"@type":"WebSite","@id":"https:\/\/www.link2fleet.com\/fr\/#website","url":"https:\/\/www.link2fleet.com\/fr\/","name":"Link2fleet","description":"","publisher":{"@id":"https:\/\/www.link2fleet.com\/fr\/#organization"},"potentialAction":[{"@type":"SearchAction","target":{"@type":"EntryPoint","urlTemplate":"https:\/\/www.link2fleet.com\/fr\/?s={search_term_string}"},"query-input":{"@type":"PropertyValueSpecification","valueRequired":true,"valueName":"search_term_string"}}],"inLanguage":"fr-FR"},{"@type":"Organization","@id":"https:\/\/www.link2fleet.com\/fr\/#organization","name":"Link2fleet","url":"https:\/\/www.link2fleet.com\/fr\/","logo":{"@type":"ImageObject","inLanguage":"fr-FR","@id":"https:\/\/www.link2fleet.com\/fr\/#\/schema\/logo\/image\/","url":"https:\/\/static.link2fleet.com\/wp-content\/uploads\/2024\/03\/share-image.jpg","contentUrl":"https:\/\/static.link2fleet.com\/wp-content\/uploads\/2024\/03\/share-image.jpg","width":1200,"height":630,"caption":"Link2fleet"},"image":{"@id":"https:\/\/www.link2fleet.com\/fr\/#\/schema\/logo\/image\/"},"sameAs":["https:\/\/www.linkedin.com\/company\/link2fleet-belgium","https:\/\/www.youtube.com\/user\/MMMBMBE"]},{"@type":"Person","@id":"https:\/\/www.link2fleet.com\/fr\/#\/schema\/person\/027cd46113c78036b3809c9a054049da","name":"Damien Malvetti","image":{"@type":"ImageObject","inLanguage":"fr-FR","@id":"https:\/\/secure.gravatar.com\/avatar\/dd8cc03b49466c735f753ac37f8caa371af16dfed347456ed61f02883255eebb?s=96&d=mm&r=g","url":"https:\/\/secure.gravatar.com\/avatar\/dd8cc03b49466c735f753ac37f8caa371af16dfed347456ed61f02883255eebb?s=96&d=mm&r=g","contentUrl":"https:\/\/secure.gravatar.com\/avatar\/dd8cc03b49466c735f753ac37f8caa371af16dfed347456ed61f02883255eebb?s=96&d=mm&r=g","caption":"Damien Malvetti"},"description":"Damien Malvetti is opgeleid als journalist en gepassioneerd door wagens, technologie en mobiliteit. Hij is verantwoordelijk voor de redactionele inhoud van link2fleet en beschikt over een uitgebreide kennis van de fleet-sector en elektrische mobiliteit.","sameAs":["https:\/\/www.linkedin.com\/in\/damien-malvetti-56601142\/"]}]}},"_links":{"self":[{"href":"https:\/\/www.link2fleet.com\/fr\/wp-json\/wp\/v2\/posts\/9437","targetHints":{"allow":["GET"]}}],"collection":[{"href":"https:\/\/www.link2fleet.com\/fr\/wp-json\/wp\/v2\/posts"}],"about":[{"href":"https:\/\/www.link2fleet.com\/fr\/wp-json\/wp\/v2\/types\/post"}],"author":[{"embeddable":true,"href":"https:\/\/www.link2fleet.com\/fr\/wp-json\/wp\/v2\/users\/4"}],"replies":[{"embeddable":true,"href":"https:\/\/www.link2fleet.com\/fr\/wp-json\/wp\/v2\/comments?post=9437"}],"version-history":[{"count":0,"href":"https:\/\/www.link2fleet.com\/fr\/wp-json\/wp\/v2\/posts\/9437\/revisions"}],"wp:featuredmedia":[{"embeddable":true,"href":"https:\/\/www.link2fleet.com\/fr\/wp-json\/wp\/v2\/media\/9438"}],"wp:attachment":[{"href":"https:\/\/www.link2fleet.com\/fr\/wp-json\/wp\/v2\/media?parent=9437"}],"wp:term":[{"taxonomy":"category","embeddable":true,"href":"https:\/\/www.link2fleet.com\/fr\/wp-json\/wp\/v2\/categories?post=9437"},{"taxonomy":"post_tag","embeddable":true,"href":"https:\/\/www.link2fleet.com\/fr\/wp-json\/wp\/v2\/tags?post=9437"}],"curies":[{"name":"wp","href":"https:\/\/api.w.org\/{rel}","templated":true}]}}