{"id":9454,"date":"2023-05-05T15:32:50","date_gmt":"2023-05-05T13:32:50","guid":{"rendered":"https:\/\/www.link2fleet.com\/levolution-de-la-mobilite-transforme-le-role-de-lassureur-automobile\/"},"modified":"2023-05-05T15:32:50","modified_gmt":"2023-05-05T13:32:50","slug":"levolution-de-la-mobilite-transforme-le-role-de-lassureur-automobile","status":"publish","type":"post","link":"https:\/\/www.link2fleet.com\/fr\/levolution-de-la-mobilite-transforme-le-role-de-lassureur-automobile\/","title":{"rendered":"L&rsquo;\u00e9volution de la mobilit\u00e9 transforme le r\u00f4le de l&rsquo;assureur automobile"},"content":{"rendered":"<p>L&rsquo;\u00e9tude montre que l&rsquo;adoption de la micro-mobilit\u00e9, des v\u00e9hicules partag\u00e9s et des solutions de transport multimodales parmi les clients urbains va doubler d&rsquo;ici 2025, passant de 29% \u00e0 58%. La Belgique reste \u00e0 la traine, avec un int\u00e9r\u00eat moins marqu\u00e9 pour les v\u00e9hicules connect\u00e9s et l&rsquo;\u00e9nergie alternative.<\/p>\n<p>Les v\u00e9hicules \u00e9lectriques (66%) et la conduite autonome (49%) ont \u00e9galement le vent en poupe.<\/p>\n<p>Face \u00e0 cette r\u00e9volution de la mobilit\u00e9, les assureurs automobiles sont confront\u00e9s \u00e0 des d\u00e9fis importants. Les co\u00fbts de r\u00e9paration des v\u00e9hicules \u00e9lectriques sont 53% plus \u00e9lev\u00e9s que pour les v\u00e9hicules thermiques. Les voitures connect\u00e9es, quant \u00e0 elles, pr\u00e9sentent un risque de piratage qui n&rsquo;est pas encore pris en compte dans les polices d&rsquo;assurances actuelles, a expliqu\u00e9 Jan Verlinden, sp\u00e9cialiste assurances chez Capgemini. En outre, le rapport montre que 42% des assur\u00e9s souhaiteraient une police d&rsquo;assurance unique qui les couvre quel que soit leur mode de transport.<\/p>\n<p>Par ailleurs, les assureurs craignent que leurs capacit\u00e9s technologiques (63%) et leurs expertises (29%) fassent d\u00e9faut dans le d\u00e9veloppement de nouvelles offres. Difficult\u00e9 suppl\u00e9mentaire point\u00e9e par le rapport, la r\u00e9ticence pour les clients \u00e0 communiquer leurs donn\u00e9es personnelles. En Belgique, un consommateur sur cinq ne souhaiterait pas partager ses donn\u00e9es personnelles de mobilit\u00e9. Les assureurs belges sont \u00e9galement tr\u00e8s pr\u00e9occup\u00e9s par le mod\u00e8le de vente traditionnel de leur produit d&rsquo;assurance, via les banques ou les courtiers.<\/p>\n","protected":false},"excerpt":{"rendered":"<p>L&rsquo;\u00e9tude montre que l&rsquo;adoption de la micro-mobilit\u00e9, des v\u00e9hicules partag\u00e9s et des solutions de transport multimodales parmi les clients urbains va doubler d&rsquo;ici 2025, passant de 29% \u00e0 58%. La Belgique reste \u00e0 la traine, avec un int\u00e9r\u00eat moins marqu\u00e9 pour les v\u00e9hicules connect\u00e9s et l&rsquo;\u00e9nergie alternative. Les v\u00e9hicules \u00e9lectriques (66%) et la conduite autonome [&hellip;]<\/p>\n","protected":false},"author":4,"featured_media":4508,"comment_status":"closed","ping_status":"closed","sticky":false,"template":"","format":"standard","meta":{"_acf_changed":false,"footnotes":""},"categories":[83,91],"tags":[],"class_list":["post-9454","post","type-post","status-publish","format-standard","has-post-thumbnail","hentry","category-sssurance-risk-management-assistance-et-depannage","category-expertise-et-management"],"acf":[],"yoast_head":"<!-- This site is optimized with the Yoast SEO plugin v27.3 - https:\/\/yoast.com\/product\/yoast-seo-wordpress\/ -->\n<title>L&#039;\u00e9volution de la mobilit\u00e9 transforme le r\u00f4le de l&#039;assureur automobile - link2fleet<\/title>\n<meta name=\"description\" content=\"L&rsquo;\u00e9volution de la mobilit\u00e9, coupl\u00e9e \u00e0 l&rsquo;essor des voitures \u00e9lectriques et v\u00e9hicules partag\u00e9s, modifie le r\u00f4le de l&rsquo;assureur automobile traditionnel, ressort-il du dernier rapport de\u2026\" \/>\n<meta name=\"robots\" content=\"index, follow, max-snippet:-1, max-image-preview:large, max-video-preview:-1\" \/>\n<meta property=\"og:locale\" content=\"fr_FR\" \/>\n<meta property=\"og:type\" content=\"article\" \/>\n<meta property=\"og:title\" content=\"L&#039;\u00e9volution de la mobilit\u00e9 transforme le r\u00f4le de l&#039;assureur automobile - link2fleet\" \/>\n<meta property=\"og:description\" content=\"L&rsquo;\u00e9volution de la mobilit\u00e9, coupl\u00e9e \u00e0 l&rsquo;essor des voitures \u00e9lectriques et v\u00e9hicules partag\u00e9s, modifie le r\u00f4le de l&rsquo;assureur automobile traditionnel, ressort-il du dernier rapport de\u2026\" \/>\n<meta property=\"og:url\" content=\"https:\/\/www.link2fleet.com\/fr\/levolution-de-la-mobilite-transforme-le-role-de-lassureur-automobile\/\" \/>\n<meta property=\"og:site_name\" content=\"link2fleet\" \/>\n<meta property=\"article:published_time\" content=\"2023-05-05T13:32:50+00:00\" \/>\n<meta property=\"og:image\" content=\"https:\/\/static.link2fleet.com\/wp-content\/uploads\/2024\/03\/assurance-auto-ebf67a98d662704d682ca7427004903b.jpg\" \/>\n\t<meta property=\"og:image:width\" content=\"1400\" \/>\n\t<meta property=\"og:image:height\" content=\"787\" \/>\n\t<meta property=\"og:image:type\" content=\"image\/jpeg\" \/>\n<meta name=\"author\" content=\"Damien Malvetti\" \/>\n<meta name=\"twitter:card\" content=\"summary_large_image\" \/>\n<meta name=\"twitter:description\" content=\"L&rsquo;\u00e9volution de la mobilit\u00e9, coupl\u00e9e \u00e0 l&rsquo;essor des voitures \u00e9lectriques et v\u00e9hicules partag\u00e9s, modifie le r\u00f4le de l&rsquo;assureur automobile traditionnel, ressort-il du dernier rapport de\u2026\" \/>\n<meta name=\"twitter:label1\" content=\"\u00c9crit par\" \/>\n\t<meta name=\"twitter:data1\" content=\"Damien Malvetti\" \/>\n\t<meta name=\"twitter:label2\" content=\"Dur\u00e9e de lecture estim\u00e9e\" \/>\n\t<meta name=\"twitter:data2\" content=\"1 minute\" \/>\n<script type=\"application\/ld+json\" class=\"yoast-schema-graph\">{\"@context\":\"https:\\\/\\\/schema.org\",\"@graph\":[{\"@type\":\"Article\",\"@id\":\"https:\\\/\\\/www.link2fleet.com\\\/fr\\\/levolution-de-la-mobilite-transforme-le-role-de-lassureur-automobile\\\/#article\",\"isPartOf\":{\"@id\":\"https:\\\/\\\/www.link2fleet.com\\\/fr\\\/levolution-de-la-mobilite-transforme-le-role-de-lassureur-automobile\\\/\"},\"author\":{\"name\":\"Damien Malvetti\",\"@id\":\"https:\\\/\\\/www.link2fleet.com\\\/fr\\\/#\\\/schema\\\/person\\\/027cd46113c78036b3809c9a054049da\"},\"headline\":\"L&rsquo;\u00e9volution de la mobilit\u00e9 transforme le r\u00f4le de l&rsquo;assureur automobile\",\"datePublished\":\"2023-05-05T13:32:50+00:00\",\"mainEntityOfPage\":{\"@id\":\"https:\\\/\\\/www.link2fleet.com\\\/fr\\\/levolution-de-la-mobilite-transforme-le-role-de-lassureur-automobile\\\/\"},\"wordCount\":262,\"publisher\":{\"@id\":\"https:\\\/\\\/www.link2fleet.com\\\/fr\\\/#organization\"},\"image\":{\"@id\":\"https:\\\/\\\/www.link2fleet.com\\\/fr\\\/levolution-de-la-mobilite-transforme-le-role-de-lassureur-automobile\\\/#primaryimage\"},\"thumbnailUrl\":\"https:\\\/\\\/static.link2fleet.com\\\/wp-content\\\/uploads\\\/2024\\\/03\\\/assurance-auto-ebf67a98d662704d682ca7427004903b.jpg\",\"articleSection\":[\"Assurances et assistance\",\"Gestion de flotte\"],\"inLanguage\":\"fr-FR\"},{\"@type\":\"WebPage\",\"@id\":\"https:\\\/\\\/www.link2fleet.com\\\/fr\\\/levolution-de-la-mobilite-transforme-le-role-de-lassureur-automobile\\\/\",\"url\":\"https:\\\/\\\/www.link2fleet.com\\\/fr\\\/levolution-de-la-mobilite-transforme-le-role-de-lassureur-automobile\\\/\",\"name\":\"L'\u00e9volution de la mobilit\u00e9 transforme le r\u00f4le de l'assureur automobile - link2fleet\",\"isPartOf\":{\"@id\":\"https:\\\/\\\/www.link2fleet.com\\\/fr\\\/#website\"},\"primaryImageOfPage\":{\"@id\":\"https:\\\/\\\/www.link2fleet.com\\\/fr\\\/levolution-de-la-mobilite-transforme-le-role-de-lassureur-automobile\\\/#primaryimage\"},\"image\":{\"@id\":\"https:\\\/\\\/www.link2fleet.com\\\/fr\\\/levolution-de-la-mobilite-transforme-le-role-de-lassureur-automobile\\\/#primaryimage\"},\"thumbnailUrl\":\"https:\\\/\\\/static.link2fleet.com\\\/wp-content\\\/uploads\\\/2024\\\/03\\\/assurance-auto-ebf67a98d662704d682ca7427004903b.jpg\",\"datePublished\":\"2023-05-05T13:32:50+00:00\",\"breadcrumb\":{\"@id\":\"https:\\\/\\\/www.link2fleet.com\\\/fr\\\/levolution-de-la-mobilite-transforme-le-role-de-lassureur-automobile\\\/#breadcrumb\"},\"inLanguage\":\"fr-FR\",\"potentialAction\":[{\"@type\":\"ReadAction\",\"target\":[\"https:\\\/\\\/www.link2fleet.com\\\/fr\\\/levolution-de-la-mobilite-transforme-le-role-de-lassureur-automobile\\\/\"]}]},{\"@type\":\"ImageObject\",\"inLanguage\":\"fr-FR\",\"@id\":\"https:\\\/\\\/www.link2fleet.com\\\/fr\\\/levolution-de-la-mobilite-transforme-le-role-de-lassureur-automobile\\\/#primaryimage\",\"url\":\"https:\\\/\\\/static.link2fleet.com\\\/wp-content\\\/uploads\\\/2024\\\/03\\\/assurance-auto-ebf67a98d662704d682ca7427004903b.jpg\",\"contentUrl\":\"https:\\\/\\\/static.link2fleet.com\\\/wp-content\\\/uploads\\\/2024\\\/03\\\/assurance-auto-ebf67a98d662704d682ca7427004903b.jpg\",\"width\":1400,\"height\":787,\"caption\":\"|Stoffel Vandoorne\"},{\"@type\":\"BreadcrumbList\",\"@id\":\"https:\\\/\\\/www.link2fleet.com\\\/fr\\\/levolution-de-la-mobilite-transforme-le-role-de-lassureur-automobile\\\/#breadcrumb\",\"itemListElement\":[{\"@type\":\"ListItem\",\"position\":1,\"name\":\"Home\",\"item\":\"https:\\\/\\\/www.link2fleet.com\\\/fr\\\/\"},{\"@type\":\"ListItem\",\"position\":2,\"name\":\"L&#8217;\u00e9volution de la mobilit\u00e9 transforme le r\u00f4le de l&#8217;assureur automobile\"}]},{\"@type\":\"WebSite\",\"@id\":\"https:\\\/\\\/www.link2fleet.com\\\/fr\\\/#website\",\"url\":\"https:\\\/\\\/www.link2fleet.com\\\/fr\\\/\",\"name\":\"Link2fleet\",\"description\":\"\",\"publisher\":{\"@id\":\"https:\\\/\\\/www.link2fleet.com\\\/fr\\\/#organization\"},\"potentialAction\":[{\"@type\":\"SearchAction\",\"target\":{\"@type\":\"EntryPoint\",\"urlTemplate\":\"https:\\\/\\\/www.link2fleet.com\\\/fr\\\/?s={search_term_string}\"},\"query-input\":{\"@type\":\"PropertyValueSpecification\",\"valueRequired\":true,\"valueName\":\"search_term_string\"}}],\"inLanguage\":\"fr-FR\"},{\"@type\":\"Organization\",\"@id\":\"https:\\\/\\\/www.link2fleet.com\\\/fr\\\/#organization\",\"name\":\"Link2fleet\",\"url\":\"https:\\\/\\\/www.link2fleet.com\\\/fr\\\/\",\"logo\":{\"@type\":\"ImageObject\",\"inLanguage\":\"fr-FR\",\"@id\":\"https:\\\/\\\/www.link2fleet.com\\\/fr\\\/#\\\/schema\\\/logo\\\/image\\\/\",\"url\":\"https:\\\/\\\/static.link2fleet.com\\\/wp-content\\\/uploads\\\/2024\\\/03\\\/share-image.jpg\",\"contentUrl\":\"https:\\\/\\\/static.link2fleet.com\\\/wp-content\\\/uploads\\\/2024\\\/03\\\/share-image.jpg\",\"width\":1200,\"height\":630,\"caption\":\"Link2fleet\"},\"image\":{\"@id\":\"https:\\\/\\\/www.link2fleet.com\\\/fr\\\/#\\\/schema\\\/logo\\\/image\\\/\"},\"sameAs\":[\"https:\\\/\\\/www.linkedin.com\\\/company\\\/link2fleet-belgium\",\"https:\\\/\\\/www.youtube.com\\\/user\\\/MMMBMBE\"]},{\"@type\":\"Person\",\"@id\":\"https:\\\/\\\/www.link2fleet.com\\\/fr\\\/#\\\/schema\\\/person\\\/027cd46113c78036b3809c9a054049da\",\"name\":\"Damien Malvetti\",\"image\":{\"@type\":\"ImageObject\",\"inLanguage\":\"fr-FR\",\"@id\":\"https:\\\/\\\/secure.gravatar.com\\\/avatar\\\/dd8cc03b49466c735f753ac37f8caa371af16dfed347456ed61f02883255eebb?s=96&d=mm&r=g\",\"url\":\"https:\\\/\\\/secure.gravatar.com\\\/avatar\\\/dd8cc03b49466c735f753ac37f8caa371af16dfed347456ed61f02883255eebb?s=96&d=mm&r=g\",\"contentUrl\":\"https:\\\/\\\/secure.gravatar.com\\\/avatar\\\/dd8cc03b49466c735f753ac37f8caa371af16dfed347456ed61f02883255eebb?s=96&d=mm&r=g\",\"caption\":\"Damien Malvetti\"},\"description\":\"Damien Malvetti is opgeleid als journalist en gepassioneerd door wagens, technologie en mobiliteit. Hij is verantwoordelijk voor de redactionele inhoud van link2fleet en beschikt over een uitgebreide kennis van de fleet-sector en elektrische mobiliteit.\",\"sameAs\":[\"https:\\\/\\\/www.linkedin.com\\\/in\\\/damien-malvetti-56601142\\\/\"]}]}<\/script>\n<!-- \/ Yoast SEO plugin. -->","yoast_head_json":{"title":"L'\u00e9volution de la mobilit\u00e9 transforme le r\u00f4le de l'assureur automobile - link2fleet","description":"L&rsquo;\u00e9volution de la mobilit\u00e9, coupl\u00e9e \u00e0 l&rsquo;essor des voitures \u00e9lectriques et v\u00e9hicules partag\u00e9s, modifie le r\u00f4le de l&rsquo;assureur automobile traditionnel, ressort-il du dernier rapport de\u2026","robots":{"index":"index","follow":"follow","max-snippet":"max-snippet:-1","max-image-preview":"max-image-preview:large","max-video-preview":"max-video-preview:-1"},"og_locale":"fr_FR","og_type":"article","og_title":"L'\u00e9volution de la mobilit\u00e9 transforme le r\u00f4le de l'assureur automobile - link2fleet","og_description":"L&rsquo;\u00e9volution de la mobilit\u00e9, coupl\u00e9e \u00e0 l&rsquo;essor des voitures \u00e9lectriques et v\u00e9hicules partag\u00e9s, modifie le r\u00f4le de l&rsquo;assureur automobile traditionnel, ressort-il du dernier rapport de\u2026","og_url":"https:\/\/www.link2fleet.com\/fr\/levolution-de-la-mobilite-transforme-le-role-de-lassureur-automobile\/","og_site_name":"link2fleet","article_published_time":"2023-05-05T13:32:50+00:00","og_image":[{"width":1400,"height":787,"url":"https:\/\/static.link2fleet.com\/wp-content\/uploads\/2024\/03\/assurance-auto-ebf67a98d662704d682ca7427004903b.jpg","type":"image\/jpeg"}],"author":"Damien Malvetti","twitter_card":"summary_large_image","twitter_description":"L&rsquo;\u00e9volution de la mobilit\u00e9, coupl\u00e9e \u00e0 l&rsquo;essor des voitures \u00e9lectriques et v\u00e9hicules partag\u00e9s, modifie le r\u00f4le de l&rsquo;assureur automobile traditionnel, ressort-il du dernier rapport de\u2026","twitter_misc":{"\u00c9crit par":"Damien Malvetti","Dur\u00e9e de lecture estim\u00e9e":"1 minute"},"schema":{"@context":"https:\/\/schema.org","@graph":[{"@type":"Article","@id":"https:\/\/www.link2fleet.com\/fr\/levolution-de-la-mobilite-transforme-le-role-de-lassureur-automobile\/#article","isPartOf":{"@id":"https:\/\/www.link2fleet.com\/fr\/levolution-de-la-mobilite-transforme-le-role-de-lassureur-automobile\/"},"author":{"name":"Damien Malvetti","@id":"https:\/\/www.link2fleet.com\/fr\/#\/schema\/person\/027cd46113c78036b3809c9a054049da"},"headline":"L&rsquo;\u00e9volution de la mobilit\u00e9 transforme le r\u00f4le de l&rsquo;assureur automobile","datePublished":"2023-05-05T13:32:50+00:00","mainEntityOfPage":{"@id":"https:\/\/www.link2fleet.com\/fr\/levolution-de-la-mobilite-transforme-le-role-de-lassureur-automobile\/"},"wordCount":262,"publisher":{"@id":"https:\/\/www.link2fleet.com\/fr\/#organization"},"image":{"@id":"https:\/\/www.link2fleet.com\/fr\/levolution-de-la-mobilite-transforme-le-role-de-lassureur-automobile\/#primaryimage"},"thumbnailUrl":"https:\/\/static.link2fleet.com\/wp-content\/uploads\/2024\/03\/assurance-auto-ebf67a98d662704d682ca7427004903b.jpg","articleSection":["Assurances et assistance","Gestion de flotte"],"inLanguage":"fr-FR"},{"@type":"WebPage","@id":"https:\/\/www.link2fleet.com\/fr\/levolution-de-la-mobilite-transforme-le-role-de-lassureur-automobile\/","url":"https:\/\/www.link2fleet.com\/fr\/levolution-de-la-mobilite-transforme-le-role-de-lassureur-automobile\/","name":"L'\u00e9volution de la mobilit\u00e9 transforme le r\u00f4le de l'assureur automobile - link2fleet","isPartOf":{"@id":"https:\/\/www.link2fleet.com\/fr\/#website"},"primaryImageOfPage":{"@id":"https:\/\/www.link2fleet.com\/fr\/levolution-de-la-mobilite-transforme-le-role-de-lassureur-automobile\/#primaryimage"},"image":{"@id":"https:\/\/www.link2fleet.com\/fr\/levolution-de-la-mobilite-transforme-le-role-de-lassureur-automobile\/#primaryimage"},"thumbnailUrl":"https:\/\/static.link2fleet.com\/wp-content\/uploads\/2024\/03\/assurance-auto-ebf67a98d662704d682ca7427004903b.jpg","datePublished":"2023-05-05T13:32:50+00:00","breadcrumb":{"@id":"https:\/\/www.link2fleet.com\/fr\/levolution-de-la-mobilite-transforme-le-role-de-lassureur-automobile\/#breadcrumb"},"inLanguage":"fr-FR","potentialAction":[{"@type":"ReadAction","target":["https:\/\/www.link2fleet.com\/fr\/levolution-de-la-mobilite-transforme-le-role-de-lassureur-automobile\/"]}]},{"@type":"ImageObject","inLanguage":"fr-FR","@id":"https:\/\/www.link2fleet.com\/fr\/levolution-de-la-mobilite-transforme-le-role-de-lassureur-automobile\/#primaryimage","url":"https:\/\/static.link2fleet.com\/wp-content\/uploads\/2024\/03\/assurance-auto-ebf67a98d662704d682ca7427004903b.jpg","contentUrl":"https:\/\/static.link2fleet.com\/wp-content\/uploads\/2024\/03\/assurance-auto-ebf67a98d662704d682ca7427004903b.jpg","width":1400,"height":787,"caption":"|Stoffel Vandoorne"},{"@type":"BreadcrumbList","@id":"https:\/\/www.link2fleet.com\/fr\/levolution-de-la-mobilite-transforme-le-role-de-lassureur-automobile\/#breadcrumb","itemListElement":[{"@type":"ListItem","position":1,"name":"Home","item":"https:\/\/www.link2fleet.com\/fr\/"},{"@type":"ListItem","position":2,"name":"L&#8217;\u00e9volution de la mobilit\u00e9 transforme le r\u00f4le de l&#8217;assureur automobile"}]},{"@type":"WebSite","@id":"https:\/\/www.link2fleet.com\/fr\/#website","url":"https:\/\/www.link2fleet.com\/fr\/","name":"Link2fleet","description":"","publisher":{"@id":"https:\/\/www.link2fleet.com\/fr\/#organization"},"potentialAction":[{"@type":"SearchAction","target":{"@type":"EntryPoint","urlTemplate":"https:\/\/www.link2fleet.com\/fr\/?s={search_term_string}"},"query-input":{"@type":"PropertyValueSpecification","valueRequired":true,"valueName":"search_term_string"}}],"inLanguage":"fr-FR"},{"@type":"Organization","@id":"https:\/\/www.link2fleet.com\/fr\/#organization","name":"Link2fleet","url":"https:\/\/www.link2fleet.com\/fr\/","logo":{"@type":"ImageObject","inLanguage":"fr-FR","@id":"https:\/\/www.link2fleet.com\/fr\/#\/schema\/logo\/image\/","url":"https:\/\/static.link2fleet.com\/wp-content\/uploads\/2024\/03\/share-image.jpg","contentUrl":"https:\/\/static.link2fleet.com\/wp-content\/uploads\/2024\/03\/share-image.jpg","width":1200,"height":630,"caption":"Link2fleet"},"image":{"@id":"https:\/\/www.link2fleet.com\/fr\/#\/schema\/logo\/image\/"},"sameAs":["https:\/\/www.linkedin.com\/company\/link2fleet-belgium","https:\/\/www.youtube.com\/user\/MMMBMBE"]},{"@type":"Person","@id":"https:\/\/www.link2fleet.com\/fr\/#\/schema\/person\/027cd46113c78036b3809c9a054049da","name":"Damien Malvetti","image":{"@type":"ImageObject","inLanguage":"fr-FR","@id":"https:\/\/secure.gravatar.com\/avatar\/dd8cc03b49466c735f753ac37f8caa371af16dfed347456ed61f02883255eebb?s=96&d=mm&r=g","url":"https:\/\/secure.gravatar.com\/avatar\/dd8cc03b49466c735f753ac37f8caa371af16dfed347456ed61f02883255eebb?s=96&d=mm&r=g","contentUrl":"https:\/\/secure.gravatar.com\/avatar\/dd8cc03b49466c735f753ac37f8caa371af16dfed347456ed61f02883255eebb?s=96&d=mm&r=g","caption":"Damien Malvetti"},"description":"Damien Malvetti is opgeleid als journalist en gepassioneerd door wagens, technologie en mobiliteit. Hij is verantwoordelijk voor de redactionele inhoud van link2fleet en beschikt over een uitgebreide kennis van de fleet-sector en elektrische mobiliteit.","sameAs":["https:\/\/www.linkedin.com\/in\/damien-malvetti-56601142\/"]}]}},"_links":{"self":[{"href":"https:\/\/www.link2fleet.com\/fr\/wp-json\/wp\/v2\/posts\/9454","targetHints":{"allow":["GET"]}}],"collection":[{"href":"https:\/\/www.link2fleet.com\/fr\/wp-json\/wp\/v2\/posts"}],"about":[{"href":"https:\/\/www.link2fleet.com\/fr\/wp-json\/wp\/v2\/types\/post"}],"author":[{"embeddable":true,"href":"https:\/\/www.link2fleet.com\/fr\/wp-json\/wp\/v2\/users\/4"}],"replies":[{"embeddable":true,"href":"https:\/\/www.link2fleet.com\/fr\/wp-json\/wp\/v2\/comments?post=9454"}],"version-history":[{"count":0,"href":"https:\/\/www.link2fleet.com\/fr\/wp-json\/wp\/v2\/posts\/9454\/revisions"}],"wp:featuredmedia":[{"embeddable":true,"href":"https:\/\/www.link2fleet.com\/fr\/wp-json\/wp\/v2\/media\/4508"}],"wp:attachment":[{"href":"https:\/\/www.link2fleet.com\/fr\/wp-json\/wp\/v2\/media?parent=9454"}],"wp:term":[{"taxonomy":"category","embeddable":true,"href":"https:\/\/www.link2fleet.com\/fr\/wp-json\/wp\/v2\/categories?post=9454"},{"taxonomy":"post_tag","embeddable":true,"href":"https:\/\/www.link2fleet.com\/fr\/wp-json\/wp\/v2\/tags?post=9454"}],"curies":[{"name":"wp","href":"https:\/\/api.w.org\/{rel}","templated":true}]}}