{"id":9531,"date":"2023-05-16T07:00:22","date_gmt":"2023-05-16T05:00:22","guid":{"rendered":"https:\/\/www.link2fleet.com\/le-fisc-reconfirme-les-regles-fiscales-de-base-concernant-les-bornes-de-recharge\/"},"modified":"2023-05-16T07:00:22","modified_gmt":"2023-05-16T05:00:22","slug":"le-fisc-reconfirme-les-regles-fiscales-de-base-concernant-les-bornes-de-recharge","status":"publish","type":"post","link":"https:\/\/www.link2fleet.com\/fr\/le-fisc-reconfirme-les-regles-fiscales-de-base-concernant-les-bornes-de-recharge\/","title":{"rendered":"Le fisc reconfirme les r\u00e8gles fiscales de base concernant les bornes de recharge"},"content":{"rendered":"<p style=\"font-weight: 400;\">Le fisc a r\u00e9pondu comme suit :<\/p>\n<p style=\"font-weight: 400;\">Compte tenu de toutes ces dispositions prises par l&rsquo;entreprise, la d\u00e9cision pr\u00e9liminaire de l&rsquo;administration fiscale est la suivante :<\/p>\n<ul>\n<li><u>Le remboursement de\u00a0l&rsquo;\u00e9lectricit\u00e9\u00a0<\/u>\u00a0provenant de la borne de recharge fournie pour une voiture de soci\u00e9t\u00e9 hybride ou \u00e9lectrique ne donne pas lieu \u00e0 un avantage suppl\u00e9mentaire pour l&#8217;employ\u00e9.<\/li>\n<\/ul>\n<p>Ce remboursement est inclus dans l&rsquo;avantage de toute nature forfaitaire. Pour les salari\u00e9s ayant des panneaux solaires mis \u00e0 disposition, des r\u00e8gles diff\u00e9rentes s&rsquo;appliquent en principe.<\/p>\n<ul>\n<li><u>La mise \u00e0 disposition d&rsquo;une borne de\u00a0recharge \u00e0 domicile<\/u>\u00a0pour une voiture \u00e9lectrique ou hybride ne donne pas lieu \u00e0 un avantage suppl\u00e9mentaire pour l&#8217;employ\u00e9.<\/li>\n<\/ul>\n<p>&nbsp;<\/p>\n<ul style=\"font-weight: 400;\">\n<li><u>A la fin de mise \u00e0 disposition d&rsquo;une borne de recharge<\/u>\u00a0et lorsque la propri\u00e9t\u00e9 de celle-ci est transf\u00e9r\u00e9e au salari\u00e9, il faut tenir compte d&rsquo;un \u00e9ventuel avantage en nature imposable \u00e0 hauteur de la valeur r\u00e9siduelle r\u00e9elle.<\/li>\n<\/ul>\n<p>&nbsp;<\/p>\n<ul>\n<li><u>Les co\u00fbts d&rsquo;une carte de recharge et le\u00a0remboursement de l&rsquo;\u00e9lectricit\u00e9 <\/u>sont des frais professionnels d\u00e9ductibles pour l&#8217;employeur si le remboursement concerne uniquement l&rsquo;\u00e9lectricit\u00e9 utilis\u00e9e pour la voiture de fonction mise \u00e0 disposition.<\/li>\n<\/ul>\n<ul>\n<li><u>Les\u00a0co\u00fbts li\u00e9s \u00e0 un audit au\u00a0domicile de l&#8217;employ\u00e9 <\/u>\u00a0sont pour le demandeur (dans ce cas-ci une entreprise soumise \u00e0 l&rsquo;imp\u00f4t des soci\u00e9t\u00e9s) des frais professionnels \u00e0 condition que l&rsquo;audit \u00e0 domicile concerne uniquement la mise \u00e0 disposition d&rsquo;une borne de recharge par l&#8217;employeur.<\/li>\n<\/ul>\n<p style=\"font-weight: 400;\">En conclusion: L&rsquo;administration fiscale ne fait que r\u00e9p\u00e9ter ses r\u00e8gles fiscales pr\u00e9existantes qu&rsquo;elle a d\u00e9j\u00e0 divulgu\u00e9es \u00e0 diverses autres occasions. Dans sa r\u00e9ponse, l&rsquo;administration fiscale ne mentionne aucun d\u00e9tail sur les tarifs sp\u00e9cifiques autoris\u00e9s de l&rsquo;\u00e9lectricit\u00e9 rembours\u00e9e ou sur le suivi des factures d&rsquo;\u00e9lectricit\u00e9 des employ\u00e9s, ni sur l&rsquo;interdiction de recharger \u00e0 l&rsquo;\u00e9tranger, ce qui n&rsquo;est de toute fa\u00e7on pas techniquement possible \u00e0 mettre en place aujourd&rsquo;hui. En principe, les r\u00e9ponses de l&rsquo;administration fiscale ne s&rsquo;appliquent qu&rsquo;\u00e0 l&rsquo;entreprise qui a pos\u00e9 les questions mais, en m\u00eame temps, la r\u00e9ponse de l&rsquo;administration fiscale r\u00e9affirme certains principes fiscaux g\u00e9n\u00e9ralement connus en la mati\u00e8re sans en ajouter de nouveaux.<\/p>\n<p style=\"font-weight: 400; text-align: right;\"><strong>Michel Willems<\/strong><\/p>\n<p style=\"font-weight: 400; text-align: right;\"><strong>MOBILITAS.<\/strong><\/p>\n","protected":false},"excerpt":{"rendered":"<p>Le fisc a r\u00e9pondu comme suit : Compte tenu de toutes ces dispositions prises par l&rsquo;entreprise, la d\u00e9cision pr\u00e9liminaire de l&rsquo;administration fiscale est la suivante : Le remboursement de\u00a0l&rsquo;\u00e9lectricit\u00e9\u00a0\u00a0provenant de la borne de recharge fournie pour une voiture de soci\u00e9t\u00e9 hybride ou \u00e9lectrique ne donne pas lieu \u00e0 un avantage suppl\u00e9mentaire pour l&#8217;employ\u00e9. Ce remboursement [&hellip;]<\/p>\n","protected":false},"author":11,"featured_media":8985,"comment_status":"closed","ping_status":"closed","sticky":false,"template":"","format":"standard","meta":{"_acf_changed":false,"footnotes":""},"categories":[91,101],"tags":[],"class_list":["post-9531","post","type-post","status-publish","format-standard","has-post-thumbnail","hentry","category-expertise-et-management","category-tax-legal"],"acf":[],"yoast_head":"<!-- This site is optimized with the Yoast SEO plugin v27.3 - https:\/\/yoast.com\/product\/yoast-seo-wordpress\/ -->\n<title>Le fisc reconfirme les r\u00e8gles fiscales de base concernant les bornes de recharge - link2fleet<\/title>\n<meta name=\"description\" content=\"La r\u00e9cente publication dans certains m\u00e9dias du contenu d&rsquo;une question fiscale sur la recharge et les bornes de recharge a soulev\u00e9 beaucoup de questions dans\u2026\" \/>\n<meta name=\"robots\" content=\"index, follow, max-snippet:-1, max-image-preview:large, max-video-preview:-1\" \/>\n<meta property=\"og:locale\" content=\"fr_FR\" \/>\n<meta property=\"og:type\" content=\"article\" \/>\n<meta property=\"og:title\" content=\"Le fisc reconfirme les r\u00e8gles fiscales de base concernant les bornes de recharge - link2fleet\" \/>\n<meta property=\"og:description\" content=\"La r\u00e9cente publication dans certains m\u00e9dias du contenu d&rsquo;une question fiscale sur la recharge et les bornes de recharge a soulev\u00e9 beaucoup de questions dans\u2026\" \/>\n<meta property=\"og:url\" content=\"https:\/\/www.link2fleet.com\/fr\/le-fisc-reconfirme-les-regles-fiscales-de-base-concernant-les-bornes-de-recharge\/\" \/>\n<meta property=\"og:site_name\" content=\"link2fleet\" \/>\n<meta property=\"article:published_time\" content=\"2023-05-16T05:00:22+00:00\" \/>\n<meta property=\"og:image\" content=\"https:\/\/static.link2fleet.com\/wp-content\/uploads\/2024\/03\/borne-recharge-vehicule-electrique-resa.jpg\" \/>\n\t<meta property=\"og:image:width\" content=\"800\" \/>\n\t<meta property=\"og:image:height\" content=\"533\" \/>\n\t<meta property=\"og:image:type\" content=\"image\/jpeg\" \/>\n<meta name=\"author\" content=\"Michel Willems - Mobilitas\" \/>\n<meta name=\"twitter:card\" content=\"summary_large_image\" \/>\n<meta name=\"twitter:description\" content=\"La r\u00e9cente publication dans certains m\u00e9dias du contenu d&rsquo;une question fiscale sur la recharge et les bornes de recharge a soulev\u00e9 beaucoup de questions dans\u2026\" \/>\n<meta name=\"twitter:label1\" content=\"\u00c9crit par\" \/>\n\t<meta name=\"twitter:data1\" content=\"Michel Willems - Mobilitas\" \/>\n\t<meta name=\"twitter:label2\" content=\"Dur\u00e9e de lecture estim\u00e9e\" \/>\n\t<meta name=\"twitter:data2\" content=\"2 minutes\" \/>\n<script type=\"application\/ld+json\" class=\"yoast-schema-graph\">{\"@context\":\"https:\\\/\\\/schema.org\",\"@graph\":[{\"@type\":\"Article\",\"@id\":\"https:\\\/\\\/www.link2fleet.com\\\/fr\\\/le-fisc-reconfirme-les-regles-fiscales-de-base-concernant-les-bornes-de-recharge\\\/#article\",\"isPartOf\":{\"@id\":\"https:\\\/\\\/www.link2fleet.com\\\/fr\\\/le-fisc-reconfirme-les-regles-fiscales-de-base-concernant-les-bornes-de-recharge\\\/\"},\"author\":{\"name\":\"Michel Willems - Mobilitas\",\"@id\":\"https:\\\/\\\/www.link2fleet.com\\\/fr\\\/#\\\/schema\\\/person\\\/bd29f6a2c2427e85a70d3acf17303486\"},\"headline\":\"Le fisc reconfirme les r\u00e8gles fiscales de base concernant les bornes de recharge\",\"datePublished\":\"2023-05-16T05:00:22+00:00\",\"mainEntityOfPage\":{\"@id\":\"https:\\\/\\\/www.link2fleet.com\\\/fr\\\/le-fisc-reconfirme-les-regles-fiscales-de-base-concernant-les-bornes-de-recharge\\\/\"},\"wordCount\":404,\"publisher\":{\"@id\":\"https:\\\/\\\/www.link2fleet.com\\\/fr\\\/#organization\"},\"image\":{\"@id\":\"https:\\\/\\\/www.link2fleet.com\\\/fr\\\/le-fisc-reconfirme-les-regles-fiscales-de-base-concernant-les-bornes-de-recharge\\\/#primaryimage\"},\"thumbnailUrl\":\"https:\\\/\\\/static.link2fleet.com\\\/wp-content\\\/uploads\\\/2024\\\/03\\\/borne-recharge-vehicule-electrique-resa.jpg\",\"articleSection\":[\"Gestion de flotte\",\"Tax &amp; legal\"],\"inLanguage\":\"fr-FR\"},{\"@type\":\"WebPage\",\"@id\":\"https:\\\/\\\/www.link2fleet.com\\\/fr\\\/le-fisc-reconfirme-les-regles-fiscales-de-base-concernant-les-bornes-de-recharge\\\/\",\"url\":\"https:\\\/\\\/www.link2fleet.com\\\/fr\\\/le-fisc-reconfirme-les-regles-fiscales-de-base-concernant-les-bornes-de-recharge\\\/\",\"name\":\"Le fisc reconfirme les r\u00e8gles fiscales de base concernant les bornes de recharge - link2fleet\",\"isPartOf\":{\"@id\":\"https:\\\/\\\/www.link2fleet.com\\\/fr\\\/#website\"},\"primaryImageOfPage\":{\"@id\":\"https:\\\/\\\/www.link2fleet.com\\\/fr\\\/le-fisc-reconfirme-les-regles-fiscales-de-base-concernant-les-bornes-de-recharge\\\/#primaryimage\"},\"image\":{\"@id\":\"https:\\\/\\\/www.link2fleet.com\\\/fr\\\/le-fisc-reconfirme-les-regles-fiscales-de-base-concernant-les-bornes-de-recharge\\\/#primaryimage\"},\"thumbnailUrl\":\"https:\\\/\\\/static.link2fleet.com\\\/wp-content\\\/uploads\\\/2024\\\/03\\\/borne-recharge-vehicule-electrique-resa.jpg\",\"datePublished\":\"2023-05-16T05:00:22+00:00\",\"breadcrumb\":{\"@id\":\"https:\\\/\\\/www.link2fleet.com\\\/fr\\\/le-fisc-reconfirme-les-regles-fiscales-de-base-concernant-les-bornes-de-recharge\\\/#breadcrumb\"},\"inLanguage\":\"fr-FR\",\"potentialAction\":[{\"@type\":\"ReadAction\",\"target\":[\"https:\\\/\\\/www.link2fleet.com\\\/fr\\\/le-fisc-reconfirme-les-regles-fiscales-de-base-concernant-les-bornes-de-recharge\\\/\"]}]},{\"@type\":\"ImageObject\",\"inLanguage\":\"fr-FR\",\"@id\":\"https:\\\/\\\/www.link2fleet.com\\\/fr\\\/le-fisc-reconfirme-les-regles-fiscales-de-base-concernant-les-bornes-de-recharge\\\/#primaryimage\",\"url\":\"https:\\\/\\\/static.link2fleet.com\\\/wp-content\\\/uploads\\\/2024\\\/03\\\/borne-recharge-vehicule-electrique-resa.jpg\",\"contentUrl\":\"https:\\\/\\\/static.link2fleet.com\\\/wp-content\\\/uploads\\\/2024\\\/03\\\/borne-recharge-vehicule-electrique-resa.jpg\",\"width\":800,\"height\":533,\"caption\":\"|\"},{\"@type\":\"BreadcrumbList\",\"@id\":\"https:\\\/\\\/www.link2fleet.com\\\/fr\\\/le-fisc-reconfirme-les-regles-fiscales-de-base-concernant-les-bornes-de-recharge\\\/#breadcrumb\",\"itemListElement\":[{\"@type\":\"ListItem\",\"position\":1,\"name\":\"Home\",\"item\":\"https:\\\/\\\/www.link2fleet.com\\\/fr\\\/\"},{\"@type\":\"ListItem\",\"position\":2,\"name\":\"Le fisc reconfirme les r\u00e8gles fiscales de base concernant les bornes de recharge\"}]},{\"@type\":\"WebSite\",\"@id\":\"https:\\\/\\\/www.link2fleet.com\\\/fr\\\/#website\",\"url\":\"https:\\\/\\\/www.link2fleet.com\\\/fr\\\/\",\"name\":\"Link2fleet\",\"description\":\"\",\"publisher\":{\"@id\":\"https:\\\/\\\/www.link2fleet.com\\\/fr\\\/#organization\"},\"potentialAction\":[{\"@type\":\"SearchAction\",\"target\":{\"@type\":\"EntryPoint\",\"urlTemplate\":\"https:\\\/\\\/www.link2fleet.com\\\/fr\\\/?s={search_term_string}\"},\"query-input\":{\"@type\":\"PropertyValueSpecification\",\"valueRequired\":true,\"valueName\":\"search_term_string\"}}],\"inLanguage\":\"fr-FR\"},{\"@type\":\"Organization\",\"@id\":\"https:\\\/\\\/www.link2fleet.com\\\/fr\\\/#organization\",\"name\":\"Link2fleet\",\"url\":\"https:\\\/\\\/www.link2fleet.com\\\/fr\\\/\",\"logo\":{\"@type\":\"ImageObject\",\"inLanguage\":\"fr-FR\",\"@id\":\"https:\\\/\\\/www.link2fleet.com\\\/fr\\\/#\\\/schema\\\/logo\\\/image\\\/\",\"url\":\"https:\\\/\\\/static.link2fleet.com\\\/wp-content\\\/uploads\\\/2024\\\/03\\\/share-image.jpg\",\"contentUrl\":\"https:\\\/\\\/static.link2fleet.com\\\/wp-content\\\/uploads\\\/2024\\\/03\\\/share-image.jpg\",\"width\":1200,\"height\":630,\"caption\":\"Link2fleet\"},\"image\":{\"@id\":\"https:\\\/\\\/www.link2fleet.com\\\/fr\\\/#\\\/schema\\\/logo\\\/image\\\/\"},\"sameAs\":[\"https:\\\/\\\/www.linkedin.com\\\/company\\\/link2fleet-belgium\",\"https:\\\/\\\/www.youtube.com\\\/user\\\/MMMBMBE\"]},{\"@type\":\"Person\",\"@id\":\"https:\\\/\\\/www.link2fleet.com\\\/fr\\\/#\\\/schema\\\/person\\\/bd29f6a2c2427e85a70d3acf17303486\",\"name\":\"Michel Willems - Mobilitas\",\"image\":{\"@type\":\"ImageObject\",\"inLanguage\":\"fr-FR\",\"@id\":\"https:\\\/\\\/secure.gravatar.com\\\/avatar\\\/c937de514893d5b69b3b52ee88664fd4879b786925b6742dc7891d347f167414?s=96&d=mm&r=g\",\"url\":\"https:\\\/\\\/secure.gravatar.com\\\/avatar\\\/c937de514893d5b69b3b52ee88664fd4879b786925b6742dc7891d347f167414?s=96&d=mm&r=g\",\"contentUrl\":\"https:\\\/\\\/secure.gravatar.com\\\/avatar\\\/c937de514893d5b69b3b52ee88664fd4879b786925b6742dc7891d347f167414?s=96&d=mm&r=g\",\"caption\":\"Michel Willems - Mobilitas\"}}]}<\/script>\n<!-- \/ Yoast SEO plugin. -->","yoast_head_json":{"title":"Le fisc reconfirme les r\u00e8gles fiscales de base concernant les bornes de recharge - link2fleet","description":"La r\u00e9cente publication dans certains m\u00e9dias du contenu d&rsquo;une question fiscale sur la recharge et les bornes de recharge a soulev\u00e9 beaucoup de questions dans\u2026","robots":{"index":"index","follow":"follow","max-snippet":"max-snippet:-1","max-image-preview":"max-image-preview:large","max-video-preview":"max-video-preview:-1"},"og_locale":"fr_FR","og_type":"article","og_title":"Le fisc reconfirme les r\u00e8gles fiscales de base concernant les bornes de recharge - link2fleet","og_description":"La r\u00e9cente publication dans certains m\u00e9dias du contenu d&rsquo;une question fiscale sur la recharge et les bornes de recharge a soulev\u00e9 beaucoup de questions dans\u2026","og_url":"https:\/\/www.link2fleet.com\/fr\/le-fisc-reconfirme-les-regles-fiscales-de-base-concernant-les-bornes-de-recharge\/","og_site_name":"link2fleet","article_published_time":"2023-05-16T05:00:22+00:00","og_image":[{"width":800,"height":533,"url":"https:\/\/static.link2fleet.com\/wp-content\/uploads\/2024\/03\/borne-recharge-vehicule-electrique-resa.jpg","type":"image\/jpeg"}],"author":"Michel Willems - Mobilitas","twitter_card":"summary_large_image","twitter_description":"La r\u00e9cente publication dans certains m\u00e9dias du contenu d&rsquo;une question fiscale sur la recharge et les bornes de recharge a soulev\u00e9 beaucoup de questions dans\u2026","twitter_misc":{"\u00c9crit par":"Michel Willems - Mobilitas","Dur\u00e9e de lecture estim\u00e9e":"2 minutes"},"schema":{"@context":"https:\/\/schema.org","@graph":[{"@type":"Article","@id":"https:\/\/www.link2fleet.com\/fr\/le-fisc-reconfirme-les-regles-fiscales-de-base-concernant-les-bornes-de-recharge\/#article","isPartOf":{"@id":"https:\/\/www.link2fleet.com\/fr\/le-fisc-reconfirme-les-regles-fiscales-de-base-concernant-les-bornes-de-recharge\/"},"author":{"name":"Michel Willems - Mobilitas","@id":"https:\/\/www.link2fleet.com\/fr\/#\/schema\/person\/bd29f6a2c2427e85a70d3acf17303486"},"headline":"Le fisc reconfirme les r\u00e8gles fiscales de base concernant les bornes de recharge","datePublished":"2023-05-16T05:00:22+00:00","mainEntityOfPage":{"@id":"https:\/\/www.link2fleet.com\/fr\/le-fisc-reconfirme-les-regles-fiscales-de-base-concernant-les-bornes-de-recharge\/"},"wordCount":404,"publisher":{"@id":"https:\/\/www.link2fleet.com\/fr\/#organization"},"image":{"@id":"https:\/\/www.link2fleet.com\/fr\/le-fisc-reconfirme-les-regles-fiscales-de-base-concernant-les-bornes-de-recharge\/#primaryimage"},"thumbnailUrl":"https:\/\/static.link2fleet.com\/wp-content\/uploads\/2024\/03\/borne-recharge-vehicule-electrique-resa.jpg","articleSection":["Gestion de flotte","Tax &amp; legal"],"inLanguage":"fr-FR"},{"@type":"WebPage","@id":"https:\/\/www.link2fleet.com\/fr\/le-fisc-reconfirme-les-regles-fiscales-de-base-concernant-les-bornes-de-recharge\/","url":"https:\/\/www.link2fleet.com\/fr\/le-fisc-reconfirme-les-regles-fiscales-de-base-concernant-les-bornes-de-recharge\/","name":"Le fisc reconfirme les r\u00e8gles fiscales de base concernant les bornes de recharge - link2fleet","isPartOf":{"@id":"https:\/\/www.link2fleet.com\/fr\/#website"},"primaryImageOfPage":{"@id":"https:\/\/www.link2fleet.com\/fr\/le-fisc-reconfirme-les-regles-fiscales-de-base-concernant-les-bornes-de-recharge\/#primaryimage"},"image":{"@id":"https:\/\/www.link2fleet.com\/fr\/le-fisc-reconfirme-les-regles-fiscales-de-base-concernant-les-bornes-de-recharge\/#primaryimage"},"thumbnailUrl":"https:\/\/static.link2fleet.com\/wp-content\/uploads\/2024\/03\/borne-recharge-vehicule-electrique-resa.jpg","datePublished":"2023-05-16T05:00:22+00:00","breadcrumb":{"@id":"https:\/\/www.link2fleet.com\/fr\/le-fisc-reconfirme-les-regles-fiscales-de-base-concernant-les-bornes-de-recharge\/#breadcrumb"},"inLanguage":"fr-FR","potentialAction":[{"@type":"ReadAction","target":["https:\/\/www.link2fleet.com\/fr\/le-fisc-reconfirme-les-regles-fiscales-de-base-concernant-les-bornes-de-recharge\/"]}]},{"@type":"ImageObject","inLanguage":"fr-FR","@id":"https:\/\/www.link2fleet.com\/fr\/le-fisc-reconfirme-les-regles-fiscales-de-base-concernant-les-bornes-de-recharge\/#primaryimage","url":"https:\/\/static.link2fleet.com\/wp-content\/uploads\/2024\/03\/borne-recharge-vehicule-electrique-resa.jpg","contentUrl":"https:\/\/static.link2fleet.com\/wp-content\/uploads\/2024\/03\/borne-recharge-vehicule-electrique-resa.jpg","width":800,"height":533,"caption":"|"},{"@type":"BreadcrumbList","@id":"https:\/\/www.link2fleet.com\/fr\/le-fisc-reconfirme-les-regles-fiscales-de-base-concernant-les-bornes-de-recharge\/#breadcrumb","itemListElement":[{"@type":"ListItem","position":1,"name":"Home","item":"https:\/\/www.link2fleet.com\/fr\/"},{"@type":"ListItem","position":2,"name":"Le fisc reconfirme les r\u00e8gles fiscales de base concernant les bornes de recharge"}]},{"@type":"WebSite","@id":"https:\/\/www.link2fleet.com\/fr\/#website","url":"https:\/\/www.link2fleet.com\/fr\/","name":"Link2fleet","description":"","publisher":{"@id":"https:\/\/www.link2fleet.com\/fr\/#organization"},"potentialAction":[{"@type":"SearchAction","target":{"@type":"EntryPoint","urlTemplate":"https:\/\/www.link2fleet.com\/fr\/?s={search_term_string}"},"query-input":{"@type":"PropertyValueSpecification","valueRequired":true,"valueName":"search_term_string"}}],"inLanguage":"fr-FR"},{"@type":"Organization","@id":"https:\/\/www.link2fleet.com\/fr\/#organization","name":"Link2fleet","url":"https:\/\/www.link2fleet.com\/fr\/","logo":{"@type":"ImageObject","inLanguage":"fr-FR","@id":"https:\/\/www.link2fleet.com\/fr\/#\/schema\/logo\/image\/","url":"https:\/\/static.link2fleet.com\/wp-content\/uploads\/2024\/03\/share-image.jpg","contentUrl":"https:\/\/static.link2fleet.com\/wp-content\/uploads\/2024\/03\/share-image.jpg","width":1200,"height":630,"caption":"Link2fleet"},"image":{"@id":"https:\/\/www.link2fleet.com\/fr\/#\/schema\/logo\/image\/"},"sameAs":["https:\/\/www.linkedin.com\/company\/link2fleet-belgium","https:\/\/www.youtube.com\/user\/MMMBMBE"]},{"@type":"Person","@id":"https:\/\/www.link2fleet.com\/fr\/#\/schema\/person\/bd29f6a2c2427e85a70d3acf17303486","name":"Michel Willems - Mobilitas","image":{"@type":"ImageObject","inLanguage":"fr-FR","@id":"https:\/\/secure.gravatar.com\/avatar\/c937de514893d5b69b3b52ee88664fd4879b786925b6742dc7891d347f167414?s=96&d=mm&r=g","url":"https:\/\/secure.gravatar.com\/avatar\/c937de514893d5b69b3b52ee88664fd4879b786925b6742dc7891d347f167414?s=96&d=mm&r=g","contentUrl":"https:\/\/secure.gravatar.com\/avatar\/c937de514893d5b69b3b52ee88664fd4879b786925b6742dc7891d347f167414?s=96&d=mm&r=g","caption":"Michel Willems - Mobilitas"}}]}},"_links":{"self":[{"href":"https:\/\/www.link2fleet.com\/fr\/wp-json\/wp\/v2\/posts\/9531","targetHints":{"allow":["GET"]}}],"collection":[{"href":"https:\/\/www.link2fleet.com\/fr\/wp-json\/wp\/v2\/posts"}],"about":[{"href":"https:\/\/www.link2fleet.com\/fr\/wp-json\/wp\/v2\/types\/post"}],"author":[{"embeddable":true,"href":"https:\/\/www.link2fleet.com\/fr\/wp-json\/wp\/v2\/users\/11"}],"replies":[{"embeddable":true,"href":"https:\/\/www.link2fleet.com\/fr\/wp-json\/wp\/v2\/comments?post=9531"}],"version-history":[{"count":0,"href":"https:\/\/www.link2fleet.com\/fr\/wp-json\/wp\/v2\/posts\/9531\/revisions"}],"wp:featuredmedia":[{"embeddable":true,"href":"https:\/\/www.link2fleet.com\/fr\/wp-json\/wp\/v2\/media\/8985"}],"wp:attachment":[{"href":"https:\/\/www.link2fleet.com\/fr\/wp-json\/wp\/v2\/media?parent=9531"}],"wp:term":[{"taxonomy":"category","embeddable":true,"href":"https:\/\/www.link2fleet.com\/fr\/wp-json\/wp\/v2\/categories?post=9531"},{"taxonomy":"post_tag","embeddable":true,"href":"https:\/\/www.link2fleet.com\/fr\/wp-json\/wp\/v2\/tags?post=9531"}],"curies":[{"name":"wp","href":"https:\/\/api.w.org\/{rel}","templated":true}]}}