{"id":9535,"date":"2023-05-16T10:54:12","date_gmt":"2023-05-16T08:54:12","guid":{"rendered":"https:\/\/www.link2fleet.com\/pres-de-70-des-frais-du-pilier-2-du-budget-mobilite-sont-consacres-au-logement\/"},"modified":"2023-05-16T10:54:12","modified_gmt":"2023-05-16T08:54:12","slug":"pres-de-70-des-frais-du-pilier-2-du-budget-mobilite-sont-consacres-au-logement","status":"publish","type":"post","link":"https:\/\/www.link2fleet.com\/fr\/pres-de-70-des-frais-du-pilier-2-du-budget-mobilite-sont-consacres-au-logement\/","title":{"rendered":"Pr\u00e8s de 70 % des frais du pilier 2 du budget mobilit\u00e9 sont consacr\u00e9s au logement"},"content":{"rendered":"<p>Gr\u00e2ce \u00e0 la collaboration instaur\u00e9e entre PwC et Mbrella, le prestataire de services professionnels et la start-up se compl\u00e8tent aujourd\u2019hui mutuellement dans les services qu\u2019ils proposent \u00e0 leurs clients pour les guider vers des solutions de mobilit\u00e9 plus diversifi\u00e9es et durables. Cette plateforme peut \u00eatre utilis\u00e9e autant par les PME que par les plus grandes entreprises.<\/p>\n<blockquote class=\"ttp-quote fb-quotable\">\n<div>\n<p>Chez PwC, nous reconnaissons la n\u00e9cessit\u00e9 urgente pour les entreprises de passer \u00e0 des modes de transport plus durables et plus respectueux de l\u2019environnement. Cette collaboration avec Mbrella nous permet d\u2019offrir un ensemble de services compl\u00e9mentaires qui facilitent cette transition pour les entreprises. En combinant notre expertise en mati\u00e8re fiscale et juridique avec la plateforme innovante de mobilit\u00e9 flexible de Mbrella, nous pensons pouvoir aider les entreprises de toutes tailles et de tous secteurs \u00e0 r\u00e9duire leur empreinte carbone et \u00e0 construire un avenir plus durable pour tous. D\u2019autre part, la fourniture de conseils fiscaux et juridiques par PwC va permettre \u00e0 la jeune start-up Mbrella de se concentrer pleinement sur le d\u00e9veloppement et l\u2019expansion de sa plateforme. De cette fa\u00e7on, nous esp\u00e9rons \u00e9galement contribuer positivement au d\u00e9veloppement de la start-up.<\/p>\n<p><span class=\"author\">&#8211;BART VAN DEN BUSSCHE, DIRECTEUR CHEZ PWC<\/span><\/p>\n<\/div>\n<\/blockquote>\n<h2><\/h2>\n<h4><strong>67 % du budget mobilit\u00e9 est consacr\u00e9 au remboursement d\u2019un emprunt hypoth\u00e9caire ou au r\u00e8glement d\u2019un loyer<\/strong><\/h4>\n<p>Le budget mobilit\u00e9 a f\u00eat\u00e9 ses quatre ans le 1<sup>er<\/sup> mars, et Mbrella constate des changements notables dans son utilisation. Par exemple, la voiture de soci\u00e9t\u00e9 est le plus souvent \u00e9chang\u00e9e contre les transports en commun (18 %), le covoiturage ou le VTC (18 %), les steps et les scooters (17 %) ou un taxi (16 %). Mais les utilisateurs consacrent aussi de plus en plus leur budget mobilit\u00e9 au remboursement d\u2019un emprunt hypoth\u00e9caire.<sup>[1]<\/sup> Alors qu\u2019en 2021, les utilisateurs ne consacraient que seulement 7 % du budget mobilit\u00e9 au remboursement d\u2019un emprunt hypoth\u00e9caire, ce pourcentage a d\u00e9j\u00e0 grimp\u00e9 \u00e0 26 % en 2022. De plus en plus d\u2019utilisateurs optent \u00e9galement pour le remboursement de leur loyer par le biais du budget mobilit\u00e9. Si, en 2021, 37 % du budget mobilit\u00e9 \u00e9tait consacr\u00e9 \u00e0 ce poste, en 2022, il s\u2019agissait de 41 %.<sup>[2]<\/sup> Cela signifie qu\u2019au total, 67 % du budget mobilit\u00e9 est consacr\u00e9 au logement.<\/p>\n<p>&nbsp;<\/p>\n<h4><strong>\u00c0 partir de juillet, les voitures de soci\u00e9t\u00e9 \u00e0 moteur thermique seront de moins en moins avantageuses sur le plan fiscal<\/strong><\/h4>\n<p>A partir du 1<sup>er<\/sup> juillet 2023, un r\u00e9gime transitoire entrera en vigueur en vertu duquel la d\u00e9ductibilit\u00e9 fiscale des voitures acquises \u00e0 partir de cette date sera progressivement supprim\u00e9e. Cette \u00e9volution aura une incidence sur le Total Cost of Ownership (TCO) des voitures de soci\u00e9t\u00e9. PwC s\u2019attend de la part des entreprises \u00e0 une hausse des demandes d\u2019\u00e9valuation de l\u2019\u00e9volution de ces co\u00fbts et de recherche de solutions alternatives \u00e0 travers la cocr\u00e9ation. En plus de fournir une analyse des co\u00fbts et des possibilit\u00e9s, PwC aide \u00e9galement \u00e0 la mise en \u0153uvre juridique, la documentation et la communication \u00e0 ce sujet. Pour la gestion et la prise en charge des plans mobilit\u00e9, la plateforme de Mbrella constitue le compl\u00e9ment et la pi\u00e8ce angulaire parfaite.<\/p>\n<h2><\/h2>\n<h4><strong>Les employ\u00e9s peuvent ajuster leur plan de mobilit\u00e9 directement sur la plateforme Mbrella<\/strong><\/h4>\n<p>Depuis son lancement en 2021, la plateforme Mbrella compte d\u00e9j\u00e0 250 entreprises belges et 12 500 utilisateurs. Les employ\u00e9s peuvent directement g\u00e9rer leur plan de mobilit\u00e9 sur la plateforme Mbrella. Une fois que le responsable RH a octroy\u00e9 \u00e0 l\u2019employ\u00e9 un budget mobilit\u00e9 et \u00e9ventuellement des avantages li\u00e9s \u00e0 la mobilit\u00e9, l\u2019employ\u00e9 peut s\u2019occuper lui-m\u00eame de son dossier. Rien de plus simple que d\u2019\u00e9changer une voiture de soci\u00e9t\u00e9 contre, entre autres, un abonnement aux transports publics, une carte de mobilit\u00e9 virtuelle pour tous les services mobiles, une indemnisation du trajet domicile-travail ou une allocation pour t\u00e9l\u00e9travail. Les employ\u00e9s peuvent m\u00eame choisir de consacrer leur budget mobilit\u00e9 au paiement de leur loyer ou au remboursement d\u2019un pr\u00eat hypoth\u00e9caire.<\/p>\n<h2><\/h2>\n<h4><strong>Mbrella calcule directement les avantages mobilit\u00e9 sur la feuille de paie des employ\u00e9s<\/strong><\/h4>\n<p>Pour le collaborateur RH, cela n\u2019entra\u00eene pas de travail suppl\u00e9mentaire ni de charge administrative. Par exemple, un employ\u00e9 peut choisir d\u2019\u00e9changer sa voiture de soci\u00e9t\u00e9 contre une mobilit\u00e9 alternative telle qu\u2019un taxi ou un e-step partag\u00e9. Les factures correspondantes sont envoy\u00e9es \u00e0 l\u2019entreprise, et le logiciel de Mbrella veille \u00e0 ce qu\u2019une solution soit trouv\u00e9e pour le budget restant. Gr\u00e2ce \u00e0 la collaboration avec les secr\u00e9tariats sociaux, la plateforme r\u00e8gle directement les avantages mobilit\u00e9 du salari\u00e9 sur sa feuille de paie, sans que le responsable RH ne doive intervenir. Le service RH conserve toutefois une vue d\u2019ensemble du budget mobilit\u00e9 et de la partie de ce budget d\u00e9j\u00e0 utilis\u00e9e. En outre, le service des ressources humaines peut approuver ou refuser les frais expos\u00e9s et l\u2019itin\u00e9raire des navettes.. \u200b<\/p>\n<p style=\"text-align: right;\"><sup>[1]<\/sup> <em>Pourcentage des d\u00e9penses effectu\u00e9es.<\/em><\/p>\n<p style=\"text-align: right;\"><sup>[2]<\/sup><em> Pourcentages du montant total.<\/em><\/p>\n<p>&nbsp;<\/p>\n<p><a href=\"https:\/\/mobilitime.link2fleet.com\/fr\/\"><img loading=\"lazy\" decoding=\"async\" class=\"aligncenter wp-image-1291257 size-large\" src=\"https:\/\/www.link2fleet.com\/wp-content\/uploads\/2023\/03\/mobilitimeFRpromo-webfinal-1024x576.jpg\" alt=\"\" width=\"640\" height=\"360\" \/><\/a><\/p>\n","protected":false},"excerpt":{"rendered":"<p>Gr\u00e2ce \u00e0 la collaboration instaur\u00e9e entre PwC et Mbrella, le prestataire de services professionnels et la start-up se compl\u00e8tent aujourd\u2019hui mutuellement dans les services qu\u2019ils proposent \u00e0 leurs clients pour les guider vers des solutions de mobilit\u00e9 plus diversifi\u00e9es et durables. Cette plateforme peut \u00eatre utilis\u00e9e autant par les PME que par les plus grandes [&hellip;]<\/p>\n","protected":false},"author":4,"featured_media":9536,"comment_status":"closed","ping_status":"closed","sticky":false,"template":"","format":"standard","meta":{"_acf_changed":false,"footnotes":""},"categories":[91,101],"tags":[],"class_list":["post-9535","post","type-post","status-publish","format-standard","has-post-thumbnail","hentry","category-expertise-et-management","category-tax-legal"],"acf":[],"yoast_head":"<!-- This site is optimized with the Yoast SEO plugin v27.3 - https:\/\/yoast.com\/product\/yoast-seo-wordpress\/ -->\n<title>Pr\u00e8s de 70 % des frais du pilier 2 du budget mobilit\u00e9 sont consacr\u00e9s au logement - link2fleet<\/title>\n<meta name=\"description\" content=\"Le prestataire de services professionnels PwC annonce aujourd\u2019hui sa collaboration avec Mbrella. La start-up bruxelloise propose une plateforme RH num\u00e9rique qui permet aux entreprises d\u2019offrir\u2026\" \/>\n<meta name=\"robots\" content=\"index, follow, max-snippet:-1, max-image-preview:large, max-video-preview:-1\" \/>\n<meta property=\"og:locale\" content=\"fr_FR\" \/>\n<meta property=\"og:type\" content=\"article\" \/>\n<meta property=\"og:title\" content=\"Pr\u00e8s de 70 % des frais du pilier 2 du budget mobilit\u00e9 sont consacr\u00e9s au logement - link2fleet\" \/>\n<meta property=\"og:description\" content=\"Le prestataire de services professionnels PwC annonce aujourd\u2019hui sa collaboration avec Mbrella. La start-up bruxelloise propose une plateforme RH num\u00e9rique qui permet aux entreprises d\u2019offrir\u2026\" \/>\n<meta property=\"og:url\" content=\"https:\/\/www.link2fleet.com\/fr\/pres-de-70-des-frais-du-pilier-2-du-budget-mobilite-sont-consacres-au-logement\/\" \/>\n<meta property=\"og:site_name\" content=\"link2fleet\" \/>\n<meta property=\"article:published_time\" content=\"2023-05-16T08:54:12+00:00\" \/>\n<meta property=\"og:image\" content=\"https:\/\/static.link2fleet.com\/wp-content\/uploads\/2024\/03\/logement-scaled-1.jpg\" \/>\n\t<meta property=\"og:image:width\" content=\"2560\" \/>\n\t<meta property=\"og:image:height\" content=\"1707\" \/>\n\t<meta property=\"og:image:type\" content=\"image\/jpeg\" \/>\n<meta name=\"author\" content=\"Damien Malvetti\" \/>\n<meta name=\"twitter:card\" content=\"summary_large_image\" \/>\n<meta name=\"twitter:description\" content=\"Le prestataire de services professionnels PwC annonce aujourd\u2019hui sa collaboration avec Mbrella. La start-up bruxelloise propose une plateforme RH num\u00e9rique qui permet aux entreprises d\u2019offrir\u2026\" \/>\n<meta name=\"twitter:label1\" content=\"\u00c9crit par\" \/>\n\t<meta name=\"twitter:data1\" content=\"Damien Malvetti\" \/>\n\t<meta name=\"twitter:label2\" content=\"Dur\u00e9e de lecture estim\u00e9e\" \/>\n\t<meta name=\"twitter:data2\" content=\"4 minutes\" \/>\n<script type=\"application\/ld+json\" class=\"yoast-schema-graph\">{\"@context\":\"https:\\\/\\\/schema.org\",\"@graph\":[{\"@type\":\"Article\",\"@id\":\"https:\\\/\\\/www.link2fleet.com\\\/fr\\\/pres-de-70-des-frais-du-pilier-2-du-budget-mobilite-sont-consacres-au-logement\\\/#article\",\"isPartOf\":{\"@id\":\"https:\\\/\\\/www.link2fleet.com\\\/fr\\\/pres-de-70-des-frais-du-pilier-2-du-budget-mobilite-sont-consacres-au-logement\\\/\"},\"author\":{\"name\":\"Damien Malvetti\",\"@id\":\"https:\\\/\\\/www.link2fleet.com\\\/fr\\\/#\\\/schema\\\/person\\\/027cd46113c78036b3809c9a054049da\"},\"headline\":\"Pr\u00e8s de 70 % des frais du pilier 2 du budget mobilit\u00e9 sont consacr\u00e9s au logement\",\"datePublished\":\"2023-05-16T08:54:12+00:00\",\"mainEntityOfPage\":{\"@id\":\"https:\\\/\\\/www.link2fleet.com\\\/fr\\\/pres-de-70-des-frais-du-pilier-2-du-budget-mobilite-sont-consacres-au-logement\\\/\"},\"wordCount\":846,\"publisher\":{\"@id\":\"https:\\\/\\\/www.link2fleet.com\\\/fr\\\/#organization\"},\"image\":{\"@id\":\"https:\\\/\\\/www.link2fleet.com\\\/fr\\\/pres-de-70-des-frais-du-pilier-2-du-budget-mobilite-sont-consacres-au-logement\\\/#primaryimage\"},\"thumbnailUrl\":\"https:\\\/\\\/static.link2fleet.com\\\/wp-content\\\/uploads\\\/2024\\\/03\\\/logement-scaled-1.jpg\",\"articleSection\":[\"Gestion de flotte\",\"Tax &amp; legal\"],\"inLanguage\":\"fr-FR\"},{\"@type\":\"WebPage\",\"@id\":\"https:\\\/\\\/www.link2fleet.com\\\/fr\\\/pres-de-70-des-frais-du-pilier-2-du-budget-mobilite-sont-consacres-au-logement\\\/\",\"url\":\"https:\\\/\\\/www.link2fleet.com\\\/fr\\\/pres-de-70-des-frais-du-pilier-2-du-budget-mobilite-sont-consacres-au-logement\\\/\",\"name\":\"Pr\u00e8s de 70 % des frais du pilier 2 du budget mobilit\u00e9 sont consacr\u00e9s au logement - link2fleet\",\"isPartOf\":{\"@id\":\"https:\\\/\\\/www.link2fleet.com\\\/fr\\\/#website\"},\"primaryImageOfPage\":{\"@id\":\"https:\\\/\\\/www.link2fleet.com\\\/fr\\\/pres-de-70-des-frais-du-pilier-2-du-budget-mobilite-sont-consacres-au-logement\\\/#primaryimage\"},\"image\":{\"@id\":\"https:\\\/\\\/www.link2fleet.com\\\/fr\\\/pres-de-70-des-frais-du-pilier-2-du-budget-mobilite-sont-consacres-au-logement\\\/#primaryimage\"},\"thumbnailUrl\":\"https:\\\/\\\/static.link2fleet.com\\\/wp-content\\\/uploads\\\/2024\\\/03\\\/logement-scaled-1.jpg\",\"datePublished\":\"2023-05-16T08:54:12+00:00\",\"breadcrumb\":{\"@id\":\"https:\\\/\\\/www.link2fleet.com\\\/fr\\\/pres-de-70-des-frais-du-pilier-2-du-budget-mobilite-sont-consacres-au-logement\\\/#breadcrumb\"},\"inLanguage\":\"fr-FR\",\"potentialAction\":[{\"@type\":\"ReadAction\",\"target\":[\"https:\\\/\\\/www.link2fleet.com\\\/fr\\\/pres-de-70-des-frais-du-pilier-2-du-budget-mobilite-sont-consacres-au-logement\\\/\"]}]},{\"@type\":\"ImageObject\",\"inLanguage\":\"fr-FR\",\"@id\":\"https:\\\/\\\/www.link2fleet.com\\\/fr\\\/pres-de-70-des-frais-du-pilier-2-du-budget-mobilite-sont-consacres-au-logement\\\/#primaryimage\",\"url\":\"https:\\\/\\\/static.link2fleet.com\\\/wp-content\\\/uploads\\\/2024\\\/03\\\/logement-scaled-1.jpg\",\"contentUrl\":\"https:\\\/\\\/static.link2fleet.com\\\/wp-content\\\/uploads\\\/2024\\\/03\\\/logement-scaled-1.jpg\",\"width\":2560,\"height\":1707},{\"@type\":\"BreadcrumbList\",\"@id\":\"https:\\\/\\\/www.link2fleet.com\\\/fr\\\/pres-de-70-des-frais-du-pilier-2-du-budget-mobilite-sont-consacres-au-logement\\\/#breadcrumb\",\"itemListElement\":[{\"@type\":\"ListItem\",\"position\":1,\"name\":\"Home\",\"item\":\"https:\\\/\\\/www.link2fleet.com\\\/fr\\\/\"},{\"@type\":\"ListItem\",\"position\":2,\"name\":\"Pr\u00e8s de 70 % des frais du pilier 2 du budget mobilit\u00e9 sont consacr\u00e9s au logement\"}]},{\"@type\":\"WebSite\",\"@id\":\"https:\\\/\\\/www.link2fleet.com\\\/fr\\\/#website\",\"url\":\"https:\\\/\\\/www.link2fleet.com\\\/fr\\\/\",\"name\":\"Link2fleet\",\"description\":\"\",\"publisher\":{\"@id\":\"https:\\\/\\\/www.link2fleet.com\\\/fr\\\/#organization\"},\"potentialAction\":[{\"@type\":\"SearchAction\",\"target\":{\"@type\":\"EntryPoint\",\"urlTemplate\":\"https:\\\/\\\/www.link2fleet.com\\\/fr\\\/?s={search_term_string}\"},\"query-input\":{\"@type\":\"PropertyValueSpecification\",\"valueRequired\":true,\"valueName\":\"search_term_string\"}}],\"inLanguage\":\"fr-FR\"},{\"@type\":\"Organization\",\"@id\":\"https:\\\/\\\/www.link2fleet.com\\\/fr\\\/#organization\",\"name\":\"Link2fleet\",\"url\":\"https:\\\/\\\/www.link2fleet.com\\\/fr\\\/\",\"logo\":{\"@type\":\"ImageObject\",\"inLanguage\":\"fr-FR\",\"@id\":\"https:\\\/\\\/www.link2fleet.com\\\/fr\\\/#\\\/schema\\\/logo\\\/image\\\/\",\"url\":\"https:\\\/\\\/static.link2fleet.com\\\/wp-content\\\/uploads\\\/2024\\\/03\\\/share-image.jpg\",\"contentUrl\":\"https:\\\/\\\/static.link2fleet.com\\\/wp-content\\\/uploads\\\/2024\\\/03\\\/share-image.jpg\",\"width\":1200,\"height\":630,\"caption\":\"Link2fleet\"},\"image\":{\"@id\":\"https:\\\/\\\/www.link2fleet.com\\\/fr\\\/#\\\/schema\\\/logo\\\/image\\\/\"},\"sameAs\":[\"https:\\\/\\\/www.linkedin.com\\\/company\\\/link2fleet-belgium\",\"https:\\\/\\\/www.youtube.com\\\/user\\\/MMMBMBE\"]},{\"@type\":\"Person\",\"@id\":\"https:\\\/\\\/www.link2fleet.com\\\/fr\\\/#\\\/schema\\\/person\\\/027cd46113c78036b3809c9a054049da\",\"name\":\"Damien Malvetti\",\"image\":{\"@type\":\"ImageObject\",\"inLanguage\":\"fr-FR\",\"@id\":\"https:\\\/\\\/secure.gravatar.com\\\/avatar\\\/dd8cc03b49466c735f753ac37f8caa371af16dfed347456ed61f02883255eebb?s=96&d=mm&r=g\",\"url\":\"https:\\\/\\\/secure.gravatar.com\\\/avatar\\\/dd8cc03b49466c735f753ac37f8caa371af16dfed347456ed61f02883255eebb?s=96&d=mm&r=g\",\"contentUrl\":\"https:\\\/\\\/secure.gravatar.com\\\/avatar\\\/dd8cc03b49466c735f753ac37f8caa371af16dfed347456ed61f02883255eebb?s=96&d=mm&r=g\",\"caption\":\"Damien Malvetti\"},\"description\":\"Damien Malvetti is opgeleid als journalist en gepassioneerd door wagens, technologie en mobiliteit. Hij is verantwoordelijk voor de redactionele inhoud van link2fleet en beschikt over een uitgebreide kennis van de fleet-sector en elektrische mobiliteit.\",\"sameAs\":[\"https:\\\/\\\/www.linkedin.com\\\/in\\\/damien-malvetti-56601142\\\/\"]}]}<\/script>\n<!-- \/ Yoast SEO plugin. -->","yoast_head_json":{"title":"Pr\u00e8s de 70 % des frais du pilier 2 du budget mobilit\u00e9 sont consacr\u00e9s au logement - link2fleet","description":"Le prestataire de services professionnels PwC annonce aujourd\u2019hui sa collaboration avec Mbrella. La start-up bruxelloise propose une plateforme RH num\u00e9rique qui permet aux entreprises d\u2019offrir\u2026","robots":{"index":"index","follow":"follow","max-snippet":"max-snippet:-1","max-image-preview":"max-image-preview:large","max-video-preview":"max-video-preview:-1"},"og_locale":"fr_FR","og_type":"article","og_title":"Pr\u00e8s de 70 % des frais du pilier 2 du budget mobilit\u00e9 sont consacr\u00e9s au logement - link2fleet","og_description":"Le prestataire de services professionnels PwC annonce aujourd\u2019hui sa collaboration avec Mbrella. La start-up bruxelloise propose une plateforme RH num\u00e9rique qui permet aux entreprises d\u2019offrir\u2026","og_url":"https:\/\/www.link2fleet.com\/fr\/pres-de-70-des-frais-du-pilier-2-du-budget-mobilite-sont-consacres-au-logement\/","og_site_name":"link2fleet","article_published_time":"2023-05-16T08:54:12+00:00","og_image":[{"width":2560,"height":1707,"url":"https:\/\/static.link2fleet.com\/wp-content\/uploads\/2024\/03\/logement-scaled-1.jpg","type":"image\/jpeg"}],"author":"Damien Malvetti","twitter_card":"summary_large_image","twitter_description":"Le prestataire de services professionnels PwC annonce aujourd\u2019hui sa collaboration avec Mbrella. La start-up bruxelloise propose une plateforme RH num\u00e9rique qui permet aux entreprises d\u2019offrir\u2026","twitter_misc":{"\u00c9crit par":"Damien Malvetti","Dur\u00e9e de lecture estim\u00e9e":"4 minutes"},"schema":{"@context":"https:\/\/schema.org","@graph":[{"@type":"Article","@id":"https:\/\/www.link2fleet.com\/fr\/pres-de-70-des-frais-du-pilier-2-du-budget-mobilite-sont-consacres-au-logement\/#article","isPartOf":{"@id":"https:\/\/www.link2fleet.com\/fr\/pres-de-70-des-frais-du-pilier-2-du-budget-mobilite-sont-consacres-au-logement\/"},"author":{"name":"Damien Malvetti","@id":"https:\/\/www.link2fleet.com\/fr\/#\/schema\/person\/027cd46113c78036b3809c9a054049da"},"headline":"Pr\u00e8s de 70 % des frais du pilier 2 du budget mobilit\u00e9 sont consacr\u00e9s au logement","datePublished":"2023-05-16T08:54:12+00:00","mainEntityOfPage":{"@id":"https:\/\/www.link2fleet.com\/fr\/pres-de-70-des-frais-du-pilier-2-du-budget-mobilite-sont-consacres-au-logement\/"},"wordCount":846,"publisher":{"@id":"https:\/\/www.link2fleet.com\/fr\/#organization"},"image":{"@id":"https:\/\/www.link2fleet.com\/fr\/pres-de-70-des-frais-du-pilier-2-du-budget-mobilite-sont-consacres-au-logement\/#primaryimage"},"thumbnailUrl":"https:\/\/static.link2fleet.com\/wp-content\/uploads\/2024\/03\/logement-scaled-1.jpg","articleSection":["Gestion de flotte","Tax &amp; legal"],"inLanguage":"fr-FR"},{"@type":"WebPage","@id":"https:\/\/www.link2fleet.com\/fr\/pres-de-70-des-frais-du-pilier-2-du-budget-mobilite-sont-consacres-au-logement\/","url":"https:\/\/www.link2fleet.com\/fr\/pres-de-70-des-frais-du-pilier-2-du-budget-mobilite-sont-consacres-au-logement\/","name":"Pr\u00e8s de 70 % des frais du pilier 2 du budget mobilit\u00e9 sont consacr\u00e9s au logement - link2fleet","isPartOf":{"@id":"https:\/\/www.link2fleet.com\/fr\/#website"},"primaryImageOfPage":{"@id":"https:\/\/www.link2fleet.com\/fr\/pres-de-70-des-frais-du-pilier-2-du-budget-mobilite-sont-consacres-au-logement\/#primaryimage"},"image":{"@id":"https:\/\/www.link2fleet.com\/fr\/pres-de-70-des-frais-du-pilier-2-du-budget-mobilite-sont-consacres-au-logement\/#primaryimage"},"thumbnailUrl":"https:\/\/static.link2fleet.com\/wp-content\/uploads\/2024\/03\/logement-scaled-1.jpg","datePublished":"2023-05-16T08:54:12+00:00","breadcrumb":{"@id":"https:\/\/www.link2fleet.com\/fr\/pres-de-70-des-frais-du-pilier-2-du-budget-mobilite-sont-consacres-au-logement\/#breadcrumb"},"inLanguage":"fr-FR","potentialAction":[{"@type":"ReadAction","target":["https:\/\/www.link2fleet.com\/fr\/pres-de-70-des-frais-du-pilier-2-du-budget-mobilite-sont-consacres-au-logement\/"]}]},{"@type":"ImageObject","inLanguage":"fr-FR","@id":"https:\/\/www.link2fleet.com\/fr\/pres-de-70-des-frais-du-pilier-2-du-budget-mobilite-sont-consacres-au-logement\/#primaryimage","url":"https:\/\/static.link2fleet.com\/wp-content\/uploads\/2024\/03\/logement-scaled-1.jpg","contentUrl":"https:\/\/static.link2fleet.com\/wp-content\/uploads\/2024\/03\/logement-scaled-1.jpg","width":2560,"height":1707},{"@type":"BreadcrumbList","@id":"https:\/\/www.link2fleet.com\/fr\/pres-de-70-des-frais-du-pilier-2-du-budget-mobilite-sont-consacres-au-logement\/#breadcrumb","itemListElement":[{"@type":"ListItem","position":1,"name":"Home","item":"https:\/\/www.link2fleet.com\/fr\/"},{"@type":"ListItem","position":2,"name":"Pr\u00e8s de 70 % des frais du pilier 2 du budget mobilit\u00e9 sont consacr\u00e9s au logement"}]},{"@type":"WebSite","@id":"https:\/\/www.link2fleet.com\/fr\/#website","url":"https:\/\/www.link2fleet.com\/fr\/","name":"Link2fleet","description":"","publisher":{"@id":"https:\/\/www.link2fleet.com\/fr\/#organization"},"potentialAction":[{"@type":"SearchAction","target":{"@type":"EntryPoint","urlTemplate":"https:\/\/www.link2fleet.com\/fr\/?s={search_term_string}"},"query-input":{"@type":"PropertyValueSpecification","valueRequired":true,"valueName":"search_term_string"}}],"inLanguage":"fr-FR"},{"@type":"Organization","@id":"https:\/\/www.link2fleet.com\/fr\/#organization","name":"Link2fleet","url":"https:\/\/www.link2fleet.com\/fr\/","logo":{"@type":"ImageObject","inLanguage":"fr-FR","@id":"https:\/\/www.link2fleet.com\/fr\/#\/schema\/logo\/image\/","url":"https:\/\/static.link2fleet.com\/wp-content\/uploads\/2024\/03\/share-image.jpg","contentUrl":"https:\/\/static.link2fleet.com\/wp-content\/uploads\/2024\/03\/share-image.jpg","width":1200,"height":630,"caption":"Link2fleet"},"image":{"@id":"https:\/\/www.link2fleet.com\/fr\/#\/schema\/logo\/image\/"},"sameAs":["https:\/\/www.linkedin.com\/company\/link2fleet-belgium","https:\/\/www.youtube.com\/user\/MMMBMBE"]},{"@type":"Person","@id":"https:\/\/www.link2fleet.com\/fr\/#\/schema\/person\/027cd46113c78036b3809c9a054049da","name":"Damien Malvetti","image":{"@type":"ImageObject","inLanguage":"fr-FR","@id":"https:\/\/secure.gravatar.com\/avatar\/dd8cc03b49466c735f753ac37f8caa371af16dfed347456ed61f02883255eebb?s=96&d=mm&r=g","url":"https:\/\/secure.gravatar.com\/avatar\/dd8cc03b49466c735f753ac37f8caa371af16dfed347456ed61f02883255eebb?s=96&d=mm&r=g","contentUrl":"https:\/\/secure.gravatar.com\/avatar\/dd8cc03b49466c735f753ac37f8caa371af16dfed347456ed61f02883255eebb?s=96&d=mm&r=g","caption":"Damien Malvetti"},"description":"Damien Malvetti is opgeleid als journalist en gepassioneerd door wagens, technologie en mobiliteit. Hij is verantwoordelijk voor de redactionele inhoud van link2fleet en beschikt over een uitgebreide kennis van de fleet-sector en elektrische mobiliteit.","sameAs":["https:\/\/www.linkedin.com\/in\/damien-malvetti-56601142\/"]}]}},"_links":{"self":[{"href":"https:\/\/www.link2fleet.com\/fr\/wp-json\/wp\/v2\/posts\/9535","targetHints":{"allow":["GET"]}}],"collection":[{"href":"https:\/\/www.link2fleet.com\/fr\/wp-json\/wp\/v2\/posts"}],"about":[{"href":"https:\/\/www.link2fleet.com\/fr\/wp-json\/wp\/v2\/types\/post"}],"author":[{"embeddable":true,"href":"https:\/\/www.link2fleet.com\/fr\/wp-json\/wp\/v2\/users\/4"}],"replies":[{"embeddable":true,"href":"https:\/\/www.link2fleet.com\/fr\/wp-json\/wp\/v2\/comments?post=9535"}],"version-history":[{"count":0,"href":"https:\/\/www.link2fleet.com\/fr\/wp-json\/wp\/v2\/posts\/9535\/revisions"}],"wp:featuredmedia":[{"embeddable":true,"href":"https:\/\/www.link2fleet.com\/fr\/wp-json\/wp\/v2\/media\/9536"}],"wp:attachment":[{"href":"https:\/\/www.link2fleet.com\/fr\/wp-json\/wp\/v2\/media?parent=9535"}],"wp:term":[{"taxonomy":"category","embeddable":true,"href":"https:\/\/www.link2fleet.com\/fr\/wp-json\/wp\/v2\/categories?post=9535"},{"taxonomy":"post_tag","embeddable":true,"href":"https:\/\/www.link2fleet.com\/fr\/wp-json\/wp\/v2\/tags?post=9535"}],"curies":[{"name":"wp","href":"https:\/\/api.w.org\/{rel}","templated":true}]}}